{"id":29023,"date":"2016-04-09T08:25:26","date_gmt":"2016-04-09T11:25:26","guid":{"rendered":"http:\/\/www.inclusive.org.br\/?p=29023"},"modified":"2016-04-09T08:25:26","modified_gmt":"2016-04-09T11:25:26","slug":"biblioteca-digital-zika-reune-publicacoes-do-mundo-todo","status":"publish","type":"post","link":"https:\/\/inclusivenews.com.br\/?p=29023","title":{"rendered":"Biblioteca digital Zika re\u00fane publica\u00e7\u00f5es do mundo todo"},"content":{"rendered":"<h2><\/h2>\n<div>\n<p><img loading=\"lazy\" decoding=\"async\" alt=\"grupo03-1\" src=\"http:\/\/www.arede.inf.br\/wp-content\/uploads\/2016\/03\/grupo03-1-300x215.png\" srcset=\"http:\/\/www.arede.inf.br\/wp-content\/uploads\/2016\/03\/grupo03-1-300x215.png 300x, http:\/\/www.arede.inf.br\/wp-content\/uploads\/2016\/03\/grupo03-1.png 305x\" width=\"300\" height=\"215\" \/><\/p>\n<p>O Sistema de Bibliotecas da Unicamp (SBU) lan\u00e7ou a\u00a0<a href=\"http:\/\/bdz.sbu.unicamp.br\/wp\/\" target=\"_blank\" rel=\"noopener\">Biblioteca Digital Zika (BDZ)<\/a>, plataforma aberta que oferece acesso a 200 publica\u00e7\u00f5es do mundo todo, relacionadas \u00e0s doen\u00e7as transmitidas pelo mosquito Aedes aegypt. O foco principal, que originou o desenvolvimento da plataforma, \u00e9 o zika v\u00edrus. Mas tamb\u00e9m est\u00e3o l\u00e1 informa\u00e7\u00f5es sobre os estudos da chikungunya e da dengue. A biblioteca digital foi criada, a princ\u00edpio, com o objetivo de atender aos pesquisadores da Rede Zika Unicamp, uma ideia inicial da pr\u00f3-reitoria de Pesquisa (PRP). O desenvolvimento teve a participa\u00e7\u00e3o das bibliotecas do Instituto de Qu\u00edmica (IQ), Instituto de Biologia (IB) e da Faculdade de Ci\u00eancias M\u00e9dicas (FCM).<\/p>\n<p>O conte\u00fado, segundo a coordenadora da SBU Regiane Alc\u00e2ntara Bracchi, foi estruturado de acordo com os grupos de trabalho da Rede Zika Unicamp: caracteriza\u00e7\u00e3o molecular e biol\u00f3gica, mecanismos de imunopatogenicidade, novas metodologias de diagn\u00f3stico, estrat\u00e9gias de bloqueio da transmiss\u00e3o e controle do mosquito e epidemiologia, imunologia e repercuss\u00f5es cl\u00ednicas. Os coordenadores de cada grupo validaram palavras-chave para a busca por publica\u00e7\u00f5es. A pr\u00f3-reitora de Pesquisa, professora Gl\u00e1ucia Maria Pastore, disse que a import\u00e2ncia da BDZ \u00e9 enorme, \u201cpois permite que as pessoas possam acessar as mais recentes publica\u00e7\u00f5es sobre o tema e assuntos tangentes a ele\u201d. Ela acrescenta que \u201cde forma muito r\u00e1pida, os pesquisadores t\u00eam acesso a uma s\u00e9rie de informac\u00f5es, sem que eles necessitem buscar de forma individual e todos que comp\u00f5em a rede Zika podem ter dispon\u00edveis informa\u00e7\u00f5es de todos os aspectos deste grande e complexo estudo\u201d.<\/p>\n<p>\u201cO diferencial dessa biblioteca digital \u00e9 que ela re\u00fane todas as publica\u00e7\u00f5es em uma \u00fanica plataforma, ent\u00e3o o pesquisador n\u00e3o vai precisar entrar em todas as bases de dados para pesquisar sobre o tema\u201d, afirma o diretor de gest\u00e3o de recursos da SBU M\u00e1rcio Souza Martins. A busca por palavras-chave validadas por pesquisadores da \u00e1rea tamb\u00e9m torna a biblioteca bastante espec\u00edfica e t\u00e9cnica. M\u00e1rcio, Regiane, a diretora da tecnologia da informa\u00e7\u00e3o Daniela Feij\u00f3 Sim\u00f5es, o diretor de tratamento da informa\u00e7\u00e3o Oscar Eliel e a bibliotec\u00e1ria Michele Lebre de Marco comp\u00f5em a equipe que desenvolveu em tempo recorde de duas semanas a Biblioteca Digital Zika.<\/p>\n<p>\u201cA BDZ \u00e9 uma plataforma digital de informa\u00e7\u00f5es que abrange todos os aspectos cient\u00edficos relacionados ao assunto. Por se tratar de um v\u00edrus pouco conhecido e com alto potencial de propaga\u00e7\u00e3o, existe atualmente uma grande prolifera\u00e7\u00e3o de iniciativas de pesquisas do v\u00edrus Zika, em todo o mundo. Isto resulta numa igual prolifera\u00e7\u00e3o de artigos cient\u00edficos, livros, relat\u00f3rios e not\u00edcias, divulgadas em v\u00e1rios tipos de m\u00eddia. A BDZ tem por objetivo coletar e disponibilizar essa vasta gama de informa\u00e7\u00f5es em um \u00fanico s\u00edtio eletr\u00f4nico, resultando em grande economia de tempo aos pesquisadores que necessitam dessas informa\u00e7\u00f5es para dar suporte \u00e0s suas pesquisas\u201d, afirma o coordenador geral da Unicamp, professor Alvaro Penteado Cr\u00f3sta.<\/p>\n<p>Regiane salienta que a equipe da SBU procurou as informa\u00e7\u00f5es mais relevantes nas fontes de pesquisa, entre elas as principais bases de dados de produ\u00e7\u00e3o cient\u00edfica existentes no mundo na \u00e1rea de sa\u00fade. A plataforma tamb\u00e9m funciona como um portal, \u00e0 medida que apresenta dados sobre fontes de financiamento, an\u00e1lises da produ\u00e7\u00e3o cient\u00edfica, v\u00eddeos e not\u00edcias sobre o assunto. Embora a plataforma seja aberta, ou seja, pode ser acessada por qualquer pessoa pela internet, alguns conte\u00fados que s\u00e3o de bases de dados com assinatura Unicamp, podem ser restritos aos computadores com IP Universidade. \u201cNesse caso, como n\u00f3s mantemos um chat com um bibliotec\u00e1rio, podemos estudar a disponibiliza\u00e7\u00e3o para o interessado\u201d, ressalta Regiane.<\/p>\n<p>Desde o dia 14 de mar\u00e7o, quando a BDZ foi colocada no ar, importantes institui\u00e7\u00f5es j\u00e1 acessaram seus conte\u00fados. Foram mais de mil acessos nesse per\u00edodo, destacando que ainda n\u00e3o havia sido feita a divulga\u00e7\u00e3o da Biblioteca. Acesse a BDZ. (<em>Assessoria de imprensa<\/em>)<\/p>\n<\/div>\n","protected":false},"excerpt":{"rendered":"<p>Plataforma online aberta ao p\u00fablico foi criada para atender pesquisadores da Rede Zika UNICAMP.<\/p>\n","protected":false},"author":1,"featured_media":0,"comment_status":"open","ping_status":"open","sticky":false,"template":"","format":"standard","meta":{"site-container-style":"default","site-container-layout":"default","site-sidebar-layout":"default","disable-article-header":"default","disable-site-header":"default","disable-site-footer":"default","disable-content-area-spacing":"default","footnotes":""},"categories":[38,359,37],"tags":[],"class_list":["post-29023","post","type-post","status-publish","format-standard","hentry","category-deficiencia","category-microcefalia","category-saude"],"yoast_head":"<!-- This site is optimized with the Yoast SEO plugin v27.4 - https:\/\/yoast.com\/product\/yoast-seo-wordpress\/ -->\n<title>Biblioteca digital Zika re\u00fane publica\u00e7\u00f5es do mundo todo -<\/title>\n<meta name=\"robots\" content=\"index, follow, max-snippet:-1, max-image-preview:large, max-video-preview:-1\" \/>\n<link rel=\"canonical\" href=\"https:\/\/inclusivenews.com.br\/?p=29023\" \/>\n<meta property=\"og:locale\" content=\"pt_PT\" \/>\n<meta property=\"og:type\" content=\"article\" \/>\n<meta property=\"og:title\" content=\"Biblioteca digital Zika re\u00fane publica\u00e7\u00f5es do mundo todo -\" \/>\n<meta property=\"og:description\" content=\"Plataforma online aberta ao p\u00fablico foi criada para atender pesquisadores da Rede Zika UNICAMP.\" \/>\n<meta property=\"og:url\" content=\"https:\/\/inclusivenews.com.br\/?p=29023\" \/>\n<meta property=\"article:publisher\" content=\"https:\/\/www.facebook.com\/agenciainclusive\/\" \/>\n<meta property=\"article:published_time\" content=\"2016-04-09T11:25:26+00:00\" \/>\n<meta property=\"og:image\" content=\"http:\/\/www.arede.inf.br\/wp-content\/uploads\/2016\/03\/grupo03-1-300x215.png\" \/>\n<meta name=\"author\" content=\"inclusivenews2024\" \/>\n<meta name=\"twitter:card\" content=\"summary_large_image\" \/>\n<meta name=\"twitter:label1\" content=\"Escrito por\" \/>\n\t<meta name=\"twitter:data1\" content=\"inclusivenews2024\" \/>\n\t<meta name=\"twitter:label2\" content=\"Tempo estimado de leitura\" \/>\n\t<meta name=\"twitter:data2\" content=\"3 minutos\" \/>\n<script type=\"application\/ld+json\" class=\"yoast-schema-graph\">{\"@context\":\"https:\\\/\\\/schema.org\",\"@graph\":[{\"@type\":\"Article\",\"@id\":\"https:\\\/\\\/inclusivenews.com.br\\\/?p=29023#article\",\"isPartOf\":{\"@id\":\"https:\\\/\\\/inclusivenews.com.br\\\/?p=29023\"},\"author\":{\"name\":\"inclusivenews2024\",\"@id\":\"https:\\\/\\\/inclusivenews.com.br\\\/#\\\/schema\\\/person\\\/ae4ec7087559b8692fb33b6fffd2273b\"},\"headline\":\"Biblioteca digital Zika re\u00fane publica\u00e7\u00f5es do mundo todo\",\"datePublished\":\"2016-04-09T11:25:26+00:00\",\"mainEntityOfPage\":{\"@id\":\"https:\\\/\\\/inclusivenews.com.br\\\/?p=29023\"},\"wordCount\":707,\"commentCount\":1,\"publisher\":{\"@id\":\"https:\\\/\\\/inclusivenews.com.br\\\/#organization\"},\"image\":{\"@id\":\"https:\\\/\\\/inclusivenews.com.br\\\/?p=29023#primaryimage\"},\"thumbnailUrl\":\"http:\\\/\\\/www.arede.inf.br\\\/wp-content\\\/uploads\\\/2016\\\/03\\\/grupo03-1-300x215.png\",\"articleSection\":[\"Defici\u00eancia\",\"Microcefalia\",\"Sa\u00fade\"],\"inLanguage\":\"pt-PT\",\"potentialAction\":[{\"@type\":\"CommentAction\",\"name\":\"Comment\",\"target\":[\"https:\\\/\\\/inclusivenews.com.br\\\/?p=29023#respond\"]}]},{\"@type\":\"WebPage\",\"@id\":\"https:\\\/\\\/inclusivenews.com.br\\\/?p=29023\",\"url\":\"https:\\\/\\\/inclusivenews.com.br\\\/?p=29023\",\"name\":\"Biblioteca digital Zika re\u00fane publica\u00e7\u00f5es do mundo todo -\",\"isPartOf\":{\"@id\":\"https:\\\/\\\/inclusivenews.com.br\\\/#website\"},\"primaryImageOfPage\":{\"@id\":\"https:\\\/\\\/inclusivenews.com.br\\\/?p=29023#primaryimage\"},\"image\":{\"@id\":\"https:\\\/\\\/inclusivenews.com.br\\\/?p=29023#primaryimage\"},\"thumbnailUrl\":\"http:\\\/\\\/www.arede.inf.br\\\/wp-content\\\/uploads\\\/2016\\\/03\\\/grupo03-1-300x215.png\",\"datePublished\":\"2016-04-09T11:25:26+00:00\",\"breadcrumb\":{\"@id\":\"https:\\\/\\\/inclusivenews.com.br\\\/?p=29023#breadcrumb\"},\"inLanguage\":\"pt-PT\",\"potentialAction\":[{\"@type\":\"ReadAction\",\"target\":[\"https:\\\/\\\/inclusivenews.com.br\\\/?p=29023\"]}]},{\"@type\":\"ImageObject\",\"inLanguage\":\"pt-PT\",\"@id\":\"https:\\\/\\\/inclusivenews.com.br\\\/?p=29023#primaryimage\",\"url\":\"http:\\\/\\\/www.arede.inf.br\\\/wp-content\\\/uploads\\\/2016\\\/03\\\/grupo03-1-300x215.png\",\"contentUrl\":\"http:\\\/\\\/www.arede.inf.br\\\/wp-content\\\/uploads\\\/2016\\\/03\\\/grupo03-1-300x215.png\"},{\"@type\":\"BreadcrumbList\",\"@id\":\"https:\\\/\\\/inclusivenews.com.br\\\/?p=29023#breadcrumb\",\"itemListElement\":[{\"@type\":\"ListItem\",\"position\":1,\"name\":\"In\u00edcio\",\"item\":\"https:\\\/\\\/inclusivenews.com.br\\\/\"},{\"@type\":\"ListItem\",\"position\":2,\"name\":\"Biblioteca digital Zika re\u00fane publica\u00e7\u00f5es do mundo todo\"}]},{\"@type\":\"WebSite\",\"@id\":\"https:\\\/\\\/inclusivenews.com.br\\\/#website\",\"url\":\"https:\\\/\\\/inclusivenews.com.br\\\/\",\"name\":\"Inclusive News\",\"description\":\"Inclusive News\",\"publisher\":{\"@id\":\"https:\\\/\\\/inclusivenews.com.br\\\/#organization\"},\"potentialAction\":[{\"@type\":\"SearchAction\",\"target\":{\"@type\":\"EntryPoint\",\"urlTemplate\":\"https:\\\/\\\/inclusivenews.com.br\\\/?s={search_term_string}\"},\"query-input\":{\"@type\":\"PropertyValueSpecification\",\"valueRequired\":true,\"valueName\":\"search_term_string\"}}],\"inLanguage\":\"pt-PT\"},{\"@type\":\"Organization\",\"@id\":\"https:\\\/\\\/inclusivenews.com.br\\\/#organization\",\"name\":\"Inclusive - inclus\u00e3o e cidadania\",\"url\":\"https:\\\/\\\/inclusivenews.com.br\\\/\",\"logo\":{\"@type\":\"ImageObject\",\"inLanguage\":\"pt-PT\",\"@id\":\"https:\\\/\\\/inclusivenews.com.br\\\/#\\\/schema\\\/logo\\\/image\\\/\",\"url\":\"https:\\\/\\\/inclusivenews.com.br\\\/wp-content\\\/uploads\\\/2024\\\/03\\\/@grandesite.png\",\"contentUrl\":\"https:\\\/\\\/inclusivenews.com.br\\\/wp-content\\\/uploads\\\/2024\\\/03\\\/@grandesite.png\",\"width\":1080,\"height\":1080,\"caption\":\"Inclusive - inclus\u00e3o e cidadania\"},\"image\":{\"@id\":\"https:\\\/\\\/inclusivenews.com.br\\\/#\\\/schema\\\/logo\\\/image\\\/\"},\"sameAs\":[\"https:\\\/\\\/www.facebook.com\\\/agenciainclusive\\\/\",\"https:\\\/\\\/www.instagram.com\\\/newsinclusive\\\/\"]},{\"@type\":\"Person\",\"@id\":\"https:\\\/\\\/inclusivenews.com.br\\\/#\\\/schema\\\/person\\\/ae4ec7087559b8692fb33b6fffd2273b\",\"name\":\"inclusivenews2024\",\"image\":{\"@type\":\"ImageObject\",\"inLanguage\":\"pt-PT\",\"@id\":\"https:\\\/\\\/secure.gravatar.com\\\/avatar\\\/c5a7ef84c66fa914f55bc4f7ce26cfa275a3b9a1c5568b907bd184fb4dde7b40?s=96&d=mm&r=g\",\"url\":\"https:\\\/\\\/secure.gravatar.com\\\/avatar\\\/c5a7ef84c66fa914f55bc4f7ce26cfa275a3b9a1c5568b907bd184fb4dde7b40?s=96&d=mm&r=g\",\"contentUrl\":\"https:\\\/\\\/secure.gravatar.com\\\/avatar\\\/c5a7ef84c66fa914f55bc4f7ce26cfa275a3b9a1c5568b907bd184fb4dde7b40?s=96&d=mm&r=g\",\"caption\":\"inclusivenews2024\"},\"sameAs\":[\"https:\\\/\\\/inclusivenews.com.br\"],\"url\":\"https:\\\/\\\/inclusivenews.com.br\\\/?author=1\"}]}<\/script>\n<!-- \/ Yoast SEO plugin. -->","yoast_head_json":{"title":"Biblioteca digital Zika re\u00fane publica\u00e7\u00f5es do mundo todo -","robots":{"index":"index","follow":"follow","max-snippet":"max-snippet:-1","max-image-preview":"max-image-preview:large","max-video-preview":"max-video-preview:-1"},"canonical":"https:\/\/inclusivenews.com.br\/?p=29023","og_locale":"pt_PT","og_type":"article","og_title":"Biblioteca digital Zika re\u00fane publica\u00e7\u00f5es do mundo todo -","og_description":"Plataforma online aberta ao p\u00fablico foi criada para atender pesquisadores da Rede Zika UNICAMP.","og_url":"https:\/\/inclusivenews.com.br\/?p=29023","article_publisher":"https:\/\/www.facebook.com\/agenciainclusive\/","article_published_time":"2016-04-09T11:25:26+00:00","og_image":[{"url":"http:\/\/www.arede.inf.br\/wp-content\/uploads\/2016\/03\/grupo03-1-300x215.png","type":"","width":"","height":""}],"author":"inclusivenews2024","twitter_card":"summary_large_image","twitter_misc":{"Escrito por":"inclusivenews2024","Tempo estimado de leitura":"3 minutos"},"schema":{"@context":"https:\/\/schema.org","@graph":[{"@type":"Article","@id":"https:\/\/inclusivenews.com.br\/?p=29023#article","isPartOf":{"@id":"https:\/\/inclusivenews.com.br\/?p=29023"},"author":{"name":"inclusivenews2024","@id":"https:\/\/inclusivenews.com.br\/#\/schema\/person\/ae4ec7087559b8692fb33b6fffd2273b"},"headline":"Biblioteca digital Zika re\u00fane publica\u00e7\u00f5es do mundo todo","datePublished":"2016-04-09T11:25:26+00:00","mainEntityOfPage":{"@id":"https:\/\/inclusivenews.com.br\/?p=29023"},"wordCount":707,"commentCount":1,"publisher":{"@id":"https:\/\/inclusivenews.com.br\/#organization"},"image":{"@id":"https:\/\/inclusivenews.com.br\/?p=29023#primaryimage"},"thumbnailUrl":"http:\/\/www.arede.inf.br\/wp-content\/uploads\/2016\/03\/grupo03-1-300x215.png","articleSection":["Defici\u00eancia","Microcefalia","Sa\u00fade"],"inLanguage":"pt-PT","potentialAction":[{"@type":"CommentAction","name":"Comment","target":["https:\/\/inclusivenews.com.br\/?p=29023#respond"]}]},{"@type":"WebPage","@id":"https:\/\/inclusivenews.com.br\/?p=29023","url":"https:\/\/inclusivenews.com.br\/?p=29023","name":"Biblioteca digital Zika re\u00fane publica\u00e7\u00f5es do mundo todo -","isPartOf":{"@id":"https:\/\/inclusivenews.com.br\/#website"},"primaryImageOfPage":{"@id":"https:\/\/inclusivenews.com.br\/?p=29023#primaryimage"},"image":{"@id":"https:\/\/inclusivenews.com.br\/?p=29023#primaryimage"},"thumbnailUrl":"http:\/\/www.arede.inf.br\/wp-content\/uploads\/2016\/03\/grupo03-1-300x215.png","datePublished":"2016-04-09T11:25:26+00:00","breadcrumb":{"@id":"https:\/\/inclusivenews.com.br\/?p=29023#breadcrumb"},"inLanguage":"pt-PT","potentialAction":[{"@type":"ReadAction","target":["https:\/\/inclusivenews.com.br\/?p=29023"]}]},{"@type":"ImageObject","inLanguage":"pt-PT","@id":"https:\/\/inclusivenews.com.br\/?p=29023#primaryimage","url":"http:\/\/www.arede.inf.br\/wp-content\/uploads\/2016\/03\/grupo03-1-300x215.png","contentUrl":"http:\/\/www.arede.inf.br\/wp-content\/uploads\/2016\/03\/grupo03-1-300x215.png"},{"@type":"BreadcrumbList","@id":"https:\/\/inclusivenews.com.br\/?p=29023#breadcrumb","itemListElement":[{"@type":"ListItem","position":1,"name":"In\u00edcio","item":"https:\/\/inclusivenews.com.br\/"},{"@type":"ListItem","position":2,"name":"Biblioteca digital Zika re\u00fane publica\u00e7\u00f5es do mundo todo"}]},{"@type":"WebSite","@id":"https:\/\/inclusivenews.com.br\/#website","url":"https:\/\/inclusivenews.com.br\/","name":"Inclusive News","description":"Inclusive News","publisher":{"@id":"https:\/\/inclusivenews.com.br\/#organization"},"potentialAction":[{"@type":"SearchAction","target":{"@type":"EntryPoint","urlTemplate":"https:\/\/inclusivenews.com.br\/?s={search_term_string}"},"query-input":{"@type":"PropertyValueSpecification","valueRequired":true,"valueName":"search_term_string"}}],"inLanguage":"pt-PT"},{"@type":"Organization","@id":"https:\/\/inclusivenews.com.br\/#organization","name":"Inclusive - inclus\u00e3o e cidadania","url":"https:\/\/inclusivenews.com.br\/","logo":{"@type":"ImageObject","inLanguage":"pt-PT","@id":"https:\/\/inclusivenews.com.br\/#\/schema\/logo\/image\/","url":"https:\/\/inclusivenews.com.br\/wp-content\/uploads\/2024\/03\/@grandesite.png","contentUrl":"https:\/\/inclusivenews.com.br\/wp-content\/uploads\/2024\/03\/@grandesite.png","width":1080,"height":1080,"caption":"Inclusive - inclus\u00e3o e cidadania"},"image":{"@id":"https:\/\/inclusivenews.com.br\/#\/schema\/logo\/image\/"},"sameAs":["https:\/\/www.facebook.com\/agenciainclusive\/","https:\/\/www.instagram.com\/newsinclusive\/"]},{"@type":"Person","@id":"https:\/\/inclusivenews.com.br\/#\/schema\/person\/ae4ec7087559b8692fb33b6fffd2273b","name":"inclusivenews2024","image":{"@type":"ImageObject","inLanguage":"pt-PT","@id":"https:\/\/secure.gravatar.com\/avatar\/c5a7ef84c66fa914f55bc4f7ce26cfa275a3b9a1c5568b907bd184fb4dde7b40?s=96&d=mm&r=g","url":"https:\/\/secure.gravatar.com\/avatar\/c5a7ef84c66fa914f55bc4f7ce26cfa275a3b9a1c5568b907bd184fb4dde7b40?s=96&d=mm&r=g","contentUrl":"https:\/\/secure.gravatar.com\/avatar\/c5a7ef84c66fa914f55bc4f7ce26cfa275a3b9a1c5568b907bd184fb4dde7b40?s=96&d=mm&r=g","caption":"inclusivenews2024"},"sameAs":["https:\/\/inclusivenews.com.br"],"url":"https:\/\/inclusivenews.com.br\/?author=1"}]}},"_links":{"self":[{"href":"https:\/\/inclusivenews.com.br\/index.php?rest_route=\/wp\/v2\/posts\/29023","targetHints":{"allow":["GET"]}}],"collection":[{"href":"https:\/\/inclusivenews.com.br\/index.php?rest_route=\/wp\/v2\/posts"}],"about":[{"href":"https:\/\/inclusivenews.com.br\/index.php?rest_route=\/wp\/v2\/types\/post"}],"author":[{"embeddable":true,"href":"https:\/\/inclusivenews.com.br\/index.php?rest_route=\/wp\/v2\/users\/1"}],"replies":[{"embeddable":true,"href":"https:\/\/inclusivenews.com.br\/index.php?rest_route=%2Fwp%2Fv2%2Fcomments&post=29023"}],"version-history":[{"count":0,"href":"https:\/\/inclusivenews.com.br\/index.php?rest_route=\/wp\/v2\/posts\/29023\/revisions"}],"wp:attachment":[{"href":"https:\/\/inclusivenews.com.br\/index.php?rest_route=%2Fwp%2Fv2%2Fmedia&parent=29023"}],"wp:term":[{"taxonomy":"category","embeddable":true,"href":"https:\/\/inclusivenews.com.br\/index.php?rest_route=%2Fwp%2Fv2%2Fcategories&post=29023"},{"taxonomy":"post_tag","embeddable":true,"href":"https:\/\/inclusivenews.com.br\/index.php?rest_route=%2Fwp%2Fv2%2Ftags&post=29023"}],"curies":[{"name":"wp","href":"https:\/\/api.w.org\/{rel}","templated":true}]}}