{"id":29027,"date":"2016-04-09T08:31:17","date_gmt":"2016-04-09T11:31:17","guid":{"rendered":"http:\/\/www.inclusive.org.br\/?p=29027"},"modified":"2016-04-09T08:31:17","modified_gmt":"2016-04-09T11:31:17","slug":"i-congresso-nacional-sobre-microcefalia-acontecera-em-maio-e-sera-100-online-e-gratuito","status":"publish","type":"post","link":"https:\/\/inclusivenews.com.br\/?p=29027","title":{"rendered":"I Congresso Nacional Sobre Microcefalia acontecer\u00e1 em maio e ser\u00e1 100% ONLINE e GRATUITO"},"content":{"rendered":"<p>As inscri\u00e7\u00f5es para o\u00a0<strong>I Congresso Nacional de Microcefalia<\/strong>\u00a0est\u00e3o sendo realizadas\u00a0atrav\u00e9s da p\u00e1gina\u00a0<a href=\"http:\/\/www.congressomicrocefalia.com.br\/\" target=\"_blank\" rel=\"noopener\">www.congressomicrocefalia.com.br<\/a>. Neste endere\u00e7o, os\u00a0participantes far\u00e3o seu cadastro utilizando o seu melhor e-mail. Uma vez\u00a0cadastrado e confirmada a inscri\u00e7\u00e3o o participante passar\u00e1 a receber\u00a0todas as informa\u00e7\u00f5es sobre o congresso no endere\u00e7o de e-mail cadastrado. Nesta\u00a0ocasi\u00e3o os participantes receber\u00e3o tamb\u00e9m um E-book contendo informa\u00e7\u00f5es\u00a0b\u00e1sicas sobre a Microcefalia.<\/p>\n<p>Outro meio importante de comunica\u00e7\u00e3o com os participantes ser\u00e1 a fanpage do\u00a0evento:\u00a0<a href=\"http:\/\/facebook.com\/congressonacionaldemicrocefalia\" target=\"_blank\" rel=\"noopener\">facebook.com\/congressonacionaldemicrocefalia<\/a>.<\/p>\n<p>Ser\u00e1 emitido\u00a0<strong>certificado<\/strong>\u00a0com carga hor\u00e1ria de 30 horas.<\/p>\n<p>A\u00a0<strong>programa\u00e7\u00e3o do evento<\/strong>\u00a0ser\u00e1 disponibilizada a partir do dia 15\/04\/2016.<img loading=\"lazy\" decoding=\"async\" class=\"alignnone  wp-image-29028\" alt=\"poster do congresso. informa\u00e7\u00f5es no corpo do texto.\" src=\"http:\/\/inclusivenews.com.br\/wp-content\/uploads\/congresso-micro.jpg\" width=\"511\" height=\"189\" \/><\/p>\n<h4>Sobre o NANAP (N\u00facleo de Avalia\u00e7\u00e3o Neuropsicol\u00f3gica e Acompanhamento Psicoterap\u00eautico)<\/h4>\n<p>Inaugurado em 2000, o NANAP tem se dedicado \u00e0 avalia\u00e7\u00e3o neuropsicol\u00f3gica e ao acompanhamento psicoterap\u00eautico de crian\u00e7as, adolescentes, adultos e idosos.\u00a0Como um centro de estudos e pesquisa, tem contribu\u00eddo tamb\u00e9m com a forma\u00e7\u00e3o de profissionais de Psicologia e de Educa\u00e7\u00e3o, atrav\u00e9s da oferta de grupos de estudo no campo da Psicoterapia e da Avalia\u00e7\u00e3o (Neuro)Psicol\u00f3gica, bem como da Forma\u00e7\u00e3o de Professores e Assessoria Escolar, envolvendo quest\u00f5es relacionadas \u00e0s dificuldades\/transtornos de aprendizagem e ao (neuro)desenvolvimento infantil.<\/p>\n<p>Leia mais:\u00a0<a href=\"http:\/\/www.nanap.com.br\/?utm_source=copy&amp;utm_medium=paste&amp;utm_campaign=copypaste&amp;utm_content=http%3A%2F%2Fwww.nanap.com.br%2F\">http:\/\/www.nanap.com.br\/<\/a><\/p>\n<p>&#8211; See more at: http:\/\/abenfoms.com.br\/i-congresso-nacional-sobre-microcefalia-acontecera-em-maio-e-sera-100-online-e-gratuito\/#sthash.xR8OG8yQ.dpuf<\/p>\n","protected":false},"excerpt":{"rendered":"<p>As inscri\u00e7\u00f5es para o I Congresso Nacional de Microcefalia est\u00e3o sendo realizadas atrav\u00e9s da p\u00e1gina www.congressomicrocefalia.com.br<\/p>\n","protected":false},"author":1,"featured_media":0,"comment_status":"open","ping_status":"open","sticky":false,"template":"","format":"standard","meta":{"site-container-style":"default","site-container-layout":"default","site-sidebar-layout":"default","disable-article-header":"default","disable-site-header":"default","disable-site-footer":"default","disable-content-area-spacing":"default","footnotes":""},"categories":[38,359,37],"tags":[],"class_list":["post-29027","post","type-post","status-publish","format-standard","hentry","category-deficiencia","category-microcefalia","category-saude"],"yoast_head":"<!-- This site is optimized with the Yoast SEO plugin v27.4 - https:\/\/yoast.com\/product\/yoast-seo-wordpress\/ -->\n<title>I Congresso Nacional Sobre Microcefalia acontecer\u00e1 em maio e ser\u00e1 100% ONLINE e GRATUITO -<\/title>\n<meta name=\"robots\" content=\"index, follow, max-snippet:-1, max-image-preview:large, max-video-preview:-1\" \/>\n<link rel=\"canonical\" href=\"https:\/\/inclusivenews.com.br\/?p=29027\" \/>\n<meta property=\"og:locale\" content=\"pt_PT\" \/>\n<meta property=\"og:type\" content=\"article\" \/>\n<meta property=\"og:title\" content=\"I Congresso Nacional Sobre Microcefalia acontecer\u00e1 em maio e ser\u00e1 100% ONLINE e GRATUITO -\" \/>\n<meta property=\"og:description\" content=\"As inscri\u00e7\u00f5es para o I Congresso Nacional de Microcefalia est\u00e3o sendo realizadas atrav\u00e9s da p\u00e1gina www.congressomicrocefalia.com.br\" \/>\n<meta property=\"og:url\" content=\"https:\/\/inclusivenews.com.br\/?p=29027\" \/>\n<meta property=\"article:publisher\" content=\"https:\/\/www.facebook.com\/agenciainclusive\/\" \/>\n<meta property=\"article:published_time\" content=\"2016-04-09T11:31:17+00:00\" \/>\n<meta property=\"og:image\" content=\"http:\/\/inclusivenews.com.br\/wp-content\/uploads\/congresso-micro.jpg\" \/>\n<meta name=\"author\" content=\"inclusivenews2024\" \/>\n<meta name=\"twitter:card\" content=\"summary_large_image\" \/>\n<meta name=\"twitter:label1\" content=\"Escrito por\" \/>\n\t<meta name=\"twitter:data1\" content=\"inclusivenews2024\" \/>\n\t<meta name=\"twitter:label2\" content=\"Tempo estimado de leitura\" \/>\n\t<meta name=\"twitter:data2\" content=\"1 minuto\" \/>\n<script type=\"application\/ld+json\" class=\"yoast-schema-graph\">{\"@context\":\"https:\\\/\\\/schema.org\",\"@graph\":[{\"@type\":\"Article\",\"@id\":\"https:\\\/\\\/inclusivenews.com.br\\\/?p=29027#article\",\"isPartOf\":{\"@id\":\"https:\\\/\\\/inclusivenews.com.br\\\/?p=29027\"},\"author\":{\"name\":\"inclusivenews2024\",\"@id\":\"https:\\\/\\\/inclusivenews.com.br\\\/#\\\/schema\\\/person\\\/ae4ec7087559b8692fb33b6fffd2273b\"},\"headline\":\"I Congresso Nacional Sobre Microcefalia acontecer\u00e1 em maio e ser\u00e1 100% ONLINE e GRATUITO\",\"datePublished\":\"2016-04-09T11:31:17+00:00\",\"mainEntityOfPage\":{\"@id\":\"https:\\\/\\\/inclusivenews.com.br\\\/?p=29027\"},\"wordCount\":258,\"commentCount\":1,\"publisher\":{\"@id\":\"https:\\\/\\\/inclusivenews.com.br\\\/#organization\"},\"image\":{\"@id\":\"https:\\\/\\\/inclusivenews.com.br\\\/?p=29027#primaryimage\"},\"thumbnailUrl\":\"http:\\\/\\\/inclusivenews.com.br\\\/wp-content\\\/uploads\\\/congresso-micro.jpg\",\"articleSection\":[\"Defici\u00eancia\",\"Microcefalia\",\"Sa\u00fade\"],\"inLanguage\":\"pt-PT\",\"potentialAction\":[{\"@type\":\"CommentAction\",\"name\":\"Comment\",\"target\":[\"https:\\\/\\\/inclusivenews.com.br\\\/?p=29027#respond\"]}]},{\"@type\":\"WebPage\",\"@id\":\"https:\\\/\\\/inclusivenews.com.br\\\/?p=29027\",\"url\":\"https:\\\/\\\/inclusivenews.com.br\\\/?p=29027\",\"name\":\"I Congresso Nacional Sobre Microcefalia acontecer\u00e1 em maio e ser\u00e1 100% ONLINE e GRATUITO -\",\"isPartOf\":{\"@id\":\"https:\\\/\\\/inclusivenews.com.br\\\/#website\"},\"primaryImageOfPage\":{\"@id\":\"https:\\\/\\\/inclusivenews.com.br\\\/?p=29027#primaryimage\"},\"image\":{\"@id\":\"https:\\\/\\\/inclusivenews.com.br\\\/?p=29027#primaryimage\"},\"thumbnailUrl\":\"http:\\\/\\\/inclusivenews.com.br\\\/wp-content\\\/uploads\\\/congresso-micro.jpg\",\"datePublished\":\"2016-04-09T11:31:17+00:00\",\"breadcrumb\":{\"@id\":\"https:\\\/\\\/inclusivenews.com.br\\\/?p=29027#breadcrumb\"},\"inLanguage\":\"pt-PT\",\"potentialAction\":[{\"@type\":\"ReadAction\",\"target\":[\"https:\\\/\\\/inclusivenews.com.br\\\/?p=29027\"]}]},{\"@type\":\"ImageObject\",\"inLanguage\":\"pt-PT\",\"@id\":\"https:\\\/\\\/inclusivenews.com.br\\\/?p=29027#primaryimage\",\"url\":\"\",\"contentUrl\":\"\"},{\"@type\":\"BreadcrumbList\",\"@id\":\"https:\\\/\\\/inclusivenews.com.br\\\/?p=29027#breadcrumb\",\"itemListElement\":[{\"@type\":\"ListItem\",\"position\":1,\"name\":\"In\u00edcio\",\"item\":\"https:\\\/\\\/inclusivenews.com.br\\\/\"},{\"@type\":\"ListItem\",\"position\":2,\"name\":\"I Congresso Nacional Sobre Microcefalia acontecer\u00e1 em maio e ser\u00e1 100% ONLINE e GRATUITO\"}]},{\"@type\":\"WebSite\",\"@id\":\"https:\\\/\\\/inclusivenews.com.br\\\/#website\",\"url\":\"https:\\\/\\\/inclusivenews.com.br\\\/\",\"name\":\"Inclusive News\",\"description\":\"Inclusive News\",\"publisher\":{\"@id\":\"https:\\\/\\\/inclusivenews.com.br\\\/#organization\"},\"potentialAction\":[{\"@type\":\"SearchAction\",\"target\":{\"@type\":\"EntryPoint\",\"urlTemplate\":\"https:\\\/\\\/inclusivenews.com.br\\\/?s={search_term_string}\"},\"query-input\":{\"@type\":\"PropertyValueSpecification\",\"valueRequired\":true,\"valueName\":\"search_term_string\"}}],\"inLanguage\":\"pt-PT\"},{\"@type\":\"Organization\",\"@id\":\"https:\\\/\\\/inclusivenews.com.br\\\/#organization\",\"name\":\"Inclusive - inclus\u00e3o e cidadania\",\"url\":\"https:\\\/\\\/inclusivenews.com.br\\\/\",\"logo\":{\"@type\":\"ImageObject\",\"inLanguage\":\"pt-PT\",\"@id\":\"https:\\\/\\\/inclusivenews.com.br\\\/#\\\/schema\\\/logo\\\/image\\\/\",\"url\":\"https:\\\/\\\/inclusivenews.com.br\\\/wp-content\\\/uploads\\\/2024\\\/03\\\/@grandesite.png\",\"contentUrl\":\"https:\\\/\\\/inclusivenews.com.br\\\/wp-content\\\/uploads\\\/2024\\\/03\\\/@grandesite.png\",\"width\":1080,\"height\":1080,\"caption\":\"Inclusive - inclus\u00e3o e cidadania\"},\"image\":{\"@id\":\"https:\\\/\\\/inclusivenews.com.br\\\/#\\\/schema\\\/logo\\\/image\\\/\"},\"sameAs\":[\"https:\\\/\\\/www.facebook.com\\\/agenciainclusive\\\/\",\"https:\\\/\\\/www.instagram.com\\\/newsinclusive\\\/\"]},{\"@type\":\"Person\",\"@id\":\"https:\\\/\\\/inclusivenews.com.br\\\/#\\\/schema\\\/person\\\/ae4ec7087559b8692fb33b6fffd2273b\",\"name\":\"inclusivenews2024\",\"image\":{\"@type\":\"ImageObject\",\"inLanguage\":\"pt-PT\",\"@id\":\"https:\\\/\\\/secure.gravatar.com\\\/avatar\\\/c5a7ef84c66fa914f55bc4f7ce26cfa275a3b9a1c5568b907bd184fb4dde7b40?s=96&d=mm&r=g\",\"url\":\"https:\\\/\\\/secure.gravatar.com\\\/avatar\\\/c5a7ef84c66fa914f55bc4f7ce26cfa275a3b9a1c5568b907bd184fb4dde7b40?s=96&d=mm&r=g\",\"contentUrl\":\"https:\\\/\\\/secure.gravatar.com\\\/avatar\\\/c5a7ef84c66fa914f55bc4f7ce26cfa275a3b9a1c5568b907bd184fb4dde7b40?s=96&d=mm&r=g\",\"caption\":\"inclusivenews2024\"},\"sameAs\":[\"https:\\\/\\\/inclusivenews.com.br\"],\"url\":\"https:\\\/\\\/inclusivenews.com.br\\\/?author=1\"}]}<\/script>\n<!-- \/ Yoast SEO plugin. -->","yoast_head_json":{"title":"I Congresso Nacional Sobre Microcefalia acontecer\u00e1 em maio e ser\u00e1 100% ONLINE e GRATUITO -","robots":{"index":"index","follow":"follow","max-snippet":"max-snippet:-1","max-image-preview":"max-image-preview:large","max-video-preview":"max-video-preview:-1"},"canonical":"https:\/\/inclusivenews.com.br\/?p=29027","og_locale":"pt_PT","og_type":"article","og_title":"I Congresso Nacional Sobre Microcefalia acontecer\u00e1 em maio e ser\u00e1 100% ONLINE e GRATUITO -","og_description":"As inscri\u00e7\u00f5es para o I Congresso Nacional de Microcefalia est\u00e3o sendo realizadas atrav\u00e9s da p\u00e1gina www.congressomicrocefalia.com.br","og_url":"https:\/\/inclusivenews.com.br\/?p=29027","article_publisher":"https:\/\/www.facebook.com\/agenciainclusive\/","article_published_time":"2016-04-09T11:31:17+00:00","og_image":[{"url":"http:\/\/inclusivenews.com.br\/wp-content\/uploads\/congresso-micro.jpg","type":"","width":"","height":""}],"author":"inclusivenews2024","twitter_card":"summary_large_image","twitter_misc":{"Escrito por":"inclusivenews2024","Tempo estimado de leitura":"1 minuto"},"schema":{"@context":"https:\/\/schema.org","@graph":[{"@type":"Article","@id":"https:\/\/inclusivenews.com.br\/?p=29027#article","isPartOf":{"@id":"https:\/\/inclusivenews.com.br\/?p=29027"},"author":{"name":"inclusivenews2024","@id":"https:\/\/inclusivenews.com.br\/#\/schema\/person\/ae4ec7087559b8692fb33b6fffd2273b"},"headline":"I Congresso Nacional Sobre Microcefalia acontecer\u00e1 em maio e ser\u00e1 100% ONLINE e GRATUITO","datePublished":"2016-04-09T11:31:17+00:00","mainEntityOfPage":{"@id":"https:\/\/inclusivenews.com.br\/?p=29027"},"wordCount":258,"commentCount":1,"publisher":{"@id":"https:\/\/inclusivenews.com.br\/#organization"},"image":{"@id":"https:\/\/inclusivenews.com.br\/?p=29027#primaryimage"},"thumbnailUrl":"http:\/\/inclusivenews.com.br\/wp-content\/uploads\/congresso-micro.jpg","articleSection":["Defici\u00eancia","Microcefalia","Sa\u00fade"],"inLanguage":"pt-PT","potentialAction":[{"@type":"CommentAction","name":"Comment","target":["https:\/\/inclusivenews.com.br\/?p=29027#respond"]}]},{"@type":"WebPage","@id":"https:\/\/inclusivenews.com.br\/?p=29027","url":"https:\/\/inclusivenews.com.br\/?p=29027","name":"I Congresso Nacional Sobre Microcefalia acontecer\u00e1 em maio e ser\u00e1 100% ONLINE e GRATUITO -","isPartOf":{"@id":"https:\/\/inclusivenews.com.br\/#website"},"primaryImageOfPage":{"@id":"https:\/\/inclusivenews.com.br\/?p=29027#primaryimage"},"image":{"@id":"https:\/\/inclusivenews.com.br\/?p=29027#primaryimage"},"thumbnailUrl":"http:\/\/inclusivenews.com.br\/wp-content\/uploads\/congresso-micro.jpg","datePublished":"2016-04-09T11:31:17+00:00","breadcrumb":{"@id":"https:\/\/inclusivenews.com.br\/?p=29027#breadcrumb"},"inLanguage":"pt-PT","potentialAction":[{"@type":"ReadAction","target":["https:\/\/inclusivenews.com.br\/?p=29027"]}]},{"@type":"ImageObject","inLanguage":"pt-PT","@id":"https:\/\/inclusivenews.com.br\/?p=29027#primaryimage","url":"","contentUrl":""},{"@type":"BreadcrumbList","@id":"https:\/\/inclusivenews.com.br\/?p=29027#breadcrumb","itemListElement":[{"@type":"ListItem","position":1,"name":"In\u00edcio","item":"https:\/\/inclusivenews.com.br\/"},{"@type":"ListItem","position":2,"name":"I Congresso Nacional Sobre Microcefalia acontecer\u00e1 em maio e ser\u00e1 100% ONLINE e GRATUITO"}]},{"@type":"WebSite","@id":"https:\/\/inclusivenews.com.br\/#website","url":"https:\/\/inclusivenews.com.br\/","name":"Inclusive News","description":"Inclusive News","publisher":{"@id":"https:\/\/inclusivenews.com.br\/#organization"},"potentialAction":[{"@type":"SearchAction","target":{"@type":"EntryPoint","urlTemplate":"https:\/\/inclusivenews.com.br\/?s={search_term_string}"},"query-input":{"@type":"PropertyValueSpecification","valueRequired":true,"valueName":"search_term_string"}}],"inLanguage":"pt-PT"},{"@type":"Organization","@id":"https:\/\/inclusivenews.com.br\/#organization","name":"Inclusive - inclus\u00e3o e cidadania","url":"https:\/\/inclusivenews.com.br\/","logo":{"@type":"ImageObject","inLanguage":"pt-PT","@id":"https:\/\/inclusivenews.com.br\/#\/schema\/logo\/image\/","url":"https:\/\/inclusivenews.com.br\/wp-content\/uploads\/2024\/03\/@grandesite.png","contentUrl":"https:\/\/inclusivenews.com.br\/wp-content\/uploads\/2024\/03\/@grandesite.png","width":1080,"height":1080,"caption":"Inclusive - inclus\u00e3o e cidadania"},"image":{"@id":"https:\/\/inclusivenews.com.br\/#\/schema\/logo\/image\/"},"sameAs":["https:\/\/www.facebook.com\/agenciainclusive\/","https:\/\/www.instagram.com\/newsinclusive\/"]},{"@type":"Person","@id":"https:\/\/inclusivenews.com.br\/#\/schema\/person\/ae4ec7087559b8692fb33b6fffd2273b","name":"inclusivenews2024","image":{"@type":"ImageObject","inLanguage":"pt-PT","@id":"https:\/\/secure.gravatar.com\/avatar\/c5a7ef84c66fa914f55bc4f7ce26cfa275a3b9a1c5568b907bd184fb4dde7b40?s=96&d=mm&r=g","url":"https:\/\/secure.gravatar.com\/avatar\/c5a7ef84c66fa914f55bc4f7ce26cfa275a3b9a1c5568b907bd184fb4dde7b40?s=96&d=mm&r=g","contentUrl":"https:\/\/secure.gravatar.com\/avatar\/c5a7ef84c66fa914f55bc4f7ce26cfa275a3b9a1c5568b907bd184fb4dde7b40?s=96&d=mm&r=g","caption":"inclusivenews2024"},"sameAs":["https:\/\/inclusivenews.com.br"],"url":"https:\/\/inclusivenews.com.br\/?author=1"}]}},"_links":{"self":[{"href":"https:\/\/inclusivenews.com.br\/index.php?rest_route=\/wp\/v2\/posts\/29027","targetHints":{"allow":["GET"]}}],"collection":[{"href":"https:\/\/inclusivenews.com.br\/index.php?rest_route=\/wp\/v2\/posts"}],"about":[{"href":"https:\/\/inclusivenews.com.br\/index.php?rest_route=\/wp\/v2\/types\/post"}],"author":[{"embeddable":true,"href":"https:\/\/inclusivenews.com.br\/index.php?rest_route=\/wp\/v2\/users\/1"}],"replies":[{"embeddable":true,"href":"https:\/\/inclusivenews.com.br\/index.php?rest_route=%2Fwp%2Fv2%2Fcomments&post=29027"}],"version-history":[{"count":0,"href":"https:\/\/inclusivenews.com.br\/index.php?rest_route=\/wp\/v2\/posts\/29027\/revisions"}],"wp:attachment":[{"href":"https:\/\/inclusivenews.com.br\/index.php?rest_route=%2Fwp%2Fv2%2Fmedia&parent=29027"}],"wp:term":[{"taxonomy":"category","embeddable":true,"href":"https:\/\/inclusivenews.com.br\/index.php?rest_route=%2Fwp%2Fv2%2Fcategories&post=29027"},{"taxonomy":"post_tag","embeddable":true,"href":"https:\/\/inclusivenews.com.br\/index.php?rest_route=%2Fwp%2Fv2%2Ftags&post=29027"}],"curies":[{"name":"wp","href":"https:\/\/api.w.org\/{rel}","templated":true}]}}