{"id":29049,"date":"2016-04-13T14:39:50","date_gmt":"2016-04-13T17:39:50","guid":{"rendered":"http:\/\/www.inclusive.org.br\/?p=29049"},"modified":"2016-04-13T14:39:50","modified_gmt":"2016-04-13T17:39:50","slug":"observacoes-praticas-sobre-a-lei-brasileira-da-inclusao-da-pessoa-com-deficiencia-lbi","status":"publish","type":"post","link":"https:\/\/inclusivenews.com.br\/?p=29049","title":{"rendered":"Observa\u00e7\u00f5es pr\u00e1ticas sobre a Lei Brasileira da Inclus\u00e3o da Pessoa com Defici\u00eancia \u2013 LBI"},"content":{"rendered":"<p><img loading=\"lazy\" decoding=\"async\" class=\"alignnone size-full wp-image-29050\" alt=\"logo do MP de Pernambuco - Mapa do Brasil com balanca. De todos para todos.\" src=\"http:\/\/inclusivenews.com.br\/wp-content\/uploads\/logomppe-DETODOSPARATODOS.png\" width=\"180\" height=\"96\" \/><\/p>\n<p>Ap\u00f3s tramitar por mais de 15 anos no Congresso Nacional, a Lei Brasileira de Inclus\u00e3o da Pessoa com Defici\u00eancia (LBI \u2013 Lei 13.146\/15) entrou em vigor no \u00faltimo s\u00e1bado, dia 2 de janeiro. A nova lei garante uma s\u00e9rie de direitos, principalmente, aos 50 milh\u00f5es de brasileiros com defici\u00eancia do pa\u00eds.<\/p>\n<p><strong>Lei Brasileira de Inclus\u00e3o da Pessoa com Defici\u00eancia &#8211; LBI<\/strong><\/p>\n<p>Com a Lei Federal n\u00ba 13.146\/15 &#8211; Lei Brasileira de Inclus\u00e3o, Estatuto da Pessoa com Defici\u00eancia ou Lei Rom\u00e1rio, muitas mudan\u00e7as ocorreram na legisla\u00e7\u00e3o brasileira no que dizem respeito aos direitos das pessoas com defici\u00eancia, tais como:<br \/>\n1. Cinemas, cursos de idiomas e de inform\u00e1tica dever\u00e3o oferecer materiais e recursos de acessibilidade, incluindo livros;<br \/>\n2. Os hot\u00e9is dever\u00e3o dispor de no m\u00ednimo 10% de dormit\u00f3rios acess\u00edveis;<br \/>\n3. O FGTS poder\u00e1 ser sacado para aquisi\u00e7\u00e3o de \u00f3rtese ou pr\u00f3tese;<br \/>\n4. O Benef\u00edcio de Presta\u00e7\u00e3o Continuada (BPC) passar\u00e1 por adapta\u00e7\u00f5es no crit\u00e9rio para maior integra\u00e7\u00e3o das 50 milh\u00f5es de pessoas com defici\u00eancia no Brasil;<br \/>\n5. \u00c9 criado o Aux\u00edlio Inclus\u00e3o, que garante uma renda extra para o cidad\u00e3o com defici\u00eancia que entrar para o mercado de trabalho; dentre outras altera\u00e7\u00f5es.<br \/>\nNa verdade, a mat\u00e9ria referente aos direitos da pessoa com defici\u00eancia pode ser objeto de lei das tr\u00eas esferas pol\u00edticas, como disp\u00f5e a Constitui\u00e7\u00e3o Federal em seu art. 23:<br \/>\n\u201cArt. 23. \u00c9 compet\u00eancia comum da Uni\u00e3o, dos Estados, do Distrito Federal e dos Munic\u00edpios:<br \/>\nII &#8211; cuidar da sa\u00fade e assist\u00eancia p\u00fablica, da prote\u00e7\u00e3o e garantia das pessoas portadoras de defici\u00eancia\u201d<\/p>\n<p><strong>Nesse aspecto, segue um breve hist\u00f3rico legislativo sobre \u00e0 prote\u00e7\u00e3o \u00e0s pessoas com defici\u00eancia:<\/strong><br \/>\n1975 \u2013 A ONU edita a Declara\u00e7\u00e3o do Direitos das Pessoas Deficientes, conceituando como:<br \/>\n\u201cqualquer pessoa incapaz de assegurar por si mesma, total ou parcialmente, as necessidades de uma vida individual ou social normal, em decorr\u00eancia de uma defici\u00eancia, cong\u00eanita ou n\u00e3o, em suas capacidades f\u00edsicas ou mentais.\u201d<br \/>\n1981 \u2013 A ONU declara o Ano Internacional das Pessoas Deficientes.<br \/>\n1983 a 1992, sob o lema \u201c Participa\u00e7\u00e3o e Igualdade\u201d a ONU elege a D\u00e9cada Internacional das Pessoas Deficientes, consagrando o dia 03\/12 como o Dia Internacional das Pessoas Deficientes.<br \/>\n1989 \u2013 \u00c9 publicada a LEI N\u00ba 7.853, DE 24 DE OUTUBRO, que disp\u00f5e sobre o apoio \u00e0s pessoas portadoras de defici\u00eancia, sua integra\u00e7\u00e3o social, sobre a Coordenadoria Nacional para Integra\u00e7\u00e3o da Pessoa Portadora de Defici\u00eancia &#8211; Corde, institui a tutela jurisdicional de interesses coletivos ou difusos dessas pessoas, disciplina a atua\u00e7\u00e3o do Minist\u00e9rio P\u00fablico, define crimes, e d\u00e1 outras provid\u00eancias (a estrutura da Corde foi alterada pela Lei n\u00ba 11.958\/09)<br \/>\n2000 \u2013 \u00c9 publicada a LEI N\u00ba 10.048, DE 8 DE NOVEMBRO, que disp\u00f5e sobre prioridade de atendimento \u00e0s pessoas que especifica, e d\u00e1 outras provid\u00eancias.<br \/>\n2000 \u2013 \u00c9 publicada a LEI N\u00ba 10.098, DE 19 DE DEZEMBRO, que estabelece normas gerais e crit\u00e9rios b\u00e1sicos para a promo\u00e7\u00e3o da acessibilidade das pessoas portadoras de defici\u00eancia ou com mobilidade reduzida, e d\u00e1 outras provid\u00eancias.<br \/>\n2007 \u2013 \u00c9 promulgada pela ONU a Conven\u00e7\u00e3o Internacional das Pessoas com Defici\u00eancia, consignando uma nova designa\u00e7\u00e3o para o setor social, pois o sujeito de direito n\u00e3o pode sofrer limita\u00e7\u00f5es.<br \/>\n2008 \u2013 O Brasil ratifica a Conven\u00e7\u00e3o Internacional das Pessoas com Defici\u00eancia, que foi aprovada pelo Congresso Nacional com quorum privilegiado, gerando efeitos de Emenda \u00e0 Constitui\u00e7\u00e3o Federal, por meio do Decreto Legislativo N\u00ba 186.<br \/>\n2009 \u2013 \u00c9 editado o Decreto N\u00ba 6.949, DE 25 DE AGOSTO, que promulga a Conven\u00e7\u00e3o Internacional sobre os Direitos das Pessoas com Defici\u00eancia e seu Protocolo Facultativo, assinados em Nova York, em 30 de mar\u00e7o de 2007.<br \/>\n2015 \u2013 \u00c9 promulgada a Lei n\u00ba 13.146, DE 6 DE JULHO, que institui a Lei Brasileira de Inclus\u00e3o da Pessoa com Defici\u00eancia (Estatuto da Pessoa com Defici\u00eancia).<\/p>\n<p>&nbsp;<\/p>\n<p><strong>A LBI d\u00e1 prote\u00e7\u00e3o legal no bojo da Conven\u00e7\u00e3o Internacional da Pessoa com Defici\u00eancia, incorporada ao direito brasileiro por meio do Decreto Legislativo n\u00ba 186\/08, regulamentado pelo Decreto n\u00ba 6949\/09, modificando 23 diplomas legais, s\u00e3o eles:<\/strong><br \/>\nC\u00f3digo Civil \u2013 em rela\u00e7\u00e3o \u00e0 capacidade civil, surge o instituto da tomada de decis\u00e3o apoiada;<br \/>\nC\u00f3digo de Processo Civil \u2013 em rela\u00e7\u00e3o ao procedimento de interdi\u00e7\u00e3o que sai do novo C\u00f3digo de Processo Civil (Lei n\u00ba 13.105\/15) e retorna para o C\u00f3digo Civil;<br \/>\nLei n\u00ba 7853\/89 \u2013 modifica tipos penais;<br \/>\nLei n\u00ba 10.048\/00 \u2013 amplia o leque de pessoas a ter atendimento priorit\u00e1rio;<br \/>\nLei n\u00ba 10.098 \u2013 d\u00e1 novas defini\u00e7\u00f5es sobre a acessibilidade;<br \/>\nLei n\u00ba 8.742\/1993 \u2013 cria o aux\u00edlio inclus\u00e3o;<br \/>\nLei n\u00ba 4.737\/1965 (C\u00f3digo Eleitoral) \u2013 assegura a acessibilidade nos locais de vota\u00e7\u00e3o;<br \/>\nConsolida\u00e7\u00e3o das Leis do Trabalho (CLT) \u2013 em rela\u00e7\u00e3o ao aprendiz;<br \/>\nLei n\u00ba 8.036\/1990 &#8211; permite movimenta\u00e7\u00e3o na conta do FGTS para aquisi\u00e7\u00e3o, devidamente prescrita, de \u00f3rtese e pr\u00f3tese;<br \/>\nLei n\u00ba 8.078\/1990 (C\u00f3digo de Defesa do Consumidor) &#8211; para que os produtos consignem informa\u00e7\u00f5es acess\u00edveis;<br \/>\nLei n\u00ba 8.213\/1991 &#8211; passando a pessoa que tenha defici\u00eancia intelectual ou mental ou defici\u00eancia grave a condi\u00e7\u00e3o de dependente do segurado, assegurando direitos \u00e0 pessoa reabilitada;<br \/>\nLei n\u00ba 8.429\/1992 &#8211; passando a figurar como improbidade administrativa o descumprimento da legisla\u00e7\u00e3o sobre acessibilidade;<br \/>\nLei n\u00ba 8.666\/1993 &#8211; amplia as possibilidade de contrata\u00e7\u00e3o do servi\u00e7o p\u00fablico em harmonia com a lei de acessibilidade;<br \/>\nLei n\u00ba 9.029\/1995 &#8211; protege contra pr\u00e1ticas discriminat\u00f3rias no ambiente de trabalho;<br \/>\nLei n\u00ba 9.250\/1995 &#8211; assegura prioridade para recebimento de restitui\u00e7\u00e3o de imposto de renda;<br \/>\nLei n\u00ba 9.503\/1997 (C\u00f3digo de Tr\u00e2nsito Brasileiro) &#8211; amplia o conceito de via p\u00fablica para incluir a \u00e1rea privada de uso coletivo, assegura a utiliza\u00e7\u00e3o de tecnologias assistivas para curso e exame de condutor de ve\u00edculo automotor, al\u00e9m de outras provid\u00eancias;<br \/>\nLei n\u00ba 9.615\/1998 &#8211; que assegura recursos para a pr\u00e1tica desportiva;<br \/>\nLei n\u00ba 10.257\/2001 (Estatuto da Cidade) &#8211; institui\u00e7\u00e3o de programas de acessibilidade, entre as tr\u00eas esferas da Administra\u00e7\u00e3o P\u00fablica, para melhoria das moradias, rotas acess\u00edveis, dentre outras;<br \/>\nLei n\u00ba 11.126\/2005 assegura a utiliza\u00e7\u00e3o do c\u00e3o guia em todos os servi\u00e7os, inclusive de natureza internacional com origem no territ\u00f3rio nacional;<br \/>\nLei n\u00ba 11.904\/2009 &#8211; acessibilidade nos museus;<br \/>\nLei n\u00ba 12.587\/2012 &#8211; reserva de 10% das outorgas de explora\u00e7\u00e3o de servi\u00e7o de t\u00e1xi para as pessoas com defici\u00eancia;<br \/>\nLei Complementar n\u00ba 123\/2006 &#8211; estatuto da micro e pequena empresa, que dever\u00e1 ser adequado aos novos paradigmas, mediante regulamento;<br \/>\nLei n\u00ba 9.008\/1995 &#8211; que criou Conselho Federal Gestor do Fundo de Defesa de Direitos Difusos, extingue, como produto de arrecada\u00e7\u00e3o para o Fundo, as multas decorrentes do descumprimento da Lei n\u00ba 7.853\/89.<\/p>\n<p>Fonte:\u00a0<a href=\"http:\/\/www.mp.pe.gov.br\/mppe\/index.php\/institucional\/caops\/caop-defesa-da-cidadania\/acontece-no-caop-defesa-da-cidadania\/ultimas-noticias-caop-cidadania\/5542-pessoa-com-deficiencia-observacoes-praticas-sobre-a-lei-brasileira-da-inclusao-da-pessoa-com-deficiencia-lbi\">http:\/\/www.mp.pe.gov.br\/mppe\/index.php\/institucional\/caops\/caop-defesa-da-cidadania\/acontece-no-caop-defesa-da-cidadania\/ultimas-noticias-caop-cidadania\/5542-pessoa-com-deficiencia-observacoes-praticas-sobre-a-lei-brasileira-da-inclusao-da-pessoa-com-deficiencia-lbi<\/a><\/p>\n","protected":false},"excerpt":{"rendered":"<p>A nova lei garante uma s\u00e9rie de direitos, principalmente, aos 50 milh\u00f5es de brasileiros com defici\u00eancia do pa\u00eds.<\/p>\n","protected":false},"author":1,"featured_media":0,"comment_status":"open","ping_status":"open","sticky":false,"template":"","format":"standard","meta":{"site-container-style":"default","site-container-layout":"default","site-sidebar-layout":"default","disable-article-header":"default","disable-site-header":"default","disable-site-footer":"default","disable-content-area-spacing":"default","footnotes":""},"categories":[44,5,38,11,48,358,26],"tags":[],"class_list":["post-29049","post","type-post","status-publish","format-standard","hentry","category-acessibilidade","category-convencao","category-deficiencia","category-direitos-humanos","category-inclusao","category-lei-brasileira-de-inclusao","category-legislacao"],"yoast_head":"<!-- This site is optimized with the Yoast SEO plugin v27.4 - https:\/\/yoast.com\/product\/yoast-seo-wordpress\/ -->\n<title>Observa\u00e7\u00f5es pr\u00e1ticas sobre a Lei Brasileira da Inclus\u00e3o da Pessoa com Defici\u00eancia \u2013 LBI -<\/title>\n<meta name=\"robots\" content=\"index, follow, max-snippet:-1, max-image-preview:large, max-video-preview:-1\" \/>\n<link rel=\"canonical\" href=\"https:\/\/inclusivenews.com.br\/?p=29049\" \/>\n<meta property=\"og:locale\" content=\"pt_PT\" \/>\n<meta property=\"og:type\" content=\"article\" \/>\n<meta property=\"og:title\" content=\"Observa\u00e7\u00f5es pr\u00e1ticas sobre a Lei Brasileira da Inclus\u00e3o da Pessoa com Defici\u00eancia \u2013 LBI -\" \/>\n<meta property=\"og:description\" content=\"A nova lei garante uma s\u00e9rie de direitos, principalmente, aos 50 milh\u00f5es de brasileiros com defici\u00eancia do pa\u00eds.\" \/>\n<meta property=\"og:url\" content=\"https:\/\/inclusivenews.com.br\/?p=29049\" \/>\n<meta property=\"article:publisher\" content=\"https:\/\/www.facebook.com\/agenciainclusive\/\" \/>\n<meta property=\"article:published_time\" content=\"2016-04-13T17:39:50+00:00\" \/>\n<meta property=\"og:image\" content=\"http:\/\/inclusivenews.com.br\/wp-content\/uploads\/logomppe-DETODOSPARATODOS.png\" \/>\n<meta name=\"author\" content=\"inclusivenews2024\" \/>\n<meta name=\"twitter:card\" content=\"summary_large_image\" \/>\n<meta name=\"twitter:label1\" content=\"Escrito por\" \/>\n\t<meta name=\"twitter:data1\" content=\"inclusivenews2024\" \/>\n\t<meta name=\"twitter:label2\" content=\"Tempo estimado de leitura\" \/>\n\t<meta name=\"twitter:data2\" content=\"6 minutos\" \/>\n<script type=\"application\/ld+json\" class=\"yoast-schema-graph\">{\"@context\":\"https:\\\/\\\/schema.org\",\"@graph\":[{\"@type\":\"Article\",\"@id\":\"https:\\\/\\\/inclusivenews.com.br\\\/?p=29049#article\",\"isPartOf\":{\"@id\":\"https:\\\/\\\/inclusivenews.com.br\\\/?p=29049\"},\"author\":{\"name\":\"inclusivenews2024\",\"@id\":\"https:\\\/\\\/inclusivenews.com.br\\\/#\\\/schema\\\/person\\\/ae4ec7087559b8692fb33b6fffd2273b\"},\"headline\":\"Observa\u00e7\u00f5es pr\u00e1ticas sobre a Lei Brasileira da Inclus\u00e3o da Pessoa com Defici\u00eancia \u2013 LBI\",\"datePublished\":\"2016-04-13T17:39:50+00:00\",\"mainEntityOfPage\":{\"@id\":\"https:\\\/\\\/inclusivenews.com.br\\\/?p=29049\"},\"wordCount\":1150,\"commentCount\":0,\"publisher\":{\"@id\":\"https:\\\/\\\/inclusivenews.com.br\\\/#organization\"},\"image\":{\"@id\":\"https:\\\/\\\/inclusivenews.com.br\\\/?p=29049#primaryimage\"},\"thumbnailUrl\":\"http:\\\/\\\/inclusivenews.com.br\\\/wp-content\\\/uploads\\\/logomppe-DETODOSPARATODOS.png\",\"articleSection\":[\"ACESSIBILIDADE\",\"Conven\u00e7\u00e3o\",\"Defici\u00eancia\",\"DIREITOS HUMANOS\",\"INCLUS\u00c3O SOCIAL\",\"LBI\",\"Legisla\u00e7\u00e3o ...\"],\"inLanguage\":\"pt-PT\",\"potentialAction\":[{\"@type\":\"CommentAction\",\"name\":\"Comment\",\"target\":[\"https:\\\/\\\/inclusivenews.com.br\\\/?p=29049#respond\"]}]},{\"@type\":\"WebPage\",\"@id\":\"https:\\\/\\\/inclusivenews.com.br\\\/?p=29049\",\"url\":\"https:\\\/\\\/inclusivenews.com.br\\\/?p=29049\",\"name\":\"Observa\u00e7\u00f5es pr\u00e1ticas sobre a Lei Brasileira da Inclus\u00e3o da Pessoa com Defici\u00eancia \u2013 LBI -\",\"isPartOf\":{\"@id\":\"https:\\\/\\\/inclusivenews.com.br\\\/#website\"},\"primaryImageOfPage\":{\"@id\":\"https:\\\/\\\/inclusivenews.com.br\\\/?p=29049#primaryimage\"},\"image\":{\"@id\":\"https:\\\/\\\/inclusivenews.com.br\\\/?p=29049#primaryimage\"},\"thumbnailUrl\":\"http:\\\/\\\/inclusivenews.com.br\\\/wp-content\\\/uploads\\\/logomppe-DETODOSPARATODOS.png\",\"datePublished\":\"2016-04-13T17:39:50+00:00\",\"breadcrumb\":{\"@id\":\"https:\\\/\\\/inclusivenews.com.br\\\/?p=29049#breadcrumb\"},\"inLanguage\":\"pt-PT\",\"potentialAction\":[{\"@type\":\"ReadAction\",\"target\":[\"https:\\\/\\\/inclusivenews.com.br\\\/?p=29049\"]}]},{\"@type\":\"ImageObject\",\"inLanguage\":\"pt-PT\",\"@id\":\"https:\\\/\\\/inclusivenews.com.br\\\/?p=29049#primaryimage\",\"url\":\"\",\"contentUrl\":\"\"},{\"@type\":\"BreadcrumbList\",\"@id\":\"https:\\\/\\\/inclusivenews.com.br\\\/?p=29049#breadcrumb\",\"itemListElement\":[{\"@type\":\"ListItem\",\"position\":1,\"name\":\"In\u00edcio\",\"item\":\"https:\\\/\\\/inclusivenews.com.br\\\/\"},{\"@type\":\"ListItem\",\"position\":2,\"name\":\"Observa\u00e7\u00f5es pr\u00e1ticas sobre a Lei Brasileira da Inclus\u00e3o da Pessoa com Defici\u00eancia \u2013 LBI\"}]},{\"@type\":\"WebSite\",\"@id\":\"https:\\\/\\\/inclusivenews.com.br\\\/#website\",\"url\":\"https:\\\/\\\/inclusivenews.com.br\\\/\",\"name\":\"Inclusive News\",\"description\":\"Inclusive News\",\"publisher\":{\"@id\":\"https:\\\/\\\/inclusivenews.com.br\\\/#organization\"},\"potentialAction\":[{\"@type\":\"SearchAction\",\"target\":{\"@type\":\"EntryPoint\",\"urlTemplate\":\"https:\\\/\\\/inclusivenews.com.br\\\/?s={search_term_string}\"},\"query-input\":{\"@type\":\"PropertyValueSpecification\",\"valueRequired\":true,\"valueName\":\"search_term_string\"}}],\"inLanguage\":\"pt-PT\"},{\"@type\":\"Organization\",\"@id\":\"https:\\\/\\\/inclusivenews.com.br\\\/#organization\",\"name\":\"Inclusive - inclus\u00e3o e cidadania\",\"url\":\"https:\\\/\\\/inclusivenews.com.br\\\/\",\"logo\":{\"@type\":\"ImageObject\",\"inLanguage\":\"pt-PT\",\"@id\":\"https:\\\/\\\/inclusivenews.com.br\\\/#\\\/schema\\\/logo\\\/image\\\/\",\"url\":\"https:\\\/\\\/inclusivenews.com.br\\\/wp-content\\\/uploads\\\/2024\\\/03\\\/@grandesite.png\",\"contentUrl\":\"https:\\\/\\\/inclusivenews.com.br\\\/wp-content\\\/uploads\\\/2024\\\/03\\\/@grandesite.png\",\"width\":1080,\"height\":1080,\"caption\":\"Inclusive - inclus\u00e3o e cidadania\"},\"image\":{\"@id\":\"https:\\\/\\\/inclusivenews.com.br\\\/#\\\/schema\\\/logo\\\/image\\\/\"},\"sameAs\":[\"https:\\\/\\\/www.facebook.com\\\/agenciainclusive\\\/\",\"https:\\\/\\\/www.instagram.com\\\/newsinclusive\\\/\"]},{\"@type\":\"Person\",\"@id\":\"https:\\\/\\\/inclusivenews.com.br\\\/#\\\/schema\\\/person\\\/ae4ec7087559b8692fb33b6fffd2273b\",\"name\":\"inclusivenews2024\",\"image\":{\"@type\":\"ImageObject\",\"inLanguage\":\"pt-PT\",\"@id\":\"https:\\\/\\\/secure.gravatar.com\\\/avatar\\\/c5a7ef84c66fa914f55bc4f7ce26cfa275a3b9a1c5568b907bd184fb4dde7b40?s=96&d=mm&r=g\",\"url\":\"https:\\\/\\\/secure.gravatar.com\\\/avatar\\\/c5a7ef84c66fa914f55bc4f7ce26cfa275a3b9a1c5568b907bd184fb4dde7b40?s=96&d=mm&r=g\",\"contentUrl\":\"https:\\\/\\\/secure.gravatar.com\\\/avatar\\\/c5a7ef84c66fa914f55bc4f7ce26cfa275a3b9a1c5568b907bd184fb4dde7b40?s=96&d=mm&r=g\",\"caption\":\"inclusivenews2024\"},\"sameAs\":[\"https:\\\/\\\/inclusivenews.com.br\"],\"url\":\"https:\\\/\\\/inclusivenews.com.br\\\/?author=1\"}]}<\/script>\n<!-- \/ Yoast SEO plugin. -->","yoast_head_json":{"title":"Observa\u00e7\u00f5es pr\u00e1ticas sobre a Lei Brasileira da Inclus\u00e3o da Pessoa com Defici\u00eancia \u2013 LBI -","robots":{"index":"index","follow":"follow","max-snippet":"max-snippet:-1","max-image-preview":"max-image-preview:large","max-video-preview":"max-video-preview:-1"},"canonical":"https:\/\/inclusivenews.com.br\/?p=29049","og_locale":"pt_PT","og_type":"article","og_title":"Observa\u00e7\u00f5es pr\u00e1ticas sobre a Lei Brasileira da Inclus\u00e3o da Pessoa com Defici\u00eancia \u2013 LBI -","og_description":"A nova lei garante uma s\u00e9rie de direitos, principalmente, aos 50 milh\u00f5es de brasileiros com defici\u00eancia do pa\u00eds.","og_url":"https:\/\/inclusivenews.com.br\/?p=29049","article_publisher":"https:\/\/www.facebook.com\/agenciainclusive\/","article_published_time":"2016-04-13T17:39:50+00:00","og_image":[{"url":"http:\/\/inclusivenews.com.br\/wp-content\/uploads\/logomppe-DETODOSPARATODOS.png","type":"","width":"","height":""}],"author":"inclusivenews2024","twitter_card":"summary_large_image","twitter_misc":{"Escrito por":"inclusivenews2024","Tempo estimado de leitura":"6 minutos"},"schema":{"@context":"https:\/\/schema.org","@graph":[{"@type":"Article","@id":"https:\/\/inclusivenews.com.br\/?p=29049#article","isPartOf":{"@id":"https:\/\/inclusivenews.com.br\/?p=29049"},"author":{"name":"inclusivenews2024","@id":"https:\/\/inclusivenews.com.br\/#\/schema\/person\/ae4ec7087559b8692fb33b6fffd2273b"},"headline":"Observa\u00e7\u00f5es pr\u00e1ticas sobre a Lei Brasileira da Inclus\u00e3o da Pessoa com Defici\u00eancia \u2013 LBI","datePublished":"2016-04-13T17:39:50+00:00","mainEntityOfPage":{"@id":"https:\/\/inclusivenews.com.br\/?p=29049"},"wordCount":1150,"commentCount":0,"publisher":{"@id":"https:\/\/inclusivenews.com.br\/#organization"},"image":{"@id":"https:\/\/inclusivenews.com.br\/?p=29049#primaryimage"},"thumbnailUrl":"http:\/\/inclusivenews.com.br\/wp-content\/uploads\/logomppe-DETODOSPARATODOS.png","articleSection":["ACESSIBILIDADE","Conven\u00e7\u00e3o","Defici\u00eancia","DIREITOS HUMANOS","INCLUS\u00c3O SOCIAL","LBI","Legisla\u00e7\u00e3o ..."],"inLanguage":"pt-PT","potentialAction":[{"@type":"CommentAction","name":"Comment","target":["https:\/\/inclusivenews.com.br\/?p=29049#respond"]}]},{"@type":"WebPage","@id":"https:\/\/inclusivenews.com.br\/?p=29049","url":"https:\/\/inclusivenews.com.br\/?p=29049","name":"Observa\u00e7\u00f5es pr\u00e1ticas sobre a Lei Brasileira da Inclus\u00e3o da Pessoa com Defici\u00eancia \u2013 LBI -","isPartOf":{"@id":"https:\/\/inclusivenews.com.br\/#website"},"primaryImageOfPage":{"@id":"https:\/\/inclusivenews.com.br\/?p=29049#primaryimage"},"image":{"@id":"https:\/\/inclusivenews.com.br\/?p=29049#primaryimage"},"thumbnailUrl":"http:\/\/inclusivenews.com.br\/wp-content\/uploads\/logomppe-DETODOSPARATODOS.png","datePublished":"2016-04-13T17:39:50+00:00","breadcrumb":{"@id":"https:\/\/inclusivenews.com.br\/?p=29049#breadcrumb"},"inLanguage":"pt-PT","potentialAction":[{"@type":"ReadAction","target":["https:\/\/inclusivenews.com.br\/?p=29049"]}]},{"@type":"ImageObject","inLanguage":"pt-PT","@id":"https:\/\/inclusivenews.com.br\/?p=29049#primaryimage","url":"","contentUrl":""},{"@type":"BreadcrumbList","@id":"https:\/\/inclusivenews.com.br\/?p=29049#breadcrumb","itemListElement":[{"@type":"ListItem","position":1,"name":"In\u00edcio","item":"https:\/\/inclusivenews.com.br\/"},{"@type":"ListItem","position":2,"name":"Observa\u00e7\u00f5es pr\u00e1ticas sobre a Lei Brasileira da Inclus\u00e3o da Pessoa com Defici\u00eancia \u2013 LBI"}]},{"@type":"WebSite","@id":"https:\/\/inclusivenews.com.br\/#website","url":"https:\/\/inclusivenews.com.br\/","name":"Inclusive News","description":"Inclusive News","publisher":{"@id":"https:\/\/inclusivenews.com.br\/#organization"},"potentialAction":[{"@type":"SearchAction","target":{"@type":"EntryPoint","urlTemplate":"https:\/\/inclusivenews.com.br\/?s={search_term_string}"},"query-input":{"@type":"PropertyValueSpecification","valueRequired":true,"valueName":"search_term_string"}}],"inLanguage":"pt-PT"},{"@type":"Organization","@id":"https:\/\/inclusivenews.com.br\/#organization","name":"Inclusive - inclus\u00e3o e cidadania","url":"https:\/\/inclusivenews.com.br\/","logo":{"@type":"ImageObject","inLanguage":"pt-PT","@id":"https:\/\/inclusivenews.com.br\/#\/schema\/logo\/image\/","url":"https:\/\/inclusivenews.com.br\/wp-content\/uploads\/2024\/03\/@grandesite.png","contentUrl":"https:\/\/inclusivenews.com.br\/wp-content\/uploads\/2024\/03\/@grandesite.png","width":1080,"height":1080,"caption":"Inclusive - inclus\u00e3o e cidadania"},"image":{"@id":"https:\/\/inclusivenews.com.br\/#\/schema\/logo\/image\/"},"sameAs":["https:\/\/www.facebook.com\/agenciainclusive\/","https:\/\/www.instagram.com\/newsinclusive\/"]},{"@type":"Person","@id":"https:\/\/inclusivenews.com.br\/#\/schema\/person\/ae4ec7087559b8692fb33b6fffd2273b","name":"inclusivenews2024","image":{"@type":"ImageObject","inLanguage":"pt-PT","@id":"https:\/\/secure.gravatar.com\/avatar\/c5a7ef84c66fa914f55bc4f7ce26cfa275a3b9a1c5568b907bd184fb4dde7b40?s=96&d=mm&r=g","url":"https:\/\/secure.gravatar.com\/avatar\/c5a7ef84c66fa914f55bc4f7ce26cfa275a3b9a1c5568b907bd184fb4dde7b40?s=96&d=mm&r=g","contentUrl":"https:\/\/secure.gravatar.com\/avatar\/c5a7ef84c66fa914f55bc4f7ce26cfa275a3b9a1c5568b907bd184fb4dde7b40?s=96&d=mm&r=g","caption":"inclusivenews2024"},"sameAs":["https:\/\/inclusivenews.com.br"],"url":"https:\/\/inclusivenews.com.br\/?author=1"}]}},"_links":{"self":[{"href":"https:\/\/inclusivenews.com.br\/index.php?rest_route=\/wp\/v2\/posts\/29049","targetHints":{"allow":["GET"]}}],"collection":[{"href":"https:\/\/inclusivenews.com.br\/index.php?rest_route=\/wp\/v2\/posts"}],"about":[{"href":"https:\/\/inclusivenews.com.br\/index.php?rest_route=\/wp\/v2\/types\/post"}],"author":[{"embeddable":true,"href":"https:\/\/inclusivenews.com.br\/index.php?rest_route=\/wp\/v2\/users\/1"}],"replies":[{"embeddable":true,"href":"https:\/\/inclusivenews.com.br\/index.php?rest_route=%2Fwp%2Fv2%2Fcomments&post=29049"}],"version-history":[{"count":0,"href":"https:\/\/inclusivenews.com.br\/index.php?rest_route=\/wp\/v2\/posts\/29049\/revisions"}],"wp:attachment":[{"href":"https:\/\/inclusivenews.com.br\/index.php?rest_route=%2Fwp%2Fv2%2Fmedia&parent=29049"}],"wp:term":[{"taxonomy":"category","embeddable":true,"href":"https:\/\/inclusivenews.com.br\/index.php?rest_route=%2Fwp%2Fv2%2Fcategories&post=29049"},{"taxonomy":"post_tag","embeddable":true,"href":"https:\/\/inclusivenews.com.br\/index.php?rest_route=%2Fwp%2Fv2%2Ftags&post=29049"}],"curies":[{"name":"wp","href":"https:\/\/api.w.org\/{rel}","templated":true}]}}