{"id":29054,"date":"2016-04-14T07:22:49","date_gmt":"2016-04-14T10:22:49","guid":{"rendered":"http:\/\/www.inclusive.org.br\/?p=29054"},"modified":"2016-04-14T07:22:49","modified_gmt":"2016-04-14T10:22:49","slug":"curso-online-gratuito-com-informacoes-sobre-microcefalia-e-zika","status":"publish","type":"post","link":"https:\/\/inclusivenews.com.br\/?p=29054","title":{"rendered":"Curso online gratuito com informa\u00e7\u00f5es sobre microcefalia e Zika"},"content":{"rendered":"<p><img loading=\"lazy\" decoding=\"async\" class=\"size-full wp-image-13398\" alt=\"Inclusive - blogosfera, um globo formado por um teclado de computador.\" src=\"http:\/\/inclusivenews.com.br\/wp-content\/uploads\/2010\/01\/blogosfera.jpg\" width=\"242\" height=\"248\" \/><\/p>\n<p><em>Iniciativa do Minist\u00e9rio da Sa\u00fade refor\u00e7a a\u00e7\u00f5es do Governo Federal para combate ao Aedes aegypti. Nas primeiras 72 horas de inscri\u00e7\u00e3o, o curso recebeu mais de oito mil matr\u00edculas<\/em><\/p>\n<p>Para capacitar profissionais de sa\u00fade e a popula\u00e7\u00e3o em geral sobre a suspeita, notifica\u00e7\u00e3o, investiga\u00e7\u00e3o, diagn\u00f3stico do v\u00edrus Zika, o Minist\u00e9rio da Sa\u00fade e a Universidade Aberta do SUS (UNA-SUS) lan\u00e7am o curso \u201cZika: abordagem cl\u00ednica na Aten\u00e7\u00e3o B\u00e1sica\u201d. A capacita\u00e7\u00e3o \u00e9 destinada a m\u00e9dicos, enfermeiros, fisioterapeutas, profissionais de n\u00edvel superior da Aten\u00e7\u00e3o B\u00e1sica, que ter\u00e3o acesso a informa\u00e7\u00f5es sobre o v\u00edrus Zika relacionadas \u00e0 conduta nos casos e situa\u00e7\u00f5es tratadas nos protocolos aprovados pelo Minist\u00e9rio da Sa\u00fade.<\/p>\n<p>Com 45 horas-aula de dura\u00e7\u00e3o, o curso tem um cap\u00edtulo integralmente dedicado aos cuidados voltados \u00e0s gestantes com infec\u00e7\u00e3o pelo v\u00edrus e aos rec\u00e9m-nascidos com microcefalia. As inscri\u00e7\u00f5es no curso devem ser realizadas pelo <a href=\"http:\/\/www.unasus.gov.br\/cursos\/zika\">site<\/a> da UNA-SUS e seguem at\u00e9 o dia 15 de fevereiro de 2017. Elaborado pela Funda\u00e7\u00e3o Oswaldo Cruz (Fiocruz Mato Grosso do Sul), em parceria com as universidades federais de Mato Grosso do Sul (UFMS) e de Pernambuco (UFPE), a secretaria municipal de sa\u00fade de Campo Grande e a Universidade Estadual de Feira de Santana (UEFS), o curso recebeu, nas primeiras 72 horas de inscri\u00e7\u00f5es, mais de oito mil matr\u00edculas.<\/p>\n<p>O secret\u00e1rio de Gest\u00e3o do Trabalho e da Educa\u00e7\u00e3o na Sa\u00fade, H\u00eaider Pinto, enfatiza a import\u00e2ncia de se capacitar recursos humanos para enfrentar esse novo desafio de sa\u00fade p\u00fablica. \u201cOs profissionais de sa\u00fade est\u00e3o na linha de frente na batalha contra a microcefalia e o Aedes. \u00c9 essencial que eles estejam atualizados e preparados, tanto para orientar as pessoas de um modo geral, quando para cuidar daquelas com Zika ou qualquer uma de suas complica\u00e7\u00f5es\u201d, explica.<\/p>\n<p>O curso autoinstrucional de Zika \u00e9 composto por quatro unidades educacionais. Os m\u00f3dulos s\u00e3o: aspectos epidemiol\u00f3gicos, promo\u00e7\u00e3o \u00e0 sa\u00fade e preven\u00e7\u00e3o de infec\u00e7\u00e3o por v\u00edrus Zika; quadro cl\u00ednico e abordagem a pessoas infectadas com v\u00edrus Zika; os cuidados com as gestantes com suspeita ou confirma\u00e7\u00e3o de infec\u00e7\u00e3o por v\u00edrus Zika e do rec\u00e9m-nascido com microcefalia; e vigil\u00e2ncia da infec\u00e7\u00e3o por v\u00edrus Zika e suas complica\u00e7\u00f5es. A a\u00e7\u00e3o trabalha pedagogicamente com atividades interativas, casos cl\u00ednicos, v\u00eddeos com especialistas e entrevistas.<\/p>\n<p>Entre os objetivos do treinamento est\u00e1 a orienta\u00e7\u00e3o dos profissionais de sa\u00fade quanto ao modo de transmiss\u00e3o, per\u00edodo de incuba\u00e7\u00e3o, vetor e caracter\u00edsticas do v\u00edrus Zika; orienta\u00e7\u00e3o quanto aos meios de prote\u00e7\u00e3o individual e coletiva; sensibilizar e instrumentalizar o profissional para identifica\u00e7\u00e3o de quadro cl\u00ednico sugestivo de infec\u00e7\u00e3o por v\u00edrus Zika (dengue e chikungunya) e realiza\u00e7\u00e3o do cuidado adequado de pacientes com quadro suspeito; apresentar crit\u00e9rios para indica\u00e7\u00e3o e interpreta\u00e7\u00e3o de exames laboratoriais e por imagens referentes \u00e0 doen\u00e7a etc.<\/p>\n<p><strong>AEDES AEGYPTI \u2013<\/strong> Al\u00e9m desse curso, o Minist\u00e9rio da Sa\u00fade oferta outras quatro op\u00e7\u00f5es de capacita\u00e7\u00e3o voltadas para o combate ao mosquito, bem como para a aten\u00e7\u00e3o \u00e0s doen\u00e7as transmitidas pelo vetor<em>.<\/em> Est\u00e1 dispon\u00edvel, desde janeiro, um curso de atualiza\u00e7\u00e3o no combate vetorial ao <em>Aedes aegypti<\/em>, voltado para agentes comunit\u00e1rios de sa\u00fade, agentes de combate \u00e0s endemias, profissionais de educa\u00e7\u00e3o, assist\u00eancia social e defesa civil, militares e multiplicadores em resposta a emerg\u00eancias em sa\u00fade p\u00fablica. Al\u00e9m desses profissionais, tamb\u00e9m podem participar as pessoas que estiverem interessadas em ampliar os conhecimentos sobre as doen\u00e7as e sobre como eliminar o mosquito.<\/p>\n<p>Com linguagem simples e de f\u00e1cil entendimento, e de acesso livre a qualquer pessoa, o m\u00f3dulo \u00e9 realizado pela internet, tem 16 horas de dura\u00e7\u00e3o e conta com certifica\u00e7\u00e3o ao final. Para acessar o conte\u00fado, \u00e9 preciso fazer um cadastro na p\u00e1gina da <a href=\"https:\/\/ufrn.unasus.gov.br\/moodle26\/\">AVA-SUS<\/a> ou do <a href=\"https:\/\/pt.surveymonkey.com\/r\/curso_aedes\">Telessa\u00fade do Rio Grande do Sul<\/a> e come\u00e7ar as aulas virtuais. A expectativa \u00e9 de que agentes comunit\u00e1rios de sa\u00fade e agentes de combate \u00e0s endemias de todo o pa\u00eds atualizem-se pela plataforma. O curso j\u00e1 conta com 7,5 mil inscritos.<\/p>\n<p>Outras duas a\u00e7\u00f5es importantes s\u00e3o os cursos para diagn\u00f3stico e manejo de <a href=\"http:\/\/www.unasus.gov.br\/Dengue\">dengue<\/a> e de <a href=\"http:\/\/www.unasus.gov.br\/page\/manejo-clinico-de-chikungunya\">chikungunya<\/a>, ofertados de forma permanente pela UNA-SUS a profissionais de sa\u00fade de n\u00edvel superior. O enfoque do curso de dengue, composto por oito estudos de caso, \u00e9 a identifica\u00e7\u00e3o do risco de casos suspeitos e a ado\u00e7\u00e3o das condutas corretas diante das diferentes situa\u00e7\u00f5es cl\u00ednicas, visando \u00e0 redu\u00e7\u00e3o de complica\u00e7\u00f5es. Desde 2012, foram recebidas mais de 21 mil matr\u00edculas para o curso de dengue, sendo a maioria delas realizadas por enfermeiros (48%) e m\u00e9dicos (32%). A maior parte dos profissionais matriculados (52%) atua em centros de sa\u00fade e unidades b\u00e1sicas de sa\u00fade, que s\u00e3o as portas de entrada do SUS.<\/p>\n<p>J\u00e1 o curso de chikungunya foi lan\u00e7ado em dezembro de 2015 \u2013 a primeira oferta recebeu 9.494 matr\u00edculas, sendo 36% de enfermeiros, 30% de m\u00e9dicos e 16% de t\u00e9cnicos e auxiliares de enfermagem. A maioria dos matriculados (52%) atua em centro de sa\u00fade ou unidade b\u00e1sica. O curso \u00e9 composto por duas unidades: a primeira traz informa\u00e7\u00f5es sobre epidemiologia, quadro cl\u00ednico, diagn\u00f3stico, a\u00e7\u00f5es de vigil\u00e2ncia e organiza\u00e7\u00e3o dos servi\u00e7os de sa\u00fade, al\u00e9m de apresentar a import\u00e2ncia da educa\u00e7\u00e3o permanente em sa\u00fade. J\u00e1 a segunda unidade aborda casos cl\u00ednicos, nos quais o profissional \u00e9 estimulado a refletir sobre a melhor conduta para realizar o manejo de pacientes com suspeita da doen\u00e7a.<br \/>\n<strong>SERVI\u00c7O<\/strong><br \/>\n<strong>Curso de Zika<\/strong><br \/>\nPer\u00edodo de inscri\u00e7\u00e3o: at\u00e9 15 de fevereiro 2017<br \/>\nInscri\u00e7\u00e3o e mais informa\u00e7\u00f5es: <a href=\"http:\/\/www.unasus.gov.br\/cursos\/zika\">http:\/\/www.unasus.gov.br\/cursos\/zika<\/a><\/p>\n<p>Fonte: http:\/\/portalsaude.saude.gov.br\/index.php\/cidadao\/principal\/agencia-saude\/22303-curso-capacitara-profissionais-para-abordagem-clinica-do-virus-zika<\/p>\n<p>&nbsp;<\/p>\n","protected":false},"excerpt":{"rendered":"<p>Curso capacitar\u00e1 profissionais para abordagem cl\u00ednica do v\u00edrus Zika.<\/p>\n","protected":false},"author":1,"featured_media":0,"comment_status":"open","ping_status":"open","sticky":false,"template":"","format":"standard","meta":{"site-container-style":"default","site-container-layout":"default","site-sidebar-layout":"default","disable-article-header":"default","disable-site-header":"default","disable-site-footer":"default","disable-content-area-spacing":"default","footnotes":""},"categories":[48,359,37],"tags":[],"class_list":["post-29054","post","type-post","status-publish","format-standard","hentry","category-inclusao","category-microcefalia","category-saude"],"yoast_head":"<!-- This site is optimized with the Yoast SEO plugin v27.4 - https:\/\/yoast.com\/product\/yoast-seo-wordpress\/ -->\n<title>Curso online gratuito com informa\u00e7\u00f5es sobre microcefalia e Zika -<\/title>\n<meta name=\"robots\" content=\"index, follow, max-snippet:-1, max-image-preview:large, max-video-preview:-1\" \/>\n<link rel=\"canonical\" href=\"https:\/\/inclusivenews.com.br\/?p=29054\" \/>\n<meta property=\"og:locale\" content=\"pt_PT\" \/>\n<meta property=\"og:type\" content=\"article\" \/>\n<meta property=\"og:title\" content=\"Curso online gratuito com informa\u00e7\u00f5es sobre microcefalia e Zika -\" \/>\n<meta property=\"og:description\" content=\"Curso capacitar\u00e1 profissionais para abordagem cl\u00ednica do v\u00edrus Zika.\" \/>\n<meta property=\"og:url\" content=\"https:\/\/inclusivenews.com.br\/?p=29054\" \/>\n<meta property=\"article:publisher\" content=\"https:\/\/www.facebook.com\/agenciainclusive\/\" \/>\n<meta property=\"article:published_time\" content=\"2016-04-14T10:22:49+00:00\" \/>\n<meta property=\"og:image\" content=\"http:\/\/inclusivenews.com.br\/wp-content\/uploads\/2010\/01\/blogosfera.jpg\" \/>\n<meta name=\"author\" content=\"inclusivenews2024\" \/>\n<meta name=\"twitter:card\" content=\"summary_large_image\" \/>\n<meta name=\"twitter:label1\" content=\"Escrito por\" \/>\n\t<meta name=\"twitter:data1\" content=\"inclusivenews2024\" \/>\n\t<meta name=\"twitter:label2\" content=\"Tempo estimado de leitura\" \/>\n\t<meta name=\"twitter:data2\" content=\"5 minutos\" \/>\n<script type=\"application\/ld+json\" class=\"yoast-schema-graph\">{\"@context\":\"https:\\\/\\\/schema.org\",\"@graph\":[{\"@type\":\"Article\",\"@id\":\"https:\\\/\\\/inclusivenews.com.br\\\/?p=29054#article\",\"isPartOf\":{\"@id\":\"https:\\\/\\\/inclusivenews.com.br\\\/?p=29054\"},\"author\":{\"name\":\"inclusivenews2024\",\"@id\":\"https:\\\/\\\/inclusivenews.com.br\\\/#\\\/schema\\\/person\\\/ae4ec7087559b8692fb33b6fffd2273b\"},\"headline\":\"Curso online gratuito com informa\u00e7\u00f5es sobre microcefalia e Zika\",\"datePublished\":\"2016-04-14T10:22:49+00:00\",\"mainEntityOfPage\":{\"@id\":\"https:\\\/\\\/inclusivenews.com.br\\\/?p=29054\"},\"wordCount\":1029,\"commentCount\":2,\"publisher\":{\"@id\":\"https:\\\/\\\/inclusivenews.com.br\\\/#organization\"},\"image\":{\"@id\":\"https:\\\/\\\/inclusivenews.com.br\\\/?p=29054#primaryimage\"},\"thumbnailUrl\":\"http:\\\/\\\/inclusivenews.com.br\\\/wp-content\\\/uploads\\\/2010\\\/01\\\/blogosfera.jpg\",\"articleSection\":[\"INCLUS\u00c3O SOCIAL\",\"Microcefalia\",\"Sa\u00fade\"],\"inLanguage\":\"pt-PT\",\"potentialAction\":[{\"@type\":\"CommentAction\",\"name\":\"Comment\",\"target\":[\"https:\\\/\\\/inclusivenews.com.br\\\/?p=29054#respond\"]}]},{\"@type\":\"WebPage\",\"@id\":\"https:\\\/\\\/inclusivenews.com.br\\\/?p=29054\",\"url\":\"https:\\\/\\\/inclusivenews.com.br\\\/?p=29054\",\"name\":\"Curso online gratuito com informa\u00e7\u00f5es sobre microcefalia e Zika -\",\"isPartOf\":{\"@id\":\"https:\\\/\\\/inclusivenews.com.br\\\/#website\"},\"primaryImageOfPage\":{\"@id\":\"https:\\\/\\\/inclusivenews.com.br\\\/?p=29054#primaryimage\"},\"image\":{\"@id\":\"https:\\\/\\\/inclusivenews.com.br\\\/?p=29054#primaryimage\"},\"thumbnailUrl\":\"http:\\\/\\\/inclusivenews.com.br\\\/wp-content\\\/uploads\\\/2010\\\/01\\\/blogosfera.jpg\",\"datePublished\":\"2016-04-14T10:22:49+00:00\",\"breadcrumb\":{\"@id\":\"https:\\\/\\\/inclusivenews.com.br\\\/?p=29054#breadcrumb\"},\"inLanguage\":\"pt-PT\",\"potentialAction\":[{\"@type\":\"ReadAction\",\"target\":[\"https:\\\/\\\/inclusivenews.com.br\\\/?p=29054\"]}]},{\"@type\":\"ImageObject\",\"inLanguage\":\"pt-PT\",\"@id\":\"https:\\\/\\\/inclusivenews.com.br\\\/?p=29054#primaryimage\",\"url\":\"\",\"contentUrl\":\"\"},{\"@type\":\"BreadcrumbList\",\"@id\":\"https:\\\/\\\/inclusivenews.com.br\\\/?p=29054#breadcrumb\",\"itemListElement\":[{\"@type\":\"ListItem\",\"position\":1,\"name\":\"In\u00edcio\",\"item\":\"https:\\\/\\\/inclusivenews.com.br\\\/\"},{\"@type\":\"ListItem\",\"position\":2,\"name\":\"Curso online gratuito com informa\u00e7\u00f5es sobre microcefalia e Zika\"}]},{\"@type\":\"WebSite\",\"@id\":\"https:\\\/\\\/inclusivenews.com.br\\\/#website\",\"url\":\"https:\\\/\\\/inclusivenews.com.br\\\/\",\"name\":\"Inclusive News\",\"description\":\"Inclusive News\",\"publisher\":{\"@id\":\"https:\\\/\\\/inclusivenews.com.br\\\/#organization\"},\"potentialAction\":[{\"@type\":\"SearchAction\",\"target\":{\"@type\":\"EntryPoint\",\"urlTemplate\":\"https:\\\/\\\/inclusivenews.com.br\\\/?s={search_term_string}\"},\"query-input\":{\"@type\":\"PropertyValueSpecification\",\"valueRequired\":true,\"valueName\":\"search_term_string\"}}],\"inLanguage\":\"pt-PT\"},{\"@type\":\"Organization\",\"@id\":\"https:\\\/\\\/inclusivenews.com.br\\\/#organization\",\"name\":\"Inclusive - inclus\u00e3o e cidadania\",\"url\":\"https:\\\/\\\/inclusivenews.com.br\\\/\",\"logo\":{\"@type\":\"ImageObject\",\"inLanguage\":\"pt-PT\",\"@id\":\"https:\\\/\\\/inclusivenews.com.br\\\/#\\\/schema\\\/logo\\\/image\\\/\",\"url\":\"https:\\\/\\\/inclusivenews.com.br\\\/wp-content\\\/uploads\\\/2024\\\/03\\\/@grandesite.png\",\"contentUrl\":\"https:\\\/\\\/inclusivenews.com.br\\\/wp-content\\\/uploads\\\/2024\\\/03\\\/@grandesite.png\",\"width\":1080,\"height\":1080,\"caption\":\"Inclusive - inclus\u00e3o e cidadania\"},\"image\":{\"@id\":\"https:\\\/\\\/inclusivenews.com.br\\\/#\\\/schema\\\/logo\\\/image\\\/\"},\"sameAs\":[\"https:\\\/\\\/www.facebook.com\\\/agenciainclusive\\\/\",\"https:\\\/\\\/www.instagram.com\\\/newsinclusive\\\/\"]},{\"@type\":\"Person\",\"@id\":\"https:\\\/\\\/inclusivenews.com.br\\\/#\\\/schema\\\/person\\\/ae4ec7087559b8692fb33b6fffd2273b\",\"name\":\"inclusivenews2024\",\"image\":{\"@type\":\"ImageObject\",\"inLanguage\":\"pt-PT\",\"@id\":\"https:\\\/\\\/secure.gravatar.com\\\/avatar\\\/c5a7ef84c66fa914f55bc4f7ce26cfa275a3b9a1c5568b907bd184fb4dde7b40?s=96&d=mm&r=g\",\"url\":\"https:\\\/\\\/secure.gravatar.com\\\/avatar\\\/c5a7ef84c66fa914f55bc4f7ce26cfa275a3b9a1c5568b907bd184fb4dde7b40?s=96&d=mm&r=g\",\"contentUrl\":\"https:\\\/\\\/secure.gravatar.com\\\/avatar\\\/c5a7ef84c66fa914f55bc4f7ce26cfa275a3b9a1c5568b907bd184fb4dde7b40?s=96&d=mm&r=g\",\"caption\":\"inclusivenews2024\"},\"sameAs\":[\"https:\\\/\\\/inclusivenews.com.br\"],\"url\":\"https:\\\/\\\/inclusivenews.com.br\\\/?author=1\"}]}<\/script>\n<!-- \/ Yoast SEO plugin. -->","yoast_head_json":{"title":"Curso online gratuito com informa\u00e7\u00f5es sobre microcefalia e Zika -","robots":{"index":"index","follow":"follow","max-snippet":"max-snippet:-1","max-image-preview":"max-image-preview:large","max-video-preview":"max-video-preview:-1"},"canonical":"https:\/\/inclusivenews.com.br\/?p=29054","og_locale":"pt_PT","og_type":"article","og_title":"Curso online gratuito com informa\u00e7\u00f5es sobre microcefalia e Zika -","og_description":"Curso capacitar\u00e1 profissionais para abordagem cl\u00ednica do v\u00edrus Zika.","og_url":"https:\/\/inclusivenews.com.br\/?p=29054","article_publisher":"https:\/\/www.facebook.com\/agenciainclusive\/","article_published_time":"2016-04-14T10:22:49+00:00","og_image":[{"url":"http:\/\/inclusivenews.com.br\/wp-content\/uploads\/2010\/01\/blogosfera.jpg","type":"","width":"","height":""}],"author":"inclusivenews2024","twitter_card":"summary_large_image","twitter_misc":{"Escrito por":"inclusivenews2024","Tempo estimado de leitura":"5 minutos"},"schema":{"@context":"https:\/\/schema.org","@graph":[{"@type":"Article","@id":"https:\/\/inclusivenews.com.br\/?p=29054#article","isPartOf":{"@id":"https:\/\/inclusivenews.com.br\/?p=29054"},"author":{"name":"inclusivenews2024","@id":"https:\/\/inclusivenews.com.br\/#\/schema\/person\/ae4ec7087559b8692fb33b6fffd2273b"},"headline":"Curso online gratuito com informa\u00e7\u00f5es sobre microcefalia e Zika","datePublished":"2016-04-14T10:22:49+00:00","mainEntityOfPage":{"@id":"https:\/\/inclusivenews.com.br\/?p=29054"},"wordCount":1029,"commentCount":2,"publisher":{"@id":"https:\/\/inclusivenews.com.br\/#organization"},"image":{"@id":"https:\/\/inclusivenews.com.br\/?p=29054#primaryimage"},"thumbnailUrl":"http:\/\/inclusivenews.com.br\/wp-content\/uploads\/2010\/01\/blogosfera.jpg","articleSection":["INCLUS\u00c3O SOCIAL","Microcefalia","Sa\u00fade"],"inLanguage":"pt-PT","potentialAction":[{"@type":"CommentAction","name":"Comment","target":["https:\/\/inclusivenews.com.br\/?p=29054#respond"]}]},{"@type":"WebPage","@id":"https:\/\/inclusivenews.com.br\/?p=29054","url":"https:\/\/inclusivenews.com.br\/?p=29054","name":"Curso online gratuito com informa\u00e7\u00f5es sobre microcefalia e Zika -","isPartOf":{"@id":"https:\/\/inclusivenews.com.br\/#website"},"primaryImageOfPage":{"@id":"https:\/\/inclusivenews.com.br\/?p=29054#primaryimage"},"image":{"@id":"https:\/\/inclusivenews.com.br\/?p=29054#primaryimage"},"thumbnailUrl":"http:\/\/inclusivenews.com.br\/wp-content\/uploads\/2010\/01\/blogosfera.jpg","datePublished":"2016-04-14T10:22:49+00:00","breadcrumb":{"@id":"https:\/\/inclusivenews.com.br\/?p=29054#breadcrumb"},"inLanguage":"pt-PT","potentialAction":[{"@type":"ReadAction","target":["https:\/\/inclusivenews.com.br\/?p=29054"]}]},{"@type":"ImageObject","inLanguage":"pt-PT","@id":"https:\/\/inclusivenews.com.br\/?p=29054#primaryimage","url":"","contentUrl":""},{"@type":"BreadcrumbList","@id":"https:\/\/inclusivenews.com.br\/?p=29054#breadcrumb","itemListElement":[{"@type":"ListItem","position":1,"name":"In\u00edcio","item":"https:\/\/inclusivenews.com.br\/"},{"@type":"ListItem","position":2,"name":"Curso online gratuito com informa\u00e7\u00f5es sobre microcefalia e Zika"}]},{"@type":"WebSite","@id":"https:\/\/inclusivenews.com.br\/#website","url":"https:\/\/inclusivenews.com.br\/","name":"Inclusive News","description":"Inclusive News","publisher":{"@id":"https:\/\/inclusivenews.com.br\/#organization"},"potentialAction":[{"@type":"SearchAction","target":{"@type":"EntryPoint","urlTemplate":"https:\/\/inclusivenews.com.br\/?s={search_term_string}"},"query-input":{"@type":"PropertyValueSpecification","valueRequired":true,"valueName":"search_term_string"}}],"inLanguage":"pt-PT"},{"@type":"Organization","@id":"https:\/\/inclusivenews.com.br\/#organization","name":"Inclusive - inclus\u00e3o e cidadania","url":"https:\/\/inclusivenews.com.br\/","logo":{"@type":"ImageObject","inLanguage":"pt-PT","@id":"https:\/\/inclusivenews.com.br\/#\/schema\/logo\/image\/","url":"https:\/\/inclusivenews.com.br\/wp-content\/uploads\/2024\/03\/@grandesite.png","contentUrl":"https:\/\/inclusivenews.com.br\/wp-content\/uploads\/2024\/03\/@grandesite.png","width":1080,"height":1080,"caption":"Inclusive - inclus\u00e3o e cidadania"},"image":{"@id":"https:\/\/inclusivenews.com.br\/#\/schema\/logo\/image\/"},"sameAs":["https:\/\/www.facebook.com\/agenciainclusive\/","https:\/\/www.instagram.com\/newsinclusive\/"]},{"@type":"Person","@id":"https:\/\/inclusivenews.com.br\/#\/schema\/person\/ae4ec7087559b8692fb33b6fffd2273b","name":"inclusivenews2024","image":{"@type":"ImageObject","inLanguage":"pt-PT","@id":"https:\/\/secure.gravatar.com\/avatar\/c5a7ef84c66fa914f55bc4f7ce26cfa275a3b9a1c5568b907bd184fb4dde7b40?s=96&d=mm&r=g","url":"https:\/\/secure.gravatar.com\/avatar\/c5a7ef84c66fa914f55bc4f7ce26cfa275a3b9a1c5568b907bd184fb4dde7b40?s=96&d=mm&r=g","contentUrl":"https:\/\/secure.gravatar.com\/avatar\/c5a7ef84c66fa914f55bc4f7ce26cfa275a3b9a1c5568b907bd184fb4dde7b40?s=96&d=mm&r=g","caption":"inclusivenews2024"},"sameAs":["https:\/\/inclusivenews.com.br"],"url":"https:\/\/inclusivenews.com.br\/?author=1"}]}},"_links":{"self":[{"href":"https:\/\/inclusivenews.com.br\/index.php?rest_route=\/wp\/v2\/posts\/29054","targetHints":{"allow":["GET"]}}],"collection":[{"href":"https:\/\/inclusivenews.com.br\/index.php?rest_route=\/wp\/v2\/posts"}],"about":[{"href":"https:\/\/inclusivenews.com.br\/index.php?rest_route=\/wp\/v2\/types\/post"}],"author":[{"embeddable":true,"href":"https:\/\/inclusivenews.com.br\/index.php?rest_route=\/wp\/v2\/users\/1"}],"replies":[{"embeddable":true,"href":"https:\/\/inclusivenews.com.br\/index.php?rest_route=%2Fwp%2Fv2%2Fcomments&post=29054"}],"version-history":[{"count":0,"href":"https:\/\/inclusivenews.com.br\/index.php?rest_route=\/wp\/v2\/posts\/29054\/revisions"}],"wp:attachment":[{"href":"https:\/\/inclusivenews.com.br\/index.php?rest_route=%2Fwp%2Fv2%2Fmedia&parent=29054"}],"wp:term":[{"taxonomy":"category","embeddable":true,"href":"https:\/\/inclusivenews.com.br\/index.php?rest_route=%2Fwp%2Fv2%2Fcategories&post=29054"},{"taxonomy":"post_tag","embeddable":true,"href":"https:\/\/inclusivenews.com.br\/index.php?rest_route=%2Fwp%2Fv2%2Ftags&post=29054"}],"curies":[{"name":"wp","href":"https:\/\/api.w.org\/{rel}","templated":true}]}}