{"id":29076,"date":"2016-04-16T09:52:01","date_gmt":"2016-04-16T12:52:01","guid":{"rendered":"http:\/\/www.inclusive.org.br\/?p=29076"},"modified":"2016-04-16T09:52:01","modified_gmt":"2016-04-16T12:52:01","slug":"curso-sobre-tecnologia-digital-e-convivio-familiar","status":"publish","type":"post","link":"https:\/\/inclusivenews.com.br\/?p=29076","title":{"rendered":"Curso sobre tecnologia digital e conv\u00edvio familiar"},"content":{"rendered":"<p>O Instituto Noos SP e ANEXA Associa\u00e7\u00e3o de alunos do N\u00facleo de Fam\u00edlia e Comunidade da Pontif\u00edcia Universidade Cat\u00f3lica de S\u00e3o Paulo, convidam para o workshop Conecte-se \/ Tecnologi@ e F@mili@<\/p>\n<p>Inscreva-se j\u00e1 para conhecer e dialogar com duas terapeutas que utilizam em seus trabalhos essas tecnologias com resultados relevantes.<\/p>\n<p><img loading=\"lazy\" decoding=\"async\" class=\"alignleft\" title=\"Imagem frontal do rosto da palestrante\" alt=\"Imagem frontal do rosto da palestrante\" src=\"http:\/\/www.abratef.org.br\/congresso2014\/congressistas\/cecilia.png\" width=\"105\" height=\"141\" \/>Cec\u00edlia Cruz Villares &#8211; Terapeuta Ocupacional, mestre em Sa\u00fade Mental e terapeuta de fam\u00edlia pelo Instituto Familiae\/SP. Trabalha no Programa de Esquizofrenia do Departamento de Psiquiatria da Universidade Federal de S\u00e3o Paulo e coordena a\u00e7\u00f5es de educa\u00e7\u00e3o, apoio e defesa de direitos na Associa\u00e7\u00e3o Brasileira de Esquizofrenia \u2013 ABRE, onde vem desenvolvendo abordagens mediadas pela tecnologia digital para criar redes de apoio, di\u00e1logo e a\u00e7\u00e3o para disseminar informa\u00e7\u00f5es e combater o estigma associado \u00e0 esquizofrenia.<\/p>\n<p><img loading=\"lazy\" decoding=\"async\" class=\"alignright\" title=\"Imagem frontal do rosto da palestrante\" alt=\"Imagem frontal do rosto da palestrante\" src=\"http:\/\/i0.wp.com\/conane.pro.br\/2015\/wp-content\/uploads\/2015\/07\/paula_ayub.jpg?fit=300%2C298\" width=\"126\" height=\"125\" \/>Paula Ayub &#8211; Psic\u00f3loga e terapeuta de fam\u00edlia e casal, pela PUC SP, \u00e9 diretora do Centro de Conviv\u00eancia Movimento \u2013 espa\u00e7o terap\u00eautico para pessoas com defici\u00eancia intelectual e transtornos de desenvolvimento e suas fam\u00edlias. Utiliza a tecnologia no trabalho com pessoas com transtorno no desenvolvimento tem se mostrado uma ferramenta cada vez mais potente, al\u00e9m de promover proximidade efetiva e com o cliente: ela te transforma em um ser contempor\u00e2neo.<\/p>\n<p>Quando: 29 de abril, sexta-feira, das 14:30 \u00e0s 17:30h Onde: Instituto Noos S\u00e3o Paulo &#8211; Rua Fradique Coutinho, 2025 &#8211; Vila Madalena<\/p>\n<p>Informa\u00e7\u00f5es e inscri\u00e7\u00f5es: Instituto Noos SP Tel 11-3812.8985 e 9.7488.7412 <a href=\"mailto:secretariasp@noos.org.br\">secretariasp@noos.org.br<\/a><\/p>\n","protected":false},"excerpt":{"rendered":"<p>O Instituto Noos SP e ANEXA Associa\u00e7\u00e3o de alunos do N\u00facleo de Fam\u00edlia e Comunidade da Pontif\u00edcia Universidade Cat\u00f3lica de S\u00e3o Paulo, convidam para o workshop Conecte-se \/ Tecnologi@ e F@mili@. Informa\u00e7\u00f5es e inscri\u00e7\u00f5es: Instituto Noos SP Tel 11-3812.8985 e 9.7488.7412 secretariasp@noos.org.br<\/p>\n","protected":false},"author":1,"featured_media":0,"comment_status":"open","ping_status":"open","sticky":false,"template":"","format":"standard","meta":{"site-container-style":"default","site-container-layout":"default","site-sidebar-layout":"default","disable-article-header":"default","disable-site-header":"default","disable-site-footer":"default","disable-content-area-spacing":"default","footnotes":""},"categories":[4],"tags":[],"class_list":["post-29076","post","type-post","status-publish","format-standard","hentry","category-noticias"],"yoast_head":"<!-- This site is optimized with the Yoast SEO plugin v27.4 - https:\/\/yoast.com\/product\/yoast-seo-wordpress\/ -->\n<title>Curso sobre tecnologia digital e conv\u00edvio familiar -<\/title>\n<meta name=\"robots\" content=\"index, follow, max-snippet:-1, max-image-preview:large, max-video-preview:-1\" \/>\n<link rel=\"canonical\" href=\"https:\/\/inclusivenews.com.br\/?p=29076\" \/>\n<meta property=\"og:locale\" content=\"pt_PT\" \/>\n<meta property=\"og:type\" content=\"article\" \/>\n<meta property=\"og:title\" content=\"Curso sobre tecnologia digital e conv\u00edvio familiar -\" \/>\n<meta property=\"og:description\" content=\"O Instituto Noos SP e ANEXA Associa\u00e7\u00e3o de alunos do N\u00facleo de Fam\u00edlia e Comunidade da Pontif\u00edcia Universidade Cat\u00f3lica de S\u00e3o Paulo, convidam para o workshop Conecte-se \/ Tecnologi@ e F@mili@. Informa\u00e7\u00f5es e inscri\u00e7\u00f5es: Instituto Noos SP Tel 11-3812.8985 e 9.7488.7412 secretariasp@noos.org.br\" \/>\n<meta property=\"og:url\" content=\"https:\/\/inclusivenews.com.br\/?p=29076\" \/>\n<meta property=\"article:publisher\" content=\"https:\/\/www.facebook.com\/agenciainclusive\/\" \/>\n<meta property=\"article:published_time\" content=\"2016-04-16T12:52:01+00:00\" \/>\n<meta property=\"og:image\" content=\"http:\/\/www.abratef.org.br\/congresso2014\/congressistas\/cecilia.png\" \/>\n<meta name=\"author\" content=\"inclusivenews2024\" \/>\n<meta name=\"twitter:card\" content=\"summary_large_image\" \/>\n<meta name=\"twitter:label1\" content=\"Escrito por\" \/>\n\t<meta name=\"twitter:data1\" content=\"inclusivenews2024\" \/>\n\t<meta name=\"twitter:label2\" content=\"Tempo estimado de leitura\" \/>\n\t<meta name=\"twitter:data2\" content=\"1 minuto\" \/>\n<script type=\"application\/ld+json\" class=\"yoast-schema-graph\">{\"@context\":\"https:\\\/\\\/schema.org\",\"@graph\":[{\"@type\":\"Article\",\"@id\":\"https:\\\/\\\/inclusivenews.com.br\\\/?p=29076#article\",\"isPartOf\":{\"@id\":\"https:\\\/\\\/inclusivenews.com.br\\\/?p=29076\"},\"author\":{\"name\":\"inclusivenews2024\",\"@id\":\"https:\\\/\\\/inclusivenews.com.br\\\/#\\\/schema\\\/person\\\/ae4ec7087559b8692fb33b6fffd2273b\"},\"headline\":\"Curso sobre tecnologia digital e conv\u00edvio familiar\",\"datePublished\":\"2016-04-16T12:52:01+00:00\",\"mainEntityOfPage\":{\"@id\":\"https:\\\/\\\/inclusivenews.com.br\\\/?p=29076\"},\"wordCount\":261,\"commentCount\":0,\"publisher\":{\"@id\":\"https:\\\/\\\/inclusivenews.com.br\\\/#organization\"},\"image\":{\"@id\":\"https:\\\/\\\/inclusivenews.com.br\\\/?p=29076#primaryimage\"},\"thumbnailUrl\":\"http:\\\/\\\/www.abratef.org.br\\\/congresso2014\\\/congressistas\\\/cecilia.png\",\"articleSection\":[\"NOT\u00cdCIAS\"],\"inLanguage\":\"pt-PT\",\"potentialAction\":[{\"@type\":\"CommentAction\",\"name\":\"Comment\",\"target\":[\"https:\\\/\\\/inclusivenews.com.br\\\/?p=29076#respond\"]}]},{\"@type\":\"WebPage\",\"@id\":\"https:\\\/\\\/inclusivenews.com.br\\\/?p=29076\",\"url\":\"https:\\\/\\\/inclusivenews.com.br\\\/?p=29076\",\"name\":\"Curso sobre tecnologia digital e conv\u00edvio familiar -\",\"isPartOf\":{\"@id\":\"https:\\\/\\\/inclusivenews.com.br\\\/#website\"},\"primaryImageOfPage\":{\"@id\":\"https:\\\/\\\/inclusivenews.com.br\\\/?p=29076#primaryimage\"},\"image\":{\"@id\":\"https:\\\/\\\/inclusivenews.com.br\\\/?p=29076#primaryimage\"},\"thumbnailUrl\":\"http:\\\/\\\/www.abratef.org.br\\\/congresso2014\\\/congressistas\\\/cecilia.png\",\"datePublished\":\"2016-04-16T12:52:01+00:00\",\"breadcrumb\":{\"@id\":\"https:\\\/\\\/inclusivenews.com.br\\\/?p=29076#breadcrumb\"},\"inLanguage\":\"pt-PT\",\"potentialAction\":[{\"@type\":\"ReadAction\",\"target\":[\"https:\\\/\\\/inclusivenews.com.br\\\/?p=29076\"]}]},{\"@type\":\"ImageObject\",\"inLanguage\":\"pt-PT\",\"@id\":\"https:\\\/\\\/inclusivenews.com.br\\\/?p=29076#primaryimage\",\"url\":\"http:\\\/\\\/www.abratef.org.br\\\/congresso2014\\\/congressistas\\\/cecilia.png\",\"contentUrl\":\"http:\\\/\\\/www.abratef.org.br\\\/congresso2014\\\/congressistas\\\/cecilia.png\"},{\"@type\":\"BreadcrumbList\",\"@id\":\"https:\\\/\\\/inclusivenews.com.br\\\/?p=29076#breadcrumb\",\"itemListElement\":[{\"@type\":\"ListItem\",\"position\":1,\"name\":\"In\u00edcio\",\"item\":\"https:\\\/\\\/inclusivenews.com.br\\\/\"},{\"@type\":\"ListItem\",\"position\":2,\"name\":\"Curso sobre tecnologia digital e conv\u00edvio familiar\"}]},{\"@type\":\"WebSite\",\"@id\":\"https:\\\/\\\/inclusivenews.com.br\\\/#website\",\"url\":\"https:\\\/\\\/inclusivenews.com.br\\\/\",\"name\":\"Inclusive News\",\"description\":\"Inclusive News\",\"publisher\":{\"@id\":\"https:\\\/\\\/inclusivenews.com.br\\\/#organization\"},\"potentialAction\":[{\"@type\":\"SearchAction\",\"target\":{\"@type\":\"EntryPoint\",\"urlTemplate\":\"https:\\\/\\\/inclusivenews.com.br\\\/?s={search_term_string}\"},\"query-input\":{\"@type\":\"PropertyValueSpecification\",\"valueRequired\":true,\"valueName\":\"search_term_string\"}}],\"inLanguage\":\"pt-PT\"},{\"@type\":\"Organization\",\"@id\":\"https:\\\/\\\/inclusivenews.com.br\\\/#organization\",\"name\":\"Inclusive - inclus\u00e3o e cidadania\",\"url\":\"https:\\\/\\\/inclusivenews.com.br\\\/\",\"logo\":{\"@type\":\"ImageObject\",\"inLanguage\":\"pt-PT\",\"@id\":\"https:\\\/\\\/inclusivenews.com.br\\\/#\\\/schema\\\/logo\\\/image\\\/\",\"url\":\"https:\\\/\\\/inclusivenews.com.br\\\/wp-content\\\/uploads\\\/2024\\\/03\\\/@grandesite.png\",\"contentUrl\":\"https:\\\/\\\/inclusivenews.com.br\\\/wp-content\\\/uploads\\\/2024\\\/03\\\/@grandesite.png\",\"width\":1080,\"height\":1080,\"caption\":\"Inclusive - inclus\u00e3o e cidadania\"},\"image\":{\"@id\":\"https:\\\/\\\/inclusivenews.com.br\\\/#\\\/schema\\\/logo\\\/image\\\/\"},\"sameAs\":[\"https:\\\/\\\/www.facebook.com\\\/agenciainclusive\\\/\",\"https:\\\/\\\/www.instagram.com\\\/newsinclusive\\\/\"]},{\"@type\":\"Person\",\"@id\":\"https:\\\/\\\/inclusivenews.com.br\\\/#\\\/schema\\\/person\\\/ae4ec7087559b8692fb33b6fffd2273b\",\"name\":\"inclusivenews2024\",\"image\":{\"@type\":\"ImageObject\",\"inLanguage\":\"pt-PT\",\"@id\":\"https:\\\/\\\/secure.gravatar.com\\\/avatar\\\/c5a7ef84c66fa914f55bc4f7ce26cfa275a3b9a1c5568b907bd184fb4dde7b40?s=96&d=mm&r=g\",\"url\":\"https:\\\/\\\/secure.gravatar.com\\\/avatar\\\/c5a7ef84c66fa914f55bc4f7ce26cfa275a3b9a1c5568b907bd184fb4dde7b40?s=96&d=mm&r=g\",\"contentUrl\":\"https:\\\/\\\/secure.gravatar.com\\\/avatar\\\/c5a7ef84c66fa914f55bc4f7ce26cfa275a3b9a1c5568b907bd184fb4dde7b40?s=96&d=mm&r=g\",\"caption\":\"inclusivenews2024\"},\"sameAs\":[\"https:\\\/\\\/inclusivenews.com.br\"],\"url\":\"https:\\\/\\\/inclusivenews.com.br\\\/?author=1\"}]}<\/script>\n<!-- \/ Yoast SEO plugin. -->","yoast_head_json":{"title":"Curso sobre tecnologia digital e conv\u00edvio familiar -","robots":{"index":"index","follow":"follow","max-snippet":"max-snippet:-1","max-image-preview":"max-image-preview:large","max-video-preview":"max-video-preview:-1"},"canonical":"https:\/\/inclusivenews.com.br\/?p=29076","og_locale":"pt_PT","og_type":"article","og_title":"Curso sobre tecnologia digital e conv\u00edvio familiar -","og_description":"O Instituto Noos SP e ANEXA Associa\u00e7\u00e3o de alunos do N\u00facleo de Fam\u00edlia e Comunidade da Pontif\u00edcia Universidade Cat\u00f3lica de S\u00e3o Paulo, convidam para o workshop Conecte-se \/ Tecnologi@ e F@mili@. Informa\u00e7\u00f5es e inscri\u00e7\u00f5es: Instituto Noos SP Tel 11-3812.8985 e 9.7488.7412 secretariasp@noos.org.br","og_url":"https:\/\/inclusivenews.com.br\/?p=29076","article_publisher":"https:\/\/www.facebook.com\/agenciainclusive\/","article_published_time":"2016-04-16T12:52:01+00:00","og_image":[{"url":"http:\/\/www.abratef.org.br\/congresso2014\/congressistas\/cecilia.png","type":"","width":"","height":""}],"author":"inclusivenews2024","twitter_card":"summary_large_image","twitter_misc":{"Escrito por":"inclusivenews2024","Tempo estimado de leitura":"1 minuto"},"schema":{"@context":"https:\/\/schema.org","@graph":[{"@type":"Article","@id":"https:\/\/inclusivenews.com.br\/?p=29076#article","isPartOf":{"@id":"https:\/\/inclusivenews.com.br\/?p=29076"},"author":{"name":"inclusivenews2024","@id":"https:\/\/inclusivenews.com.br\/#\/schema\/person\/ae4ec7087559b8692fb33b6fffd2273b"},"headline":"Curso sobre tecnologia digital e conv\u00edvio familiar","datePublished":"2016-04-16T12:52:01+00:00","mainEntityOfPage":{"@id":"https:\/\/inclusivenews.com.br\/?p=29076"},"wordCount":261,"commentCount":0,"publisher":{"@id":"https:\/\/inclusivenews.com.br\/#organization"},"image":{"@id":"https:\/\/inclusivenews.com.br\/?p=29076#primaryimage"},"thumbnailUrl":"http:\/\/www.abratef.org.br\/congresso2014\/congressistas\/cecilia.png","articleSection":["NOT\u00cdCIAS"],"inLanguage":"pt-PT","potentialAction":[{"@type":"CommentAction","name":"Comment","target":["https:\/\/inclusivenews.com.br\/?p=29076#respond"]}]},{"@type":"WebPage","@id":"https:\/\/inclusivenews.com.br\/?p=29076","url":"https:\/\/inclusivenews.com.br\/?p=29076","name":"Curso sobre tecnologia digital e conv\u00edvio familiar -","isPartOf":{"@id":"https:\/\/inclusivenews.com.br\/#website"},"primaryImageOfPage":{"@id":"https:\/\/inclusivenews.com.br\/?p=29076#primaryimage"},"image":{"@id":"https:\/\/inclusivenews.com.br\/?p=29076#primaryimage"},"thumbnailUrl":"http:\/\/www.abratef.org.br\/congresso2014\/congressistas\/cecilia.png","datePublished":"2016-04-16T12:52:01+00:00","breadcrumb":{"@id":"https:\/\/inclusivenews.com.br\/?p=29076#breadcrumb"},"inLanguage":"pt-PT","potentialAction":[{"@type":"ReadAction","target":["https:\/\/inclusivenews.com.br\/?p=29076"]}]},{"@type":"ImageObject","inLanguage":"pt-PT","@id":"https:\/\/inclusivenews.com.br\/?p=29076#primaryimage","url":"http:\/\/www.abratef.org.br\/congresso2014\/congressistas\/cecilia.png","contentUrl":"http:\/\/www.abratef.org.br\/congresso2014\/congressistas\/cecilia.png"},{"@type":"BreadcrumbList","@id":"https:\/\/inclusivenews.com.br\/?p=29076#breadcrumb","itemListElement":[{"@type":"ListItem","position":1,"name":"In\u00edcio","item":"https:\/\/inclusivenews.com.br\/"},{"@type":"ListItem","position":2,"name":"Curso sobre tecnologia digital e conv\u00edvio familiar"}]},{"@type":"WebSite","@id":"https:\/\/inclusivenews.com.br\/#website","url":"https:\/\/inclusivenews.com.br\/","name":"Inclusive News","description":"Inclusive News","publisher":{"@id":"https:\/\/inclusivenews.com.br\/#organization"},"potentialAction":[{"@type":"SearchAction","target":{"@type":"EntryPoint","urlTemplate":"https:\/\/inclusivenews.com.br\/?s={search_term_string}"},"query-input":{"@type":"PropertyValueSpecification","valueRequired":true,"valueName":"search_term_string"}}],"inLanguage":"pt-PT"},{"@type":"Organization","@id":"https:\/\/inclusivenews.com.br\/#organization","name":"Inclusive - inclus\u00e3o e cidadania","url":"https:\/\/inclusivenews.com.br\/","logo":{"@type":"ImageObject","inLanguage":"pt-PT","@id":"https:\/\/inclusivenews.com.br\/#\/schema\/logo\/image\/","url":"https:\/\/inclusivenews.com.br\/wp-content\/uploads\/2024\/03\/@grandesite.png","contentUrl":"https:\/\/inclusivenews.com.br\/wp-content\/uploads\/2024\/03\/@grandesite.png","width":1080,"height":1080,"caption":"Inclusive - inclus\u00e3o e cidadania"},"image":{"@id":"https:\/\/inclusivenews.com.br\/#\/schema\/logo\/image\/"},"sameAs":["https:\/\/www.facebook.com\/agenciainclusive\/","https:\/\/www.instagram.com\/newsinclusive\/"]},{"@type":"Person","@id":"https:\/\/inclusivenews.com.br\/#\/schema\/person\/ae4ec7087559b8692fb33b6fffd2273b","name":"inclusivenews2024","image":{"@type":"ImageObject","inLanguage":"pt-PT","@id":"https:\/\/secure.gravatar.com\/avatar\/c5a7ef84c66fa914f55bc4f7ce26cfa275a3b9a1c5568b907bd184fb4dde7b40?s=96&d=mm&r=g","url":"https:\/\/secure.gravatar.com\/avatar\/c5a7ef84c66fa914f55bc4f7ce26cfa275a3b9a1c5568b907bd184fb4dde7b40?s=96&d=mm&r=g","contentUrl":"https:\/\/secure.gravatar.com\/avatar\/c5a7ef84c66fa914f55bc4f7ce26cfa275a3b9a1c5568b907bd184fb4dde7b40?s=96&d=mm&r=g","caption":"inclusivenews2024"},"sameAs":["https:\/\/inclusivenews.com.br"],"url":"https:\/\/inclusivenews.com.br\/?author=1"}]}},"_links":{"self":[{"href":"https:\/\/inclusivenews.com.br\/index.php?rest_route=\/wp\/v2\/posts\/29076","targetHints":{"allow":["GET"]}}],"collection":[{"href":"https:\/\/inclusivenews.com.br\/index.php?rest_route=\/wp\/v2\/posts"}],"about":[{"href":"https:\/\/inclusivenews.com.br\/index.php?rest_route=\/wp\/v2\/types\/post"}],"author":[{"embeddable":true,"href":"https:\/\/inclusivenews.com.br\/index.php?rest_route=\/wp\/v2\/users\/1"}],"replies":[{"embeddable":true,"href":"https:\/\/inclusivenews.com.br\/index.php?rest_route=%2Fwp%2Fv2%2Fcomments&post=29076"}],"version-history":[{"count":0,"href":"https:\/\/inclusivenews.com.br\/index.php?rest_route=\/wp\/v2\/posts\/29076\/revisions"}],"wp:attachment":[{"href":"https:\/\/inclusivenews.com.br\/index.php?rest_route=%2Fwp%2Fv2%2Fmedia&parent=29076"}],"wp:term":[{"taxonomy":"category","embeddable":true,"href":"https:\/\/inclusivenews.com.br\/index.php?rest_route=%2Fwp%2Fv2%2Fcategories&post=29076"},{"taxonomy":"post_tag","embeddable":true,"href":"https:\/\/inclusivenews.com.br\/index.php?rest_route=%2Fwp%2Fv2%2Ftags&post=29076"}],"curies":[{"name":"wp","href":"https:\/\/api.w.org\/{rel}","templated":true}]}}