{"id":29233,"date":"2016-04-22T07:27:58","date_gmt":"2016-04-22T10:27:58","guid":{"rendered":"http:\/\/www.inclusive.org.br\/?p=29233"},"modified":"2016-04-22T07:27:58","modified_gmt":"2016-04-22T10:27:58","slug":"4a-conferencia-nacional-dos-direitos-das-pessoas-com-deficiencia","status":"publish","type":"post","link":"https:\/\/inclusivenews.com.br\/?p=29233","title":{"rendered":"4\u00aa Confer\u00eancia Nacional dos Direitos das Pessoas com Defici\u00eancia"},"content":{"rendered":"<div>\n<p><img loading=\"lazy\" decoding=\"async\" class=\"alignnone size-full wp-image-29234\" title=\"baner da Confer\u00eancia, com letras azuis em fundo branco e detalhes em verde.\" alt=\"baner da Confer\u00eancia, com letras azuis em fundo branco e detalhes em verde.\" src=\"http:\/\/inclusivenews.com.br\/wp-content\/uploads\/conf3.jpg\" width=\"384\" height=\"299\" \/><\/p>\n<p><strong>IV Confer\u00eancia Nacional dos Direitos da Pessoa com Defici\u00eancia<\/strong><\/p>\n<p>Os desafios na implementa\u00e7\u00e3o da pol\u00edtica da pessoa com defici\u00eancia: a transversalidade como radicalidade dos direitos humanos<\/p>\n<p><em>IV Confer\u00eancia Nacional &#8211; Minuta Texto Base e Orientativo <a title=\"Clique para baixar o arquivo IV Confer\u00eancia Nacional - texto Base e Orienta\u00e7\u00f5es Gerais.doc\" href=\"\/app\/sites\/default\/files\/arquivos\/%5Bfield_generico_imagens-filefield-description%5D_66.doc\" target=\"_blank\" rel=\"noopener\">Baixar<br \/>\n<\/a>IV Confer\u00eancia Nacional &#8211; Minuta Texto Base e Orientativo <a title=\"Clique para baixar o arquivo IV Confer\u00eancia Nacional - texto Base e Orienta\u00e7\u00f5es Gerais Acess\u00edvel.doc\" href=\"\/app\/sites\/default\/files\/arquivos\/%5Bfield_generico_imagens-filefield-description%5D_70.doc\" target=\"_blank\" rel=\"noopener\">Baixar<br \/>\n<\/a>Programa\u00e7\u00e3o da 4\u00aa Confer\u00eancia Nacional dos Direitos da Pessoa com Defici\u00eancia <a title=\"Clique para baixar o arquivo Programa\u00e7\u00e3o da 4\u00aa Confer\u00eancia Nacional dos Direitos da Pessoa com Defici\u00eancia.pdf\" href=\"\/app\/sites\/default\/files\/arquivos\/%5Bfield_generico_imagens-filefield-description%5D_167.pdf\" target=\"_blank\" rel=\"noopener\">Baixar<\/a><\/em><\/p>\n<p><strong>Programa\u00e7\u00e3o<\/strong><\/p>\n<p>Domingo, 24 de Abril de 2016<br \/>\n14h: Abertura do Credenciamento<br \/>\n17h: Solenidade conjunta de abertura das Confer\u00eancias Nacionais (Pessoa com Defici\u00eancia, Pessoa Idosa, LGBT e Crian\u00e7a e Adolescente)<br \/>\n19h: Jantar (CICB)<\/p>\n<p>Segunda-feira, 25 de Abril de 2016<br \/>\n8h30: Palestra Magna &#8211; Palestrante: Paulo Vannuchi (Membro da Comiss\u00e3o Interamericana de Direitos Humanos da Organiza\u00e7\u00e3o dos Estados Americanos \u2013 OEA.<br \/>\n10h: Palestras dos Eixos Tem\u00e1ticos<br \/>\nEixo I \u2013 Palestrante: Cl\u00e1udia Grabois (Presidente da Comiss\u00e3o de Direitos das Pessoas com Defici\u00eancia do Instituto Brasileiro de Direito de Fam\u00edlia).<br \/>\nDebatedor: Jorge Amaro Borges (Mestre em Educa\u00e7\u00e3o e Doutorando em Pol\u00edticas P\u00fablicas)<br \/>\nEixo II \u2013 Palestrante: Renato Sim\u00f5es (Assessor Especial para a Participa\u00e7\u00e3o Social do Ministro-Chefe da Secretaria de Governo da Presid\u00eancia da Rep\u00fablica)<br \/>\nEixo III \u2013 Palestrante: Rejane Dias (Secret\u00e1ria de Educa\u00e7\u00e3o e Cultura do Estado do Piau\u00ed)<br \/>\n12h: Almo\u00e7o (CICB)<br \/>\n14h: Palestra \u201cArte, Cidadania e Espiritualidade\u201d. Palestrante: Marcos Frota (Ator)<br \/>\n14h30: Aprova\u00e7\u00e3o do Regimento Interno da 4\u00aa Confer\u00eancia Nacional<br \/>\n16h30: Mesa-redonda sobre a Lei Brasileira de Inclus\u00e3o (Estatuto da Pessoa com Defici\u00eancia)<br \/>\n18h: Encontro com Delegadas(os) da 12\u00aa CNDH<br \/>\n19h: Jantar (CICB)<\/p>\n<p>Ter\u00e7a-feira, 26 de Abril de 2016<br \/>\n8h30: In\u00edcio dos trabalhos das miniplen\u00e1rias (grupos de trabalho)<br \/>\n12h: Almo\u00e7o (CICB)<br \/>\n14h: Continua\u00e7\u00e3o dos trabalhos das miniplen\u00e1rias (grupos de trabalho)<br \/>\n19h: Jantar (CICB)<\/p>\n<p>Quarta-feira, 27 de Abril de 2016<br \/>\n8h: Plen\u00e1ria Final<br \/>\n12h: Almo\u00e7o (CICB)<br \/>\n17h: Abertura da 12\u00aa Confer\u00eancia Nacional de Direitos Humanos<br \/>\n19h: Jantar (CICB)<\/p>\n<p>Quinta e sexta-feira , 28 e 29 de Abril<br \/>\nPrograma\u00e7\u00e3o da 12\u00aa Confer\u00eancia Nacional de Direitos Humanos<\/p>\n<\/div>\n","protected":false},"excerpt":{"rendered":"<p>IV Confer\u00eancia Nacional dos Direitos da Pessoa com Defici\u00eancia &#8211; &#8220;Os desafios na implementa\u00e7\u00e3o da pol\u00edtica da pessoa com defici\u00eancia: a transversalidade como radicalidade dos direitos humanos&#8221;. Programa\u00e7\u00e3o e documentos.<\/p>\n","protected":false},"author":1,"featured_media":0,"comment_status":"open","ping_status":"open","sticky":false,"template":"","format":"standard","meta":{"site-container-style":"default","site-container-layout":"default","site-sidebar-layout":"default","disable-article-header":"default","disable-site-header":"default","disable-site-footer":"default","disable-content-area-spacing":"default","footnotes":""},"categories":[11],"tags":[],"class_list":["post-29233","post","type-post","status-publish","format-standard","hentry","category-direitos-humanos"],"yoast_head":"<!-- This site is optimized with the Yoast SEO plugin v27.4 - https:\/\/yoast.com\/product\/yoast-seo-wordpress\/ -->\n<title>4\u00aa Confer\u00eancia Nacional dos Direitos das Pessoas com Defici\u00eancia -<\/title>\n<meta name=\"robots\" content=\"index, follow, max-snippet:-1, max-image-preview:large, max-video-preview:-1\" \/>\n<link rel=\"canonical\" href=\"https:\/\/inclusivenews.com.br\/?p=29233\" \/>\n<meta property=\"og:locale\" content=\"pt_PT\" \/>\n<meta property=\"og:type\" content=\"article\" \/>\n<meta property=\"og:title\" content=\"4\u00aa Confer\u00eancia Nacional dos Direitos das Pessoas com Defici\u00eancia -\" \/>\n<meta property=\"og:description\" content=\"IV Confer\u00eancia Nacional dos Direitos da Pessoa com Defici\u00eancia - &quot;Os desafios na implementa\u00e7\u00e3o da pol\u00edtica da pessoa com defici\u00eancia: a transversalidade como radicalidade dos direitos humanos&quot;. Programa\u00e7\u00e3o e documentos.\" \/>\n<meta property=\"og:url\" content=\"https:\/\/inclusivenews.com.br\/?p=29233\" \/>\n<meta property=\"article:publisher\" content=\"https:\/\/www.facebook.com\/agenciainclusive\/\" \/>\n<meta property=\"article:published_time\" content=\"2016-04-22T10:27:58+00:00\" \/>\n<meta property=\"og:image\" content=\"http:\/\/inclusivenews.com.br\/wp-content\/uploads\/conf3.jpg\" \/>\n<meta name=\"author\" content=\"inclusivenews2024\" \/>\n<meta name=\"twitter:card\" content=\"summary_large_image\" \/>\n<meta name=\"twitter:label1\" content=\"Escrito por\" \/>\n\t<meta name=\"twitter:data1\" content=\"inclusivenews2024\" \/>\n\t<meta name=\"twitter:label2\" content=\"Tempo estimado de leitura\" \/>\n\t<meta name=\"twitter:data2\" content=\"2 minutos\" \/>\n<script type=\"application\/ld+json\" class=\"yoast-schema-graph\">{\"@context\":\"https:\\\/\\\/schema.org\",\"@graph\":[{\"@type\":\"Article\",\"@id\":\"https:\\\/\\\/inclusivenews.com.br\\\/?p=29233#article\",\"isPartOf\":{\"@id\":\"https:\\\/\\\/inclusivenews.com.br\\\/?p=29233\"},\"author\":{\"name\":\"inclusivenews2024\",\"@id\":\"https:\\\/\\\/inclusivenews.com.br\\\/#\\\/schema\\\/person\\\/ae4ec7087559b8692fb33b6fffd2273b\"},\"headline\":\"4\u00aa Confer\u00eancia Nacional dos Direitos das Pessoas com Defici\u00eancia\",\"datePublished\":\"2016-04-22T10:27:58+00:00\",\"mainEntityOfPage\":{\"@id\":\"https:\\\/\\\/inclusivenews.com.br\\\/?p=29233\"},\"wordCount\":346,\"commentCount\":0,\"publisher\":{\"@id\":\"https:\\\/\\\/inclusivenews.com.br\\\/#organization\"},\"image\":{\"@id\":\"https:\\\/\\\/inclusivenews.com.br\\\/?p=29233#primaryimage\"},\"thumbnailUrl\":\"http:\\\/\\\/inclusivenews.com.br\\\/wp-content\\\/uploads\\\/conf3.jpg\",\"articleSection\":[\"DIREITOS HUMANOS\"],\"inLanguage\":\"pt-PT\",\"potentialAction\":[{\"@type\":\"CommentAction\",\"name\":\"Comment\",\"target\":[\"https:\\\/\\\/inclusivenews.com.br\\\/?p=29233#respond\"]}]},{\"@type\":\"WebPage\",\"@id\":\"https:\\\/\\\/inclusivenews.com.br\\\/?p=29233\",\"url\":\"https:\\\/\\\/inclusivenews.com.br\\\/?p=29233\",\"name\":\"4\u00aa Confer\u00eancia Nacional dos Direitos das Pessoas com Defici\u00eancia -\",\"isPartOf\":{\"@id\":\"https:\\\/\\\/inclusivenews.com.br\\\/#website\"},\"primaryImageOfPage\":{\"@id\":\"https:\\\/\\\/inclusivenews.com.br\\\/?p=29233#primaryimage\"},\"image\":{\"@id\":\"https:\\\/\\\/inclusivenews.com.br\\\/?p=29233#primaryimage\"},\"thumbnailUrl\":\"http:\\\/\\\/inclusivenews.com.br\\\/wp-content\\\/uploads\\\/conf3.jpg\",\"datePublished\":\"2016-04-22T10:27:58+00:00\",\"breadcrumb\":{\"@id\":\"https:\\\/\\\/inclusivenews.com.br\\\/?p=29233#breadcrumb\"},\"inLanguage\":\"pt-PT\",\"potentialAction\":[{\"@type\":\"ReadAction\",\"target\":[\"https:\\\/\\\/inclusivenews.com.br\\\/?p=29233\"]}]},{\"@type\":\"ImageObject\",\"inLanguage\":\"pt-PT\",\"@id\":\"https:\\\/\\\/inclusivenews.com.br\\\/?p=29233#primaryimage\",\"url\":\"\",\"contentUrl\":\"\"},{\"@type\":\"BreadcrumbList\",\"@id\":\"https:\\\/\\\/inclusivenews.com.br\\\/?p=29233#breadcrumb\",\"itemListElement\":[{\"@type\":\"ListItem\",\"position\":1,\"name\":\"In\u00edcio\",\"item\":\"https:\\\/\\\/inclusivenews.com.br\\\/\"},{\"@type\":\"ListItem\",\"position\":2,\"name\":\"4\u00aa Confer\u00eancia Nacional dos Direitos das Pessoas com Defici\u00eancia\"}]},{\"@type\":\"WebSite\",\"@id\":\"https:\\\/\\\/inclusivenews.com.br\\\/#website\",\"url\":\"https:\\\/\\\/inclusivenews.com.br\\\/\",\"name\":\"Inclusive News\",\"description\":\"Inclusive News\",\"publisher\":{\"@id\":\"https:\\\/\\\/inclusivenews.com.br\\\/#organization\"},\"potentialAction\":[{\"@type\":\"SearchAction\",\"target\":{\"@type\":\"EntryPoint\",\"urlTemplate\":\"https:\\\/\\\/inclusivenews.com.br\\\/?s={search_term_string}\"},\"query-input\":{\"@type\":\"PropertyValueSpecification\",\"valueRequired\":true,\"valueName\":\"search_term_string\"}}],\"inLanguage\":\"pt-PT\"},{\"@type\":\"Organization\",\"@id\":\"https:\\\/\\\/inclusivenews.com.br\\\/#organization\",\"name\":\"Inclusive - inclus\u00e3o e cidadania\",\"url\":\"https:\\\/\\\/inclusivenews.com.br\\\/\",\"logo\":{\"@type\":\"ImageObject\",\"inLanguage\":\"pt-PT\",\"@id\":\"https:\\\/\\\/inclusivenews.com.br\\\/#\\\/schema\\\/logo\\\/image\\\/\",\"url\":\"https:\\\/\\\/inclusivenews.com.br\\\/wp-content\\\/uploads\\\/2024\\\/03\\\/@grandesite.png\",\"contentUrl\":\"https:\\\/\\\/inclusivenews.com.br\\\/wp-content\\\/uploads\\\/2024\\\/03\\\/@grandesite.png\",\"width\":1080,\"height\":1080,\"caption\":\"Inclusive - inclus\u00e3o e cidadania\"},\"image\":{\"@id\":\"https:\\\/\\\/inclusivenews.com.br\\\/#\\\/schema\\\/logo\\\/image\\\/\"},\"sameAs\":[\"https:\\\/\\\/www.facebook.com\\\/agenciainclusive\\\/\",\"https:\\\/\\\/www.instagram.com\\\/newsinclusive\\\/\"]},{\"@type\":\"Person\",\"@id\":\"https:\\\/\\\/inclusivenews.com.br\\\/#\\\/schema\\\/person\\\/ae4ec7087559b8692fb33b6fffd2273b\",\"name\":\"inclusivenews2024\",\"image\":{\"@type\":\"ImageObject\",\"inLanguage\":\"pt-PT\",\"@id\":\"https:\\\/\\\/secure.gravatar.com\\\/avatar\\\/c5a7ef84c66fa914f55bc4f7ce26cfa275a3b9a1c5568b907bd184fb4dde7b40?s=96&d=mm&r=g\",\"url\":\"https:\\\/\\\/secure.gravatar.com\\\/avatar\\\/c5a7ef84c66fa914f55bc4f7ce26cfa275a3b9a1c5568b907bd184fb4dde7b40?s=96&d=mm&r=g\",\"contentUrl\":\"https:\\\/\\\/secure.gravatar.com\\\/avatar\\\/c5a7ef84c66fa914f55bc4f7ce26cfa275a3b9a1c5568b907bd184fb4dde7b40?s=96&d=mm&r=g\",\"caption\":\"inclusivenews2024\"},\"sameAs\":[\"https:\\\/\\\/inclusivenews.com.br\"],\"url\":\"https:\\\/\\\/inclusivenews.com.br\\\/?author=1\"}]}<\/script>\n<!-- \/ Yoast SEO plugin. -->","yoast_head_json":{"title":"4\u00aa Confer\u00eancia Nacional dos Direitos das Pessoas com Defici\u00eancia -","robots":{"index":"index","follow":"follow","max-snippet":"max-snippet:-1","max-image-preview":"max-image-preview:large","max-video-preview":"max-video-preview:-1"},"canonical":"https:\/\/inclusivenews.com.br\/?p=29233","og_locale":"pt_PT","og_type":"article","og_title":"4\u00aa Confer\u00eancia Nacional dos Direitos das Pessoas com Defici\u00eancia -","og_description":"IV Confer\u00eancia Nacional dos Direitos da Pessoa com Defici\u00eancia - \"Os desafios na implementa\u00e7\u00e3o da pol\u00edtica da pessoa com defici\u00eancia: a transversalidade como radicalidade dos direitos humanos\". Programa\u00e7\u00e3o e documentos.","og_url":"https:\/\/inclusivenews.com.br\/?p=29233","article_publisher":"https:\/\/www.facebook.com\/agenciainclusive\/","article_published_time":"2016-04-22T10:27:58+00:00","og_image":[{"url":"http:\/\/inclusivenews.com.br\/wp-content\/uploads\/conf3.jpg","type":"","width":"","height":""}],"author":"inclusivenews2024","twitter_card":"summary_large_image","twitter_misc":{"Escrito por":"inclusivenews2024","Tempo estimado de leitura":"2 minutos"},"schema":{"@context":"https:\/\/schema.org","@graph":[{"@type":"Article","@id":"https:\/\/inclusivenews.com.br\/?p=29233#article","isPartOf":{"@id":"https:\/\/inclusivenews.com.br\/?p=29233"},"author":{"name":"inclusivenews2024","@id":"https:\/\/inclusivenews.com.br\/#\/schema\/person\/ae4ec7087559b8692fb33b6fffd2273b"},"headline":"4\u00aa Confer\u00eancia Nacional dos Direitos das Pessoas com Defici\u00eancia","datePublished":"2016-04-22T10:27:58+00:00","mainEntityOfPage":{"@id":"https:\/\/inclusivenews.com.br\/?p=29233"},"wordCount":346,"commentCount":0,"publisher":{"@id":"https:\/\/inclusivenews.com.br\/#organization"},"image":{"@id":"https:\/\/inclusivenews.com.br\/?p=29233#primaryimage"},"thumbnailUrl":"http:\/\/inclusivenews.com.br\/wp-content\/uploads\/conf3.jpg","articleSection":["DIREITOS HUMANOS"],"inLanguage":"pt-PT","potentialAction":[{"@type":"CommentAction","name":"Comment","target":["https:\/\/inclusivenews.com.br\/?p=29233#respond"]}]},{"@type":"WebPage","@id":"https:\/\/inclusivenews.com.br\/?p=29233","url":"https:\/\/inclusivenews.com.br\/?p=29233","name":"4\u00aa Confer\u00eancia Nacional dos Direitos das Pessoas com Defici\u00eancia -","isPartOf":{"@id":"https:\/\/inclusivenews.com.br\/#website"},"primaryImageOfPage":{"@id":"https:\/\/inclusivenews.com.br\/?p=29233#primaryimage"},"image":{"@id":"https:\/\/inclusivenews.com.br\/?p=29233#primaryimage"},"thumbnailUrl":"http:\/\/inclusivenews.com.br\/wp-content\/uploads\/conf3.jpg","datePublished":"2016-04-22T10:27:58+00:00","breadcrumb":{"@id":"https:\/\/inclusivenews.com.br\/?p=29233#breadcrumb"},"inLanguage":"pt-PT","potentialAction":[{"@type":"ReadAction","target":["https:\/\/inclusivenews.com.br\/?p=29233"]}]},{"@type":"ImageObject","inLanguage":"pt-PT","@id":"https:\/\/inclusivenews.com.br\/?p=29233#primaryimage","url":"","contentUrl":""},{"@type":"BreadcrumbList","@id":"https:\/\/inclusivenews.com.br\/?p=29233#breadcrumb","itemListElement":[{"@type":"ListItem","position":1,"name":"In\u00edcio","item":"https:\/\/inclusivenews.com.br\/"},{"@type":"ListItem","position":2,"name":"4\u00aa Confer\u00eancia Nacional dos Direitos das Pessoas com Defici\u00eancia"}]},{"@type":"WebSite","@id":"https:\/\/inclusivenews.com.br\/#website","url":"https:\/\/inclusivenews.com.br\/","name":"Inclusive News","description":"Inclusive News","publisher":{"@id":"https:\/\/inclusivenews.com.br\/#organization"},"potentialAction":[{"@type":"SearchAction","target":{"@type":"EntryPoint","urlTemplate":"https:\/\/inclusivenews.com.br\/?s={search_term_string}"},"query-input":{"@type":"PropertyValueSpecification","valueRequired":true,"valueName":"search_term_string"}}],"inLanguage":"pt-PT"},{"@type":"Organization","@id":"https:\/\/inclusivenews.com.br\/#organization","name":"Inclusive - inclus\u00e3o e cidadania","url":"https:\/\/inclusivenews.com.br\/","logo":{"@type":"ImageObject","inLanguage":"pt-PT","@id":"https:\/\/inclusivenews.com.br\/#\/schema\/logo\/image\/","url":"https:\/\/inclusivenews.com.br\/wp-content\/uploads\/2024\/03\/@grandesite.png","contentUrl":"https:\/\/inclusivenews.com.br\/wp-content\/uploads\/2024\/03\/@grandesite.png","width":1080,"height":1080,"caption":"Inclusive - inclus\u00e3o e cidadania"},"image":{"@id":"https:\/\/inclusivenews.com.br\/#\/schema\/logo\/image\/"},"sameAs":["https:\/\/www.facebook.com\/agenciainclusive\/","https:\/\/www.instagram.com\/newsinclusive\/"]},{"@type":"Person","@id":"https:\/\/inclusivenews.com.br\/#\/schema\/person\/ae4ec7087559b8692fb33b6fffd2273b","name":"inclusivenews2024","image":{"@type":"ImageObject","inLanguage":"pt-PT","@id":"https:\/\/secure.gravatar.com\/avatar\/c5a7ef84c66fa914f55bc4f7ce26cfa275a3b9a1c5568b907bd184fb4dde7b40?s=96&d=mm&r=g","url":"https:\/\/secure.gravatar.com\/avatar\/c5a7ef84c66fa914f55bc4f7ce26cfa275a3b9a1c5568b907bd184fb4dde7b40?s=96&d=mm&r=g","contentUrl":"https:\/\/secure.gravatar.com\/avatar\/c5a7ef84c66fa914f55bc4f7ce26cfa275a3b9a1c5568b907bd184fb4dde7b40?s=96&d=mm&r=g","caption":"inclusivenews2024"},"sameAs":["https:\/\/inclusivenews.com.br"],"url":"https:\/\/inclusivenews.com.br\/?author=1"}]}},"_links":{"self":[{"href":"https:\/\/inclusivenews.com.br\/index.php?rest_route=\/wp\/v2\/posts\/29233","targetHints":{"allow":["GET"]}}],"collection":[{"href":"https:\/\/inclusivenews.com.br\/index.php?rest_route=\/wp\/v2\/posts"}],"about":[{"href":"https:\/\/inclusivenews.com.br\/index.php?rest_route=\/wp\/v2\/types\/post"}],"author":[{"embeddable":true,"href":"https:\/\/inclusivenews.com.br\/index.php?rest_route=\/wp\/v2\/users\/1"}],"replies":[{"embeddable":true,"href":"https:\/\/inclusivenews.com.br\/index.php?rest_route=%2Fwp%2Fv2%2Fcomments&post=29233"}],"version-history":[{"count":0,"href":"https:\/\/inclusivenews.com.br\/index.php?rest_route=\/wp\/v2\/posts\/29233\/revisions"}],"wp:attachment":[{"href":"https:\/\/inclusivenews.com.br\/index.php?rest_route=%2Fwp%2Fv2%2Fmedia&parent=29233"}],"wp:term":[{"taxonomy":"category","embeddable":true,"href":"https:\/\/inclusivenews.com.br\/index.php?rest_route=%2Fwp%2Fv2%2Fcategories&post=29233"},{"taxonomy":"post_tag","embeddable":true,"href":"https:\/\/inclusivenews.com.br\/index.php?rest_route=%2Fwp%2Fv2%2Ftags&post=29233"}],"curies":[{"name":"wp","href":"https:\/\/api.w.org\/{rel}","templated":true}]}}