{"id":29272,"date":"2016-05-05T20:01:06","date_gmt":"2016-05-05T23:01:06","guid":{"rendered":"http:\/\/www.inclusive.org.br\/?p=29272"},"modified":"2016-05-05T20:01:06","modified_gmt":"2016-05-05T23:01:06","slug":"zero-project-recebe-indicacoes-para-premio-em-inclusao-laboral-de-trabalhadores-com-deficiencia","status":"publish","type":"post","link":"https:\/\/inclusivenews.com.br\/?p=29272","title":{"rendered":"Zero Project recebe indica\u00e7\u00f5es para pr\u00eamio em inclus\u00e3o laboral de trabalhadores com defici\u00eancia"},"content":{"rendered":"<p><img loading=\"lazy\" decoding=\"async\" class=\"alignnone size-full wp-image-29273\" alt=\"email do zero project, em fundo branco, com letras verdes, uma arvorezinha crescendo entre as palavras zero e project.\" src=\"http:\/\/inclusivenews.com.br\/wp-content\/uploads\/zero.png\" width=\"306\" height=\"165\" \/><\/p>\n<p>O trabalho \u00e9 essencial para a realiza\u00e7\u00e3o de outros direitos humanos e forma uma parte insepar\u00e1vel e inerente da dignidade humana.<\/p>\n<p>Assim, o Project Zero 2017 est\u00e1 se concentrando em Trabalho, Emprego e Educa\u00e7\u00e3o e Forma\u00e7\u00e3o Profissional, e estamos aceitando indica\u00e7\u00f5es de pol\u00edticas inovadoras na \u00e1rea!<\/p>\n<p>Qualquer tipo de pol\u00edtica pode ser nomeada, como:<\/p>\n<p>&#8211; qualquer forma de trabalho (emprego formal, trabalho volunt\u00e1rio, est\u00e1gio, trainee),<br \/>\n&#8211; qualquer agente do emprego (empregados, empregadores, trabalhadores por conta pr\u00f3pria, membros de cooperativas de produtores, trabalhadores familiares e outros) e<br \/>\n&#8211; todas as fases de emprego (incluindo recrutamento, contrata\u00e7\u00e3o e emprego, ascens\u00e3o e condi\u00e7\u00f5es de trabalho), incluindo as inova\u00e7\u00f5es que facilitam a transi\u00e7\u00e3o de ambientes segregados a formas de emprego no mercado de trabalho aberto.<\/p>\n<p>Ser\u00e3o consideradas, por exemplo, as pol\u00edticas de:<\/p>\n<p>&#8211; n\u00e3o-discrimina\u00e7\u00e3o,<br \/>\n&#8211; transi\u00e7\u00e3o da escola para o trabalho,<br \/>\n&#8211; orienta\u00e7\u00e3o t\u00e9cnica e profissional,<br \/>\n&#8211; servi\u00e7os de coloca\u00e7\u00e3o e assist\u00eancia na procura, obten\u00e7\u00e3o, manuten\u00e7\u00e3o e regresso ao emprego,<br \/>\n&#8211; forma\u00e7\u00e3o profissional e cont\u00ednua, aprendizagem inclusivas,<br \/>\n&#8211; adapta\u00e7\u00f5es do local de trabalho, projeto de trabalho, ferramentas, m\u00e1quinas e organiza\u00e7\u00e3o do trabalho,<br \/>\n&#8211; auto-emprego, empreendedorismo, cooperativas e estabelecimento de neg\u00f3cio pr\u00f3prio,<br \/>\n&#8211; incentivos e isen\u00e7\u00f5es fiscais financeira,<br \/>\n&#8211; condi\u00e7\u00f5es justas e favor\u00e1veis \u200b\u200bde trabalho,<br \/>\n&#8211; progress\u00e3o na carreira,<br \/>\n&#8211; o emprego a tempo parcial e outras modalidades de emprego,<br \/>\n&#8211; emprego apoiado,<br \/>\n&#8211; coordena\u00e7\u00e3o com outros servi\u00e7os (por exemplo, a incorpora\u00e7\u00e3o de especialistas de emprego nas equipas de tratamento cl\u00ednico),<br \/>\n&#8211; apoio dos pares,<br \/>\n&#8211; treinar o instrutor-programas,<br \/>\n&#8211; seguran\u00e7a social defici\u00eancia inclu\u00eddo ou<br \/>\n&#8211; certifica\u00e7\u00e3o de empresas.<\/p>\n<p>Voc\u00ea sabe sobre uma pol\u00edtica excelente? Nomeie-a!<\/p>\n<p>&nbsp;<\/p>\n<p>Fazer a indica\u00e7\u00e3o \u00e9 f\u00e1cil:<\/p>\n<p>Leia as instru\u00e7\u00f5es em primeiro lugar, preencha o formul\u00e1rio de indica\u00e7\u00e3o (em ingl\u00eas, espanhol, chin\u00eas, russo, \u00e1rabe, alem\u00e3o e italiano) e, em seguida, envie o formul\u00e1rio de indica\u00e7\u00e3o para: i.heindorf@zeroproject.org at\u00e9 15 de Maio, 2016 (23:59 CET).<\/p>\n<p>Se selecionada, a nomea\u00e7\u00e3o ser\u00e1 inclu\u00edda como uma &#8220;pol\u00edtica inovadora 2017&#8221; no Relat\u00f3rio de Project Zero e no nosso site. Organiza\u00e7\u00f5es nomeadas, bem como suas nomeadores ser\u00e3o convidado a se tornar parte da rede de peritos Project Zero. Al\u00e9m disso, representantes das mais destacados pol\u00edticas inovadoras ser\u00e3o convidados a apresentar na Confer\u00eancia Zero Projeto em fevereiro 2017 em Viena (\u00c1ustria).<\/p>\n<p>Estamos ansiosos para receber a sua nomea\u00e7\u00e3o!<\/p>\n<p><a href=\"http:\/\/zeroproject.org\/downloads\/#toggle-id-1\">http:\/\/zeroproject.org\/downloads\/#toggle-id-1<\/a><\/p>\n<p>&nbsp;<\/p>\n","protected":false},"excerpt":{"rendered":"<p>Envie sua indica\u00e7\u00e3o at\u00e9 15 de maio.<\/p>\n","protected":false},"author":1,"featured_media":0,"comment_status":"open","ping_status":"open","sticky":false,"template":"","format":"standard","meta":{"site-container-style":"default","site-container-layout":"default","site-sidebar-layout":"default","disable-article-header":"default","disable-site-header":"default","disable-site-footer":"default","disable-content-area-spacing":"default","footnotes":""},"categories":[38,48],"tags":[],"class_list":["post-29272","post","type-post","status-publish","format-standard","hentry","category-deficiencia","category-inclusao"],"yoast_head":"<!-- This site is optimized with the Yoast SEO plugin v27.4 - https:\/\/yoast.com\/product\/yoast-seo-wordpress\/ -->\n<title>Zero Project recebe indica\u00e7\u00f5es para pr\u00eamio em inclus\u00e3o laboral de trabalhadores com defici\u00eancia -<\/title>\n<meta name=\"robots\" content=\"index, follow, max-snippet:-1, max-image-preview:large, max-video-preview:-1\" \/>\n<link rel=\"canonical\" href=\"https:\/\/inclusivenews.com.br\/?p=29272\" \/>\n<meta property=\"og:locale\" content=\"pt_PT\" \/>\n<meta property=\"og:type\" content=\"article\" \/>\n<meta property=\"og:title\" content=\"Zero Project recebe indica\u00e7\u00f5es para pr\u00eamio em inclus\u00e3o laboral de trabalhadores com defici\u00eancia -\" \/>\n<meta property=\"og:description\" content=\"Envie sua indica\u00e7\u00e3o at\u00e9 15 de maio.\" \/>\n<meta property=\"og:url\" content=\"https:\/\/inclusivenews.com.br\/?p=29272\" \/>\n<meta property=\"article:publisher\" content=\"https:\/\/www.facebook.com\/agenciainclusive\/\" \/>\n<meta property=\"article:published_time\" content=\"2016-05-05T23:01:06+00:00\" \/>\n<meta property=\"og:image\" content=\"http:\/\/inclusivenews.com.br\/wp-content\/uploads\/zero.png\" \/>\n<meta name=\"author\" content=\"inclusivenews2024\" \/>\n<meta name=\"twitter:card\" content=\"summary_large_image\" \/>\n<meta name=\"twitter:label1\" content=\"Escrito por\" \/>\n\t<meta name=\"twitter:data1\" content=\"inclusivenews2024\" \/>\n\t<meta name=\"twitter:label2\" content=\"Tempo estimado de leitura\" \/>\n\t<meta name=\"twitter:data2\" content=\"2 minutos\" \/>\n<script type=\"application\/ld+json\" class=\"yoast-schema-graph\">{\"@context\":\"https:\\\/\\\/schema.org\",\"@graph\":[{\"@type\":\"Article\",\"@id\":\"https:\\\/\\\/inclusivenews.com.br\\\/?p=29272#article\",\"isPartOf\":{\"@id\":\"https:\\\/\\\/inclusivenews.com.br\\\/?p=29272\"},\"author\":{\"name\":\"inclusivenews2024\",\"@id\":\"https:\\\/\\\/inclusivenews.com.br\\\/#\\\/schema\\\/person\\\/ae4ec7087559b8692fb33b6fffd2273b\"},\"headline\":\"Zero Project recebe indica\u00e7\u00f5es para pr\u00eamio em inclus\u00e3o laboral de trabalhadores com defici\u00eancia\",\"datePublished\":\"2016-05-05T23:01:06+00:00\",\"mainEntityOfPage\":{\"@id\":\"https:\\\/\\\/inclusivenews.com.br\\\/?p=29272\"},\"wordCount\":457,\"commentCount\":0,\"publisher\":{\"@id\":\"https:\\\/\\\/inclusivenews.com.br\\\/#organization\"},\"image\":{\"@id\":\"https:\\\/\\\/inclusivenews.com.br\\\/?p=29272#primaryimage\"},\"thumbnailUrl\":\"http:\\\/\\\/inclusivenews.com.br\\\/wp-content\\\/uploads\\\/zero.png\",\"articleSection\":[\"Defici\u00eancia\",\"INCLUS\u00c3O SOCIAL\"],\"inLanguage\":\"pt-PT\",\"potentialAction\":[{\"@type\":\"CommentAction\",\"name\":\"Comment\",\"target\":[\"https:\\\/\\\/inclusivenews.com.br\\\/?p=29272#respond\"]}]},{\"@type\":\"WebPage\",\"@id\":\"https:\\\/\\\/inclusivenews.com.br\\\/?p=29272\",\"url\":\"https:\\\/\\\/inclusivenews.com.br\\\/?p=29272\",\"name\":\"Zero Project recebe indica\u00e7\u00f5es para pr\u00eamio em inclus\u00e3o laboral de trabalhadores com defici\u00eancia -\",\"isPartOf\":{\"@id\":\"https:\\\/\\\/inclusivenews.com.br\\\/#website\"},\"primaryImageOfPage\":{\"@id\":\"https:\\\/\\\/inclusivenews.com.br\\\/?p=29272#primaryimage\"},\"image\":{\"@id\":\"https:\\\/\\\/inclusivenews.com.br\\\/?p=29272#primaryimage\"},\"thumbnailUrl\":\"http:\\\/\\\/inclusivenews.com.br\\\/wp-content\\\/uploads\\\/zero.png\",\"datePublished\":\"2016-05-05T23:01:06+00:00\",\"breadcrumb\":{\"@id\":\"https:\\\/\\\/inclusivenews.com.br\\\/?p=29272#breadcrumb\"},\"inLanguage\":\"pt-PT\",\"potentialAction\":[{\"@type\":\"ReadAction\",\"target\":[\"https:\\\/\\\/inclusivenews.com.br\\\/?p=29272\"]}]},{\"@type\":\"ImageObject\",\"inLanguage\":\"pt-PT\",\"@id\":\"https:\\\/\\\/inclusivenews.com.br\\\/?p=29272#primaryimage\",\"url\":\"\",\"contentUrl\":\"\"},{\"@type\":\"BreadcrumbList\",\"@id\":\"https:\\\/\\\/inclusivenews.com.br\\\/?p=29272#breadcrumb\",\"itemListElement\":[{\"@type\":\"ListItem\",\"position\":1,\"name\":\"In\u00edcio\",\"item\":\"https:\\\/\\\/inclusivenews.com.br\\\/\"},{\"@type\":\"ListItem\",\"position\":2,\"name\":\"Zero Project recebe indica\u00e7\u00f5es para pr\u00eamio em inclus\u00e3o laboral de trabalhadores com defici\u00eancia\"}]},{\"@type\":\"WebSite\",\"@id\":\"https:\\\/\\\/inclusivenews.com.br\\\/#website\",\"url\":\"https:\\\/\\\/inclusivenews.com.br\\\/\",\"name\":\"Inclusive News\",\"description\":\"Inclusive News\",\"publisher\":{\"@id\":\"https:\\\/\\\/inclusivenews.com.br\\\/#organization\"},\"potentialAction\":[{\"@type\":\"SearchAction\",\"target\":{\"@type\":\"EntryPoint\",\"urlTemplate\":\"https:\\\/\\\/inclusivenews.com.br\\\/?s={search_term_string}\"},\"query-input\":{\"@type\":\"PropertyValueSpecification\",\"valueRequired\":true,\"valueName\":\"search_term_string\"}}],\"inLanguage\":\"pt-PT\"},{\"@type\":\"Organization\",\"@id\":\"https:\\\/\\\/inclusivenews.com.br\\\/#organization\",\"name\":\"Inclusive - inclus\u00e3o e cidadania\",\"url\":\"https:\\\/\\\/inclusivenews.com.br\\\/\",\"logo\":{\"@type\":\"ImageObject\",\"inLanguage\":\"pt-PT\",\"@id\":\"https:\\\/\\\/inclusivenews.com.br\\\/#\\\/schema\\\/logo\\\/image\\\/\",\"url\":\"https:\\\/\\\/inclusivenews.com.br\\\/wp-content\\\/uploads\\\/2024\\\/03\\\/@grandesite.png\",\"contentUrl\":\"https:\\\/\\\/inclusivenews.com.br\\\/wp-content\\\/uploads\\\/2024\\\/03\\\/@grandesite.png\",\"width\":1080,\"height\":1080,\"caption\":\"Inclusive - inclus\u00e3o e cidadania\"},\"image\":{\"@id\":\"https:\\\/\\\/inclusivenews.com.br\\\/#\\\/schema\\\/logo\\\/image\\\/\"},\"sameAs\":[\"https:\\\/\\\/www.facebook.com\\\/agenciainclusive\\\/\",\"https:\\\/\\\/www.instagram.com\\\/newsinclusive\\\/\"]},{\"@type\":\"Person\",\"@id\":\"https:\\\/\\\/inclusivenews.com.br\\\/#\\\/schema\\\/person\\\/ae4ec7087559b8692fb33b6fffd2273b\",\"name\":\"inclusivenews2024\",\"image\":{\"@type\":\"ImageObject\",\"inLanguage\":\"pt-PT\",\"@id\":\"https:\\\/\\\/secure.gravatar.com\\\/avatar\\\/c5a7ef84c66fa914f55bc4f7ce26cfa275a3b9a1c5568b907bd184fb4dde7b40?s=96&d=mm&r=g\",\"url\":\"https:\\\/\\\/secure.gravatar.com\\\/avatar\\\/c5a7ef84c66fa914f55bc4f7ce26cfa275a3b9a1c5568b907bd184fb4dde7b40?s=96&d=mm&r=g\",\"contentUrl\":\"https:\\\/\\\/secure.gravatar.com\\\/avatar\\\/c5a7ef84c66fa914f55bc4f7ce26cfa275a3b9a1c5568b907bd184fb4dde7b40?s=96&d=mm&r=g\",\"caption\":\"inclusivenews2024\"},\"sameAs\":[\"https:\\\/\\\/inclusivenews.com.br\"],\"url\":\"https:\\\/\\\/inclusivenews.com.br\\\/?author=1\"}]}<\/script>\n<!-- \/ Yoast SEO plugin. -->","yoast_head_json":{"title":"Zero Project recebe indica\u00e7\u00f5es para pr\u00eamio em inclus\u00e3o laboral de trabalhadores com defici\u00eancia -","robots":{"index":"index","follow":"follow","max-snippet":"max-snippet:-1","max-image-preview":"max-image-preview:large","max-video-preview":"max-video-preview:-1"},"canonical":"https:\/\/inclusivenews.com.br\/?p=29272","og_locale":"pt_PT","og_type":"article","og_title":"Zero Project recebe indica\u00e7\u00f5es para pr\u00eamio em inclus\u00e3o laboral de trabalhadores com defici\u00eancia -","og_description":"Envie sua indica\u00e7\u00e3o at\u00e9 15 de maio.","og_url":"https:\/\/inclusivenews.com.br\/?p=29272","article_publisher":"https:\/\/www.facebook.com\/agenciainclusive\/","article_published_time":"2016-05-05T23:01:06+00:00","og_image":[{"url":"http:\/\/inclusivenews.com.br\/wp-content\/uploads\/zero.png","type":"","width":"","height":""}],"author":"inclusivenews2024","twitter_card":"summary_large_image","twitter_misc":{"Escrito por":"inclusivenews2024","Tempo estimado de leitura":"2 minutos"},"schema":{"@context":"https:\/\/schema.org","@graph":[{"@type":"Article","@id":"https:\/\/inclusivenews.com.br\/?p=29272#article","isPartOf":{"@id":"https:\/\/inclusivenews.com.br\/?p=29272"},"author":{"name":"inclusivenews2024","@id":"https:\/\/inclusivenews.com.br\/#\/schema\/person\/ae4ec7087559b8692fb33b6fffd2273b"},"headline":"Zero Project recebe indica\u00e7\u00f5es para pr\u00eamio em inclus\u00e3o laboral de trabalhadores com defici\u00eancia","datePublished":"2016-05-05T23:01:06+00:00","mainEntityOfPage":{"@id":"https:\/\/inclusivenews.com.br\/?p=29272"},"wordCount":457,"commentCount":0,"publisher":{"@id":"https:\/\/inclusivenews.com.br\/#organization"},"image":{"@id":"https:\/\/inclusivenews.com.br\/?p=29272#primaryimage"},"thumbnailUrl":"http:\/\/inclusivenews.com.br\/wp-content\/uploads\/zero.png","articleSection":["Defici\u00eancia","INCLUS\u00c3O SOCIAL"],"inLanguage":"pt-PT","potentialAction":[{"@type":"CommentAction","name":"Comment","target":["https:\/\/inclusivenews.com.br\/?p=29272#respond"]}]},{"@type":"WebPage","@id":"https:\/\/inclusivenews.com.br\/?p=29272","url":"https:\/\/inclusivenews.com.br\/?p=29272","name":"Zero Project recebe indica\u00e7\u00f5es para pr\u00eamio em inclus\u00e3o laboral de trabalhadores com defici\u00eancia -","isPartOf":{"@id":"https:\/\/inclusivenews.com.br\/#website"},"primaryImageOfPage":{"@id":"https:\/\/inclusivenews.com.br\/?p=29272#primaryimage"},"image":{"@id":"https:\/\/inclusivenews.com.br\/?p=29272#primaryimage"},"thumbnailUrl":"http:\/\/inclusivenews.com.br\/wp-content\/uploads\/zero.png","datePublished":"2016-05-05T23:01:06+00:00","breadcrumb":{"@id":"https:\/\/inclusivenews.com.br\/?p=29272#breadcrumb"},"inLanguage":"pt-PT","potentialAction":[{"@type":"ReadAction","target":["https:\/\/inclusivenews.com.br\/?p=29272"]}]},{"@type":"ImageObject","inLanguage":"pt-PT","@id":"https:\/\/inclusivenews.com.br\/?p=29272#primaryimage","url":"","contentUrl":""},{"@type":"BreadcrumbList","@id":"https:\/\/inclusivenews.com.br\/?p=29272#breadcrumb","itemListElement":[{"@type":"ListItem","position":1,"name":"In\u00edcio","item":"https:\/\/inclusivenews.com.br\/"},{"@type":"ListItem","position":2,"name":"Zero Project recebe indica\u00e7\u00f5es para pr\u00eamio em inclus\u00e3o laboral de trabalhadores com defici\u00eancia"}]},{"@type":"WebSite","@id":"https:\/\/inclusivenews.com.br\/#website","url":"https:\/\/inclusivenews.com.br\/","name":"Inclusive News","description":"Inclusive News","publisher":{"@id":"https:\/\/inclusivenews.com.br\/#organization"},"potentialAction":[{"@type":"SearchAction","target":{"@type":"EntryPoint","urlTemplate":"https:\/\/inclusivenews.com.br\/?s={search_term_string}"},"query-input":{"@type":"PropertyValueSpecification","valueRequired":true,"valueName":"search_term_string"}}],"inLanguage":"pt-PT"},{"@type":"Organization","@id":"https:\/\/inclusivenews.com.br\/#organization","name":"Inclusive - inclus\u00e3o e cidadania","url":"https:\/\/inclusivenews.com.br\/","logo":{"@type":"ImageObject","inLanguage":"pt-PT","@id":"https:\/\/inclusivenews.com.br\/#\/schema\/logo\/image\/","url":"https:\/\/inclusivenews.com.br\/wp-content\/uploads\/2024\/03\/@grandesite.png","contentUrl":"https:\/\/inclusivenews.com.br\/wp-content\/uploads\/2024\/03\/@grandesite.png","width":1080,"height":1080,"caption":"Inclusive - inclus\u00e3o e cidadania"},"image":{"@id":"https:\/\/inclusivenews.com.br\/#\/schema\/logo\/image\/"},"sameAs":["https:\/\/www.facebook.com\/agenciainclusive\/","https:\/\/www.instagram.com\/newsinclusive\/"]},{"@type":"Person","@id":"https:\/\/inclusivenews.com.br\/#\/schema\/person\/ae4ec7087559b8692fb33b6fffd2273b","name":"inclusivenews2024","image":{"@type":"ImageObject","inLanguage":"pt-PT","@id":"https:\/\/secure.gravatar.com\/avatar\/c5a7ef84c66fa914f55bc4f7ce26cfa275a3b9a1c5568b907bd184fb4dde7b40?s=96&d=mm&r=g","url":"https:\/\/secure.gravatar.com\/avatar\/c5a7ef84c66fa914f55bc4f7ce26cfa275a3b9a1c5568b907bd184fb4dde7b40?s=96&d=mm&r=g","contentUrl":"https:\/\/secure.gravatar.com\/avatar\/c5a7ef84c66fa914f55bc4f7ce26cfa275a3b9a1c5568b907bd184fb4dde7b40?s=96&d=mm&r=g","caption":"inclusivenews2024"},"sameAs":["https:\/\/inclusivenews.com.br"],"url":"https:\/\/inclusivenews.com.br\/?author=1"}]}},"_links":{"self":[{"href":"https:\/\/inclusivenews.com.br\/index.php?rest_route=\/wp\/v2\/posts\/29272","targetHints":{"allow":["GET"]}}],"collection":[{"href":"https:\/\/inclusivenews.com.br\/index.php?rest_route=\/wp\/v2\/posts"}],"about":[{"href":"https:\/\/inclusivenews.com.br\/index.php?rest_route=\/wp\/v2\/types\/post"}],"author":[{"embeddable":true,"href":"https:\/\/inclusivenews.com.br\/index.php?rest_route=\/wp\/v2\/users\/1"}],"replies":[{"embeddable":true,"href":"https:\/\/inclusivenews.com.br\/index.php?rest_route=%2Fwp%2Fv2%2Fcomments&post=29272"}],"version-history":[{"count":0,"href":"https:\/\/inclusivenews.com.br\/index.php?rest_route=\/wp\/v2\/posts\/29272\/revisions"}],"wp:attachment":[{"href":"https:\/\/inclusivenews.com.br\/index.php?rest_route=%2Fwp%2Fv2%2Fmedia&parent=29272"}],"wp:term":[{"taxonomy":"category","embeddable":true,"href":"https:\/\/inclusivenews.com.br\/index.php?rest_route=%2Fwp%2Fv2%2Fcategories&post=29272"},{"taxonomy":"post_tag","embeddable":true,"href":"https:\/\/inclusivenews.com.br\/index.php?rest_route=%2Fwp%2Fv2%2Ftags&post=29272"}],"curies":[{"name":"wp","href":"https:\/\/api.w.org\/{rel}","templated":true}]}}