{"id":29278,"date":"2016-05-06T09:29:04","date_gmt":"2016-05-06T12:29:04","guid":{"rendered":"http:\/\/www.inclusive.org.br\/?p=29278"},"modified":"2016-05-06T09:29:04","modified_gmt":"2016-05-06T12:29:04","slug":"1o-congresso-nacional-de-microcefalia","status":"publish","type":"post","link":"https:\/\/inclusivenews.com.br\/?p=29278","title":{"rendered":"1\u00ba Congresso Nacional de Microcefalia"},"content":{"rendered":"<p style=\"text-align: left;\" align=\"center\"><img loading=\"lazy\" decoding=\"async\" class=\"alignnone\" title=\"1\u00ba Congresso Nacional de Microcefalia - Ilustra\u00e7\u00e3o representando uma crian\u00e7a entre m\u00e3os humanas e pessoas adultas\" alt=\"1\u00ba Congresso Nacional de Microcefalia - Ilustra\u00e7\u00e3o representando uma crian\u00e7a entre m\u00e3os humanas e pessoas adultas\" src=\"https:\/\/www.apaebrasil.org.br\/foto.phtml\/539490\/g\" width=\"181\" height=\"181\" \/><\/p>\n<p style=\"text-align: left;\" align=\"center\">Na pr\u00f3xima segunda feira,\u00a0dia 9 de maio, ter\u00e1 in\u00edcio o I Congresso Nacional de Microcefalia, maior evento mundial sobre o tema. \u00a0A previs\u00e3o de participantes \u00e9 de aproximadamente 40 mil pessoas, de oito pa\u00edses (Brasil, Chile, Bol\u00edvia, M\u00e9xico, Estados Unidos, Espanha e Ge\u00f3rgia), todos dedicados a trocar experi\u00eancias e aprender muito sobre esse quadro neurol\u00f3gico que tem surpreendido o Brasil e o Mundo em decorr\u00eancia da infec\u00e7\u00e3o pelo\u00a0Zika V\u00edrus.<\/p>\n<p><a href=\"http:\/\/www.congressomicrocefalia.com.br\/pre-launching#inscricao-mensagem\" target=\"_blank\" rel=\"noopener\">O Congresso \u00e9 online e a inscri\u00e7\u00e3o \u00e9 gratuita. Para informa\u00e7\u00f5es e inscri\u00e7\u00f5es, clique\u00a0aqui<\/a>.<\/p>\n<p>Segundo o Coordenador Nacional de Sa\u00fade e Preven\u00e7\u00e3o da Fenapaes<em>,<\/em>\u00a0Dr. Rui Pilotto, \u201cestamos todos em busca de maiores informa\u00e7\u00f5es a respeito de como ajudar na promo\u00e7\u00e3o do desenvolvimento destas crian\u00e7as\u201d. Nos \u00faltimos meses, no Brasil, \u00e9 poss\u00edvel perceber um aumento do n\u00famero de beb\u00eas nascidos com a malforma\u00e7\u00e3o.<\/p>\n<p>O \u00faltimo boletim divulgado pelo Minist\u00e9rio da Sa\u00fade confirma 1.198 casos de microcefalia, a maioria deles associado \u00e0 infec\u00e7\u00e3o por zika v\u00edrus durante a gesta\u00e7\u00e3o. Antes disso, a microcefalia sequer tinha notifica\u00e7\u00e3o obrigat\u00f3ria no pa\u00eds e pouco se falava sobre a condi\u00e7\u00e3o.<\/p>\n","protected":false},"excerpt":{"rendered":"<p>Na pr\u00f3xima segunda feira, dia 9 de maio, ter\u00e1 in\u00edcio o I Congresso Nacional de Microcefalia, maior evento mundial sobre o tema.  A previs\u00e3o de participantes \u00e9 de aproximadamente 40 mil pessoas, de oito pa\u00edses (Brasil, Chile, Bol\u00edvia, M\u00e9xico, Estados Unidos, Espanha e Ge\u00f3rgia), todos dedicados a trocar experi\u00eancias e aprender muito sobre esse quadro neurol\u00f3gico que tem surpreendido o Brasil e o Mundo em decorr\u00eancia da infec\u00e7\u00e3o pelo Zika V\u00edrus. O Congresso \u00e9 online e a inscri\u00e7\u00e3o \u00e9 gratuita.<\/p>\n","protected":false},"author":1,"featured_media":0,"comment_status":"open","ping_status":"open","sticky":false,"template":"","format":"standard","meta":{"site-container-style":"default","site-container-layout":"default","site-sidebar-layout":"default","disable-article-header":"default","disable-site-header":"default","disable-site-footer":"default","disable-content-area-spacing":"default","footnotes":""},"categories":[359],"tags":[356],"class_list":["post-29278","post","type-post","status-publish","format-standard","hentry","category-microcefalia","tag-microcefalia"],"yoast_head":"<!-- This site is optimized with the Yoast SEO plugin v27.4 - https:\/\/yoast.com\/product\/yoast-seo-wordpress\/ -->\n<title>1\u00ba Congresso Nacional de Microcefalia -<\/title>\n<meta name=\"robots\" content=\"index, follow, max-snippet:-1, max-image-preview:large, max-video-preview:-1\" \/>\n<link rel=\"canonical\" href=\"https:\/\/inclusivenews.com.br\/?p=29278\" \/>\n<meta property=\"og:locale\" content=\"pt_PT\" \/>\n<meta property=\"og:type\" content=\"article\" \/>\n<meta property=\"og:title\" content=\"1\u00ba Congresso Nacional de Microcefalia -\" \/>\n<meta property=\"og:description\" content=\"Na pr\u00f3xima segunda feira, dia 9 de maio, ter\u00e1 in\u00edcio o I Congresso Nacional de Microcefalia, maior evento mundial sobre o tema. A previs\u00e3o de participantes \u00e9 de aproximadamente 40 mil pessoas, de oito pa\u00edses (Brasil, Chile, Bol\u00edvia, M\u00e9xico, Estados Unidos, Espanha e Ge\u00f3rgia), todos dedicados a trocar experi\u00eancias e aprender muito sobre esse quadro neurol\u00f3gico que tem surpreendido o Brasil e o Mundo em decorr\u00eancia da infec\u00e7\u00e3o pelo Zika V\u00edrus. O Congresso \u00e9 online e a inscri\u00e7\u00e3o \u00e9 gratuita.\" \/>\n<meta property=\"og:url\" content=\"https:\/\/inclusivenews.com.br\/?p=29278\" \/>\n<meta property=\"article:publisher\" content=\"https:\/\/www.facebook.com\/agenciainclusive\/\" \/>\n<meta property=\"article:published_time\" content=\"2016-05-06T12:29:04+00:00\" \/>\n<meta property=\"og:image\" content=\"https:\/\/www.apaebrasil.org.br\/foto.phtml\/539490\/g\" \/>\n<meta name=\"author\" content=\"inclusivenews2024\" \/>\n<meta name=\"twitter:card\" content=\"summary_large_image\" \/>\n<meta name=\"twitter:label1\" content=\"Escrito por\" \/>\n\t<meta name=\"twitter:data1\" content=\"inclusivenews2024\" \/>\n\t<meta name=\"twitter:label2\" content=\"Tempo estimado de leitura\" \/>\n\t<meta name=\"twitter:data2\" content=\"1 minuto\" \/>\n<script type=\"application\/ld+json\" class=\"yoast-schema-graph\">{\"@context\":\"https:\\\/\\\/schema.org\",\"@graph\":[{\"@type\":\"Article\",\"@id\":\"https:\\\/\\\/inclusivenews.com.br\\\/?p=29278#article\",\"isPartOf\":{\"@id\":\"https:\\\/\\\/inclusivenews.com.br\\\/?p=29278\"},\"author\":{\"name\":\"inclusivenews2024\",\"@id\":\"https:\\\/\\\/inclusivenews.com.br\\\/#\\\/schema\\\/person\\\/ae4ec7087559b8692fb33b6fffd2273b\"},\"headline\":\"1\u00ba Congresso Nacional de Microcefalia\",\"datePublished\":\"2016-05-06T12:29:04+00:00\",\"mainEntityOfPage\":{\"@id\":\"https:\\\/\\\/inclusivenews.com.br\\\/?p=29278\"},\"wordCount\":206,\"commentCount\":0,\"publisher\":{\"@id\":\"https:\\\/\\\/inclusivenews.com.br\\\/#organization\"},\"image\":{\"@id\":\"https:\\\/\\\/inclusivenews.com.br\\\/?p=29278#primaryimage\"},\"thumbnailUrl\":\"https:\\\/\\\/www.apaebrasil.org.br\\\/foto.phtml\\\/539490\\\/g\",\"keywords\":[\"Microcefalia\"],\"articleSection\":[\"Microcefalia\"],\"inLanguage\":\"pt-PT\",\"potentialAction\":[{\"@type\":\"CommentAction\",\"name\":\"Comment\",\"target\":[\"https:\\\/\\\/inclusivenews.com.br\\\/?p=29278#respond\"]}]},{\"@type\":\"WebPage\",\"@id\":\"https:\\\/\\\/inclusivenews.com.br\\\/?p=29278\",\"url\":\"https:\\\/\\\/inclusivenews.com.br\\\/?p=29278\",\"name\":\"1\u00ba Congresso Nacional de Microcefalia -\",\"isPartOf\":{\"@id\":\"https:\\\/\\\/inclusivenews.com.br\\\/#website\"},\"primaryImageOfPage\":{\"@id\":\"https:\\\/\\\/inclusivenews.com.br\\\/?p=29278#primaryimage\"},\"image\":{\"@id\":\"https:\\\/\\\/inclusivenews.com.br\\\/?p=29278#primaryimage\"},\"thumbnailUrl\":\"https:\\\/\\\/www.apaebrasil.org.br\\\/foto.phtml\\\/539490\\\/g\",\"datePublished\":\"2016-05-06T12:29:04+00:00\",\"breadcrumb\":{\"@id\":\"https:\\\/\\\/inclusivenews.com.br\\\/?p=29278#breadcrumb\"},\"inLanguage\":\"pt-PT\",\"potentialAction\":[{\"@type\":\"ReadAction\",\"target\":[\"https:\\\/\\\/inclusivenews.com.br\\\/?p=29278\"]}]},{\"@type\":\"ImageObject\",\"inLanguage\":\"pt-PT\",\"@id\":\"https:\\\/\\\/inclusivenews.com.br\\\/?p=29278#primaryimage\",\"url\":\"https:\\\/\\\/www.apaebrasil.org.br\\\/foto.phtml\\\/539490\\\/g\",\"contentUrl\":\"https:\\\/\\\/www.apaebrasil.org.br\\\/foto.phtml\\\/539490\\\/g\"},{\"@type\":\"BreadcrumbList\",\"@id\":\"https:\\\/\\\/inclusivenews.com.br\\\/?p=29278#breadcrumb\",\"itemListElement\":[{\"@type\":\"ListItem\",\"position\":1,\"name\":\"In\u00edcio\",\"item\":\"https:\\\/\\\/inclusivenews.com.br\\\/\"},{\"@type\":\"ListItem\",\"position\":2,\"name\":\"1\u00ba Congresso Nacional de Microcefalia\"}]},{\"@type\":\"WebSite\",\"@id\":\"https:\\\/\\\/inclusivenews.com.br\\\/#website\",\"url\":\"https:\\\/\\\/inclusivenews.com.br\\\/\",\"name\":\"Inclusive News\",\"description\":\"Inclusive News\",\"publisher\":{\"@id\":\"https:\\\/\\\/inclusivenews.com.br\\\/#organization\"},\"potentialAction\":[{\"@type\":\"SearchAction\",\"target\":{\"@type\":\"EntryPoint\",\"urlTemplate\":\"https:\\\/\\\/inclusivenews.com.br\\\/?s={search_term_string}\"},\"query-input\":{\"@type\":\"PropertyValueSpecification\",\"valueRequired\":true,\"valueName\":\"search_term_string\"}}],\"inLanguage\":\"pt-PT\"},{\"@type\":\"Organization\",\"@id\":\"https:\\\/\\\/inclusivenews.com.br\\\/#organization\",\"name\":\"Inclusive - inclus\u00e3o e cidadania\",\"url\":\"https:\\\/\\\/inclusivenews.com.br\\\/\",\"logo\":{\"@type\":\"ImageObject\",\"inLanguage\":\"pt-PT\",\"@id\":\"https:\\\/\\\/inclusivenews.com.br\\\/#\\\/schema\\\/logo\\\/image\\\/\",\"url\":\"https:\\\/\\\/inclusivenews.com.br\\\/wp-content\\\/uploads\\\/2024\\\/03\\\/@grandesite.png\",\"contentUrl\":\"https:\\\/\\\/inclusivenews.com.br\\\/wp-content\\\/uploads\\\/2024\\\/03\\\/@grandesite.png\",\"width\":1080,\"height\":1080,\"caption\":\"Inclusive - inclus\u00e3o e cidadania\"},\"image\":{\"@id\":\"https:\\\/\\\/inclusivenews.com.br\\\/#\\\/schema\\\/logo\\\/image\\\/\"},\"sameAs\":[\"https:\\\/\\\/www.facebook.com\\\/agenciainclusive\\\/\",\"https:\\\/\\\/www.instagram.com\\\/newsinclusive\\\/\"]},{\"@type\":\"Person\",\"@id\":\"https:\\\/\\\/inclusivenews.com.br\\\/#\\\/schema\\\/person\\\/ae4ec7087559b8692fb33b6fffd2273b\",\"name\":\"inclusivenews2024\",\"image\":{\"@type\":\"ImageObject\",\"inLanguage\":\"pt-PT\",\"@id\":\"https:\\\/\\\/secure.gravatar.com\\\/avatar\\\/c5a7ef84c66fa914f55bc4f7ce26cfa275a3b9a1c5568b907bd184fb4dde7b40?s=96&d=mm&r=g\",\"url\":\"https:\\\/\\\/secure.gravatar.com\\\/avatar\\\/c5a7ef84c66fa914f55bc4f7ce26cfa275a3b9a1c5568b907bd184fb4dde7b40?s=96&d=mm&r=g\",\"contentUrl\":\"https:\\\/\\\/secure.gravatar.com\\\/avatar\\\/c5a7ef84c66fa914f55bc4f7ce26cfa275a3b9a1c5568b907bd184fb4dde7b40?s=96&d=mm&r=g\",\"caption\":\"inclusivenews2024\"},\"sameAs\":[\"https:\\\/\\\/inclusivenews.com.br\"],\"url\":\"https:\\\/\\\/inclusivenews.com.br\\\/?author=1\"}]}<\/script>\n<!-- \/ Yoast SEO plugin. -->","yoast_head_json":{"title":"1\u00ba Congresso Nacional de Microcefalia -","robots":{"index":"index","follow":"follow","max-snippet":"max-snippet:-1","max-image-preview":"max-image-preview:large","max-video-preview":"max-video-preview:-1"},"canonical":"https:\/\/inclusivenews.com.br\/?p=29278","og_locale":"pt_PT","og_type":"article","og_title":"1\u00ba Congresso Nacional de Microcefalia -","og_description":"Na pr\u00f3xima segunda feira, dia 9 de maio, ter\u00e1 in\u00edcio o I Congresso Nacional de Microcefalia, maior evento mundial sobre o tema. A previs\u00e3o de participantes \u00e9 de aproximadamente 40 mil pessoas, de oito pa\u00edses (Brasil, Chile, Bol\u00edvia, M\u00e9xico, Estados Unidos, Espanha e Ge\u00f3rgia), todos dedicados a trocar experi\u00eancias e aprender muito sobre esse quadro neurol\u00f3gico que tem surpreendido o Brasil e o Mundo em decorr\u00eancia da infec\u00e7\u00e3o pelo Zika V\u00edrus. O Congresso \u00e9 online e a inscri\u00e7\u00e3o \u00e9 gratuita.","og_url":"https:\/\/inclusivenews.com.br\/?p=29278","article_publisher":"https:\/\/www.facebook.com\/agenciainclusive\/","article_published_time":"2016-05-06T12:29:04+00:00","og_image":[{"url":"https:\/\/www.apaebrasil.org.br\/foto.phtml\/539490\/g","type":"","width":"","height":""}],"author":"inclusivenews2024","twitter_card":"summary_large_image","twitter_misc":{"Escrito por":"inclusivenews2024","Tempo estimado de leitura":"1 minuto"},"schema":{"@context":"https:\/\/schema.org","@graph":[{"@type":"Article","@id":"https:\/\/inclusivenews.com.br\/?p=29278#article","isPartOf":{"@id":"https:\/\/inclusivenews.com.br\/?p=29278"},"author":{"name":"inclusivenews2024","@id":"https:\/\/inclusivenews.com.br\/#\/schema\/person\/ae4ec7087559b8692fb33b6fffd2273b"},"headline":"1\u00ba Congresso Nacional de Microcefalia","datePublished":"2016-05-06T12:29:04+00:00","mainEntityOfPage":{"@id":"https:\/\/inclusivenews.com.br\/?p=29278"},"wordCount":206,"commentCount":0,"publisher":{"@id":"https:\/\/inclusivenews.com.br\/#organization"},"image":{"@id":"https:\/\/inclusivenews.com.br\/?p=29278#primaryimage"},"thumbnailUrl":"https:\/\/www.apaebrasil.org.br\/foto.phtml\/539490\/g","keywords":["Microcefalia"],"articleSection":["Microcefalia"],"inLanguage":"pt-PT","potentialAction":[{"@type":"CommentAction","name":"Comment","target":["https:\/\/inclusivenews.com.br\/?p=29278#respond"]}]},{"@type":"WebPage","@id":"https:\/\/inclusivenews.com.br\/?p=29278","url":"https:\/\/inclusivenews.com.br\/?p=29278","name":"1\u00ba Congresso Nacional de Microcefalia -","isPartOf":{"@id":"https:\/\/inclusivenews.com.br\/#website"},"primaryImageOfPage":{"@id":"https:\/\/inclusivenews.com.br\/?p=29278#primaryimage"},"image":{"@id":"https:\/\/inclusivenews.com.br\/?p=29278#primaryimage"},"thumbnailUrl":"https:\/\/www.apaebrasil.org.br\/foto.phtml\/539490\/g","datePublished":"2016-05-06T12:29:04+00:00","breadcrumb":{"@id":"https:\/\/inclusivenews.com.br\/?p=29278#breadcrumb"},"inLanguage":"pt-PT","potentialAction":[{"@type":"ReadAction","target":["https:\/\/inclusivenews.com.br\/?p=29278"]}]},{"@type":"ImageObject","inLanguage":"pt-PT","@id":"https:\/\/inclusivenews.com.br\/?p=29278#primaryimage","url":"https:\/\/www.apaebrasil.org.br\/foto.phtml\/539490\/g","contentUrl":"https:\/\/www.apaebrasil.org.br\/foto.phtml\/539490\/g"},{"@type":"BreadcrumbList","@id":"https:\/\/inclusivenews.com.br\/?p=29278#breadcrumb","itemListElement":[{"@type":"ListItem","position":1,"name":"In\u00edcio","item":"https:\/\/inclusivenews.com.br\/"},{"@type":"ListItem","position":2,"name":"1\u00ba Congresso Nacional de Microcefalia"}]},{"@type":"WebSite","@id":"https:\/\/inclusivenews.com.br\/#website","url":"https:\/\/inclusivenews.com.br\/","name":"Inclusive News","description":"Inclusive News","publisher":{"@id":"https:\/\/inclusivenews.com.br\/#organization"},"potentialAction":[{"@type":"SearchAction","target":{"@type":"EntryPoint","urlTemplate":"https:\/\/inclusivenews.com.br\/?s={search_term_string}"},"query-input":{"@type":"PropertyValueSpecification","valueRequired":true,"valueName":"search_term_string"}}],"inLanguage":"pt-PT"},{"@type":"Organization","@id":"https:\/\/inclusivenews.com.br\/#organization","name":"Inclusive - inclus\u00e3o e cidadania","url":"https:\/\/inclusivenews.com.br\/","logo":{"@type":"ImageObject","inLanguage":"pt-PT","@id":"https:\/\/inclusivenews.com.br\/#\/schema\/logo\/image\/","url":"https:\/\/inclusivenews.com.br\/wp-content\/uploads\/2024\/03\/@grandesite.png","contentUrl":"https:\/\/inclusivenews.com.br\/wp-content\/uploads\/2024\/03\/@grandesite.png","width":1080,"height":1080,"caption":"Inclusive - inclus\u00e3o e cidadania"},"image":{"@id":"https:\/\/inclusivenews.com.br\/#\/schema\/logo\/image\/"},"sameAs":["https:\/\/www.facebook.com\/agenciainclusive\/","https:\/\/www.instagram.com\/newsinclusive\/"]},{"@type":"Person","@id":"https:\/\/inclusivenews.com.br\/#\/schema\/person\/ae4ec7087559b8692fb33b6fffd2273b","name":"inclusivenews2024","image":{"@type":"ImageObject","inLanguage":"pt-PT","@id":"https:\/\/secure.gravatar.com\/avatar\/c5a7ef84c66fa914f55bc4f7ce26cfa275a3b9a1c5568b907bd184fb4dde7b40?s=96&d=mm&r=g","url":"https:\/\/secure.gravatar.com\/avatar\/c5a7ef84c66fa914f55bc4f7ce26cfa275a3b9a1c5568b907bd184fb4dde7b40?s=96&d=mm&r=g","contentUrl":"https:\/\/secure.gravatar.com\/avatar\/c5a7ef84c66fa914f55bc4f7ce26cfa275a3b9a1c5568b907bd184fb4dde7b40?s=96&d=mm&r=g","caption":"inclusivenews2024"},"sameAs":["https:\/\/inclusivenews.com.br"],"url":"https:\/\/inclusivenews.com.br\/?author=1"}]}},"_links":{"self":[{"href":"https:\/\/inclusivenews.com.br\/index.php?rest_route=\/wp\/v2\/posts\/29278","targetHints":{"allow":["GET"]}}],"collection":[{"href":"https:\/\/inclusivenews.com.br\/index.php?rest_route=\/wp\/v2\/posts"}],"about":[{"href":"https:\/\/inclusivenews.com.br\/index.php?rest_route=\/wp\/v2\/types\/post"}],"author":[{"embeddable":true,"href":"https:\/\/inclusivenews.com.br\/index.php?rest_route=\/wp\/v2\/users\/1"}],"replies":[{"embeddable":true,"href":"https:\/\/inclusivenews.com.br\/index.php?rest_route=%2Fwp%2Fv2%2Fcomments&post=29278"}],"version-history":[{"count":0,"href":"https:\/\/inclusivenews.com.br\/index.php?rest_route=\/wp\/v2\/posts\/29278\/revisions"}],"wp:attachment":[{"href":"https:\/\/inclusivenews.com.br\/index.php?rest_route=%2Fwp%2Fv2%2Fmedia&parent=29278"}],"wp:term":[{"taxonomy":"category","embeddable":true,"href":"https:\/\/inclusivenews.com.br\/index.php?rest_route=%2Fwp%2Fv2%2Fcategories&post=29278"},{"taxonomy":"post_tag","embeddable":true,"href":"https:\/\/inclusivenews.com.br\/index.php?rest_route=%2Fwp%2Fv2%2Ftags&post=29278"}],"curies":[{"name":"wp","href":"https:\/\/api.w.org\/{rel}","templated":true}]}}