{"id":29343,"date":"2016-05-16T14:31:21","date_gmt":"2016-05-16T17:31:21","guid":{"rendered":"http:\/\/www.inclusive.org.br\/?p=29343"},"modified":"2016-05-16T14:31:21","modified_gmt":"2016-05-16T17:31:21","slug":"entidades-lancam-manifesto-em-defesa-da-secretaria-nacional-dos-direitos-das-pessoas-com-deficiencia","status":"publish","type":"post","link":"https:\/\/inclusivenews.com.br\/?p=29343","title":{"rendered":"Entidades lan\u00e7am manifesto em defesa da Secretaria Nacional dos Direitos das Pessoas com Defici\u00eancia"},"content":{"rendered":"<p style=\"text-align: center;\"><img loading=\"lazy\" decoding=\"async\" class=\"wp-image-29344 aligncenter\" alt=\"sob fundo azul, ilustra\u00e7\u00e3o em branco mostrando pessoas com v\u00e1rios tipos de defici\u00eancia. em letras amarelas - MANIFESTO, e em letras azuis sob fundo amarelo, em defesa da secretaria Nacional dos Direitos das Pessoas com Defici\u00eancia - SNPD.\" src=\"http:\/\/inclusivenews.com.br\/wp-content\/uploads\/MANIFESTO.001.jpeg\" width=\"368\" height=\"277\" \/><\/p>\n<p>MANIFESTO EM DEFESA DA SECRETARIA NACIONAL DA PESSOA COM DEFICI\u00caNCIA &#8211; SNPD<\/p>\n<p><em>N\u00f3s, pessoas com defici\u00eancia\u00a0e representantes das entidades da sociedade civil que atuam na defesa dos direitos dos mais de 45 milh\u00f5es desses brasileiros,\u00a0exigimos do governo interino do presidente Michel Temer a manuten\u00e7\u00e3o da SNPD como \u00f3rg\u00e3o espec\u00edfico, com\u00a0\u00a0status\u00a0de Secretaria Nacional, destinado \u00e0 articula\u00e7\u00e3o de pol\u00edticas p\u00fablicas voltadas ao segmento.<\/em><\/p>\n<p>Com a Lei 7.853\/1989 foi criada a\u00a0Coordenadoria Nacional para a Pol\u00edtica de\u00a0Integra\u00e7\u00e3o\u00a0da Pessoa com Defici\u00eancia &#8211; CORDE,\u00a0\u00a0que posteriormente passou para\u00a0a estrutura da\u00a0 Secretaria de Estado dos Direitos Humanos. Em 2003, pela Lei\u00a010.683, a SEDH foi deslocada do Minist\u00e9rio da Justi\u00e7a\u00a0para a Presid\u00eancia da Rep\u00fablica.\u00a0Em 2009, com a\u00a0edi\u00e7\u00e3o da Lei 11. 958,\u00a0 foi elevada ao\u00a0<i>status\u00a0<\/i>de Subsecretaria Nacional de Promo\u00e7\u00e3o dos Direitos da Pessoa com Defici\u00eancia. Em 2010 \u00a0essa Subsecretaria tornou-se,\u00a0\u00a0at\u00e9 a edi\u00e7\u00e3o da MP 726\/16,\u00a0Secretaria Nacional de Promo\u00e7\u00e3o dos Direitos da Pessoa com Defici\u00eancia, condi\u00e7\u00e3o que manteve mesmo ap\u00f3s sua integra\u00e7\u00e3o ao\u00a0Minist\u00e9rio das Mulheres, da Igualdade Racial, da Juventude e dos Direitos Humanos, em 2015.<\/p>\n<p>Nesses anos, o Brasil alcan\u00e7ou in\u00fameros avan\u00e7os na promo\u00e7\u00e3o e defesa dos direitos das pessoas com defici\u00eancia. Em 2009, a Conven\u00e7\u00e3o Internacional das Na\u00e7\u00f5es Unidas sobre o tema (CDPD) foi promulgada com equival\u00eancia de emenda constitucional. Dois anos depois, foi implementado o Viver Sem Limite, programa premiado que instituiu numerosas pol\u00edticas para essas pessoas, muitas delas consolidadas pela Lei Brasileira de Inclus\u00e3o (LBI) de 2015. Foram ainda fortalecidos alguns conselhos j\u00e1 existentes e institu\u00eddos outros com o fim de ampliar o debate necess\u00e1rio ao resguardo de direitos. Foi produzido, tamb\u00e9m,\u00a0na Confer\u00eancia das Na\u00e7\u00f5es Unidas sobre Desenvolvimento Sustent\u00e1vel &#8211; Rio+20 (2012) de forma pioneira\u00a0o\u00a0documento \u201cO futuro que queremos\u201d, cujo resultado mais recente foi a inser\u00e7\u00e3o do tema \u201cdefici\u00eancia\u201d nos Objetivos do Desenvolvimento Sustent\u00e1vel (ODS), estabelecendo, assim, novas responsabilidades para o Estado brasileiro nessa seara, conforme estabelece o documento \u201cTransformando Nosso Mundo: A Agenda 2030 para o Desenvolvimento Sustent\u00e1vel\u201d, do qual o pa\u00eds \u00e9 signat\u00e1rio.<\/p>\n<p>Essas conquistas s\u00f3 se concretizaram em face da organiza\u00e7\u00e3o\u00a0\u00a0dos movimentos sociais das pessoas com defici\u00eancia, manifesta\u00a0\u00a0na expans\u00e3o de conselhos municipais e estaduais sobre o tema, e em face da exist\u00eancia de um \u00f3rg\u00e3o espec\u00edfico, no Estado,\u00a0\u00a0destinado a promover os direitos desse segmento, a Secretaria Nacional de Promo\u00e7\u00e3o dos Direitos da Pessoa com Defici\u00eancia \u2013 SNPD.<\/p>\n<p>H\u00e1 ainda, contudo, muito a fazer. Precisamos ver materializados, na vida das pessoas, os\u00a0\u00a0avan\u00e7os previstos na referida Conven\u00e7\u00e3o e\u00a0\u00a0Lei Brasileira de Inclus\u00e3o, entre os quais os relativos\u00a0ao efetivo acesso aos direitos \u00e0 sa\u00fade, educa\u00e7\u00e3o e trabalho\u00a0entre outros. Precisamos de pol\u00edticas p\u00fablicas que garantam \u00e0s 45.606.048 pessoas \u2013 que, segundo o Censo de 2010, possuem algum tipo de defici\u00eancia\u00a0\u00a0\u2013\u00a0efetiva\u00a0<wbr \/>participa\u00e7\u00e3o na sociedade,em cumprimento a um dos desafios lan\u00e7ados na\u00a0Declara\u00e7\u00e3o da D\u00e9cada das Am\u00e9ricas pelos Direitos e pela Dignidade das Pessoas com Defici\u00eancia\u00a0(2006-2016),\u00a0 que teve como\u00a0lema: \u201cIgualdade, Dignidade e Participa\u00e7\u00e3o\u201d, cujo objetivo \u00e9 alcan\u00e7ar o reconhecimento e o exerc\u00edcio pleno dos direitos e da dignidade das pessoas com defici\u00eancia e seu direito de participar plenamente na vida econ\u00f4mica, social, cultural e pol\u00edtica e no desenvolvimento de suas sociedades, sem discrimina\u00e7\u00e3o e em p\u00e9 de igualdade com os demais.<\/p>\n<p>Por essas raz\u00f5es, n\u00f3s, pessoas com defici\u00eancia e representantes das\u00a0\u00a0entidades da sociedade civil que atuam na defesa dos direitos dessas pessoas,\u00a0\u00a0exigimos do governo interino do presidente Michel Temer a manuten\u00e7\u00e3o da SNPD como \u00f3rg\u00e3o espec\u00edfico, com\u00a0\u00a0<i>status<\/i>\u00a0de Secretaria Nacional,\u00a0\u00a0destinado \u00e0 articula\u00e7\u00e3o de pol\u00edticas p\u00fablicas voltadas ao segmento.<\/p>\n<p>Al\u00e9m de fundamental do ponto de vista administrativo e social,\u00a0\u00a0pois assegurar\u00e1 a esses\u00a0\u00a045,6 milh\u00f5es de pessoas,\u00a0\u00a0\u00a0realiza\u00e7\u00e3o de direitos, em igualdade de oportunidades com as demais pessoas sem\u00a0\u00a0defici\u00eancia,\u00a0tal manuten\u00e7\u00e3o \u00e9 fundamental do ponto de vista pol\u00edtico, porque\u00a0\u00a0contribuir\u00e1\u00a0\u00a0para a\u00a0materializa\u00e7\u00e3o do compromisso assumido pelo Brasil perante a ONU,\u00a0\u00a0de\u00a0fortalecimento, no \u00e2mbito do Governo, das estruturas e pontos focais\u00a0para assuntos relacionados \u00e0\u00a0\u00a0implementa\u00e7\u00e3o da citada Conven\u00e7\u00e3o e de \u201c<i>devida considera\u00e7\u00e3o ao estabelecimento ou designa\u00e7\u00e3o de um mecanismo de coordena\u00e7\u00e3o no \u00e2mbito do Governo, a fim de facilitar a\u00e7\u00f5es correlatas nos diferentes setores e n\u00edveis<\/i>\u201d.\u00a0\u00a0A manuten\u00e7\u00e3o\u00a0\u00a0da SNPD,\u00a0com o mesmo status que ostentava antes,\u00a0\u00a0evitaria \u00a0tamb\u00e9m a den\u00fancia do\u00a0Estado brasileiro \u00a0perante o\u00a0Comit\u00ea da ONU sobre os Direitos das Pessoas com Defici\u00eancia,\u00a0impositiva nas hip\u00f3teses de desrespeito \u00e0s disposi\u00e7\u00f5es da Conven\u00e7\u00e3o, que certamente ocorreria caso eventualmente\u00a0\u00a0suprimida essa Secretaria. A subsist\u00eancia da SNPD impediria, por fim, retrocesso inaceit\u00e1vel\u00a0\u00a0aos direitos fundamentais t\u00e3o duramente conquistados por\u00a0esses 23,9% da popula\u00e7\u00e3o.<\/p>\n<p>N\u00f3s, brasileiros e brasileiras com defici\u00eancia, exigimos nosso lugar no Estado, em igualdade de direitos\u00a0!<\/p>\n<p>ENTIDADES QUE ADEREM AO MANIFESTO<\/p>\n<p>Abra\u00e7a &#8211; Associa\u00e7\u00e3o Brasileira para A\u00e7\u00e3o por Direitos das Pessoas com Autismo<br \/>\nAbrace Autismo<br \/>\nADEFISS &#8211; Associa\u00e7\u00e3o dos Deficientes F\u00edsicos de S\u00e3o Sim\u00e3o<br \/>\nAmankay Instituto de Estudos e Pesquisas<br \/>\nAPNEN (Associa\u00e7\u00e3o dos Portadores de Necessidades Especiais de Nova Odessa)<br \/>\nASPOSBERN \u2013 Associa\u00e7\u00e3o dos Pais e Pessoas do Estado do Rio Grande do Norte<br \/>\nAssocia\u00e7\u00e3o Amanh\u00e3 Para Todos<br \/>\nAssocia\u00e7\u00e3o de Pessoas com Necessidades Especiais de Aparecida do Rio Negro<br \/>\nAssocia\u00e7\u00e3o dos Defici\u00eantes Visuais de S\u00e3o Jos\u00e9 dos Pinhais ADVSJP<br \/>\nAssocia\u00e7\u00e3o Down de Goi\u00e1s<br \/>\nAssocia\u00e7\u00e3o Paradesportiva do Interior da Bahia<br \/>\nCADEVI \u2013 Centro de Apoio ao Deficiente Visual<br \/>\nCapacitismo \u00e9 Crime de \u00d3dio<br \/>\nCasa JOANA<br \/>\nConselho Municipal dos Direitos da Pessoa com Defici\u00eancia (COMDEF), Jequi\u00e9, na Bahia<br \/>\nCVI Araci Nallln &#8211; Centro de Vida Independente Araci Nallin<br \/>\nDesenvolver &#8211; Consultoria em Inclus\u00e3o de Pessoas com Deficiencia<br \/>\nDespatalogiza &#8211; Movimento pela Despatologiza\u00e7\u00e3o da Vida<br \/>\nF.A.E &#8211; Frente Anticapacitista de Esquerda<br \/>\nFedera\u00e7\u00e3o Brasileira de Associa\u00e7\u00f5es de S\u00edndrome de Down &#8211; FBASD<br \/>\nFedera\u00e7\u00e3o dos Deficientes F\u00edsicos de MS<br \/>\nF\u00f3rum dos Direitos das Pessoas com Defici\u00eancia de Curitiba<br \/>\nF\u00f3rum Permanente de Educa\u00e7\u00e3o Inclusiva<br \/>\nFunda\u00e7\u00e3o S\u00edndrome de Down<br \/>\nGrupo de Pesquisa CNPq Vozes, Empoderamento, Inclus\u00e3o e Direitos Humanos<br \/>\nGrupo Maric\u00e1<br \/>\nGrupo Minas Down<br \/>\nIFAN &#8211; Instituto da Inf\u00e2ncia<br \/>\nInclusive &#8211; Inclus\u00e3o e Cidadania<br \/>\nInstituto Aldo Miccolis<br \/>\nInstituto Autismo &amp; Vida<br \/>\nInstituto de Defesa dos Direitos das Pessoas com Defici\u00eancia &#8211; IDDPCD<br \/>\nInstituto Mano Down<br \/>\nInstituto Sul Mato Grossense para Cegos &#8220;Florivaldo Vargas&#8221; &#8211; ISMAC<br \/>\nLife Down<br \/>\nMemorial da Inclus\u00e3o<br \/>\nMovimento Anti-Capacitismo<br \/>\nMovimento Down<br \/>\nN\u00facleo de Inclus\u00e3o e Acessibilidade para Pessoas com Defici\u00eancia da Universidade Estadual do Sudoeste da Bahia<br \/>\nRede da Primeira Inf\u00e2ncia do Estado do Cear\u00e1 &#8211; REPI-CE<br \/>\nRS Paradesporto<br \/>\nTrissomia do Amor 21<\/p>\n<p>ASSINE O MANIFESTO PELA MANUTEN\u00c7\u00c3O DA SNPD! COMPARTILHE EM SUAS REDES!<\/p>\n<p><a href=\"https:\/\/community.avaaz.org\/petitions\/manifesto-em-defesa-da-secretaria-nacional-da-pessoa-com-deficiencia-snpd?source=facebook-share-button&amp;time=1463435282\">https:\/\/community.avaaz.org\/petitions\/manifesto-em-defesa-da-secretaria-nacional-da-pessoa-com-deficiencia-snpd?source=facebook-share-button&amp;time=1463435282<\/a><\/p>\n<p>(SE SUA ENTIDADE QUISER ADERIR, FAVOR DEIXAR O NOME NOS COMENT\u00c1RIOS OU ENVIAR EMAIL PARA INCLUSIVE@INCLUSIVE.ORG.BR)<\/p>\n","protected":false},"excerpt":{"rendered":"<p>A extin\u00e7\u00e3o ou rebaixamento da SNPD representar\u00e1 inaceit\u00e1vel aos direitos fundamentais t\u00e3o duramente conquistados por esses 23,9% da popula\u00e7\u00e3o.<\/p>\n","protected":false},"author":1,"featured_media":0,"comment_status":"open","ping_status":"open","sticky":false,"template":"","format":"standard","meta":{"site-container-style":"default","site-container-layout":"default","site-sidebar-layout":"default","disable-article-header":"default","disable-site-header":"default","disable-site-footer":"default","disable-content-area-spacing":"default","footnotes":""},"categories":[44,3,5,38,11,39,6,48,26,46,49,37],"tags":[],"class_list":["post-29343","post","type-post","status-publish","format-standard","hentry","category-acessibilidade","category-campanhas","category-convencao","category-deficiencia","category-direitos-humanos","category-discriminacao","category-educacao","category-inclusao","category-legislacao","category-mercado-de-trabalho","category-politicas-publicas","category-saude"],"yoast_head":"<!-- This site is optimized with the Yoast SEO plugin v27.4 - https:\/\/yoast.com\/product\/yoast-seo-wordpress\/ -->\n<title>Entidades lan\u00e7am manifesto em defesa da Secretaria Nacional dos Direitos das Pessoas com Defici\u00eancia -<\/title>\n<meta name=\"robots\" content=\"index, follow, max-snippet:-1, max-image-preview:large, max-video-preview:-1\" \/>\n<link rel=\"canonical\" href=\"https:\/\/inclusivenews.com.br\/?p=29343\" \/>\n<meta property=\"og:locale\" content=\"pt_PT\" \/>\n<meta property=\"og:type\" content=\"article\" \/>\n<meta property=\"og:title\" content=\"Entidades lan\u00e7am manifesto em defesa da Secretaria Nacional dos Direitos das Pessoas com Defici\u00eancia -\" \/>\n<meta property=\"og:description\" content=\"A extin\u00e7\u00e3o ou rebaixamento da SNPD representar\u00e1 inaceit\u00e1vel aos direitos fundamentais t\u00e3o duramente conquistados por esses 23,9% da popula\u00e7\u00e3o.\" \/>\n<meta property=\"og:url\" content=\"https:\/\/inclusivenews.com.br\/?p=29343\" \/>\n<meta property=\"article:publisher\" content=\"https:\/\/www.facebook.com\/agenciainclusive\/\" \/>\n<meta property=\"article:published_time\" content=\"2016-05-16T17:31:21+00:00\" \/>\n<meta property=\"og:image\" content=\"http:\/\/inclusivenews.com.br\/wp-content\/uploads\/MANIFESTO.001.jpeg\" \/>\n<meta name=\"author\" content=\"inclusivenews2024\" \/>\n<meta name=\"twitter:card\" content=\"summary_large_image\" \/>\n<meta name=\"twitter:label1\" content=\"Escrito por\" \/>\n\t<meta name=\"twitter:data1\" content=\"inclusivenews2024\" \/>\n\t<meta name=\"twitter:label2\" content=\"Tempo estimado de leitura\" \/>\n\t<meta name=\"twitter:data2\" content=\"6 minutos\" \/>\n<script type=\"application\/ld+json\" class=\"yoast-schema-graph\">{\"@context\":\"https:\\\/\\\/schema.org\",\"@graph\":[{\"@type\":\"Article\",\"@id\":\"https:\\\/\\\/inclusivenews.com.br\\\/?p=29343#article\",\"isPartOf\":{\"@id\":\"https:\\\/\\\/inclusivenews.com.br\\\/?p=29343\"},\"author\":{\"name\":\"inclusivenews2024\",\"@id\":\"https:\\\/\\\/inclusivenews.com.br\\\/#\\\/schema\\\/person\\\/ae4ec7087559b8692fb33b6fffd2273b\"},\"headline\":\"Entidades lan\u00e7am manifesto em defesa da Secretaria Nacional dos Direitos das Pessoas com Defici\u00eancia\",\"datePublished\":\"2016-05-16T17:31:21+00:00\",\"mainEntityOfPage\":{\"@id\":\"https:\\\/\\\/inclusivenews.com.br\\\/?p=29343\"},\"wordCount\":1241,\"commentCount\":32,\"publisher\":{\"@id\":\"https:\\\/\\\/inclusivenews.com.br\\\/#organization\"},\"image\":{\"@id\":\"https:\\\/\\\/inclusivenews.com.br\\\/?p=29343#primaryimage\"},\"thumbnailUrl\":\"http:\\\/\\\/inclusivenews.com.br\\\/wp-content\\\/uploads\\\/MANIFESTO.001.jpeg\",\"articleSection\":[\"ACESSIBILIDADE\",\"CAMPANHAS\",\"Conven\u00e7\u00e3o\",\"Defici\u00eancia\",\"DIREITOS HUMANOS\",\"Discrimina\u00e7\u00e3o\",\"EDUCA\u00c7\u00c3O\",\"INCLUS\u00c3O SOCIAL\",\"Legisla\u00e7\u00e3o ...\",\"Mercado de Trabalho\",\"Pol\u00edticas p\u00fablicas\",\"Sa\u00fade\"],\"inLanguage\":\"pt-PT\",\"potentialAction\":[{\"@type\":\"CommentAction\",\"name\":\"Comment\",\"target\":[\"https:\\\/\\\/inclusivenews.com.br\\\/?p=29343#respond\"]}]},{\"@type\":\"WebPage\",\"@id\":\"https:\\\/\\\/inclusivenews.com.br\\\/?p=29343\",\"url\":\"https:\\\/\\\/inclusivenews.com.br\\\/?p=29343\",\"name\":\"Entidades lan\u00e7am manifesto em defesa da Secretaria Nacional dos Direitos das Pessoas com Defici\u00eancia -\",\"isPartOf\":{\"@id\":\"https:\\\/\\\/inclusivenews.com.br\\\/#website\"},\"primaryImageOfPage\":{\"@id\":\"https:\\\/\\\/inclusivenews.com.br\\\/?p=29343#primaryimage\"},\"image\":{\"@id\":\"https:\\\/\\\/inclusivenews.com.br\\\/?p=29343#primaryimage\"},\"thumbnailUrl\":\"http:\\\/\\\/inclusivenews.com.br\\\/wp-content\\\/uploads\\\/MANIFESTO.001.jpeg\",\"datePublished\":\"2016-05-16T17:31:21+00:00\",\"breadcrumb\":{\"@id\":\"https:\\\/\\\/inclusivenews.com.br\\\/?p=29343#breadcrumb\"},\"inLanguage\":\"pt-PT\",\"potentialAction\":[{\"@type\":\"ReadAction\",\"target\":[\"https:\\\/\\\/inclusivenews.com.br\\\/?p=29343\"]}]},{\"@type\":\"ImageObject\",\"inLanguage\":\"pt-PT\",\"@id\":\"https:\\\/\\\/inclusivenews.com.br\\\/?p=29343#primaryimage\",\"url\":\"\",\"contentUrl\":\"\"},{\"@type\":\"BreadcrumbList\",\"@id\":\"https:\\\/\\\/inclusivenews.com.br\\\/?p=29343#breadcrumb\",\"itemListElement\":[{\"@type\":\"ListItem\",\"position\":1,\"name\":\"In\u00edcio\",\"item\":\"https:\\\/\\\/inclusivenews.com.br\\\/\"},{\"@type\":\"ListItem\",\"position\":2,\"name\":\"Entidades lan\u00e7am manifesto em defesa da Secretaria Nacional dos Direitos das Pessoas com Defici\u00eancia\"}]},{\"@type\":\"WebSite\",\"@id\":\"https:\\\/\\\/inclusivenews.com.br\\\/#website\",\"url\":\"https:\\\/\\\/inclusivenews.com.br\\\/\",\"name\":\"Inclusive News\",\"description\":\"Inclusive News\",\"publisher\":{\"@id\":\"https:\\\/\\\/inclusivenews.com.br\\\/#organization\"},\"potentialAction\":[{\"@type\":\"SearchAction\",\"target\":{\"@type\":\"EntryPoint\",\"urlTemplate\":\"https:\\\/\\\/inclusivenews.com.br\\\/?s={search_term_string}\"},\"query-input\":{\"@type\":\"PropertyValueSpecification\",\"valueRequired\":true,\"valueName\":\"search_term_string\"}}],\"inLanguage\":\"pt-PT\"},{\"@type\":\"Organization\",\"@id\":\"https:\\\/\\\/inclusivenews.com.br\\\/#organization\",\"name\":\"Inclusive - inclus\u00e3o e cidadania\",\"url\":\"https:\\\/\\\/inclusivenews.com.br\\\/\",\"logo\":{\"@type\":\"ImageObject\",\"inLanguage\":\"pt-PT\",\"@id\":\"https:\\\/\\\/inclusivenews.com.br\\\/#\\\/schema\\\/logo\\\/image\\\/\",\"url\":\"https:\\\/\\\/inclusivenews.com.br\\\/wp-content\\\/uploads\\\/2024\\\/03\\\/@grandesite.png\",\"contentUrl\":\"https:\\\/\\\/inclusivenews.com.br\\\/wp-content\\\/uploads\\\/2024\\\/03\\\/@grandesite.png\",\"width\":1080,\"height\":1080,\"caption\":\"Inclusive - inclus\u00e3o e cidadania\"},\"image\":{\"@id\":\"https:\\\/\\\/inclusivenews.com.br\\\/#\\\/schema\\\/logo\\\/image\\\/\"},\"sameAs\":[\"https:\\\/\\\/www.facebook.com\\\/agenciainclusive\\\/\",\"https:\\\/\\\/www.instagram.com\\\/newsinclusive\\\/\"]},{\"@type\":\"Person\",\"@id\":\"https:\\\/\\\/inclusivenews.com.br\\\/#\\\/schema\\\/person\\\/ae4ec7087559b8692fb33b6fffd2273b\",\"name\":\"inclusivenews2024\",\"image\":{\"@type\":\"ImageObject\",\"inLanguage\":\"pt-PT\",\"@id\":\"https:\\\/\\\/secure.gravatar.com\\\/avatar\\\/c5a7ef84c66fa914f55bc4f7ce26cfa275a3b9a1c5568b907bd184fb4dde7b40?s=96&d=mm&r=g\",\"url\":\"https:\\\/\\\/secure.gravatar.com\\\/avatar\\\/c5a7ef84c66fa914f55bc4f7ce26cfa275a3b9a1c5568b907bd184fb4dde7b40?s=96&d=mm&r=g\",\"contentUrl\":\"https:\\\/\\\/secure.gravatar.com\\\/avatar\\\/c5a7ef84c66fa914f55bc4f7ce26cfa275a3b9a1c5568b907bd184fb4dde7b40?s=96&d=mm&r=g\",\"caption\":\"inclusivenews2024\"},\"sameAs\":[\"https:\\\/\\\/inclusivenews.com.br\"],\"url\":\"https:\\\/\\\/inclusivenews.com.br\\\/?author=1\"}]}<\/script>\n<!-- \/ Yoast SEO plugin. -->","yoast_head_json":{"title":"Entidades lan\u00e7am manifesto em defesa da Secretaria Nacional dos Direitos das Pessoas com Defici\u00eancia -","robots":{"index":"index","follow":"follow","max-snippet":"max-snippet:-1","max-image-preview":"max-image-preview:large","max-video-preview":"max-video-preview:-1"},"canonical":"https:\/\/inclusivenews.com.br\/?p=29343","og_locale":"pt_PT","og_type":"article","og_title":"Entidades lan\u00e7am manifesto em defesa da Secretaria Nacional dos Direitos das Pessoas com Defici\u00eancia -","og_description":"A extin\u00e7\u00e3o ou rebaixamento da SNPD representar\u00e1 inaceit\u00e1vel aos direitos fundamentais t\u00e3o duramente conquistados por esses 23,9% da popula\u00e7\u00e3o.","og_url":"https:\/\/inclusivenews.com.br\/?p=29343","article_publisher":"https:\/\/www.facebook.com\/agenciainclusive\/","article_published_time":"2016-05-16T17:31:21+00:00","og_image":[{"url":"http:\/\/inclusivenews.com.br\/wp-content\/uploads\/MANIFESTO.001.jpeg","type":"","width":"","height":""}],"author":"inclusivenews2024","twitter_card":"summary_large_image","twitter_misc":{"Escrito por":"inclusivenews2024","Tempo estimado de leitura":"6 minutos"},"schema":{"@context":"https:\/\/schema.org","@graph":[{"@type":"Article","@id":"https:\/\/inclusivenews.com.br\/?p=29343#article","isPartOf":{"@id":"https:\/\/inclusivenews.com.br\/?p=29343"},"author":{"name":"inclusivenews2024","@id":"https:\/\/inclusivenews.com.br\/#\/schema\/person\/ae4ec7087559b8692fb33b6fffd2273b"},"headline":"Entidades lan\u00e7am manifesto em defesa da Secretaria Nacional dos Direitos das Pessoas com Defici\u00eancia","datePublished":"2016-05-16T17:31:21+00:00","mainEntityOfPage":{"@id":"https:\/\/inclusivenews.com.br\/?p=29343"},"wordCount":1241,"commentCount":32,"publisher":{"@id":"https:\/\/inclusivenews.com.br\/#organization"},"image":{"@id":"https:\/\/inclusivenews.com.br\/?p=29343#primaryimage"},"thumbnailUrl":"http:\/\/inclusivenews.com.br\/wp-content\/uploads\/MANIFESTO.001.jpeg","articleSection":["ACESSIBILIDADE","CAMPANHAS","Conven\u00e7\u00e3o","Defici\u00eancia","DIREITOS HUMANOS","Discrimina\u00e7\u00e3o","EDUCA\u00c7\u00c3O","INCLUS\u00c3O SOCIAL","Legisla\u00e7\u00e3o ...","Mercado de Trabalho","Pol\u00edticas p\u00fablicas","Sa\u00fade"],"inLanguage":"pt-PT","potentialAction":[{"@type":"CommentAction","name":"Comment","target":["https:\/\/inclusivenews.com.br\/?p=29343#respond"]}]},{"@type":"WebPage","@id":"https:\/\/inclusivenews.com.br\/?p=29343","url":"https:\/\/inclusivenews.com.br\/?p=29343","name":"Entidades lan\u00e7am manifesto em defesa da Secretaria Nacional dos Direitos das Pessoas com Defici\u00eancia -","isPartOf":{"@id":"https:\/\/inclusivenews.com.br\/#website"},"primaryImageOfPage":{"@id":"https:\/\/inclusivenews.com.br\/?p=29343#primaryimage"},"image":{"@id":"https:\/\/inclusivenews.com.br\/?p=29343#primaryimage"},"thumbnailUrl":"http:\/\/inclusivenews.com.br\/wp-content\/uploads\/MANIFESTO.001.jpeg","datePublished":"2016-05-16T17:31:21+00:00","breadcrumb":{"@id":"https:\/\/inclusivenews.com.br\/?p=29343#breadcrumb"},"inLanguage":"pt-PT","potentialAction":[{"@type":"ReadAction","target":["https:\/\/inclusivenews.com.br\/?p=29343"]}]},{"@type":"ImageObject","inLanguage":"pt-PT","@id":"https:\/\/inclusivenews.com.br\/?p=29343#primaryimage","url":"","contentUrl":""},{"@type":"BreadcrumbList","@id":"https:\/\/inclusivenews.com.br\/?p=29343#breadcrumb","itemListElement":[{"@type":"ListItem","position":1,"name":"In\u00edcio","item":"https:\/\/inclusivenews.com.br\/"},{"@type":"ListItem","position":2,"name":"Entidades lan\u00e7am manifesto em defesa da Secretaria Nacional dos Direitos das Pessoas com Defici\u00eancia"}]},{"@type":"WebSite","@id":"https:\/\/inclusivenews.com.br\/#website","url":"https:\/\/inclusivenews.com.br\/","name":"Inclusive News","description":"Inclusive News","publisher":{"@id":"https:\/\/inclusivenews.com.br\/#organization"},"potentialAction":[{"@type":"SearchAction","target":{"@type":"EntryPoint","urlTemplate":"https:\/\/inclusivenews.com.br\/?s={search_term_string}"},"query-input":{"@type":"PropertyValueSpecification","valueRequired":true,"valueName":"search_term_string"}}],"inLanguage":"pt-PT"},{"@type":"Organization","@id":"https:\/\/inclusivenews.com.br\/#organization","name":"Inclusive - inclus\u00e3o e cidadania","url":"https:\/\/inclusivenews.com.br\/","logo":{"@type":"ImageObject","inLanguage":"pt-PT","@id":"https:\/\/inclusivenews.com.br\/#\/schema\/logo\/image\/","url":"https:\/\/inclusivenews.com.br\/wp-content\/uploads\/2024\/03\/@grandesite.png","contentUrl":"https:\/\/inclusivenews.com.br\/wp-content\/uploads\/2024\/03\/@grandesite.png","width":1080,"height":1080,"caption":"Inclusive - inclus\u00e3o e cidadania"},"image":{"@id":"https:\/\/inclusivenews.com.br\/#\/schema\/logo\/image\/"},"sameAs":["https:\/\/www.facebook.com\/agenciainclusive\/","https:\/\/www.instagram.com\/newsinclusive\/"]},{"@type":"Person","@id":"https:\/\/inclusivenews.com.br\/#\/schema\/person\/ae4ec7087559b8692fb33b6fffd2273b","name":"inclusivenews2024","image":{"@type":"ImageObject","inLanguage":"pt-PT","@id":"https:\/\/secure.gravatar.com\/avatar\/c5a7ef84c66fa914f55bc4f7ce26cfa275a3b9a1c5568b907bd184fb4dde7b40?s=96&d=mm&r=g","url":"https:\/\/secure.gravatar.com\/avatar\/c5a7ef84c66fa914f55bc4f7ce26cfa275a3b9a1c5568b907bd184fb4dde7b40?s=96&d=mm&r=g","contentUrl":"https:\/\/secure.gravatar.com\/avatar\/c5a7ef84c66fa914f55bc4f7ce26cfa275a3b9a1c5568b907bd184fb4dde7b40?s=96&d=mm&r=g","caption":"inclusivenews2024"},"sameAs":["https:\/\/inclusivenews.com.br"],"url":"https:\/\/inclusivenews.com.br\/?author=1"}]}},"_links":{"self":[{"href":"https:\/\/inclusivenews.com.br\/index.php?rest_route=\/wp\/v2\/posts\/29343","targetHints":{"allow":["GET"]}}],"collection":[{"href":"https:\/\/inclusivenews.com.br\/index.php?rest_route=\/wp\/v2\/posts"}],"about":[{"href":"https:\/\/inclusivenews.com.br\/index.php?rest_route=\/wp\/v2\/types\/post"}],"author":[{"embeddable":true,"href":"https:\/\/inclusivenews.com.br\/index.php?rest_route=\/wp\/v2\/users\/1"}],"replies":[{"embeddable":true,"href":"https:\/\/inclusivenews.com.br\/index.php?rest_route=%2Fwp%2Fv2%2Fcomments&post=29343"}],"version-history":[{"count":0,"href":"https:\/\/inclusivenews.com.br\/index.php?rest_route=\/wp\/v2\/posts\/29343\/revisions"}],"wp:attachment":[{"href":"https:\/\/inclusivenews.com.br\/index.php?rest_route=%2Fwp%2Fv2%2Fmedia&parent=29343"}],"wp:term":[{"taxonomy":"category","embeddable":true,"href":"https:\/\/inclusivenews.com.br\/index.php?rest_route=%2Fwp%2Fv2%2Fcategories&post=29343"},{"taxonomy":"post_tag","embeddable":true,"href":"https:\/\/inclusivenews.com.br\/index.php?rest_route=%2Fwp%2Fv2%2Ftags&post=29343"}],"curies":[{"name":"wp","href":"https:\/\/api.w.org\/{rel}","templated":true}]}}