{"id":29348,"date":"2016-05-16T14:40:46","date_gmt":"2016-05-16T17:40:46","guid":{"rendered":"http:\/\/www.inclusive.org.br\/?p=29348"},"modified":"2016-05-16T14:40:46","modified_gmt":"2016-05-16T17:40:46","slug":"conade-divulga-nota-em-defesa-dos-direitos-das-pessoas-com-deficiencia","status":"publish","type":"post","link":"https:\/\/inclusivenews.com.br\/?p=29348","title":{"rendered":"Conade divulga nota em defesa dos direitos das pessoas com defici\u00eancia"},"content":{"rendered":"<p><img loading=\"lazy\" decoding=\"async\" class=\"alignnone size-full wp-image-16920\" alt=\"logo do conade - ilustracao de duas figuras, uma verde e outra aul, dando os bracos em cima.\" src=\"http:\/\/inclusivenews.com.br\/wp-content\/uploads\/2010\/08\/logo_conade1.jpg\" width=\"148\" height=\"136\" \/><br \/>\nNota das Entidades da Sociedade Civil que comp\u00f5em o CONADE em defesa dos direitos da pessoa com defici\u00eancia<\/p>\n<p>As entidades da sociedade civil, abaixo assinadas, que comp\u00f5em o Conselho Nacional dos Direitos das Pessoas com Defici\u00eancia &#8211; CONADE, considerando que o atual momento do Pais exige que as institui\u00e7\u00f5es e sujeitos se posicionem no sentido de contribuir com a democracia e, especialmente, na garantia de conquistas para que n\u00e3o ocorram retrocessos sociais.<\/p>\n<p>E considerando os avan\u00e7os produzidos na \u00e1rea da pessoa com defici\u00eancia no contexto brasileiro nos \u00faltimos anos, onde as a\u00e7\u00f5es do governo federal s\u00e3o de substancial relev\u00e2ncia para continuidade desse avan\u00e7o.<\/p>\n<p>E considerando que um dos fatores que julgamos de grande import\u00e2ncia \u00e9 a exist\u00eancia de a\u00e7\u00f5es da Secretaria Nacional de Promo\u00e7\u00e3o dos Direitos da Pessoa com Defici\u00eancia (SNPD) e do Conselho Nacional dos Direitos da Pessoa com Defici\u00eancia (Conade), como inst\u00e2ncias leg\u00edtimas da express\u00e3o e garantia de direitos da pessoa com defici\u00eancia.<br \/>\nE ainda considerando que a Medida Provis\u00f3ria n\u00ba 726, de 12 de maio de 2016 editada pelo Exmo. Sr. Presidente da Rep\u00fablica em exerc\u00edcio Michel Temer, n\u00e3o previu na estrutura do novo Minist\u00e9rio Da Justi\u00e7a e Cidadania a continuidade da exist\u00eancia da Secretaria Nacional de Promo\u00e7\u00e3o dos Direitos da Pessoa com Defici\u00eancia .<br \/>\nNesta perspectiva, as entidades subscritoras manifestam sua preocupa\u00e7\u00e3o com a extin\u00e7\u00e3o do \u00f3rg\u00e3o, e reivindicam que a nova estrutura mantenha o espa\u00e7o legitimamente conquistado, garantindo o protagonismo dos direitos da pessoa com defici\u00eancia, n\u00e3o se perdendo recursos humanos ou financeiros, para que possa levar adiante a sua importante miss\u00e3o de efetiva\u00e7\u00e3o dos direitos assegurados na legisla\u00e7\u00e3o nacional de promo\u00e7\u00e3o e prote\u00e7\u00e3o desses direitos, especialmente, aqueles garantidos na Conven\u00e7\u00e3o sobre os Direitos das Pessoas com Defici\u00eancia da ONU, que foi ratificada no Brasil com equival\u00eancia constitucional, por meio do Decreto Legislativo no 186, de 9 de julho de 2008, conforme o procedimento do \u00a7 3\u00ba do art. 5\u00ba da Constitui\u00e7\u00e3o. E promulgada pelo poder executivo, atrav\u00e9s do Decreto N\u00ba 6949 de 25 de agosto de 2009 e no Estatuto da Pessoa com Defici\u00eancia, Lei Brasileira de Inclus\u00e3o, Lei n.13.146, de 6 de julho de 2015.<br \/>\nAs pessoas com defici\u00eancia representam mais de 45 milh\u00f5es de homens e mulheres que ao longo da hist\u00f3ria foram marginalizadas, e tiveram seus direitos cerceados. \u00c9 fundamental que o governo brasileiro continue com pol\u00edticas voltadas a esse segmento como foi com o Plano Viver Sem Limite, e tenha a acessibilidade na centralidade de suas a\u00e7\u00f5es para garantir a igualdade de oportunidades como um princ\u00edpio de suas atitudes e pr\u00e1ticas.<\/p>\n<p>Subscrevem a Nota:<br \/>\nOAB<br \/>\nAMPID<br \/>\nFedera\u00e7\u00e3o Brasileira das Associa\u00e7\u00f5es S\u00edndrome de Down<br \/>\nFENAPESTALOZZI<br \/>\nONCB<br \/>\nABRA<br \/>\nFENEIS<br \/>\nAPABB<br \/>\nONEDEF<br \/>\nCONFEA<br \/>\nABRC<br \/>\nFARBRA<br \/>\nCBDV<br \/>\nFENAPAES<br \/>\nMORHAN<br \/>\nRepresenta\u00e7\u00e3o dos Conselhos Municipais dos Direitos das Pessoas com Defici\u00eancia do Brasil<br \/>\nBras\u00edlia, 16 de maio de 2016.<\/p>\n","protected":false},"excerpt":{"rendered":"<p>\u00c9 fundamental que o governo brasileiro continue com pol\u00edticas voltadas a esse segmento como foi com o Plano Viver Sem Limite, e tenha a acessibilidade na centralidade de suas a\u00e7\u00f5es para garantir a igualdade de oportunidades como um princ\u00edpio de suas atitudes e pr\u00e1ticas.<\/p>\n","protected":false},"author":1,"featured_media":0,"comment_status":"open","ping_status":"open","sticky":false,"template":"","format":"standard","meta":{"site-container-style":"default","site-container-layout":"default","site-sidebar-layout":"default","disable-article-header":"default","disable-site-header":"default","disable-site-footer":"default","disable-content-area-spacing":"default","footnotes":""},"categories":[44,3,5,38,11,48,26],"tags":[],"class_list":["post-29348","post","type-post","status-publish","format-standard","hentry","category-acessibilidade","category-campanhas","category-convencao","category-deficiencia","category-direitos-humanos","category-inclusao","category-legislacao"],"yoast_head":"<!-- This site is optimized with the Yoast SEO plugin v27.4 - https:\/\/yoast.com\/product\/yoast-seo-wordpress\/ -->\n<title>Conade divulga nota em defesa dos direitos das pessoas com defici\u00eancia -<\/title>\n<meta name=\"robots\" content=\"index, follow, max-snippet:-1, max-image-preview:large, max-video-preview:-1\" \/>\n<link rel=\"canonical\" href=\"https:\/\/inclusivenews.com.br\/?p=29348\" \/>\n<meta property=\"og:locale\" content=\"pt_PT\" \/>\n<meta property=\"og:type\" content=\"article\" \/>\n<meta property=\"og:title\" content=\"Conade divulga nota em defesa dos direitos das pessoas com defici\u00eancia -\" \/>\n<meta property=\"og:description\" content=\"\u00c9 fundamental que o governo brasileiro continue com pol\u00edticas voltadas a esse segmento como foi com o Plano Viver Sem Limite, e tenha a acessibilidade na centralidade de suas a\u00e7\u00f5es para garantir a igualdade de oportunidades como um princ\u00edpio de suas atitudes e pr\u00e1ticas.\" \/>\n<meta property=\"og:url\" content=\"https:\/\/inclusivenews.com.br\/?p=29348\" \/>\n<meta property=\"article:publisher\" content=\"https:\/\/www.facebook.com\/agenciainclusive\/\" \/>\n<meta property=\"article:published_time\" content=\"2016-05-16T17:40:46+00:00\" \/>\n<meta property=\"og:image\" content=\"http:\/\/inclusivenews.com.br\/wp-content\/uploads\/2010\/08\/logo_conade1.jpg\" \/>\n<meta name=\"author\" content=\"inclusivenews2024\" \/>\n<meta name=\"twitter:card\" content=\"summary_large_image\" \/>\n<meta name=\"twitter:label1\" content=\"Escrito por\" \/>\n\t<meta name=\"twitter:data1\" content=\"inclusivenews2024\" \/>\n\t<meta name=\"twitter:label2\" content=\"Tempo estimado de leitura\" \/>\n\t<meta name=\"twitter:data2\" content=\"3 minutos\" \/>\n<script type=\"application\/ld+json\" class=\"yoast-schema-graph\">{\"@context\":\"https:\\\/\\\/schema.org\",\"@graph\":[{\"@type\":\"Article\",\"@id\":\"https:\\\/\\\/inclusivenews.com.br\\\/?p=29348#article\",\"isPartOf\":{\"@id\":\"https:\\\/\\\/inclusivenews.com.br\\\/?p=29348\"},\"author\":{\"name\":\"inclusivenews2024\",\"@id\":\"https:\\\/\\\/inclusivenews.com.br\\\/#\\\/schema\\\/person\\\/ae4ec7087559b8692fb33b6fffd2273b\"},\"headline\":\"Conade divulga nota em defesa dos direitos das pessoas com defici\u00eancia\",\"datePublished\":\"2016-05-16T17:40:46+00:00\",\"mainEntityOfPage\":{\"@id\":\"https:\\\/\\\/inclusivenews.com.br\\\/?p=29348\"},\"wordCount\":517,\"commentCount\":3,\"publisher\":{\"@id\":\"https:\\\/\\\/inclusivenews.com.br\\\/#organization\"},\"image\":{\"@id\":\"https:\\\/\\\/inclusivenews.com.br\\\/?p=29348#primaryimage\"},\"thumbnailUrl\":\"http:\\\/\\\/inclusivenews.com.br\\\/wp-content\\\/uploads\\\/2010\\\/08\\\/logo_conade1.jpg\",\"articleSection\":[\"ACESSIBILIDADE\",\"CAMPANHAS\",\"Conven\u00e7\u00e3o\",\"Defici\u00eancia\",\"DIREITOS HUMANOS\",\"INCLUS\u00c3O SOCIAL\",\"Legisla\u00e7\u00e3o ...\"],\"inLanguage\":\"pt-PT\",\"potentialAction\":[{\"@type\":\"CommentAction\",\"name\":\"Comment\",\"target\":[\"https:\\\/\\\/inclusivenews.com.br\\\/?p=29348#respond\"]}]},{\"@type\":\"WebPage\",\"@id\":\"https:\\\/\\\/inclusivenews.com.br\\\/?p=29348\",\"url\":\"https:\\\/\\\/inclusivenews.com.br\\\/?p=29348\",\"name\":\"Conade divulga nota em defesa dos direitos das pessoas com defici\u00eancia -\",\"isPartOf\":{\"@id\":\"https:\\\/\\\/inclusivenews.com.br\\\/#website\"},\"primaryImageOfPage\":{\"@id\":\"https:\\\/\\\/inclusivenews.com.br\\\/?p=29348#primaryimage\"},\"image\":{\"@id\":\"https:\\\/\\\/inclusivenews.com.br\\\/?p=29348#primaryimage\"},\"thumbnailUrl\":\"http:\\\/\\\/inclusivenews.com.br\\\/wp-content\\\/uploads\\\/2010\\\/08\\\/logo_conade1.jpg\",\"datePublished\":\"2016-05-16T17:40:46+00:00\",\"breadcrumb\":{\"@id\":\"https:\\\/\\\/inclusivenews.com.br\\\/?p=29348#breadcrumb\"},\"inLanguage\":\"pt-PT\",\"potentialAction\":[{\"@type\":\"ReadAction\",\"target\":[\"https:\\\/\\\/inclusivenews.com.br\\\/?p=29348\"]}]},{\"@type\":\"ImageObject\",\"inLanguage\":\"pt-PT\",\"@id\":\"https:\\\/\\\/inclusivenews.com.br\\\/?p=29348#primaryimage\",\"url\":\"\",\"contentUrl\":\"\"},{\"@type\":\"BreadcrumbList\",\"@id\":\"https:\\\/\\\/inclusivenews.com.br\\\/?p=29348#breadcrumb\",\"itemListElement\":[{\"@type\":\"ListItem\",\"position\":1,\"name\":\"In\u00edcio\",\"item\":\"https:\\\/\\\/inclusivenews.com.br\\\/\"},{\"@type\":\"ListItem\",\"position\":2,\"name\":\"Conade divulga nota em defesa dos direitos das pessoas com defici\u00eancia\"}]},{\"@type\":\"WebSite\",\"@id\":\"https:\\\/\\\/inclusivenews.com.br\\\/#website\",\"url\":\"https:\\\/\\\/inclusivenews.com.br\\\/\",\"name\":\"Inclusive News\",\"description\":\"Inclusive News\",\"publisher\":{\"@id\":\"https:\\\/\\\/inclusivenews.com.br\\\/#organization\"},\"potentialAction\":[{\"@type\":\"SearchAction\",\"target\":{\"@type\":\"EntryPoint\",\"urlTemplate\":\"https:\\\/\\\/inclusivenews.com.br\\\/?s={search_term_string}\"},\"query-input\":{\"@type\":\"PropertyValueSpecification\",\"valueRequired\":true,\"valueName\":\"search_term_string\"}}],\"inLanguage\":\"pt-PT\"},{\"@type\":\"Organization\",\"@id\":\"https:\\\/\\\/inclusivenews.com.br\\\/#organization\",\"name\":\"Inclusive - inclus\u00e3o e cidadania\",\"url\":\"https:\\\/\\\/inclusivenews.com.br\\\/\",\"logo\":{\"@type\":\"ImageObject\",\"inLanguage\":\"pt-PT\",\"@id\":\"https:\\\/\\\/inclusivenews.com.br\\\/#\\\/schema\\\/logo\\\/image\\\/\",\"url\":\"https:\\\/\\\/inclusivenews.com.br\\\/wp-content\\\/uploads\\\/2024\\\/03\\\/@grandesite.png\",\"contentUrl\":\"https:\\\/\\\/inclusivenews.com.br\\\/wp-content\\\/uploads\\\/2024\\\/03\\\/@grandesite.png\",\"width\":1080,\"height\":1080,\"caption\":\"Inclusive - inclus\u00e3o e cidadania\"},\"image\":{\"@id\":\"https:\\\/\\\/inclusivenews.com.br\\\/#\\\/schema\\\/logo\\\/image\\\/\"},\"sameAs\":[\"https:\\\/\\\/www.facebook.com\\\/agenciainclusive\\\/\",\"https:\\\/\\\/www.instagram.com\\\/newsinclusive\\\/\"]},{\"@type\":\"Person\",\"@id\":\"https:\\\/\\\/inclusivenews.com.br\\\/#\\\/schema\\\/person\\\/ae4ec7087559b8692fb33b6fffd2273b\",\"name\":\"inclusivenews2024\",\"image\":{\"@type\":\"ImageObject\",\"inLanguage\":\"pt-PT\",\"@id\":\"https:\\\/\\\/secure.gravatar.com\\\/avatar\\\/c5a7ef84c66fa914f55bc4f7ce26cfa275a3b9a1c5568b907bd184fb4dde7b40?s=96&d=mm&r=g\",\"url\":\"https:\\\/\\\/secure.gravatar.com\\\/avatar\\\/c5a7ef84c66fa914f55bc4f7ce26cfa275a3b9a1c5568b907bd184fb4dde7b40?s=96&d=mm&r=g\",\"contentUrl\":\"https:\\\/\\\/secure.gravatar.com\\\/avatar\\\/c5a7ef84c66fa914f55bc4f7ce26cfa275a3b9a1c5568b907bd184fb4dde7b40?s=96&d=mm&r=g\",\"caption\":\"inclusivenews2024\"},\"sameAs\":[\"https:\\\/\\\/inclusivenews.com.br\"],\"url\":\"https:\\\/\\\/inclusivenews.com.br\\\/?author=1\"}]}<\/script>\n<!-- \/ Yoast SEO plugin. -->","yoast_head_json":{"title":"Conade divulga nota em defesa dos direitos das pessoas com defici\u00eancia -","robots":{"index":"index","follow":"follow","max-snippet":"max-snippet:-1","max-image-preview":"max-image-preview:large","max-video-preview":"max-video-preview:-1"},"canonical":"https:\/\/inclusivenews.com.br\/?p=29348","og_locale":"pt_PT","og_type":"article","og_title":"Conade divulga nota em defesa dos direitos das pessoas com defici\u00eancia -","og_description":"\u00c9 fundamental que o governo brasileiro continue com pol\u00edticas voltadas a esse segmento como foi com o Plano Viver Sem Limite, e tenha a acessibilidade na centralidade de suas a\u00e7\u00f5es para garantir a igualdade de oportunidades como um princ\u00edpio de suas atitudes e pr\u00e1ticas.","og_url":"https:\/\/inclusivenews.com.br\/?p=29348","article_publisher":"https:\/\/www.facebook.com\/agenciainclusive\/","article_published_time":"2016-05-16T17:40:46+00:00","og_image":[{"url":"http:\/\/inclusivenews.com.br\/wp-content\/uploads\/2010\/08\/logo_conade1.jpg","type":"","width":"","height":""}],"author":"inclusivenews2024","twitter_card":"summary_large_image","twitter_misc":{"Escrito por":"inclusivenews2024","Tempo estimado de leitura":"3 minutos"},"schema":{"@context":"https:\/\/schema.org","@graph":[{"@type":"Article","@id":"https:\/\/inclusivenews.com.br\/?p=29348#article","isPartOf":{"@id":"https:\/\/inclusivenews.com.br\/?p=29348"},"author":{"name":"inclusivenews2024","@id":"https:\/\/inclusivenews.com.br\/#\/schema\/person\/ae4ec7087559b8692fb33b6fffd2273b"},"headline":"Conade divulga nota em defesa dos direitos das pessoas com defici\u00eancia","datePublished":"2016-05-16T17:40:46+00:00","mainEntityOfPage":{"@id":"https:\/\/inclusivenews.com.br\/?p=29348"},"wordCount":517,"commentCount":3,"publisher":{"@id":"https:\/\/inclusivenews.com.br\/#organization"},"image":{"@id":"https:\/\/inclusivenews.com.br\/?p=29348#primaryimage"},"thumbnailUrl":"http:\/\/inclusivenews.com.br\/wp-content\/uploads\/2010\/08\/logo_conade1.jpg","articleSection":["ACESSIBILIDADE","CAMPANHAS","Conven\u00e7\u00e3o","Defici\u00eancia","DIREITOS HUMANOS","INCLUS\u00c3O SOCIAL","Legisla\u00e7\u00e3o ..."],"inLanguage":"pt-PT","potentialAction":[{"@type":"CommentAction","name":"Comment","target":["https:\/\/inclusivenews.com.br\/?p=29348#respond"]}]},{"@type":"WebPage","@id":"https:\/\/inclusivenews.com.br\/?p=29348","url":"https:\/\/inclusivenews.com.br\/?p=29348","name":"Conade divulga nota em defesa dos direitos das pessoas com defici\u00eancia -","isPartOf":{"@id":"https:\/\/inclusivenews.com.br\/#website"},"primaryImageOfPage":{"@id":"https:\/\/inclusivenews.com.br\/?p=29348#primaryimage"},"image":{"@id":"https:\/\/inclusivenews.com.br\/?p=29348#primaryimage"},"thumbnailUrl":"http:\/\/inclusivenews.com.br\/wp-content\/uploads\/2010\/08\/logo_conade1.jpg","datePublished":"2016-05-16T17:40:46+00:00","breadcrumb":{"@id":"https:\/\/inclusivenews.com.br\/?p=29348#breadcrumb"},"inLanguage":"pt-PT","potentialAction":[{"@type":"ReadAction","target":["https:\/\/inclusivenews.com.br\/?p=29348"]}]},{"@type":"ImageObject","inLanguage":"pt-PT","@id":"https:\/\/inclusivenews.com.br\/?p=29348#primaryimage","url":"","contentUrl":""},{"@type":"BreadcrumbList","@id":"https:\/\/inclusivenews.com.br\/?p=29348#breadcrumb","itemListElement":[{"@type":"ListItem","position":1,"name":"In\u00edcio","item":"https:\/\/inclusivenews.com.br\/"},{"@type":"ListItem","position":2,"name":"Conade divulga nota em defesa dos direitos das pessoas com defici\u00eancia"}]},{"@type":"WebSite","@id":"https:\/\/inclusivenews.com.br\/#website","url":"https:\/\/inclusivenews.com.br\/","name":"Inclusive News","description":"Inclusive News","publisher":{"@id":"https:\/\/inclusivenews.com.br\/#organization"},"potentialAction":[{"@type":"SearchAction","target":{"@type":"EntryPoint","urlTemplate":"https:\/\/inclusivenews.com.br\/?s={search_term_string}"},"query-input":{"@type":"PropertyValueSpecification","valueRequired":true,"valueName":"search_term_string"}}],"inLanguage":"pt-PT"},{"@type":"Organization","@id":"https:\/\/inclusivenews.com.br\/#organization","name":"Inclusive - inclus\u00e3o e cidadania","url":"https:\/\/inclusivenews.com.br\/","logo":{"@type":"ImageObject","inLanguage":"pt-PT","@id":"https:\/\/inclusivenews.com.br\/#\/schema\/logo\/image\/","url":"https:\/\/inclusivenews.com.br\/wp-content\/uploads\/2024\/03\/@grandesite.png","contentUrl":"https:\/\/inclusivenews.com.br\/wp-content\/uploads\/2024\/03\/@grandesite.png","width":1080,"height":1080,"caption":"Inclusive - inclus\u00e3o e cidadania"},"image":{"@id":"https:\/\/inclusivenews.com.br\/#\/schema\/logo\/image\/"},"sameAs":["https:\/\/www.facebook.com\/agenciainclusive\/","https:\/\/www.instagram.com\/newsinclusive\/"]},{"@type":"Person","@id":"https:\/\/inclusivenews.com.br\/#\/schema\/person\/ae4ec7087559b8692fb33b6fffd2273b","name":"inclusivenews2024","image":{"@type":"ImageObject","inLanguage":"pt-PT","@id":"https:\/\/secure.gravatar.com\/avatar\/c5a7ef84c66fa914f55bc4f7ce26cfa275a3b9a1c5568b907bd184fb4dde7b40?s=96&d=mm&r=g","url":"https:\/\/secure.gravatar.com\/avatar\/c5a7ef84c66fa914f55bc4f7ce26cfa275a3b9a1c5568b907bd184fb4dde7b40?s=96&d=mm&r=g","contentUrl":"https:\/\/secure.gravatar.com\/avatar\/c5a7ef84c66fa914f55bc4f7ce26cfa275a3b9a1c5568b907bd184fb4dde7b40?s=96&d=mm&r=g","caption":"inclusivenews2024"},"sameAs":["https:\/\/inclusivenews.com.br"],"url":"https:\/\/inclusivenews.com.br\/?author=1"}]}},"_links":{"self":[{"href":"https:\/\/inclusivenews.com.br\/index.php?rest_route=\/wp\/v2\/posts\/29348","targetHints":{"allow":["GET"]}}],"collection":[{"href":"https:\/\/inclusivenews.com.br\/index.php?rest_route=\/wp\/v2\/posts"}],"about":[{"href":"https:\/\/inclusivenews.com.br\/index.php?rest_route=\/wp\/v2\/types\/post"}],"author":[{"embeddable":true,"href":"https:\/\/inclusivenews.com.br\/index.php?rest_route=\/wp\/v2\/users\/1"}],"replies":[{"embeddable":true,"href":"https:\/\/inclusivenews.com.br\/index.php?rest_route=%2Fwp%2Fv2%2Fcomments&post=29348"}],"version-history":[{"count":0,"href":"https:\/\/inclusivenews.com.br\/index.php?rest_route=\/wp\/v2\/posts\/29348\/revisions"}],"wp:attachment":[{"href":"https:\/\/inclusivenews.com.br\/index.php?rest_route=%2Fwp%2Fv2%2Fmedia&parent=29348"}],"wp:term":[{"taxonomy":"category","embeddable":true,"href":"https:\/\/inclusivenews.com.br\/index.php?rest_route=%2Fwp%2Fv2%2Fcategories&post=29348"},{"taxonomy":"post_tag","embeddable":true,"href":"https:\/\/inclusivenews.com.br\/index.php?rest_route=%2Fwp%2Fv2%2Ftags&post=29348"}],"curies":[{"name":"wp","href":"https:\/\/api.w.org\/{rel}","templated":true}]}}