{"id":29357,"date":"2016-05-16T15:19:46","date_gmt":"2016-05-16T18:19:46","guid":{"rendered":"http:\/\/www.inclusive.org.br\/?p=29357"},"modified":"2016-05-16T15:19:46","modified_gmt":"2016-05-16T18:19:46","slug":"nota-da-ampid-sobre-os-direitos-das-pessoas-com-deficiencia","status":"publish","type":"post","link":"https:\/\/inclusivenews.com.br\/?p=29357","title":{"rendered":"Nota da AMPID sobre os direitos das pessoas com defici\u00eancia"},"content":{"rendered":"<div title=\"Page 1\">\n<p><img loading=\"lazy\" decoding=\"async\" class=\"alignnone size-full wp-image-19596\" alt=\"Logotipo da AMPID - a bandeira brasileira e duas pessoas de m\u00e3os dadas em seu centro\" src=\"http:\/\/inclusivenews.com.br\/wp-content\/uploads\/logo_ampid.jpg\" width=\"207\" height=\"189\" \/><\/p>\n<p>AMPID &#8211; Associa\u00e7\u00e3o Nacional de Membros do Minist\u00e9rio P\u00fablico\u00a0de Defesa dos Direitos dos Idosos e Pessoas com Defici\u00eancia.ampid.org.br<\/p>\n<p>NOTA P\u00daBLICA<\/p>\n<p>A Associa\u00e7\u00e3o Nacional de Membros do Minist\u00e9rio P\u00fablico de Defesa da Pessoa Idosa e com Defici\u00eancia \u2013 AMPID, vem a p\u00fablico, diante dos termos da Medida Provis\u00f3ria n\u00b0 726\/2015 que altera a Lei no 10.683, de 28 de maio de 2003 e re\u00fane no Minist\u00e9rio da Justi\u00e7a e Cidadania os diversos conselhos de direitos, dentre eles o Conselho Nacional da Pessoa com Defici\u00eancia (CONADE) e o Conselho Nacional da Pessoa Idosa (CNDI), bem como a Secretaria Especial de Pol\u00edticas de Mulheres, Promo\u00e7\u00e3o de Igualdade Racial e Direitos Humanos que, no modelo anterior de organiza\u00e7\u00e3o albergava a secretaria nacional da pessoa com defici\u00eancia e a coordena\u00e7\u00e3o da pessoa idosa dizer que<\/p>\n<p>Para seguir cumprindo os objetivos constitucionais de constru\u00e7\u00e3o de uma sociedade livre, justa e solid\u00e1ria; garantir o desenvolvimento nacional, erradicar a pobreza e a marginaliza\u00e7\u00e3o e reduzir as desigualdades sociais e regionais e, principalmente, promover o bem de todos, sem qualquer preconceito e, especialmente, o preconceito baseado na defici\u00eancia ou na condi\u00e7\u00e3o de pessoa idosa;<\/p>\n<p>Para seguir implementando a Conven\u00e7\u00e3o sobre os Direitos das Pessoas com Defici\u00eancia, ratificada com status de emenda constitucional, a Lei Brasileira de Inclus\u00e3o da Pessoa com Defici\u00eancia (estatuto da pessoa com Defici\u00eancia) Lei n\u00b0 13.146\/2015 e, o Estatuto do Idoso, Lei n\u00b0 10.741\/2003, as quais exigem do Estado Brasileiro e da sociedade brasileira o empenho na implementa\u00e7\u00e3o de todos os direitos humanos neles previstos, assim como uma gest\u00e3o p\u00fablica organizada e eficiente das pol\u00edticas p\u00fablicas criadas e a serem criadas;<\/p>\n<p>Espera que as altera\u00e7\u00f5es da Lei no 10.683, de 28 de maio de 2003, artigo 27, inciso VIII que trata das atribui\u00e7\u00f5es do Minist\u00e9rio da Justi\u00e7a e Cidadania, contemplem de forma clara e transparente, al\u00e9m manter vis\u00edvel, a PESSOA COM DEFICI\u00caNCIA e a PESSOA IDOSA, tal como est\u00e1 prescrito nas letras p e q do referido preceito:<\/p>\n<\/div>\n<div title=\"Page 2\">\n<div>\n<p>p) formula\u00e7\u00e3o de pol\u00edticas e diretrizes voltadas \u00e0 promo\u00e7\u00e3o dos direitos da cidadania, da crian\u00e7a, do adolescente, do idoso e das minorias e \u00e0 defesa dos direitos das pessoas com defici\u00eancia e \u00e0 promo\u00e7\u00e3o da sua integra\u00e7\u00e3o \u00e0 vida comunit\u00e1ria;<\/p>\n<p>q) articula\u00e7\u00e3o de iniciativas e apoio a projetos voltados \u00e0 prote\u00e7\u00e3o e \u00e0 promo\u00e7\u00e3o dos direitos humanos em \u00e2mbito nacional, tanto por organismos governamentais, incluindo os Poderes Executivo, Legislativo e Judici\u00e1rio, quanto por organiza\u00e7\u00f5es da sociedade;<\/p>\n<\/div>\n<div>\n<div>\n<p>Atenciosamente,<\/p>\n<\/div>\n<\/div>\n<div>\n<div>\n<p>Dra. Iadya Gama Maio<\/p>\n<p>Presidente AMPID<\/p>\n<\/div>\n<\/div>\n<div>\n<div>\n<p>Dra. Maria Aparecida Gugel Dr. Waldir Macieira da Costa Filho<\/p>\n<p>Diretora Regi\u00e3o Centro-Oeste AMPID Vice-Presidente AMPID<\/p>\n<\/div>\n<\/div>\n<div>\n<div>\n<p>E-mail: ampidgrupo@yahoo.com.br<br \/>\nSite: www.ampid.org.br<br \/>\nFacebook: www.facebook.com\/AMPID.AMPID<\/p>\n<\/div>\n<\/div>\n<\/div>\n","protected":false},"excerpt":{"rendered":"<p>Espera que as altera\u00e7\u00f5es da Lei no 10.683, contemplem de forma clara e transparente, al\u00e9m manter vis\u00edvel, a pessoa com defici\u00eancia e a pessoa idosa. <\/p>\n","protected":false},"author":1,"featured_media":0,"comment_status":"open","ping_status":"open","sticky":false,"template":"","format":"standard","meta":{"site-container-style":"default","site-container-layout":"default","site-sidebar-layout":"default","disable-article-header":"default","disable-site-header":"default","disable-site-footer":"default","disable-content-area-spacing":"default","footnotes":""},"categories":[4],"tags":[],"class_list":["post-29357","post","type-post","status-publish","format-standard","hentry","category-noticias"],"yoast_head":"<!-- This site is optimized with the Yoast SEO plugin v27.4 - https:\/\/yoast.com\/product\/yoast-seo-wordpress\/ -->\n<title>Nota da AMPID sobre os direitos das pessoas com defici\u00eancia -<\/title>\n<meta name=\"robots\" content=\"index, follow, max-snippet:-1, max-image-preview:large, max-video-preview:-1\" \/>\n<link rel=\"canonical\" href=\"https:\/\/inclusivenews.com.br\/?p=29357\" \/>\n<meta property=\"og:locale\" content=\"pt_PT\" \/>\n<meta property=\"og:type\" content=\"article\" \/>\n<meta property=\"og:title\" content=\"Nota da AMPID sobre os direitos das pessoas com defici\u00eancia -\" \/>\n<meta property=\"og:description\" content=\"Espera que as altera\u00e7\u00f5es da Lei no 10.683, contemplem de forma clara e transparente, al\u00e9m manter vis\u00edvel, a pessoa com defici\u00eancia e a pessoa idosa.\" \/>\n<meta property=\"og:url\" content=\"https:\/\/inclusivenews.com.br\/?p=29357\" \/>\n<meta property=\"article:publisher\" content=\"https:\/\/www.facebook.com\/agenciainclusive\/\" \/>\n<meta property=\"article:published_time\" content=\"2016-05-16T18:19:46+00:00\" \/>\n<meta property=\"og:image\" content=\"http:\/\/inclusivenews.com.br\/wp-content\/uploads\/logo_ampid.jpg\" \/>\n<meta name=\"author\" content=\"inclusivenews2024\" \/>\n<meta name=\"twitter:card\" content=\"summary_large_image\" \/>\n<meta name=\"twitter:label1\" content=\"Escrito por\" \/>\n\t<meta name=\"twitter:data1\" content=\"inclusivenews2024\" \/>\n\t<meta name=\"twitter:label2\" content=\"Tempo estimado de leitura\" \/>\n\t<meta name=\"twitter:data2\" content=\"2 minutos\" \/>\n<script type=\"application\/ld+json\" class=\"yoast-schema-graph\">{\"@context\":\"https:\\\/\\\/schema.org\",\"@graph\":[{\"@type\":\"Article\",\"@id\":\"https:\\\/\\\/inclusivenews.com.br\\\/?p=29357#article\",\"isPartOf\":{\"@id\":\"https:\\\/\\\/inclusivenews.com.br\\\/?p=29357\"},\"author\":{\"name\":\"inclusivenews2024\",\"@id\":\"https:\\\/\\\/inclusivenews.com.br\\\/#\\\/schema\\\/person\\\/ae4ec7087559b8692fb33b6fffd2273b\"},\"headline\":\"Nota da AMPID sobre os direitos das pessoas com defici\u00eancia\",\"datePublished\":\"2016-05-16T18:19:46+00:00\",\"mainEntityOfPage\":{\"@id\":\"https:\\\/\\\/inclusivenews.com.br\\\/?p=29357\"},\"wordCount\":491,\"commentCount\":0,\"publisher\":{\"@id\":\"https:\\\/\\\/inclusivenews.com.br\\\/#organization\"},\"image\":{\"@id\":\"https:\\\/\\\/inclusivenews.com.br\\\/?p=29357#primaryimage\"},\"thumbnailUrl\":\"http:\\\/\\\/inclusivenews.com.br\\\/wp-content\\\/uploads\\\/logo_ampid.jpg\",\"articleSection\":[\"NOT\u00cdCIAS\"],\"inLanguage\":\"pt-PT\",\"potentialAction\":[{\"@type\":\"CommentAction\",\"name\":\"Comment\",\"target\":[\"https:\\\/\\\/inclusivenews.com.br\\\/?p=29357#respond\"]}]},{\"@type\":\"WebPage\",\"@id\":\"https:\\\/\\\/inclusivenews.com.br\\\/?p=29357\",\"url\":\"https:\\\/\\\/inclusivenews.com.br\\\/?p=29357\",\"name\":\"Nota da AMPID sobre os direitos das pessoas com defici\u00eancia -\",\"isPartOf\":{\"@id\":\"https:\\\/\\\/inclusivenews.com.br\\\/#website\"},\"primaryImageOfPage\":{\"@id\":\"https:\\\/\\\/inclusivenews.com.br\\\/?p=29357#primaryimage\"},\"image\":{\"@id\":\"https:\\\/\\\/inclusivenews.com.br\\\/?p=29357#primaryimage\"},\"thumbnailUrl\":\"http:\\\/\\\/inclusivenews.com.br\\\/wp-content\\\/uploads\\\/logo_ampid.jpg\",\"datePublished\":\"2016-05-16T18:19:46+00:00\",\"breadcrumb\":{\"@id\":\"https:\\\/\\\/inclusivenews.com.br\\\/?p=29357#breadcrumb\"},\"inLanguage\":\"pt-PT\",\"potentialAction\":[{\"@type\":\"ReadAction\",\"target\":[\"https:\\\/\\\/inclusivenews.com.br\\\/?p=29357\"]}]},{\"@type\":\"ImageObject\",\"inLanguage\":\"pt-PT\",\"@id\":\"https:\\\/\\\/inclusivenews.com.br\\\/?p=29357#primaryimage\",\"url\":\"\",\"contentUrl\":\"\"},{\"@type\":\"BreadcrumbList\",\"@id\":\"https:\\\/\\\/inclusivenews.com.br\\\/?p=29357#breadcrumb\",\"itemListElement\":[{\"@type\":\"ListItem\",\"position\":1,\"name\":\"In\u00edcio\",\"item\":\"https:\\\/\\\/inclusivenews.com.br\\\/\"},{\"@type\":\"ListItem\",\"position\":2,\"name\":\"Nota da AMPID sobre os direitos das pessoas com defici\u00eancia\"}]},{\"@type\":\"WebSite\",\"@id\":\"https:\\\/\\\/inclusivenews.com.br\\\/#website\",\"url\":\"https:\\\/\\\/inclusivenews.com.br\\\/\",\"name\":\"Inclusive News\",\"description\":\"Inclusive News\",\"publisher\":{\"@id\":\"https:\\\/\\\/inclusivenews.com.br\\\/#organization\"},\"potentialAction\":[{\"@type\":\"SearchAction\",\"target\":{\"@type\":\"EntryPoint\",\"urlTemplate\":\"https:\\\/\\\/inclusivenews.com.br\\\/?s={search_term_string}\"},\"query-input\":{\"@type\":\"PropertyValueSpecification\",\"valueRequired\":true,\"valueName\":\"search_term_string\"}}],\"inLanguage\":\"pt-PT\"},{\"@type\":\"Organization\",\"@id\":\"https:\\\/\\\/inclusivenews.com.br\\\/#organization\",\"name\":\"Inclusive - inclus\u00e3o e cidadania\",\"url\":\"https:\\\/\\\/inclusivenews.com.br\\\/\",\"logo\":{\"@type\":\"ImageObject\",\"inLanguage\":\"pt-PT\",\"@id\":\"https:\\\/\\\/inclusivenews.com.br\\\/#\\\/schema\\\/logo\\\/image\\\/\",\"url\":\"https:\\\/\\\/inclusivenews.com.br\\\/wp-content\\\/uploads\\\/2024\\\/03\\\/@grandesite.png\",\"contentUrl\":\"https:\\\/\\\/inclusivenews.com.br\\\/wp-content\\\/uploads\\\/2024\\\/03\\\/@grandesite.png\",\"width\":1080,\"height\":1080,\"caption\":\"Inclusive - inclus\u00e3o e cidadania\"},\"image\":{\"@id\":\"https:\\\/\\\/inclusivenews.com.br\\\/#\\\/schema\\\/logo\\\/image\\\/\"},\"sameAs\":[\"https:\\\/\\\/www.facebook.com\\\/agenciainclusive\\\/\",\"https:\\\/\\\/www.instagram.com\\\/newsinclusive\\\/\"]},{\"@type\":\"Person\",\"@id\":\"https:\\\/\\\/inclusivenews.com.br\\\/#\\\/schema\\\/person\\\/ae4ec7087559b8692fb33b6fffd2273b\",\"name\":\"inclusivenews2024\",\"image\":{\"@type\":\"ImageObject\",\"inLanguage\":\"pt-PT\",\"@id\":\"https:\\\/\\\/secure.gravatar.com\\\/avatar\\\/c5a7ef84c66fa914f55bc4f7ce26cfa275a3b9a1c5568b907bd184fb4dde7b40?s=96&d=mm&r=g\",\"url\":\"https:\\\/\\\/secure.gravatar.com\\\/avatar\\\/c5a7ef84c66fa914f55bc4f7ce26cfa275a3b9a1c5568b907bd184fb4dde7b40?s=96&d=mm&r=g\",\"contentUrl\":\"https:\\\/\\\/secure.gravatar.com\\\/avatar\\\/c5a7ef84c66fa914f55bc4f7ce26cfa275a3b9a1c5568b907bd184fb4dde7b40?s=96&d=mm&r=g\",\"caption\":\"inclusivenews2024\"},\"sameAs\":[\"https:\\\/\\\/inclusivenews.com.br\"],\"url\":\"https:\\\/\\\/inclusivenews.com.br\\\/?author=1\"}]}<\/script>\n<!-- \/ Yoast SEO plugin. -->","yoast_head_json":{"title":"Nota da AMPID sobre os direitos das pessoas com defici\u00eancia -","robots":{"index":"index","follow":"follow","max-snippet":"max-snippet:-1","max-image-preview":"max-image-preview:large","max-video-preview":"max-video-preview:-1"},"canonical":"https:\/\/inclusivenews.com.br\/?p=29357","og_locale":"pt_PT","og_type":"article","og_title":"Nota da AMPID sobre os direitos das pessoas com defici\u00eancia -","og_description":"Espera que as altera\u00e7\u00f5es da Lei no 10.683, contemplem de forma clara e transparente, al\u00e9m manter vis\u00edvel, a pessoa com defici\u00eancia e a pessoa idosa.","og_url":"https:\/\/inclusivenews.com.br\/?p=29357","article_publisher":"https:\/\/www.facebook.com\/agenciainclusive\/","article_published_time":"2016-05-16T18:19:46+00:00","og_image":[{"url":"http:\/\/inclusivenews.com.br\/wp-content\/uploads\/logo_ampid.jpg","type":"","width":"","height":""}],"author":"inclusivenews2024","twitter_card":"summary_large_image","twitter_misc":{"Escrito por":"inclusivenews2024","Tempo estimado de leitura":"2 minutos"},"schema":{"@context":"https:\/\/schema.org","@graph":[{"@type":"Article","@id":"https:\/\/inclusivenews.com.br\/?p=29357#article","isPartOf":{"@id":"https:\/\/inclusivenews.com.br\/?p=29357"},"author":{"name":"inclusivenews2024","@id":"https:\/\/inclusivenews.com.br\/#\/schema\/person\/ae4ec7087559b8692fb33b6fffd2273b"},"headline":"Nota da AMPID sobre os direitos das pessoas com defici\u00eancia","datePublished":"2016-05-16T18:19:46+00:00","mainEntityOfPage":{"@id":"https:\/\/inclusivenews.com.br\/?p=29357"},"wordCount":491,"commentCount":0,"publisher":{"@id":"https:\/\/inclusivenews.com.br\/#organization"},"image":{"@id":"https:\/\/inclusivenews.com.br\/?p=29357#primaryimage"},"thumbnailUrl":"http:\/\/inclusivenews.com.br\/wp-content\/uploads\/logo_ampid.jpg","articleSection":["NOT\u00cdCIAS"],"inLanguage":"pt-PT","potentialAction":[{"@type":"CommentAction","name":"Comment","target":["https:\/\/inclusivenews.com.br\/?p=29357#respond"]}]},{"@type":"WebPage","@id":"https:\/\/inclusivenews.com.br\/?p=29357","url":"https:\/\/inclusivenews.com.br\/?p=29357","name":"Nota da AMPID sobre os direitos das pessoas com defici\u00eancia -","isPartOf":{"@id":"https:\/\/inclusivenews.com.br\/#website"},"primaryImageOfPage":{"@id":"https:\/\/inclusivenews.com.br\/?p=29357#primaryimage"},"image":{"@id":"https:\/\/inclusivenews.com.br\/?p=29357#primaryimage"},"thumbnailUrl":"http:\/\/inclusivenews.com.br\/wp-content\/uploads\/logo_ampid.jpg","datePublished":"2016-05-16T18:19:46+00:00","breadcrumb":{"@id":"https:\/\/inclusivenews.com.br\/?p=29357#breadcrumb"},"inLanguage":"pt-PT","potentialAction":[{"@type":"ReadAction","target":["https:\/\/inclusivenews.com.br\/?p=29357"]}]},{"@type":"ImageObject","inLanguage":"pt-PT","@id":"https:\/\/inclusivenews.com.br\/?p=29357#primaryimage","url":"","contentUrl":""},{"@type":"BreadcrumbList","@id":"https:\/\/inclusivenews.com.br\/?p=29357#breadcrumb","itemListElement":[{"@type":"ListItem","position":1,"name":"In\u00edcio","item":"https:\/\/inclusivenews.com.br\/"},{"@type":"ListItem","position":2,"name":"Nota da AMPID sobre os direitos das pessoas com defici\u00eancia"}]},{"@type":"WebSite","@id":"https:\/\/inclusivenews.com.br\/#website","url":"https:\/\/inclusivenews.com.br\/","name":"Inclusive News","description":"Inclusive News","publisher":{"@id":"https:\/\/inclusivenews.com.br\/#organization"},"potentialAction":[{"@type":"SearchAction","target":{"@type":"EntryPoint","urlTemplate":"https:\/\/inclusivenews.com.br\/?s={search_term_string}"},"query-input":{"@type":"PropertyValueSpecification","valueRequired":true,"valueName":"search_term_string"}}],"inLanguage":"pt-PT"},{"@type":"Organization","@id":"https:\/\/inclusivenews.com.br\/#organization","name":"Inclusive - inclus\u00e3o e cidadania","url":"https:\/\/inclusivenews.com.br\/","logo":{"@type":"ImageObject","inLanguage":"pt-PT","@id":"https:\/\/inclusivenews.com.br\/#\/schema\/logo\/image\/","url":"https:\/\/inclusivenews.com.br\/wp-content\/uploads\/2024\/03\/@grandesite.png","contentUrl":"https:\/\/inclusivenews.com.br\/wp-content\/uploads\/2024\/03\/@grandesite.png","width":1080,"height":1080,"caption":"Inclusive - inclus\u00e3o e cidadania"},"image":{"@id":"https:\/\/inclusivenews.com.br\/#\/schema\/logo\/image\/"},"sameAs":["https:\/\/www.facebook.com\/agenciainclusive\/","https:\/\/www.instagram.com\/newsinclusive\/"]},{"@type":"Person","@id":"https:\/\/inclusivenews.com.br\/#\/schema\/person\/ae4ec7087559b8692fb33b6fffd2273b","name":"inclusivenews2024","image":{"@type":"ImageObject","inLanguage":"pt-PT","@id":"https:\/\/secure.gravatar.com\/avatar\/c5a7ef84c66fa914f55bc4f7ce26cfa275a3b9a1c5568b907bd184fb4dde7b40?s=96&d=mm&r=g","url":"https:\/\/secure.gravatar.com\/avatar\/c5a7ef84c66fa914f55bc4f7ce26cfa275a3b9a1c5568b907bd184fb4dde7b40?s=96&d=mm&r=g","contentUrl":"https:\/\/secure.gravatar.com\/avatar\/c5a7ef84c66fa914f55bc4f7ce26cfa275a3b9a1c5568b907bd184fb4dde7b40?s=96&d=mm&r=g","caption":"inclusivenews2024"},"sameAs":["https:\/\/inclusivenews.com.br"],"url":"https:\/\/inclusivenews.com.br\/?author=1"}]}},"_links":{"self":[{"href":"https:\/\/inclusivenews.com.br\/index.php?rest_route=\/wp\/v2\/posts\/29357","targetHints":{"allow":["GET"]}}],"collection":[{"href":"https:\/\/inclusivenews.com.br\/index.php?rest_route=\/wp\/v2\/posts"}],"about":[{"href":"https:\/\/inclusivenews.com.br\/index.php?rest_route=\/wp\/v2\/types\/post"}],"author":[{"embeddable":true,"href":"https:\/\/inclusivenews.com.br\/index.php?rest_route=\/wp\/v2\/users\/1"}],"replies":[{"embeddable":true,"href":"https:\/\/inclusivenews.com.br\/index.php?rest_route=%2Fwp%2Fv2%2Fcomments&post=29357"}],"version-history":[{"count":0,"href":"https:\/\/inclusivenews.com.br\/index.php?rest_route=\/wp\/v2\/posts\/29357\/revisions"}],"wp:attachment":[{"href":"https:\/\/inclusivenews.com.br\/index.php?rest_route=%2Fwp%2Fv2%2Fmedia&parent=29357"}],"wp:term":[{"taxonomy":"category","embeddable":true,"href":"https:\/\/inclusivenews.com.br\/index.php?rest_route=%2Fwp%2Fv2%2Fcategories&post=29357"},{"taxonomy":"post_tag","embeddable":true,"href":"https:\/\/inclusivenews.com.br\/index.php?rest_route=%2Fwp%2Fv2%2Ftags&post=29357"}],"curies":[{"name":"wp","href":"https:\/\/api.w.org\/{rel}","templated":true}]}}