{"id":29373,"date":"2016-05-19T14:38:04","date_gmt":"2016-05-19T17:38:04","guid":{"rendered":"http:\/\/www.inclusive.org.br\/?p=29373"},"modified":"2016-05-19T14:38:04","modified_gmt":"2016-05-19T17:38:04","slug":"excursao-a-mathausen","status":"publish","type":"post","link":"https:\/\/inclusivenews.com.br\/?p=29373","title":{"rendered":"Excurs\u00e3o a Mathausen"},"content":{"rendered":"<figure style=\"width: 300px\" class=\"wp-caption alignnone\"><img loading=\"lazy\" decoding=\"async\" src=\"https:\/\/encrypted-tbn0.gstatic.com\/images?q=tbn:ANd9GcQdv__egKMD1RLJAzR5l8eVWyiSphIfcGgVVlzY3YAkUNsjnJuzBQ\" alt=\"\" width=\"300\" height=\"168\" \/><figcaption class=\"wp-caption-text\">Imagem: BBC<\/figcaption><\/figure>\n<p><em>Por\u00a0Marcos Weiss Bliacheris<\/em><\/p>\n<p>Escolas europ\u00e9ias costumam organizar viagens de estudos de seus alunos aos campos de concentra\u00e7\u00e3o e exterm\u00ednio da Segunda Guerra Mundial, para estudar no local onde os fatos aconteceram. Uma delas vem dando o que falar e tendo repercuss\u00e3o na imprensa internacional.\u00a0 O motivo: a exclus\u00e3o de uma aluna autista, de 14 anos.<\/p>\n<p>A escola, situada perto de Mil\u00e3o, se tornou not\u00edcia nacional quando os pais de uma aluna autista tornaram p\u00fablico que ela n\u00e3o iria participar da excurs\u00e3o ao campo de Mathausen porque, segundo denunciado \u00e0 escola, a garota estava sendo exclu\u00edda por seus colegas.<\/p>\n<p>Tudo come\u00e7ou com os onipresentes grupos de Whatts App. No grupo da turma do oitavo ano (do qual a aluna n\u00e3o fazia parte), logo ap\u00f3s o an\u00fancio da viagem os alunos j\u00e1 diziam que ningu\u00e9m queria dividir o quarto com aquela menina. Diante da propor\u00e7\u00e3o que o caso tomou, do sentimento de exclus\u00e3o e das mensagens trocadas, os pais\u00a0 da aluna pediram uma reuni\u00e3o com a escola e com os outros pais para tratar do assunto.<\/p>\n<p>A m\u00e1goa maior dos pais n\u00e3o foi com o duro tom das mensagens dos colegas, mas que o mesmo tom foi usado pelos professores. Que os demais pais silenciaram diante disso. Que a escola negou que fosse um problema de bullying ou inclus\u00e3o. Que, ap\u00f3s tentarem uma reuni\u00e3o, n\u00e3o obtiveram resposta nenhuma dos outros pais. Que as (muitas) cr\u00edticas foram p\u00fablicas e os (poucos) apoios foram privados, quase envergonhados.<\/p>\n<p>Como diz a m\u00e3e disse ao jornal Corriere de La Sera: \u201c<i>tantas palavras bonitas, mas, na hora de agir&#8230; na escola organizam palestras contra o bullying &#8230; mas, de verdade, o que mais me d\u00e1 raiva n\u00e3o s\u00e3o os companheiros de classe. Essa mensagens&#8230;s\u00e3o coisa de jovens. S\u00e3o os adultos que me decepcionaram e entristeceram.\u201d<\/i><\/p>\n<p>Uma situa\u00e7\u00e3o que acontece em qualquer escola que tenha um aluno com defici\u00eancia estudando. Uma situa\u00e7\u00e3o que qualquer pai de autista viveu. QUALQUER UM.<\/p>\n<p>Uma situa\u00e7\u00e3o comum. Basta voc\u00ea querer observar e n\u00e3o virar para o lado ou fechar os olhos como fizeram os pais dos jovens italianos.<\/p>\n<p>Um novo grupo de whatts app foi criado, sem os pais da jovem autista. Sentindo que a imagem da escola, dos pais e dos alunos estava sendo afetada, os outros pais e a escola se uniram em um grupo coeso, deixando a fam\u00edlia da autista se sentindo ainda mais exclu\u00edda. Como a reuni\u00e3o sobre o assunto nunca foi realizada e a ang\u00fastia da fam\u00edlia n\u00e3o encontrou receptividade junto a seus pares ou \u00e0 escola, a situa\u00e7\u00e3o foi objeto de den\u00fancia ao Minist\u00e9rio da Educa\u00e7\u00e3o. Por fim, a fam\u00edlia decidiu \u00a0que a crian\u00e7a n\u00e3o iria \u00e0 excurs\u00e3o.<\/p>\n<p>O col\u00e9gio e os pais dos demais colegas tentaram colocar panos quentes na situa\u00e7\u00e3o, dizendo que tudo tinha sido um grande mal entendido. Para quem costuma acompanhar casos semelhantes, na grande maioria dos casos que vem a p\u00fablico, esta \u00e9 uma explica\u00e7\u00e3o quase universal. Como eles disseram, sua posi\u00e7\u00e3o sempre foi \u201cconciliat\u00f3ria\u201d e no sentido de \u00a0\u201crestaurar a calma\u201d. N\u00e3o deixa de ser interessante que sempre se cobre calma de quem \u00e9 exclu\u00eddo, em vez de empatia de quem exclui.<\/p>\n<p>Como destacou a emissora inglesa BBC, \u00a0a fam\u00edlia foi condenada por defender seu filho e perturbar a aparente harmonia &#8211; \u00a0outra situa\u00e7\u00e3o que se repete muito. Uma harmonia que se sustenta na exclus\u00e3o e no sil\u00eancio. A fam\u00edlia falhou em se comportar com a docilidade esperada de um bom exclu\u00eddo. Os pais de autistas muito comumente s\u00e3o acusados de ser autores de terr\u00edveis mal entendidos e de exagerar nas rea\u00e7\u00f5es. Assim como os judeus em caso de antissemitismo, os negros em casos de racismo, os gays quando sofrem homofobia, as mulheres que denunciam machismo. Como se diz hoje: mimimi.<\/p>\n<p>Com a repercuss\u00e3o na imprensa italiana e internacional, o Minist\u00e9rio da Educa\u00e7\u00e3o italiano suspendeu a excurs\u00e3o para averiguar o que estava acontecendo e estudar as medidas que deveriam ser tomadas. A mensagem foi clara: ou v\u00e3o todos os alunos ou n\u00e3o vai ningu\u00e9m.<\/p>\n<p>A escola, claro, ficou indignada por tal situa\u00e7\u00e3o ter vindo a p\u00fablico. Afinal, diziam, ela poderia resolver a situa\u00e7\u00e3o (mas n\u00e3o o fez).<\/p>\n<p>A Funda\u00e7\u00e3o Museu Shoah, institui\u00e7\u00e3o judaica dedicada \u00e0 mem\u00f3ria do Holocausto, prop\u00f4s uma excurs\u00e3o guiada \u00e0 jovem exclu\u00edda por seus colegas, caso fosse seu desejo. Os pais agradeceram \u00e0 Funda\u00e7\u00e3o, mas expressaram seu desejo de que a filha fizesse a viagem junto com os colegas, como \u00e9 seu direito.<\/p>\n<p>Mario Venezia, representante na It\u00e1lia da Shoah Fundation, lembrou que pessoas com defici\u00eancia tamb\u00e9m foram perseguidas e mortas pelos nazistas e arrematou:<\/p>\n<p>&#8220;Educar crian\u00e7as sobre o Holocausto n\u00e3o \u00e9 somente mostrar documentos e lev\u00e1-los em viagens aos campos de exterm\u00ednio. Tamb\u00e9m \u00e9 ensin\u00e1-los a aceitar e respeitar as diferen\u00e7as no dia-a-dia.&#8221;<\/p>\n<p>Ler livros e recordar datas \u00e9 muito mais f\u00e1cil que vencer o preconceito e a indiferen\u00e7a. Para fazer isso, n\u00e3o podemos ficar parados, temos que acolher as diferen\u00e7as e estarmos preparados para as dificuldades do caminho. Isso d\u00e1 muito trabalho.<\/p>\n<p>Trabalho de que o sistema educacional italiano n\u00e3o est\u00e1 dando conta (e de que o nosso tenta se eximir, \u00a0como demonstra a a\u00e7\u00e3o impetrada pelas escolas particulares junto ao STF, em que se pleiteia o &#8220;direito&#8221; de excluir). A LEDHA, organiza\u00e7\u00e3o italiana de aux\u00edlio legal a pessoas com defici\u00eancia,\u00a0 promove 137 a\u00e7\u00f5es judiciais contra escolas por discrimina\u00e7\u00e3o contra alunos com defici\u00eancia.<\/p>\n<p>Esta \u00e9 uma exce\u00e7\u00e3o, um caso que rompeu o sil\u00eancio e ganhou as manchetes. Quantas outras crian\u00e7as e adolescentes est\u00e3o sofrendo em sil\u00eancio por toda It\u00e1lia? E no Brasil? Em sua cidade, em sua escola, na escola de seu filho?<\/p>\n","protected":false},"excerpt":{"rendered":"<p>Quando se exclui ao tentar educar sobre o preconceito.<\/p>\n","protected":false},"author":1,"featured_media":0,"comment_status":"open","ping_status":"open","sticky":false,"template":"","format":"standard","meta":{"site-container-style":"default","site-container-layout":"default","site-sidebar-layout":"default","disable-article-header":"default","disable-site-header":"default","disable-site-footer":"default","disable-content-area-spacing":"default","footnotes":""},"categories":[4,376],"tags":[],"class_list":["post-29373","post","type-post","status-publish","format-standard","hentry","category-noticias","category-showz"],"yoast_head":"<!-- This site is optimized with the Yoast SEO plugin v27.4 - https:\/\/yoast.com\/product\/yoast-seo-wordpress\/ -->\n<title>Excurs\u00e3o a Mathausen -<\/title>\n<meta name=\"robots\" content=\"index, follow, max-snippet:-1, max-image-preview:large, max-video-preview:-1\" \/>\n<link rel=\"canonical\" href=\"https:\/\/inclusivenews.com.br\/?p=29373\" \/>\n<meta property=\"og:locale\" content=\"pt_PT\" \/>\n<meta property=\"og:type\" content=\"article\" \/>\n<meta property=\"og:title\" content=\"Excurs\u00e3o a Mathausen -\" \/>\n<meta property=\"og:description\" content=\"Quando se exclui ao tentar educar sobre o preconceito.\" \/>\n<meta property=\"og:url\" content=\"https:\/\/inclusivenews.com.br\/?p=29373\" \/>\n<meta property=\"article:publisher\" content=\"https:\/\/www.facebook.com\/agenciainclusive\/\" \/>\n<meta property=\"article:published_time\" content=\"2016-05-19T17:38:04+00:00\" \/>\n<meta property=\"og:image\" content=\"https:\/\/encrypted-tbn0.gstatic.com\/images?q=tbn:ANd9GcQdv__egKMD1RLJAzR5l8eVWyiSphIfcGgVVlzY3YAkUNsjnJuzBQ\" \/>\n<meta name=\"author\" content=\"inclusivenews2024\" \/>\n<meta name=\"twitter:card\" content=\"summary_large_image\" \/>\n<meta name=\"twitter:label1\" content=\"Escrito por\" \/>\n\t<meta name=\"twitter:data1\" content=\"inclusivenews2024\" \/>\n\t<meta name=\"twitter:label2\" content=\"Tempo estimado de leitura\" \/>\n\t<meta name=\"twitter:data2\" content=\"5 minutos\" \/>\n<script type=\"application\/ld+json\" class=\"yoast-schema-graph\">{\"@context\":\"https:\\\/\\\/schema.org\",\"@graph\":[{\"@type\":\"Article\",\"@id\":\"https:\\\/\\\/inclusivenews.com.br\\\/?p=29373#article\",\"isPartOf\":{\"@id\":\"https:\\\/\\\/inclusivenews.com.br\\\/?p=29373\"},\"author\":{\"name\":\"inclusivenews2024\",\"@id\":\"https:\\\/\\\/inclusivenews.com.br\\\/#\\\/schema\\\/person\\\/ae4ec7087559b8692fb33b6fffd2273b\"},\"headline\":\"Excurs\u00e3o a Mathausen\",\"datePublished\":\"2016-05-19T17:38:04+00:00\",\"mainEntityOfPage\":{\"@id\":\"https:\\\/\\\/inclusivenews.com.br\\\/?p=29373\"},\"wordCount\":1040,\"commentCount\":0,\"publisher\":{\"@id\":\"https:\\\/\\\/inclusivenews.com.br\\\/#organization\"},\"image\":{\"@id\":\"https:\\\/\\\/inclusivenews.com.br\\\/?p=29373#primaryimage\"},\"thumbnailUrl\":\"https:\\\/\\\/encrypted-tbn0.gstatic.com\\\/images?q=tbn:ANd9GcQdv__egKMD1RLJAzR5l8eVWyiSphIfcGgVVlzY3YAkUNsjnJuzBQ\",\"articleSection\":[\"NOT\u00cdCIAS\",\"SHOWZ\"],\"inLanguage\":\"pt-PT\",\"potentialAction\":[{\"@type\":\"CommentAction\",\"name\":\"Comment\",\"target\":[\"https:\\\/\\\/inclusivenews.com.br\\\/?p=29373#respond\"]}]},{\"@type\":\"WebPage\",\"@id\":\"https:\\\/\\\/inclusivenews.com.br\\\/?p=29373\",\"url\":\"https:\\\/\\\/inclusivenews.com.br\\\/?p=29373\",\"name\":\"Excurs\u00e3o a Mathausen -\",\"isPartOf\":{\"@id\":\"https:\\\/\\\/inclusivenews.com.br\\\/#website\"},\"primaryImageOfPage\":{\"@id\":\"https:\\\/\\\/inclusivenews.com.br\\\/?p=29373#primaryimage\"},\"image\":{\"@id\":\"https:\\\/\\\/inclusivenews.com.br\\\/?p=29373#primaryimage\"},\"thumbnailUrl\":\"https:\\\/\\\/encrypted-tbn0.gstatic.com\\\/images?q=tbn:ANd9GcQdv__egKMD1RLJAzR5l8eVWyiSphIfcGgVVlzY3YAkUNsjnJuzBQ\",\"datePublished\":\"2016-05-19T17:38:04+00:00\",\"breadcrumb\":{\"@id\":\"https:\\\/\\\/inclusivenews.com.br\\\/?p=29373#breadcrumb\"},\"inLanguage\":\"pt-PT\",\"potentialAction\":[{\"@type\":\"ReadAction\",\"target\":[\"https:\\\/\\\/inclusivenews.com.br\\\/?p=29373\"]}]},{\"@type\":\"ImageObject\",\"inLanguage\":\"pt-PT\",\"@id\":\"https:\\\/\\\/inclusivenews.com.br\\\/?p=29373#primaryimage\",\"url\":\"https:\\\/\\\/encrypted-tbn0.gstatic.com\\\/images?q=tbn:ANd9GcQdv__egKMD1RLJAzR5l8eVWyiSphIfcGgVVlzY3YAkUNsjnJuzBQ\",\"contentUrl\":\"https:\\\/\\\/encrypted-tbn0.gstatic.com\\\/images?q=tbn:ANd9GcQdv__egKMD1RLJAzR5l8eVWyiSphIfcGgVVlzY3YAkUNsjnJuzBQ\"},{\"@type\":\"BreadcrumbList\",\"@id\":\"https:\\\/\\\/inclusivenews.com.br\\\/?p=29373#breadcrumb\",\"itemListElement\":[{\"@type\":\"ListItem\",\"position\":1,\"name\":\"In\u00edcio\",\"item\":\"https:\\\/\\\/inclusivenews.com.br\\\/\"},{\"@type\":\"ListItem\",\"position\":2,\"name\":\"Excurs\u00e3o a Mathausen\"}]},{\"@type\":\"WebSite\",\"@id\":\"https:\\\/\\\/inclusivenews.com.br\\\/#website\",\"url\":\"https:\\\/\\\/inclusivenews.com.br\\\/\",\"name\":\"Inclusive News\",\"description\":\"Inclusive News\",\"publisher\":{\"@id\":\"https:\\\/\\\/inclusivenews.com.br\\\/#organization\"},\"potentialAction\":[{\"@type\":\"SearchAction\",\"target\":{\"@type\":\"EntryPoint\",\"urlTemplate\":\"https:\\\/\\\/inclusivenews.com.br\\\/?s={search_term_string}\"},\"query-input\":{\"@type\":\"PropertyValueSpecification\",\"valueRequired\":true,\"valueName\":\"search_term_string\"}}],\"inLanguage\":\"pt-PT\"},{\"@type\":\"Organization\",\"@id\":\"https:\\\/\\\/inclusivenews.com.br\\\/#organization\",\"name\":\"Inclusive - inclus\u00e3o e cidadania\",\"url\":\"https:\\\/\\\/inclusivenews.com.br\\\/\",\"logo\":{\"@type\":\"ImageObject\",\"inLanguage\":\"pt-PT\",\"@id\":\"https:\\\/\\\/inclusivenews.com.br\\\/#\\\/schema\\\/logo\\\/image\\\/\",\"url\":\"https:\\\/\\\/inclusivenews.com.br\\\/wp-content\\\/uploads\\\/2024\\\/03\\\/@grandesite.png\",\"contentUrl\":\"https:\\\/\\\/inclusivenews.com.br\\\/wp-content\\\/uploads\\\/2024\\\/03\\\/@grandesite.png\",\"width\":1080,\"height\":1080,\"caption\":\"Inclusive - inclus\u00e3o e cidadania\"},\"image\":{\"@id\":\"https:\\\/\\\/inclusivenews.com.br\\\/#\\\/schema\\\/logo\\\/image\\\/\"},\"sameAs\":[\"https:\\\/\\\/www.facebook.com\\\/agenciainclusive\\\/\",\"https:\\\/\\\/www.instagram.com\\\/newsinclusive\\\/\"]},{\"@type\":\"Person\",\"@id\":\"https:\\\/\\\/inclusivenews.com.br\\\/#\\\/schema\\\/person\\\/ae4ec7087559b8692fb33b6fffd2273b\",\"name\":\"inclusivenews2024\",\"image\":{\"@type\":\"ImageObject\",\"inLanguage\":\"pt-PT\",\"@id\":\"https:\\\/\\\/secure.gravatar.com\\\/avatar\\\/c5a7ef84c66fa914f55bc4f7ce26cfa275a3b9a1c5568b907bd184fb4dde7b40?s=96&d=mm&r=g\",\"url\":\"https:\\\/\\\/secure.gravatar.com\\\/avatar\\\/c5a7ef84c66fa914f55bc4f7ce26cfa275a3b9a1c5568b907bd184fb4dde7b40?s=96&d=mm&r=g\",\"contentUrl\":\"https:\\\/\\\/secure.gravatar.com\\\/avatar\\\/c5a7ef84c66fa914f55bc4f7ce26cfa275a3b9a1c5568b907bd184fb4dde7b40?s=96&d=mm&r=g\",\"caption\":\"inclusivenews2024\"},\"sameAs\":[\"https:\\\/\\\/inclusivenews.com.br\"],\"url\":\"https:\\\/\\\/inclusivenews.com.br\\\/?author=1\"}]}<\/script>\n<!-- \/ Yoast SEO plugin. -->","yoast_head_json":{"title":"Excurs\u00e3o a Mathausen -","robots":{"index":"index","follow":"follow","max-snippet":"max-snippet:-1","max-image-preview":"max-image-preview:large","max-video-preview":"max-video-preview:-1"},"canonical":"https:\/\/inclusivenews.com.br\/?p=29373","og_locale":"pt_PT","og_type":"article","og_title":"Excurs\u00e3o a Mathausen -","og_description":"Quando se exclui ao tentar educar sobre o preconceito.","og_url":"https:\/\/inclusivenews.com.br\/?p=29373","article_publisher":"https:\/\/www.facebook.com\/agenciainclusive\/","article_published_time":"2016-05-19T17:38:04+00:00","og_image":[{"url":"https:\/\/encrypted-tbn0.gstatic.com\/images?q=tbn:ANd9GcQdv__egKMD1RLJAzR5l8eVWyiSphIfcGgVVlzY3YAkUNsjnJuzBQ","type":"","width":"","height":""}],"author":"inclusivenews2024","twitter_card":"summary_large_image","twitter_misc":{"Escrito por":"inclusivenews2024","Tempo estimado de leitura":"5 minutos"},"schema":{"@context":"https:\/\/schema.org","@graph":[{"@type":"Article","@id":"https:\/\/inclusivenews.com.br\/?p=29373#article","isPartOf":{"@id":"https:\/\/inclusivenews.com.br\/?p=29373"},"author":{"name":"inclusivenews2024","@id":"https:\/\/inclusivenews.com.br\/#\/schema\/person\/ae4ec7087559b8692fb33b6fffd2273b"},"headline":"Excurs\u00e3o a Mathausen","datePublished":"2016-05-19T17:38:04+00:00","mainEntityOfPage":{"@id":"https:\/\/inclusivenews.com.br\/?p=29373"},"wordCount":1040,"commentCount":0,"publisher":{"@id":"https:\/\/inclusivenews.com.br\/#organization"},"image":{"@id":"https:\/\/inclusivenews.com.br\/?p=29373#primaryimage"},"thumbnailUrl":"https:\/\/encrypted-tbn0.gstatic.com\/images?q=tbn:ANd9GcQdv__egKMD1RLJAzR5l8eVWyiSphIfcGgVVlzY3YAkUNsjnJuzBQ","articleSection":["NOT\u00cdCIAS","SHOWZ"],"inLanguage":"pt-PT","potentialAction":[{"@type":"CommentAction","name":"Comment","target":["https:\/\/inclusivenews.com.br\/?p=29373#respond"]}]},{"@type":"WebPage","@id":"https:\/\/inclusivenews.com.br\/?p=29373","url":"https:\/\/inclusivenews.com.br\/?p=29373","name":"Excurs\u00e3o a Mathausen -","isPartOf":{"@id":"https:\/\/inclusivenews.com.br\/#website"},"primaryImageOfPage":{"@id":"https:\/\/inclusivenews.com.br\/?p=29373#primaryimage"},"image":{"@id":"https:\/\/inclusivenews.com.br\/?p=29373#primaryimage"},"thumbnailUrl":"https:\/\/encrypted-tbn0.gstatic.com\/images?q=tbn:ANd9GcQdv__egKMD1RLJAzR5l8eVWyiSphIfcGgVVlzY3YAkUNsjnJuzBQ","datePublished":"2016-05-19T17:38:04+00:00","breadcrumb":{"@id":"https:\/\/inclusivenews.com.br\/?p=29373#breadcrumb"},"inLanguage":"pt-PT","potentialAction":[{"@type":"ReadAction","target":["https:\/\/inclusivenews.com.br\/?p=29373"]}]},{"@type":"ImageObject","inLanguage":"pt-PT","@id":"https:\/\/inclusivenews.com.br\/?p=29373#primaryimage","url":"https:\/\/encrypted-tbn0.gstatic.com\/images?q=tbn:ANd9GcQdv__egKMD1RLJAzR5l8eVWyiSphIfcGgVVlzY3YAkUNsjnJuzBQ","contentUrl":"https:\/\/encrypted-tbn0.gstatic.com\/images?q=tbn:ANd9GcQdv__egKMD1RLJAzR5l8eVWyiSphIfcGgVVlzY3YAkUNsjnJuzBQ"},{"@type":"BreadcrumbList","@id":"https:\/\/inclusivenews.com.br\/?p=29373#breadcrumb","itemListElement":[{"@type":"ListItem","position":1,"name":"In\u00edcio","item":"https:\/\/inclusivenews.com.br\/"},{"@type":"ListItem","position":2,"name":"Excurs\u00e3o a Mathausen"}]},{"@type":"WebSite","@id":"https:\/\/inclusivenews.com.br\/#website","url":"https:\/\/inclusivenews.com.br\/","name":"Inclusive News","description":"Inclusive News","publisher":{"@id":"https:\/\/inclusivenews.com.br\/#organization"},"potentialAction":[{"@type":"SearchAction","target":{"@type":"EntryPoint","urlTemplate":"https:\/\/inclusivenews.com.br\/?s={search_term_string}"},"query-input":{"@type":"PropertyValueSpecification","valueRequired":true,"valueName":"search_term_string"}}],"inLanguage":"pt-PT"},{"@type":"Organization","@id":"https:\/\/inclusivenews.com.br\/#organization","name":"Inclusive - inclus\u00e3o e cidadania","url":"https:\/\/inclusivenews.com.br\/","logo":{"@type":"ImageObject","inLanguage":"pt-PT","@id":"https:\/\/inclusivenews.com.br\/#\/schema\/logo\/image\/","url":"https:\/\/inclusivenews.com.br\/wp-content\/uploads\/2024\/03\/@grandesite.png","contentUrl":"https:\/\/inclusivenews.com.br\/wp-content\/uploads\/2024\/03\/@grandesite.png","width":1080,"height":1080,"caption":"Inclusive - inclus\u00e3o e cidadania"},"image":{"@id":"https:\/\/inclusivenews.com.br\/#\/schema\/logo\/image\/"},"sameAs":["https:\/\/www.facebook.com\/agenciainclusive\/","https:\/\/www.instagram.com\/newsinclusive\/"]},{"@type":"Person","@id":"https:\/\/inclusivenews.com.br\/#\/schema\/person\/ae4ec7087559b8692fb33b6fffd2273b","name":"inclusivenews2024","image":{"@type":"ImageObject","inLanguage":"pt-PT","@id":"https:\/\/secure.gravatar.com\/avatar\/c5a7ef84c66fa914f55bc4f7ce26cfa275a3b9a1c5568b907bd184fb4dde7b40?s=96&d=mm&r=g","url":"https:\/\/secure.gravatar.com\/avatar\/c5a7ef84c66fa914f55bc4f7ce26cfa275a3b9a1c5568b907bd184fb4dde7b40?s=96&d=mm&r=g","contentUrl":"https:\/\/secure.gravatar.com\/avatar\/c5a7ef84c66fa914f55bc4f7ce26cfa275a3b9a1c5568b907bd184fb4dde7b40?s=96&d=mm&r=g","caption":"inclusivenews2024"},"sameAs":["https:\/\/inclusivenews.com.br"],"url":"https:\/\/inclusivenews.com.br\/?author=1"}]}},"_links":{"self":[{"href":"https:\/\/inclusivenews.com.br\/index.php?rest_route=\/wp\/v2\/posts\/29373","targetHints":{"allow":["GET"]}}],"collection":[{"href":"https:\/\/inclusivenews.com.br\/index.php?rest_route=\/wp\/v2\/posts"}],"about":[{"href":"https:\/\/inclusivenews.com.br\/index.php?rest_route=\/wp\/v2\/types\/post"}],"author":[{"embeddable":true,"href":"https:\/\/inclusivenews.com.br\/index.php?rest_route=\/wp\/v2\/users\/1"}],"replies":[{"embeddable":true,"href":"https:\/\/inclusivenews.com.br\/index.php?rest_route=%2Fwp%2Fv2%2Fcomments&post=29373"}],"version-history":[{"count":0,"href":"https:\/\/inclusivenews.com.br\/index.php?rest_route=\/wp\/v2\/posts\/29373\/revisions"}],"wp:attachment":[{"href":"https:\/\/inclusivenews.com.br\/index.php?rest_route=%2Fwp%2Fv2%2Fmedia&parent=29373"}],"wp:term":[{"taxonomy":"category","embeddable":true,"href":"https:\/\/inclusivenews.com.br\/index.php?rest_route=%2Fwp%2Fv2%2Fcategories&post=29373"},{"taxonomy":"post_tag","embeddable":true,"href":"https:\/\/inclusivenews.com.br\/index.php?rest_route=%2Fwp%2Fv2%2Ftags&post=29373"}],"curies":[{"name":"wp","href":"https:\/\/api.w.org\/{rel}","templated":true}]}}