{"id":29391,"date":"2016-05-22T14:48:15","date_gmt":"2016-05-22T17:48:15","guid":{"rendered":"http:\/\/www.inclusive.org.br\/?p=29391"},"modified":"2016-05-22T14:48:15","modified_gmt":"2016-05-22T17:48:15","slug":"onu-convida-sociedade-civil-a-contribuir-com-estudo-global","status":"publish","type":"post","link":"https:\/\/inclusivenews.com.br\/?p=29391","title":{"rendered":"ONU convida sociedade civil a contribuir com estudo global"},"content":{"rendered":"<p><img loading=\"lazy\" decoding=\"async\" class=\"alignnone size-full wp-image-12446\" alt=\"ONU BRASIL\" src=\"http:\/\/inclusivenews.com.br\/wp-content\/uploads\/2009\/11\/ONU-BRASIL.jpg\" width=\"204\" height=\"174\" \/><\/p>\n<p>Alto Comissariado da ONU para os Direitos Humanos prepara estudo sobre os direitos das pessoas com defici\u00eancia e convida as organiza\u00e7\u00f5es da sociedade civil a contribuir por meio de um question\u00e1rio. Prazo \u00e9 dia 30 de junho.<\/p>\n<p>O Alto Comissariado da ONU para os Direitos Humanos (ACNUDH) est\u00e1 preparando um estudo sobre os direitos das\u00a0<a href=\"http:\/\/www.ohchr.org\/EN\/Issues\/Disability\/Pages\/DisabilityIndex.aspx\" target=\"_blank\" rel=\"noopener\">pessoas com defici\u00eancia<\/a>\u00a0e convida as organiza\u00e7\u00f5es da sociedade civil a contribuir.<\/p>\n<p>O estudo enfoca a implementa\u00e7\u00e3o do artigo 5 (igualdade e n\u00e3o discrimina\u00e7\u00e3o) da\u00a0<a href=\"http:\/\/www.planalto.gov.br\/ccivil_03\/_ato2007-2010\/2009\/decreto\/d6949.htm\" target=\"_blank\" rel=\"noopener\">Conven\u00e7\u00e3o da ONU sobre os Direitos das Pessoas com Defici\u00eancia<\/a>.<\/p>\n<p>As organiza\u00e7\u00f5es interessadas devem at\u00e9 o dia 30 de junho de 2016 responder o question\u00e1rio que est\u00e1 dispon\u00edvel (em ingl\u00eas) em\u00a0<a href=\"http:\/\/bit.ly\/1WFnutO\" target=\"_blank\" rel=\"noopener\">http:\/\/bit.ly\/1WFnutO<\/a><\/p>\n<p>As contribui\u00e7\u00f5es devem ser enviadas para registry@ohchr.org<\/p>\n<p>Question\u00e1rio<br \/>\nConven\u00e7\u00e3o sobre os Direitos das Pessoas com Defici\u00eancia<br \/>\nArtigo 5 &#8211; igualdade e n\u00e3o-discrimina\u00e7\u00e3o<br \/>\nPrazo 30 de junho de 2016<\/p>\n<p>Voc\u00ea est\u00e1 convidado a contribuir para o estudo sobre o Artigo 5 (igualdade e n\u00e3o discrimina\u00e7\u00e3o) da Conven\u00e7\u00e3o, utilizando o seguinte question\u00e1rio.<\/p>\n<p>1. O seu pa\u00eds adoptou legisla\u00e7\u00e3o que estabelece a defici\u00eancia como uma base proibida de discrimina\u00e7\u00e3o, inclusive a recusa de adapta\u00e7\u00e3o razo\u00e1vel como discrimina\u00e7\u00e3o? Por favor, forne\u00e7a detalhes sobre quaisquer reformas legais relacionadas.<\/p>\n<p>2. O seu pa\u00eds aplica um teste objetivo para determinar se uma acomoda\u00e7\u00e3o solicitada por uma pessoa com defici\u00eancia \u00e9 indevida ou desproporcional? Em caso afirmativo, descrever as experi\u00eancias e os seus diferentes elementos (500 palavras).<\/p>\n<p>3. O seu pa\u00eds aplica as a\u00e7\u00f5es afirmativas para o combate \u00e0 discrimina\u00e7\u00e3o estrutural contra pessoas com defici\u00eancia? Se assim for, descreva como s\u00e3o essas medidas aplicadas e executadas (500 palavras).<\/p>\n<p>4. O seu pa\u00eds tem leis, pol\u00edticas e estrat\u00e9gias para o combate \u00e0 discrimina\u00e7\u00e3o contra as mulheres e crian\u00e7as com defici\u00eancia? Por favor, descreva como essas pol\u00edticas s\u00e3o refletidas na legisla\u00e7\u00e3o e quadros pol\u00edticos (500 palavras).<\/p>\n<p>5 No seu pa\u00eds h\u00e1 monitoramento e coleta de dados desagregados sobre a discrimina\u00e7\u00e3o contra pessoas com defici\u00eancia, incluindo sexo, idade e desagrega\u00e7\u00e3o defici\u00eancia?<\/p>\n<p>Por favor envie com o assunto [Art 5 Estudo CRPD] at\u00e9 30 de Junho de 2016 para: registry@ohchr.org<\/p>\n<p>Mais sobre o trabalho sobre os direitos das pessoas com defici\u00eancia: <a href=\"http:\/\/www.ohchr.org\/EN\/Issues\/Disability\/Pages\/DisabilityIndex.aspx\">http:\/\/www.ohchr.org\/EN\/Issues\/Disability\/Pages\/DisabilityIndex.aspx<\/a><\/p>\n<p>Resolu\u00e7\u00e3o 31\/6 do Conselho de Direitos Humanos solicitou ao Escrit\u00f3rio do Alto Comissariado das Na\u00e7\u00f5es Unidas para os Direitos Humanos para elaborar um estudo sobre o artigo 5 da Conven\u00e7\u00e3o sobre os Direitos das Pessoas com Defici\u00eancia.<\/p>\n","protected":false},"excerpt":{"rendered":"<p>Prazo \u00e9 dia 30 de junho.<\/p>\n","protected":false},"author":1,"featured_media":0,"comment_status":"open","ping_status":"open","sticky":false,"template":"","format":"standard","meta":{"site-container-style":"default","site-container-layout":"default","site-sidebar-layout":"default","disable-article-header":"default","disable-site-header":"default","disable-site-footer":"default","disable-content-area-spacing":"default","footnotes":""},"categories":[44,5,38,11,48,26,49],"tags":[],"class_list":["post-29391","post","type-post","status-publish","format-standard","hentry","category-acessibilidade","category-convencao","category-deficiencia","category-direitos-humanos","category-inclusao","category-legislacao","category-politicas-publicas"],"yoast_head":"<!-- This site is optimized with the Yoast SEO plugin v27.4 - https:\/\/yoast.com\/product\/yoast-seo-wordpress\/ -->\n<title>ONU convida sociedade civil a contribuir com estudo global -<\/title>\n<meta name=\"robots\" content=\"index, follow, max-snippet:-1, max-image-preview:large, max-video-preview:-1\" \/>\n<link rel=\"canonical\" href=\"https:\/\/inclusivenews.com.br\/?p=29391\" \/>\n<meta property=\"og:locale\" content=\"pt_PT\" \/>\n<meta property=\"og:type\" content=\"article\" \/>\n<meta property=\"og:title\" content=\"ONU convida sociedade civil a contribuir com estudo global -\" \/>\n<meta property=\"og:description\" content=\"Prazo \u00e9 dia 30 de junho.\" \/>\n<meta property=\"og:url\" content=\"https:\/\/inclusivenews.com.br\/?p=29391\" \/>\n<meta property=\"article:publisher\" content=\"https:\/\/www.facebook.com\/agenciainclusive\/\" \/>\n<meta property=\"article:published_time\" content=\"2016-05-22T17:48:15+00:00\" \/>\n<meta property=\"og:image\" content=\"http:\/\/inclusivenews.com.br\/wp-content\/uploads\/2009\/11\/ONU-BRASIL.jpg\" \/>\n<meta name=\"author\" content=\"inclusivenews2024\" \/>\n<meta name=\"twitter:card\" content=\"summary_large_image\" \/>\n<meta name=\"twitter:label1\" content=\"Escrito por\" \/>\n\t<meta name=\"twitter:data1\" content=\"inclusivenews2024\" \/>\n\t<meta name=\"twitter:label2\" content=\"Tempo estimado de leitura\" \/>\n\t<meta name=\"twitter:data2\" content=\"2 minutos\" \/>\n<script type=\"application\/ld+json\" class=\"yoast-schema-graph\">{\"@context\":\"https:\\\/\\\/schema.org\",\"@graph\":[{\"@type\":\"Article\",\"@id\":\"https:\\\/\\\/inclusivenews.com.br\\\/?p=29391#article\",\"isPartOf\":{\"@id\":\"https:\\\/\\\/inclusivenews.com.br\\\/?p=29391\"},\"author\":{\"name\":\"inclusivenews2024\",\"@id\":\"https:\\\/\\\/inclusivenews.com.br\\\/#\\\/schema\\\/person\\\/ae4ec7087559b8692fb33b6fffd2273b\"},\"headline\":\"ONU convida sociedade civil a contribuir com estudo global\",\"datePublished\":\"2016-05-22T17:48:15+00:00\",\"mainEntityOfPage\":{\"@id\":\"https:\\\/\\\/inclusivenews.com.br\\\/?p=29391\"},\"wordCount\":451,\"commentCount\":0,\"publisher\":{\"@id\":\"https:\\\/\\\/inclusivenews.com.br\\\/#organization\"},\"image\":{\"@id\":\"https:\\\/\\\/inclusivenews.com.br\\\/?p=29391#primaryimage\"},\"thumbnailUrl\":\"http:\\\/\\\/inclusivenews.com.br\\\/wp-content\\\/uploads\\\/2009\\\/11\\\/ONU-BRASIL.jpg\",\"articleSection\":[\"ACESSIBILIDADE\",\"Conven\u00e7\u00e3o\",\"Defici\u00eancia\",\"DIREITOS HUMANOS\",\"INCLUS\u00c3O SOCIAL\",\"Legisla\u00e7\u00e3o ...\",\"Pol\u00edticas p\u00fablicas\"],\"inLanguage\":\"pt-PT\",\"potentialAction\":[{\"@type\":\"CommentAction\",\"name\":\"Comment\",\"target\":[\"https:\\\/\\\/inclusivenews.com.br\\\/?p=29391#respond\"]}]},{\"@type\":\"WebPage\",\"@id\":\"https:\\\/\\\/inclusivenews.com.br\\\/?p=29391\",\"url\":\"https:\\\/\\\/inclusivenews.com.br\\\/?p=29391\",\"name\":\"ONU convida sociedade civil a contribuir com estudo global -\",\"isPartOf\":{\"@id\":\"https:\\\/\\\/inclusivenews.com.br\\\/#website\"},\"primaryImageOfPage\":{\"@id\":\"https:\\\/\\\/inclusivenews.com.br\\\/?p=29391#primaryimage\"},\"image\":{\"@id\":\"https:\\\/\\\/inclusivenews.com.br\\\/?p=29391#primaryimage\"},\"thumbnailUrl\":\"http:\\\/\\\/inclusivenews.com.br\\\/wp-content\\\/uploads\\\/2009\\\/11\\\/ONU-BRASIL.jpg\",\"datePublished\":\"2016-05-22T17:48:15+00:00\",\"breadcrumb\":{\"@id\":\"https:\\\/\\\/inclusivenews.com.br\\\/?p=29391#breadcrumb\"},\"inLanguage\":\"pt-PT\",\"potentialAction\":[{\"@type\":\"ReadAction\",\"target\":[\"https:\\\/\\\/inclusivenews.com.br\\\/?p=29391\"]}]},{\"@type\":\"ImageObject\",\"inLanguage\":\"pt-PT\",\"@id\":\"https:\\\/\\\/inclusivenews.com.br\\\/?p=29391#primaryimage\",\"url\":\"https:\\\/\\\/inclusivenews.com.br\\\/wp-content\\\/uploads\\\/2009\\\/11\\\/ONU-BRASIL.jpg\",\"contentUrl\":\"https:\\\/\\\/inclusivenews.com.br\\\/wp-content\\\/uploads\\\/2009\\\/11\\\/ONU-BRASIL.jpg\",\"width\":204,\"height\":174},{\"@type\":\"BreadcrumbList\",\"@id\":\"https:\\\/\\\/inclusivenews.com.br\\\/?p=29391#breadcrumb\",\"itemListElement\":[{\"@type\":\"ListItem\",\"position\":1,\"name\":\"In\u00edcio\",\"item\":\"https:\\\/\\\/inclusivenews.com.br\\\/\"},{\"@type\":\"ListItem\",\"position\":2,\"name\":\"ONU convida sociedade civil a contribuir com estudo global\"}]},{\"@type\":\"WebSite\",\"@id\":\"https:\\\/\\\/inclusivenews.com.br\\\/#website\",\"url\":\"https:\\\/\\\/inclusivenews.com.br\\\/\",\"name\":\"Inclusive News\",\"description\":\"Inclusive News\",\"publisher\":{\"@id\":\"https:\\\/\\\/inclusivenews.com.br\\\/#organization\"},\"potentialAction\":[{\"@type\":\"SearchAction\",\"target\":{\"@type\":\"EntryPoint\",\"urlTemplate\":\"https:\\\/\\\/inclusivenews.com.br\\\/?s={search_term_string}\"},\"query-input\":{\"@type\":\"PropertyValueSpecification\",\"valueRequired\":true,\"valueName\":\"search_term_string\"}}],\"inLanguage\":\"pt-PT\"},{\"@type\":\"Organization\",\"@id\":\"https:\\\/\\\/inclusivenews.com.br\\\/#organization\",\"name\":\"Inclusive - inclus\u00e3o e cidadania\",\"url\":\"https:\\\/\\\/inclusivenews.com.br\\\/\",\"logo\":{\"@type\":\"ImageObject\",\"inLanguage\":\"pt-PT\",\"@id\":\"https:\\\/\\\/inclusivenews.com.br\\\/#\\\/schema\\\/logo\\\/image\\\/\",\"url\":\"https:\\\/\\\/inclusivenews.com.br\\\/wp-content\\\/uploads\\\/2024\\\/03\\\/@grandesite.png\",\"contentUrl\":\"https:\\\/\\\/inclusivenews.com.br\\\/wp-content\\\/uploads\\\/2024\\\/03\\\/@grandesite.png\",\"width\":1080,\"height\":1080,\"caption\":\"Inclusive - inclus\u00e3o e cidadania\"},\"image\":{\"@id\":\"https:\\\/\\\/inclusivenews.com.br\\\/#\\\/schema\\\/logo\\\/image\\\/\"},\"sameAs\":[\"https:\\\/\\\/www.facebook.com\\\/agenciainclusive\\\/\",\"https:\\\/\\\/www.instagram.com\\\/newsinclusive\\\/\"]},{\"@type\":\"Person\",\"@id\":\"https:\\\/\\\/inclusivenews.com.br\\\/#\\\/schema\\\/person\\\/ae4ec7087559b8692fb33b6fffd2273b\",\"name\":\"inclusivenews2024\",\"image\":{\"@type\":\"ImageObject\",\"inLanguage\":\"pt-PT\",\"@id\":\"https:\\\/\\\/secure.gravatar.com\\\/avatar\\\/c5a7ef84c66fa914f55bc4f7ce26cfa275a3b9a1c5568b907bd184fb4dde7b40?s=96&d=mm&r=g\",\"url\":\"https:\\\/\\\/secure.gravatar.com\\\/avatar\\\/c5a7ef84c66fa914f55bc4f7ce26cfa275a3b9a1c5568b907bd184fb4dde7b40?s=96&d=mm&r=g\",\"contentUrl\":\"https:\\\/\\\/secure.gravatar.com\\\/avatar\\\/c5a7ef84c66fa914f55bc4f7ce26cfa275a3b9a1c5568b907bd184fb4dde7b40?s=96&d=mm&r=g\",\"caption\":\"inclusivenews2024\"},\"sameAs\":[\"https:\\\/\\\/inclusivenews.com.br\"],\"url\":\"https:\\\/\\\/inclusivenews.com.br\\\/?author=1\"}]}<\/script>\n<!-- \/ Yoast SEO plugin. -->","yoast_head_json":{"title":"ONU convida sociedade civil a contribuir com estudo global -","robots":{"index":"index","follow":"follow","max-snippet":"max-snippet:-1","max-image-preview":"max-image-preview:large","max-video-preview":"max-video-preview:-1"},"canonical":"https:\/\/inclusivenews.com.br\/?p=29391","og_locale":"pt_PT","og_type":"article","og_title":"ONU convida sociedade civil a contribuir com estudo global -","og_description":"Prazo \u00e9 dia 30 de junho.","og_url":"https:\/\/inclusivenews.com.br\/?p=29391","article_publisher":"https:\/\/www.facebook.com\/agenciainclusive\/","article_published_time":"2016-05-22T17:48:15+00:00","og_image":[{"url":"http:\/\/inclusivenews.com.br\/wp-content\/uploads\/2009\/11\/ONU-BRASIL.jpg","type":"","width":"","height":""}],"author":"inclusivenews2024","twitter_card":"summary_large_image","twitter_misc":{"Escrito por":"inclusivenews2024","Tempo estimado de leitura":"2 minutos"},"schema":{"@context":"https:\/\/schema.org","@graph":[{"@type":"Article","@id":"https:\/\/inclusivenews.com.br\/?p=29391#article","isPartOf":{"@id":"https:\/\/inclusivenews.com.br\/?p=29391"},"author":{"name":"inclusivenews2024","@id":"https:\/\/inclusivenews.com.br\/#\/schema\/person\/ae4ec7087559b8692fb33b6fffd2273b"},"headline":"ONU convida sociedade civil a contribuir com estudo global","datePublished":"2016-05-22T17:48:15+00:00","mainEntityOfPage":{"@id":"https:\/\/inclusivenews.com.br\/?p=29391"},"wordCount":451,"commentCount":0,"publisher":{"@id":"https:\/\/inclusivenews.com.br\/#organization"},"image":{"@id":"https:\/\/inclusivenews.com.br\/?p=29391#primaryimage"},"thumbnailUrl":"http:\/\/inclusivenews.com.br\/wp-content\/uploads\/2009\/11\/ONU-BRASIL.jpg","articleSection":["ACESSIBILIDADE","Conven\u00e7\u00e3o","Defici\u00eancia","DIREITOS HUMANOS","INCLUS\u00c3O SOCIAL","Legisla\u00e7\u00e3o ...","Pol\u00edticas p\u00fablicas"],"inLanguage":"pt-PT","potentialAction":[{"@type":"CommentAction","name":"Comment","target":["https:\/\/inclusivenews.com.br\/?p=29391#respond"]}]},{"@type":"WebPage","@id":"https:\/\/inclusivenews.com.br\/?p=29391","url":"https:\/\/inclusivenews.com.br\/?p=29391","name":"ONU convida sociedade civil a contribuir com estudo global -","isPartOf":{"@id":"https:\/\/inclusivenews.com.br\/#website"},"primaryImageOfPage":{"@id":"https:\/\/inclusivenews.com.br\/?p=29391#primaryimage"},"image":{"@id":"https:\/\/inclusivenews.com.br\/?p=29391#primaryimage"},"thumbnailUrl":"http:\/\/inclusivenews.com.br\/wp-content\/uploads\/2009\/11\/ONU-BRASIL.jpg","datePublished":"2016-05-22T17:48:15+00:00","breadcrumb":{"@id":"https:\/\/inclusivenews.com.br\/?p=29391#breadcrumb"},"inLanguage":"pt-PT","potentialAction":[{"@type":"ReadAction","target":["https:\/\/inclusivenews.com.br\/?p=29391"]}]},{"@type":"ImageObject","inLanguage":"pt-PT","@id":"https:\/\/inclusivenews.com.br\/?p=29391#primaryimage","url":"https:\/\/inclusivenews.com.br\/wp-content\/uploads\/2009\/11\/ONU-BRASIL.jpg","contentUrl":"https:\/\/inclusivenews.com.br\/wp-content\/uploads\/2009\/11\/ONU-BRASIL.jpg","width":204,"height":174},{"@type":"BreadcrumbList","@id":"https:\/\/inclusivenews.com.br\/?p=29391#breadcrumb","itemListElement":[{"@type":"ListItem","position":1,"name":"In\u00edcio","item":"https:\/\/inclusivenews.com.br\/"},{"@type":"ListItem","position":2,"name":"ONU convida sociedade civil a contribuir com estudo global"}]},{"@type":"WebSite","@id":"https:\/\/inclusivenews.com.br\/#website","url":"https:\/\/inclusivenews.com.br\/","name":"Inclusive News","description":"Inclusive News","publisher":{"@id":"https:\/\/inclusivenews.com.br\/#organization"},"potentialAction":[{"@type":"SearchAction","target":{"@type":"EntryPoint","urlTemplate":"https:\/\/inclusivenews.com.br\/?s={search_term_string}"},"query-input":{"@type":"PropertyValueSpecification","valueRequired":true,"valueName":"search_term_string"}}],"inLanguage":"pt-PT"},{"@type":"Organization","@id":"https:\/\/inclusivenews.com.br\/#organization","name":"Inclusive - inclus\u00e3o e cidadania","url":"https:\/\/inclusivenews.com.br\/","logo":{"@type":"ImageObject","inLanguage":"pt-PT","@id":"https:\/\/inclusivenews.com.br\/#\/schema\/logo\/image\/","url":"https:\/\/inclusivenews.com.br\/wp-content\/uploads\/2024\/03\/@grandesite.png","contentUrl":"https:\/\/inclusivenews.com.br\/wp-content\/uploads\/2024\/03\/@grandesite.png","width":1080,"height":1080,"caption":"Inclusive - inclus\u00e3o e cidadania"},"image":{"@id":"https:\/\/inclusivenews.com.br\/#\/schema\/logo\/image\/"},"sameAs":["https:\/\/www.facebook.com\/agenciainclusive\/","https:\/\/www.instagram.com\/newsinclusive\/"]},{"@type":"Person","@id":"https:\/\/inclusivenews.com.br\/#\/schema\/person\/ae4ec7087559b8692fb33b6fffd2273b","name":"inclusivenews2024","image":{"@type":"ImageObject","inLanguage":"pt-PT","@id":"https:\/\/secure.gravatar.com\/avatar\/c5a7ef84c66fa914f55bc4f7ce26cfa275a3b9a1c5568b907bd184fb4dde7b40?s=96&d=mm&r=g","url":"https:\/\/secure.gravatar.com\/avatar\/c5a7ef84c66fa914f55bc4f7ce26cfa275a3b9a1c5568b907bd184fb4dde7b40?s=96&d=mm&r=g","contentUrl":"https:\/\/secure.gravatar.com\/avatar\/c5a7ef84c66fa914f55bc4f7ce26cfa275a3b9a1c5568b907bd184fb4dde7b40?s=96&d=mm&r=g","caption":"inclusivenews2024"},"sameAs":["https:\/\/inclusivenews.com.br"],"url":"https:\/\/inclusivenews.com.br\/?author=1"}]}},"_links":{"self":[{"href":"https:\/\/inclusivenews.com.br\/index.php?rest_route=\/wp\/v2\/posts\/29391","targetHints":{"allow":["GET"]}}],"collection":[{"href":"https:\/\/inclusivenews.com.br\/index.php?rest_route=\/wp\/v2\/posts"}],"about":[{"href":"https:\/\/inclusivenews.com.br\/index.php?rest_route=\/wp\/v2\/types\/post"}],"author":[{"embeddable":true,"href":"https:\/\/inclusivenews.com.br\/index.php?rest_route=\/wp\/v2\/users\/1"}],"replies":[{"embeddable":true,"href":"https:\/\/inclusivenews.com.br\/index.php?rest_route=%2Fwp%2Fv2%2Fcomments&post=29391"}],"version-history":[{"count":0,"href":"https:\/\/inclusivenews.com.br\/index.php?rest_route=\/wp\/v2\/posts\/29391\/revisions"}],"wp:attachment":[{"href":"https:\/\/inclusivenews.com.br\/index.php?rest_route=%2Fwp%2Fv2%2Fmedia&parent=29391"}],"wp:term":[{"taxonomy":"category","embeddable":true,"href":"https:\/\/inclusivenews.com.br\/index.php?rest_route=%2Fwp%2Fv2%2Fcategories&post=29391"},{"taxonomy":"post_tag","embeddable":true,"href":"https:\/\/inclusivenews.com.br\/index.php?rest_route=%2Fwp%2Fv2%2Ftags&post=29391"}],"curies":[{"name":"wp","href":"https:\/\/api.w.org\/{rel}","templated":true}]}}