{"id":29544,"date":"2016-06-20T13:22:21","date_gmt":"2016-06-20T16:22:21","guid":{"rendered":"http:\/\/www.inclusive.org.br\/?p=29544"},"modified":"2016-06-20T13:22:21","modified_gmt":"2016-06-20T16:22:21","slug":"acessebiblidade-em-ilha-pura-e-os-jogos-rio-2016","status":"publish","type":"post","link":"https:\/\/inclusivenews.com.br\/?p=29544","title":{"rendered":"Acessibilidade em Ilha Pura e os Jogos Rio 2016"},"content":{"rendered":"<p><img loading=\"lazy\" decoding=\"async\" class=\"alignnone\" title=\"Uma pessoa vista apenas das pernas para baixo sobre um piso t\u00e1til.\" src=\"https:\/\/encrypted-tbn2.gstatic.com\/images?q=tbn:ANd9GcSpGOTWukbGj20eICvRyqGu4Q1QcW9pOe2FqRlyQ8uUV1JNr9r4\" alt=\"Uma pessoa vista apenas das pernas para baixo sobre um piso t\u00e1til.\" width=\"259\" height=\"194\" \/><\/p>\n<p>A Vila dos Atletas dos Jogos Rio 2016, a Ilha Pura, foi concebida, em todos seus detalhes, para que oferecesse acessibilidade plena \u00e0s pessoas com defici\u00eancia. O empreendimento, o mais novo bairro planejado e sustent\u00e1vel do Rio de Janeiro, conta com 31 edif\u00edcios com apartamentos de quatro, tr\u00eas e dois quartos adaptados para inclus\u00e3o de toda a popula\u00e7\u00e3o.<\/p>\n<p>Entre os diferenciais de acessibilidade est\u00e3o portas mais largas, que t\u00eam 80 cent\u00edmetros de largura enquanto o padr\u00e3o da constru\u00e7\u00e3o imobili\u00e1ria \u00e9 de 70 cent\u00edmetros; chuveiros mais altos, com 2,20 metros de altura; banheiros adaptados; amplos corredores, com 90 cent\u00edmetros de largura &#8211; 10 a mais do que o padr\u00e3o -; sinaliza\u00e7\u00e3o em braile e avisos sonoros nos elevadores que, por sua vez, tamb\u00e9m s\u00e3o maiores e t\u00eam a capacidade de receber at\u00e9 duas cadeiras de rodas simultaneamente. Al\u00e9m disso, todo o complexo foi projetado para atender aos portadores de necessidades especiais, com rampas de acesso presentes nos condom\u00ednios, nas piscinas e no parque.<\/p>\n<p>A Ilha Pura foi projetada para garantir seguran\u00e7a, conforto e acessibilidade irrestrita dos atletas, durante os Jogos Rio 2016, e de seus futuros moradores. Durante a maior competi\u00e7\u00e3o esportiva do mundo, o local receber\u00e1, aproximadamente, 18 mil atletas ol\u00edmpicos, sendo que 4.500 deles s\u00e3o competidores paral\u00edmpicos. De acordo com dados de agosto de 2015 do IBGE (Instituto Brasileiro de Geografia e Estat\u00edstica), 6,2% da popula\u00e7\u00e3o brasileira tem algum tipo de defici\u00eancia. A necessidade de \u00e1reas preparadas para receber esse p\u00fablico, n\u00e3o somente durante as Olimp\u00edadas, \u00e9 primordial e foi tratada com prioridade na constru\u00e7\u00e3o do novo bairro. A quest\u00e3o da inclus\u00e3o \u00e9 uma preocupa\u00e7\u00e3o compartilhada por Georgette Vidor, coordenadora da Sele\u00e7\u00e3o Brasileira Feminina de Gin\u00e1stica Art\u00edstica, que conheceu a futura Vila dos Atletas e p\u00f4de verificar de perto os recursos de acessibilidade oferecidos no local.<\/p>\n<p>&#8220;J\u00e1 estive em tr\u00eas Olimp\u00edadas e preparei atletas para outras duas. Tenho certeza que iremos impressionar daqui a cerca de setenta dias, quando os atletas estiverem chegando ao Rio. Essa \u00e9 a melhor e mais bonita Vila dos Atletas que tive a oportunidade de conhecer. Al\u00e9m disso, a mais acess\u00edvel para as pessoas com defici\u00eancia. Acredito que uma vila dessa qualidade contribui para a performance dos atletas nos Jogos&#8221;, destaca Georgette. Os futuros moradores da Ilha Pura que tenham algum tipo de defici\u00eancia poder\u00e3o solicitar que seja mantida a estrutura acess\u00edvel e existente nos apartamentos adaptados que foram constru\u00eddos de acordo com o caderno de encargos do Comit\u00ea Ol\u00edmpico Internacional.<\/p>\n<p>\u201cEsses moradores poder\u00e3o ser beneficiados com a infraestrutura pronta para atend\u00ea-los, caso seja de sua prefer\u00eancia. O empreendimento traz um diferencial para a vida das pessoas que buscam qualidade de vida e sabemos que a acessibilidade \u00e9 fundamental para essa conquista. Trata-se de um bairro de alto padr\u00e3o, que prioriza uma multiplicidade de facilidades que re\u00fane moradia, servi\u00e7os e entretenimento\u201d, ressalta Mauricio Cruz Lopes, Diretor-geral do empreendimento. A Ilha Pura ser\u00e1 um bairro totalmente planejado, adaptado e com um parque p\u00fablico de 72 mil metros quadrados, com projeto de paisagismo assinado pelo escrit\u00f3rio Burle Marx. O empreendimento contempla duas alamedas de edif\u00edcios, lagos e \u00e1reas de contempla\u00e7\u00e3o e conviv\u00eancia.<\/p>\n","protected":false},"excerpt":{"rendered":"<p>A Vila dos Atletas dos Jogos Rio 2016, a Ilha Pura, foi concebida, em todos seus detalhes, para que oferecesse acessibilidade plena \u00e0s pessoas com defici\u00eancia. O empreendimento, o mais novo bairro planejado e sustent\u00e1vel do Rio de Janeiro, conta com 31 edif\u00edcios com apartamentos de quatro, tr\u00eas e dois quartos adaptados para inclus\u00e3o de toda a popula\u00e7\u00e3o.<\/p>\n","protected":false},"author":1,"featured_media":0,"comment_status":"open","ping_status":"open","sticky":false,"template":"","format":"standard","meta":{"site-container-style":"default","site-container-layout":"default","site-sidebar-layout":"default","disable-article-header":"default","disable-site-header":"default","disable-site-footer":"default","disable-content-area-spacing":"default","footnotes":""},"categories":[27,48,376],"tags":[89,328],"class_list":["post-29544","post","type-post","status-publish","format-standard","hentry","category-esporte","category-inclusao","category-showz","tag-acessibilidade","tag-jogos-paralimpicos"],"yoast_head":"<!-- This site is optimized with the Yoast SEO plugin v27.4 - https:\/\/yoast.com\/product\/yoast-seo-wordpress\/ -->\n<title>Acessibilidade em Ilha Pura e os Jogos Rio 2016 -<\/title>\n<meta name=\"robots\" content=\"index, follow, max-snippet:-1, max-image-preview:large, max-video-preview:-1\" \/>\n<link rel=\"canonical\" href=\"https:\/\/inclusivenews.com.br\/?p=29544\" \/>\n<meta property=\"og:locale\" content=\"pt_PT\" \/>\n<meta property=\"og:type\" content=\"article\" \/>\n<meta property=\"og:title\" content=\"Acessibilidade em Ilha Pura e os Jogos Rio 2016 -\" \/>\n<meta property=\"og:description\" content=\"A Vila dos Atletas dos Jogos Rio 2016, a Ilha Pura, foi concebida, em todos seus detalhes, para que oferecesse acessibilidade plena \u00e0s pessoas com defici\u00eancia. O empreendimento, o mais novo bairro planejado e sustent\u00e1vel do Rio de Janeiro, conta com 31 edif\u00edcios com apartamentos de quatro, tr\u00eas e dois quartos adaptados para inclus\u00e3o de toda a popula\u00e7\u00e3o.\" \/>\n<meta property=\"og:url\" content=\"https:\/\/inclusivenews.com.br\/?p=29544\" \/>\n<meta property=\"article:publisher\" content=\"https:\/\/www.facebook.com\/agenciainclusive\/\" \/>\n<meta property=\"article:published_time\" content=\"2016-06-20T16:22:21+00:00\" \/>\n<meta property=\"og:image\" content=\"https:\/\/encrypted-tbn2.gstatic.com\/images?q=tbn:ANd9GcSpGOTWukbGj20eICvRyqGu4Q1QcW9pOe2FqRlyQ8uUV1JNr9r4\" \/>\n<meta name=\"author\" content=\"inclusivenews2024\" \/>\n<meta name=\"twitter:card\" content=\"summary_large_image\" \/>\n<meta name=\"twitter:label1\" content=\"Escrito por\" \/>\n\t<meta name=\"twitter:data1\" content=\"inclusivenews2024\" \/>\n\t<meta name=\"twitter:label2\" content=\"Tempo estimado de leitura\" \/>\n\t<meta name=\"twitter:data2\" content=\"3 minutos\" \/>\n<script type=\"application\/ld+json\" class=\"yoast-schema-graph\">{\"@context\":\"https:\\\/\\\/schema.org\",\"@graph\":[{\"@type\":\"Article\",\"@id\":\"https:\\\/\\\/inclusivenews.com.br\\\/?p=29544#article\",\"isPartOf\":{\"@id\":\"https:\\\/\\\/inclusivenews.com.br\\\/?p=29544\"},\"author\":{\"name\":\"inclusivenews2024\",\"@id\":\"https:\\\/\\\/inclusivenews.com.br\\\/#\\\/schema\\\/person\\\/ae4ec7087559b8692fb33b6fffd2273b\"},\"headline\":\"Acessibilidade em Ilha Pura e os Jogos Rio 2016\",\"datePublished\":\"2016-06-20T16:22:21+00:00\",\"mainEntityOfPage\":{\"@id\":\"https:\\\/\\\/inclusivenews.com.br\\\/?p=29544\"},\"wordCount\":567,\"commentCount\":0,\"publisher\":{\"@id\":\"https:\\\/\\\/inclusivenews.com.br\\\/#organization\"},\"image\":{\"@id\":\"https:\\\/\\\/inclusivenews.com.br\\\/?p=29544#primaryimage\"},\"thumbnailUrl\":\"https:\\\/\\\/encrypted-tbn2.gstatic.com\\\/images?q=tbn:ANd9GcSpGOTWukbGj20eICvRyqGu4Q1QcW9pOe2FqRlyQ8uUV1JNr9r4\",\"keywords\":[\"Acessibilidade\",\"jogos paral\u00edmpicos\"],\"articleSection\":[\"Esporte\",\"INCLUS\u00c3O SOCIAL\",\"SHOWZ\"],\"inLanguage\":\"pt-PT\",\"potentialAction\":[{\"@type\":\"CommentAction\",\"name\":\"Comment\",\"target\":[\"https:\\\/\\\/inclusivenews.com.br\\\/?p=29544#respond\"]}]},{\"@type\":\"WebPage\",\"@id\":\"https:\\\/\\\/inclusivenews.com.br\\\/?p=29544\",\"url\":\"https:\\\/\\\/inclusivenews.com.br\\\/?p=29544\",\"name\":\"Acessibilidade em Ilha Pura e os Jogos Rio 2016 -\",\"isPartOf\":{\"@id\":\"https:\\\/\\\/inclusivenews.com.br\\\/#website\"},\"primaryImageOfPage\":{\"@id\":\"https:\\\/\\\/inclusivenews.com.br\\\/?p=29544#primaryimage\"},\"image\":{\"@id\":\"https:\\\/\\\/inclusivenews.com.br\\\/?p=29544#primaryimage\"},\"thumbnailUrl\":\"https:\\\/\\\/encrypted-tbn2.gstatic.com\\\/images?q=tbn:ANd9GcSpGOTWukbGj20eICvRyqGu4Q1QcW9pOe2FqRlyQ8uUV1JNr9r4\",\"datePublished\":\"2016-06-20T16:22:21+00:00\",\"breadcrumb\":{\"@id\":\"https:\\\/\\\/inclusivenews.com.br\\\/?p=29544#breadcrumb\"},\"inLanguage\":\"pt-PT\",\"potentialAction\":[{\"@type\":\"ReadAction\",\"target\":[\"https:\\\/\\\/inclusivenews.com.br\\\/?p=29544\"]}]},{\"@type\":\"ImageObject\",\"inLanguage\":\"pt-PT\",\"@id\":\"https:\\\/\\\/inclusivenews.com.br\\\/?p=29544#primaryimage\",\"url\":\"https:\\\/\\\/encrypted-tbn2.gstatic.com\\\/images?q=tbn:ANd9GcSpGOTWukbGj20eICvRyqGu4Q1QcW9pOe2FqRlyQ8uUV1JNr9r4\",\"contentUrl\":\"https:\\\/\\\/encrypted-tbn2.gstatic.com\\\/images?q=tbn:ANd9GcSpGOTWukbGj20eICvRyqGu4Q1QcW9pOe2FqRlyQ8uUV1JNr9r4\"},{\"@type\":\"BreadcrumbList\",\"@id\":\"https:\\\/\\\/inclusivenews.com.br\\\/?p=29544#breadcrumb\",\"itemListElement\":[{\"@type\":\"ListItem\",\"position\":1,\"name\":\"In\u00edcio\",\"item\":\"https:\\\/\\\/inclusivenews.com.br\\\/\"},{\"@type\":\"ListItem\",\"position\":2,\"name\":\"Acessibilidade em Ilha Pura e os Jogos Rio 2016\"}]},{\"@type\":\"WebSite\",\"@id\":\"https:\\\/\\\/inclusivenews.com.br\\\/#website\",\"url\":\"https:\\\/\\\/inclusivenews.com.br\\\/\",\"name\":\"Inclusive News\",\"description\":\"Inclusive News\",\"publisher\":{\"@id\":\"https:\\\/\\\/inclusivenews.com.br\\\/#organization\"},\"potentialAction\":[{\"@type\":\"SearchAction\",\"target\":{\"@type\":\"EntryPoint\",\"urlTemplate\":\"https:\\\/\\\/inclusivenews.com.br\\\/?s={search_term_string}\"},\"query-input\":{\"@type\":\"PropertyValueSpecification\",\"valueRequired\":true,\"valueName\":\"search_term_string\"}}],\"inLanguage\":\"pt-PT\"},{\"@type\":\"Organization\",\"@id\":\"https:\\\/\\\/inclusivenews.com.br\\\/#organization\",\"name\":\"Inclusive - inclus\u00e3o e cidadania\",\"url\":\"https:\\\/\\\/inclusivenews.com.br\\\/\",\"logo\":{\"@type\":\"ImageObject\",\"inLanguage\":\"pt-PT\",\"@id\":\"https:\\\/\\\/inclusivenews.com.br\\\/#\\\/schema\\\/logo\\\/image\\\/\",\"url\":\"https:\\\/\\\/inclusivenews.com.br\\\/wp-content\\\/uploads\\\/2024\\\/03\\\/@grandesite.png\",\"contentUrl\":\"https:\\\/\\\/inclusivenews.com.br\\\/wp-content\\\/uploads\\\/2024\\\/03\\\/@grandesite.png\",\"width\":1080,\"height\":1080,\"caption\":\"Inclusive - inclus\u00e3o e cidadania\"},\"image\":{\"@id\":\"https:\\\/\\\/inclusivenews.com.br\\\/#\\\/schema\\\/logo\\\/image\\\/\"},\"sameAs\":[\"https:\\\/\\\/www.facebook.com\\\/agenciainclusive\\\/\",\"https:\\\/\\\/www.instagram.com\\\/newsinclusive\\\/\"]},{\"@type\":\"Person\",\"@id\":\"https:\\\/\\\/inclusivenews.com.br\\\/#\\\/schema\\\/person\\\/ae4ec7087559b8692fb33b6fffd2273b\",\"name\":\"inclusivenews2024\",\"image\":{\"@type\":\"ImageObject\",\"inLanguage\":\"pt-PT\",\"@id\":\"https:\\\/\\\/secure.gravatar.com\\\/avatar\\\/c5a7ef84c66fa914f55bc4f7ce26cfa275a3b9a1c5568b907bd184fb4dde7b40?s=96&d=mm&r=g\",\"url\":\"https:\\\/\\\/secure.gravatar.com\\\/avatar\\\/c5a7ef84c66fa914f55bc4f7ce26cfa275a3b9a1c5568b907bd184fb4dde7b40?s=96&d=mm&r=g\",\"contentUrl\":\"https:\\\/\\\/secure.gravatar.com\\\/avatar\\\/c5a7ef84c66fa914f55bc4f7ce26cfa275a3b9a1c5568b907bd184fb4dde7b40?s=96&d=mm&r=g\",\"caption\":\"inclusivenews2024\"},\"sameAs\":[\"https:\\\/\\\/inclusivenews.com.br\"],\"url\":\"https:\\\/\\\/inclusivenews.com.br\\\/?author=1\"}]}<\/script>\n<!-- \/ Yoast SEO plugin. -->","yoast_head_json":{"title":"Acessibilidade em Ilha Pura e os Jogos Rio 2016 -","robots":{"index":"index","follow":"follow","max-snippet":"max-snippet:-1","max-image-preview":"max-image-preview:large","max-video-preview":"max-video-preview:-1"},"canonical":"https:\/\/inclusivenews.com.br\/?p=29544","og_locale":"pt_PT","og_type":"article","og_title":"Acessibilidade em Ilha Pura e os Jogos Rio 2016 -","og_description":"A Vila dos Atletas dos Jogos Rio 2016, a Ilha Pura, foi concebida, em todos seus detalhes, para que oferecesse acessibilidade plena \u00e0s pessoas com defici\u00eancia. O empreendimento, o mais novo bairro planejado e sustent\u00e1vel do Rio de Janeiro, conta com 31 edif\u00edcios com apartamentos de quatro, tr\u00eas e dois quartos adaptados para inclus\u00e3o de toda a popula\u00e7\u00e3o.","og_url":"https:\/\/inclusivenews.com.br\/?p=29544","article_publisher":"https:\/\/www.facebook.com\/agenciainclusive\/","article_published_time":"2016-06-20T16:22:21+00:00","og_image":[{"url":"https:\/\/encrypted-tbn2.gstatic.com\/images?q=tbn:ANd9GcSpGOTWukbGj20eICvRyqGu4Q1QcW9pOe2FqRlyQ8uUV1JNr9r4","type":"","width":"","height":""}],"author":"inclusivenews2024","twitter_card":"summary_large_image","twitter_misc":{"Escrito por":"inclusivenews2024","Tempo estimado de leitura":"3 minutos"},"schema":{"@context":"https:\/\/schema.org","@graph":[{"@type":"Article","@id":"https:\/\/inclusivenews.com.br\/?p=29544#article","isPartOf":{"@id":"https:\/\/inclusivenews.com.br\/?p=29544"},"author":{"name":"inclusivenews2024","@id":"https:\/\/inclusivenews.com.br\/#\/schema\/person\/ae4ec7087559b8692fb33b6fffd2273b"},"headline":"Acessibilidade em Ilha Pura e os Jogos Rio 2016","datePublished":"2016-06-20T16:22:21+00:00","mainEntityOfPage":{"@id":"https:\/\/inclusivenews.com.br\/?p=29544"},"wordCount":567,"commentCount":0,"publisher":{"@id":"https:\/\/inclusivenews.com.br\/#organization"},"image":{"@id":"https:\/\/inclusivenews.com.br\/?p=29544#primaryimage"},"thumbnailUrl":"https:\/\/encrypted-tbn2.gstatic.com\/images?q=tbn:ANd9GcSpGOTWukbGj20eICvRyqGu4Q1QcW9pOe2FqRlyQ8uUV1JNr9r4","keywords":["Acessibilidade","jogos paral\u00edmpicos"],"articleSection":["Esporte","INCLUS\u00c3O SOCIAL","SHOWZ"],"inLanguage":"pt-PT","potentialAction":[{"@type":"CommentAction","name":"Comment","target":["https:\/\/inclusivenews.com.br\/?p=29544#respond"]}]},{"@type":"WebPage","@id":"https:\/\/inclusivenews.com.br\/?p=29544","url":"https:\/\/inclusivenews.com.br\/?p=29544","name":"Acessibilidade em Ilha Pura e os Jogos Rio 2016 -","isPartOf":{"@id":"https:\/\/inclusivenews.com.br\/#website"},"primaryImageOfPage":{"@id":"https:\/\/inclusivenews.com.br\/?p=29544#primaryimage"},"image":{"@id":"https:\/\/inclusivenews.com.br\/?p=29544#primaryimage"},"thumbnailUrl":"https:\/\/encrypted-tbn2.gstatic.com\/images?q=tbn:ANd9GcSpGOTWukbGj20eICvRyqGu4Q1QcW9pOe2FqRlyQ8uUV1JNr9r4","datePublished":"2016-06-20T16:22:21+00:00","breadcrumb":{"@id":"https:\/\/inclusivenews.com.br\/?p=29544#breadcrumb"},"inLanguage":"pt-PT","potentialAction":[{"@type":"ReadAction","target":["https:\/\/inclusivenews.com.br\/?p=29544"]}]},{"@type":"ImageObject","inLanguage":"pt-PT","@id":"https:\/\/inclusivenews.com.br\/?p=29544#primaryimage","url":"https:\/\/encrypted-tbn2.gstatic.com\/images?q=tbn:ANd9GcSpGOTWukbGj20eICvRyqGu4Q1QcW9pOe2FqRlyQ8uUV1JNr9r4","contentUrl":"https:\/\/encrypted-tbn2.gstatic.com\/images?q=tbn:ANd9GcSpGOTWukbGj20eICvRyqGu4Q1QcW9pOe2FqRlyQ8uUV1JNr9r4"},{"@type":"BreadcrumbList","@id":"https:\/\/inclusivenews.com.br\/?p=29544#breadcrumb","itemListElement":[{"@type":"ListItem","position":1,"name":"In\u00edcio","item":"https:\/\/inclusivenews.com.br\/"},{"@type":"ListItem","position":2,"name":"Acessibilidade em Ilha Pura e os Jogos Rio 2016"}]},{"@type":"WebSite","@id":"https:\/\/inclusivenews.com.br\/#website","url":"https:\/\/inclusivenews.com.br\/","name":"Inclusive News","description":"Inclusive News","publisher":{"@id":"https:\/\/inclusivenews.com.br\/#organization"},"potentialAction":[{"@type":"SearchAction","target":{"@type":"EntryPoint","urlTemplate":"https:\/\/inclusivenews.com.br\/?s={search_term_string}"},"query-input":{"@type":"PropertyValueSpecification","valueRequired":true,"valueName":"search_term_string"}}],"inLanguage":"pt-PT"},{"@type":"Organization","@id":"https:\/\/inclusivenews.com.br\/#organization","name":"Inclusive - inclus\u00e3o e cidadania","url":"https:\/\/inclusivenews.com.br\/","logo":{"@type":"ImageObject","inLanguage":"pt-PT","@id":"https:\/\/inclusivenews.com.br\/#\/schema\/logo\/image\/","url":"https:\/\/inclusivenews.com.br\/wp-content\/uploads\/2024\/03\/@grandesite.png","contentUrl":"https:\/\/inclusivenews.com.br\/wp-content\/uploads\/2024\/03\/@grandesite.png","width":1080,"height":1080,"caption":"Inclusive - inclus\u00e3o e cidadania"},"image":{"@id":"https:\/\/inclusivenews.com.br\/#\/schema\/logo\/image\/"},"sameAs":["https:\/\/www.facebook.com\/agenciainclusive\/","https:\/\/www.instagram.com\/newsinclusive\/"]},{"@type":"Person","@id":"https:\/\/inclusivenews.com.br\/#\/schema\/person\/ae4ec7087559b8692fb33b6fffd2273b","name":"inclusivenews2024","image":{"@type":"ImageObject","inLanguage":"pt-PT","@id":"https:\/\/secure.gravatar.com\/avatar\/c5a7ef84c66fa914f55bc4f7ce26cfa275a3b9a1c5568b907bd184fb4dde7b40?s=96&d=mm&r=g","url":"https:\/\/secure.gravatar.com\/avatar\/c5a7ef84c66fa914f55bc4f7ce26cfa275a3b9a1c5568b907bd184fb4dde7b40?s=96&d=mm&r=g","contentUrl":"https:\/\/secure.gravatar.com\/avatar\/c5a7ef84c66fa914f55bc4f7ce26cfa275a3b9a1c5568b907bd184fb4dde7b40?s=96&d=mm&r=g","caption":"inclusivenews2024"},"sameAs":["https:\/\/inclusivenews.com.br"],"url":"https:\/\/inclusivenews.com.br\/?author=1"}]}},"_links":{"self":[{"href":"https:\/\/inclusivenews.com.br\/index.php?rest_route=\/wp\/v2\/posts\/29544","targetHints":{"allow":["GET"]}}],"collection":[{"href":"https:\/\/inclusivenews.com.br\/index.php?rest_route=\/wp\/v2\/posts"}],"about":[{"href":"https:\/\/inclusivenews.com.br\/index.php?rest_route=\/wp\/v2\/types\/post"}],"author":[{"embeddable":true,"href":"https:\/\/inclusivenews.com.br\/index.php?rest_route=\/wp\/v2\/users\/1"}],"replies":[{"embeddable":true,"href":"https:\/\/inclusivenews.com.br\/index.php?rest_route=%2Fwp%2Fv2%2Fcomments&post=29544"}],"version-history":[{"count":0,"href":"https:\/\/inclusivenews.com.br\/index.php?rest_route=\/wp\/v2\/posts\/29544\/revisions"}],"wp:attachment":[{"href":"https:\/\/inclusivenews.com.br\/index.php?rest_route=%2Fwp%2Fv2%2Fmedia&parent=29544"}],"wp:term":[{"taxonomy":"category","embeddable":true,"href":"https:\/\/inclusivenews.com.br\/index.php?rest_route=%2Fwp%2Fv2%2Fcategories&post=29544"},{"taxonomy":"post_tag","embeddable":true,"href":"https:\/\/inclusivenews.com.br\/index.php?rest_route=%2Fwp%2Fv2%2Ftags&post=29544"}],"curies":[{"name":"wp","href":"https:\/\/api.w.org\/{rel}","templated":true}]}}