{"id":29547,"date":"2016-06-21T03:43:17","date_gmt":"2016-06-21T06:43:17","guid":{"rendered":"http:\/\/www.inclusive.org.br\/?p=29547"},"modified":"2016-06-21T03:43:17","modified_gmt":"2016-06-21T06:43:17","slug":"acessibilidade-como-condicao-vagas-reservadas-e-a-decisao-do-tst","status":"publish","type":"post","link":"https:\/\/inclusivenews.com.br\/?p=29547","title":{"rendered":"Acessibilidade como condi\u00e7\u00e3o: vagas reservadas e a decis\u00e3o do TST"},"content":{"rendered":"<figure id=\"attachment_18423\" aria-describedby=\"caption-attachment-18423\" style=\"width: 301px\" class=\"wp-caption alignnone\"><img loading=\"lazy\" decoding=\"async\" class=\" wp-image-18423\" src=\"http:\/\/inclusivenews.com.br\/wp-content\/uploads\/2011\/02\/mulher-e-trabalho.jpg\" alt=\"M\u00e3o feminina segurando carteira de trabalho\" width=\"301\" height=\"228\" \/><figcaption id=\"caption-attachment-18423\" class=\"wp-caption-text\">M\u00e3o feminina segurando carteira de trabalho<\/figcaption><\/figure>\n<p>&nbsp;<\/p>\n<p>Por Luiz Alberto David Ara\u00fajo e\u00a0Adriana Romero de Almeida Prado<\/p>\n<p>Esse pequeno escrito \u00e9 uma colabora\u00e7\u00e3o para o tema apresentado pelos ilustres Maur\u00edcio de Figueiredo Corr\u00eaa da Veiga e Luciano Andrade Pinheiro, publicado pelo Conjur no dia 6.6.26, na coluna \u201cOpini\u00e3o\u201d.<\/p>\n<p>O tema da coluna comentada \u00e9 \u201c<b>TST pacifica quest\u00e3o do preenchimento de cota de pessoas com defici\u00eancia<\/b>.\u201d<\/p>\n<p>N\u00e3o se pretende aqui criticar as raz\u00f5es expostas pelos ilustres autores. E nem tampouco afirmar que o dever de contratar pessoas com defici\u00eancia ficou esvaziado com a decis\u00e3o do Tribunal Superior do Trabalho. O dever de contratar e de obedecer \u00e0 lei est\u00e1 caracterizado e consolidado. A decis\u00e3o teve car\u00e1ter excepcional e n\u00e3o isentou a empresa de cumprir o seu dever.<\/p>\n<p>No julgado, est\u00e1 claro que a pessoa com defici\u00eancia tem vagas reservadas e que o dever da empresa continua vigente.<\/p>\n<p>O Tribunal Superior do Trabalho e todas as partes, no entanto, ao julgar o tema, olvidaram-se de um ponto primordial que agora \u00e9 aqui trazido: a acessibilidade. Acessibilidade \u00e9 condi\u00e7\u00e3o de procedimento.<\/p>\n<p>Desde logo, \u00e9 preciso esclarecer que as empresas devem ter seus espa\u00e7os, mobili\u00e1rios e equipamentos acess\u00edveis, ou seja, devem cumprir todos os requisitos de acessibilidade. Isso decorre de diversos diplomas legais e do esgotamento de todos os prazos. Podemos assinalar a Lei 10.098-2000, o decreto regulamentar 5296-2004, que concedeu prazo de at\u00e9 48 meses para a adapta\u00e7\u00e3o. E os im\u00f3veis novos j\u00e1 seriam todos acess\u00edveis, nos dizeres da lei.<\/p>\n<p>Portanto, a empresa, em qualquer de seus espa\u00e7os (supermercados, lojas, escrit\u00f3rios, f\u00e1bricas, dentre outros espa\u00e7os) deveria ser acess\u00edvel.<\/p>\n<p>Acessibilidade \u00e9 um direito fundamental instrumental para todas as pessoas, especialmente para esse grupo vulner\u00e1vel.<\/p>\n<p>Assim, direito ao trabalho e direito \u00e0 acessibilidade est\u00e3o juntos. N\u00e3o se pode imaginar oferecer trabalho em um ambiente (espa\u00e7os, mobili\u00e1rios e equipamentos) n\u00e3o acess\u00edvel para uma pessoa com defici\u00eancia.<\/p>\n<p>Como se pode garantir o direito \u00e0 sa\u00fade desse grupo de pessoas, se as cl\u00ednicas e os hospitais n\u00e3o s\u00e3o acess\u00edveis? Como garantir o direito \u00e0 educa\u00e7\u00e3o, se as escolas n\u00e3o s\u00e3o acess\u00edveis? E como se chegar ao hospital, \u00e0 cl\u00ednica, se o transporte n\u00e3o \u00e9 acess\u00edvel? Por isso, \u00e9 um direito fundamental instrumental: ele viabiliza outros direitos.<\/p>\n<p>Se o dever de acessibilidade j\u00e1 deveria ter sido cumprido, como imaginar que uma empresa ofere\u00e7a um emprego sem que esteja acess\u00edvel?<\/p>\n<p>Que utilidade teria o esfor\u00e7o de uma empresa oferecendo empregos, procurando cumprir a cota legal, se ela n\u00e3o tem acessibilidade? Que efetividade essa oferta teria?<\/p>\n<p>O tema da acessibilidade, \u00e9 claro, n\u00e3o se resume \u00e0 rampa na entrada ou banheiro adaptado, conforme a norma de acessibilidade. Isso seria uma an\u00e1lise muito simplista. Acessibilidade compreenderia um conjunto de informa\u00e7\u00f5es, ajustes arquitet\u00f4nicos, todos com base no desenho universal (um desenho que considera as necessidades de todas as pessoas). Apenas para mencionar, a empresa necessita garantir \u00e0s pessoas em cadeira de rodas ou com dificuldade de ambular, circular por todos os andares; colocar piso t\u00e1til de alerta nas escadas e rampas, no m\u00ednimo, para orientar a pessoa com baixa vis\u00e3o e cega; dotar os espa\u00e7os de comunica\u00e7\u00e3o (LIBRAS) e sinaliza\u00e7\u00e3o de orienta\u00e7\u00e3o para os surdos e para as pessoas com defici\u00eancia intelectual, al\u00e9m de ajustes nos equipamentos. Tudo isto se aplica \u00e0s lojas, aos escrit\u00f3rios, \u00e0s f\u00e1bricas, aos supermercados. Estamos falando de meio ambiente do trabalho. E meio ambiente do trabalho legal, qual seja, o acess\u00edvel.<\/p>\n<p>Quando o Tribunal Superior do Trabalho analisou a quest\u00e3o deveria, antes de qualquer coisa, atentar se a empresa havia atendido \u00e0s exig\u00eancias contidas na lei, no decreto (j\u00e1 citados) e na ABNT NBR 9050:2015 (Acessibilidade a edifica\u00e7\u00f5es, mobili\u00e1rio, espa\u00e7os e equipamentos urbanos). Ou verificar se o TRT ou mesmo o ju\u00edzo de primeiro grau atentou a tal fato. Ou melhor, o MM. Ju\u00edzo de primeira inst\u00e2ncia deveria atentar se a empresa era acess\u00edvel. O Minist\u00e9rio P\u00fablico do Trabalho deveria atentar se a empresa era acess\u00edvel. Se n\u00e3o for acess\u00edvel, como pode oferecer (validamente, de forma real e sincera) empregos para pessoas com defici\u00eancia?<\/p>\n<p>A fiscaliza\u00e7\u00e3o do meio ambiente do trabalho deveria ser feita por quem tem compet\u00eancia para tanto: a Uni\u00e3o Federal, por suas mais variadas vias. A fiscaliza\u00e7\u00e3o deveria ocorrer como rotina, pois envolve o meio ambiente do trabalho. O Sindicato deveria cuidar disso. O Minist\u00e9rio P\u00fablico do Trabalho deveria cuidar do ambiente do trabalho. Enfim, h\u00e1 v\u00e1rias formas de verificar se o meio ambiente do trabalho est\u00e1 atendendo \u00e0s disposi\u00e7\u00f5es legais. E acessibilidade est\u00e1 ligada ao meio ambiente do trabalho.<\/p>\n<p>Sempre com o devido respeito, como imaginar o an\u00fancio para um posto de trabalho que n\u00e3o \u00e9 acess\u00edvel?<\/p>\n<p>Que utilidade teria um an\u00fancio convidando um cadeirante para um lugar n\u00e3o acess\u00edvel? E, pior, sem transporte acess\u00edvel! Ou um cego? Envidamos esfor\u00e7os, pode algu\u00e9m dizer. Mas que tipo de esfor\u00e7o, se o seu ambiente n\u00e3o \u00e9 convidativo \u00e0 pessoa com defici\u00eancia?<\/p>\n<p>Primeiramente na discuss\u00e3o, deve-se verificar se a empresa \u00e9 acess\u00edvel. Se for acess\u00edvel \u2013 e isso deve ser objeto de um laudo minucioso que n\u00e3o se limitar\u00e1 a verificar rampas e banheiro adaptado \u2013 ela poder\u00e1 comprovar que ofereceu empregos para as pessoas com defici\u00eancia.<\/p>\n<p>Os esfor\u00e7os anunciados no artigo ora comentado devem ser precedidos de uma an\u00e1lise de acessibilidade. Por que, do contr\u00e1rio, quem se habilitar\u00e1?<\/p>\n<p>Que efic\u00e1cia teria um esfor\u00e7o de uma empresa n\u00e3o acess\u00edvel? Chamar empregados para trabalhar em um meio ambiente n\u00e3o acess\u00edvel?<\/p>\n<p>Quanto ao coment\u00e1rio de que a pessoa com defici\u00eancia deve ser habilitada ao posto, n\u00e3o resta d\u00favida. Em nenhum momento (em nenhum momento mesmo) ningu\u00e9m pretendeu que a pessoa com defici\u00eancia n\u00e3o demonstrasse capacidade para ocupar o posto em quest\u00e3o. A reserva de vagas n\u00e3o \u00e9 uma porta escancarada para a contrata\u00e7\u00e3o (e nem o artigo 37, VIII, da Constitui\u00e7\u00e3o Federal). Portanto, o argumento de que a empresa \u201cajuda\u201d ou colabora com o dever do Estado \u00e9 de todo descartado. O empregado (com ou sem defici\u00eancia) deve ter habilita\u00e7\u00e3o para o cargo. E ponto. Isso (empregar sem habilidade) nunca foi pleito de ningu\u00e9m.<\/p>\n<p>Voltando ao tema da acessibilidade. Comprovado que a empresa \u00e9 acess\u00edvel, por laudo minucioso, comprovado que o empregado poderia, por transporte p\u00fablico ou particular (oferecido pela empresa) chegar ao local de trabalho, ent\u00e3o, a\u00ed sim, poder\u00edamos falar em tentativas reais de contrata\u00e7\u00e3o.<\/p>\n<p>Antes disso, \u00e9 uma tentativa pouco verdadeira. N\u00e3o estamos afirmando que no caso concreto isso acontecia ou n\u00e3o acontecia. Mas deveria acontecer, ou seja, os julgadores n\u00e3o podem deixar de analisar a quest\u00e3o do atendimento \u00e0s exig\u00eancias da acessibilidade antes de decidir tal ponto. Do contr\u00e1rio, seria um convite vazio, um esfor\u00e7o sem qualquer correspond\u00eancia com a realidade normativa.<\/p>\n<p>A quem compete fiscalizar o ambiente do trabalho?<\/p>\n<p>A empresa em quest\u00e3o atendeu aos itens de acessibilidade? Foi feita tal prova? A tese do esfor\u00e7o cairia por terra, porque n\u00e3o seria cr\u00edvel que uma empresa sem acessibilidade oferecesse empregos para pessoas que necessitam de acessibilidade.<\/p>\n<p>N\u00e3o estamos afirmando que era ou n\u00e3o acess\u00edvel, porque n\u00e3o conhecemos o caso concreto. Mas tal an\u00e1lise deveria ser feita antes de se reconhecer, como v\u00e1lido, o esfor\u00e7o da empresa no oferecimento das contrata\u00e7\u00f5es.<\/p>\n<p>A id\u00e9ia do artigo \u00e9 apenas colaborar com a argumenta\u00e7\u00e3o descrita pelos ilustres autores. Mas com essa complementa\u00e7\u00e3o que, imagino, ajudar\u00e1 na defesa da tese do cumprimento da regra de igualdade material, j\u00e1 reconhecida como correta pelo Supremo Tribunal Federal em diversas situa\u00e7\u00f5es. E ensejar\u00e1 os \u00f3rg\u00e3os fiscalizadores no cumprimento da regra da acessibilidade, cujos prazos j\u00e1 est\u00e3o esgotados.<\/p>\n","protected":false},"excerpt":{"rendered":"<p>&nbsp; Por Luiz Alberto David Ara\u00fajo e\u00a0Adriana Romero de Almeida Prado Esse pequeno escrito \u00e9 uma colabora\u00e7\u00e3o para o tema apresentado pelos ilustres Maur\u00edcio de Figueiredo Corr\u00eaa da Veiga e Luciano Andrade Pinheiro, publicado pelo Conjur no dia 6.6.26, na coluna \u201cOpini\u00e3o\u201d. O tema da coluna comentada \u00e9 \u201cTST pacifica quest\u00e3o do preenchimento de cota [&hellip;]<\/p>\n","protected":false},"author":1,"featured_media":0,"comment_status":"open","ping_status":"open","sticky":false,"template":"","format":"standard","meta":{"site-container-style":"default","site-container-layout":"default","site-sidebar-layout":"default","disable-article-header":"default","disable-site-header":"default","disable-site-footer":"default","disable-content-area-spacing":"default","footnotes":""},"categories":[44,5,48,358,26,46],"tags":[],"class_list":["post-29547","post","type-post","status-publish","format-standard","hentry","category-acessibilidade","category-convencao","category-inclusao","category-lei-brasileira-de-inclusao","category-legislacao","category-mercado-de-trabalho"],"yoast_head":"<!-- This site is optimized with the Yoast SEO plugin v27.4 - https:\/\/yoast.com\/product\/yoast-seo-wordpress\/ -->\n<title>Acessibilidade como condi\u00e7\u00e3o: vagas reservadas e a decis\u00e3o do TST -<\/title>\n<meta name=\"robots\" content=\"index, follow, max-snippet:-1, max-image-preview:large, max-video-preview:-1\" \/>\n<link rel=\"canonical\" href=\"https:\/\/inclusivenews.com.br\/?p=29547\" \/>\n<meta property=\"og:locale\" content=\"pt_PT\" \/>\n<meta property=\"og:type\" content=\"article\" \/>\n<meta property=\"og:title\" content=\"Acessibilidade como condi\u00e7\u00e3o: vagas reservadas e a decis\u00e3o do TST -\" \/>\n<meta property=\"og:description\" content=\"&nbsp; Por Luiz Alberto David Ara\u00fajo e\u00a0Adriana Romero de Almeida Prado Esse pequeno escrito \u00e9 uma colabora\u00e7\u00e3o para o tema apresentado pelos ilustres Maur\u00edcio de Figueiredo Corr\u00eaa da Veiga e Luciano Andrade Pinheiro, publicado pelo Conjur no dia 6.6.26, na coluna \u201cOpini\u00e3o\u201d. O tema da coluna comentada \u00e9 \u201cTST pacifica quest\u00e3o do preenchimento de cota [&hellip;]\" \/>\n<meta property=\"og:url\" content=\"https:\/\/inclusivenews.com.br\/?p=29547\" \/>\n<meta property=\"article:publisher\" content=\"https:\/\/www.facebook.com\/agenciainclusive\/\" \/>\n<meta property=\"article:published_time\" content=\"2016-06-21T06:43:17+00:00\" \/>\n<meta property=\"og:image\" content=\"http:\/\/inclusivenews.com.br\/wp-content\/uploads\/2011\/02\/mulher-e-trabalho.jpg\" \/>\n<meta name=\"author\" content=\"inclusivenews2024\" \/>\n<meta name=\"twitter:card\" content=\"summary_large_image\" \/>\n<meta name=\"twitter:label1\" content=\"Escrito por\" \/>\n\t<meta name=\"twitter:data1\" content=\"inclusivenews2024\" \/>\n\t<meta name=\"twitter:label2\" content=\"Tempo estimado de leitura\" \/>\n\t<meta name=\"twitter:data2\" content=\"7 minutos\" \/>\n<script type=\"application\/ld+json\" class=\"yoast-schema-graph\">{\"@context\":\"https:\\\/\\\/schema.org\",\"@graph\":[{\"@type\":\"Article\",\"@id\":\"https:\\\/\\\/inclusivenews.com.br\\\/?p=29547#article\",\"isPartOf\":{\"@id\":\"https:\\\/\\\/inclusivenews.com.br\\\/?p=29547\"},\"author\":{\"name\":\"inclusivenews2024\",\"@id\":\"https:\\\/\\\/inclusivenews.com.br\\\/#\\\/schema\\\/person\\\/ae4ec7087559b8692fb33b6fffd2273b\"},\"headline\":\"Acessibilidade como condi\u00e7\u00e3o: vagas reservadas e a decis\u00e3o do TST\",\"datePublished\":\"2016-06-21T06:43:17+00:00\",\"mainEntityOfPage\":{\"@id\":\"https:\\\/\\\/inclusivenews.com.br\\\/?p=29547\"},\"wordCount\":1386,\"commentCount\":0,\"publisher\":{\"@id\":\"https:\\\/\\\/inclusivenews.com.br\\\/#organization\"},\"image\":{\"@id\":\"https:\\\/\\\/inclusivenews.com.br\\\/?p=29547#primaryimage\"},\"thumbnailUrl\":\"http:\\\/\\\/inclusivenews.com.br\\\/wp-content\\\/uploads\\\/2011\\\/02\\\/mulher-e-trabalho.jpg\",\"articleSection\":[\"ACESSIBILIDADE\",\"Conven\u00e7\u00e3o\",\"INCLUS\u00c3O SOCIAL\",\"LBI\",\"Legisla\u00e7\u00e3o ...\",\"Mercado de Trabalho\"],\"inLanguage\":\"pt-PT\",\"potentialAction\":[{\"@type\":\"CommentAction\",\"name\":\"Comment\",\"target\":[\"https:\\\/\\\/inclusivenews.com.br\\\/?p=29547#respond\"]}]},{\"@type\":\"WebPage\",\"@id\":\"https:\\\/\\\/inclusivenews.com.br\\\/?p=29547\",\"url\":\"https:\\\/\\\/inclusivenews.com.br\\\/?p=29547\",\"name\":\"Acessibilidade como condi\u00e7\u00e3o: vagas reservadas e a decis\u00e3o do TST -\",\"isPartOf\":{\"@id\":\"https:\\\/\\\/inclusivenews.com.br\\\/#website\"},\"primaryImageOfPage\":{\"@id\":\"https:\\\/\\\/inclusivenews.com.br\\\/?p=29547#primaryimage\"},\"image\":{\"@id\":\"https:\\\/\\\/inclusivenews.com.br\\\/?p=29547#primaryimage\"},\"thumbnailUrl\":\"http:\\\/\\\/inclusivenews.com.br\\\/wp-content\\\/uploads\\\/2011\\\/02\\\/mulher-e-trabalho.jpg\",\"datePublished\":\"2016-06-21T06:43:17+00:00\",\"breadcrumb\":{\"@id\":\"https:\\\/\\\/inclusivenews.com.br\\\/?p=29547#breadcrumb\"},\"inLanguage\":\"pt-PT\",\"potentialAction\":[{\"@type\":\"ReadAction\",\"target\":[\"https:\\\/\\\/inclusivenews.com.br\\\/?p=29547\"]}]},{\"@type\":\"ImageObject\",\"inLanguage\":\"pt-PT\",\"@id\":\"https:\\\/\\\/inclusivenews.com.br\\\/?p=29547#primaryimage\",\"url\":\"\",\"contentUrl\":\"\"},{\"@type\":\"BreadcrumbList\",\"@id\":\"https:\\\/\\\/inclusivenews.com.br\\\/?p=29547#breadcrumb\",\"itemListElement\":[{\"@type\":\"ListItem\",\"position\":1,\"name\":\"In\u00edcio\",\"item\":\"https:\\\/\\\/inclusivenews.com.br\\\/\"},{\"@type\":\"ListItem\",\"position\":2,\"name\":\"Acessibilidade como condi\u00e7\u00e3o: vagas reservadas e a decis\u00e3o do TST\"}]},{\"@type\":\"WebSite\",\"@id\":\"https:\\\/\\\/inclusivenews.com.br\\\/#website\",\"url\":\"https:\\\/\\\/inclusivenews.com.br\\\/\",\"name\":\"Inclusive News\",\"description\":\"Inclusive News\",\"publisher\":{\"@id\":\"https:\\\/\\\/inclusivenews.com.br\\\/#organization\"},\"potentialAction\":[{\"@type\":\"SearchAction\",\"target\":{\"@type\":\"EntryPoint\",\"urlTemplate\":\"https:\\\/\\\/inclusivenews.com.br\\\/?s={search_term_string}\"},\"query-input\":{\"@type\":\"PropertyValueSpecification\",\"valueRequired\":true,\"valueName\":\"search_term_string\"}}],\"inLanguage\":\"pt-PT\"},{\"@type\":\"Organization\",\"@id\":\"https:\\\/\\\/inclusivenews.com.br\\\/#organization\",\"name\":\"Inclusive - inclus\u00e3o e cidadania\",\"url\":\"https:\\\/\\\/inclusivenews.com.br\\\/\",\"logo\":{\"@type\":\"ImageObject\",\"inLanguage\":\"pt-PT\",\"@id\":\"https:\\\/\\\/inclusivenews.com.br\\\/#\\\/schema\\\/logo\\\/image\\\/\",\"url\":\"https:\\\/\\\/inclusivenews.com.br\\\/wp-content\\\/uploads\\\/2024\\\/03\\\/@grandesite.png\",\"contentUrl\":\"https:\\\/\\\/inclusivenews.com.br\\\/wp-content\\\/uploads\\\/2024\\\/03\\\/@grandesite.png\",\"width\":1080,\"height\":1080,\"caption\":\"Inclusive - inclus\u00e3o e cidadania\"},\"image\":{\"@id\":\"https:\\\/\\\/inclusivenews.com.br\\\/#\\\/schema\\\/logo\\\/image\\\/\"},\"sameAs\":[\"https:\\\/\\\/www.facebook.com\\\/agenciainclusive\\\/\",\"https:\\\/\\\/www.instagram.com\\\/newsinclusive\\\/\"]},{\"@type\":\"Person\",\"@id\":\"https:\\\/\\\/inclusivenews.com.br\\\/#\\\/schema\\\/person\\\/ae4ec7087559b8692fb33b6fffd2273b\",\"name\":\"inclusivenews2024\",\"image\":{\"@type\":\"ImageObject\",\"inLanguage\":\"pt-PT\",\"@id\":\"https:\\\/\\\/secure.gravatar.com\\\/avatar\\\/c5a7ef84c66fa914f55bc4f7ce26cfa275a3b9a1c5568b907bd184fb4dde7b40?s=96&d=mm&r=g\",\"url\":\"https:\\\/\\\/secure.gravatar.com\\\/avatar\\\/c5a7ef84c66fa914f55bc4f7ce26cfa275a3b9a1c5568b907bd184fb4dde7b40?s=96&d=mm&r=g\",\"contentUrl\":\"https:\\\/\\\/secure.gravatar.com\\\/avatar\\\/c5a7ef84c66fa914f55bc4f7ce26cfa275a3b9a1c5568b907bd184fb4dde7b40?s=96&d=mm&r=g\",\"caption\":\"inclusivenews2024\"},\"sameAs\":[\"https:\\\/\\\/inclusivenews.com.br\"],\"url\":\"https:\\\/\\\/inclusivenews.com.br\\\/?author=1\"}]}<\/script>\n<!-- \/ Yoast SEO plugin. -->","yoast_head_json":{"title":"Acessibilidade como condi\u00e7\u00e3o: vagas reservadas e a decis\u00e3o do TST -","robots":{"index":"index","follow":"follow","max-snippet":"max-snippet:-1","max-image-preview":"max-image-preview:large","max-video-preview":"max-video-preview:-1"},"canonical":"https:\/\/inclusivenews.com.br\/?p=29547","og_locale":"pt_PT","og_type":"article","og_title":"Acessibilidade como condi\u00e7\u00e3o: vagas reservadas e a decis\u00e3o do TST -","og_description":"&nbsp; Por Luiz Alberto David Ara\u00fajo e\u00a0Adriana Romero de Almeida Prado Esse pequeno escrito \u00e9 uma colabora\u00e7\u00e3o para o tema apresentado pelos ilustres Maur\u00edcio de Figueiredo Corr\u00eaa da Veiga e Luciano Andrade Pinheiro, publicado pelo Conjur no dia 6.6.26, na coluna \u201cOpini\u00e3o\u201d. O tema da coluna comentada \u00e9 \u201cTST pacifica quest\u00e3o do preenchimento de cota [&hellip;]","og_url":"https:\/\/inclusivenews.com.br\/?p=29547","article_publisher":"https:\/\/www.facebook.com\/agenciainclusive\/","article_published_time":"2016-06-21T06:43:17+00:00","og_image":[{"url":"http:\/\/inclusivenews.com.br\/wp-content\/uploads\/2011\/02\/mulher-e-trabalho.jpg","type":"","width":"","height":""}],"author":"inclusivenews2024","twitter_card":"summary_large_image","twitter_misc":{"Escrito por":"inclusivenews2024","Tempo estimado de leitura":"7 minutos"},"schema":{"@context":"https:\/\/schema.org","@graph":[{"@type":"Article","@id":"https:\/\/inclusivenews.com.br\/?p=29547#article","isPartOf":{"@id":"https:\/\/inclusivenews.com.br\/?p=29547"},"author":{"name":"inclusivenews2024","@id":"https:\/\/inclusivenews.com.br\/#\/schema\/person\/ae4ec7087559b8692fb33b6fffd2273b"},"headline":"Acessibilidade como condi\u00e7\u00e3o: vagas reservadas e a decis\u00e3o do TST","datePublished":"2016-06-21T06:43:17+00:00","mainEntityOfPage":{"@id":"https:\/\/inclusivenews.com.br\/?p=29547"},"wordCount":1386,"commentCount":0,"publisher":{"@id":"https:\/\/inclusivenews.com.br\/#organization"},"image":{"@id":"https:\/\/inclusivenews.com.br\/?p=29547#primaryimage"},"thumbnailUrl":"http:\/\/inclusivenews.com.br\/wp-content\/uploads\/2011\/02\/mulher-e-trabalho.jpg","articleSection":["ACESSIBILIDADE","Conven\u00e7\u00e3o","INCLUS\u00c3O SOCIAL","LBI","Legisla\u00e7\u00e3o ...","Mercado de Trabalho"],"inLanguage":"pt-PT","potentialAction":[{"@type":"CommentAction","name":"Comment","target":["https:\/\/inclusivenews.com.br\/?p=29547#respond"]}]},{"@type":"WebPage","@id":"https:\/\/inclusivenews.com.br\/?p=29547","url":"https:\/\/inclusivenews.com.br\/?p=29547","name":"Acessibilidade como condi\u00e7\u00e3o: vagas reservadas e a decis\u00e3o do TST -","isPartOf":{"@id":"https:\/\/inclusivenews.com.br\/#website"},"primaryImageOfPage":{"@id":"https:\/\/inclusivenews.com.br\/?p=29547#primaryimage"},"image":{"@id":"https:\/\/inclusivenews.com.br\/?p=29547#primaryimage"},"thumbnailUrl":"http:\/\/inclusivenews.com.br\/wp-content\/uploads\/2011\/02\/mulher-e-trabalho.jpg","datePublished":"2016-06-21T06:43:17+00:00","breadcrumb":{"@id":"https:\/\/inclusivenews.com.br\/?p=29547#breadcrumb"},"inLanguage":"pt-PT","potentialAction":[{"@type":"ReadAction","target":["https:\/\/inclusivenews.com.br\/?p=29547"]}]},{"@type":"ImageObject","inLanguage":"pt-PT","@id":"https:\/\/inclusivenews.com.br\/?p=29547#primaryimage","url":"","contentUrl":""},{"@type":"BreadcrumbList","@id":"https:\/\/inclusivenews.com.br\/?p=29547#breadcrumb","itemListElement":[{"@type":"ListItem","position":1,"name":"In\u00edcio","item":"https:\/\/inclusivenews.com.br\/"},{"@type":"ListItem","position":2,"name":"Acessibilidade como condi\u00e7\u00e3o: vagas reservadas e a decis\u00e3o do TST"}]},{"@type":"WebSite","@id":"https:\/\/inclusivenews.com.br\/#website","url":"https:\/\/inclusivenews.com.br\/","name":"Inclusive News","description":"Inclusive News","publisher":{"@id":"https:\/\/inclusivenews.com.br\/#organization"},"potentialAction":[{"@type":"SearchAction","target":{"@type":"EntryPoint","urlTemplate":"https:\/\/inclusivenews.com.br\/?s={search_term_string}"},"query-input":{"@type":"PropertyValueSpecification","valueRequired":true,"valueName":"search_term_string"}}],"inLanguage":"pt-PT"},{"@type":"Organization","@id":"https:\/\/inclusivenews.com.br\/#organization","name":"Inclusive - inclus\u00e3o e cidadania","url":"https:\/\/inclusivenews.com.br\/","logo":{"@type":"ImageObject","inLanguage":"pt-PT","@id":"https:\/\/inclusivenews.com.br\/#\/schema\/logo\/image\/","url":"https:\/\/inclusivenews.com.br\/wp-content\/uploads\/2024\/03\/@grandesite.png","contentUrl":"https:\/\/inclusivenews.com.br\/wp-content\/uploads\/2024\/03\/@grandesite.png","width":1080,"height":1080,"caption":"Inclusive - inclus\u00e3o e cidadania"},"image":{"@id":"https:\/\/inclusivenews.com.br\/#\/schema\/logo\/image\/"},"sameAs":["https:\/\/www.facebook.com\/agenciainclusive\/","https:\/\/www.instagram.com\/newsinclusive\/"]},{"@type":"Person","@id":"https:\/\/inclusivenews.com.br\/#\/schema\/person\/ae4ec7087559b8692fb33b6fffd2273b","name":"inclusivenews2024","image":{"@type":"ImageObject","inLanguage":"pt-PT","@id":"https:\/\/secure.gravatar.com\/avatar\/c5a7ef84c66fa914f55bc4f7ce26cfa275a3b9a1c5568b907bd184fb4dde7b40?s=96&d=mm&r=g","url":"https:\/\/secure.gravatar.com\/avatar\/c5a7ef84c66fa914f55bc4f7ce26cfa275a3b9a1c5568b907bd184fb4dde7b40?s=96&d=mm&r=g","contentUrl":"https:\/\/secure.gravatar.com\/avatar\/c5a7ef84c66fa914f55bc4f7ce26cfa275a3b9a1c5568b907bd184fb4dde7b40?s=96&d=mm&r=g","caption":"inclusivenews2024"},"sameAs":["https:\/\/inclusivenews.com.br"],"url":"https:\/\/inclusivenews.com.br\/?author=1"}]}},"_links":{"self":[{"href":"https:\/\/inclusivenews.com.br\/index.php?rest_route=\/wp\/v2\/posts\/29547","targetHints":{"allow":["GET"]}}],"collection":[{"href":"https:\/\/inclusivenews.com.br\/index.php?rest_route=\/wp\/v2\/posts"}],"about":[{"href":"https:\/\/inclusivenews.com.br\/index.php?rest_route=\/wp\/v2\/types\/post"}],"author":[{"embeddable":true,"href":"https:\/\/inclusivenews.com.br\/index.php?rest_route=\/wp\/v2\/users\/1"}],"replies":[{"embeddable":true,"href":"https:\/\/inclusivenews.com.br\/index.php?rest_route=%2Fwp%2Fv2%2Fcomments&post=29547"}],"version-history":[{"count":0,"href":"https:\/\/inclusivenews.com.br\/index.php?rest_route=\/wp\/v2\/posts\/29547\/revisions"}],"wp:attachment":[{"href":"https:\/\/inclusivenews.com.br\/index.php?rest_route=%2Fwp%2Fv2%2Fmedia&parent=29547"}],"wp:term":[{"taxonomy":"category","embeddable":true,"href":"https:\/\/inclusivenews.com.br\/index.php?rest_route=%2Fwp%2Fv2%2Fcategories&post=29547"},{"taxonomy":"post_tag","embeddable":true,"href":"https:\/\/inclusivenews.com.br\/index.php?rest_route=%2Fwp%2Fv2%2Ftags&post=29547"}],"curies":[{"name":"wp","href":"https:\/\/api.w.org\/{rel}","templated":true}]}}