{"id":29550,"date":"2016-06-22T14:57:38","date_gmt":"2016-06-22T17:57:38","guid":{"rendered":"http:\/\/www.inclusive.org.br\/?p=29550"},"modified":"2016-06-22T14:57:38","modified_gmt":"2016-06-22T17:57:38","slug":"semana-de-formacao-em-direitos-humanos-e-educacao-popular-esta-com-inscricoes-abertas","status":"publish","type":"post","link":"https:\/\/inclusivenews.com.br\/?p=29550","title":{"rendered":"Semana de Forma\u00e7\u00e3o em Direitos Humanos e Educa\u00e7\u00e3o Popular est\u00e1 com inscri\u00e7\u00f5es abertas"},"content":{"rendered":"<p><img loading=\"lazy\" decoding=\"async\" class=\"alignnone size-full wp-image-12434\" src=\"http:\/\/inclusivenews.com.br\/wp-content\/uploads\/2009\/11\/acao_educativa1.jpg\" alt=\"A\u00e7\u00e3o Educativa\" width=\"188\" height=\"67\" \/><\/p>\n<p>Frente \u00e0s amea\u00e7as de retrocesso de direitos ditados pela conjuntura de crise pol\u00edtica, econ\u00f4mica, social e de valores, a A\u00e7\u00e3o Educativa, em conjunto com uma s\u00e9rie de organiza\u00e7\u00f5es*, promove a Semana de Forma\u00e7\u00e3o em Direitos Humanos e Educa\u00e7\u00e3o Popular, que ocorrer\u00e1 entre 11 e 15 de julho, com atividades em diversos per\u00edodos.<\/p>\n<p>As diversas atividades da iniciativa colocar\u00e3o em pauta e debater\u00e3o os retrocessos e os avan\u00e7os poss\u00edveis no campo dos direitos humanos, discutindo as estrat\u00e9gias de a\u00e7\u00e3o, assim como valorizando o papel e a relev\u00e2ncia da Educa\u00e7\u00e3o Popular. A semana, constru\u00edda por uma frente de entidades e movimentos, convida os participantes a tomarem parte das atividades, num processo coletivo de debates e busca de alternativas de a\u00e7\u00e3o.<\/p>\n<p>A programa\u00e7\u00e3o tem dura\u00e7\u00e3o de cinco dias. Os\/as participantes ter\u00e3o a oportunidade de refletir sobre a tem\u00e1tica de direitos humanos em sua magnitude por meio de encontros, oficinas e semin\u00e1rios que tratam do assunto a partir de diferentes abordagens e perspectivas.<\/p>\n<p>A realiza\u00e7\u00e3o da Semana de Forma\u00e7\u00e3o em Direitos Humanos \u00e9 viabilizada pelos apoios da Action Aid, Funda\u00e7\u00e3o Rosa Luxemburgo, Oxfam Brasil e pelas contribui\u00e7\u00f5es dos\/as participantes, no valor de R$ 35,00.<\/p>\n<p>A programa\u00e7\u00e3o completa, a inscri\u00e7\u00e3o e o pagamento da taxa de participa\u00e7\u00e3o podem ser feitos pelo site: <a href=\"http:\/\/www.acaoeducativa.org\/semanadireitoshumanos\" target=\"_blank\" rel=\"noopener\">www.acaoeducativa.org\/semanadireitoshumanos<\/a>.<\/p>\n<p>D\u00favidas e informa\u00e7\u00f5es: <a href=\"mailto:semanadeformacao@acaoeducativa.org\">semanadeformacao@acaoeducativa.org<\/a> \/ (11) 3151-2333, ramal 127.<\/p>\n<p>*S\u00e3o parceiros desta iniciativa Abong, Anistia Internacional, Artigo 19, Cladem, Defensoria P\u00fablica do Estado de S\u00e3o Paulo, Desacelera SP, Escola de Governo, Geled\u00e9s, Ecos \u2013 Comunica\u00e7\u00e3o em Sexualidade, Instituto P\u00f3lis, Pastoral Carcer\u00e1ria e Unifesp.<\/p>\n","protected":false},"excerpt":{"rendered":"<p>As diversas atividades da iniciativa colocar\u00e3o em pauta e debater\u00e3o os retrocessos e os avan\u00e7os poss\u00edveis no campo dos direitos humanos, discutindo as estrat\u00e9gias de a\u00e7\u00e3o, assim como valorizando o papel e a relev\u00e2ncia da Educa\u00e7\u00e3o Popular. A semana, constru\u00edda por uma frente de entidades e movimentos, convida os participantes a tomarem parte das atividades, num processo coletivo de debates e busca de alternativas de a\u00e7\u00e3o.<\/p>\n","protected":false},"author":1,"featured_media":0,"comment_status":"open","ping_status":"open","sticky":false,"template":"","format":"standard","meta":{"site-container-style":"default","site-container-layout":"default","site-sidebar-layout":"default","disable-article-header":"default","disable-site-header":"default","disable-site-footer":"default","disable-content-area-spacing":"default","footnotes":""},"categories":[11],"tags":[264],"class_list":["post-29550","post","type-post","status-publish","format-standard","hentry","category-direitos-humanos","tag-educacao-em-direitos-humanos"],"yoast_head":"<!-- This site is optimized with the Yoast SEO plugin v27.4 - https:\/\/yoast.com\/product\/yoast-seo-wordpress\/ -->\n<title>Semana de Forma\u00e7\u00e3o em Direitos Humanos e Educa\u00e7\u00e3o Popular est\u00e1 com inscri\u00e7\u00f5es abertas -<\/title>\n<meta name=\"robots\" content=\"index, follow, max-snippet:-1, max-image-preview:large, max-video-preview:-1\" \/>\n<link rel=\"canonical\" href=\"https:\/\/inclusivenews.com.br\/?p=29550\" \/>\n<meta property=\"og:locale\" content=\"pt_PT\" \/>\n<meta property=\"og:type\" content=\"article\" \/>\n<meta property=\"og:title\" content=\"Semana de Forma\u00e7\u00e3o em Direitos Humanos e Educa\u00e7\u00e3o Popular est\u00e1 com inscri\u00e7\u00f5es abertas -\" \/>\n<meta property=\"og:description\" content=\"As diversas atividades da iniciativa colocar\u00e3o em pauta e debater\u00e3o os retrocessos e os avan\u00e7os poss\u00edveis no campo dos direitos humanos, discutindo as estrat\u00e9gias de a\u00e7\u00e3o, assim como valorizando o papel e a relev\u00e2ncia da Educa\u00e7\u00e3o Popular. A semana, constru\u00edda por uma frente de entidades e movimentos, convida os participantes a tomarem parte das atividades, num processo coletivo de debates e busca de alternativas de a\u00e7\u00e3o.\" \/>\n<meta property=\"og:url\" content=\"https:\/\/inclusivenews.com.br\/?p=29550\" \/>\n<meta property=\"article:publisher\" content=\"https:\/\/www.facebook.com\/agenciainclusive\/\" \/>\n<meta property=\"article:published_time\" content=\"2016-06-22T17:57:38+00:00\" \/>\n<meta property=\"og:image\" content=\"http:\/\/inclusivenews.com.br\/wp-content\/uploads\/2009\/11\/acao_educativa1.jpg\" \/>\n<meta name=\"author\" content=\"inclusivenews2024\" \/>\n<meta name=\"twitter:card\" content=\"summary_large_image\" \/>\n<meta name=\"twitter:label1\" content=\"Escrito por\" \/>\n\t<meta name=\"twitter:data1\" content=\"inclusivenews2024\" \/>\n\t<meta name=\"twitter:label2\" content=\"Tempo estimado de leitura\" \/>\n\t<meta name=\"twitter:data2\" content=\"1 minuto\" \/>\n<script type=\"application\/ld+json\" class=\"yoast-schema-graph\">{\"@context\":\"https:\\\/\\\/schema.org\",\"@graph\":[{\"@type\":\"Article\",\"@id\":\"https:\\\/\\\/inclusivenews.com.br\\\/?p=29550#article\",\"isPartOf\":{\"@id\":\"https:\\\/\\\/inclusivenews.com.br\\\/?p=29550\"},\"author\":{\"name\":\"inclusivenews2024\",\"@id\":\"https:\\\/\\\/inclusivenews.com.br\\\/#\\\/schema\\\/person\\\/ae4ec7087559b8692fb33b6fffd2273b\"},\"headline\":\"Semana de Forma\u00e7\u00e3o em Direitos Humanos e Educa\u00e7\u00e3o Popular est\u00e1 com inscri\u00e7\u00f5es abertas\",\"datePublished\":\"2016-06-22T17:57:38+00:00\",\"mainEntityOfPage\":{\"@id\":\"https:\\\/\\\/inclusivenews.com.br\\\/?p=29550\"},\"wordCount\":305,\"commentCount\":0,\"publisher\":{\"@id\":\"https:\\\/\\\/inclusivenews.com.br\\\/#organization\"},\"image\":{\"@id\":\"https:\\\/\\\/inclusivenews.com.br\\\/?p=29550#primaryimage\"},\"thumbnailUrl\":\"http:\\\/\\\/inclusivenews.com.br\\\/wp-content\\\/uploads\\\/2009\\\/11\\\/acao_educativa1.jpg\",\"keywords\":[\"educa\u00e7\u00e3o em direitos humanos\"],\"articleSection\":[\"DIREITOS HUMANOS\"],\"inLanguage\":\"pt-PT\",\"potentialAction\":[{\"@type\":\"CommentAction\",\"name\":\"Comment\",\"target\":[\"https:\\\/\\\/inclusivenews.com.br\\\/?p=29550#respond\"]}]},{\"@type\":\"WebPage\",\"@id\":\"https:\\\/\\\/inclusivenews.com.br\\\/?p=29550\",\"url\":\"https:\\\/\\\/inclusivenews.com.br\\\/?p=29550\",\"name\":\"Semana de Forma\u00e7\u00e3o em Direitos Humanos e Educa\u00e7\u00e3o Popular est\u00e1 com inscri\u00e7\u00f5es abertas -\",\"isPartOf\":{\"@id\":\"https:\\\/\\\/inclusivenews.com.br\\\/#website\"},\"primaryImageOfPage\":{\"@id\":\"https:\\\/\\\/inclusivenews.com.br\\\/?p=29550#primaryimage\"},\"image\":{\"@id\":\"https:\\\/\\\/inclusivenews.com.br\\\/?p=29550#primaryimage\"},\"thumbnailUrl\":\"http:\\\/\\\/inclusivenews.com.br\\\/wp-content\\\/uploads\\\/2009\\\/11\\\/acao_educativa1.jpg\",\"datePublished\":\"2016-06-22T17:57:38+00:00\",\"breadcrumb\":{\"@id\":\"https:\\\/\\\/inclusivenews.com.br\\\/?p=29550#breadcrumb\"},\"inLanguage\":\"pt-PT\",\"potentialAction\":[{\"@type\":\"ReadAction\",\"target\":[\"https:\\\/\\\/inclusivenews.com.br\\\/?p=29550\"]}]},{\"@type\":\"ImageObject\",\"inLanguage\":\"pt-PT\",\"@id\":\"https:\\\/\\\/inclusivenews.com.br\\\/?p=29550#primaryimage\",\"url\":\"https:\\\/\\\/inclusivenews.com.br\\\/wp-content\\\/uploads\\\/2009\\\/11\\\/acao_educativa1.jpg\",\"contentUrl\":\"https:\\\/\\\/inclusivenews.com.br\\\/wp-content\\\/uploads\\\/2009\\\/11\\\/acao_educativa1.jpg\",\"width\":188,\"height\":67},{\"@type\":\"BreadcrumbList\",\"@id\":\"https:\\\/\\\/inclusivenews.com.br\\\/?p=29550#breadcrumb\",\"itemListElement\":[{\"@type\":\"ListItem\",\"position\":1,\"name\":\"In\u00edcio\",\"item\":\"https:\\\/\\\/inclusivenews.com.br\\\/\"},{\"@type\":\"ListItem\",\"position\":2,\"name\":\"Semana de Forma\u00e7\u00e3o em Direitos Humanos e Educa\u00e7\u00e3o Popular est\u00e1 com inscri\u00e7\u00f5es abertas\"}]},{\"@type\":\"WebSite\",\"@id\":\"https:\\\/\\\/inclusivenews.com.br\\\/#website\",\"url\":\"https:\\\/\\\/inclusivenews.com.br\\\/\",\"name\":\"Inclusive News\",\"description\":\"Inclusive News\",\"publisher\":{\"@id\":\"https:\\\/\\\/inclusivenews.com.br\\\/#organization\"},\"potentialAction\":[{\"@type\":\"SearchAction\",\"target\":{\"@type\":\"EntryPoint\",\"urlTemplate\":\"https:\\\/\\\/inclusivenews.com.br\\\/?s={search_term_string}\"},\"query-input\":{\"@type\":\"PropertyValueSpecification\",\"valueRequired\":true,\"valueName\":\"search_term_string\"}}],\"inLanguage\":\"pt-PT\"},{\"@type\":\"Organization\",\"@id\":\"https:\\\/\\\/inclusivenews.com.br\\\/#organization\",\"name\":\"Inclusive - inclus\u00e3o e cidadania\",\"url\":\"https:\\\/\\\/inclusivenews.com.br\\\/\",\"logo\":{\"@type\":\"ImageObject\",\"inLanguage\":\"pt-PT\",\"@id\":\"https:\\\/\\\/inclusivenews.com.br\\\/#\\\/schema\\\/logo\\\/image\\\/\",\"url\":\"https:\\\/\\\/inclusivenews.com.br\\\/wp-content\\\/uploads\\\/2024\\\/03\\\/@grandesite.png\",\"contentUrl\":\"https:\\\/\\\/inclusivenews.com.br\\\/wp-content\\\/uploads\\\/2024\\\/03\\\/@grandesite.png\",\"width\":1080,\"height\":1080,\"caption\":\"Inclusive - inclus\u00e3o e cidadania\"},\"image\":{\"@id\":\"https:\\\/\\\/inclusivenews.com.br\\\/#\\\/schema\\\/logo\\\/image\\\/\"},\"sameAs\":[\"https:\\\/\\\/www.facebook.com\\\/agenciainclusive\\\/\",\"https:\\\/\\\/www.instagram.com\\\/newsinclusive\\\/\"]},{\"@type\":\"Person\",\"@id\":\"https:\\\/\\\/inclusivenews.com.br\\\/#\\\/schema\\\/person\\\/ae4ec7087559b8692fb33b6fffd2273b\",\"name\":\"inclusivenews2024\",\"image\":{\"@type\":\"ImageObject\",\"inLanguage\":\"pt-PT\",\"@id\":\"https:\\\/\\\/secure.gravatar.com\\\/avatar\\\/c5a7ef84c66fa914f55bc4f7ce26cfa275a3b9a1c5568b907bd184fb4dde7b40?s=96&d=mm&r=g\",\"url\":\"https:\\\/\\\/secure.gravatar.com\\\/avatar\\\/c5a7ef84c66fa914f55bc4f7ce26cfa275a3b9a1c5568b907bd184fb4dde7b40?s=96&d=mm&r=g\",\"contentUrl\":\"https:\\\/\\\/secure.gravatar.com\\\/avatar\\\/c5a7ef84c66fa914f55bc4f7ce26cfa275a3b9a1c5568b907bd184fb4dde7b40?s=96&d=mm&r=g\",\"caption\":\"inclusivenews2024\"},\"sameAs\":[\"https:\\\/\\\/inclusivenews.com.br\"],\"url\":\"https:\\\/\\\/inclusivenews.com.br\\\/?author=1\"}]}<\/script>\n<!-- \/ Yoast SEO plugin. -->","yoast_head_json":{"title":"Semana de Forma\u00e7\u00e3o em Direitos Humanos e Educa\u00e7\u00e3o Popular est\u00e1 com inscri\u00e7\u00f5es abertas -","robots":{"index":"index","follow":"follow","max-snippet":"max-snippet:-1","max-image-preview":"max-image-preview:large","max-video-preview":"max-video-preview:-1"},"canonical":"https:\/\/inclusivenews.com.br\/?p=29550","og_locale":"pt_PT","og_type":"article","og_title":"Semana de Forma\u00e7\u00e3o em Direitos Humanos e Educa\u00e7\u00e3o Popular est\u00e1 com inscri\u00e7\u00f5es abertas -","og_description":"As diversas atividades da iniciativa colocar\u00e3o em pauta e debater\u00e3o os retrocessos e os avan\u00e7os poss\u00edveis no campo dos direitos humanos, discutindo as estrat\u00e9gias de a\u00e7\u00e3o, assim como valorizando o papel e a relev\u00e2ncia da Educa\u00e7\u00e3o Popular. A semana, constru\u00edda por uma frente de entidades e movimentos, convida os participantes a tomarem parte das atividades, num processo coletivo de debates e busca de alternativas de a\u00e7\u00e3o.","og_url":"https:\/\/inclusivenews.com.br\/?p=29550","article_publisher":"https:\/\/www.facebook.com\/agenciainclusive\/","article_published_time":"2016-06-22T17:57:38+00:00","og_image":[{"url":"http:\/\/inclusivenews.com.br\/wp-content\/uploads\/2009\/11\/acao_educativa1.jpg","type":"","width":"","height":""}],"author":"inclusivenews2024","twitter_card":"summary_large_image","twitter_misc":{"Escrito por":"inclusivenews2024","Tempo estimado de leitura":"1 minuto"},"schema":{"@context":"https:\/\/schema.org","@graph":[{"@type":"Article","@id":"https:\/\/inclusivenews.com.br\/?p=29550#article","isPartOf":{"@id":"https:\/\/inclusivenews.com.br\/?p=29550"},"author":{"name":"inclusivenews2024","@id":"https:\/\/inclusivenews.com.br\/#\/schema\/person\/ae4ec7087559b8692fb33b6fffd2273b"},"headline":"Semana de Forma\u00e7\u00e3o em Direitos Humanos e Educa\u00e7\u00e3o Popular est\u00e1 com inscri\u00e7\u00f5es abertas","datePublished":"2016-06-22T17:57:38+00:00","mainEntityOfPage":{"@id":"https:\/\/inclusivenews.com.br\/?p=29550"},"wordCount":305,"commentCount":0,"publisher":{"@id":"https:\/\/inclusivenews.com.br\/#organization"},"image":{"@id":"https:\/\/inclusivenews.com.br\/?p=29550#primaryimage"},"thumbnailUrl":"http:\/\/inclusivenews.com.br\/wp-content\/uploads\/2009\/11\/acao_educativa1.jpg","keywords":["educa\u00e7\u00e3o em direitos humanos"],"articleSection":["DIREITOS HUMANOS"],"inLanguage":"pt-PT","potentialAction":[{"@type":"CommentAction","name":"Comment","target":["https:\/\/inclusivenews.com.br\/?p=29550#respond"]}]},{"@type":"WebPage","@id":"https:\/\/inclusivenews.com.br\/?p=29550","url":"https:\/\/inclusivenews.com.br\/?p=29550","name":"Semana de Forma\u00e7\u00e3o em Direitos Humanos e Educa\u00e7\u00e3o Popular est\u00e1 com inscri\u00e7\u00f5es abertas -","isPartOf":{"@id":"https:\/\/inclusivenews.com.br\/#website"},"primaryImageOfPage":{"@id":"https:\/\/inclusivenews.com.br\/?p=29550#primaryimage"},"image":{"@id":"https:\/\/inclusivenews.com.br\/?p=29550#primaryimage"},"thumbnailUrl":"http:\/\/inclusivenews.com.br\/wp-content\/uploads\/2009\/11\/acao_educativa1.jpg","datePublished":"2016-06-22T17:57:38+00:00","breadcrumb":{"@id":"https:\/\/inclusivenews.com.br\/?p=29550#breadcrumb"},"inLanguage":"pt-PT","potentialAction":[{"@type":"ReadAction","target":["https:\/\/inclusivenews.com.br\/?p=29550"]}]},{"@type":"ImageObject","inLanguage":"pt-PT","@id":"https:\/\/inclusivenews.com.br\/?p=29550#primaryimage","url":"https:\/\/inclusivenews.com.br\/wp-content\/uploads\/2009\/11\/acao_educativa1.jpg","contentUrl":"https:\/\/inclusivenews.com.br\/wp-content\/uploads\/2009\/11\/acao_educativa1.jpg","width":188,"height":67},{"@type":"BreadcrumbList","@id":"https:\/\/inclusivenews.com.br\/?p=29550#breadcrumb","itemListElement":[{"@type":"ListItem","position":1,"name":"In\u00edcio","item":"https:\/\/inclusivenews.com.br\/"},{"@type":"ListItem","position":2,"name":"Semana de Forma\u00e7\u00e3o em Direitos Humanos e Educa\u00e7\u00e3o Popular est\u00e1 com inscri\u00e7\u00f5es abertas"}]},{"@type":"WebSite","@id":"https:\/\/inclusivenews.com.br\/#website","url":"https:\/\/inclusivenews.com.br\/","name":"Inclusive News","description":"Inclusive News","publisher":{"@id":"https:\/\/inclusivenews.com.br\/#organization"},"potentialAction":[{"@type":"SearchAction","target":{"@type":"EntryPoint","urlTemplate":"https:\/\/inclusivenews.com.br\/?s={search_term_string}"},"query-input":{"@type":"PropertyValueSpecification","valueRequired":true,"valueName":"search_term_string"}}],"inLanguage":"pt-PT"},{"@type":"Organization","@id":"https:\/\/inclusivenews.com.br\/#organization","name":"Inclusive - inclus\u00e3o e cidadania","url":"https:\/\/inclusivenews.com.br\/","logo":{"@type":"ImageObject","inLanguage":"pt-PT","@id":"https:\/\/inclusivenews.com.br\/#\/schema\/logo\/image\/","url":"https:\/\/inclusivenews.com.br\/wp-content\/uploads\/2024\/03\/@grandesite.png","contentUrl":"https:\/\/inclusivenews.com.br\/wp-content\/uploads\/2024\/03\/@grandesite.png","width":1080,"height":1080,"caption":"Inclusive - inclus\u00e3o e cidadania"},"image":{"@id":"https:\/\/inclusivenews.com.br\/#\/schema\/logo\/image\/"},"sameAs":["https:\/\/www.facebook.com\/agenciainclusive\/","https:\/\/www.instagram.com\/newsinclusive\/"]},{"@type":"Person","@id":"https:\/\/inclusivenews.com.br\/#\/schema\/person\/ae4ec7087559b8692fb33b6fffd2273b","name":"inclusivenews2024","image":{"@type":"ImageObject","inLanguage":"pt-PT","@id":"https:\/\/secure.gravatar.com\/avatar\/c5a7ef84c66fa914f55bc4f7ce26cfa275a3b9a1c5568b907bd184fb4dde7b40?s=96&d=mm&r=g","url":"https:\/\/secure.gravatar.com\/avatar\/c5a7ef84c66fa914f55bc4f7ce26cfa275a3b9a1c5568b907bd184fb4dde7b40?s=96&d=mm&r=g","contentUrl":"https:\/\/secure.gravatar.com\/avatar\/c5a7ef84c66fa914f55bc4f7ce26cfa275a3b9a1c5568b907bd184fb4dde7b40?s=96&d=mm&r=g","caption":"inclusivenews2024"},"sameAs":["https:\/\/inclusivenews.com.br"],"url":"https:\/\/inclusivenews.com.br\/?author=1"}]}},"_links":{"self":[{"href":"https:\/\/inclusivenews.com.br\/index.php?rest_route=\/wp\/v2\/posts\/29550","targetHints":{"allow":["GET"]}}],"collection":[{"href":"https:\/\/inclusivenews.com.br\/index.php?rest_route=\/wp\/v2\/posts"}],"about":[{"href":"https:\/\/inclusivenews.com.br\/index.php?rest_route=\/wp\/v2\/types\/post"}],"author":[{"embeddable":true,"href":"https:\/\/inclusivenews.com.br\/index.php?rest_route=\/wp\/v2\/users\/1"}],"replies":[{"embeddable":true,"href":"https:\/\/inclusivenews.com.br\/index.php?rest_route=%2Fwp%2Fv2%2Fcomments&post=29550"}],"version-history":[{"count":0,"href":"https:\/\/inclusivenews.com.br\/index.php?rest_route=\/wp\/v2\/posts\/29550\/revisions"}],"wp:attachment":[{"href":"https:\/\/inclusivenews.com.br\/index.php?rest_route=%2Fwp%2Fv2%2Fmedia&parent=29550"}],"wp:term":[{"taxonomy":"category","embeddable":true,"href":"https:\/\/inclusivenews.com.br\/index.php?rest_route=%2Fwp%2Fv2%2Fcategories&post=29550"},{"taxonomy":"post_tag","embeddable":true,"href":"https:\/\/inclusivenews.com.br\/index.php?rest_route=%2Fwp%2Fv2%2Ftags&post=29550"}],"curies":[{"name":"wp","href":"https:\/\/api.w.org\/{rel}","templated":true}]}}