{"id":29552,"date":"2016-06-22T15:03:05","date_gmt":"2016-06-22T18:03:05","guid":{"rendered":"http:\/\/www.inclusive.org.br\/?p=29552"},"modified":"2016-06-22T15:03:05","modified_gmt":"2016-06-22T18:03:05","slug":"a-forca-democratica-do-projeto-politico-pedagogico","status":"publish","type":"post","link":"https:\/\/inclusivenews.com.br\/?p=29552","title":{"rendered":"A for\u00e7a democr\u00e1tica do projeto pol\u00edtico pedag\u00f3gico"},"content":{"rendered":"<p><img loading=\"lazy\" decoding=\"async\" class=\"alignnone\" src=\"http:\/\/www.todospelaeducacao.org.br\/\/arquivos\/noticia\/detail_574ddbc8eadaa.jpg\" alt=\"Projeto pol\u00edtico pedag\u00f3gico - orienta\u00e7\u00f5es para o gestor escolar entender, criar e revisar o PPP\" width=\"220\" height=\"168\" \/><\/p>\n<p>Com o objetivo de auxiliar os gestores escolares na constru\u00e7\u00e3o e na atualiza\u00e7\u00e3o do Projeto Pol\u00edtico Pedag\u00f3gico (PPP) da escola, a Comunidade Educativa Cedac, em parceria com a Editora Moderna e a Funda\u00e7\u00e3o Santillana, lan\u00e7aram o livro: <a href=\"http:\/\/www.moderna.com.br\/lumis\/portal\/file\/fileDownload.jsp?fileId=8A808A825408697301540BF15A707F0D\" target=\"_blank\" rel=\"noopener\">&#8220;Projeto Pol\u00edtico Pedag\u00f3gico: orienta\u00e7\u00f5es para o gestor escolar entender, criar e revisar o PPP&#8221;<\/a>.<\/p>\n<p>O PPP \u00e9 um documento obrigat\u00f3rio em todas as escolas da rede p\u00fablica ou privada e deve conter, al\u00e9m de dados que caracterizam o col\u00e9gio e a comunidade na qual est\u00e1 inserido, todas as miss\u00f5es e metas assumidas pela institui\u00e7\u00e3o, bem como os meios pretendidos para alcan\u00e7\u00e1-las. \u201cO regimento interno das escolas precisa ser pautado pelo PPP\u201d, exemplifica Roberta Panico, coordenadora executiva do Cedac e uma das autoras da publica\u00e7\u00e3o.<\/p>\n<p>Para Renata Sanches, gerente de servi\u00e7os educacionais da Editora Moderna, a ideia de editar o material surgiu como forma de aproveitar a experi\u00eancia da equipe da Comunidade Educativa Cedac com diferentes secretarias e escolas. Nesse contato muito pr\u00f3ximo, se constatou que, apesar da exist\u00eancia do documento nas unidades escolares, ele n\u00e3o refletia a atua\u00e7\u00e3o da institui\u00e7\u00e3o ou as necessidades de mudan\u00e7as. \u201cAs pessoas que elaboram o projeto, muitas vezes, o fazem de forma isolada, quando o mesmo prev\u00ea uma elabora\u00e7\u00e3o colaborativa\u201d, explica Renata.<\/p>\n<p>De acordo com Roberta, o livro \u00e9 simples, objetivo e sem muita linguagem te\u00f3rica. A finalidade \u00e9 estabelecer um significado claro para que o gestor construa sentido sobre o PPP. Renata complementa e diz que o projeto visa dar um norte \u00e0 dire\u00e7\u00e3o dos col\u00e9gios. \u201c\u00c9 uma leitura simples e r\u00e1pida, que visa dar visibilidade ao PPP e a sua import\u00e2ncia no planejamento e execu\u00e7\u00e3o das a\u00e7\u00f5es dentro das unidades escolares\u201d, declara.<\/p>\n<p>O livro \u00e9 estruturado em tr\u00eas partes. A primeira trata de introduzir o conceito de planejamento e de que modo isso se relaciona com a forma de fazer e realizar a gest\u00e3o das escolas.<\/p>\n<p>Em um segundo momento, o texto traz uma discuss\u00e3o sobre a diferen\u00e7a entre um PPP meramente formal e a vida real: \u201cmuitas vezes o \u2018PPP\u2019 real, que \u00e9 o cotidiano da escola, n\u00e3o combina com o documento. Por isso, fazemos um convite aos diretores a visitar a unidade e fazer observa\u00e7\u00f5es que permitam identificar o que acontece no dia-a-dia, de modo a discernir entre o projeto real e o que est\u00e1 formalizado, buscando ver se acontece uma conversa entre eles\u201d.<\/p>\n<p>Por fim, \u00e9 apresentado um estudo de caso com o objetivo de exemplificar para o gestor como construir ou revisar o projeto, com destaque aos mecanismos que ele utilizar\u00e1 para promover o envolvimento dos pais, alunos, professores e funcion\u00e1rios. \u201cIsso implica em uma nova forma de pensar a participa\u00e7\u00e3o na escola, porque planejamos juntos, estamos compartilhando com a comunidade metas e princ\u00edpios comuns\u201d, reitera Roberta.<\/p>\n<p>Leia um trecho<br \/>\n\u201c[&#8230;] a pot\u00eancia de um PPP \u00e9 registrar, orientar, estabelecer a\u00e7\u00f5es, metas, estrat\u00e9gias e desejos da vida social escolar. Deve ter necessariamente, como marco fundamental, a participa\u00e7\u00e3o democr\u00e1tica (desejo de sociedade), o ser multicultural, a singularidade e respeitar as multiplicidades humanas que convivem no complexo ambiente de aprendizagem \u2013 a escola. Por exemplo, \u00e9 incoerente que os alunos de uma institui\u00e7\u00e3o n\u00e3o tenham nenhuma participa\u00e7\u00e3o e n\u00e3o possam se posicionar diante das decis\u00f5es e das regras escolares e o texto do PPP tenha como princ\u00edpio e objetivos a forma\u00e7\u00e3o de alunos cr\u00edticos e participativos.<\/p>\n<p>A qualidade da Educa\u00e7\u00e3o ser\u00e1 alcan\u00e7ada na medida em que a comunidade escolar se comprometer com suas escolhas, pensando-as de maneira \u00e9tica, projetadas para superar desafios e ampliar o conhecimento sobre os problemas p\u00fablicos e sociais vividos pela comunidade escolar. S\u00f3 assim a escola continuar\u00e1 cumprindo seu importante papel de ser um ambiente de exerc\u00edcio da vida social.\u201d<\/p>\n<p><strong>Servi\u00e7o<\/strong><\/p>\n<p>O livro Projeto Pol\u00edtico Pedag\u00f3gico: Orienta\u00e7\u00f5es para o gestor escolar entender, criar e revisar o PPP ser\u00e1 distribu\u00eddo em \u00e2mbito nacional para escolas p\u00fablicas e secretarias de Educa\u00e7\u00e3o. Al\u00e9m disso, a vers\u00e3o digital da obra est\u00e1 dispon\u00edvel gratuitamente para download no site da <a href=\"http:\/\/www.moderna.com.br\/pagina-inicial.htm\" target=\"_blank\" rel=\"noopener\">Editora Moderna<\/a>, da <a href=\"http:\/\/www.fundacaosantillana.org.br\" target=\"_blank\" rel=\"noopener\">Funda\u00e7\u00e3o Santillana<\/a> e da <a href=\"http:\/\/www.comunidadeeducativa.org.br\" target=\"_blank\" rel=\"noopener\">Comunidade Educativa CEDAC<\/a>.<\/p>\n","protected":false},"excerpt":{"rendered":"<p>Com o objetivo de auxiliar os gestores escolares na constru\u00e7\u00e3o e na atualiza\u00e7\u00e3o do Projeto Pol\u00edtico Pedag\u00f3gico (PPP) da escola, a Comunidade Educativa Cedac, em parceria com a Editora Moderna e a Funda\u00e7\u00e3o Santillana, lan\u00e7aram o livro: &#8220;Projeto Pol\u00edtico Pedag\u00f3gico: orienta\u00e7\u00f5es para o gestor escolar entender, criar e revisar o PPP&#8221;. Dispon\u00edvel para download.<\/p>\n","protected":false},"author":1,"featured_media":0,"comment_status":"open","ping_status":"open","sticky":false,"template":"","format":"standard","meta":{"site-container-style":"default","site-container-layout":"default","site-sidebar-layout":"default","disable-article-header":"default","disable-site-header":"default","disable-site-footer":"default","disable-content-area-spacing":"default","footnotes":""},"categories":[52,51,376],"tags":[116],"class_list":["post-29552","post","type-post","status-publish","format-standard","hentry","category-downloadables","category-livros","category-showz","tag-educacao"],"yoast_head":"<!-- This site is optimized with the Yoast SEO plugin v27.4 - https:\/\/yoast.com\/product\/yoast-seo-wordpress\/ -->\n<title>A for\u00e7a democr\u00e1tica do projeto pol\u00edtico pedag\u00f3gico -<\/title>\n<meta name=\"robots\" content=\"index, follow, max-snippet:-1, max-image-preview:large, max-video-preview:-1\" \/>\n<link rel=\"canonical\" href=\"https:\/\/inclusivenews.com.br\/?p=29552\" \/>\n<meta property=\"og:locale\" content=\"pt_PT\" \/>\n<meta property=\"og:type\" content=\"article\" \/>\n<meta property=\"og:title\" content=\"A for\u00e7a democr\u00e1tica do projeto pol\u00edtico pedag\u00f3gico -\" \/>\n<meta property=\"og:description\" content=\"Com o objetivo de auxiliar os gestores escolares na constru\u00e7\u00e3o e na atualiza\u00e7\u00e3o do Projeto Pol\u00edtico Pedag\u00f3gico (PPP) da escola, a Comunidade Educativa Cedac, em parceria com a Editora Moderna e a Funda\u00e7\u00e3o Santillana, lan\u00e7aram o livro: &quot;Projeto Pol\u00edtico Pedag\u00f3gico: orienta\u00e7\u00f5es para o gestor escolar entender, criar e revisar o PPP&quot;. Dispon\u00edvel para download.\" \/>\n<meta property=\"og:url\" content=\"https:\/\/inclusivenews.com.br\/?p=29552\" \/>\n<meta property=\"article:publisher\" content=\"https:\/\/www.facebook.com\/agenciainclusive\/\" \/>\n<meta property=\"article:published_time\" content=\"2016-06-22T18:03:05+00:00\" \/>\n<meta property=\"og:image\" content=\"http:\/\/www.todospelaeducacao.org.br\/\/arquivos\/noticia\/detail_574ddbc8eadaa.jpg\" \/>\n<meta name=\"author\" content=\"inclusivenews2024\" \/>\n<meta name=\"twitter:card\" content=\"summary_large_image\" \/>\n<meta name=\"twitter:label1\" content=\"Escrito por\" \/>\n\t<meta name=\"twitter:data1\" content=\"inclusivenews2024\" \/>\n\t<meta name=\"twitter:label2\" content=\"Tempo estimado de leitura\" \/>\n\t<meta name=\"twitter:data2\" content=\"4 minutos\" \/>\n<script type=\"application\/ld+json\" class=\"yoast-schema-graph\">{\"@context\":\"https:\\\/\\\/schema.org\",\"@graph\":[{\"@type\":\"Article\",\"@id\":\"https:\\\/\\\/inclusivenews.com.br\\\/?p=29552#article\",\"isPartOf\":{\"@id\":\"https:\\\/\\\/inclusivenews.com.br\\\/?p=29552\"},\"author\":{\"name\":\"inclusivenews2024\",\"@id\":\"https:\\\/\\\/inclusivenews.com.br\\\/#\\\/schema\\\/person\\\/ae4ec7087559b8692fb33b6fffd2273b\"},\"headline\":\"A for\u00e7a democr\u00e1tica do projeto pol\u00edtico pedag\u00f3gico\",\"datePublished\":\"2016-06-22T18:03:05+00:00\",\"mainEntityOfPage\":{\"@id\":\"https:\\\/\\\/inclusivenews.com.br\\\/?p=29552\"},\"wordCount\":733,\"commentCount\":0,\"publisher\":{\"@id\":\"https:\\\/\\\/inclusivenews.com.br\\\/#organization\"},\"image\":{\"@id\":\"https:\\\/\\\/inclusivenews.com.br\\\/?p=29552#primaryimage\"},\"thumbnailUrl\":\"http:\\\/\\\/www.todospelaeducacao.org.br\\\/\\\/arquivos\\\/noticia\\\/detail_574ddbc8eadaa.jpg\",\"keywords\":[\"Educa\u00e7\u00e3o\"],\"articleSection\":[\"Downloadables\",\"Livros\",\"SHOWZ\"],\"inLanguage\":\"pt-PT\",\"potentialAction\":[{\"@type\":\"CommentAction\",\"name\":\"Comment\",\"target\":[\"https:\\\/\\\/inclusivenews.com.br\\\/?p=29552#respond\"]}]},{\"@type\":\"WebPage\",\"@id\":\"https:\\\/\\\/inclusivenews.com.br\\\/?p=29552\",\"url\":\"https:\\\/\\\/inclusivenews.com.br\\\/?p=29552\",\"name\":\"A for\u00e7a democr\u00e1tica do projeto pol\u00edtico pedag\u00f3gico -\",\"isPartOf\":{\"@id\":\"https:\\\/\\\/inclusivenews.com.br\\\/#website\"},\"primaryImageOfPage\":{\"@id\":\"https:\\\/\\\/inclusivenews.com.br\\\/?p=29552#primaryimage\"},\"image\":{\"@id\":\"https:\\\/\\\/inclusivenews.com.br\\\/?p=29552#primaryimage\"},\"thumbnailUrl\":\"http:\\\/\\\/www.todospelaeducacao.org.br\\\/\\\/arquivos\\\/noticia\\\/detail_574ddbc8eadaa.jpg\",\"datePublished\":\"2016-06-22T18:03:05+00:00\",\"breadcrumb\":{\"@id\":\"https:\\\/\\\/inclusivenews.com.br\\\/?p=29552#breadcrumb\"},\"inLanguage\":\"pt-PT\",\"potentialAction\":[{\"@type\":\"ReadAction\",\"target\":[\"https:\\\/\\\/inclusivenews.com.br\\\/?p=29552\"]}]},{\"@type\":\"ImageObject\",\"inLanguage\":\"pt-PT\",\"@id\":\"https:\\\/\\\/inclusivenews.com.br\\\/?p=29552#primaryimage\",\"url\":\"http:\\\/\\\/www.todospelaeducacao.org.br\\\/\\\/arquivos\\\/noticia\\\/detail_574ddbc8eadaa.jpg\",\"contentUrl\":\"http:\\\/\\\/www.todospelaeducacao.org.br\\\/\\\/arquivos\\\/noticia\\\/detail_574ddbc8eadaa.jpg\"},{\"@type\":\"BreadcrumbList\",\"@id\":\"https:\\\/\\\/inclusivenews.com.br\\\/?p=29552#breadcrumb\",\"itemListElement\":[{\"@type\":\"ListItem\",\"position\":1,\"name\":\"In\u00edcio\",\"item\":\"https:\\\/\\\/inclusivenews.com.br\\\/\"},{\"@type\":\"ListItem\",\"position\":2,\"name\":\"A for\u00e7a democr\u00e1tica do projeto pol\u00edtico pedag\u00f3gico\"}]},{\"@type\":\"WebSite\",\"@id\":\"https:\\\/\\\/inclusivenews.com.br\\\/#website\",\"url\":\"https:\\\/\\\/inclusivenews.com.br\\\/\",\"name\":\"Inclusive News\",\"description\":\"Inclusive News\",\"publisher\":{\"@id\":\"https:\\\/\\\/inclusivenews.com.br\\\/#organization\"},\"potentialAction\":[{\"@type\":\"SearchAction\",\"target\":{\"@type\":\"EntryPoint\",\"urlTemplate\":\"https:\\\/\\\/inclusivenews.com.br\\\/?s={search_term_string}\"},\"query-input\":{\"@type\":\"PropertyValueSpecification\",\"valueRequired\":true,\"valueName\":\"search_term_string\"}}],\"inLanguage\":\"pt-PT\"},{\"@type\":\"Organization\",\"@id\":\"https:\\\/\\\/inclusivenews.com.br\\\/#organization\",\"name\":\"Inclusive - inclus\u00e3o e cidadania\",\"url\":\"https:\\\/\\\/inclusivenews.com.br\\\/\",\"logo\":{\"@type\":\"ImageObject\",\"inLanguage\":\"pt-PT\",\"@id\":\"https:\\\/\\\/inclusivenews.com.br\\\/#\\\/schema\\\/logo\\\/image\\\/\",\"url\":\"https:\\\/\\\/inclusivenews.com.br\\\/wp-content\\\/uploads\\\/2024\\\/03\\\/@grandesite.png\",\"contentUrl\":\"https:\\\/\\\/inclusivenews.com.br\\\/wp-content\\\/uploads\\\/2024\\\/03\\\/@grandesite.png\",\"width\":1080,\"height\":1080,\"caption\":\"Inclusive - inclus\u00e3o e cidadania\"},\"image\":{\"@id\":\"https:\\\/\\\/inclusivenews.com.br\\\/#\\\/schema\\\/logo\\\/image\\\/\"},\"sameAs\":[\"https:\\\/\\\/www.facebook.com\\\/agenciainclusive\\\/\",\"https:\\\/\\\/www.instagram.com\\\/newsinclusive\\\/\"]},{\"@type\":\"Person\",\"@id\":\"https:\\\/\\\/inclusivenews.com.br\\\/#\\\/schema\\\/person\\\/ae4ec7087559b8692fb33b6fffd2273b\",\"name\":\"inclusivenews2024\",\"image\":{\"@type\":\"ImageObject\",\"inLanguage\":\"pt-PT\",\"@id\":\"https:\\\/\\\/secure.gravatar.com\\\/avatar\\\/c5a7ef84c66fa914f55bc4f7ce26cfa275a3b9a1c5568b907bd184fb4dde7b40?s=96&d=mm&r=g\",\"url\":\"https:\\\/\\\/secure.gravatar.com\\\/avatar\\\/c5a7ef84c66fa914f55bc4f7ce26cfa275a3b9a1c5568b907bd184fb4dde7b40?s=96&d=mm&r=g\",\"contentUrl\":\"https:\\\/\\\/secure.gravatar.com\\\/avatar\\\/c5a7ef84c66fa914f55bc4f7ce26cfa275a3b9a1c5568b907bd184fb4dde7b40?s=96&d=mm&r=g\",\"caption\":\"inclusivenews2024\"},\"sameAs\":[\"https:\\\/\\\/inclusivenews.com.br\"],\"url\":\"https:\\\/\\\/inclusivenews.com.br\\\/?author=1\"}]}<\/script>\n<!-- \/ Yoast SEO plugin. -->","yoast_head_json":{"title":"A for\u00e7a democr\u00e1tica do projeto pol\u00edtico pedag\u00f3gico -","robots":{"index":"index","follow":"follow","max-snippet":"max-snippet:-1","max-image-preview":"max-image-preview:large","max-video-preview":"max-video-preview:-1"},"canonical":"https:\/\/inclusivenews.com.br\/?p=29552","og_locale":"pt_PT","og_type":"article","og_title":"A for\u00e7a democr\u00e1tica do projeto pol\u00edtico pedag\u00f3gico -","og_description":"Com o objetivo de auxiliar os gestores escolares na constru\u00e7\u00e3o e na atualiza\u00e7\u00e3o do Projeto Pol\u00edtico Pedag\u00f3gico (PPP) da escola, a Comunidade Educativa Cedac, em parceria com a Editora Moderna e a Funda\u00e7\u00e3o Santillana, lan\u00e7aram o livro: \"Projeto Pol\u00edtico Pedag\u00f3gico: orienta\u00e7\u00f5es para o gestor escolar entender, criar e revisar o PPP\". Dispon\u00edvel para download.","og_url":"https:\/\/inclusivenews.com.br\/?p=29552","article_publisher":"https:\/\/www.facebook.com\/agenciainclusive\/","article_published_time":"2016-06-22T18:03:05+00:00","og_image":[{"url":"http:\/\/www.todospelaeducacao.org.br\/\/arquivos\/noticia\/detail_574ddbc8eadaa.jpg","type":"","width":"","height":""}],"author":"inclusivenews2024","twitter_card":"summary_large_image","twitter_misc":{"Escrito por":"inclusivenews2024","Tempo estimado de leitura":"4 minutos"},"schema":{"@context":"https:\/\/schema.org","@graph":[{"@type":"Article","@id":"https:\/\/inclusivenews.com.br\/?p=29552#article","isPartOf":{"@id":"https:\/\/inclusivenews.com.br\/?p=29552"},"author":{"name":"inclusivenews2024","@id":"https:\/\/inclusivenews.com.br\/#\/schema\/person\/ae4ec7087559b8692fb33b6fffd2273b"},"headline":"A for\u00e7a democr\u00e1tica do projeto pol\u00edtico pedag\u00f3gico","datePublished":"2016-06-22T18:03:05+00:00","mainEntityOfPage":{"@id":"https:\/\/inclusivenews.com.br\/?p=29552"},"wordCount":733,"commentCount":0,"publisher":{"@id":"https:\/\/inclusivenews.com.br\/#organization"},"image":{"@id":"https:\/\/inclusivenews.com.br\/?p=29552#primaryimage"},"thumbnailUrl":"http:\/\/www.todospelaeducacao.org.br\/\/arquivos\/noticia\/detail_574ddbc8eadaa.jpg","keywords":["Educa\u00e7\u00e3o"],"articleSection":["Downloadables","Livros","SHOWZ"],"inLanguage":"pt-PT","potentialAction":[{"@type":"CommentAction","name":"Comment","target":["https:\/\/inclusivenews.com.br\/?p=29552#respond"]}]},{"@type":"WebPage","@id":"https:\/\/inclusivenews.com.br\/?p=29552","url":"https:\/\/inclusivenews.com.br\/?p=29552","name":"A for\u00e7a democr\u00e1tica do projeto pol\u00edtico pedag\u00f3gico -","isPartOf":{"@id":"https:\/\/inclusivenews.com.br\/#website"},"primaryImageOfPage":{"@id":"https:\/\/inclusivenews.com.br\/?p=29552#primaryimage"},"image":{"@id":"https:\/\/inclusivenews.com.br\/?p=29552#primaryimage"},"thumbnailUrl":"http:\/\/www.todospelaeducacao.org.br\/\/arquivos\/noticia\/detail_574ddbc8eadaa.jpg","datePublished":"2016-06-22T18:03:05+00:00","breadcrumb":{"@id":"https:\/\/inclusivenews.com.br\/?p=29552#breadcrumb"},"inLanguage":"pt-PT","potentialAction":[{"@type":"ReadAction","target":["https:\/\/inclusivenews.com.br\/?p=29552"]}]},{"@type":"ImageObject","inLanguage":"pt-PT","@id":"https:\/\/inclusivenews.com.br\/?p=29552#primaryimage","url":"http:\/\/www.todospelaeducacao.org.br\/\/arquivos\/noticia\/detail_574ddbc8eadaa.jpg","contentUrl":"http:\/\/www.todospelaeducacao.org.br\/\/arquivos\/noticia\/detail_574ddbc8eadaa.jpg"},{"@type":"BreadcrumbList","@id":"https:\/\/inclusivenews.com.br\/?p=29552#breadcrumb","itemListElement":[{"@type":"ListItem","position":1,"name":"In\u00edcio","item":"https:\/\/inclusivenews.com.br\/"},{"@type":"ListItem","position":2,"name":"A for\u00e7a democr\u00e1tica do projeto pol\u00edtico pedag\u00f3gico"}]},{"@type":"WebSite","@id":"https:\/\/inclusivenews.com.br\/#website","url":"https:\/\/inclusivenews.com.br\/","name":"Inclusive News","description":"Inclusive News","publisher":{"@id":"https:\/\/inclusivenews.com.br\/#organization"},"potentialAction":[{"@type":"SearchAction","target":{"@type":"EntryPoint","urlTemplate":"https:\/\/inclusivenews.com.br\/?s={search_term_string}"},"query-input":{"@type":"PropertyValueSpecification","valueRequired":true,"valueName":"search_term_string"}}],"inLanguage":"pt-PT"},{"@type":"Organization","@id":"https:\/\/inclusivenews.com.br\/#organization","name":"Inclusive - inclus\u00e3o e cidadania","url":"https:\/\/inclusivenews.com.br\/","logo":{"@type":"ImageObject","inLanguage":"pt-PT","@id":"https:\/\/inclusivenews.com.br\/#\/schema\/logo\/image\/","url":"https:\/\/inclusivenews.com.br\/wp-content\/uploads\/2024\/03\/@grandesite.png","contentUrl":"https:\/\/inclusivenews.com.br\/wp-content\/uploads\/2024\/03\/@grandesite.png","width":1080,"height":1080,"caption":"Inclusive - inclus\u00e3o e cidadania"},"image":{"@id":"https:\/\/inclusivenews.com.br\/#\/schema\/logo\/image\/"},"sameAs":["https:\/\/www.facebook.com\/agenciainclusive\/","https:\/\/www.instagram.com\/newsinclusive\/"]},{"@type":"Person","@id":"https:\/\/inclusivenews.com.br\/#\/schema\/person\/ae4ec7087559b8692fb33b6fffd2273b","name":"inclusivenews2024","image":{"@type":"ImageObject","inLanguage":"pt-PT","@id":"https:\/\/secure.gravatar.com\/avatar\/c5a7ef84c66fa914f55bc4f7ce26cfa275a3b9a1c5568b907bd184fb4dde7b40?s=96&d=mm&r=g","url":"https:\/\/secure.gravatar.com\/avatar\/c5a7ef84c66fa914f55bc4f7ce26cfa275a3b9a1c5568b907bd184fb4dde7b40?s=96&d=mm&r=g","contentUrl":"https:\/\/secure.gravatar.com\/avatar\/c5a7ef84c66fa914f55bc4f7ce26cfa275a3b9a1c5568b907bd184fb4dde7b40?s=96&d=mm&r=g","caption":"inclusivenews2024"},"sameAs":["https:\/\/inclusivenews.com.br"],"url":"https:\/\/inclusivenews.com.br\/?author=1"}]}},"_links":{"self":[{"href":"https:\/\/inclusivenews.com.br\/index.php?rest_route=\/wp\/v2\/posts\/29552","targetHints":{"allow":["GET"]}}],"collection":[{"href":"https:\/\/inclusivenews.com.br\/index.php?rest_route=\/wp\/v2\/posts"}],"about":[{"href":"https:\/\/inclusivenews.com.br\/index.php?rest_route=\/wp\/v2\/types\/post"}],"author":[{"embeddable":true,"href":"https:\/\/inclusivenews.com.br\/index.php?rest_route=\/wp\/v2\/users\/1"}],"replies":[{"embeddable":true,"href":"https:\/\/inclusivenews.com.br\/index.php?rest_route=%2Fwp%2Fv2%2Fcomments&post=29552"}],"version-history":[{"count":0,"href":"https:\/\/inclusivenews.com.br\/index.php?rest_route=\/wp\/v2\/posts\/29552\/revisions"}],"wp:attachment":[{"href":"https:\/\/inclusivenews.com.br\/index.php?rest_route=%2Fwp%2Fv2%2Fmedia&parent=29552"}],"wp:term":[{"taxonomy":"category","embeddable":true,"href":"https:\/\/inclusivenews.com.br\/index.php?rest_route=%2Fwp%2Fv2%2Fcategories&post=29552"},{"taxonomy":"post_tag","embeddable":true,"href":"https:\/\/inclusivenews.com.br\/index.php?rest_route=%2Fwp%2Fv2%2Ftags&post=29552"}],"curies":[{"name":"wp","href":"https:\/\/api.w.org\/{rel}","templated":true}]}}