{"id":29554,"date":"2016-06-22T15:09:03","date_gmt":"2016-06-22T18:09:03","guid":{"rendered":"http:\/\/www.inclusive.org.br\/?p=29554"},"modified":"2016-06-22T15:09:03","modified_gmt":"2016-06-22T18:09:03","slug":"29554","status":"publish","type":"post","link":"https:\/\/inclusivenews.com.br\/?p=29554","title":{"rendered":"Livro infantil e paralimp\u00edadas"},"content":{"rendered":"<p><img loading=\"lazy\" decoding=\"async\" class=\"alignnone\" src=\"http:\/\/gcn.net.br\/dir-arquivo-imagem\/2016\/06\/20160615230744_57152304.jpg\" alt=\"Figuras humanas praticando esportes e o texto ilegivel de uma p\u00e1gina de livro.\" width=\"356\" height=\"237\" \/><\/p>\n<p>O livro Os Her\u00f3is e o esp\u00edrito esportivo, da escritora Bia Monteiro, lan\u00e7ado pela Editora Evoluir, \u00e9 uma excelente leitura para nos situar diante dos jogos e sua import\u00e2ncia para os povos e para nosso pa\u00eds, que estar\u00e1 sediando o evento. Como sabemos, os Jogos ocorrer\u00e3o na cidade do Rio de Janeiro, que vem se preparando h\u00e1 4 anos para este evento que vai chamar a aten\u00e7\u00e3o de milh\u00f5es de pessoas ao redor do mundo. Esta \u00e9 a primeira vez que o Brasil sediar\u00e1 os Jogos Ol\u00edmpicos. Ser\u00e3o mais de 200 pa\u00edses disputando 306 provas durante 19 dias de competi\u00e7\u00e3o no m\u00eas de agosto.<\/p>\n<p>Os Jogos Ol\u00edmpicos tiveram origem na cidade de Olympia, na Gr\u00e9cia Antiga, local onde se realizavam competi\u00e7\u00f5es de diversas modalidades esportivas. Eram realizados em homenagem aos deuses e os ganhadores voltavam para as suas cidades exaltados como her\u00f3is.<\/p>\n<p>Os primeiros Jogos Ol\u00edmpicos da era moderna foram realizados em Atenas, em 1896. Participaram 285 atletas de 13 pa\u00edses, disputando provas de atletismo, esgrima, luta livre, gin\u00e1stica, halterofilismo, ciclismo, nata\u00e7\u00e3o e t\u00eanis. Os vencedores das provas foram premiados com medalhas de ouro e um ramo de oliveira.<\/p>\n<p>Frequentemente se utiliza o termo Olimp\u00edada para designar os jogos. Entretanto, o sentido da palavra Olimp\u00edadas \u00e9 o per\u00edodo de quatro anos compreendido entre uma edi\u00e7\u00e3o e outra. Ou seja, \u00e9 tempo e n\u00e3o acontecimento. Os Jogos Ol\u00edmpicos ocorrem a cada quatro anos e re\u00fanem atletas de quase todos os pa\u00edses do mundo.<\/p>\n<p>Os Jogos Paraol\u00edmpicos foram criados para a participa\u00e7\u00e3o de atletas com algum tipo de defici\u00eancia f\u00edsica ou mental. Eles come\u00e7aram em 1948, com alguns soldados atletas sobreviventes da Segunda Guerra Mundial que possu\u00edam les\u00f5es na medula. Em pouco tempo o n\u00famero de participantes cresceu e o evento tornou-se internacional. Os primeiros Jogos Paraol\u00edmpicos aconteceram em Roma, em 1960. Mas s\u00f3 em 19 de junho de 2001 \u00e9 que foram oficialmente reconhecidos.<\/p>\n<p>O s\u00edmbolo das Olimp\u00edadas \u00e9 composto por cinco an\u00e9is entrela\u00e7ados, representando os cinco continentes: Oceania(verde), \u00c1sia(amarelo),\u00c1frica (preto) \u00c1sia (amarelo), Europa (azul) e Am\u00e9rica (vermelho).<\/p>\n<p>O logotipo do Comit\u00ea Paraol\u00edmpico Internacional \u00e9 constitu\u00eddo de tr\u00eas cores: vermelho, azul, verde, que simbolizam mente, corpo e esp\u00edrito, respectivamente.<\/p>\n","protected":false},"excerpt":{"rendered":"<p>Livro conta para as crian\u00e7as a hist\u00f3ria das Olimp\u00edadas e Paraolimp\u00edadas e incentiva a pr\u00e1tica de esportes na inf\u00e2ncia e na vida adulta.<\/p>\n","protected":false},"author":1,"featured_media":0,"comment_status":"open","ping_status":"open","sticky":false,"template":"","format":"standard","meta":{"site-container-style":"default","site-container-layout":"default","site-sidebar-layout":"default","disable-article-header":"default","disable-site-header":"default","disable-site-footer":"default","disable-content-area-spacing":"default","footnotes":""},"categories":[38,11,27,48,50,51,10,376],"tags":[328],"class_list":["post-29554","post","type-post","status-publish","format-standard","hentry","category-deficiencia","category-direitos-humanos","category-esporte","category-inclusao","category-lancamentos","category-livros","category-publicacoes","category-showz","tag-jogos-paralimpicos"],"yoast_head":"<!-- This site is optimized with the Yoast SEO plugin v27.4 - https:\/\/yoast.com\/product\/yoast-seo-wordpress\/ -->\n<title>Livro infantil e paralimp\u00edadas -<\/title>\n<meta name=\"robots\" content=\"index, follow, max-snippet:-1, max-image-preview:large, max-video-preview:-1\" \/>\n<link rel=\"canonical\" href=\"https:\/\/inclusivenews.com.br\/?p=29554\" \/>\n<meta property=\"og:locale\" content=\"pt_PT\" \/>\n<meta property=\"og:type\" content=\"article\" \/>\n<meta property=\"og:title\" content=\"Livro infantil e paralimp\u00edadas -\" \/>\n<meta property=\"og:description\" content=\"Livro conta para as crian\u00e7as a hist\u00f3ria das Olimp\u00edadas e Paraolimp\u00edadas e incentiva a pr\u00e1tica de esportes na inf\u00e2ncia e na vida adulta.\" \/>\n<meta property=\"og:url\" content=\"https:\/\/inclusivenews.com.br\/?p=29554\" \/>\n<meta property=\"article:publisher\" content=\"https:\/\/www.facebook.com\/agenciainclusive\/\" \/>\n<meta property=\"article:published_time\" content=\"2016-06-22T18:09:03+00:00\" \/>\n<meta property=\"og:image\" content=\"http:\/\/gcn.net.br\/dir-arquivo-imagem\/2016\/06\/20160615230744_57152304.jpg\" \/>\n<meta name=\"author\" content=\"inclusivenews2024\" \/>\n<meta name=\"twitter:card\" content=\"summary_large_image\" \/>\n<meta name=\"twitter:label1\" content=\"Escrito por\" \/>\n\t<meta name=\"twitter:data1\" content=\"inclusivenews2024\" \/>\n\t<meta name=\"twitter:label2\" content=\"Tempo estimado de leitura\" \/>\n\t<meta name=\"twitter:data2\" content=\"2 minutos\" \/>\n<script type=\"application\/ld+json\" class=\"yoast-schema-graph\">{\"@context\":\"https:\\\/\\\/schema.org\",\"@graph\":[{\"@type\":\"Article\",\"@id\":\"https:\\\/\\\/inclusivenews.com.br\\\/?p=29554#article\",\"isPartOf\":{\"@id\":\"https:\\\/\\\/inclusivenews.com.br\\\/?p=29554\"},\"author\":{\"name\":\"inclusivenews2024\",\"@id\":\"https:\\\/\\\/inclusivenews.com.br\\\/#\\\/schema\\\/person\\\/ae4ec7087559b8692fb33b6fffd2273b\"},\"headline\":\"Livro infantil e paralimp\u00edadas\",\"datePublished\":\"2016-06-22T18:09:03+00:00\",\"mainEntityOfPage\":{\"@id\":\"https:\\\/\\\/inclusivenews.com.br\\\/?p=29554\"},\"wordCount\":396,\"commentCount\":0,\"publisher\":{\"@id\":\"https:\\\/\\\/inclusivenews.com.br\\\/#organization\"},\"image\":{\"@id\":\"https:\\\/\\\/inclusivenews.com.br\\\/?p=29554#primaryimage\"},\"thumbnailUrl\":\"http:\\\/\\\/gcn.net.br\\\/dir-arquivo-imagem\\\/2016\\\/06\\\/20160615230744_57152304.jpg\",\"keywords\":[\"jogos paral\u00edmpicos\"],\"articleSection\":[\"Defici\u00eancia\",\"DIREITOS HUMANOS\",\"Esporte\",\"INCLUS\u00c3O SOCIAL\",\"Lan\u00e7amentos\",\"Livros\",\"PUBLICA\u00c7\u00d5ES\",\"SHOWZ\"],\"inLanguage\":\"pt-PT\",\"potentialAction\":[{\"@type\":\"CommentAction\",\"name\":\"Comment\",\"target\":[\"https:\\\/\\\/inclusivenews.com.br\\\/?p=29554#respond\"]}]},{\"@type\":\"WebPage\",\"@id\":\"https:\\\/\\\/inclusivenews.com.br\\\/?p=29554\",\"url\":\"https:\\\/\\\/inclusivenews.com.br\\\/?p=29554\",\"name\":\"Livro infantil e paralimp\u00edadas -\",\"isPartOf\":{\"@id\":\"https:\\\/\\\/inclusivenews.com.br\\\/#website\"},\"primaryImageOfPage\":{\"@id\":\"https:\\\/\\\/inclusivenews.com.br\\\/?p=29554#primaryimage\"},\"image\":{\"@id\":\"https:\\\/\\\/inclusivenews.com.br\\\/?p=29554#primaryimage\"},\"thumbnailUrl\":\"http:\\\/\\\/gcn.net.br\\\/dir-arquivo-imagem\\\/2016\\\/06\\\/20160615230744_57152304.jpg\",\"datePublished\":\"2016-06-22T18:09:03+00:00\",\"breadcrumb\":{\"@id\":\"https:\\\/\\\/inclusivenews.com.br\\\/?p=29554#breadcrumb\"},\"inLanguage\":\"pt-PT\",\"potentialAction\":[{\"@type\":\"ReadAction\",\"target\":[\"https:\\\/\\\/inclusivenews.com.br\\\/?p=29554\"]}]},{\"@type\":\"ImageObject\",\"inLanguage\":\"pt-PT\",\"@id\":\"https:\\\/\\\/inclusivenews.com.br\\\/?p=29554#primaryimage\",\"url\":\"http:\\\/\\\/gcn.net.br\\\/dir-arquivo-imagem\\\/2016\\\/06\\\/20160615230744_57152304.jpg\",\"contentUrl\":\"http:\\\/\\\/gcn.net.br\\\/dir-arquivo-imagem\\\/2016\\\/06\\\/20160615230744_57152304.jpg\"},{\"@type\":\"BreadcrumbList\",\"@id\":\"https:\\\/\\\/inclusivenews.com.br\\\/?p=29554#breadcrumb\",\"itemListElement\":[{\"@type\":\"ListItem\",\"position\":1,\"name\":\"In\u00edcio\",\"item\":\"https:\\\/\\\/inclusivenews.com.br\\\/\"},{\"@type\":\"ListItem\",\"position\":2,\"name\":\"Livro infantil e paralimp\u00edadas\"}]},{\"@type\":\"WebSite\",\"@id\":\"https:\\\/\\\/inclusivenews.com.br\\\/#website\",\"url\":\"https:\\\/\\\/inclusivenews.com.br\\\/\",\"name\":\"Inclusive News\",\"description\":\"Inclusive News\",\"publisher\":{\"@id\":\"https:\\\/\\\/inclusivenews.com.br\\\/#organization\"},\"potentialAction\":[{\"@type\":\"SearchAction\",\"target\":{\"@type\":\"EntryPoint\",\"urlTemplate\":\"https:\\\/\\\/inclusivenews.com.br\\\/?s={search_term_string}\"},\"query-input\":{\"@type\":\"PropertyValueSpecification\",\"valueRequired\":true,\"valueName\":\"search_term_string\"}}],\"inLanguage\":\"pt-PT\"},{\"@type\":\"Organization\",\"@id\":\"https:\\\/\\\/inclusivenews.com.br\\\/#organization\",\"name\":\"Inclusive - inclus\u00e3o e cidadania\",\"url\":\"https:\\\/\\\/inclusivenews.com.br\\\/\",\"logo\":{\"@type\":\"ImageObject\",\"inLanguage\":\"pt-PT\",\"@id\":\"https:\\\/\\\/inclusivenews.com.br\\\/#\\\/schema\\\/logo\\\/image\\\/\",\"url\":\"https:\\\/\\\/inclusivenews.com.br\\\/wp-content\\\/uploads\\\/2024\\\/03\\\/@grandesite.png\",\"contentUrl\":\"https:\\\/\\\/inclusivenews.com.br\\\/wp-content\\\/uploads\\\/2024\\\/03\\\/@grandesite.png\",\"width\":1080,\"height\":1080,\"caption\":\"Inclusive - inclus\u00e3o e cidadania\"},\"image\":{\"@id\":\"https:\\\/\\\/inclusivenews.com.br\\\/#\\\/schema\\\/logo\\\/image\\\/\"},\"sameAs\":[\"https:\\\/\\\/www.facebook.com\\\/agenciainclusive\\\/\",\"https:\\\/\\\/www.instagram.com\\\/newsinclusive\\\/\"]},{\"@type\":\"Person\",\"@id\":\"https:\\\/\\\/inclusivenews.com.br\\\/#\\\/schema\\\/person\\\/ae4ec7087559b8692fb33b6fffd2273b\",\"name\":\"inclusivenews2024\",\"image\":{\"@type\":\"ImageObject\",\"inLanguage\":\"pt-PT\",\"@id\":\"https:\\\/\\\/secure.gravatar.com\\\/avatar\\\/c5a7ef84c66fa914f55bc4f7ce26cfa275a3b9a1c5568b907bd184fb4dde7b40?s=96&d=mm&r=g\",\"url\":\"https:\\\/\\\/secure.gravatar.com\\\/avatar\\\/c5a7ef84c66fa914f55bc4f7ce26cfa275a3b9a1c5568b907bd184fb4dde7b40?s=96&d=mm&r=g\",\"contentUrl\":\"https:\\\/\\\/secure.gravatar.com\\\/avatar\\\/c5a7ef84c66fa914f55bc4f7ce26cfa275a3b9a1c5568b907bd184fb4dde7b40?s=96&d=mm&r=g\",\"caption\":\"inclusivenews2024\"},\"sameAs\":[\"https:\\\/\\\/inclusivenews.com.br\"],\"url\":\"https:\\\/\\\/inclusivenews.com.br\\\/?author=1\"}]}<\/script>\n<!-- \/ Yoast SEO plugin. -->","yoast_head_json":{"title":"Livro infantil e paralimp\u00edadas -","robots":{"index":"index","follow":"follow","max-snippet":"max-snippet:-1","max-image-preview":"max-image-preview:large","max-video-preview":"max-video-preview:-1"},"canonical":"https:\/\/inclusivenews.com.br\/?p=29554","og_locale":"pt_PT","og_type":"article","og_title":"Livro infantil e paralimp\u00edadas -","og_description":"Livro conta para as crian\u00e7as a hist\u00f3ria das Olimp\u00edadas e Paraolimp\u00edadas e incentiva a pr\u00e1tica de esportes na inf\u00e2ncia e na vida adulta.","og_url":"https:\/\/inclusivenews.com.br\/?p=29554","article_publisher":"https:\/\/www.facebook.com\/agenciainclusive\/","article_published_time":"2016-06-22T18:09:03+00:00","og_image":[{"url":"http:\/\/gcn.net.br\/dir-arquivo-imagem\/2016\/06\/20160615230744_57152304.jpg","type":"","width":"","height":""}],"author":"inclusivenews2024","twitter_card":"summary_large_image","twitter_misc":{"Escrito por":"inclusivenews2024","Tempo estimado de leitura":"2 minutos"},"schema":{"@context":"https:\/\/schema.org","@graph":[{"@type":"Article","@id":"https:\/\/inclusivenews.com.br\/?p=29554#article","isPartOf":{"@id":"https:\/\/inclusivenews.com.br\/?p=29554"},"author":{"name":"inclusivenews2024","@id":"https:\/\/inclusivenews.com.br\/#\/schema\/person\/ae4ec7087559b8692fb33b6fffd2273b"},"headline":"Livro infantil e paralimp\u00edadas","datePublished":"2016-06-22T18:09:03+00:00","mainEntityOfPage":{"@id":"https:\/\/inclusivenews.com.br\/?p=29554"},"wordCount":396,"commentCount":0,"publisher":{"@id":"https:\/\/inclusivenews.com.br\/#organization"},"image":{"@id":"https:\/\/inclusivenews.com.br\/?p=29554#primaryimage"},"thumbnailUrl":"http:\/\/gcn.net.br\/dir-arquivo-imagem\/2016\/06\/20160615230744_57152304.jpg","keywords":["jogos paral\u00edmpicos"],"articleSection":["Defici\u00eancia","DIREITOS HUMANOS","Esporte","INCLUS\u00c3O SOCIAL","Lan\u00e7amentos","Livros","PUBLICA\u00c7\u00d5ES","SHOWZ"],"inLanguage":"pt-PT","potentialAction":[{"@type":"CommentAction","name":"Comment","target":["https:\/\/inclusivenews.com.br\/?p=29554#respond"]}]},{"@type":"WebPage","@id":"https:\/\/inclusivenews.com.br\/?p=29554","url":"https:\/\/inclusivenews.com.br\/?p=29554","name":"Livro infantil e paralimp\u00edadas -","isPartOf":{"@id":"https:\/\/inclusivenews.com.br\/#website"},"primaryImageOfPage":{"@id":"https:\/\/inclusivenews.com.br\/?p=29554#primaryimage"},"image":{"@id":"https:\/\/inclusivenews.com.br\/?p=29554#primaryimage"},"thumbnailUrl":"http:\/\/gcn.net.br\/dir-arquivo-imagem\/2016\/06\/20160615230744_57152304.jpg","datePublished":"2016-06-22T18:09:03+00:00","breadcrumb":{"@id":"https:\/\/inclusivenews.com.br\/?p=29554#breadcrumb"},"inLanguage":"pt-PT","potentialAction":[{"@type":"ReadAction","target":["https:\/\/inclusivenews.com.br\/?p=29554"]}]},{"@type":"ImageObject","inLanguage":"pt-PT","@id":"https:\/\/inclusivenews.com.br\/?p=29554#primaryimage","url":"http:\/\/gcn.net.br\/dir-arquivo-imagem\/2016\/06\/20160615230744_57152304.jpg","contentUrl":"http:\/\/gcn.net.br\/dir-arquivo-imagem\/2016\/06\/20160615230744_57152304.jpg"},{"@type":"BreadcrumbList","@id":"https:\/\/inclusivenews.com.br\/?p=29554#breadcrumb","itemListElement":[{"@type":"ListItem","position":1,"name":"In\u00edcio","item":"https:\/\/inclusivenews.com.br\/"},{"@type":"ListItem","position":2,"name":"Livro infantil e paralimp\u00edadas"}]},{"@type":"WebSite","@id":"https:\/\/inclusivenews.com.br\/#website","url":"https:\/\/inclusivenews.com.br\/","name":"Inclusive News","description":"Inclusive News","publisher":{"@id":"https:\/\/inclusivenews.com.br\/#organization"},"potentialAction":[{"@type":"SearchAction","target":{"@type":"EntryPoint","urlTemplate":"https:\/\/inclusivenews.com.br\/?s={search_term_string}"},"query-input":{"@type":"PropertyValueSpecification","valueRequired":true,"valueName":"search_term_string"}}],"inLanguage":"pt-PT"},{"@type":"Organization","@id":"https:\/\/inclusivenews.com.br\/#organization","name":"Inclusive - inclus\u00e3o e cidadania","url":"https:\/\/inclusivenews.com.br\/","logo":{"@type":"ImageObject","inLanguage":"pt-PT","@id":"https:\/\/inclusivenews.com.br\/#\/schema\/logo\/image\/","url":"https:\/\/inclusivenews.com.br\/wp-content\/uploads\/2024\/03\/@grandesite.png","contentUrl":"https:\/\/inclusivenews.com.br\/wp-content\/uploads\/2024\/03\/@grandesite.png","width":1080,"height":1080,"caption":"Inclusive - inclus\u00e3o e cidadania"},"image":{"@id":"https:\/\/inclusivenews.com.br\/#\/schema\/logo\/image\/"},"sameAs":["https:\/\/www.facebook.com\/agenciainclusive\/","https:\/\/www.instagram.com\/newsinclusive\/"]},{"@type":"Person","@id":"https:\/\/inclusivenews.com.br\/#\/schema\/person\/ae4ec7087559b8692fb33b6fffd2273b","name":"inclusivenews2024","image":{"@type":"ImageObject","inLanguage":"pt-PT","@id":"https:\/\/secure.gravatar.com\/avatar\/c5a7ef84c66fa914f55bc4f7ce26cfa275a3b9a1c5568b907bd184fb4dde7b40?s=96&d=mm&r=g","url":"https:\/\/secure.gravatar.com\/avatar\/c5a7ef84c66fa914f55bc4f7ce26cfa275a3b9a1c5568b907bd184fb4dde7b40?s=96&d=mm&r=g","contentUrl":"https:\/\/secure.gravatar.com\/avatar\/c5a7ef84c66fa914f55bc4f7ce26cfa275a3b9a1c5568b907bd184fb4dde7b40?s=96&d=mm&r=g","caption":"inclusivenews2024"},"sameAs":["https:\/\/inclusivenews.com.br"],"url":"https:\/\/inclusivenews.com.br\/?author=1"}]}},"_links":{"self":[{"href":"https:\/\/inclusivenews.com.br\/index.php?rest_route=\/wp\/v2\/posts\/29554","targetHints":{"allow":["GET"]}}],"collection":[{"href":"https:\/\/inclusivenews.com.br\/index.php?rest_route=\/wp\/v2\/posts"}],"about":[{"href":"https:\/\/inclusivenews.com.br\/index.php?rest_route=\/wp\/v2\/types\/post"}],"author":[{"embeddable":true,"href":"https:\/\/inclusivenews.com.br\/index.php?rest_route=\/wp\/v2\/users\/1"}],"replies":[{"embeddable":true,"href":"https:\/\/inclusivenews.com.br\/index.php?rest_route=%2Fwp%2Fv2%2Fcomments&post=29554"}],"version-history":[{"count":0,"href":"https:\/\/inclusivenews.com.br\/index.php?rest_route=\/wp\/v2\/posts\/29554\/revisions"}],"wp:attachment":[{"href":"https:\/\/inclusivenews.com.br\/index.php?rest_route=%2Fwp%2Fv2%2Fmedia&parent=29554"}],"wp:term":[{"taxonomy":"category","embeddable":true,"href":"https:\/\/inclusivenews.com.br\/index.php?rest_route=%2Fwp%2Fv2%2Fcategories&post=29554"},{"taxonomy":"post_tag","embeddable":true,"href":"https:\/\/inclusivenews.com.br\/index.php?rest_route=%2Fwp%2Fv2%2Ftags&post=29554"}],"curies":[{"name":"wp","href":"https:\/\/api.w.org\/{rel}","templated":true}]}}