{"id":29557,"date":"2016-06-23T08:58:58","date_gmt":"2016-06-23T11:58:58","guid":{"rendered":"http:\/\/www.inclusive.org.br\/?p=29557"},"modified":"2016-06-23T08:58:58","modified_gmt":"2016-06-23T11:58:58","slug":"reivindicacoes-do-movimento-de-pessoas-com-deficiencia-ao-ministerio-da-justica-e-cidadania","status":"publish","type":"post","link":"https:\/\/inclusivenews.com.br\/?p=29557","title":{"rendered":"Reivindica\u00e7\u00f5es do movimento de pessoas com defici\u00eancia ao Minist\u00e9rio da Justi\u00e7a e Cidadania"},"content":{"rendered":"<p><img loading=\"lazy\" decoding=\"async\" class=\"alignnone size-full wp-image-21676\" src=\"http:\/\/inclusivenews.com.br\/wp-content\/uploads\/caneta.jpg\" alt=\"M\u00e3o segurando uma caneta\" width=\"200\" height=\"150\" \/><\/p>\n<p>As entidades aqui representadas, norteadas pelos princ\u00edpios da igualdade e da universalidade dos direitos humanos, v\u00eam, ao longo dos anos, defendendo a valoriza\u00e7\u00e3o da diversidade e da solidariedade entre os membros da sociedade, independentemente das diferen\u00e7as que os singulariza, bem como buscar promover os direitos das pessoas com defici\u00eancia.<\/p>\n<p>Considerando a grave crise econ\u00f4mica e pol\u00edtica atual, apresentamos a Vossa Excel\u00eancia algumas reivindica\u00e7\u00f5es discutidas exaustivamente por entidades e ativistas, interessados t\u00e3o somente na aten\u00e7\u00e3o do Governo Federal aos preceitos inclusivos adotados no marco legal brasileiro, materializados nas seguintes a\u00e7\u00f5es, exemplificativamente:<\/p>\n<ol>\n<li>Compromisso do Governo com os valores e diretrizes da Conven\u00e7\u00e3o da ONU sobre os Direitos das Pessoas com Defici\u00eancia e do seu Protocolo Facultativo &#8211; CDPD\u00a0 (Decreto n\u00ba 6.949, de 25 de agosto de 2009),\u00a0 em toda sua extens\u00e3o legal,\u00a0 dos outros tratados internacionais de direitos humanos e da Constitui\u00e7\u00e3o Federal, naquilo que afeta essa popula\u00e7\u00e3o, assim como o compromisso com o estrito cumprimento das \u00a0normas infraconstitucionais \u00a0relacionadas \u00e0s pessoas com defici\u00eancia, especialmente a Lei Brasileira de Inclus\u00e3o &#8211; LBI (Lei n\u00ba 13.146, de 6 de julho de 2015), e com as pol\u00edticas p\u00fablicas pertinentes,\u00a0 sem retrocessos, a par da sua publicidade e ampla dissemina\u00e7\u00e3o na sociedade;<\/li>\n<li>Observ\u00e2ncia das Recomenda\u00e7\u00f5es do Comit\u00ea da ONU, emitidas em 04.09.2015, acerca da implementa\u00e7\u00e3o da Conven\u00e7\u00e3o sobre os Direitos das Pessoas com Defici\u00eancia no Brasil;<\/li>\n<li>Regulamenta\u00e7\u00e3o, com a maior brevidade poss\u00edvel, da Lei Brasileira de Inclus\u00e3o (Estatuto da Pessoa com Defici\u00eancia), notadamente quanto aos instrumentos de avalia\u00e7\u00e3o da defici\u00eancia (artigo 2\u00ba, \u00a7 1\u00ba, da Lei n\u00ba 13.146\/2015), considerando-se que a flu\u00eancia do prazo de 2 anos para esse fim iniciou-se em 07.01.2016 (artigo 124);<\/li>\n<li>Estrutura\u00e7\u00e3o da Secretaria Especial da Pessoa com Defici\u00eancia de modo a torn\u00e1-la capaz de decisivamente contribuir para a implementa\u00e7\u00e3o de pol\u00edticas p\u00fablicas efetivas e eficazes para essas pessoas e de coordenar a citada regulamenta\u00e7\u00e3o da Lei Brasileira de Inclus\u00e3o, no tempo nela previsto;<\/li>\n<li>Ado\u00e7\u00e3o de provid\u00eancias legislativas e administrativas para a adequa\u00e7\u00e3o institucional do Conselho Nacional dos Direitos da Pessoa com Defici\u00eancia \u2013 CONADE aos Princ\u00edpios de Paris (Resolu\u00e7\u00e3o 48\/134 da ONU) e ao artigo 33 da Conven\u00e7\u00e3o sobre os Direitos das Pessoas com Defici\u00eancia, de modo a transform\u00e1-lo em um mecanismo de controle independente do Governo Federal;<\/li>\n<li>Manuten\u00e7\u00e3o das pol\u00edticas de inclus\u00e3o das pessoas com defici\u00eancia em todos os espa\u00e7os sociais, principalmente nas escolas e no mercado de trabalho, sendo imprescind\u00edvel para a consecu\u00e7\u00e3o desse objetivo o estabelecimento de di\u00e1logo construtivo entre as entidades de pessoas com defici\u00eancia e os Minist\u00e9rios \u2013 especialmente o da Educa\u00e7\u00e3o e o do Trabalho e Emprego \u2013, nas discuss\u00f5es e delibera\u00e7\u00f5es que envolvam pol\u00edticas e programas \u00a0p\u00fablicos para essas pessoa. Cumpre enfatizar, neste ponto, que a recente decis\u00e3o do STF na A\u00e7\u00e3o Direta de Inconstitucionalidade n\u00ba 5357 refor\u00e7a o direito da pessoa com defici\u00eancia \u00e0 educa\u00e7\u00e3o em escola comum, tendo se tornado uma matriz quanto ao direito \u00e0 inclus\u00e3o;<\/li>\n<li>Empreendimento de\u00a0esfor\u00e7os, junto aos Minist\u00e9rios competentes, para a regulamenta\u00e7\u00e3o do aux\u00edlio-inclus\u00e3o, previsto no artigo 94 da Lei 13.146\/2015 \u2013 LBI &#8211; de modo a dar efic\u00e1cia ao prop\u00f3sito de inser\u00e7\u00e3o no mundo do trabalho das pessoas com defici\u00eancia benefici\u00e1rias do benef\u00edcio da presta\u00e7\u00e3o continuada (BPC) e tamb\u00e9m para a regulamenta\u00e7\u00e3o do artigo 36 da mesma Lei, que permitir\u00e1, juntamente com a garantia de acessibilidade, em sentido amplo, o cumprimento mais eficaz da reserva de vagas prevista no artigo 93 da Lei 8.213\/91;<\/li>\n<li>Considera\u00e7\u00e3o das delibera\u00e7\u00f5es do Conselho Nacional dos Direitos da Pessoa com Defici\u00eancia \u2013 CONADE, dos resultados das Confer\u00eancias Nacionais e das demandas leg\u00edtimas das pessoas com defici\u00eancia e respectivas entidades, ainda que n\u00e3o componentes desse Conselho, na elabora\u00e7\u00e3o das pol\u00edticas p\u00fablicas e programas em rela\u00e7\u00e3o \u00e0s pessoas com defici\u00eancia;<\/li>\n<li>Fortalecimento dos Conselhos estaduais, distrital e municipais dos Direitos das Pessoas com Defici\u00eancia, a fim de efetivar a implementa\u00e7\u00e3o e o monitoramento da Conven\u00e7\u00e3o da ONU (CPCD) e de influenciar a elabora\u00e7\u00e3o de pol\u00edticas p\u00fablicas efetivas;<\/li>\n<li>Concretiza\u00e7\u00e3o, junto aos f\u00f3runs competentes, tais como CONADE e Casa Civil, de um dos prop\u00f3sitos do Estado brasileiro de ter implementados Conselhos de direitos da pessoa com defici\u00eancia em todos os Munic\u00edpios brasileiros, a fim de fortalecer o controle social previsto constitucionalmente principalmente quanto \u00e0 implementa\u00e7\u00e3o e monitoramento da CPCD;<\/li>\n<li>Garantia de manuten\u00e7\u00e3o de investimentos no Plano Viver sem Limites, visando a assegurar\u00a0 sua continuidade\u00a0 em todas as \u00e1reas de incid\u00eancia, e de que seja al\u00e7ado \u00e0 condi\u00e7\u00e3o de pol\u00edtica p\u00fablica permanente, enquanto dele necessitar a popula\u00e7\u00e3o com defici\u00eancia;<\/li>\n<li>Encaminhamento de projeto de lei para a cria\u00e7\u00e3o de um Fundo Nacional dos direitos da pessoa com defici\u00eancia destinado a assegurar o apoio\u00a0 a a\u00e7\u00f5es, programas e projetos de garantia de direitos da pessoa com defici\u00eancia, cabendo aos conselhos de defesa dos direitos da pessoa com defici\u00eancia nos \u00e2mbitos\u00a0 Federal,\u00a0 Estadual, Municipal e Distrital e \u00e0s entidades de defesa desses direitos participar amplamente da discuss\u00e3o da composi\u00e7\u00e3o, forma de capta\u00e7\u00e3o de recursos e de sua destina\u00e7\u00e3o;<\/li>\n<li>Viabiliza\u00e7\u00e3o, nos moldes do artigo 33 da Lei 13.146\/2015, do acesso a moradias independentes com apoio individualizado, por meio da articula\u00e7\u00e3o entre as pol\u00edticas p\u00fablicas de moradia social do Minist\u00e9rio das Cidades, com os benef\u00edcios do SUAS e com os servi\u00e7os especializados do SUS para definir um modelo economicamente sustent\u00e1vel que amplie e garanta a vida independente e aut\u00f4noma de adultos com defici\u00eancias, em conformidade com os artigos 31 e 32 dessa Lei e<\/li>\n<li>Cria\u00e7\u00e3o de diretrizes nacionais de organiza\u00e7\u00e3o, capacita\u00e7\u00e3o e fortalecimento dos \u00f3rg\u00e3os gestores e demais inst\u00e2ncias integrantes do sistema de promo\u00e7\u00e3o de direitos da pessoa com defici\u00eancia na perspectiva dos direitos humanos.<\/li>\n<\/ol>\n<p style=\"text-align: center;\">Bras\u00edlia-DF, 22 de junho de 2016.<\/p>\n<ul>\n<li>Federa\u00e7\u00e3o Brasileira das Associa\u00e7\u00f5es de S\u00edndrome de Down &#8211; FBASD<\/li>\n<li>Associa\u00e7\u00e3o Nacional do Minist\u00e9rio P\u00fablico de Defesa dos Direitos dos Idosos e Pessoas com Defici\u00eancia \u2013 AMPID<\/li>\n<li>Inclusive \u2013 Inclus\u00e3o e Cidadania<\/li>\n<li>Escola de Gente &#8211; Comunica\u00e7\u00e3o em Inclus\u00e3o<\/li>\n<\/ul>\n","protected":false},"excerpt":{"rendered":"<p>As entidades aqui representadas, norteadas pelos princ\u00edpios da igualdade e da universalidade dos direitos humanos, v\u00eam, ao longo dos anos, defendendo a valoriza\u00e7\u00e3o da diversidade e da solidariedade entre os membros da sociedade, independentemente das diferen\u00e7as que os caracterizam, bem como busca promover os direitos das pessoas com defici\u00eancia.<\/p>\n","protected":false},"author":1,"featured_media":0,"comment_status":"open","ping_status":"open","sticky":false,"template":"","format":"standard","meta":{"site-container-style":"default","site-container-layout":"default","site-sidebar-layout":"default","disable-article-header":"default","disable-site-header":"default","disable-site-footer":"default","disable-content-area-spacing":"default","footnotes":""},"categories":[35,11],"tags":[149,272],"class_list":["post-29557","post","type-post","status-publish","format-standard","hentry","category-de-nossa-parte","category-direitos-humanos","tag-direitos-humanos-2","tag-pessoas-com-deficiencia"],"yoast_head":"<!-- This site is optimized with the Yoast SEO plugin v27.4 - https:\/\/yoast.com\/product\/yoast-seo-wordpress\/ -->\n<title>Reivindica\u00e7\u00f5es do movimento de pessoas com defici\u00eancia ao Minist\u00e9rio da Justi\u00e7a e Cidadania -<\/title>\n<meta name=\"robots\" content=\"index, follow, max-snippet:-1, max-image-preview:large, max-video-preview:-1\" \/>\n<link rel=\"canonical\" href=\"https:\/\/inclusivenews.com.br\/?p=29557\" \/>\n<meta property=\"og:locale\" content=\"pt_PT\" \/>\n<meta property=\"og:type\" content=\"article\" \/>\n<meta property=\"og:title\" content=\"Reivindica\u00e7\u00f5es do movimento de pessoas com defici\u00eancia ao Minist\u00e9rio da Justi\u00e7a e Cidadania -\" \/>\n<meta property=\"og:description\" content=\"As entidades aqui representadas, norteadas pelos princ\u00edpios da igualdade e da universalidade dos direitos humanos, v\u00eam, ao longo dos anos, defendendo a valoriza\u00e7\u00e3o da diversidade e da solidariedade entre os membros da sociedade, independentemente das diferen\u00e7as que os caracterizam, bem como busca promover os direitos das pessoas com defici\u00eancia.\" \/>\n<meta property=\"og:url\" content=\"https:\/\/inclusivenews.com.br\/?p=29557\" \/>\n<meta property=\"article:publisher\" content=\"https:\/\/www.facebook.com\/agenciainclusive\/\" \/>\n<meta property=\"article:published_time\" content=\"2016-06-23T11:58:58+00:00\" \/>\n<meta property=\"og:image\" content=\"http:\/\/inclusivenews.com.br\/wp-content\/uploads\/caneta.jpg\" \/>\n<meta name=\"author\" content=\"inclusivenews2024\" \/>\n<meta name=\"twitter:card\" content=\"summary_large_image\" \/>\n<meta name=\"twitter:label1\" content=\"Escrito por\" \/>\n\t<meta name=\"twitter:data1\" content=\"inclusivenews2024\" \/>\n\t<meta name=\"twitter:label2\" content=\"Tempo estimado de leitura\" \/>\n\t<meta name=\"twitter:data2\" content=\"5 minutos\" \/>\n<script type=\"application\/ld+json\" class=\"yoast-schema-graph\">{\"@context\":\"https:\\\/\\\/schema.org\",\"@graph\":[{\"@type\":\"Article\",\"@id\":\"https:\\\/\\\/inclusivenews.com.br\\\/?p=29557#article\",\"isPartOf\":{\"@id\":\"https:\\\/\\\/inclusivenews.com.br\\\/?p=29557\"},\"author\":{\"name\":\"inclusivenews2024\",\"@id\":\"https:\\\/\\\/inclusivenews.com.br\\\/#\\\/schema\\\/person\\\/ae4ec7087559b8692fb33b6fffd2273b\"},\"headline\":\"Reivindica\u00e7\u00f5es do movimento de pessoas com defici\u00eancia ao Minist\u00e9rio da Justi\u00e7a e Cidadania\",\"datePublished\":\"2016-06-23T11:58:58+00:00\",\"mainEntityOfPage\":{\"@id\":\"https:\\\/\\\/inclusivenews.com.br\\\/?p=29557\"},\"wordCount\":1092,\"commentCount\":1,\"publisher\":{\"@id\":\"https:\\\/\\\/inclusivenews.com.br\\\/#organization\"},\"image\":{\"@id\":\"https:\\\/\\\/inclusivenews.com.br\\\/?p=29557#primaryimage\"},\"thumbnailUrl\":\"http:\\\/\\\/inclusivenews.com.br\\\/wp-content\\\/uploads\\\/caneta.jpg\",\"keywords\":[\"direitos humanos\",\"pessoas com defici\u00eancia\"],\"articleSection\":[\"+ De nossa parte\",\"DIREITOS HUMANOS\"],\"inLanguage\":\"pt-PT\",\"potentialAction\":[{\"@type\":\"CommentAction\",\"name\":\"Comment\",\"target\":[\"https:\\\/\\\/inclusivenews.com.br\\\/?p=29557#respond\"]}]},{\"@type\":\"WebPage\",\"@id\":\"https:\\\/\\\/inclusivenews.com.br\\\/?p=29557\",\"url\":\"https:\\\/\\\/inclusivenews.com.br\\\/?p=29557\",\"name\":\"Reivindica\u00e7\u00f5es do movimento de pessoas com defici\u00eancia ao Minist\u00e9rio da Justi\u00e7a e Cidadania -\",\"isPartOf\":{\"@id\":\"https:\\\/\\\/inclusivenews.com.br\\\/#website\"},\"primaryImageOfPage\":{\"@id\":\"https:\\\/\\\/inclusivenews.com.br\\\/?p=29557#primaryimage\"},\"image\":{\"@id\":\"https:\\\/\\\/inclusivenews.com.br\\\/?p=29557#primaryimage\"},\"thumbnailUrl\":\"http:\\\/\\\/inclusivenews.com.br\\\/wp-content\\\/uploads\\\/caneta.jpg\",\"datePublished\":\"2016-06-23T11:58:58+00:00\",\"breadcrumb\":{\"@id\":\"https:\\\/\\\/inclusivenews.com.br\\\/?p=29557#breadcrumb\"},\"inLanguage\":\"pt-PT\",\"potentialAction\":[{\"@type\":\"ReadAction\",\"target\":[\"https:\\\/\\\/inclusivenews.com.br\\\/?p=29557\"]}]},{\"@type\":\"ImageObject\",\"inLanguage\":\"pt-PT\",\"@id\":\"https:\\\/\\\/inclusivenews.com.br\\\/?p=29557#primaryimage\",\"url\":\"\",\"contentUrl\":\"\"},{\"@type\":\"BreadcrumbList\",\"@id\":\"https:\\\/\\\/inclusivenews.com.br\\\/?p=29557#breadcrumb\",\"itemListElement\":[{\"@type\":\"ListItem\",\"position\":1,\"name\":\"In\u00edcio\",\"item\":\"https:\\\/\\\/inclusivenews.com.br\\\/\"},{\"@type\":\"ListItem\",\"position\":2,\"name\":\"Reivindica\u00e7\u00f5es do movimento de pessoas com defici\u00eancia ao Minist\u00e9rio da Justi\u00e7a e Cidadania\"}]},{\"@type\":\"WebSite\",\"@id\":\"https:\\\/\\\/inclusivenews.com.br\\\/#website\",\"url\":\"https:\\\/\\\/inclusivenews.com.br\\\/\",\"name\":\"Inclusive News\",\"description\":\"Inclusive News\",\"publisher\":{\"@id\":\"https:\\\/\\\/inclusivenews.com.br\\\/#organization\"},\"potentialAction\":[{\"@type\":\"SearchAction\",\"target\":{\"@type\":\"EntryPoint\",\"urlTemplate\":\"https:\\\/\\\/inclusivenews.com.br\\\/?s={search_term_string}\"},\"query-input\":{\"@type\":\"PropertyValueSpecification\",\"valueRequired\":true,\"valueName\":\"search_term_string\"}}],\"inLanguage\":\"pt-PT\"},{\"@type\":\"Organization\",\"@id\":\"https:\\\/\\\/inclusivenews.com.br\\\/#organization\",\"name\":\"Inclusive - inclus\u00e3o e cidadania\",\"url\":\"https:\\\/\\\/inclusivenews.com.br\\\/\",\"logo\":{\"@type\":\"ImageObject\",\"inLanguage\":\"pt-PT\",\"@id\":\"https:\\\/\\\/inclusivenews.com.br\\\/#\\\/schema\\\/logo\\\/image\\\/\",\"url\":\"https:\\\/\\\/inclusivenews.com.br\\\/wp-content\\\/uploads\\\/2024\\\/03\\\/@grandesite.png\",\"contentUrl\":\"https:\\\/\\\/inclusivenews.com.br\\\/wp-content\\\/uploads\\\/2024\\\/03\\\/@grandesite.png\",\"width\":1080,\"height\":1080,\"caption\":\"Inclusive - inclus\u00e3o e cidadania\"},\"image\":{\"@id\":\"https:\\\/\\\/inclusivenews.com.br\\\/#\\\/schema\\\/logo\\\/image\\\/\"},\"sameAs\":[\"https:\\\/\\\/www.facebook.com\\\/agenciainclusive\\\/\",\"https:\\\/\\\/www.instagram.com\\\/newsinclusive\\\/\"]},{\"@type\":\"Person\",\"@id\":\"https:\\\/\\\/inclusivenews.com.br\\\/#\\\/schema\\\/person\\\/ae4ec7087559b8692fb33b6fffd2273b\",\"name\":\"inclusivenews2024\",\"image\":{\"@type\":\"ImageObject\",\"inLanguage\":\"pt-PT\",\"@id\":\"https:\\\/\\\/secure.gravatar.com\\\/avatar\\\/c5a7ef84c66fa914f55bc4f7ce26cfa275a3b9a1c5568b907bd184fb4dde7b40?s=96&d=mm&r=g\",\"url\":\"https:\\\/\\\/secure.gravatar.com\\\/avatar\\\/c5a7ef84c66fa914f55bc4f7ce26cfa275a3b9a1c5568b907bd184fb4dde7b40?s=96&d=mm&r=g\",\"contentUrl\":\"https:\\\/\\\/secure.gravatar.com\\\/avatar\\\/c5a7ef84c66fa914f55bc4f7ce26cfa275a3b9a1c5568b907bd184fb4dde7b40?s=96&d=mm&r=g\",\"caption\":\"inclusivenews2024\"},\"sameAs\":[\"https:\\\/\\\/inclusivenews.com.br\"],\"url\":\"https:\\\/\\\/inclusivenews.com.br\\\/?author=1\"}]}<\/script>\n<!-- \/ Yoast SEO plugin. -->","yoast_head_json":{"title":"Reivindica\u00e7\u00f5es do movimento de pessoas com defici\u00eancia ao Minist\u00e9rio da Justi\u00e7a e Cidadania -","robots":{"index":"index","follow":"follow","max-snippet":"max-snippet:-1","max-image-preview":"max-image-preview:large","max-video-preview":"max-video-preview:-1"},"canonical":"https:\/\/inclusivenews.com.br\/?p=29557","og_locale":"pt_PT","og_type":"article","og_title":"Reivindica\u00e7\u00f5es do movimento de pessoas com defici\u00eancia ao Minist\u00e9rio da Justi\u00e7a e Cidadania -","og_description":"As entidades aqui representadas, norteadas pelos princ\u00edpios da igualdade e da universalidade dos direitos humanos, v\u00eam, ao longo dos anos, defendendo a valoriza\u00e7\u00e3o da diversidade e da solidariedade entre os membros da sociedade, independentemente das diferen\u00e7as que os caracterizam, bem como busca promover os direitos das pessoas com defici\u00eancia.","og_url":"https:\/\/inclusivenews.com.br\/?p=29557","article_publisher":"https:\/\/www.facebook.com\/agenciainclusive\/","article_published_time":"2016-06-23T11:58:58+00:00","og_image":[{"url":"http:\/\/inclusivenews.com.br\/wp-content\/uploads\/caneta.jpg","type":"","width":"","height":""}],"author":"inclusivenews2024","twitter_card":"summary_large_image","twitter_misc":{"Escrito por":"inclusivenews2024","Tempo estimado de leitura":"5 minutos"},"schema":{"@context":"https:\/\/schema.org","@graph":[{"@type":"Article","@id":"https:\/\/inclusivenews.com.br\/?p=29557#article","isPartOf":{"@id":"https:\/\/inclusivenews.com.br\/?p=29557"},"author":{"name":"inclusivenews2024","@id":"https:\/\/inclusivenews.com.br\/#\/schema\/person\/ae4ec7087559b8692fb33b6fffd2273b"},"headline":"Reivindica\u00e7\u00f5es do movimento de pessoas com defici\u00eancia ao Minist\u00e9rio da Justi\u00e7a e Cidadania","datePublished":"2016-06-23T11:58:58+00:00","mainEntityOfPage":{"@id":"https:\/\/inclusivenews.com.br\/?p=29557"},"wordCount":1092,"commentCount":1,"publisher":{"@id":"https:\/\/inclusivenews.com.br\/#organization"},"image":{"@id":"https:\/\/inclusivenews.com.br\/?p=29557#primaryimage"},"thumbnailUrl":"http:\/\/inclusivenews.com.br\/wp-content\/uploads\/caneta.jpg","keywords":["direitos humanos","pessoas com defici\u00eancia"],"articleSection":["+ De nossa parte","DIREITOS HUMANOS"],"inLanguage":"pt-PT","potentialAction":[{"@type":"CommentAction","name":"Comment","target":["https:\/\/inclusivenews.com.br\/?p=29557#respond"]}]},{"@type":"WebPage","@id":"https:\/\/inclusivenews.com.br\/?p=29557","url":"https:\/\/inclusivenews.com.br\/?p=29557","name":"Reivindica\u00e7\u00f5es do movimento de pessoas com defici\u00eancia ao Minist\u00e9rio da Justi\u00e7a e Cidadania -","isPartOf":{"@id":"https:\/\/inclusivenews.com.br\/#website"},"primaryImageOfPage":{"@id":"https:\/\/inclusivenews.com.br\/?p=29557#primaryimage"},"image":{"@id":"https:\/\/inclusivenews.com.br\/?p=29557#primaryimage"},"thumbnailUrl":"http:\/\/inclusivenews.com.br\/wp-content\/uploads\/caneta.jpg","datePublished":"2016-06-23T11:58:58+00:00","breadcrumb":{"@id":"https:\/\/inclusivenews.com.br\/?p=29557#breadcrumb"},"inLanguage":"pt-PT","potentialAction":[{"@type":"ReadAction","target":["https:\/\/inclusivenews.com.br\/?p=29557"]}]},{"@type":"ImageObject","inLanguage":"pt-PT","@id":"https:\/\/inclusivenews.com.br\/?p=29557#primaryimage","url":"","contentUrl":""},{"@type":"BreadcrumbList","@id":"https:\/\/inclusivenews.com.br\/?p=29557#breadcrumb","itemListElement":[{"@type":"ListItem","position":1,"name":"In\u00edcio","item":"https:\/\/inclusivenews.com.br\/"},{"@type":"ListItem","position":2,"name":"Reivindica\u00e7\u00f5es do movimento de pessoas com defici\u00eancia ao Minist\u00e9rio da Justi\u00e7a e Cidadania"}]},{"@type":"WebSite","@id":"https:\/\/inclusivenews.com.br\/#website","url":"https:\/\/inclusivenews.com.br\/","name":"Inclusive News","description":"Inclusive News","publisher":{"@id":"https:\/\/inclusivenews.com.br\/#organization"},"potentialAction":[{"@type":"SearchAction","target":{"@type":"EntryPoint","urlTemplate":"https:\/\/inclusivenews.com.br\/?s={search_term_string}"},"query-input":{"@type":"PropertyValueSpecification","valueRequired":true,"valueName":"search_term_string"}}],"inLanguage":"pt-PT"},{"@type":"Organization","@id":"https:\/\/inclusivenews.com.br\/#organization","name":"Inclusive - inclus\u00e3o e cidadania","url":"https:\/\/inclusivenews.com.br\/","logo":{"@type":"ImageObject","inLanguage":"pt-PT","@id":"https:\/\/inclusivenews.com.br\/#\/schema\/logo\/image\/","url":"https:\/\/inclusivenews.com.br\/wp-content\/uploads\/2024\/03\/@grandesite.png","contentUrl":"https:\/\/inclusivenews.com.br\/wp-content\/uploads\/2024\/03\/@grandesite.png","width":1080,"height":1080,"caption":"Inclusive - inclus\u00e3o e cidadania"},"image":{"@id":"https:\/\/inclusivenews.com.br\/#\/schema\/logo\/image\/"},"sameAs":["https:\/\/www.facebook.com\/agenciainclusive\/","https:\/\/www.instagram.com\/newsinclusive\/"]},{"@type":"Person","@id":"https:\/\/inclusivenews.com.br\/#\/schema\/person\/ae4ec7087559b8692fb33b6fffd2273b","name":"inclusivenews2024","image":{"@type":"ImageObject","inLanguage":"pt-PT","@id":"https:\/\/secure.gravatar.com\/avatar\/c5a7ef84c66fa914f55bc4f7ce26cfa275a3b9a1c5568b907bd184fb4dde7b40?s=96&d=mm&r=g","url":"https:\/\/secure.gravatar.com\/avatar\/c5a7ef84c66fa914f55bc4f7ce26cfa275a3b9a1c5568b907bd184fb4dde7b40?s=96&d=mm&r=g","contentUrl":"https:\/\/secure.gravatar.com\/avatar\/c5a7ef84c66fa914f55bc4f7ce26cfa275a3b9a1c5568b907bd184fb4dde7b40?s=96&d=mm&r=g","caption":"inclusivenews2024"},"sameAs":["https:\/\/inclusivenews.com.br"],"url":"https:\/\/inclusivenews.com.br\/?author=1"}]}},"_links":{"self":[{"href":"https:\/\/inclusivenews.com.br\/index.php?rest_route=\/wp\/v2\/posts\/29557","targetHints":{"allow":["GET"]}}],"collection":[{"href":"https:\/\/inclusivenews.com.br\/index.php?rest_route=\/wp\/v2\/posts"}],"about":[{"href":"https:\/\/inclusivenews.com.br\/index.php?rest_route=\/wp\/v2\/types\/post"}],"author":[{"embeddable":true,"href":"https:\/\/inclusivenews.com.br\/index.php?rest_route=\/wp\/v2\/users\/1"}],"replies":[{"embeddable":true,"href":"https:\/\/inclusivenews.com.br\/index.php?rest_route=%2Fwp%2Fv2%2Fcomments&post=29557"}],"version-history":[{"count":0,"href":"https:\/\/inclusivenews.com.br\/index.php?rest_route=\/wp\/v2\/posts\/29557\/revisions"}],"wp:attachment":[{"href":"https:\/\/inclusivenews.com.br\/index.php?rest_route=%2Fwp%2Fv2%2Fmedia&parent=29557"}],"wp:term":[{"taxonomy":"category","embeddable":true,"href":"https:\/\/inclusivenews.com.br\/index.php?rest_route=%2Fwp%2Fv2%2Fcategories&post=29557"},{"taxonomy":"post_tag","embeddable":true,"href":"https:\/\/inclusivenews.com.br\/index.php?rest_route=%2Fwp%2Fv2%2Ftags&post=29557"}],"curies":[{"name":"wp","href":"https:\/\/api.w.org\/{rel}","templated":true}]}}