{"id":29569,"date":"2016-06-28T15:33:10","date_gmt":"2016-06-28T18:33:10","guid":{"rendered":"http:\/\/www.inclusive.org.br\/?p=29569"},"modified":"2016-06-28T15:33:10","modified_gmt":"2016-06-28T18:33:10","slug":"bullying-sofrido-por-filho-inspira-escritora-a-lancar-livro","status":"publish","type":"post","link":"https:\/\/inclusivenews.com.br\/?p=29569","title":{"rendered":"Bullying sofrido por filho inspira escritora a lan\u00e7ar livro"},"content":{"rendered":"<p><img loading=\"lazy\" decoding=\"async\" class=\"alignnone wp-image-29570 size-full\" title=\"Ilustra\u00e7\u00e3o de um atleta amputado que que corre por um labirinto\" src=\"http:\/\/inclusivenews.com.br\/wp-content\/uploads\/image-1.png\" alt=\"Ilustra\u00e7\u00e3o de um atleta amputado que que corre por um labirinto\" width=\"544\" height=\"272\" \/><\/p>\n<p><em>Livro infantil ilustrado\u00a0<strong>O Pinguim Azul de Miguel, de Rosana Martinelli,\u00a0<\/strong>aborda sexismo, preconceito e estere\u00f3tipos.\u00a0Autora se inspirou em caso de supera\u00e7\u00e3o de bullying do filho para escrever livro<\/em><\/p>\n<p>O PINGUIM AZUL DE MIGUEL apresenta de forma natural e sem conflitos a quebra de estere\u00f3tipos de g\u00eanero e outros aspectos da diversidade humana. O personagem Miguel \u00e9 inspirado no filho da autora que, como ele, tem lindos cabelos longos e por isso j\u00e1 foi muitas vezes confundido com uma garota. Os pequenos leitores v\u00e3o descobrir, com o relato do dia a dia do personagem, que as pessoas podem ser naturalmente bem diferentes do que por vezes somos induzidos a pensar.<\/p>\n<p>Para sublinhar com toda a propriedade as proposi\u00e7\u00f5es de diversidade humana sugeridas pela autora, a Quatro Cantos delegou \u00e0 artista pl\u00e1stica pernambucana Mariana Bel\u00e9m a incumb\u00eancia de criar ilustra\u00e7\u00f5es de colorido vibrante que dialogam intimamente com o texto e que s\u00e3o especialmente valorizadas pelo formato grande do livro. A escolha pela tipologia em caixa-alta tamb\u00e9m \u00e9 muito prop\u00edcia para crian\u00e7as em fase de alfabetiza\u00e7\u00e3o<\/p>\n<p>Sexismo, preconceito e estere\u00f3tipos s\u00e3o temas pol\u00eamicos, complexos e atuais da nossa realidade. No livro infantil O Pinguim Azul de Miguel, a escritora Rosana Martinelli, traz esses assuntos delicados para que\u00a0crian\u00e7as a partir de\u00a05 anos possam entend\u00ea-los. A inspira\u00e7\u00e3o para escrever o livro surgiu depois que o filho da escritora sofreu bullying na escola por ter os cabelos compridos\u00a0e ser sistematicamente confundido com menina.<\/p>\n<p>O livro mostra que as crian\u00e7as podem conviver facilmente com a diversidade e quebrar os estere\u00f3tipos sociais. Miguel vive cercado de singularidades, mas encara tudo com naturalidade. &#8220;Se deixar que o diferente permeie o dia a dia voc\u00ea aceita como parte da vida, sem fazer exclus\u00f5es e sem estimular o preconceito&#8221;, afirma a autora.<\/p>\n<p>Cada virada de p\u00e1gina \u00e9 a quebra de um estere\u00f3tipo. A hist\u00f3ria de um menino de\u00a06\u00a0anos que tem cabelos compridos, dan\u00e7a bal\u00e9, tem um pai deficiente\u00a0f\u00edsico, por\u00e9m atleta, uma m\u00e3e\u00a0alta\u00a0executiva, uma irm\u00e3\u00a0obesa, que \u00e9 modelo. E se todos passassem a encarar essa realidade de maneira natural, muitos dos conflitos que vemos diariamente nem existiriam.<\/p>\n<p>Perguntas como: Meninos podem ter cabelos\u00a0compridos? Modelos podem n\u00e3o ser t\u00e3o magras?\u00a0Meninos tamb\u00e9m dan\u00e7am bal\u00e9? Pessoas com limita\u00e7\u00f5es\u00a0f\u00edsicas podem ser atletas bem-sucedidos? Podem\u00a0surgir e propiciar uma saud\u00e1vel, necess\u00e1ria e atual\u00a0discuss\u00e3o sobre estere\u00f3tipos.<\/p>\n<p>Um livro inspirador para que as crian\u00e7as tenham contato com todas as possibilidades sociais.<\/p>\n<p><strong>ROSANA MARTINELLI<\/strong> nasceu em Santo Andre\u0301, Sa\u0303o Paulo. Formou-se em Medicina pela Faculdade de Cie\u0302ncias Me\u0301dicas de Santos e fez especializac\u0327a\u0303o em Cirurgia Geral pela Escola Paulista de Medicina. Mais tarde estudou Artes Ce\u0302nicas na Escola de Comunicac\u0327o\u0303es e Artes da Universidade de Sa\u0303o Paulo, com habilitac\u0327a\u0303o em Interpretac\u0327a\u0303o. Atuou em pec\u0327as teatrais, trabalhou como figurinista, ceno\u0301grafa, aderecista e diretora de arte. Exerce as func\u0327o\u0303es de editora e diretora de arte na Quatro Cantos desde 2011. Escreveu Seu pesadelo foi voce\u0302 quem inventou!, livro infantil que aborda o mecanismo de sonhos na teoria freudiana (Quatro Cantos, 2014).<\/p>\n<p><strong>SOBRE A QUATRO CANTOS<\/strong><br \/>\nA \u00a0Editora Quatro Cantos \u00e9 um passo natural de seu fundador, Renato Potenza Rodrigues, formado em Editora\u00e7\u00e3o pela Universidade de S\u00e3o Paulo, que trabalha h\u00e1 quase vinte anos com produ\u00e7\u00e3o de livros e h\u00e1 doze dirige uma ag\u00eancia editorial que presta servi\u00e7os a grandes editoras. A experi\u00eancia com o mercado editorial foi fundamental para lan\u00e7ar um selo pr\u00f3prio. A linha editorial da Quatro Cantos pretende revelar talentos liter\u00e1rios, al\u00e9m de focar em autores nacionais e internacionais de fic\u00e7\u00e3o, poesia e infantojuvenil.<\/p>\n","protected":false},"excerpt":{"rendered":"<p>Livro infantil ilustrado O Pinguim Azul de Miguel, de Rosana Martinelli, aborda sexismo, preconceito e estere\u00f3tipos. Autora se inspirou em caso de supera\u00e7\u00e3o de bullying do filho para escrever livro.<\/p>\n","protected":false},"author":1,"featured_media":0,"comment_status":"open","ping_status":"open","sticky":false,"template":"","format":"standard","meta":{"site-container-style":"default","site-container-layout":"default","site-sidebar-layout":"default","disable-article-header":"default","disable-site-header":"default","disable-site-footer":"default","disable-content-area-spacing":"default","footnotes":""},"categories":[50,51,10,376],"tags":[121],"class_list":["post-29569","post","type-post","status-publish","format-standard","hentry","category-lancamentos","category-livros","category-publicacoes","category-showz","tag-literatura-infanto-juvenil"],"yoast_head":"<!-- This site is optimized with the Yoast SEO plugin v27.4 - https:\/\/yoast.com\/product\/yoast-seo-wordpress\/ -->\n<title>Bullying sofrido por filho inspira escritora a lan\u00e7ar livro -<\/title>\n<meta name=\"robots\" content=\"index, follow, max-snippet:-1, max-image-preview:large, max-video-preview:-1\" \/>\n<link rel=\"canonical\" href=\"https:\/\/inclusivenews.com.br\/?p=29569\" \/>\n<meta property=\"og:locale\" content=\"pt_PT\" \/>\n<meta property=\"og:type\" content=\"article\" \/>\n<meta property=\"og:title\" content=\"Bullying sofrido por filho inspira escritora a lan\u00e7ar livro -\" \/>\n<meta property=\"og:description\" content=\"Livro infantil ilustrado O Pinguim Azul de Miguel, de Rosana Martinelli, aborda sexismo, preconceito e estere\u00f3tipos. Autora se inspirou em caso de supera\u00e7\u00e3o de bullying do filho para escrever livro.\" \/>\n<meta property=\"og:url\" content=\"https:\/\/inclusivenews.com.br\/?p=29569\" \/>\n<meta property=\"article:publisher\" content=\"https:\/\/www.facebook.com\/agenciainclusive\/\" \/>\n<meta property=\"article:published_time\" content=\"2016-06-28T18:33:10+00:00\" \/>\n<meta property=\"og:image\" content=\"http:\/\/inclusivenews.com.br\/wp-content\/uploads\/image-1.png\" \/>\n<meta name=\"author\" content=\"inclusivenews2024\" \/>\n<meta name=\"twitter:card\" content=\"summary_large_image\" \/>\n<meta name=\"twitter:label1\" content=\"Escrito por\" \/>\n\t<meta name=\"twitter:data1\" content=\"inclusivenews2024\" \/>\n\t<meta name=\"twitter:label2\" content=\"Tempo estimado de leitura\" \/>\n\t<meta name=\"twitter:data2\" content=\"3 minutos\" \/>\n<script type=\"application\/ld+json\" class=\"yoast-schema-graph\">{\"@context\":\"https:\\\/\\\/schema.org\",\"@graph\":[{\"@type\":\"Article\",\"@id\":\"https:\\\/\\\/inclusivenews.com.br\\\/?p=29569#article\",\"isPartOf\":{\"@id\":\"https:\\\/\\\/inclusivenews.com.br\\\/?p=29569\"},\"author\":{\"name\":\"inclusivenews2024\",\"@id\":\"https:\\\/\\\/inclusivenews.com.br\\\/#\\\/schema\\\/person\\\/ae4ec7087559b8692fb33b6fffd2273b\"},\"headline\":\"Bullying sofrido por filho inspira escritora a lan\u00e7ar livro\",\"datePublished\":\"2016-06-28T18:33:10+00:00\",\"mainEntityOfPage\":{\"@id\":\"https:\\\/\\\/inclusivenews.com.br\\\/?p=29569\"},\"wordCount\":659,\"commentCount\":2,\"publisher\":{\"@id\":\"https:\\\/\\\/inclusivenews.com.br\\\/#organization\"},\"image\":{\"@id\":\"https:\\\/\\\/inclusivenews.com.br\\\/?p=29569#primaryimage\"},\"thumbnailUrl\":\"http:\\\/\\\/inclusivenews.com.br\\\/wp-content\\\/uploads\\\/image-1.png\",\"keywords\":[\"Literatura infanto-juvenil\"],\"articleSection\":[\"Lan\u00e7amentos\",\"Livros\",\"PUBLICA\u00c7\u00d5ES\",\"SHOWZ\"],\"inLanguage\":\"pt-PT\",\"potentialAction\":[{\"@type\":\"CommentAction\",\"name\":\"Comment\",\"target\":[\"https:\\\/\\\/inclusivenews.com.br\\\/?p=29569#respond\"]}]},{\"@type\":\"WebPage\",\"@id\":\"https:\\\/\\\/inclusivenews.com.br\\\/?p=29569\",\"url\":\"https:\\\/\\\/inclusivenews.com.br\\\/?p=29569\",\"name\":\"Bullying sofrido por filho inspira escritora a lan\u00e7ar livro -\",\"isPartOf\":{\"@id\":\"https:\\\/\\\/inclusivenews.com.br\\\/#website\"},\"primaryImageOfPage\":{\"@id\":\"https:\\\/\\\/inclusivenews.com.br\\\/?p=29569#primaryimage\"},\"image\":{\"@id\":\"https:\\\/\\\/inclusivenews.com.br\\\/?p=29569#primaryimage\"},\"thumbnailUrl\":\"http:\\\/\\\/inclusivenews.com.br\\\/wp-content\\\/uploads\\\/image-1.png\",\"datePublished\":\"2016-06-28T18:33:10+00:00\",\"breadcrumb\":{\"@id\":\"https:\\\/\\\/inclusivenews.com.br\\\/?p=29569#breadcrumb\"},\"inLanguage\":\"pt-PT\",\"potentialAction\":[{\"@type\":\"ReadAction\",\"target\":[\"https:\\\/\\\/inclusivenews.com.br\\\/?p=29569\"]}]},{\"@type\":\"ImageObject\",\"inLanguage\":\"pt-PT\",\"@id\":\"https:\\\/\\\/inclusivenews.com.br\\\/?p=29569#primaryimage\",\"url\":\"\",\"contentUrl\":\"\"},{\"@type\":\"BreadcrumbList\",\"@id\":\"https:\\\/\\\/inclusivenews.com.br\\\/?p=29569#breadcrumb\",\"itemListElement\":[{\"@type\":\"ListItem\",\"position\":1,\"name\":\"In\u00edcio\",\"item\":\"https:\\\/\\\/inclusivenews.com.br\\\/\"},{\"@type\":\"ListItem\",\"position\":2,\"name\":\"Bullying sofrido por filho inspira escritora a lan\u00e7ar livro\"}]},{\"@type\":\"WebSite\",\"@id\":\"https:\\\/\\\/inclusivenews.com.br\\\/#website\",\"url\":\"https:\\\/\\\/inclusivenews.com.br\\\/\",\"name\":\"Inclusive News\",\"description\":\"Inclusive News\",\"publisher\":{\"@id\":\"https:\\\/\\\/inclusivenews.com.br\\\/#organization\"},\"potentialAction\":[{\"@type\":\"SearchAction\",\"target\":{\"@type\":\"EntryPoint\",\"urlTemplate\":\"https:\\\/\\\/inclusivenews.com.br\\\/?s={search_term_string}\"},\"query-input\":{\"@type\":\"PropertyValueSpecification\",\"valueRequired\":true,\"valueName\":\"search_term_string\"}}],\"inLanguage\":\"pt-PT\"},{\"@type\":\"Organization\",\"@id\":\"https:\\\/\\\/inclusivenews.com.br\\\/#organization\",\"name\":\"Inclusive - inclus\u00e3o e cidadania\",\"url\":\"https:\\\/\\\/inclusivenews.com.br\\\/\",\"logo\":{\"@type\":\"ImageObject\",\"inLanguage\":\"pt-PT\",\"@id\":\"https:\\\/\\\/inclusivenews.com.br\\\/#\\\/schema\\\/logo\\\/image\\\/\",\"url\":\"https:\\\/\\\/inclusivenews.com.br\\\/wp-content\\\/uploads\\\/2024\\\/03\\\/@grandesite.png\",\"contentUrl\":\"https:\\\/\\\/inclusivenews.com.br\\\/wp-content\\\/uploads\\\/2024\\\/03\\\/@grandesite.png\",\"width\":1080,\"height\":1080,\"caption\":\"Inclusive - inclus\u00e3o e cidadania\"},\"image\":{\"@id\":\"https:\\\/\\\/inclusivenews.com.br\\\/#\\\/schema\\\/logo\\\/image\\\/\"},\"sameAs\":[\"https:\\\/\\\/www.facebook.com\\\/agenciainclusive\\\/\",\"https:\\\/\\\/www.instagram.com\\\/newsinclusive\\\/\"]},{\"@type\":\"Person\",\"@id\":\"https:\\\/\\\/inclusivenews.com.br\\\/#\\\/schema\\\/person\\\/ae4ec7087559b8692fb33b6fffd2273b\",\"name\":\"inclusivenews2024\",\"image\":{\"@type\":\"ImageObject\",\"inLanguage\":\"pt-PT\",\"@id\":\"https:\\\/\\\/secure.gravatar.com\\\/avatar\\\/c5a7ef84c66fa914f55bc4f7ce26cfa275a3b9a1c5568b907bd184fb4dde7b40?s=96&d=mm&r=g\",\"url\":\"https:\\\/\\\/secure.gravatar.com\\\/avatar\\\/c5a7ef84c66fa914f55bc4f7ce26cfa275a3b9a1c5568b907bd184fb4dde7b40?s=96&d=mm&r=g\",\"contentUrl\":\"https:\\\/\\\/secure.gravatar.com\\\/avatar\\\/c5a7ef84c66fa914f55bc4f7ce26cfa275a3b9a1c5568b907bd184fb4dde7b40?s=96&d=mm&r=g\",\"caption\":\"inclusivenews2024\"},\"sameAs\":[\"https:\\\/\\\/inclusivenews.com.br\"],\"url\":\"https:\\\/\\\/inclusivenews.com.br\\\/?author=1\"}]}<\/script>\n<!-- \/ Yoast SEO plugin. -->","yoast_head_json":{"title":"Bullying sofrido por filho inspira escritora a lan\u00e7ar livro -","robots":{"index":"index","follow":"follow","max-snippet":"max-snippet:-1","max-image-preview":"max-image-preview:large","max-video-preview":"max-video-preview:-1"},"canonical":"https:\/\/inclusivenews.com.br\/?p=29569","og_locale":"pt_PT","og_type":"article","og_title":"Bullying sofrido por filho inspira escritora a lan\u00e7ar livro -","og_description":"Livro infantil ilustrado O Pinguim Azul de Miguel, de Rosana Martinelli, aborda sexismo, preconceito e estere\u00f3tipos. Autora se inspirou em caso de supera\u00e7\u00e3o de bullying do filho para escrever livro.","og_url":"https:\/\/inclusivenews.com.br\/?p=29569","article_publisher":"https:\/\/www.facebook.com\/agenciainclusive\/","article_published_time":"2016-06-28T18:33:10+00:00","og_image":[{"url":"http:\/\/inclusivenews.com.br\/wp-content\/uploads\/image-1.png","type":"","width":"","height":""}],"author":"inclusivenews2024","twitter_card":"summary_large_image","twitter_misc":{"Escrito por":"inclusivenews2024","Tempo estimado de leitura":"3 minutos"},"schema":{"@context":"https:\/\/schema.org","@graph":[{"@type":"Article","@id":"https:\/\/inclusivenews.com.br\/?p=29569#article","isPartOf":{"@id":"https:\/\/inclusivenews.com.br\/?p=29569"},"author":{"name":"inclusivenews2024","@id":"https:\/\/inclusivenews.com.br\/#\/schema\/person\/ae4ec7087559b8692fb33b6fffd2273b"},"headline":"Bullying sofrido por filho inspira escritora a lan\u00e7ar livro","datePublished":"2016-06-28T18:33:10+00:00","mainEntityOfPage":{"@id":"https:\/\/inclusivenews.com.br\/?p=29569"},"wordCount":659,"commentCount":2,"publisher":{"@id":"https:\/\/inclusivenews.com.br\/#organization"},"image":{"@id":"https:\/\/inclusivenews.com.br\/?p=29569#primaryimage"},"thumbnailUrl":"http:\/\/inclusivenews.com.br\/wp-content\/uploads\/image-1.png","keywords":["Literatura infanto-juvenil"],"articleSection":["Lan\u00e7amentos","Livros","PUBLICA\u00c7\u00d5ES","SHOWZ"],"inLanguage":"pt-PT","potentialAction":[{"@type":"CommentAction","name":"Comment","target":["https:\/\/inclusivenews.com.br\/?p=29569#respond"]}]},{"@type":"WebPage","@id":"https:\/\/inclusivenews.com.br\/?p=29569","url":"https:\/\/inclusivenews.com.br\/?p=29569","name":"Bullying sofrido por filho inspira escritora a lan\u00e7ar livro -","isPartOf":{"@id":"https:\/\/inclusivenews.com.br\/#website"},"primaryImageOfPage":{"@id":"https:\/\/inclusivenews.com.br\/?p=29569#primaryimage"},"image":{"@id":"https:\/\/inclusivenews.com.br\/?p=29569#primaryimage"},"thumbnailUrl":"http:\/\/inclusivenews.com.br\/wp-content\/uploads\/image-1.png","datePublished":"2016-06-28T18:33:10+00:00","breadcrumb":{"@id":"https:\/\/inclusivenews.com.br\/?p=29569#breadcrumb"},"inLanguage":"pt-PT","potentialAction":[{"@type":"ReadAction","target":["https:\/\/inclusivenews.com.br\/?p=29569"]}]},{"@type":"ImageObject","inLanguage":"pt-PT","@id":"https:\/\/inclusivenews.com.br\/?p=29569#primaryimage","url":"","contentUrl":""},{"@type":"BreadcrumbList","@id":"https:\/\/inclusivenews.com.br\/?p=29569#breadcrumb","itemListElement":[{"@type":"ListItem","position":1,"name":"In\u00edcio","item":"https:\/\/inclusivenews.com.br\/"},{"@type":"ListItem","position":2,"name":"Bullying sofrido por filho inspira escritora a lan\u00e7ar livro"}]},{"@type":"WebSite","@id":"https:\/\/inclusivenews.com.br\/#website","url":"https:\/\/inclusivenews.com.br\/","name":"Inclusive News","description":"Inclusive News","publisher":{"@id":"https:\/\/inclusivenews.com.br\/#organization"},"potentialAction":[{"@type":"SearchAction","target":{"@type":"EntryPoint","urlTemplate":"https:\/\/inclusivenews.com.br\/?s={search_term_string}"},"query-input":{"@type":"PropertyValueSpecification","valueRequired":true,"valueName":"search_term_string"}}],"inLanguage":"pt-PT"},{"@type":"Organization","@id":"https:\/\/inclusivenews.com.br\/#organization","name":"Inclusive - inclus\u00e3o e cidadania","url":"https:\/\/inclusivenews.com.br\/","logo":{"@type":"ImageObject","inLanguage":"pt-PT","@id":"https:\/\/inclusivenews.com.br\/#\/schema\/logo\/image\/","url":"https:\/\/inclusivenews.com.br\/wp-content\/uploads\/2024\/03\/@grandesite.png","contentUrl":"https:\/\/inclusivenews.com.br\/wp-content\/uploads\/2024\/03\/@grandesite.png","width":1080,"height":1080,"caption":"Inclusive - inclus\u00e3o e cidadania"},"image":{"@id":"https:\/\/inclusivenews.com.br\/#\/schema\/logo\/image\/"},"sameAs":["https:\/\/www.facebook.com\/agenciainclusive\/","https:\/\/www.instagram.com\/newsinclusive\/"]},{"@type":"Person","@id":"https:\/\/inclusivenews.com.br\/#\/schema\/person\/ae4ec7087559b8692fb33b6fffd2273b","name":"inclusivenews2024","image":{"@type":"ImageObject","inLanguage":"pt-PT","@id":"https:\/\/secure.gravatar.com\/avatar\/c5a7ef84c66fa914f55bc4f7ce26cfa275a3b9a1c5568b907bd184fb4dde7b40?s=96&d=mm&r=g","url":"https:\/\/secure.gravatar.com\/avatar\/c5a7ef84c66fa914f55bc4f7ce26cfa275a3b9a1c5568b907bd184fb4dde7b40?s=96&d=mm&r=g","contentUrl":"https:\/\/secure.gravatar.com\/avatar\/c5a7ef84c66fa914f55bc4f7ce26cfa275a3b9a1c5568b907bd184fb4dde7b40?s=96&d=mm&r=g","caption":"inclusivenews2024"},"sameAs":["https:\/\/inclusivenews.com.br"],"url":"https:\/\/inclusivenews.com.br\/?author=1"}]}},"_links":{"self":[{"href":"https:\/\/inclusivenews.com.br\/index.php?rest_route=\/wp\/v2\/posts\/29569","targetHints":{"allow":["GET"]}}],"collection":[{"href":"https:\/\/inclusivenews.com.br\/index.php?rest_route=\/wp\/v2\/posts"}],"about":[{"href":"https:\/\/inclusivenews.com.br\/index.php?rest_route=\/wp\/v2\/types\/post"}],"author":[{"embeddable":true,"href":"https:\/\/inclusivenews.com.br\/index.php?rest_route=\/wp\/v2\/users\/1"}],"replies":[{"embeddable":true,"href":"https:\/\/inclusivenews.com.br\/index.php?rest_route=%2Fwp%2Fv2%2Fcomments&post=29569"}],"version-history":[{"count":0,"href":"https:\/\/inclusivenews.com.br\/index.php?rest_route=\/wp\/v2\/posts\/29569\/revisions"}],"wp:attachment":[{"href":"https:\/\/inclusivenews.com.br\/index.php?rest_route=%2Fwp%2Fv2%2Fmedia&parent=29569"}],"wp:term":[{"taxonomy":"category","embeddable":true,"href":"https:\/\/inclusivenews.com.br\/index.php?rest_route=%2Fwp%2Fv2%2Fcategories&post=29569"},{"taxonomy":"post_tag","embeddable":true,"href":"https:\/\/inclusivenews.com.br\/index.php?rest_route=%2Fwp%2Fv2%2Ftags&post=29569"}],"curies":[{"name":"wp","href":"https:\/\/api.w.org\/{rel}","templated":true}]}}