{"id":29593,"date":"2016-07-20T06:55:28","date_gmt":"2016-07-20T09:55:28","guid":{"rendered":"http:\/\/www.inclusive.org.br\/?p=29593"},"modified":"2016-07-20T06:55:28","modified_gmt":"2016-07-20T09:55:28","slug":"em-contexto-de-crise-a-educacao-tem-que-ser-pensada-como-um-investimento","status":"publish","type":"post","link":"https:\/\/inclusivenews.com.br\/?p=29593","title":{"rendered":"\u201cEm contexto de crise, a educa\u00e7\u00e3o tem que ser pensada como um investimento\u201d"},"content":{"rendered":"<p dir=\"ltr\"><em>No Portal Aprendiz<\/em><\/p>\n<p dir=\"ltr\">Nos \u00faltimos anos, uma s\u00e9rie de pol\u00edticas p\u00fablicas, como Bolsa Fam\u00edlia, a\u00e7\u00f5es afirmativas na universidade e aumento das vagas na educa\u00e7\u00e3o infantil, conseguiram diminuir as desigualdades sociais e educativas no pa\u00eds \u2013 ainda que numa taxa insatisfat\u00f3ria. Com a crise econ\u00f4mica e pol\u00edtica, no entanto, esses avan\u00e7os est\u00e3o amea\u00e7ados.<\/p>\n<p>Essa \u00e9 a conclus\u00e3o apresentada por S\u00e9rgio Haddad, economista e doutor em Educa\u00e7\u00e3o, que coordenou a pesquisa <a href=\"http:\/\/www.acaoeducativa.org\/images\/stories\/pdfs\/educacao_e_desigualdade.pdf\" target=\"_blank\" rel=\"noopener\">\u201cEduca\u00e7\u00e3o e Desigualdade no Brasil\u201d<\/a>, realizado em parceria entre a <a href=\"http:\/\/www.acaoeducativa.org\" target=\"_blank\" rel=\"noopener\">A\u00e7\u00e3o Educativa<\/a> e a\u00a0<a href=\"http:\/\/www.oxfam.org.br\/\" target=\"_blank\" rel=\"noopener\">Oxfam Brasil<\/a>\u00a0e lan\u00e7ada na noite desta ter\u00e7a-feira (13\/7), durante a <a href=\"http:\/\/portal.aprendiz.uol.com.br\/2016\/07\/01\/acao-educativa-organiza-semana-de-formacao-em-direitos-humanos-e-educacao-popular\/\" target=\"_blank\" rel=\"noopener\">Semana de Forma\u00e7\u00e3o em Direitos Humanos e Educa\u00e7\u00e3o Popular<\/a>. O relat\u00f3rio apresenta a situa\u00e7\u00e3o do atendimento escolar no Brasil, pensado comparativamente com o contexto sociopol\u00edtico e econ\u00f4mico do pa\u00eds nas \u00faltimas d\u00e9cadas, e de que maneira as pol\u00edticas p\u00fablicas impactaram as condi\u00e7\u00f5es de acesso, perman\u00eancia e conclus\u00e3o do ensino b\u00e1sico e superior.<\/p>\n<figure style=\"width: 391px\" class=\"wp-caption alignnone\"><img loading=\"lazy\" decoding=\"async\" src=\"http:\/\/portal.aprendiz.uol.com.br\/wp-content\/uploads\/2016\/07\/educa%C3%A7%C3%A3o-desigualdade.jpg\" alt=\"Sala de aula vazia.\" width=\"391\" height=\"258\" \/><figcaption class=\"wp-caption-text\">Editorial J l Flickr\/Creative CommonsSala de aula vazia.<\/figcaption><\/figure>\n<p>Segundo o estudo, o Brasil, s\u00e9tima maior economia do mundo, ainda apresenta dados alarmantes: 0,9% dos mais ricos det\u00e9m 60% da renda do pa\u00eds e 10 milh\u00f5es de brasileiros ainda vivem na mis\u00e9ria. \u201cSomente em 1930 a malha de escolas p\u00fablicas se espalhou pelo pa\u00eds e desde ent\u00e3o, colhemos o aumento da m\u00e9dia de anos da popula\u00e7\u00e3o na escola, a universaliza\u00e7\u00e3o do direito \u00e0 educa\u00e7\u00e3o infantil, mas os efeitos da desigualdade ainda fazem se sentir fortemente\u201d, afirma Haddad, que apontou a heran\u00e7a colonial e escravocrata como forte respons\u00e1vel pelo cen\u00e1rio. \u201cA estrutura hier\u00e1rquica brasileira faz com que o que \u00e9 direito seja percebido como privil\u00e9gio.\u201d<\/p>\n<p>A pesquisa mostrou que houve praticamente uma universaliza\u00e7\u00e3o da educa\u00e7\u00e3o entre os sete e 14 anos, com 98,4% dos estudantes inclu\u00eddos no sistema educativo. \u201cAinda que 1,6% de jovens fora da escola pare\u00e7a pouco, representam quase 460 mil jovens, a ampla maioria de negros, e 25% deste total est\u00e3o entre os 10% mais pobres\u201d, alerta Haddad.<\/p>\n<p><strong>Gargalos<\/strong><\/p>\n<p>Mesmo com a quase universaliza\u00e7\u00e3o da educa\u00e7\u00e3o dos sete aos 14, ainda h\u00e1 um enorme contingente que n\u00e3o consegue terminar o ensino fundamental e h\u00e1 problemas graves na oferta \u2013 apenas 43% das crian\u00e7as no terceiro ano do fundamental apresenta aprendizagem adequada em matem\u00e1tica e 65,5% em escrita. A inclus\u00e3o na creche, de zero a tr\u00eas anos, ainda \u00e9 baixa: se em 2001 era de 13,8%, em 2015, 29,6% das crian\u00e7as est\u00e3o inclu\u00eddas. A boa not\u00edcia est\u00e1 na educa\u00e7\u00e3o infantil, que de 2001 para 2014 subiu de 66,4% para 89,1% no atendimento, grande parte na escola p\u00fablica.<\/p>\n<p>Mas o maior gargalo segue sendo no ensino superior. Com 87,5% de suas vagas na iniciativa privada, apenas 12,6% da popula\u00e7\u00e3o com mais de 25 anos concluiu sua gradua\u00e7\u00e3o universit\u00e1ria. \u00a0As pessoas com 25 anos ou mais localizadas entre os 20% com maior renda possuem o dobro de anos (10,8 no total) de estudos daquelas pertencentes aos 20% mais pobres (5,5).<\/p>\n<p dir=\"ltr\">\u201cApesar das melhorias nos \u00faltimos anos, o estudo mostra que as desigualdades de regi\u00e3o, entre o eixo norte e sul, ra\u00e7a e g\u00eanero, geram diversos cruzamentos que refor\u00e7am uma estrutura desigual em nossa sociedade\u201d, analisa. Segundo o pesquisador, o aumento do sal\u00e1rio m\u00ednimo, a inclus\u00e3o pelo trabalho, o Bolsa Fam\u00edlia, as a\u00e7\u00f5es afirmativas e o crescimento de vagas nas universidade p\u00fablicas produziram uma diminui\u00e7\u00e3o das discrep\u00e2ncias, mas esse legado est\u00e1 sob forte amea\u00e7a.<\/p>\n<p>\u201cH\u00e1 um retrocesso na ideia da universaliza\u00e7\u00e3o do direito \u00e0 educa\u00e7\u00e3o, um avan\u00e7o de concep\u00e7\u00f5es fundamentalistas e conservadoras que impactam na laicidade do ensino, cr\u00edticas sem fundamento \u00e0 educa\u00e7\u00e3o que busca combater desigualdades de g\u00eanero e ra\u00e7a, desmonte de estruturas como a Secadi (<a href=\"http:\/\/portal.mec.gov.br\/secretaria-de-educacao-continuada-alfabetizacao-diversidade-e-inclusao\/apresentacao\">Secretaria de Educa\u00e7\u00e3o Continuada, Alfabetiza\u00e7\u00e3o e Diversidade<\/a>, extinta pelo atual governo interino) e a PEC 241, que amea\u00e7a o recurso vinculado \u00e0 educa\u00e7\u00e3o. Tudo isso sem d\u00favida ir\u00e1 impactar os mais pobres\u201d, adverte Haddad.<\/p>\n<p>O espanhol Jos\u00e9 Maria Vera, da Oxfam, afirmou que em seu pa\u00eds, que tem um sistema educativo considerado forte, a crise financeira ocasionou um corte de 13% das verbas da educa\u00e7\u00e3o. \u201cImagin\u00e1vamos que o impacto n\u00e3o seria t\u00e3o forte, mas houve um grande baque na educa\u00e7\u00e3o n\u00e3o universit\u00e1ria, reduziram-se os n\u00fameros de professores, de livros, as verbas para merenda e isso recai sobre as parcelas mais vulner\u00e1veis da popula\u00e7\u00e3o, que ficam sem a possibilidade de respaldo p\u00fablico\u201d, lamentou.<\/p>\n<p>\u201cEm um contexto de crise, a educa\u00e7\u00e3o tem que ser pensada como um investimento. Se tem alguma coisa em que deve haver investimento sem cortes \u00e9 no processo de educa\u00e7\u00e3o, n\u00e3o s\u00f3 da forma\u00e7\u00e3o para o trabalho e para o mercado, como uma parte da sociedade e do mercado preconiza, mas sim na forma\u00e7\u00e3o do cidad\u00e3o, que \u00e9 algo oposto ao que prega a Escola Sem Partido, que v\u00ea o professor como conte\u00fado e ensino como avalia\u00e7\u00e3o, com materiais higienizados e sem sentido em uma conjuntura que pede que juntemos a sociedade para pensar solu\u00e7\u00f5es para o pa\u00eds\u201d, concluiu Haddad.<\/p>\n<p>Confira aqui a \u00edntegra da pesquisa\u00a0<a href=\"http:\/\/www.acaoeducativa.org\/images\/stories\/pdfs\/educacao_e_desigualdade.pdf\">Educa\u00e7\u00e3o e Desigualdade.<\/a><\/p>\n","protected":false},"excerpt":{"rendered":"<p>Em um contexto de crise, a educa\u00e7\u00e3o tem que ser pensada como um investimento. Se tem alguma coisa em que deve haver investimento sem cortes \u00e9 no processo de educa\u00e7\u00e3o, n\u00e3o s\u00f3 da forma\u00e7\u00e3o para o trabalho e para o mercado, como uma parte da sociedade e do mercado preconiza, mas sim na forma\u00e7\u00e3o do cidad\u00e3o (&#8230;)<\/p>\n","protected":false},"author":1,"featured_media":0,"comment_status":"open","ping_status":"open","sticky":false,"template":"","format":"standard","meta":{"site-container-style":"default","site-container-layout":"default","site-sidebar-layout":"default","disable-article-header":"default","disable-site-header":"default","disable-site-footer":"default","disable-content-area-spacing":"default","footnotes":""},"categories":[52,6,10,376],"tags":[],"class_list":["post-29593","post","type-post","status-publish","format-standard","hentry","category-downloadables","category-educacao","category-publicacoes","category-showz"],"yoast_head":"<!-- This site is optimized with the Yoast SEO plugin v27.4 - https:\/\/yoast.com\/product\/yoast-seo-wordpress\/ -->\n<title>\u201cEm contexto de crise, a educa\u00e7\u00e3o tem que ser pensada como um investimento\u201d -<\/title>\n<meta name=\"robots\" content=\"index, follow, max-snippet:-1, max-image-preview:large, max-video-preview:-1\" \/>\n<link rel=\"canonical\" href=\"https:\/\/inclusivenews.com.br\/?p=29593\" \/>\n<meta property=\"og:locale\" content=\"pt_PT\" \/>\n<meta property=\"og:type\" content=\"article\" \/>\n<meta property=\"og:title\" content=\"\u201cEm contexto de crise, a educa\u00e7\u00e3o tem que ser pensada como um investimento\u201d -\" \/>\n<meta property=\"og:description\" content=\"Em um contexto de crise, a educa\u00e7\u00e3o tem que ser pensada como um investimento. Se tem alguma coisa em que deve haver investimento sem cortes \u00e9 no processo de educa\u00e7\u00e3o, n\u00e3o s\u00f3 da forma\u00e7\u00e3o para o trabalho e para o mercado, como uma parte da sociedade e do mercado preconiza, mas sim na forma\u00e7\u00e3o do cidad\u00e3o (...)\" \/>\n<meta property=\"og:url\" content=\"https:\/\/inclusivenews.com.br\/?p=29593\" \/>\n<meta property=\"article:publisher\" content=\"https:\/\/www.facebook.com\/agenciainclusive\/\" \/>\n<meta property=\"article:published_time\" content=\"2016-07-20T09:55:28+00:00\" \/>\n<meta property=\"og:image\" content=\"http:\/\/portal.aprendiz.uol.com.br\/wp-content\/uploads\/2016\/07\/educa%C3%A7%C3%A3o-desigualdade.jpg\" \/>\n<meta name=\"author\" content=\"inclusivenews2024\" \/>\n<meta name=\"twitter:card\" content=\"summary_large_image\" \/>\n<meta name=\"twitter:label1\" content=\"Escrito por\" \/>\n\t<meta name=\"twitter:data1\" content=\"inclusivenews2024\" \/>\n\t<meta name=\"twitter:label2\" content=\"Tempo estimado de leitura\" \/>\n\t<meta name=\"twitter:data2\" content=\"4 minutos\" \/>\n<script type=\"application\/ld+json\" class=\"yoast-schema-graph\">{\"@context\":\"https:\\\/\\\/schema.org\",\"@graph\":[{\"@type\":\"Article\",\"@id\":\"https:\\\/\\\/inclusivenews.com.br\\\/?p=29593#article\",\"isPartOf\":{\"@id\":\"https:\\\/\\\/inclusivenews.com.br\\\/?p=29593\"},\"author\":{\"name\":\"inclusivenews2024\",\"@id\":\"https:\\\/\\\/inclusivenews.com.br\\\/#\\\/schema\\\/person\\\/ae4ec7087559b8692fb33b6fffd2273b\"},\"headline\":\"\u201cEm contexto de crise, a educa\u00e7\u00e3o tem que ser pensada como um investimento\u201d\",\"datePublished\":\"2016-07-20T09:55:28+00:00\",\"mainEntityOfPage\":{\"@id\":\"https:\\\/\\\/inclusivenews.com.br\\\/?p=29593\"},\"wordCount\":910,\"commentCount\":0,\"publisher\":{\"@id\":\"https:\\\/\\\/inclusivenews.com.br\\\/#organization\"},\"image\":{\"@id\":\"https:\\\/\\\/inclusivenews.com.br\\\/?p=29593#primaryimage\"},\"thumbnailUrl\":\"http:\\\/\\\/portal.aprendiz.uol.com.br\\\/wp-content\\\/uploads\\\/2016\\\/07\\\/educa%C3%A7%C3%A3o-desigualdade.jpg\",\"articleSection\":[\"Downloadables\",\"EDUCA\u00c7\u00c3O\",\"PUBLICA\u00c7\u00d5ES\",\"SHOWZ\"],\"inLanguage\":\"pt-PT\",\"potentialAction\":[{\"@type\":\"CommentAction\",\"name\":\"Comment\",\"target\":[\"https:\\\/\\\/inclusivenews.com.br\\\/?p=29593#respond\"]}]},{\"@type\":\"WebPage\",\"@id\":\"https:\\\/\\\/inclusivenews.com.br\\\/?p=29593\",\"url\":\"https:\\\/\\\/inclusivenews.com.br\\\/?p=29593\",\"name\":\"\u201cEm contexto de crise, a educa\u00e7\u00e3o tem que ser pensada como um investimento\u201d -\",\"isPartOf\":{\"@id\":\"https:\\\/\\\/inclusivenews.com.br\\\/#website\"},\"primaryImageOfPage\":{\"@id\":\"https:\\\/\\\/inclusivenews.com.br\\\/?p=29593#primaryimage\"},\"image\":{\"@id\":\"https:\\\/\\\/inclusivenews.com.br\\\/?p=29593#primaryimage\"},\"thumbnailUrl\":\"http:\\\/\\\/portal.aprendiz.uol.com.br\\\/wp-content\\\/uploads\\\/2016\\\/07\\\/educa%C3%A7%C3%A3o-desigualdade.jpg\",\"datePublished\":\"2016-07-20T09:55:28+00:00\",\"breadcrumb\":{\"@id\":\"https:\\\/\\\/inclusivenews.com.br\\\/?p=29593#breadcrumb\"},\"inLanguage\":\"pt-PT\",\"potentialAction\":[{\"@type\":\"ReadAction\",\"target\":[\"https:\\\/\\\/inclusivenews.com.br\\\/?p=29593\"]}]},{\"@type\":\"ImageObject\",\"inLanguage\":\"pt-PT\",\"@id\":\"https:\\\/\\\/inclusivenews.com.br\\\/?p=29593#primaryimage\",\"url\":\"http:\\\/\\\/portal.aprendiz.uol.com.br\\\/wp-content\\\/uploads\\\/2016\\\/07\\\/educa%C3%A7%C3%A3o-desigualdade.jpg\",\"contentUrl\":\"http:\\\/\\\/portal.aprendiz.uol.com.br\\\/wp-content\\\/uploads\\\/2016\\\/07\\\/educa%C3%A7%C3%A3o-desigualdade.jpg\"},{\"@type\":\"BreadcrumbList\",\"@id\":\"https:\\\/\\\/inclusivenews.com.br\\\/?p=29593#breadcrumb\",\"itemListElement\":[{\"@type\":\"ListItem\",\"position\":1,\"name\":\"In\u00edcio\",\"item\":\"https:\\\/\\\/inclusivenews.com.br\\\/\"},{\"@type\":\"ListItem\",\"position\":2,\"name\":\"\u201cEm contexto de crise, a educa\u00e7\u00e3o tem que ser pensada como um investimento\u201d\"}]},{\"@type\":\"WebSite\",\"@id\":\"https:\\\/\\\/inclusivenews.com.br\\\/#website\",\"url\":\"https:\\\/\\\/inclusivenews.com.br\\\/\",\"name\":\"Inclusive News\",\"description\":\"Inclusive News\",\"publisher\":{\"@id\":\"https:\\\/\\\/inclusivenews.com.br\\\/#organization\"},\"potentialAction\":[{\"@type\":\"SearchAction\",\"target\":{\"@type\":\"EntryPoint\",\"urlTemplate\":\"https:\\\/\\\/inclusivenews.com.br\\\/?s={search_term_string}\"},\"query-input\":{\"@type\":\"PropertyValueSpecification\",\"valueRequired\":true,\"valueName\":\"search_term_string\"}}],\"inLanguage\":\"pt-PT\"},{\"@type\":\"Organization\",\"@id\":\"https:\\\/\\\/inclusivenews.com.br\\\/#organization\",\"name\":\"Inclusive - inclus\u00e3o e cidadania\",\"url\":\"https:\\\/\\\/inclusivenews.com.br\\\/\",\"logo\":{\"@type\":\"ImageObject\",\"inLanguage\":\"pt-PT\",\"@id\":\"https:\\\/\\\/inclusivenews.com.br\\\/#\\\/schema\\\/logo\\\/image\\\/\",\"url\":\"https:\\\/\\\/inclusivenews.com.br\\\/wp-content\\\/uploads\\\/2024\\\/03\\\/@grandesite.png\",\"contentUrl\":\"https:\\\/\\\/inclusivenews.com.br\\\/wp-content\\\/uploads\\\/2024\\\/03\\\/@grandesite.png\",\"width\":1080,\"height\":1080,\"caption\":\"Inclusive - inclus\u00e3o e cidadania\"},\"image\":{\"@id\":\"https:\\\/\\\/inclusivenews.com.br\\\/#\\\/schema\\\/logo\\\/image\\\/\"},\"sameAs\":[\"https:\\\/\\\/www.facebook.com\\\/agenciainclusive\\\/\",\"https:\\\/\\\/www.instagram.com\\\/newsinclusive\\\/\"]},{\"@type\":\"Person\",\"@id\":\"https:\\\/\\\/inclusivenews.com.br\\\/#\\\/schema\\\/person\\\/ae4ec7087559b8692fb33b6fffd2273b\",\"name\":\"inclusivenews2024\",\"image\":{\"@type\":\"ImageObject\",\"inLanguage\":\"pt-PT\",\"@id\":\"https:\\\/\\\/secure.gravatar.com\\\/avatar\\\/c5a7ef84c66fa914f55bc4f7ce26cfa275a3b9a1c5568b907bd184fb4dde7b40?s=96&d=mm&r=g\",\"url\":\"https:\\\/\\\/secure.gravatar.com\\\/avatar\\\/c5a7ef84c66fa914f55bc4f7ce26cfa275a3b9a1c5568b907bd184fb4dde7b40?s=96&d=mm&r=g\",\"contentUrl\":\"https:\\\/\\\/secure.gravatar.com\\\/avatar\\\/c5a7ef84c66fa914f55bc4f7ce26cfa275a3b9a1c5568b907bd184fb4dde7b40?s=96&d=mm&r=g\",\"caption\":\"inclusivenews2024\"},\"sameAs\":[\"https:\\\/\\\/inclusivenews.com.br\"],\"url\":\"https:\\\/\\\/inclusivenews.com.br\\\/?author=1\"}]}<\/script>\n<!-- \/ Yoast SEO plugin. -->","yoast_head_json":{"title":"\u201cEm contexto de crise, a educa\u00e7\u00e3o tem que ser pensada como um investimento\u201d -","robots":{"index":"index","follow":"follow","max-snippet":"max-snippet:-1","max-image-preview":"max-image-preview:large","max-video-preview":"max-video-preview:-1"},"canonical":"https:\/\/inclusivenews.com.br\/?p=29593","og_locale":"pt_PT","og_type":"article","og_title":"\u201cEm contexto de crise, a educa\u00e7\u00e3o tem que ser pensada como um investimento\u201d -","og_description":"Em um contexto de crise, a educa\u00e7\u00e3o tem que ser pensada como um investimento. Se tem alguma coisa em que deve haver investimento sem cortes \u00e9 no processo de educa\u00e7\u00e3o, n\u00e3o s\u00f3 da forma\u00e7\u00e3o para o trabalho e para o mercado, como uma parte da sociedade e do mercado preconiza, mas sim na forma\u00e7\u00e3o do cidad\u00e3o (...)","og_url":"https:\/\/inclusivenews.com.br\/?p=29593","article_publisher":"https:\/\/www.facebook.com\/agenciainclusive\/","article_published_time":"2016-07-20T09:55:28+00:00","og_image":[{"url":"http:\/\/portal.aprendiz.uol.com.br\/wp-content\/uploads\/2016\/07\/educa%C3%A7%C3%A3o-desigualdade.jpg","type":"","width":"","height":""}],"author":"inclusivenews2024","twitter_card":"summary_large_image","twitter_misc":{"Escrito por":"inclusivenews2024","Tempo estimado de leitura":"4 minutos"},"schema":{"@context":"https:\/\/schema.org","@graph":[{"@type":"Article","@id":"https:\/\/inclusivenews.com.br\/?p=29593#article","isPartOf":{"@id":"https:\/\/inclusivenews.com.br\/?p=29593"},"author":{"name":"inclusivenews2024","@id":"https:\/\/inclusivenews.com.br\/#\/schema\/person\/ae4ec7087559b8692fb33b6fffd2273b"},"headline":"\u201cEm contexto de crise, a educa\u00e7\u00e3o tem que ser pensada como um investimento\u201d","datePublished":"2016-07-20T09:55:28+00:00","mainEntityOfPage":{"@id":"https:\/\/inclusivenews.com.br\/?p=29593"},"wordCount":910,"commentCount":0,"publisher":{"@id":"https:\/\/inclusivenews.com.br\/#organization"},"image":{"@id":"https:\/\/inclusivenews.com.br\/?p=29593#primaryimage"},"thumbnailUrl":"http:\/\/portal.aprendiz.uol.com.br\/wp-content\/uploads\/2016\/07\/educa%C3%A7%C3%A3o-desigualdade.jpg","articleSection":["Downloadables","EDUCA\u00c7\u00c3O","PUBLICA\u00c7\u00d5ES","SHOWZ"],"inLanguage":"pt-PT","potentialAction":[{"@type":"CommentAction","name":"Comment","target":["https:\/\/inclusivenews.com.br\/?p=29593#respond"]}]},{"@type":"WebPage","@id":"https:\/\/inclusivenews.com.br\/?p=29593","url":"https:\/\/inclusivenews.com.br\/?p=29593","name":"\u201cEm contexto de crise, a educa\u00e7\u00e3o tem que ser pensada como um investimento\u201d -","isPartOf":{"@id":"https:\/\/inclusivenews.com.br\/#website"},"primaryImageOfPage":{"@id":"https:\/\/inclusivenews.com.br\/?p=29593#primaryimage"},"image":{"@id":"https:\/\/inclusivenews.com.br\/?p=29593#primaryimage"},"thumbnailUrl":"http:\/\/portal.aprendiz.uol.com.br\/wp-content\/uploads\/2016\/07\/educa%C3%A7%C3%A3o-desigualdade.jpg","datePublished":"2016-07-20T09:55:28+00:00","breadcrumb":{"@id":"https:\/\/inclusivenews.com.br\/?p=29593#breadcrumb"},"inLanguage":"pt-PT","potentialAction":[{"@type":"ReadAction","target":["https:\/\/inclusivenews.com.br\/?p=29593"]}]},{"@type":"ImageObject","inLanguage":"pt-PT","@id":"https:\/\/inclusivenews.com.br\/?p=29593#primaryimage","url":"http:\/\/portal.aprendiz.uol.com.br\/wp-content\/uploads\/2016\/07\/educa%C3%A7%C3%A3o-desigualdade.jpg","contentUrl":"http:\/\/portal.aprendiz.uol.com.br\/wp-content\/uploads\/2016\/07\/educa%C3%A7%C3%A3o-desigualdade.jpg"},{"@type":"BreadcrumbList","@id":"https:\/\/inclusivenews.com.br\/?p=29593#breadcrumb","itemListElement":[{"@type":"ListItem","position":1,"name":"In\u00edcio","item":"https:\/\/inclusivenews.com.br\/"},{"@type":"ListItem","position":2,"name":"\u201cEm contexto de crise, a educa\u00e7\u00e3o tem que ser pensada como um investimento\u201d"}]},{"@type":"WebSite","@id":"https:\/\/inclusivenews.com.br\/#website","url":"https:\/\/inclusivenews.com.br\/","name":"Inclusive News","description":"Inclusive News","publisher":{"@id":"https:\/\/inclusivenews.com.br\/#organization"},"potentialAction":[{"@type":"SearchAction","target":{"@type":"EntryPoint","urlTemplate":"https:\/\/inclusivenews.com.br\/?s={search_term_string}"},"query-input":{"@type":"PropertyValueSpecification","valueRequired":true,"valueName":"search_term_string"}}],"inLanguage":"pt-PT"},{"@type":"Organization","@id":"https:\/\/inclusivenews.com.br\/#organization","name":"Inclusive - inclus\u00e3o e cidadania","url":"https:\/\/inclusivenews.com.br\/","logo":{"@type":"ImageObject","inLanguage":"pt-PT","@id":"https:\/\/inclusivenews.com.br\/#\/schema\/logo\/image\/","url":"https:\/\/inclusivenews.com.br\/wp-content\/uploads\/2024\/03\/@grandesite.png","contentUrl":"https:\/\/inclusivenews.com.br\/wp-content\/uploads\/2024\/03\/@grandesite.png","width":1080,"height":1080,"caption":"Inclusive - inclus\u00e3o e cidadania"},"image":{"@id":"https:\/\/inclusivenews.com.br\/#\/schema\/logo\/image\/"},"sameAs":["https:\/\/www.facebook.com\/agenciainclusive\/","https:\/\/www.instagram.com\/newsinclusive\/"]},{"@type":"Person","@id":"https:\/\/inclusivenews.com.br\/#\/schema\/person\/ae4ec7087559b8692fb33b6fffd2273b","name":"inclusivenews2024","image":{"@type":"ImageObject","inLanguage":"pt-PT","@id":"https:\/\/secure.gravatar.com\/avatar\/c5a7ef84c66fa914f55bc4f7ce26cfa275a3b9a1c5568b907bd184fb4dde7b40?s=96&d=mm&r=g","url":"https:\/\/secure.gravatar.com\/avatar\/c5a7ef84c66fa914f55bc4f7ce26cfa275a3b9a1c5568b907bd184fb4dde7b40?s=96&d=mm&r=g","contentUrl":"https:\/\/secure.gravatar.com\/avatar\/c5a7ef84c66fa914f55bc4f7ce26cfa275a3b9a1c5568b907bd184fb4dde7b40?s=96&d=mm&r=g","caption":"inclusivenews2024"},"sameAs":["https:\/\/inclusivenews.com.br"],"url":"https:\/\/inclusivenews.com.br\/?author=1"}]}},"_links":{"self":[{"href":"https:\/\/inclusivenews.com.br\/index.php?rest_route=\/wp\/v2\/posts\/29593","targetHints":{"allow":["GET"]}}],"collection":[{"href":"https:\/\/inclusivenews.com.br\/index.php?rest_route=\/wp\/v2\/posts"}],"about":[{"href":"https:\/\/inclusivenews.com.br\/index.php?rest_route=\/wp\/v2\/types\/post"}],"author":[{"embeddable":true,"href":"https:\/\/inclusivenews.com.br\/index.php?rest_route=\/wp\/v2\/users\/1"}],"replies":[{"embeddable":true,"href":"https:\/\/inclusivenews.com.br\/index.php?rest_route=%2Fwp%2Fv2%2Fcomments&post=29593"}],"version-history":[{"count":0,"href":"https:\/\/inclusivenews.com.br\/index.php?rest_route=\/wp\/v2\/posts\/29593\/revisions"}],"wp:attachment":[{"href":"https:\/\/inclusivenews.com.br\/index.php?rest_route=%2Fwp%2Fv2%2Fmedia&parent=29593"}],"wp:term":[{"taxonomy":"category","embeddable":true,"href":"https:\/\/inclusivenews.com.br\/index.php?rest_route=%2Fwp%2Fv2%2Fcategories&post=29593"},{"taxonomy":"post_tag","embeddable":true,"href":"https:\/\/inclusivenews.com.br\/index.php?rest_route=%2Fwp%2Fv2%2Ftags&post=29593"}],"curies":[{"name":"wp","href":"https:\/\/api.w.org\/{rel}","templated":true}]}}