{"id":2960,"date":"2009-01-11T13:07:28","date_gmt":"2009-01-11T13:07:28","guid":{"rendered":"http:\/\/agenciainclusive.wordpress.com\/?p=2960"},"modified":"2009-01-11T13:07:28","modified_gmt":"2009-01-11T13:07:28","slug":"manifesto-dos-surdos-usuarios-da-lingua-portuguesa-sulp","status":"publish","type":"post","link":"https:\/\/inclusivenews.com.br\/?p=2960","title":{"rendered":"Manifesto dos Surdos Usu\u00e1rios da L\u00edngua Portuguesa (SULP)"},"content":{"rendered":"<p>Brasil, 19 de novembro de 2008.<br \/>\nPre\u00e2mbulo<br \/>\nO presente Manifesto revela a diversidade existente no universo da surdez e coloca as necessidades de um grande grupo, at\u00e9 ent\u00e3o praticamente ignorado, que vem se firmando e consolidando seus objetivos, suas metas, com o fim de obter melhor atendimento, respeito humano e profissional, ajudas t\u00e9cnicas e cultura.<br \/>\nEsse grupo, composto por surdos que utilizam a l\u00edngua portuguesa para se comunicar, na modalidade oral, oro-facial, tamb\u00e9m denominada de leitura labial, e, ou, escrita ser\u00e1 aqui denominado de Surdos Usu\u00e1rios da L\u00edngua Portuguesa (SULP). Chegamos a essa denomina\u00e7\u00e3o porque ela abrange os surdos que sabem ler, escrever e falar fluentemente em portugu\u00eas e os surdos que sabem ler e escrever em portugu\u00eas, mas n\u00e3o s\u00e3o fluentes na fala. Al\u00e9m disso, a denomina\u00e7\u00e3o tamb\u00e9m abrange os ensurdecidos e os surdos na terceira idade. O denominador comum deste grupo \u00e9, em primeiro lugar, o uso da l\u00edngua portuguesa como meio de comunica\u00e7\u00e3o em todas as suas formas.<br \/>\nN\u00f3s, Surdos Usu\u00e1rios da L\u00edngua Portuguesa (SULP) temos hist\u00f3rico de surdez cong\u00eanita e adquirida. Alguns utilizam aparelhos auditivos, outros s\u00e3o implantados e alguns n\u00e3o se utilizam de aparelhagem por motivos diversos. Todos, em algum grau, fazem leitura labial e h\u00e1, ainda, aqueles que utilizam de dois ou tr\u00eas desses recursos concomitantemente.<br \/>\n2de10<br \/>\nEssa comunica\u00e7\u00e3o oral faz parte de nossas vidas e \u00e9 parte de nossa ess\u00eancia como humanos. Surgiu, naturalmente, no processo de socializa\u00e7\u00e3o de cada um, como ocorre com qualquer pessoa, para aqueles que ficaram surdos ap\u00f3s aprenderem a falar e conquistou-se, por op\u00e7\u00e3o dos pais e ajuda fonoaudiol\u00f3gica especializada, quando ainda pequenos, para aqueles que perderam a audi\u00e7\u00e3o antes de adquirir a capacidade de fala.<br \/>\nO uso da l\u00edngua portuguesa oral \u00e9, tamb\u00e9m, uma op\u00e7\u00e3o nossa, depois de adultos, pois \u00e9 ineg\u00e1vel que utilizar a l\u00edngua p\u00e1tria nos ajuda consideravelmente no processo de inclus\u00e3o, pois favorece nossa autonomia e abre possibilidades de desenvolvimento das nossas capacidades intelectuais e cognitivas e nos possibilita interagir com a comunidade de maneira mais pr\u00f3xima da plenitude.<br \/>\nNeste documento, desejamos informar ao povo brasileiro, preocupado com a integra\u00e7\u00e3o de todos os seus concidad\u00e3os, que existimos; que tamb\u00e9m precisamos de apoio para nossa acessibilidade, e informar os nossos reclames por ajudas t\u00e9cnicas com suas especificidades, quest\u00f5es sociais, econ\u00f4micas e pr\u00e1ticas pertinentes ao assunto, necess\u00e1rias para nossa completa e perfeita integra\u00e7\u00e3o \u00e0 sociedade.<br \/>\n***<br \/>\nH\u00e1 milh\u00f5es de brasileiros com algum grau de defici\u00eancia na audi\u00e7\u00e3o e que t\u00eam como l\u00edngua p\u00e1tria, a L\u00edngua Portuguesa. S\u00e3o pessoas que trabalham, estudam, pagam impostos, s\u00e3o discriminadas e lutam pela sua sobreviv\u00eancia e qualidade de vida como qualquer outra. A \u00fanica diferen\u00e7a \u00e9 que suas necessidades s\u00e3o pouco conhecidas, pois quase n\u00e3o se fala deles.<br \/>\nN\u00f3s, Surdos Usu\u00e1rios da L\u00edngua Portuguesa (SULP), fomos reconhecidos no Decreto 5296\/04, que assim disp\u00f5e:<br \/>\nArt. 5o: \u00a7 1o Considera-se, para os efeitos deste Decreto:<br \/>\nI &#8211; pessoa portadora de defici\u00eancia, al\u00e9m daquelas previstas na Lei n\u00ba. 10.690, de 16 de junho de 2003, a que possui limita\u00e7\u00e3o ou incapacidade para o desempenho de atividade e se enquadra nas seguintes categorias:<br \/>\nb) defici\u00eancia auditiva: perda bilateral, parcial ou total, de quarenta e um decib\u00e9is (dB) ou mais, aferida por audiograma nas freq\u00fc\u00eancias de 500 Hz, 1.000 Hz, 2.000Hz e 3.000Hz.<br \/>\n3de10<br \/>\nPessoas que possuem as perdas mencionadas adquiriram essa defici\u00eancia em momentos diferentes de suas vidas: ao nascer, na inf\u00e2ncia ou quando adultos. Portanto, em nosso grupo, pode-se encontrar o que chamamos de surdo p\u00f3s-lingual (aquele que ficou surdo depois de ter adquirido a fala); e surdo pr\u00e9-lingual (aquele que ficou surdo antes da aquisi\u00e7\u00e3o da fala). Temos tamb\u00e9m entre n\u00f3s, surdos que n\u00e3o falam com flu\u00eancia, mas l\u00eaem e escrevem em l\u00edngua portuguesa, portanto, o que identifica esse grupo, seguramente, \u00e9 o uso da l\u00edngua portuguesa, seja ela na modalidade escrita ou falada.<br \/>\nA acessibilidade dos surdos usu\u00e1rios da l\u00edngua portuguesa \u00e9 prevista no referido Decreto, que assim disp\u00f5e:<br \/>\nArt.8\u00ba. Para os fins de acessibilidade, considera-se:<br \/>\nI &#8211; acessibilidade: condi\u00e7\u00e3o para utiliza\u00e7\u00e3o, com seguran\u00e7a e autonomia, total ou assistida, dos espa\u00e7os, mobili\u00e1rios e equipamentos urbanos, das edifica\u00e7\u00f5es, dos servi\u00e7os de transporte e dos dispositivos, sistemas e meios de comunica\u00e7\u00e3o e informa\u00e7\u00e3o, por pessoa portadora de defici\u00eancia ou com mobilidade reduzida;<br \/>\nII &#8211; barreiras: qualquer entrave ou obst\u00e1culo que limite ou impe\u00e7a o acesso a liberdade de movimento, a circula\u00e7\u00e3o com seguran\u00e7a e a possibilidade de as pessoas se comunicarem ou terem acesso \u00e0 informa\u00e7\u00e3o, classificadas em:<br \/>\nd) barreiras nas comunica\u00e7\u00f5es e informa\u00e7\u00f5es: qualquer entrave ou obst\u00e1culo que dificulte ou impossibilite a express\u00e3o ou o recebimento de mensagens, por interm\u00e9dio dos dispositivos, meios ou sistemas de comunica\u00e7\u00e3o, sejam ou n\u00e3o de massa, bem como aqueles que dificultem ou impossibilitem o acesso \u00e0 informa\u00e7\u00e3o;<br \/>\nV- ajuda t\u00e9cnica: os produtos, instrumentos, equipamentos ou tecnologia adaptados ou especialmente projetados para melhorar a funcionalidade da pessoa portadora de defici\u00eancia ou com mobilidade reduzida, favorecendo a autonomia pessoal, total ou assistida;<br \/>\nEm nossa luta pela inclus\u00e3o, temos o amparo do Decreto retro mencionado que assim disp\u00f5e:<br \/>\nArt. 52. Caber\u00e1 ao Poder P\u00fablico incentivar a oferta de aparelhos de<br \/>\n4de10<br \/>\ntelevis\u00e3o equipados com recursos tecnol\u00f3gicos que permitam sua utiliza\u00e7\u00e3o de modo a garantir o direito de acesso \u00e0 informa\u00e7\u00e3o \u00e0s pessoas portadoras de defici\u00eancia auditiva ou visual.<br \/>\nPar\u00e1grafo \u00fanico. Incluem-se entre os recursos referidos no caput: I &#8211; circuito de decodifica\u00e7\u00e3o de legenda oculta; II &#8211; recurso para Programa Secund\u00e1rio de \u00c1udio (SAP); e III &#8211; entradas para fones de ouvido com ou sem fio.<br \/>\nSem deixar de mencionar a nossa Carta Magna que prev\u00ea:<br \/>\nArt. 215. O Estado garantir\u00e1 a todos o pleno exerc\u00edcio dos direitos culturais e acesso \u00e0s fontes da cultura nacional, e apoiar\u00e1 e incentivar\u00e1 a valoriza\u00e7\u00e3o e a difus\u00e3o das manifesta\u00e7\u00f5es culturais.<br \/>\n\u00a7 1\u00ba &#8211; O Estado proteger\u00e1 as manifesta\u00e7\u00f5es das culturas populares, ind\u00edgenas e afro-brasileiras, e das de outros grupos participantes do processo civilizat\u00f3rio nacional.<br \/>\nAssim, com amparo no disposto pelo artigo 8, inciso V do Decreto 5296\/04, para melhorar a nossa qualidade de vida e contribuir para o desenvolvimento de nossas capacidades cognitivas, pleiteamos:<br \/>\n1.<br \/>\nAparelhos auditivos livres de impostos;<br \/>\n2.<br \/>\nSistemas FM individuais que funcionam como interface entre os aparelhos auditivos e os telefones celulares livres de impostos;<br \/>\n3.<br \/>\nEquipamentos de telefonia especiais livres de impostos;<br \/>\n4.<br \/>\nDespertadores vibrat\u00f3rios livres de impostos;<br \/>\n5.<br \/>\nSinaliza\u00e7\u00e3o luminosa dom\u00e9stica ou p\u00fablica;<br \/>\n6.<br \/>\nFacilidade para implantes tanto em adultos como em crian\u00e7as, nos casos de indica\u00e7\u00e3o m\u00e9dica;<br \/>\n7.<br \/>\nEquipamentos de FM ou de Sonoriza\u00e7\u00e3o especial (hearing loop*), em grandes ambientes p\u00fablicos tais como teatros, cinemas, igrejas, f\u00f3runs, tribunais de justi\u00e7a, dentre outros, livres de impostos;<br \/>\n8.<br \/>\nSinaliza\u00e7\u00f5es escrita e luminosa que acompanhe as informa\u00e7\u00f5es<br \/>\n5de10<br \/>\nsonoras em \u00e2mbitos p\u00fablicos, em confer\u00eancias, aulas, bancos, tribunais e outros locais;<br \/>\n9.<br \/>\nAdequada ilumina\u00e7\u00e3o e lugares preferenciais perto do locutor para facilitar a leitura oro-facial, (comumente chamada de leitura labial);<br \/>\n10.<br \/>\nInt\u00e9rpretes oralistas, para aqueles que solicitarem, quando for imposs\u00edvel a proximidade visual com o interlocutor;<br \/>\n11.<br \/>\nTV, cinema nacional e teatro com legendagem em portugu\u00eas, e outras facilidades pertinentes \u00e0 comunica\u00e7\u00e3o oral e escrita em l\u00edngua portuguesa;<br \/>\n12.<br \/>\nFacilidade para aquisi\u00e7\u00e3o de equipamentos de inform\u00e1tica e programas de computadores, fundamentais como ajudas t\u00e9cnicas, para a integra\u00e7\u00e3o ao mercado de trabalho;<br \/>\n13.<br \/>\nSa\u00edda de fones de ouvido padr\u00e3o em todas as TVs produzidas e importadas para o Brasil;<br \/>\n\u00c9 importante observar que n\u00e3o solicitamos privil\u00e9gios de nenhum tipo. Solicitamos a ajuda t\u00e9cnica que nos permita usufruir, como todos os demais cidad\u00e3os, de vida independente e com qualidade. Isso significa, tamb\u00e9m, usufruir das artes audiovisuais disponibilizadas no pa\u00eds. Para isso, a legendagem para filmes estrangeiros e, principalmente, nacionais, se torna de fundamental import\u00e2ncia, pois a dublagem de filmes estrangeiros e a falta de legenda em filmes nacionais impedem que os surdos, de maneira geral, apreciem as artes audiovisuais em sua plenitude.<br \/>\nNo que se refere especificamente \u00e0s legendas em portugu\u00eas, defendemos legendas de boa qualidade, o que significa que elas sejam completas e fi\u00e9is aos di\u00e1logos que transcrevem, sem nenhuma simplifica\u00e7\u00e3o conceitual. Defendemos que as mesmas sejam elaboradas por profissionais de boa forma\u00e7\u00e3o t\u00e9cnica, que utilizem tamb\u00e9m bons softwares e que estejam empenhados em ouvir e discutir nossas reivindica\u00e7\u00f5es no assunto, abrindo espa\u00e7o para nossas id\u00e9ias e questionamentos.<br \/>\nObserve-se que as legendas em portugu\u00eas n\u00e3o atenderiam somente aos surdos usu\u00e1rios da L\u00edngua Portuguesa, mas tamb\u00e9m as pessoas de meia idade que t\u00eam a audi\u00e7\u00e3o diminu\u00edda; crian\u00e7as em fase de alfabetiza\u00e7\u00e3o; adultos que necessitam de alfabetiza\u00e7\u00e3o; estrangeiros que querem aprender nosso idioma, dentre outros usu\u00e1rios.<br \/>\n6de10<br \/>\nSob o olhar pedag\u00f3gico, o contato di\u00e1rio do indiv\u00edduo com a escrita, sendo ele via legenda ou por meio de outras tecnologias (como material impresso, por exemplo), facilita muito a aprendizagem, entretanto, \u00e9 necess\u00e1rio que esse material seja elaborado de maneira criteriosa. Isso significa o uso de legendas realmente comprometidas com a norma culta da l\u00edngua e n\u00e3o legendas facilitadas, condensadas ou simplificadas, que apenas iriam provocar a acomoda\u00e7\u00e3o do leitor, al\u00e9m de nada contribuir para o desenvolvimento da sua capacidade de entendimento e estrutura\u00e7\u00e3o do pensamento.<br \/>\nSabemos que precisa haver sintonia e equil\u00edbrio entre nossas reivindica\u00e7\u00f5es acerca das legendas e as quest\u00f5es t\u00e9cnicas que envolvem a tradu\u00e7\u00e3o\/interpreta\u00e7\u00e3o. Por isso, pleiteamos, tamb\u00e9m, a nossa participa\u00e7\u00e3o no controle de qualidade dessas legendas, que a nosso ver deveriam ser submetidas a uma comiss\u00e3o a ser criada dentro de um consenso, em que 1\/3 de seus membros fosse de surdos usu\u00e1rios da l\u00edngua portuguesa, 1\/3 de pessoas da terceira idade com audi\u00e7\u00e3o diminu\u00edda, e 1\/3 de profissionais em tradu\u00e7\u00e3o e pedagogos.<br \/>\nQuanto \u00e0 acessibilidade em eventos que ocorrem em grandes ambientes, solicitamos ao Estado que facilite a implanta\u00e7\u00e3o do equipamento conhecido por Hearing Loop, tamb\u00e9m denominado induction loop, boucle magnetique, aro magn\u00e9tico ou ainda anel indutor ou emissor para receptor auricular, como \u00e9 conhecido, respectivamente, nos Estados Unidos, na Fran\u00e7a, na Argentina e no Brasil.<br \/>\nTal equipamento tem por premissa captar o som da TV, do cinema, do palestrante na sala de confer\u00eancias e o transmitir, sem ecos ou interfer\u00eancias, para os aparelhos auditivos e aparelhos de implante. \u00c9 importante ressaltar que na Argentina esse equipamento j\u00e1 est\u00e1 instalado em v\u00e1rios cinemas, teatros, escolas, e demais espa\u00e7os p\u00fablicos e que ele tem tamb\u00e9m uma fun\u00e7\u00e3o bastante eficaz, quando utilizado em crian\u00e7as surdas, em sala de aula.<br \/>\nDeste modo, desejamos que o Estado assuma os encargos necess\u00e1rios para a facilitar que as salas de cinema, as casas teatrais, as escolas e os demais ambientes p\u00fablicos possam implantar esse equipamento, democratizando, dessa forma, o acesso a cultura.<br \/>\n****<br \/>\nEnfim, n\u00e3o desejamos privil\u00e9gios, queremos apenas vencer a discrimina\u00e7\u00e3o que<br \/>\n7de10<br \/>\nenfrentamos nos atos cotidianos da vida.<br \/>\nFinalizamos apelando ao povo brasileiro e aos seus representantes legais nos tr\u00eas n\u00edveis de governo: Federal, Estaduais e Municipais que resgatem a d\u00edvida do Brasil com surdos usu\u00e1rios de l\u00edngua portuguesa (SULP) de modo que todos possam vivenciar suas vidas sem discrimina\u00e7\u00e3o e sem tolhimentos de quaisquer tipos, pois, como reza a Constitui\u00e7\u00e3o da Rep\u00fablica, todos s\u00e3o iguais perante a lei, sem discrimina\u00e7\u00e3o de qualquer tipo.<br \/>\nAssinam,<br \/>\nComiss\u00e3o dos Surdos Usu\u00e1rios de L\u00edngua Portuguesa &#8211; SULP.<br \/>\nMembros:<br \/>\nCristina Ferber Vieira Lessa, formada em Direito e Pedagogia. Professora. Possui surdez moderada e n\u00e3o utiliza aparelhos auditivos. Residente em Belo Horizonte\/M.G. Contato: cristinaferber@gmail.com<br \/>\nDrauzio Antonio Rezende Junior, Economista, Mestre em Gest\u00e3o e Desenvolvimento Regional e professor universit\u00e1rio. Possui surdez moderada no ouvido esquerdo e profunda no ouvido direito adquirida. Utiliza-se de aparelhos auditivos. Residente em Trememb\u00e9\/S.P. Contato: drajun@uol.com.br<br \/>\nLakshmi Eliane Lobato Austragesilo (Lak Lobato), Publicit\u00e1ria e Fot\u00f3grafa. Possui surdez bilateral profunda adquirida e usu\u00e1ria de pr\u00f3tese auditiva. Residente em S\u00e3o Paulo\/S.P. Contato: laklobat@yahoo.com<br \/>\nLeila Custodio Atthie, formada em Pedagogia. Professora. Possui surdez bilateral profunda adquirida e usu\u00e1ria de implante no ouvido direito. Residente no Rio de Janeiro\/R.J. Contato: leisou66@yahoo.com.br<br \/>\n8de10<br \/>\nS\u00f4nia Maria Ramires de Almeida, formada em Ci\u00eancias Sociais e banc\u00e1ria aposentada do Banco do Brasil. Possui surdez severa bi-lateral (otoesclerose) e usu\u00e1ria de aparelhos auditivos. Residente em S\u00e3o Paulo\/S.P. Contato: sramiresdealmeida@yahoo.com.br<br \/>\nMaiores Informa\u00e7\u00f5es<br \/>\nPara Contatos com a Comiss\u00e3o dos Surdos Usu\u00e1rios da L\u00edngua Portuguesa (SULP), por favor, encaminhe o seu e-mail para:<br \/>\nsulp-surdosusuariosdalinguaportuguesa@yahoogrupos.com.br<br \/>\nCaso seja do seu interesse, acesse o blog da Comiss\u00e3o dos Surdos Usu\u00e1rios da L\u00edngua Portuguesa neste endere\u00e7o:<br \/>\nhttp:\/\/sulp-surdosusuariosdalinguaportuguesa.blogspot.com\/<br \/>\nVoc\u00ea pode tamb\u00e9m visitar a comunidade Surdos Oralizados no Orkut, no seguinte endere\u00e7o:<br \/>\nhttp:\/\/www.orkut.com.br\/Main#Community.aspx?cmm=60081<br \/>\nRefer\u00eancia Bibliogr\u00e1fica:<br \/>\nBRASIL. Decreto N\u00b05.296 de 02 de dezembro de 2004. Regulamenta a Lei n\u00b0 10.048, de 8 de novembro de 2000, que d\u00e1 prioridade de atendimento \u00e0s pessoas que especifica, e 10.098, de 19 de dezembro de 2000, que estabelece normas gerais e crit\u00e9rios b\u00e1sicos para a promo\u00e7\u00e3o da acessibilidade das pessoas portadoras de defici\u00eancia ou com mobilidade reduzida, e d\u00e1 outras provid\u00eancias. Di\u00e1rio Oficial da Uni\u00e3o, Bras\u00edlia, 03 de dezembro de 2004.<br \/>\nBRASIL. Lei N\u00ba 8.160 de 08 de janeiro de 1991. Disp\u00f5e sobre a caracteriza\u00e7\u00e3o de s\u00edmbolo que permita a identifica\u00e7\u00e3o de pessoas portadoras de defici\u00eancia auditiva.<br \/>\n9de10<br \/>\nDispon\u00edvel em: http:\/\/pfdc.pgr.mpf.gov.br\/informativos-pfdc\/edicoes-2007\/docs_mar\/Anexo%20Inf%2016%20simbolo%20internacional%20de%20surdez.doc<br \/>\nAcesso em: 13.11.2008 \u00e0s 17:00h<br \/>\nDEFICIENTE ONLINE. Educa\u00e7\u00e3o aprova legendas em filmes exibidos no cinema. Dispon\u00edvel em: http:\/\/www.deficienteonline.com.br\/principal\/home\/?sistema=conteudos%7Cconteudo&amp;id_conteudo=214. Acesso em: 10.11.2008 \u00e0s 01:30h.<br \/>\nDEPARTAMENTO ESTADUAL DE TR\u00c2NSITO DE S\u00c3O PAULO. S\u00edmbolo internacional de surdez. Dispon\u00edvel em: http:\/\/www.detran.sp.gov.br\/surdez\/surdez.asp. Acesso em: 16.11.2008 \u00e0s 23:39h.<br \/>\nHEARING LOOP ORG. Getting hard of hearing people \u201cin the loop\u201d. Dispon\u00edvel em: http:\/\/www.hearingloop.org\/index.htm. Acesso em: 10.11.2008 \u00e0s 18:14h.<br \/>\nMUTUALIDAD ARGENTINA DE HIPOACUSICOS \u2013 MAH. Ayudas tecnologicas auxiliares. Dispon\u00edvel em: http:\/\/www.mah.org.ar\/institucional.htm. Acesso em: 10.11.2008 \u00e0s 18:30h.<br \/>\nREDE SACI: Solidariedade, Apoio, Comunica\u00e7\u00e3o e Informa\u00e7\u00e3o. O manifesto dos surdos oralizados: revisto e atualizado. Brasil, 15 de abril de 2002. Dispon\u00edvel em: http:\/\/www.saci.org.br\/index.php?modulo=akemi&amp;parametro=1062. Acesso em: 17.11.2008 \u00e0s 10:32h.<br \/>\nSENADO FEDERAL LEGISLA\u00c7\u00c3O. Constitui\u00e7\u00e3o da Rep\u00fablica Federativa do Brasil: texto promulgado em 05\/10\/1988. Texto consolidado at\u00e9 a Emenda n\u00ba 56 de 20\/10\/2007. Dispon\u00edvel em: http:\/\/www.senado.gov.br\/sf\/legislacao\/const\/. Acesso em: 09.11.2008 \u00e0s 22:30h.<br \/>\n10de10<br \/>\nTORRES, ELISABETH F\u00c1TIMA; MAZZONI, ALBERTO ANGEL; MELLO, ANAH\u00cd GUEDES DE. Nem toda pessoa cega l\u00ea em Braille nem toda pessoa surda se comunica em l\u00edngua de sinais. Educ. Pesqui. [online]. 2007, v. 33, n. 2, pp. 369-386. Dispon\u00edvel em: http:\/\/www.scielo.br\/scielo.php?script=sci_arttext&amp;pid=S1517-97022007000200013&amp;lng=en&amp;nrm=iso. Acesso em: 17.11.2008 \u00e0s 10:40h.<\/p>\n","protected":false},"excerpt":{"rendered":"<p>Brasil, 19 de novembro de 2008. Pre\u00e2mbulo O presente Manifesto revela a diversidade existente no universo da surdez e coloca as necessidades de um grande grupo, at\u00e9 ent\u00e3o praticamente ignorado, que vem se firmando e consolidando seus objetivos, suas metas, com o fim de obter melhor atendimento, respeito humano e profissional, ajudas t\u00e9cnicas e cultura. [&hellip;]<\/p>\n","protected":false},"author":2,"featured_media":0,"comment_status":"open","ping_status":"open","sticky":false,"template":"","format":"standard","meta":{"site-container-style":"default","site-container-layout":"default","site-sidebar-layout":"default","disable-article-header":"default","disable-site-header":"default","disable-site-footer":"default","disable-content-area-spacing":"default","footnotes":""},"categories":[3],"tags":[],"class_list":["post-2960","post","type-post","status-publish","format-standard","hentry","category-campanhas"],"yoast_head":"<!-- This site is optimized with the Yoast SEO plugin v27.4 - https:\/\/yoast.com\/product\/yoast-seo-wordpress\/ -->\n<title>Manifesto dos Surdos Usu\u00e1rios da L\u00edngua Portuguesa (SULP) -<\/title>\n<meta name=\"robots\" content=\"index, follow, max-snippet:-1, max-image-preview:large, max-video-preview:-1\" \/>\n<link rel=\"canonical\" href=\"https:\/\/inclusivenews.com.br\/?p=2960\" \/>\n<meta property=\"og:locale\" content=\"pt_PT\" \/>\n<meta property=\"og:type\" content=\"article\" \/>\n<meta property=\"og:title\" content=\"Manifesto dos Surdos Usu\u00e1rios da L\u00edngua Portuguesa (SULP) -\" \/>\n<meta property=\"og:description\" content=\"Brasil, 19 de novembro de 2008. Pre\u00e2mbulo O presente Manifesto revela a diversidade existente no universo da surdez e coloca as necessidades de um grande grupo, at\u00e9 ent\u00e3o praticamente ignorado, que vem se firmando e consolidando seus objetivos, suas metas, com o fim de obter melhor atendimento, respeito humano e profissional, ajudas t\u00e9cnicas e cultura. [&hellip;]\" \/>\n<meta property=\"og:url\" content=\"https:\/\/inclusivenews.com.br\/?p=2960\" \/>\n<meta property=\"article:publisher\" content=\"https:\/\/www.facebook.com\/agenciainclusive\/\" \/>\n<meta property=\"article:published_time\" content=\"2009-01-11T13:07:28+00:00\" \/>\n<meta name=\"author\" content=\"Inclusive\" \/>\n<meta name=\"twitter:card\" content=\"summary_large_image\" \/>\n<meta name=\"twitter:label1\" content=\"Escrito por\" \/>\n\t<meta name=\"twitter:data1\" content=\"Inclusive\" \/>\n\t<meta name=\"twitter:label2\" content=\"Tempo estimado de leitura\" \/>\n\t<meta name=\"twitter:data2\" content=\"13 minutos\" \/>\n<script type=\"application\/ld+json\" class=\"yoast-schema-graph\">{\"@context\":\"https:\\\/\\\/schema.org\",\"@graph\":[{\"@type\":\"Article\",\"@id\":\"https:\\\/\\\/inclusivenews.com.br\\\/?p=2960#article\",\"isPartOf\":{\"@id\":\"https:\\\/\\\/inclusivenews.com.br\\\/?p=2960\"},\"author\":{\"name\":\"Inclusive\",\"@id\":\"https:\\\/\\\/inclusivenews.com.br\\\/#\\\/schema\\\/person\\\/0dab492019871b94abb65fa8ee7c8c44\"},\"headline\":\"Manifesto dos Surdos Usu\u00e1rios da L\u00edngua Portuguesa (SULP)\",\"datePublished\":\"2009-01-11T13:07:28+00:00\",\"mainEntityOfPage\":{\"@id\":\"https:\\\/\\\/inclusivenews.com.br\\\/?p=2960\"},\"wordCount\":2664,\"commentCount\":1,\"publisher\":{\"@id\":\"https:\\\/\\\/inclusivenews.com.br\\\/#organization\"},\"articleSection\":[\"CAMPANHAS\"],\"inLanguage\":\"pt-PT\",\"potentialAction\":[{\"@type\":\"CommentAction\",\"name\":\"Comment\",\"target\":[\"https:\\\/\\\/inclusivenews.com.br\\\/?p=2960#respond\"]}]},{\"@type\":\"WebPage\",\"@id\":\"https:\\\/\\\/inclusivenews.com.br\\\/?p=2960\",\"url\":\"https:\\\/\\\/inclusivenews.com.br\\\/?p=2960\",\"name\":\"Manifesto dos Surdos Usu\u00e1rios da L\u00edngua Portuguesa (SULP) -\",\"isPartOf\":{\"@id\":\"https:\\\/\\\/inclusivenews.com.br\\\/#website\"},\"datePublished\":\"2009-01-11T13:07:28+00:00\",\"breadcrumb\":{\"@id\":\"https:\\\/\\\/inclusivenews.com.br\\\/?p=2960#breadcrumb\"},\"inLanguage\":\"pt-PT\",\"potentialAction\":[{\"@type\":\"ReadAction\",\"target\":[\"https:\\\/\\\/inclusivenews.com.br\\\/?p=2960\"]}]},{\"@type\":\"BreadcrumbList\",\"@id\":\"https:\\\/\\\/inclusivenews.com.br\\\/?p=2960#breadcrumb\",\"itemListElement\":[{\"@type\":\"ListItem\",\"position\":1,\"name\":\"In\u00edcio\",\"item\":\"https:\\\/\\\/inclusivenews.com.br\\\/\"},{\"@type\":\"ListItem\",\"position\":2,\"name\":\"Manifesto dos Surdos Usu\u00e1rios da L\u00edngua Portuguesa (SULP)\"}]},{\"@type\":\"WebSite\",\"@id\":\"https:\\\/\\\/inclusivenews.com.br\\\/#website\",\"url\":\"https:\\\/\\\/inclusivenews.com.br\\\/\",\"name\":\"Inclusive News\",\"description\":\"Inclusive News\",\"publisher\":{\"@id\":\"https:\\\/\\\/inclusivenews.com.br\\\/#organization\"},\"potentialAction\":[{\"@type\":\"SearchAction\",\"target\":{\"@type\":\"EntryPoint\",\"urlTemplate\":\"https:\\\/\\\/inclusivenews.com.br\\\/?s={search_term_string}\"},\"query-input\":{\"@type\":\"PropertyValueSpecification\",\"valueRequired\":true,\"valueName\":\"search_term_string\"}}],\"inLanguage\":\"pt-PT\"},{\"@type\":\"Organization\",\"@id\":\"https:\\\/\\\/inclusivenews.com.br\\\/#organization\",\"name\":\"Inclusive - inclus\u00e3o e cidadania\",\"url\":\"https:\\\/\\\/inclusivenews.com.br\\\/\",\"logo\":{\"@type\":\"ImageObject\",\"inLanguage\":\"pt-PT\",\"@id\":\"https:\\\/\\\/inclusivenews.com.br\\\/#\\\/schema\\\/logo\\\/image\\\/\",\"url\":\"https:\\\/\\\/inclusivenews.com.br\\\/wp-content\\\/uploads\\\/2024\\\/03\\\/@grandesite.png\",\"contentUrl\":\"https:\\\/\\\/inclusivenews.com.br\\\/wp-content\\\/uploads\\\/2024\\\/03\\\/@grandesite.png\",\"width\":1080,\"height\":1080,\"caption\":\"Inclusive - inclus\u00e3o e cidadania\"},\"image\":{\"@id\":\"https:\\\/\\\/inclusivenews.com.br\\\/#\\\/schema\\\/logo\\\/image\\\/\"},\"sameAs\":[\"https:\\\/\\\/www.facebook.com\\\/agenciainclusive\\\/\",\"https:\\\/\\\/www.instagram.com\\\/newsinclusive\\\/\"]},{\"@type\":\"Person\",\"@id\":\"https:\\\/\\\/inclusivenews.com.br\\\/#\\\/schema\\\/person\\\/0dab492019871b94abb65fa8ee7c8c44\",\"name\":\"Inclusive\",\"image\":{\"@type\":\"ImageObject\",\"inLanguage\":\"pt-PT\",\"@id\":\"https:\\\/\\\/secure.gravatar.com\\\/avatar\\\/?s=96&d=mm&r=g\",\"url\":\"https:\\\/\\\/secure.gravatar.com\\\/avatar\\\/?s=96&d=mm&r=g\",\"contentUrl\":\"https:\\\/\\\/secure.gravatar.com\\\/avatar\\\/?s=96&d=mm&r=g\",\"caption\":\"Inclusive\"},\"url\":\"https:\\\/\\\/inclusivenews.com.br\\\/?author=2\"}]}<\/script>\n<!-- \/ Yoast SEO plugin. -->","yoast_head_json":{"title":"Manifesto dos Surdos Usu\u00e1rios da L\u00edngua Portuguesa (SULP) -","robots":{"index":"index","follow":"follow","max-snippet":"max-snippet:-1","max-image-preview":"max-image-preview:large","max-video-preview":"max-video-preview:-1"},"canonical":"https:\/\/inclusivenews.com.br\/?p=2960","og_locale":"pt_PT","og_type":"article","og_title":"Manifesto dos Surdos Usu\u00e1rios da L\u00edngua Portuguesa (SULP) -","og_description":"Brasil, 19 de novembro de 2008. Pre\u00e2mbulo O presente Manifesto revela a diversidade existente no universo da surdez e coloca as necessidades de um grande grupo, at\u00e9 ent\u00e3o praticamente ignorado, que vem se firmando e consolidando seus objetivos, suas metas, com o fim de obter melhor atendimento, respeito humano e profissional, ajudas t\u00e9cnicas e cultura. [&hellip;]","og_url":"https:\/\/inclusivenews.com.br\/?p=2960","article_publisher":"https:\/\/www.facebook.com\/agenciainclusive\/","article_published_time":"2009-01-11T13:07:28+00:00","author":"Inclusive","twitter_card":"summary_large_image","twitter_misc":{"Escrito por":"Inclusive","Tempo estimado de leitura":"13 minutos"},"schema":{"@context":"https:\/\/schema.org","@graph":[{"@type":"Article","@id":"https:\/\/inclusivenews.com.br\/?p=2960#article","isPartOf":{"@id":"https:\/\/inclusivenews.com.br\/?p=2960"},"author":{"name":"Inclusive","@id":"https:\/\/inclusivenews.com.br\/#\/schema\/person\/0dab492019871b94abb65fa8ee7c8c44"},"headline":"Manifesto dos Surdos Usu\u00e1rios da L\u00edngua Portuguesa (SULP)","datePublished":"2009-01-11T13:07:28+00:00","mainEntityOfPage":{"@id":"https:\/\/inclusivenews.com.br\/?p=2960"},"wordCount":2664,"commentCount":1,"publisher":{"@id":"https:\/\/inclusivenews.com.br\/#organization"},"articleSection":["CAMPANHAS"],"inLanguage":"pt-PT","potentialAction":[{"@type":"CommentAction","name":"Comment","target":["https:\/\/inclusivenews.com.br\/?p=2960#respond"]}]},{"@type":"WebPage","@id":"https:\/\/inclusivenews.com.br\/?p=2960","url":"https:\/\/inclusivenews.com.br\/?p=2960","name":"Manifesto dos Surdos Usu\u00e1rios da L\u00edngua Portuguesa (SULP) -","isPartOf":{"@id":"https:\/\/inclusivenews.com.br\/#website"},"datePublished":"2009-01-11T13:07:28+00:00","breadcrumb":{"@id":"https:\/\/inclusivenews.com.br\/?p=2960#breadcrumb"},"inLanguage":"pt-PT","potentialAction":[{"@type":"ReadAction","target":["https:\/\/inclusivenews.com.br\/?p=2960"]}]},{"@type":"BreadcrumbList","@id":"https:\/\/inclusivenews.com.br\/?p=2960#breadcrumb","itemListElement":[{"@type":"ListItem","position":1,"name":"In\u00edcio","item":"https:\/\/inclusivenews.com.br\/"},{"@type":"ListItem","position":2,"name":"Manifesto dos Surdos Usu\u00e1rios da L\u00edngua Portuguesa (SULP)"}]},{"@type":"WebSite","@id":"https:\/\/inclusivenews.com.br\/#website","url":"https:\/\/inclusivenews.com.br\/","name":"Inclusive News","description":"Inclusive News","publisher":{"@id":"https:\/\/inclusivenews.com.br\/#organization"},"potentialAction":[{"@type":"SearchAction","target":{"@type":"EntryPoint","urlTemplate":"https:\/\/inclusivenews.com.br\/?s={search_term_string}"},"query-input":{"@type":"PropertyValueSpecification","valueRequired":true,"valueName":"search_term_string"}}],"inLanguage":"pt-PT"},{"@type":"Organization","@id":"https:\/\/inclusivenews.com.br\/#organization","name":"Inclusive - inclus\u00e3o e cidadania","url":"https:\/\/inclusivenews.com.br\/","logo":{"@type":"ImageObject","inLanguage":"pt-PT","@id":"https:\/\/inclusivenews.com.br\/#\/schema\/logo\/image\/","url":"https:\/\/inclusivenews.com.br\/wp-content\/uploads\/2024\/03\/@grandesite.png","contentUrl":"https:\/\/inclusivenews.com.br\/wp-content\/uploads\/2024\/03\/@grandesite.png","width":1080,"height":1080,"caption":"Inclusive - inclus\u00e3o e cidadania"},"image":{"@id":"https:\/\/inclusivenews.com.br\/#\/schema\/logo\/image\/"},"sameAs":["https:\/\/www.facebook.com\/agenciainclusive\/","https:\/\/www.instagram.com\/newsinclusive\/"]},{"@type":"Person","@id":"https:\/\/inclusivenews.com.br\/#\/schema\/person\/0dab492019871b94abb65fa8ee7c8c44","name":"Inclusive","image":{"@type":"ImageObject","inLanguage":"pt-PT","@id":"https:\/\/secure.gravatar.com\/avatar\/?s=96&d=mm&r=g","url":"https:\/\/secure.gravatar.com\/avatar\/?s=96&d=mm&r=g","contentUrl":"https:\/\/secure.gravatar.com\/avatar\/?s=96&d=mm&r=g","caption":"Inclusive"},"url":"https:\/\/inclusivenews.com.br\/?author=2"}]}},"_links":{"self":[{"href":"https:\/\/inclusivenews.com.br\/index.php?rest_route=\/wp\/v2\/posts\/2960","targetHints":{"allow":["GET"]}}],"collection":[{"href":"https:\/\/inclusivenews.com.br\/index.php?rest_route=\/wp\/v2\/posts"}],"about":[{"href":"https:\/\/inclusivenews.com.br\/index.php?rest_route=\/wp\/v2\/types\/post"}],"author":[{"embeddable":true,"href":"https:\/\/inclusivenews.com.br\/index.php?rest_route=\/wp\/v2\/users\/2"}],"replies":[{"embeddable":true,"href":"https:\/\/inclusivenews.com.br\/index.php?rest_route=%2Fwp%2Fv2%2Fcomments&post=2960"}],"version-history":[{"count":0,"href":"https:\/\/inclusivenews.com.br\/index.php?rest_route=\/wp\/v2\/posts\/2960\/revisions"}],"wp:attachment":[{"href":"https:\/\/inclusivenews.com.br\/index.php?rest_route=%2Fwp%2Fv2%2Fmedia&parent=2960"}],"wp:term":[{"taxonomy":"category","embeddable":true,"href":"https:\/\/inclusivenews.com.br\/index.php?rest_route=%2Fwp%2Fv2%2Fcategories&post=2960"},{"taxonomy":"post_tag","embeddable":true,"href":"https:\/\/inclusivenews.com.br\/index.php?rest_route=%2Fwp%2Fv2%2Ftags&post=2960"}],"curies":[{"name":"wp","href":"https:\/\/api.w.org\/{rel}","templated":true}]}}