{"id":29630,"date":"2016-08-08T14:09:46","date_gmt":"2016-08-08T17:09:46","guid":{"rendered":"http:\/\/www.inclusive.org.br\/?p=29630"},"modified":"2016-08-08T14:09:46","modified_gmt":"2016-08-08T17:09:46","slug":"estudo-mulheres-gravidas-em-face-da-sindrome-congenita-do-zika","status":"publish","type":"post","link":"https:\/\/inclusivenews.com.br\/?p=29630","title":{"rendered":"Estudo Mulheres Gr\u00e1vidas em face da S\u00edndrome Cong\u00eanita do Zika"},"content":{"rendered":"<div class=\"page\" title=\"Page 1\">\n<p><img loading=\"lazy\" decoding=\"async\" class=\"alignnone wp-image-29631\" src=\"http:\/\/inclusivenews.com.br\/wp-content\/uploads\/Exames_Zika.jpeg.png\" alt=\"grafico que mostra que 90% das mulheres gostariam de ter acesso ao teste da zika. durante a gravidez\" width=\"314\" height=\"225\" \/><\/p>\n<p>O zika v\u00edrus ganhou relev\u00e2ncia no debate p\u00fablico e em fevereiro foi considerado uma emerg\u00eancia global pela Organiza\u00e7\u00e3o Mundial da Sa\u00fade, em fun\u00e7\u00e3o da associa\u00e7\u00e3o entre a presen\u00e7a do v\u00edrus em gestantes e a s\u00edndrome cong\u00eanita em rec\u00e9m-nascidos, cuja manifesta\u00e7\u00e3o mais evidente em um primeiro momento era a microcefalia.<\/p>\n<p>Embora as mulheres estejam no centro da epidemia de zika, suas demandas e direitos est\u00e3o fora do foco principal do debate p\u00fablico. Ante essa lacuna e a urg\u00eancia na garantia de direitos, o Instituto Patr\u00edcia Galv\u00e3o realizou duas pesquisas de opini\u00e3o \u2013 uma qualitativa e outra quantitativa \u2013 para mapear como as mulheres gr\u00e1vidas t\u00eam lidado com o v\u00edrus zika, buscando trazer suas perspectivas para o centro da discuss\u00e3o sobre as pol\u00edticas p\u00fablicas de sa\u00fade, planejamento familiar e saneamento b\u00e1sico.<\/p>\n<p>A pesquisa quantitativa, realizada em julho pelo Instituto Patr\u00edcia Galv\u00e3o, em parceria com o\u00a0<a href=\"http:\/\/brasil.babycenter.com\/\">aplicativo BabyCenter<\/a>\u00a0e o instituto de pesquisa Locomotiva, obteve respostas de 3.155 usu\u00e1rias que se encontravam gr\u00e1vidas ao responder o question\u00e1rio. O projeto contou com apoio da ONU Mulheres e da Funda\u00e7\u00e3o Ford.<\/p>\n<p>Lan\u00e7ada no dia 02 de agosto, na Fiocruz, no Rio de Janeiro (RJ), as pesquisas repercutiram na imprensa brasileira e trouxeram a voz das mulheres neste momento de emerg\u00eancia p\u00fablica de sa\u00fade no Brasil e no mundo.<\/p>\n<p>Acesse a pesquisa:\u00a0<a href=\"http:\/\/agenciapatriciagalvao.org.br\/wp-content\/uploads\/2016\/08\/Apresentacao-zika_Final.pdf\">http:\/\/agenciapatriciagalvao.org.br\/wp-content\/uploads\/2016\/08\/Apresentacao-zika_Final.pdf<\/a><\/p>\n<div class=\"section\"><\/div>\n<\/div>\n","protected":false},"excerpt":{"rendered":"<p>O zika v\u00edrus ganhou relev\u00e2ncia no debate p\u00fablico e em fevereiro foi considerado uma emerg\u00eancia global pela Organiza\u00e7\u00e3o Mundial da Sa\u00fade, em fun\u00e7\u00e3o da associa\u00e7\u00e3o entre a presen\u00e7a do v\u00edrus em gestantes e a s\u00edndrome cong\u00eanita em rec\u00e9m-nascidos, cuja manifesta\u00e7\u00e3o mais evidente em um primeiro momento era a microcefalia. Embora as mulheres estejam no centro [&hellip;]<\/p>\n","protected":false},"author":1,"featured_media":0,"comment_status":"open","ping_status":"open","sticky":false,"template":"","format":"standard","meta":{"site-container-style":"default","site-container-layout":"default","site-sidebar-layout":"default","disable-article-header":"default","disable-site-header":"default","disable-site-footer":"default","disable-content-area-spacing":"default","footnotes":""},"categories":[38,48,359],"tags":[],"class_list":["post-29630","post","type-post","status-publish","format-standard","hentry","category-deficiencia","category-inclusao","category-microcefalia"],"yoast_head":"<!-- This site is optimized with the Yoast SEO plugin v27.4 - https:\/\/yoast.com\/product\/yoast-seo-wordpress\/ -->\n<title>Estudo Mulheres Gr\u00e1vidas em face da S\u00edndrome Cong\u00eanita do Zika -<\/title>\n<meta name=\"robots\" content=\"index, follow, max-snippet:-1, max-image-preview:large, max-video-preview:-1\" \/>\n<link rel=\"canonical\" href=\"https:\/\/inclusivenews.com.br\/?p=29630\" \/>\n<meta property=\"og:locale\" content=\"pt_PT\" \/>\n<meta property=\"og:type\" content=\"article\" \/>\n<meta property=\"og:title\" content=\"Estudo Mulheres Gr\u00e1vidas em face da S\u00edndrome Cong\u00eanita do Zika -\" \/>\n<meta property=\"og:description\" content=\"O zika v\u00edrus ganhou relev\u00e2ncia no debate p\u00fablico e em fevereiro foi considerado uma emerg\u00eancia global pela Organiza\u00e7\u00e3o Mundial da Sa\u00fade, em fun\u00e7\u00e3o da associa\u00e7\u00e3o entre a presen\u00e7a do v\u00edrus em gestantes e a s\u00edndrome cong\u00eanita em rec\u00e9m-nascidos, cuja manifesta\u00e7\u00e3o mais evidente em um primeiro momento era a microcefalia. Embora as mulheres estejam no centro [&hellip;]\" \/>\n<meta property=\"og:url\" content=\"https:\/\/inclusivenews.com.br\/?p=29630\" \/>\n<meta property=\"article:publisher\" content=\"https:\/\/www.facebook.com\/agenciainclusive\/\" \/>\n<meta property=\"article:published_time\" content=\"2016-08-08T17:09:46+00:00\" \/>\n<meta property=\"og:image\" content=\"http:\/\/inclusivenews.com.br\/wp-content\/uploads\/Exames_Zika.jpeg.png\" \/>\n<meta name=\"author\" content=\"inclusivenews2024\" \/>\n<meta name=\"twitter:card\" content=\"summary_large_image\" \/>\n<meta name=\"twitter:label1\" content=\"Escrito por\" \/>\n\t<meta name=\"twitter:data1\" content=\"inclusivenews2024\" \/>\n\t<meta name=\"twitter:label2\" content=\"Tempo estimado de leitura\" \/>\n\t<meta name=\"twitter:data2\" content=\"1 minuto\" \/>\n<script type=\"application\/ld+json\" class=\"yoast-schema-graph\">{\"@context\":\"https:\\\/\\\/schema.org\",\"@graph\":[{\"@type\":\"Article\",\"@id\":\"https:\\\/\\\/inclusivenews.com.br\\\/?p=29630#article\",\"isPartOf\":{\"@id\":\"https:\\\/\\\/inclusivenews.com.br\\\/?p=29630\"},\"author\":{\"name\":\"inclusivenews2024\",\"@id\":\"https:\\\/\\\/inclusivenews.com.br\\\/#\\\/schema\\\/person\\\/ae4ec7087559b8692fb33b6fffd2273b\"},\"headline\":\"Estudo Mulheres Gr\u00e1vidas em face da S\u00edndrome Cong\u00eanita do Zika\",\"datePublished\":\"2016-08-08T17:09:46+00:00\",\"mainEntityOfPage\":{\"@id\":\"https:\\\/\\\/inclusivenews.com.br\\\/?p=29630\"},\"wordCount\":272,\"commentCount\":0,\"publisher\":{\"@id\":\"https:\\\/\\\/inclusivenews.com.br\\\/#organization\"},\"image\":{\"@id\":\"https:\\\/\\\/inclusivenews.com.br\\\/?p=29630#primaryimage\"},\"thumbnailUrl\":\"http:\\\/\\\/inclusivenews.com.br\\\/wp-content\\\/uploads\\\/Exames_Zika.jpeg.png\",\"articleSection\":[\"Defici\u00eancia\",\"INCLUS\u00c3O SOCIAL\",\"Microcefalia\"],\"inLanguage\":\"pt-PT\",\"potentialAction\":[{\"@type\":\"CommentAction\",\"name\":\"Comment\",\"target\":[\"https:\\\/\\\/inclusivenews.com.br\\\/?p=29630#respond\"]}]},{\"@type\":\"WebPage\",\"@id\":\"https:\\\/\\\/inclusivenews.com.br\\\/?p=29630\",\"url\":\"https:\\\/\\\/inclusivenews.com.br\\\/?p=29630\",\"name\":\"Estudo Mulheres Gr\u00e1vidas em face da S\u00edndrome Cong\u00eanita do Zika -\",\"isPartOf\":{\"@id\":\"https:\\\/\\\/inclusivenews.com.br\\\/#website\"},\"primaryImageOfPage\":{\"@id\":\"https:\\\/\\\/inclusivenews.com.br\\\/?p=29630#primaryimage\"},\"image\":{\"@id\":\"https:\\\/\\\/inclusivenews.com.br\\\/?p=29630#primaryimage\"},\"thumbnailUrl\":\"http:\\\/\\\/inclusivenews.com.br\\\/wp-content\\\/uploads\\\/Exames_Zika.jpeg.png\",\"datePublished\":\"2016-08-08T17:09:46+00:00\",\"breadcrumb\":{\"@id\":\"https:\\\/\\\/inclusivenews.com.br\\\/?p=29630#breadcrumb\"},\"inLanguage\":\"pt-PT\",\"potentialAction\":[{\"@type\":\"ReadAction\",\"target\":[\"https:\\\/\\\/inclusivenews.com.br\\\/?p=29630\"]}]},{\"@type\":\"ImageObject\",\"inLanguage\":\"pt-PT\",\"@id\":\"https:\\\/\\\/inclusivenews.com.br\\\/?p=29630#primaryimage\",\"url\":\"\",\"contentUrl\":\"\"},{\"@type\":\"BreadcrumbList\",\"@id\":\"https:\\\/\\\/inclusivenews.com.br\\\/?p=29630#breadcrumb\",\"itemListElement\":[{\"@type\":\"ListItem\",\"position\":1,\"name\":\"In\u00edcio\",\"item\":\"https:\\\/\\\/inclusivenews.com.br\\\/\"},{\"@type\":\"ListItem\",\"position\":2,\"name\":\"Estudo Mulheres Gr\u00e1vidas em face da S\u00edndrome Cong\u00eanita do Zika\"}]},{\"@type\":\"WebSite\",\"@id\":\"https:\\\/\\\/inclusivenews.com.br\\\/#website\",\"url\":\"https:\\\/\\\/inclusivenews.com.br\\\/\",\"name\":\"Inclusive News\",\"description\":\"Inclusive News\",\"publisher\":{\"@id\":\"https:\\\/\\\/inclusivenews.com.br\\\/#organization\"},\"potentialAction\":[{\"@type\":\"SearchAction\",\"target\":{\"@type\":\"EntryPoint\",\"urlTemplate\":\"https:\\\/\\\/inclusivenews.com.br\\\/?s={search_term_string}\"},\"query-input\":{\"@type\":\"PropertyValueSpecification\",\"valueRequired\":true,\"valueName\":\"search_term_string\"}}],\"inLanguage\":\"pt-PT\"},{\"@type\":\"Organization\",\"@id\":\"https:\\\/\\\/inclusivenews.com.br\\\/#organization\",\"name\":\"Inclusive - inclus\u00e3o e cidadania\",\"url\":\"https:\\\/\\\/inclusivenews.com.br\\\/\",\"logo\":{\"@type\":\"ImageObject\",\"inLanguage\":\"pt-PT\",\"@id\":\"https:\\\/\\\/inclusivenews.com.br\\\/#\\\/schema\\\/logo\\\/image\\\/\",\"url\":\"https:\\\/\\\/inclusivenews.com.br\\\/wp-content\\\/uploads\\\/2024\\\/03\\\/@grandesite.png\",\"contentUrl\":\"https:\\\/\\\/inclusivenews.com.br\\\/wp-content\\\/uploads\\\/2024\\\/03\\\/@grandesite.png\",\"width\":1080,\"height\":1080,\"caption\":\"Inclusive - inclus\u00e3o e cidadania\"},\"image\":{\"@id\":\"https:\\\/\\\/inclusivenews.com.br\\\/#\\\/schema\\\/logo\\\/image\\\/\"},\"sameAs\":[\"https:\\\/\\\/www.facebook.com\\\/agenciainclusive\\\/\",\"https:\\\/\\\/www.instagram.com\\\/newsinclusive\\\/\"]},{\"@type\":\"Person\",\"@id\":\"https:\\\/\\\/inclusivenews.com.br\\\/#\\\/schema\\\/person\\\/ae4ec7087559b8692fb33b6fffd2273b\",\"name\":\"inclusivenews2024\",\"image\":{\"@type\":\"ImageObject\",\"inLanguage\":\"pt-PT\",\"@id\":\"https:\\\/\\\/secure.gravatar.com\\\/avatar\\\/c5a7ef84c66fa914f55bc4f7ce26cfa275a3b9a1c5568b907bd184fb4dde7b40?s=96&d=mm&r=g\",\"url\":\"https:\\\/\\\/secure.gravatar.com\\\/avatar\\\/c5a7ef84c66fa914f55bc4f7ce26cfa275a3b9a1c5568b907bd184fb4dde7b40?s=96&d=mm&r=g\",\"contentUrl\":\"https:\\\/\\\/secure.gravatar.com\\\/avatar\\\/c5a7ef84c66fa914f55bc4f7ce26cfa275a3b9a1c5568b907bd184fb4dde7b40?s=96&d=mm&r=g\",\"caption\":\"inclusivenews2024\"},\"sameAs\":[\"https:\\\/\\\/inclusivenews.com.br\"],\"url\":\"https:\\\/\\\/inclusivenews.com.br\\\/?author=1\"}]}<\/script>\n<!-- \/ Yoast SEO plugin. -->","yoast_head_json":{"title":"Estudo Mulheres Gr\u00e1vidas em face da S\u00edndrome Cong\u00eanita do Zika -","robots":{"index":"index","follow":"follow","max-snippet":"max-snippet:-1","max-image-preview":"max-image-preview:large","max-video-preview":"max-video-preview:-1"},"canonical":"https:\/\/inclusivenews.com.br\/?p=29630","og_locale":"pt_PT","og_type":"article","og_title":"Estudo Mulheres Gr\u00e1vidas em face da S\u00edndrome Cong\u00eanita do Zika -","og_description":"O zika v\u00edrus ganhou relev\u00e2ncia no debate p\u00fablico e em fevereiro foi considerado uma emerg\u00eancia global pela Organiza\u00e7\u00e3o Mundial da Sa\u00fade, em fun\u00e7\u00e3o da associa\u00e7\u00e3o entre a presen\u00e7a do v\u00edrus em gestantes e a s\u00edndrome cong\u00eanita em rec\u00e9m-nascidos, cuja manifesta\u00e7\u00e3o mais evidente em um primeiro momento era a microcefalia. Embora as mulheres estejam no centro [&hellip;]","og_url":"https:\/\/inclusivenews.com.br\/?p=29630","article_publisher":"https:\/\/www.facebook.com\/agenciainclusive\/","article_published_time":"2016-08-08T17:09:46+00:00","og_image":[{"url":"http:\/\/inclusivenews.com.br\/wp-content\/uploads\/Exames_Zika.jpeg.png","type":"","width":"","height":""}],"author":"inclusivenews2024","twitter_card":"summary_large_image","twitter_misc":{"Escrito por":"inclusivenews2024","Tempo estimado de leitura":"1 minuto"},"schema":{"@context":"https:\/\/schema.org","@graph":[{"@type":"Article","@id":"https:\/\/inclusivenews.com.br\/?p=29630#article","isPartOf":{"@id":"https:\/\/inclusivenews.com.br\/?p=29630"},"author":{"name":"inclusivenews2024","@id":"https:\/\/inclusivenews.com.br\/#\/schema\/person\/ae4ec7087559b8692fb33b6fffd2273b"},"headline":"Estudo Mulheres Gr\u00e1vidas em face da S\u00edndrome Cong\u00eanita do Zika","datePublished":"2016-08-08T17:09:46+00:00","mainEntityOfPage":{"@id":"https:\/\/inclusivenews.com.br\/?p=29630"},"wordCount":272,"commentCount":0,"publisher":{"@id":"https:\/\/inclusivenews.com.br\/#organization"},"image":{"@id":"https:\/\/inclusivenews.com.br\/?p=29630#primaryimage"},"thumbnailUrl":"http:\/\/inclusivenews.com.br\/wp-content\/uploads\/Exames_Zika.jpeg.png","articleSection":["Defici\u00eancia","INCLUS\u00c3O SOCIAL","Microcefalia"],"inLanguage":"pt-PT","potentialAction":[{"@type":"CommentAction","name":"Comment","target":["https:\/\/inclusivenews.com.br\/?p=29630#respond"]}]},{"@type":"WebPage","@id":"https:\/\/inclusivenews.com.br\/?p=29630","url":"https:\/\/inclusivenews.com.br\/?p=29630","name":"Estudo Mulheres Gr\u00e1vidas em face da S\u00edndrome Cong\u00eanita do Zika -","isPartOf":{"@id":"https:\/\/inclusivenews.com.br\/#website"},"primaryImageOfPage":{"@id":"https:\/\/inclusivenews.com.br\/?p=29630#primaryimage"},"image":{"@id":"https:\/\/inclusivenews.com.br\/?p=29630#primaryimage"},"thumbnailUrl":"http:\/\/inclusivenews.com.br\/wp-content\/uploads\/Exames_Zika.jpeg.png","datePublished":"2016-08-08T17:09:46+00:00","breadcrumb":{"@id":"https:\/\/inclusivenews.com.br\/?p=29630#breadcrumb"},"inLanguage":"pt-PT","potentialAction":[{"@type":"ReadAction","target":["https:\/\/inclusivenews.com.br\/?p=29630"]}]},{"@type":"ImageObject","inLanguage":"pt-PT","@id":"https:\/\/inclusivenews.com.br\/?p=29630#primaryimage","url":"","contentUrl":""},{"@type":"BreadcrumbList","@id":"https:\/\/inclusivenews.com.br\/?p=29630#breadcrumb","itemListElement":[{"@type":"ListItem","position":1,"name":"In\u00edcio","item":"https:\/\/inclusivenews.com.br\/"},{"@type":"ListItem","position":2,"name":"Estudo Mulheres Gr\u00e1vidas em face da S\u00edndrome Cong\u00eanita do Zika"}]},{"@type":"WebSite","@id":"https:\/\/inclusivenews.com.br\/#website","url":"https:\/\/inclusivenews.com.br\/","name":"Inclusive News","description":"Inclusive News","publisher":{"@id":"https:\/\/inclusivenews.com.br\/#organization"},"potentialAction":[{"@type":"SearchAction","target":{"@type":"EntryPoint","urlTemplate":"https:\/\/inclusivenews.com.br\/?s={search_term_string}"},"query-input":{"@type":"PropertyValueSpecification","valueRequired":true,"valueName":"search_term_string"}}],"inLanguage":"pt-PT"},{"@type":"Organization","@id":"https:\/\/inclusivenews.com.br\/#organization","name":"Inclusive - inclus\u00e3o e cidadania","url":"https:\/\/inclusivenews.com.br\/","logo":{"@type":"ImageObject","inLanguage":"pt-PT","@id":"https:\/\/inclusivenews.com.br\/#\/schema\/logo\/image\/","url":"https:\/\/inclusivenews.com.br\/wp-content\/uploads\/2024\/03\/@grandesite.png","contentUrl":"https:\/\/inclusivenews.com.br\/wp-content\/uploads\/2024\/03\/@grandesite.png","width":1080,"height":1080,"caption":"Inclusive - inclus\u00e3o e cidadania"},"image":{"@id":"https:\/\/inclusivenews.com.br\/#\/schema\/logo\/image\/"},"sameAs":["https:\/\/www.facebook.com\/agenciainclusive\/","https:\/\/www.instagram.com\/newsinclusive\/"]},{"@type":"Person","@id":"https:\/\/inclusivenews.com.br\/#\/schema\/person\/ae4ec7087559b8692fb33b6fffd2273b","name":"inclusivenews2024","image":{"@type":"ImageObject","inLanguage":"pt-PT","@id":"https:\/\/secure.gravatar.com\/avatar\/c5a7ef84c66fa914f55bc4f7ce26cfa275a3b9a1c5568b907bd184fb4dde7b40?s=96&d=mm&r=g","url":"https:\/\/secure.gravatar.com\/avatar\/c5a7ef84c66fa914f55bc4f7ce26cfa275a3b9a1c5568b907bd184fb4dde7b40?s=96&d=mm&r=g","contentUrl":"https:\/\/secure.gravatar.com\/avatar\/c5a7ef84c66fa914f55bc4f7ce26cfa275a3b9a1c5568b907bd184fb4dde7b40?s=96&d=mm&r=g","caption":"inclusivenews2024"},"sameAs":["https:\/\/inclusivenews.com.br"],"url":"https:\/\/inclusivenews.com.br\/?author=1"}]}},"_links":{"self":[{"href":"https:\/\/inclusivenews.com.br\/index.php?rest_route=\/wp\/v2\/posts\/29630","targetHints":{"allow":["GET"]}}],"collection":[{"href":"https:\/\/inclusivenews.com.br\/index.php?rest_route=\/wp\/v2\/posts"}],"about":[{"href":"https:\/\/inclusivenews.com.br\/index.php?rest_route=\/wp\/v2\/types\/post"}],"author":[{"embeddable":true,"href":"https:\/\/inclusivenews.com.br\/index.php?rest_route=\/wp\/v2\/users\/1"}],"replies":[{"embeddable":true,"href":"https:\/\/inclusivenews.com.br\/index.php?rest_route=%2Fwp%2Fv2%2Fcomments&post=29630"}],"version-history":[{"count":0,"href":"https:\/\/inclusivenews.com.br\/index.php?rest_route=\/wp\/v2\/posts\/29630\/revisions"}],"wp:attachment":[{"href":"https:\/\/inclusivenews.com.br\/index.php?rest_route=%2Fwp%2Fv2%2Fmedia&parent=29630"}],"wp:term":[{"taxonomy":"category","embeddable":true,"href":"https:\/\/inclusivenews.com.br\/index.php?rest_route=%2Fwp%2Fv2%2Fcategories&post=29630"},{"taxonomy":"post_tag","embeddable":true,"href":"https:\/\/inclusivenews.com.br\/index.php?rest_route=%2Fwp%2Fv2%2Ftags&post=29630"}],"curies":[{"name":"wp","href":"https:\/\/api.w.org\/{rel}","templated":true}]}}