{"id":29645,"date":"2016-08-24T09:43:27","date_gmt":"2016-08-24T12:43:27","guid":{"rendered":"http:\/\/www.inclusive.org.br\/?p=29645"},"modified":"2016-08-24T09:43:27","modified_gmt":"2016-08-24T12:43:27","slug":"conselho-nacional-do-mp-aponta-importancia-de-educacao-antirracista-em-escolas-particulares","status":"publish","type":"post","link":"https:\/\/inclusivenews.com.br\/?p=29645","title":{"rendered":"Conselho Nacional do MP aponta import\u00e2ncia de educa\u00e7\u00e3o antirracista em escolas particulares"},"content":{"rendered":"<p><em>Em guia lan\u00e7ado em parceria com ONG A\u00e7\u00e3o Educativa, CNMP destaca a\u00e7\u00f5es necess\u00e1rias para a implementa\u00e7\u00e3o da Lei 10.639\/2003 em escolas p\u00fablicas e particulares<\/em><\/p>\n<p><em>Por Gustavo Paiva<br \/>\nno Observat\u00f3rio da Educa\u00e7\u00e3o<\/em><\/p>\n<figure style=\"width: 431px\" class=\"wp-caption alignnone\"><img loading=\"lazy\" decoding=\"async\" class=\"\" src=\"http:\/\/www.observatoriodaeducacao.org.br\/images\/guia_mp.png\" width=\"431\" height=\"158\" \/><figcaption class=\"wp-caption-text\">O Minist\u00e9rio P\u00fablico e a igualdade \u00e9tnico-racial na educa\u00e7\u00e3o &#8211; guia de atua\u00e7\u00e3o ministerial<\/figcaption><\/figure>\n<p>Em guia lan\u00e7ado no \u00faltimo dia 11 de julho, em S\u00e3o Paulo, o Conselho Nacional do Minist\u00e9rio P\u00fablico (CNMP) e a ONG A\u00e7\u00e3o Educativa destacam a import\u00e2ncia de escolas particulares tamb\u00e9m ensinarem hist\u00f3ria e cultura africana e afro-brasileira para seus alunos.<\/p>\n<p>Os conte\u00fados foram tornados obrigat\u00f3rios para a educa\u00e7\u00e3o b\u00e1sica em escolas p\u00fablicas e particulares pelas leis 10.639\/2003 e 11.645\/2008 &#8211; que tamb\u00e9m torna obrigat\u00f3rio o ensino de hist\u00f3ria e cultura ind\u00edgenas. Contudo, segundo as organiza\u00e7\u00f5es que produziram a publica\u00e7\u00e3o, ainda \u00e9 comum encontrar escolas particulares que entendem n\u00e3o ser necess\u00e1rio cumprir a legisla\u00e7\u00e3o pelo fato de seu alunado ser constitu\u00eddo predominantemente por pessoas brancas.<\/p>\n<p>\u201cEsse entendimento nem sempre \u00e9 explicitado formalmente, mas opera nas din\u00e2micas escolares, traduzido na n\u00e3o incorpora\u00e7\u00e3o ou na superficial abordagem das Diretrizes Curriculares Nacionais da LDB alterada pela Lei 10.639\/2003 nos curr\u00edculos escolares, muitas vezes, restrita a a\u00e7\u00f5es pontuais e\/ou estereotipadas\u201d, afirma a publica\u00e7\u00e3o.<\/p>\n<p>Allyne Andrade, advogada e uma das autoras do material, destaca que tratar a tem\u00e1tica em sala de aula n\u00e3o \u00e9 opcional, uma vez que a Lei 10.639 incorpora o tema \u00e0 Lei de Diretrizes e Bases da Educa\u00e7\u00e3o (LDB). \u201cVoc\u00ea cumprir hoje ao marco legal da educa\u00e7\u00e3o do pa\u00eds \u00e9 implementar a educa\u00e7\u00e3o das rela\u00e7\u00f5es \u00e9tnico-raciais, \u00e9 implementar a educa\u00e7\u00e3o ind\u00edgena nas escolas. N\u00e3o tem como fugir. Ele \u00e9 um marco para as escolas p\u00fablicas, mas tamb\u00e9m para as escolas privadas\u201d, afirma.<\/p>\n<p>Para o CNMP e a A\u00e7\u00e3o Educativa, as escolas particulares que n\u00e3o trabalham estas tem\u00e1ticas est\u00e3o violando o direito humano \u00e0 educa\u00e7\u00e3o de sua clientela a uma forma\u00e7\u00e3o democr\u00e1tica e cidad\u00e3 e que os prepare para reconhecerem as demais pessoas como sujeitos de direitos em uma sociedade multirracial.<\/p>\n<p>\u201cQuando a gente est\u00e1 falando do direito \u00e0 diversidade \u00e9tnico-racial, a gente est\u00e1 falando de um direito coletivo. N\u00e3o \u00e9 um direito s\u00f3 da popula\u00e7\u00e3o negra. \u00c9 um direito de todos de conviver com esta diversidade. E isso traz riqueza de conhecimentos, traz riqueza de experi\u00eancias, de viv\u00eancias \u00e0s pessoas. \u00c9 um direito de todos, inclusive em escolas que s\u00f3 t\u00eam alunos brancos\u201d, afirma a promotora L\u00edvia Santana, do Minist\u00e9rio P\u00fablico da Bahia.<\/p>\n<p><strong>O papel da Justi\u00e7a<\/strong><\/p>\n<p>Denise Carreira, coordenadora da \u00e1rea de Educa\u00e7\u00e3o da A\u00e7\u00e3o Educativa e uma das autoras, afirma que o guia \u201cO Minist\u00e9rio P\u00fablico e a Igualdade \u00c9tnico-Racial na Educa\u00e7\u00e3o\u201d foi pensado para dar subs\u00eddios aos operadores do direito, em especial ao Minist\u00e9rio P\u00fablico, para atuarem na garantia da implementa\u00e7\u00e3o da Lei. Apesar disso, considera tamb\u00e9m ser uma boa leitura para profissionais da educa\u00e7\u00e3o, j\u00e1 que apresenta um hist\u00f3rico sobre a legisla\u00e7\u00e3o e diversas refer\u00eancias sobre rela\u00e7\u00f5es raciais.<\/p>\n<p>Para a promotora L\u00edvia Santana, o cumprimento da Lei 10.639 esbarra, hoje, em tr\u00eas grandes desafios. \u201cO primeiro grande desafio que eu enxergo \u00e9 que existe uma resist\u00eancia ideol\u00f3gica dos poderes p\u00fablicos para implementar esta lei. Existe uma ideia de que o fator racial n\u00e3o \u00e9 preponderante, mas sim meramente o fator socioecon\u00f4mico. Se fosse assim, n\u00e3o ter\u00edamos, como dizem as pesquisas do Ipea, uma mulher negra ocupando o mesmo cargo, as mesmas fun\u00e7\u00f5es, ganhando de 50 a 70% do que ganha um homem branco\u201d, diz.<\/p>\n<p>\u201cDepois a gente passa para a baixa institucionaliza\u00e7\u00e3o da implementa\u00e7\u00e3o continuada e do monitoramento desta lei. N\u00e3o pode ser o compromisso de um promotor, mas do Minist\u00e9rio P\u00fablico como um todo. O terceiro \u00e9 o tempo: 13 anos \u00e9 pouco frente a mais de 300 anos de escravid\u00e3o\u201d, finaliza.<\/p>\n<p><strong>Monitoramento<\/strong><\/p>\n<p>Para se monitorar a implementa\u00e7\u00e3o das leis 10.639\/2003 e 11.645\/2008, a publica\u00e7\u00e3o prop\u00f5e que sejam analisados cinco itens b\u00e1sicos, al\u00e9m dos espec\u00edficos de cada regi\u00e3o e contexto da escola ou rede de ensino. S\u00e3o eles: a pol\u00edtica de forma\u00e7\u00e3o para gestores e profissionais da educa\u00e7\u00e3o, a pol\u00edtica de material did\u00e1tico e paradid\u00e1tico sobre hist\u00f3ria e cultura africana, afro-brasileira e ind\u00edgena, a gest\u00e3o democr\u00e1tica e a participa\u00e7\u00e3o no cotidiano escolar, a pol\u00edtica de avalia\u00e7\u00e3o e monitoramento e as condi\u00e7\u00f5es institucionais das unidades de ensino.<\/p>\n<p>\u201cEstas pol\u00edticas s\u00e3o um indicativo constru\u00eddo pelo campo de educa\u00e7\u00e3o e pelo movimento negro de quest\u00f5es que devem ser observadas para que a legisla\u00e7\u00e3o cumpra seu papel, de tornar o negro e o ind\u00edgena sujeitos e n\u00e3o objetos da hist\u00f3ria brasileira\u201d, explica Denise Carreira.<\/p>\n","protected":false},"excerpt":{"rendered":"<p>Em guia lan\u00e7ado em parceria com ONG A\u00e7\u00e3o Educativa, CNMP destaca a\u00e7\u00f5es necess\u00e1rias para a implementa\u00e7\u00e3o da Lei 10.639\/2003 em escolas p\u00fablicas e particulares.<\/p>\n","protected":false},"author":1,"featured_media":0,"comment_status":"open","ping_status":"open","sticky":false,"template":"","format":"standard","meta":{"site-container-style":"default","site-container-layout":"default","site-sidebar-layout":"default","disable-article-header":"default","disable-site-header":"default","disable-site-footer":"default","disable-content-area-spacing":"default","footnotes":""},"categories":[11,39,6,48,376],"tags":[],"class_list":["post-29645","post","type-post","status-publish","format-standard","hentry","category-direitos-humanos","category-discriminacao","category-educacao","category-inclusao","category-showz"],"yoast_head":"<!-- This site is optimized with the Yoast SEO plugin v27.4 - https:\/\/yoast.com\/product\/yoast-seo-wordpress\/ -->\n<title>Conselho Nacional do MP aponta import\u00e2ncia de educa\u00e7\u00e3o antirracista em escolas particulares -<\/title>\n<meta name=\"robots\" content=\"index, follow, max-snippet:-1, max-image-preview:large, max-video-preview:-1\" \/>\n<link rel=\"canonical\" href=\"https:\/\/inclusivenews.com.br\/?p=29645\" \/>\n<meta property=\"og:locale\" content=\"pt_PT\" \/>\n<meta property=\"og:type\" content=\"article\" \/>\n<meta property=\"og:title\" content=\"Conselho Nacional do MP aponta import\u00e2ncia de educa\u00e7\u00e3o antirracista em escolas particulares -\" \/>\n<meta property=\"og:description\" content=\"Em guia lan\u00e7ado em parceria com ONG A\u00e7\u00e3o Educativa, CNMP destaca a\u00e7\u00f5es necess\u00e1rias para a implementa\u00e7\u00e3o da Lei 10.639\/2003 em escolas p\u00fablicas e particulares.\" \/>\n<meta property=\"og:url\" content=\"https:\/\/inclusivenews.com.br\/?p=29645\" \/>\n<meta property=\"article:publisher\" content=\"https:\/\/www.facebook.com\/agenciainclusive\/\" \/>\n<meta property=\"article:published_time\" content=\"2016-08-24T12:43:27+00:00\" \/>\n<meta property=\"og:image\" content=\"http:\/\/www.observatoriodaeducacao.org.br\/images\/guia_mp.png\" \/>\n<meta name=\"author\" content=\"inclusivenews2024\" \/>\n<meta name=\"twitter:card\" content=\"summary_large_image\" \/>\n<meta name=\"twitter:label1\" content=\"Escrito por\" \/>\n\t<meta name=\"twitter:data1\" content=\"inclusivenews2024\" \/>\n\t<meta name=\"twitter:label2\" content=\"Tempo estimado de leitura\" \/>\n\t<meta name=\"twitter:data2\" content=\"4 minutos\" \/>\n<script type=\"application\/ld+json\" class=\"yoast-schema-graph\">{\"@context\":\"https:\\\/\\\/schema.org\",\"@graph\":[{\"@type\":\"Article\",\"@id\":\"https:\\\/\\\/inclusivenews.com.br\\\/?p=29645#article\",\"isPartOf\":{\"@id\":\"https:\\\/\\\/inclusivenews.com.br\\\/?p=29645\"},\"author\":{\"name\":\"inclusivenews2024\",\"@id\":\"https:\\\/\\\/inclusivenews.com.br\\\/#\\\/schema\\\/person\\\/ae4ec7087559b8692fb33b6fffd2273b\"},\"headline\":\"Conselho Nacional do MP aponta import\u00e2ncia de educa\u00e7\u00e3o antirracista em escolas particulares\",\"datePublished\":\"2016-08-24T12:43:27+00:00\",\"mainEntityOfPage\":{\"@id\":\"https:\\\/\\\/inclusivenews.com.br\\\/?p=29645\"},\"wordCount\":862,\"commentCount\":0,\"publisher\":{\"@id\":\"https:\\\/\\\/inclusivenews.com.br\\\/#organization\"},\"image\":{\"@id\":\"https:\\\/\\\/inclusivenews.com.br\\\/?p=29645#primaryimage\"},\"thumbnailUrl\":\"http:\\\/\\\/www.observatoriodaeducacao.org.br\\\/images\\\/guia_mp.png\",\"articleSection\":[\"DIREITOS HUMANOS\",\"Discrimina\u00e7\u00e3o\",\"EDUCA\u00c7\u00c3O\",\"INCLUS\u00c3O SOCIAL\",\"SHOWZ\"],\"inLanguage\":\"pt-PT\",\"potentialAction\":[{\"@type\":\"CommentAction\",\"name\":\"Comment\",\"target\":[\"https:\\\/\\\/inclusivenews.com.br\\\/?p=29645#respond\"]}]},{\"@type\":\"WebPage\",\"@id\":\"https:\\\/\\\/inclusivenews.com.br\\\/?p=29645\",\"url\":\"https:\\\/\\\/inclusivenews.com.br\\\/?p=29645\",\"name\":\"Conselho Nacional do MP aponta import\u00e2ncia de educa\u00e7\u00e3o antirracista em escolas particulares -\",\"isPartOf\":{\"@id\":\"https:\\\/\\\/inclusivenews.com.br\\\/#website\"},\"primaryImageOfPage\":{\"@id\":\"https:\\\/\\\/inclusivenews.com.br\\\/?p=29645#primaryimage\"},\"image\":{\"@id\":\"https:\\\/\\\/inclusivenews.com.br\\\/?p=29645#primaryimage\"},\"thumbnailUrl\":\"http:\\\/\\\/www.observatoriodaeducacao.org.br\\\/images\\\/guia_mp.png\",\"datePublished\":\"2016-08-24T12:43:27+00:00\",\"breadcrumb\":{\"@id\":\"https:\\\/\\\/inclusivenews.com.br\\\/?p=29645#breadcrumb\"},\"inLanguage\":\"pt-PT\",\"potentialAction\":[{\"@type\":\"ReadAction\",\"target\":[\"https:\\\/\\\/inclusivenews.com.br\\\/?p=29645\"]}]},{\"@type\":\"ImageObject\",\"inLanguage\":\"pt-PT\",\"@id\":\"https:\\\/\\\/inclusivenews.com.br\\\/?p=29645#primaryimage\",\"url\":\"http:\\\/\\\/www.observatoriodaeducacao.org.br\\\/images\\\/guia_mp.png\",\"contentUrl\":\"http:\\\/\\\/www.observatoriodaeducacao.org.br\\\/images\\\/guia_mp.png\"},{\"@type\":\"BreadcrumbList\",\"@id\":\"https:\\\/\\\/inclusivenews.com.br\\\/?p=29645#breadcrumb\",\"itemListElement\":[{\"@type\":\"ListItem\",\"position\":1,\"name\":\"In\u00edcio\",\"item\":\"https:\\\/\\\/inclusivenews.com.br\\\/\"},{\"@type\":\"ListItem\",\"position\":2,\"name\":\"Conselho Nacional do MP aponta import\u00e2ncia de educa\u00e7\u00e3o antirracista em escolas particulares\"}]},{\"@type\":\"WebSite\",\"@id\":\"https:\\\/\\\/inclusivenews.com.br\\\/#website\",\"url\":\"https:\\\/\\\/inclusivenews.com.br\\\/\",\"name\":\"Inclusive News\",\"description\":\"Inclusive News\",\"publisher\":{\"@id\":\"https:\\\/\\\/inclusivenews.com.br\\\/#organization\"},\"potentialAction\":[{\"@type\":\"SearchAction\",\"target\":{\"@type\":\"EntryPoint\",\"urlTemplate\":\"https:\\\/\\\/inclusivenews.com.br\\\/?s={search_term_string}\"},\"query-input\":{\"@type\":\"PropertyValueSpecification\",\"valueRequired\":true,\"valueName\":\"search_term_string\"}}],\"inLanguage\":\"pt-PT\"},{\"@type\":\"Organization\",\"@id\":\"https:\\\/\\\/inclusivenews.com.br\\\/#organization\",\"name\":\"Inclusive - inclus\u00e3o e cidadania\",\"url\":\"https:\\\/\\\/inclusivenews.com.br\\\/\",\"logo\":{\"@type\":\"ImageObject\",\"inLanguage\":\"pt-PT\",\"@id\":\"https:\\\/\\\/inclusivenews.com.br\\\/#\\\/schema\\\/logo\\\/image\\\/\",\"url\":\"https:\\\/\\\/inclusivenews.com.br\\\/wp-content\\\/uploads\\\/2024\\\/03\\\/@grandesite.png\",\"contentUrl\":\"https:\\\/\\\/inclusivenews.com.br\\\/wp-content\\\/uploads\\\/2024\\\/03\\\/@grandesite.png\",\"width\":1080,\"height\":1080,\"caption\":\"Inclusive - inclus\u00e3o e cidadania\"},\"image\":{\"@id\":\"https:\\\/\\\/inclusivenews.com.br\\\/#\\\/schema\\\/logo\\\/image\\\/\"},\"sameAs\":[\"https:\\\/\\\/www.facebook.com\\\/agenciainclusive\\\/\",\"https:\\\/\\\/www.instagram.com\\\/newsinclusive\\\/\"]},{\"@type\":\"Person\",\"@id\":\"https:\\\/\\\/inclusivenews.com.br\\\/#\\\/schema\\\/person\\\/ae4ec7087559b8692fb33b6fffd2273b\",\"name\":\"inclusivenews2024\",\"image\":{\"@type\":\"ImageObject\",\"inLanguage\":\"pt-PT\",\"@id\":\"https:\\\/\\\/secure.gravatar.com\\\/avatar\\\/c5a7ef84c66fa914f55bc4f7ce26cfa275a3b9a1c5568b907bd184fb4dde7b40?s=96&d=mm&r=g\",\"url\":\"https:\\\/\\\/secure.gravatar.com\\\/avatar\\\/c5a7ef84c66fa914f55bc4f7ce26cfa275a3b9a1c5568b907bd184fb4dde7b40?s=96&d=mm&r=g\",\"contentUrl\":\"https:\\\/\\\/secure.gravatar.com\\\/avatar\\\/c5a7ef84c66fa914f55bc4f7ce26cfa275a3b9a1c5568b907bd184fb4dde7b40?s=96&d=mm&r=g\",\"caption\":\"inclusivenews2024\"},\"sameAs\":[\"https:\\\/\\\/inclusivenews.com.br\"],\"url\":\"https:\\\/\\\/inclusivenews.com.br\\\/?author=1\"}]}<\/script>\n<!-- \/ Yoast SEO plugin. -->","yoast_head_json":{"title":"Conselho Nacional do MP aponta import\u00e2ncia de educa\u00e7\u00e3o antirracista em escolas particulares -","robots":{"index":"index","follow":"follow","max-snippet":"max-snippet:-1","max-image-preview":"max-image-preview:large","max-video-preview":"max-video-preview:-1"},"canonical":"https:\/\/inclusivenews.com.br\/?p=29645","og_locale":"pt_PT","og_type":"article","og_title":"Conselho Nacional do MP aponta import\u00e2ncia de educa\u00e7\u00e3o antirracista em escolas particulares -","og_description":"Em guia lan\u00e7ado em parceria com ONG A\u00e7\u00e3o Educativa, CNMP destaca a\u00e7\u00f5es necess\u00e1rias para a implementa\u00e7\u00e3o da Lei 10.639\/2003 em escolas p\u00fablicas e particulares.","og_url":"https:\/\/inclusivenews.com.br\/?p=29645","article_publisher":"https:\/\/www.facebook.com\/agenciainclusive\/","article_published_time":"2016-08-24T12:43:27+00:00","og_image":[{"url":"http:\/\/www.observatoriodaeducacao.org.br\/images\/guia_mp.png","type":"","width":"","height":""}],"author":"inclusivenews2024","twitter_card":"summary_large_image","twitter_misc":{"Escrito por":"inclusivenews2024","Tempo estimado de leitura":"4 minutos"},"schema":{"@context":"https:\/\/schema.org","@graph":[{"@type":"Article","@id":"https:\/\/inclusivenews.com.br\/?p=29645#article","isPartOf":{"@id":"https:\/\/inclusivenews.com.br\/?p=29645"},"author":{"name":"inclusivenews2024","@id":"https:\/\/inclusivenews.com.br\/#\/schema\/person\/ae4ec7087559b8692fb33b6fffd2273b"},"headline":"Conselho Nacional do MP aponta import\u00e2ncia de educa\u00e7\u00e3o antirracista em escolas particulares","datePublished":"2016-08-24T12:43:27+00:00","mainEntityOfPage":{"@id":"https:\/\/inclusivenews.com.br\/?p=29645"},"wordCount":862,"commentCount":0,"publisher":{"@id":"https:\/\/inclusivenews.com.br\/#organization"},"image":{"@id":"https:\/\/inclusivenews.com.br\/?p=29645#primaryimage"},"thumbnailUrl":"http:\/\/www.observatoriodaeducacao.org.br\/images\/guia_mp.png","articleSection":["DIREITOS HUMANOS","Discrimina\u00e7\u00e3o","EDUCA\u00c7\u00c3O","INCLUS\u00c3O SOCIAL","SHOWZ"],"inLanguage":"pt-PT","potentialAction":[{"@type":"CommentAction","name":"Comment","target":["https:\/\/inclusivenews.com.br\/?p=29645#respond"]}]},{"@type":"WebPage","@id":"https:\/\/inclusivenews.com.br\/?p=29645","url":"https:\/\/inclusivenews.com.br\/?p=29645","name":"Conselho Nacional do MP aponta import\u00e2ncia de educa\u00e7\u00e3o antirracista em escolas particulares -","isPartOf":{"@id":"https:\/\/inclusivenews.com.br\/#website"},"primaryImageOfPage":{"@id":"https:\/\/inclusivenews.com.br\/?p=29645#primaryimage"},"image":{"@id":"https:\/\/inclusivenews.com.br\/?p=29645#primaryimage"},"thumbnailUrl":"http:\/\/www.observatoriodaeducacao.org.br\/images\/guia_mp.png","datePublished":"2016-08-24T12:43:27+00:00","breadcrumb":{"@id":"https:\/\/inclusivenews.com.br\/?p=29645#breadcrumb"},"inLanguage":"pt-PT","potentialAction":[{"@type":"ReadAction","target":["https:\/\/inclusivenews.com.br\/?p=29645"]}]},{"@type":"ImageObject","inLanguage":"pt-PT","@id":"https:\/\/inclusivenews.com.br\/?p=29645#primaryimage","url":"http:\/\/www.observatoriodaeducacao.org.br\/images\/guia_mp.png","contentUrl":"http:\/\/www.observatoriodaeducacao.org.br\/images\/guia_mp.png"},{"@type":"BreadcrumbList","@id":"https:\/\/inclusivenews.com.br\/?p=29645#breadcrumb","itemListElement":[{"@type":"ListItem","position":1,"name":"In\u00edcio","item":"https:\/\/inclusivenews.com.br\/"},{"@type":"ListItem","position":2,"name":"Conselho Nacional do MP aponta import\u00e2ncia de educa\u00e7\u00e3o antirracista em escolas particulares"}]},{"@type":"WebSite","@id":"https:\/\/inclusivenews.com.br\/#website","url":"https:\/\/inclusivenews.com.br\/","name":"Inclusive News","description":"Inclusive News","publisher":{"@id":"https:\/\/inclusivenews.com.br\/#organization"},"potentialAction":[{"@type":"SearchAction","target":{"@type":"EntryPoint","urlTemplate":"https:\/\/inclusivenews.com.br\/?s={search_term_string}"},"query-input":{"@type":"PropertyValueSpecification","valueRequired":true,"valueName":"search_term_string"}}],"inLanguage":"pt-PT"},{"@type":"Organization","@id":"https:\/\/inclusivenews.com.br\/#organization","name":"Inclusive - inclus\u00e3o e cidadania","url":"https:\/\/inclusivenews.com.br\/","logo":{"@type":"ImageObject","inLanguage":"pt-PT","@id":"https:\/\/inclusivenews.com.br\/#\/schema\/logo\/image\/","url":"https:\/\/inclusivenews.com.br\/wp-content\/uploads\/2024\/03\/@grandesite.png","contentUrl":"https:\/\/inclusivenews.com.br\/wp-content\/uploads\/2024\/03\/@grandesite.png","width":1080,"height":1080,"caption":"Inclusive - inclus\u00e3o e cidadania"},"image":{"@id":"https:\/\/inclusivenews.com.br\/#\/schema\/logo\/image\/"},"sameAs":["https:\/\/www.facebook.com\/agenciainclusive\/","https:\/\/www.instagram.com\/newsinclusive\/"]},{"@type":"Person","@id":"https:\/\/inclusivenews.com.br\/#\/schema\/person\/ae4ec7087559b8692fb33b6fffd2273b","name":"inclusivenews2024","image":{"@type":"ImageObject","inLanguage":"pt-PT","@id":"https:\/\/secure.gravatar.com\/avatar\/c5a7ef84c66fa914f55bc4f7ce26cfa275a3b9a1c5568b907bd184fb4dde7b40?s=96&d=mm&r=g","url":"https:\/\/secure.gravatar.com\/avatar\/c5a7ef84c66fa914f55bc4f7ce26cfa275a3b9a1c5568b907bd184fb4dde7b40?s=96&d=mm&r=g","contentUrl":"https:\/\/secure.gravatar.com\/avatar\/c5a7ef84c66fa914f55bc4f7ce26cfa275a3b9a1c5568b907bd184fb4dde7b40?s=96&d=mm&r=g","caption":"inclusivenews2024"},"sameAs":["https:\/\/inclusivenews.com.br"],"url":"https:\/\/inclusivenews.com.br\/?author=1"}]}},"_links":{"self":[{"href":"https:\/\/inclusivenews.com.br\/index.php?rest_route=\/wp\/v2\/posts\/29645","targetHints":{"allow":["GET"]}}],"collection":[{"href":"https:\/\/inclusivenews.com.br\/index.php?rest_route=\/wp\/v2\/posts"}],"about":[{"href":"https:\/\/inclusivenews.com.br\/index.php?rest_route=\/wp\/v2\/types\/post"}],"author":[{"embeddable":true,"href":"https:\/\/inclusivenews.com.br\/index.php?rest_route=\/wp\/v2\/users\/1"}],"replies":[{"embeddable":true,"href":"https:\/\/inclusivenews.com.br\/index.php?rest_route=%2Fwp%2Fv2%2Fcomments&post=29645"}],"version-history":[{"count":0,"href":"https:\/\/inclusivenews.com.br\/index.php?rest_route=\/wp\/v2\/posts\/29645\/revisions"}],"wp:attachment":[{"href":"https:\/\/inclusivenews.com.br\/index.php?rest_route=%2Fwp%2Fv2%2Fmedia&parent=29645"}],"wp:term":[{"taxonomy":"category","embeddable":true,"href":"https:\/\/inclusivenews.com.br\/index.php?rest_route=%2Fwp%2Fv2%2Fcategories&post=29645"},{"taxonomy":"post_tag","embeddable":true,"href":"https:\/\/inclusivenews.com.br\/index.php?rest_route=%2Fwp%2Fv2%2Ftags&post=29645"}],"curies":[{"name":"wp","href":"https:\/\/api.w.org\/{rel}","templated":true}]}}