{"id":29654,"date":"2016-08-25T17:05:08","date_gmt":"2016-08-25T20:05:08","guid":{"rendered":"http:\/\/www.inclusive.org.br\/?p=29654"},"modified":"2016-08-25T17:05:08","modified_gmt":"2016-08-25T20:05:08","slug":"campanha-da-vogue-sobre-paralimpiadas-ganha-premio-sem-nocao-da-gadim-brasil","status":"publish","type":"post","link":"https:\/\/inclusivenews.com.br\/?p=29654","title":{"rendered":"Campanha Sem No\u00e7\u00e3o da Vogue sobre Paralimp\u00edadas"},"content":{"rendered":"<p><strong>H\u00e1 menos de 1% de personagens com defici\u00eancia na m\u00eddia. S\u00f3 5% deles s\u00e3o representados por atores com defici\u00eancia.\u00a0<\/strong><\/p>\n<p><img loading=\"lazy\" decoding=\"async\" class=\"alignnone  wp-image-29832\" src=\"http:\/\/inclusivenews.com.br\/wp-content\/uploads\/cleo-pires-paulo-vilhena-paralimpiada-3.jpg\" alt=\"Foto dos atores Cleo Pires com o braco amputado e Paulo Vilhena com a perna amputada e uma pr\u00f3tese no lugar.\" width=\"667\" height=\"750\" \/><\/p>\n<p>&nbsp;<\/p>\n<p><em>Atriz morena com macaquinho preto com bra\u00e7o amputado, ator moreno, de barba, com bermuda preta e protese na perna.<\/em><\/p>\n<p>A <a href=\"https:\/\/www.gadimbrasil.org\/\">Gadim Brasil<\/a> (Alian\u00e7a para a Inclus\u00e3o das Pessoas com defici\u00eancia na M\u00eddia) acaba de ser lan\u00e7ada para orientar profissionais de m\u00eddia sobre como falar sobre defici\u00eancia de maneira construtiva e baseada nos direitos humanos.<\/p>\n<p>J\u00e1 sab\u00edamos que ter\u00edamos trabalho nesses tempos de Paralimp\u00edadas, mas n\u00e3o que trombar\u00edamos com um case t\u00e3o gritante logo de entrada: a j\u00e1 ic\u00f4nica campanha da Vogue, produzida pela Ag\u00eancia \u00c1frica, #SomosTodosParalimpicos , com fotos manipuladas por Photoshop dos atores globais Cleo Pires e Paulo Vilhena, mostrando membros amputados.<\/p>\n<p>Mas\u00a0por que a campanha \u00e9 sem no\u00e7\u00e3o?<\/p>\n<p>1 &#8211; Ela rouba o protagonismo dos atletas com defici\u00eancia usando atores sem defici\u00eancia rpara representar pessoas com defici\u00eancia. A isso damos o nome de capacitismo &#8211; considerar pessoas com defici\u00eancia inferiores a pessoas sem defici\u00eancia. Ser\u00e1 que os artistas e idealizadores da campanha desconhecem o movimento de ativistas para que pessoas com defici\u00eancia sejam representadas por atores com defici\u00eancia? Sabem que o lema do movimento \u00e9 justamente &#8220;Nada sobre n\u00f3s, sem n\u00f3s?&#8221; Quem se disp\u00f5e a ser Embaixador das Paralimp\u00edadas deveria ter se informado melhor.<br \/>\nQual \u00e9 a diferen\u00e7a disso para o Black Face &#8211; atores brancos com o rosto pintado de preto para representar negros? A isso damos o nome de racismo.<br \/>\nOu atores homens vestidos de mulher representando personagens femininas. A isso damos o nome de machismo.<\/p>\n<p>2 &#8211; Ela parte do princ\u00edpio que vale tudo pela visibilidade. Basta colocar celebridades ao lado de uma hashtag SomosTodos para promover qualquer coisa.<\/p>\n<p>3 &#8211; Ela usa a palavra paratletas, no lugar de atletas paral\u00edmpicos. Os atletas paral\u00edmpicos s\u00e3o atletas. Ponto. E n\u00e3o paratletas, semiatletas<\/p>\n<p>4 &#8211; O diretor de arte Clayton Carneiro, da revista Vogue declarou: &#8220;&#8221;Participar da campanha foi uma honra para mim. O clima no est\u00fadio era de total felicidade e orgulho. Paulinho Vilhena e Cleo Pires fizeram um lindo discurso antes de come\u00e7armos a fotografar que emocionou a todos os envolvidos. E para quem n\u00e3o sabe, a ideia toda da campanha foi da embaixadora das Paralimpiadas, Cleo Pires. A gente sabia que seria um soco no est\u00f4mago, mas estavamos l\u00e1 por uma boa causa, afinal, quase ningu\u00e9m comprou ingressos para ver os jogos paral\u00edmpicos&#8221;&#8221;,<\/p>\n<p>Vejamos: &#8211; o clima no est\u00fadio era de total felicidade e orgulho (que outro clima poderia se esperar? Infelicidade por se tratar de pessoas com defici\u00eancia? Orgulho por estar participando de uma iniciativa t\u00e3o &#8220;merit\u00f3ria&#8221; pra esses pobrezinhos?)<br \/>\n&#8211; Paulinho Vilhena e Cleo Pires fizeram um lindo discurso que emocionou a todos (tadinhos dos deficientes, eles precisam da nossa ajuda, e n\u00f3s somos t\u00e3o legais de estarmos aqui nos doando para essa causa).<br \/>\n&#8211; Quase ningu\u00e9m comprou ingressos para ver os jogos (e sem d\u00favida, ver dois atores amputados digitalmente vai fazer o p\u00fablico sentir o \u00edmpeto de correr para as bilheterias!)<\/p>\n<p>5 &#8211; J\u00e1 ouviram falar em pornografia inspiracional? Ent\u00e3o aprendam com a ativista Stella Young:<br \/>\n<a href=\"https:\/\/www.ted.com\/talks\/stella_young_i_m_not_your_inspiration_thank_you_very_much?language=pt-br\">https:\/\/www.ted.com\/talks\/stella_young_i_m_not_your_inspiration_thank_you_very_much?language=pt-br<\/a><\/p>\n<p>A atriz Cleo Pires resolveu fazer um v\u00eddeo para explicar a campanha para quem n\u00e3o entendeu:<br \/>\n<a href=\"https:\/\/www.facebook.com\/profile.php?id=1762437205&amp;fref=ts\">https:\/\/www.facebook.com\/profile.php?id=1762437205&amp;fref=ts<\/a><\/p>\n<p>Desculpe, mas n\u00e3o tem explica\u00e7\u00e3o, Cleo. Visibilidade \u00e9 muito bem-vinda para promover a acessibilidade, inclus\u00e3o e reduzir o preconceito, mas n\u00e3o a qualquer custo. &#8220;Boas inten\u00e7\u00f5es&#8221; podem prejudicar mais do que ajudar.<\/p>\n<p>Esperamos, sinceramente, que a campanha seja suspensa e que uma retrata\u00e7\u00e3o seja feita por respeito \u00e0s pessoas com defici\u00eancia.<\/p>\n<p>N\u00e3o deixem de ler nosso <a href=\"https:\/\/www.gadimbrasil.org\/copia-guia-para-imprensa-1\">Manual para a M\u00eddia<\/a> com dicas para falar sobre defici\u00eancia e, da pr\u00f3xima vez, podem consultar a GADIM que teremos prazer em ajudar.<\/p>\n<p><strong>Menos de 1% de personagens com defici\u00eancia na m\u00eddia<\/strong><\/p>\n<p>Al\u00e9m das quest\u00f5es de representatividade e capacitismo apontadas acima, a campanha da ag\u00eancia \u00c1frica com Cleo Pires e Paulo Vilhena, que causou rejei\u00e7\u00e3o por mostrar os atores com membros amputados por photoshop, remete a um problema ainda maior &#8211; a invisibilidade das pessoas com defici\u00eancia na m\u00eddia.<\/p>\n<p>O segmento das pessoas com defici\u00eancia \u00e9 a maior das minorias, cerca de um bilh\u00e3o de pessoas no mundo, aproximadamente 11% da popula\u00e7\u00e3o, de acordo com a OMS.<\/p>\n<p>A exclus\u00e3o come\u00e7a nas estat\u00edsticas. No mundo todo h\u00e1 pouqu\u00edssimos estudos quantitativos e qualitativos que me\u00e7am a presen\u00e7a de pessoas com defici\u00eancia na m\u00eddia. No Brasil n\u00e3o conhe\u00e7o nenhum (por favor, se conhecerem avisem).<\/p>\n<p>Nos Estados Unidos a Glaad, que trabalha promovendo a imagem da popula\u00e7\u00e3o LGBT junto \u00e0 m\u00eddia h\u00e1 mais de 30 anos, publica anualmente um relat\u00f3rio chamado &#8211; Aonde estamos na TV, em que \u00e9 feito um levantamento dos personagens representantes de grupos minorit\u00e1rios em programas transmitidos nos Estados Unidos. No relat\u00f3rio de 2015, houve menos de 1% de personagens com defici\u00eancia na telinha.<\/p>\n<p>Outra organiza\u00e7\u00e3o americana, a Ruderman Foundation, fez um levantamento em 2015 sobre os personagens com defici\u00eancia representados por atores com defici\u00eancia. Pois dentre o 1% achado pela Glaad, apenas 5% eram atores com defici\u00eancia. Ou seja, 95% dos personagens com defici\u00eancia eram representados por atores sem defici\u00eancia.<\/p>\n<p>Ou seja, campanhas como a estrelada por Cleo Pires e Paulo Vilhena n\u00e3o s\u00e3o privil\u00e9gio do Brasil.<\/p>\n<p>Mas frente a esses n\u00fameros, nossa voz tem que se al\u00e7ar ainda mais alto! Ao inv\u00e9s de usurpa\u00e7\u00e3o de representatividade, s\u00e3o necess\u00e1rias a\u00e7\u00f5es afirmativas para inserir as pessoas com defici\u00eancia na m\u00eddia, de modo a acelerar o processo de inclus\u00e3o.<\/p>\n<p>N\u00e3o consigo imaginar melhor cen\u00e1rio do que as Paralimp\u00edadas para que isso ocorra. Portanto, n\u00e3o vamos desperdi\u00e7ar essa chance para combater a exclus\u00e3o, que se reflete na vida real, e de quebra ainda promover o acesso ao mercado de trabalho,.<\/p>\n<p>Somos Todos Paral\u00edmpicos: a campanha com Cleo Pires e Paulinho Vilhena<br \/>\n<a href=\"http:\/\/vogue.globo.com\/moda\/moda-news\/noticia\/2016\/08\/somos-todos-paralimpicos-campanha-com-cleo-pires-e-paulinho-vilhena.html?utm_source=facebook&amp;utm_medium=social&amp;utm_campaign=post\">http:\/\/vogue.globo.com\/moda\/moda-news\/noticia\/2016\/08\/somos-todos-paralimpicos-campanha-com-cleo-pires-e-paulinho-vilhena.html?utm_source=facebook&amp;utm_medium=social&amp;utm_campaign=post<\/a><\/p>\n<p>Abaixo, a r\u00e1pida resposta do Sensacionalista.<\/p>\n<p>Ap\u00f3s Paulinho Vilhena e Cleo Pires como deficientes, Vogue ter\u00e1 editorial sobre cultura africana com modelos escandinavos<br \/>\n<a href=\"http:\/\/www.sensacionalista.com.br\/2016\/08\/24\/apos-paulinho-vilhena-e-cleo-pires-como-deficientes-vogue-tera-editorial-sobre-cultura-africana-com-modelos-escandinavos\/\">http:\/\/www.sensacionalista.com.br\/2016\/08\/24\/apos-paulinho-vilhena-e-cleo-pires-como-deficientes-vogue-tera-editorial-sobre-cultura-africana-com-modelos-escandinavos\/<\/a><\/p>\n<p>Dados citados: <a href=\"http:\/\/www.gadim.org\/#!what-we-do\/t5jzr\">http:\/\/www.gadim.org\/#!what-we-do\/t5jzr<\/a><\/p>\n<p>Por Patricia Almeida, jornalista, mestranda em Estudos da Defici\u00eancia e criadora da <a href=\"https:\/\/www.gadim.org\/\">Gadim<\/a> e <a href=\"https:\/\/www.gadimbrasil.org\/\">Gadim Brasil<\/a>.<\/p>\n<p>&nbsp;<\/p>\n","protected":false},"excerpt":{"rendered":"<p>H\u00e1 menos de 1% de personagens com defici\u00eancia na m\u00eddia. S\u00f3 5% deles s\u00e3o representados por atores com defici\u00eancia.\u00a0 &nbsp; Atriz morena com macaquinho preto com bra\u00e7o amputado, ator moreno, de barba, com bermuda preta e protese na perna. A Gadim Brasil (Alian\u00e7a para a Inclus\u00e3o das Pessoas com defici\u00eancia na M\u00eddia) acaba de ser [&hellip;]<\/p>\n","protected":false},"author":1,"featured_media":0,"comment_status":"open","ping_status":"open","sticky":false,"template":"","format":"standard","meta":{"site-container-style":"default","site-container-layout":"default","site-sidebar-layout":"default","disable-article-header":"default","disable-site-header":"default","disable-site-footer":"default","disable-content-area-spacing":"default","footnotes":""},"categories":[76,4,376],"tags":[],"class_list":["post-29654","post","type-post","status-publish","format-standard","hentry","category-midia-e-deficiencia","category-noticias","category-showz"],"yoast_head":"<!-- This site is optimized with the Yoast SEO plugin v27.4 - https:\/\/yoast.com\/product\/yoast-seo-wordpress\/ -->\n<title>Campanha Sem No\u00e7\u00e3o da Vogue sobre Paralimp\u00edadas -<\/title>\n<meta name=\"robots\" content=\"index, follow, max-snippet:-1, max-image-preview:large, max-video-preview:-1\" \/>\n<link rel=\"canonical\" href=\"https:\/\/inclusivenews.com.br\/?p=29654\" \/>\n<meta property=\"og:locale\" content=\"pt_PT\" \/>\n<meta property=\"og:type\" content=\"article\" \/>\n<meta property=\"og:title\" content=\"Campanha Sem No\u00e7\u00e3o da Vogue sobre Paralimp\u00edadas -\" \/>\n<meta property=\"og:description\" content=\"H\u00e1 menos de 1% de personagens com defici\u00eancia na m\u00eddia. S\u00f3 5% deles s\u00e3o representados por atores com defici\u00eancia.\u00a0 &nbsp; Atriz morena com macaquinho preto com bra\u00e7o amputado, ator moreno, de barba, com bermuda preta e protese na perna. A Gadim Brasil (Alian\u00e7a para a Inclus\u00e3o das Pessoas com defici\u00eancia na M\u00eddia) acaba de ser [&hellip;]\" \/>\n<meta property=\"og:url\" content=\"https:\/\/inclusivenews.com.br\/?p=29654\" \/>\n<meta property=\"article:publisher\" content=\"https:\/\/www.facebook.com\/agenciainclusive\/\" \/>\n<meta property=\"article:published_time\" content=\"2016-08-25T20:05:08+00:00\" \/>\n<meta property=\"og:image\" content=\"http:\/\/inclusivenews.com.br\/wp-content\/uploads\/cleo-pires-paulo-vilhena-paralimpiada-3.jpg\" \/>\n<meta name=\"author\" content=\"inclusivenews2024\" \/>\n<meta name=\"twitter:card\" content=\"summary_large_image\" \/>\n<meta name=\"twitter:label1\" content=\"Escrito por\" \/>\n\t<meta name=\"twitter:data1\" content=\"inclusivenews2024\" \/>\n\t<meta name=\"twitter:label2\" content=\"Tempo estimado de leitura\" \/>\n\t<meta name=\"twitter:data2\" content=\"6 minutos\" \/>\n<script type=\"application\/ld+json\" class=\"yoast-schema-graph\">{\"@context\":\"https:\\\/\\\/schema.org\",\"@graph\":[{\"@type\":\"Article\",\"@id\":\"https:\\\/\\\/inclusivenews.com.br\\\/?p=29654#article\",\"isPartOf\":{\"@id\":\"https:\\\/\\\/inclusivenews.com.br\\\/?p=29654\"},\"author\":{\"name\":\"inclusivenews2024\",\"@id\":\"https:\\\/\\\/inclusivenews.com.br\\\/#\\\/schema\\\/person\\\/ae4ec7087559b8692fb33b6fffd2273b\"},\"headline\":\"Campanha Sem No\u00e7\u00e3o da Vogue sobre Paralimp\u00edadas\",\"datePublished\":\"2016-08-25T20:05:08+00:00\",\"mainEntityOfPage\":{\"@id\":\"https:\\\/\\\/inclusivenews.com.br\\\/?p=29654\"},\"wordCount\":1159,\"commentCount\":0,\"publisher\":{\"@id\":\"https:\\\/\\\/inclusivenews.com.br\\\/#organization\"},\"image\":{\"@id\":\"https:\\\/\\\/inclusivenews.com.br\\\/?p=29654#primaryimage\"},\"thumbnailUrl\":\"http:\\\/\\\/inclusivenews.com.br\\\/wp-content\\\/uploads\\\/cleo-pires-paulo-vilhena-paralimpiada-3.jpg\",\"articleSection\":[\"M\u00eddia e Defici\u00eancia\",\"NOT\u00cdCIAS\",\"SHOWZ\"],\"inLanguage\":\"pt-PT\",\"potentialAction\":[{\"@type\":\"CommentAction\",\"name\":\"Comment\",\"target\":[\"https:\\\/\\\/inclusivenews.com.br\\\/?p=29654#respond\"]}]},{\"@type\":\"WebPage\",\"@id\":\"https:\\\/\\\/inclusivenews.com.br\\\/?p=29654\",\"url\":\"https:\\\/\\\/inclusivenews.com.br\\\/?p=29654\",\"name\":\"Campanha Sem No\u00e7\u00e3o da Vogue sobre Paralimp\u00edadas -\",\"isPartOf\":{\"@id\":\"https:\\\/\\\/inclusivenews.com.br\\\/#website\"},\"primaryImageOfPage\":{\"@id\":\"https:\\\/\\\/inclusivenews.com.br\\\/?p=29654#primaryimage\"},\"image\":{\"@id\":\"https:\\\/\\\/inclusivenews.com.br\\\/?p=29654#primaryimage\"},\"thumbnailUrl\":\"http:\\\/\\\/inclusivenews.com.br\\\/wp-content\\\/uploads\\\/cleo-pires-paulo-vilhena-paralimpiada-3.jpg\",\"datePublished\":\"2016-08-25T20:05:08+00:00\",\"breadcrumb\":{\"@id\":\"https:\\\/\\\/inclusivenews.com.br\\\/?p=29654#breadcrumb\"},\"inLanguage\":\"pt-PT\",\"potentialAction\":[{\"@type\":\"ReadAction\",\"target\":[\"https:\\\/\\\/inclusivenews.com.br\\\/?p=29654\"]}]},{\"@type\":\"ImageObject\",\"inLanguage\":\"pt-PT\",\"@id\":\"https:\\\/\\\/inclusivenews.com.br\\\/?p=29654#primaryimage\",\"url\":\"\",\"contentUrl\":\"\"},{\"@type\":\"BreadcrumbList\",\"@id\":\"https:\\\/\\\/inclusivenews.com.br\\\/?p=29654#breadcrumb\",\"itemListElement\":[{\"@type\":\"ListItem\",\"position\":1,\"name\":\"In\u00edcio\",\"item\":\"https:\\\/\\\/inclusivenews.com.br\\\/\"},{\"@type\":\"ListItem\",\"position\":2,\"name\":\"Campanha Sem No\u00e7\u00e3o da Vogue sobre Paralimp\u00edadas\"}]},{\"@type\":\"WebSite\",\"@id\":\"https:\\\/\\\/inclusivenews.com.br\\\/#website\",\"url\":\"https:\\\/\\\/inclusivenews.com.br\\\/\",\"name\":\"Inclusive News\",\"description\":\"Inclusive News\",\"publisher\":{\"@id\":\"https:\\\/\\\/inclusivenews.com.br\\\/#organization\"},\"potentialAction\":[{\"@type\":\"SearchAction\",\"target\":{\"@type\":\"EntryPoint\",\"urlTemplate\":\"https:\\\/\\\/inclusivenews.com.br\\\/?s={search_term_string}\"},\"query-input\":{\"@type\":\"PropertyValueSpecification\",\"valueRequired\":true,\"valueName\":\"search_term_string\"}}],\"inLanguage\":\"pt-PT\"},{\"@type\":\"Organization\",\"@id\":\"https:\\\/\\\/inclusivenews.com.br\\\/#organization\",\"name\":\"Inclusive - inclus\u00e3o e cidadania\",\"url\":\"https:\\\/\\\/inclusivenews.com.br\\\/\",\"logo\":{\"@type\":\"ImageObject\",\"inLanguage\":\"pt-PT\",\"@id\":\"https:\\\/\\\/inclusivenews.com.br\\\/#\\\/schema\\\/logo\\\/image\\\/\",\"url\":\"https:\\\/\\\/inclusivenews.com.br\\\/wp-content\\\/uploads\\\/2024\\\/03\\\/@grandesite.png\",\"contentUrl\":\"https:\\\/\\\/inclusivenews.com.br\\\/wp-content\\\/uploads\\\/2024\\\/03\\\/@grandesite.png\",\"width\":1080,\"height\":1080,\"caption\":\"Inclusive - inclus\u00e3o e cidadania\"},\"image\":{\"@id\":\"https:\\\/\\\/inclusivenews.com.br\\\/#\\\/schema\\\/logo\\\/image\\\/\"},\"sameAs\":[\"https:\\\/\\\/www.facebook.com\\\/agenciainclusive\\\/\",\"https:\\\/\\\/www.instagram.com\\\/newsinclusive\\\/\"]},{\"@type\":\"Person\",\"@id\":\"https:\\\/\\\/inclusivenews.com.br\\\/#\\\/schema\\\/person\\\/ae4ec7087559b8692fb33b6fffd2273b\",\"name\":\"inclusivenews2024\",\"image\":{\"@type\":\"ImageObject\",\"inLanguage\":\"pt-PT\",\"@id\":\"https:\\\/\\\/secure.gravatar.com\\\/avatar\\\/c5a7ef84c66fa914f55bc4f7ce26cfa275a3b9a1c5568b907bd184fb4dde7b40?s=96&d=mm&r=g\",\"url\":\"https:\\\/\\\/secure.gravatar.com\\\/avatar\\\/c5a7ef84c66fa914f55bc4f7ce26cfa275a3b9a1c5568b907bd184fb4dde7b40?s=96&d=mm&r=g\",\"contentUrl\":\"https:\\\/\\\/secure.gravatar.com\\\/avatar\\\/c5a7ef84c66fa914f55bc4f7ce26cfa275a3b9a1c5568b907bd184fb4dde7b40?s=96&d=mm&r=g\",\"caption\":\"inclusivenews2024\"},\"sameAs\":[\"https:\\\/\\\/inclusivenews.com.br\"],\"url\":\"https:\\\/\\\/inclusivenews.com.br\\\/?author=1\"}]}<\/script>\n<!-- \/ Yoast SEO plugin. -->","yoast_head_json":{"title":"Campanha Sem No\u00e7\u00e3o da Vogue sobre Paralimp\u00edadas -","robots":{"index":"index","follow":"follow","max-snippet":"max-snippet:-1","max-image-preview":"max-image-preview:large","max-video-preview":"max-video-preview:-1"},"canonical":"https:\/\/inclusivenews.com.br\/?p=29654","og_locale":"pt_PT","og_type":"article","og_title":"Campanha Sem No\u00e7\u00e3o da Vogue sobre Paralimp\u00edadas -","og_description":"H\u00e1 menos de 1% de personagens com defici\u00eancia na m\u00eddia. S\u00f3 5% deles s\u00e3o representados por atores com defici\u00eancia.\u00a0 &nbsp; Atriz morena com macaquinho preto com bra\u00e7o amputado, ator moreno, de barba, com bermuda preta e protese na perna. A Gadim Brasil (Alian\u00e7a para a Inclus\u00e3o das Pessoas com defici\u00eancia na M\u00eddia) acaba de ser [&hellip;]","og_url":"https:\/\/inclusivenews.com.br\/?p=29654","article_publisher":"https:\/\/www.facebook.com\/agenciainclusive\/","article_published_time":"2016-08-25T20:05:08+00:00","og_image":[{"url":"http:\/\/inclusivenews.com.br\/wp-content\/uploads\/cleo-pires-paulo-vilhena-paralimpiada-3.jpg","type":"","width":"","height":""}],"author":"inclusivenews2024","twitter_card":"summary_large_image","twitter_misc":{"Escrito por":"inclusivenews2024","Tempo estimado de leitura":"6 minutos"},"schema":{"@context":"https:\/\/schema.org","@graph":[{"@type":"Article","@id":"https:\/\/inclusivenews.com.br\/?p=29654#article","isPartOf":{"@id":"https:\/\/inclusivenews.com.br\/?p=29654"},"author":{"name":"inclusivenews2024","@id":"https:\/\/inclusivenews.com.br\/#\/schema\/person\/ae4ec7087559b8692fb33b6fffd2273b"},"headline":"Campanha Sem No\u00e7\u00e3o da Vogue sobre Paralimp\u00edadas","datePublished":"2016-08-25T20:05:08+00:00","mainEntityOfPage":{"@id":"https:\/\/inclusivenews.com.br\/?p=29654"},"wordCount":1159,"commentCount":0,"publisher":{"@id":"https:\/\/inclusivenews.com.br\/#organization"},"image":{"@id":"https:\/\/inclusivenews.com.br\/?p=29654#primaryimage"},"thumbnailUrl":"http:\/\/inclusivenews.com.br\/wp-content\/uploads\/cleo-pires-paulo-vilhena-paralimpiada-3.jpg","articleSection":["M\u00eddia e Defici\u00eancia","NOT\u00cdCIAS","SHOWZ"],"inLanguage":"pt-PT","potentialAction":[{"@type":"CommentAction","name":"Comment","target":["https:\/\/inclusivenews.com.br\/?p=29654#respond"]}]},{"@type":"WebPage","@id":"https:\/\/inclusivenews.com.br\/?p=29654","url":"https:\/\/inclusivenews.com.br\/?p=29654","name":"Campanha Sem No\u00e7\u00e3o da Vogue sobre Paralimp\u00edadas -","isPartOf":{"@id":"https:\/\/inclusivenews.com.br\/#website"},"primaryImageOfPage":{"@id":"https:\/\/inclusivenews.com.br\/?p=29654#primaryimage"},"image":{"@id":"https:\/\/inclusivenews.com.br\/?p=29654#primaryimage"},"thumbnailUrl":"http:\/\/inclusivenews.com.br\/wp-content\/uploads\/cleo-pires-paulo-vilhena-paralimpiada-3.jpg","datePublished":"2016-08-25T20:05:08+00:00","breadcrumb":{"@id":"https:\/\/inclusivenews.com.br\/?p=29654#breadcrumb"},"inLanguage":"pt-PT","potentialAction":[{"@type":"ReadAction","target":["https:\/\/inclusivenews.com.br\/?p=29654"]}]},{"@type":"ImageObject","inLanguage":"pt-PT","@id":"https:\/\/inclusivenews.com.br\/?p=29654#primaryimage","url":"","contentUrl":""},{"@type":"BreadcrumbList","@id":"https:\/\/inclusivenews.com.br\/?p=29654#breadcrumb","itemListElement":[{"@type":"ListItem","position":1,"name":"In\u00edcio","item":"https:\/\/inclusivenews.com.br\/"},{"@type":"ListItem","position":2,"name":"Campanha Sem No\u00e7\u00e3o da Vogue sobre Paralimp\u00edadas"}]},{"@type":"WebSite","@id":"https:\/\/inclusivenews.com.br\/#website","url":"https:\/\/inclusivenews.com.br\/","name":"Inclusive News","description":"Inclusive News","publisher":{"@id":"https:\/\/inclusivenews.com.br\/#organization"},"potentialAction":[{"@type":"SearchAction","target":{"@type":"EntryPoint","urlTemplate":"https:\/\/inclusivenews.com.br\/?s={search_term_string}"},"query-input":{"@type":"PropertyValueSpecification","valueRequired":true,"valueName":"search_term_string"}}],"inLanguage":"pt-PT"},{"@type":"Organization","@id":"https:\/\/inclusivenews.com.br\/#organization","name":"Inclusive - inclus\u00e3o e cidadania","url":"https:\/\/inclusivenews.com.br\/","logo":{"@type":"ImageObject","inLanguage":"pt-PT","@id":"https:\/\/inclusivenews.com.br\/#\/schema\/logo\/image\/","url":"https:\/\/inclusivenews.com.br\/wp-content\/uploads\/2024\/03\/@grandesite.png","contentUrl":"https:\/\/inclusivenews.com.br\/wp-content\/uploads\/2024\/03\/@grandesite.png","width":1080,"height":1080,"caption":"Inclusive - inclus\u00e3o e cidadania"},"image":{"@id":"https:\/\/inclusivenews.com.br\/#\/schema\/logo\/image\/"},"sameAs":["https:\/\/www.facebook.com\/agenciainclusive\/","https:\/\/www.instagram.com\/newsinclusive\/"]},{"@type":"Person","@id":"https:\/\/inclusivenews.com.br\/#\/schema\/person\/ae4ec7087559b8692fb33b6fffd2273b","name":"inclusivenews2024","image":{"@type":"ImageObject","inLanguage":"pt-PT","@id":"https:\/\/secure.gravatar.com\/avatar\/c5a7ef84c66fa914f55bc4f7ce26cfa275a3b9a1c5568b907bd184fb4dde7b40?s=96&d=mm&r=g","url":"https:\/\/secure.gravatar.com\/avatar\/c5a7ef84c66fa914f55bc4f7ce26cfa275a3b9a1c5568b907bd184fb4dde7b40?s=96&d=mm&r=g","contentUrl":"https:\/\/secure.gravatar.com\/avatar\/c5a7ef84c66fa914f55bc4f7ce26cfa275a3b9a1c5568b907bd184fb4dde7b40?s=96&d=mm&r=g","caption":"inclusivenews2024"},"sameAs":["https:\/\/inclusivenews.com.br"],"url":"https:\/\/inclusivenews.com.br\/?author=1"}]}},"_links":{"self":[{"href":"https:\/\/inclusivenews.com.br\/index.php?rest_route=\/wp\/v2\/posts\/29654","targetHints":{"allow":["GET"]}}],"collection":[{"href":"https:\/\/inclusivenews.com.br\/index.php?rest_route=\/wp\/v2\/posts"}],"about":[{"href":"https:\/\/inclusivenews.com.br\/index.php?rest_route=\/wp\/v2\/types\/post"}],"author":[{"embeddable":true,"href":"https:\/\/inclusivenews.com.br\/index.php?rest_route=\/wp\/v2\/users\/1"}],"replies":[{"embeddable":true,"href":"https:\/\/inclusivenews.com.br\/index.php?rest_route=%2Fwp%2Fv2%2Fcomments&post=29654"}],"version-history":[{"count":0,"href":"https:\/\/inclusivenews.com.br\/index.php?rest_route=\/wp\/v2\/posts\/29654\/revisions"}],"wp:attachment":[{"href":"https:\/\/inclusivenews.com.br\/index.php?rest_route=%2Fwp%2Fv2%2Fmedia&parent=29654"}],"wp:term":[{"taxonomy":"category","embeddable":true,"href":"https:\/\/inclusivenews.com.br\/index.php?rest_route=%2Fwp%2Fv2%2Fcategories&post=29654"},{"taxonomy":"post_tag","embeddable":true,"href":"https:\/\/inclusivenews.com.br\/index.php?rest_route=%2Fwp%2Fv2%2Ftags&post=29654"}],"curies":[{"name":"wp","href":"https:\/\/api.w.org\/{rel}","templated":true}]}}