{"id":29668,"date":"2016-08-31T17:50:19","date_gmt":"2016-08-31T20:50:19","guid":{"rendered":"http:\/\/www.inclusive.org.br\/?p=29668"},"modified":"2016-08-31T17:50:19","modified_gmt":"2016-08-31T20:50:19","slug":"aplicativo-ajudara-idosos-e-pessoas-com-deficiencia-a-encontrar-vagas-de-estacionamento-em-sao-paulo","status":"publish","type":"post","link":"https:\/\/inclusivenews.com.br\/?p=29668","title":{"rendered":"Aplicativo ajuda a encontrar vagas de estacionamento em SP"},"content":{"rendered":"<p><img loading=\"lazy\" decoding=\"async\" class=\"alignnone wp-image-29669\" src=\"http:\/\/inclusivenews.com.br\/wp-content\/uploads\/Arte2-Lan\u00e7amento-Vaga-Acessivel-Cidade-Legal.jpg\" alt=\"Sob fundo laranja, uma mao segura um celular com pins marcados na tela. Vaga acessivel, cidade legal. 6\/9, 14h, no Mobilab Lan\u00e7amento do aplicativo Parknet para pessoas idosas e pessoas com deficiencia.\" width=\"389\" height=\"324\" \/><\/p>\n<p><strong>Vaga Acess\u00edvel, Cidade Legal\u00a0<\/strong>\u2013 a solu\u00e7\u00e3o da Parknet mapear\u00e1 e receber\u00e1 den\u00fancias sobre vagas reservadas a idosos e pessoas com defici\u00eancia<\/p>\n<p>Voc\u00ea sabia que em S\u00e3o Paulo existem mais de tr\u00eas mil vagas de estacionamento em vias p\u00fablicas reservadas para idosos e pessoas com defici\u00eancia? Agora pense na dificuldade em encontr\u00e1-las nesta cidade de\u00a01.523 km\u00b2?\u00a0Para facilitar esta busca, ser\u00e1 lan\u00e7ado no dia 6 de setembro, \u00e0s 14h, na sede do MobiLab, o aplicativo\u00a0<a href=\"http:\/\/www.parknet.com.br\/\" data-saferedirecturl=\"https:\/\/www.google.com\/url?hl=en&amp;q=http:\/\/www.parknet.com.br\/&amp;source=gmail&amp;ust=1472761099799000&amp;usg=AFQjCNFr9DvIRejVXQGfl_pOF9NrjfSkqg\">Parknet<\/a>, que mapear\u00e1 todas as vagas p\u00fablicas destinadas a estas pessoas no munic\u00edpio.<\/p>\n<p>O aplicativo, desenvolvido por uma das startups do\u00a0<a href=\"http:\/\/mobilab.prefeitura.sp.gov.br\/residencia\" data-saferedirecturl=\"https:\/\/www.google.com\/url?hl=en&amp;q=http:\/\/mobilab.prefeitura.sp.gov.br\/residencia&amp;source=gmail&amp;ust=1472761099799000&amp;usg=AFQjCNHNCvA6Vv5dJpcT51hX07vNl0vbhQ\">Resid\u00eancia MobiLab<\/a>\u00a0&#8211;<strong>\u00a0<\/strong>programa que fomenta empreendedores que desenvolvem solu\u00e7\u00f5es inovadoras voltadas \u00e0 mobilidade -, disponibilizar\u00e1\u00a0a localiza\u00e7\u00e3o de todas as vagas reservadas a pessoas com defici\u00eancia e idosos, com possibilidade de tra\u00e7ar rotas at\u00e9 o local de estacionamento desejado.\u00a0 Al\u00e9m disso, o software ter\u00e1 um ambiente colaborativo, em que os usu\u00e1rios poder\u00e3o notificar a exist\u00eancia de vagas ainda n\u00e3o mapeadas, ou ainda, fazer den\u00fancias dos locais ocupados\u00a0irregularmente.<\/p>\n<p>De acordo com o Censo 2010 do IBGE, a capital possui 2,7 milh\u00f5es de pessoas com algum tipo de defici\u00eancia,<strong>\u00a0<\/strong><strong>sendo que<\/strong><strong>\u00a0<\/strong>810 mil pessoas com defici\u00eancias mais severas. Para grande parte desta popula\u00e7\u00e3o, \u00e9 de extrema import\u00e2ncia que existam estes espa\u00e7os reservados\u00a0que facilitam a locomo\u00e7\u00e3o e seguran\u00e7a.<\/p>\n<p>O Decreto Federal 5.296 de 2004 e a Lei Brasileira de Inclus\u00e3o (LBI) n\u00ba 13.146 de 2015 definem a reserva de 2% dos locais de estacionamento destinadas a pessoas com defici\u00eancia.<\/p>\n<p>Para utilizar estes espa\u00e7os de estacionamento destinados a pessoas com defici\u00eancia no munic\u00edpio de S\u00e3o Paulo \u00e9 necess\u00e1rio possuir o Cart\u00e3o DeFis-DSV. S\u00f3 podem solicitar este documento pessoas com defici\u00eancia f\u00edsica ambulat\u00f3ria nos membros inferiores ou aut\u00f4noma (decorrente de incapacidade mental), com mobilidade reduzida tempor\u00e1ria com alto grau de comprometimento, com defici\u00eancia visual e com dificuldade de locomo\u00e7\u00e3o. Os usu\u00e1rios que se encontram nestas condi\u00e7\u00f5es devem comparecer a\u00a0DSV \u2013 Autoriza\u00e7\u00f5es Especiais -, localizada na Rua Sumidouro, 740, Pinheiros, com documenta\u00e7\u00e3o pr\u00e9 estabelecida, no site\u00a0<a href=\"http:\/\/bit.ly\/1tOS7cM\" data-saferedirecturl=\"https:\/\/www.google.com\/url?hl=en&amp;q=http:\/\/bit.ly\/1tOS7cM&amp;source=gmail&amp;ust=1472761099799000&amp;usg=AFQjCNEpw0lS44HshGJa7qMXNuo3NmOlLg\">http:\/\/bit.ly\/1tOS7cM<\/a><\/p>\n<p>Participe do lan\u00e7amento! Fa\u00e7a sua inscri\u00e7\u00e3o aqui:\u00a0<a href=\"http:\/\/even.tc\/va\" data-saferedirecturl=\"https:\/\/www.google.com\/url?hl=en&amp;q=http:\/\/even.tc\/va&amp;source=gmail&amp;ust=1472761099799000&amp;usg=AFQjCNFXB1fkq313Cf65Cvy76Rec94wBtQ\">http:\/\/even.tc\/va<\/a><\/p>\n<p><u>Lojas para baixar o aplicativo:<\/u><\/p>\n<p>Android:\u00a0<a href=\"http:\/\/bit.ly\/2boSVHO\" data-saferedirecturl=\"https:\/\/www.google.com\/url?hl=en&amp;q=http:\/\/bit.ly\/2boSVHO&amp;source=gmail&amp;ust=1472761099799000&amp;usg=AFQjCNGUXjSYD-Ce25mRTuretJxiGa9FmA\">http:\/\/bit.ly\/2boSVHO<\/a><\/p>\n<p>iOS:\u00a0<a href=\"http:\/\/apple.co\/2ccsIMP\" data-saferedirecturl=\"https:\/\/www.google.com\/url?hl=en&amp;q=http:\/\/apple.co\/2ccsIMP&amp;source=gmail&amp;ust=1472761099799000&amp;usg=AFQjCNHtz8meD1IUltqZjjgVgk3JjVoDqg\">http:\/\/apple.co\/2ccsIMP<\/a><\/p>\n<p><u>Sobre o MobiLab e o programa de resid\u00eancia:<\/u><\/p>\n<p>O MobiLab\u00a0\u2013 Laborat\u00f3rio de Mobilidade Urbana da cidade de S\u00e3o Paulo,\u00a0busca o desenvolvimento de solu\u00e7\u00f5es para melhoria da gest\u00e3o da mobilidade urbana e o fomento de iniciativas que contribuam com inova\u00e7\u00e3o, transpar\u00eancia e participa\u00e7\u00e3o da sociedade civil. Um de seus programas \u00e9 o Resid\u00eancia MobiLab, que est\u00e1 em sua 1a edi\u00e7\u00e3o e abriga atualmente 8 startups\u00a0que desenvolvem solu\u00e7\u00f5es tecnol\u00f3gicas com potencial de impacto positivo nos desafios relacionados \u00e0 melhoria da mobilidade urbana na cidade de S\u00e3o Paulo.\u00a0A\u00a0<strong>2a edi\u00e7\u00e3o<\/strong>\u00a0est\u00e1 prevista para ser lan\u00e7ada no m\u00eas de\u00a0<strong>setembro\/16<\/strong>.<\/p>\n<p>&nbsp;<\/p>\n","protected":false},"excerpt":{"rendered":"<p>Vaga Acess\u00edvel, Cidade Legal\u00a0\u2013 a solu\u00e7\u00e3o da Parknet mapear\u00e1 e receber\u00e1 den\u00fancias sobre vagas reservadas a idosos e pessoas com defici\u00eancia Voc\u00ea sabia que em S\u00e3o Paulo existem mais de tr\u00eas mil vagas de estacionamento em vias p\u00fablicas reservadas para idosos e pessoas com defici\u00eancia? Agora pense na dificuldade em encontr\u00e1-las nesta cidade de\u00a01.523 km\u00b2?\u00a0Para [&hellip;]<\/p>\n","protected":false},"author":1,"featured_media":0,"comment_status":"open","ping_status":"open","sticky":false,"template":"","format":"standard","meta":{"site-container-style":"default","site-container-layout":"default","site-sidebar-layout":"default","disable-article-header":"default","disable-site-header":"default","disable-site-footer":"default","disable-content-area-spacing":"default","footnotes":""},"categories":[44,38,48],"tags":[],"class_list":["post-29668","post","type-post","status-publish","format-standard","hentry","category-acessibilidade","category-deficiencia","category-inclusao"],"yoast_head":"<!-- This site is optimized with the Yoast SEO plugin v27.4 - https:\/\/yoast.com\/product\/yoast-seo-wordpress\/ -->\n<title>Aplicativo ajuda a encontrar vagas de estacionamento em SP -<\/title>\n<meta name=\"robots\" content=\"index, follow, max-snippet:-1, max-image-preview:large, max-video-preview:-1\" \/>\n<link rel=\"canonical\" href=\"https:\/\/inclusivenews.com.br\/?p=29668\" \/>\n<meta property=\"og:locale\" content=\"pt_PT\" \/>\n<meta property=\"og:type\" content=\"article\" \/>\n<meta property=\"og:title\" content=\"Aplicativo ajuda a encontrar vagas de estacionamento em SP -\" \/>\n<meta property=\"og:description\" content=\"Vaga Acess\u00edvel, Cidade Legal\u00a0\u2013 a solu\u00e7\u00e3o da Parknet mapear\u00e1 e receber\u00e1 den\u00fancias sobre vagas reservadas a idosos e pessoas com defici\u00eancia Voc\u00ea sabia que em S\u00e3o Paulo existem mais de tr\u00eas mil vagas de estacionamento em vias p\u00fablicas reservadas para idosos e pessoas com defici\u00eancia? Agora pense na dificuldade em encontr\u00e1-las nesta cidade de\u00a01.523 km\u00b2?\u00a0Para [&hellip;]\" \/>\n<meta property=\"og:url\" content=\"https:\/\/inclusivenews.com.br\/?p=29668\" \/>\n<meta property=\"article:publisher\" content=\"https:\/\/www.facebook.com\/agenciainclusive\/\" \/>\n<meta property=\"article:published_time\" content=\"2016-08-31T20:50:19+00:00\" \/>\n<meta name=\"author\" content=\"inclusivenews2024\" \/>\n<meta name=\"twitter:card\" content=\"summary_large_image\" \/>\n<meta name=\"twitter:label1\" content=\"Escrito por\" \/>\n\t<meta name=\"twitter:data1\" content=\"inclusivenews2024\" \/>\n\t<meta name=\"twitter:label2\" content=\"Tempo estimado de leitura\" \/>\n\t<meta name=\"twitter:data2\" content=\"3 minutos\" \/>\n<script type=\"application\/ld+json\" class=\"yoast-schema-graph\">{\"@context\":\"https:\\\/\\\/schema.org\",\"@graph\":[{\"@type\":\"Article\",\"@id\":\"https:\\\/\\\/inclusivenews.com.br\\\/?p=29668#article\",\"isPartOf\":{\"@id\":\"https:\\\/\\\/inclusivenews.com.br\\\/?p=29668\"},\"author\":{\"name\":\"inclusivenews2024\",\"@id\":\"https:\\\/\\\/inclusivenews.com.br\\\/#\\\/schema\\\/person\\\/ae4ec7087559b8692fb33b6fffd2273b\"},\"headline\":\"Aplicativo ajuda a encontrar vagas de estacionamento em SP\",\"datePublished\":\"2016-08-31T20:50:19+00:00\",\"mainEntityOfPage\":{\"@id\":\"https:\\\/\\\/inclusivenews.com.br\\\/?p=29668\"},\"wordCount\":521,\"commentCount\":0,\"publisher\":{\"@id\":\"https:\\\/\\\/inclusivenews.com.br\\\/#organization\"},\"articleSection\":[\"ACESSIBILIDADE\",\"Defici\u00eancia\",\"INCLUS\u00c3O SOCIAL\"],\"inLanguage\":\"pt-PT\",\"potentialAction\":[{\"@type\":\"CommentAction\",\"name\":\"Comment\",\"target\":[\"https:\\\/\\\/inclusivenews.com.br\\\/?p=29668#respond\"]}]},{\"@type\":\"WebPage\",\"@id\":\"https:\\\/\\\/inclusivenews.com.br\\\/?p=29668\",\"url\":\"https:\\\/\\\/inclusivenews.com.br\\\/?p=29668\",\"name\":\"Aplicativo ajuda a encontrar vagas de estacionamento em SP -\",\"isPartOf\":{\"@id\":\"https:\\\/\\\/inclusivenews.com.br\\\/#website\"},\"datePublished\":\"2016-08-31T20:50:19+00:00\",\"breadcrumb\":{\"@id\":\"https:\\\/\\\/inclusivenews.com.br\\\/?p=29668#breadcrumb\"},\"inLanguage\":\"pt-PT\",\"potentialAction\":[{\"@type\":\"ReadAction\",\"target\":[\"https:\\\/\\\/inclusivenews.com.br\\\/?p=29668\"]}]},{\"@type\":\"BreadcrumbList\",\"@id\":\"https:\\\/\\\/inclusivenews.com.br\\\/?p=29668#breadcrumb\",\"itemListElement\":[{\"@type\":\"ListItem\",\"position\":1,\"name\":\"In\u00edcio\",\"item\":\"https:\\\/\\\/inclusivenews.com.br\\\/\"},{\"@type\":\"ListItem\",\"position\":2,\"name\":\"Aplicativo ajuda a encontrar vagas de estacionamento em SP\"}]},{\"@type\":\"WebSite\",\"@id\":\"https:\\\/\\\/inclusivenews.com.br\\\/#website\",\"url\":\"https:\\\/\\\/inclusivenews.com.br\\\/\",\"name\":\"Inclusive News\",\"description\":\"Inclusive News\",\"publisher\":{\"@id\":\"https:\\\/\\\/inclusivenews.com.br\\\/#organization\"},\"potentialAction\":[{\"@type\":\"SearchAction\",\"target\":{\"@type\":\"EntryPoint\",\"urlTemplate\":\"https:\\\/\\\/inclusivenews.com.br\\\/?s={search_term_string}\"},\"query-input\":{\"@type\":\"PropertyValueSpecification\",\"valueRequired\":true,\"valueName\":\"search_term_string\"}}],\"inLanguage\":\"pt-PT\"},{\"@type\":\"Organization\",\"@id\":\"https:\\\/\\\/inclusivenews.com.br\\\/#organization\",\"name\":\"Inclusive - inclus\u00e3o e cidadania\",\"url\":\"https:\\\/\\\/inclusivenews.com.br\\\/\",\"logo\":{\"@type\":\"ImageObject\",\"inLanguage\":\"pt-PT\",\"@id\":\"https:\\\/\\\/inclusivenews.com.br\\\/#\\\/schema\\\/logo\\\/image\\\/\",\"url\":\"https:\\\/\\\/inclusivenews.com.br\\\/wp-content\\\/uploads\\\/2024\\\/03\\\/@grandesite.png\",\"contentUrl\":\"https:\\\/\\\/inclusivenews.com.br\\\/wp-content\\\/uploads\\\/2024\\\/03\\\/@grandesite.png\",\"width\":1080,\"height\":1080,\"caption\":\"Inclusive - inclus\u00e3o e cidadania\"},\"image\":{\"@id\":\"https:\\\/\\\/inclusivenews.com.br\\\/#\\\/schema\\\/logo\\\/image\\\/\"},\"sameAs\":[\"https:\\\/\\\/www.facebook.com\\\/agenciainclusive\\\/\",\"https:\\\/\\\/www.instagram.com\\\/newsinclusive\\\/\"]},{\"@type\":\"Person\",\"@id\":\"https:\\\/\\\/inclusivenews.com.br\\\/#\\\/schema\\\/person\\\/ae4ec7087559b8692fb33b6fffd2273b\",\"name\":\"inclusivenews2024\",\"image\":{\"@type\":\"ImageObject\",\"inLanguage\":\"pt-PT\",\"@id\":\"https:\\\/\\\/secure.gravatar.com\\\/avatar\\\/c5a7ef84c66fa914f55bc4f7ce26cfa275a3b9a1c5568b907bd184fb4dde7b40?s=96&d=mm&r=g\",\"url\":\"https:\\\/\\\/secure.gravatar.com\\\/avatar\\\/c5a7ef84c66fa914f55bc4f7ce26cfa275a3b9a1c5568b907bd184fb4dde7b40?s=96&d=mm&r=g\",\"contentUrl\":\"https:\\\/\\\/secure.gravatar.com\\\/avatar\\\/c5a7ef84c66fa914f55bc4f7ce26cfa275a3b9a1c5568b907bd184fb4dde7b40?s=96&d=mm&r=g\",\"caption\":\"inclusivenews2024\"},\"sameAs\":[\"https:\\\/\\\/inclusivenews.com.br\"],\"url\":\"https:\\\/\\\/inclusivenews.com.br\\\/?author=1\"}]}<\/script>\n<!-- \/ Yoast SEO plugin. -->","yoast_head_json":{"title":"Aplicativo ajuda a encontrar vagas de estacionamento em SP -","robots":{"index":"index","follow":"follow","max-snippet":"max-snippet:-1","max-image-preview":"max-image-preview:large","max-video-preview":"max-video-preview:-1"},"canonical":"https:\/\/inclusivenews.com.br\/?p=29668","og_locale":"pt_PT","og_type":"article","og_title":"Aplicativo ajuda a encontrar vagas de estacionamento em SP -","og_description":"Vaga Acess\u00edvel, Cidade Legal\u00a0\u2013 a solu\u00e7\u00e3o da Parknet mapear\u00e1 e receber\u00e1 den\u00fancias sobre vagas reservadas a idosos e pessoas com defici\u00eancia Voc\u00ea sabia que em S\u00e3o Paulo existem mais de tr\u00eas mil vagas de estacionamento em vias p\u00fablicas reservadas para idosos e pessoas com defici\u00eancia? Agora pense na dificuldade em encontr\u00e1-las nesta cidade de\u00a01.523 km\u00b2?\u00a0Para [&hellip;]","og_url":"https:\/\/inclusivenews.com.br\/?p=29668","article_publisher":"https:\/\/www.facebook.com\/agenciainclusive\/","article_published_time":"2016-08-31T20:50:19+00:00","author":"inclusivenews2024","twitter_card":"summary_large_image","twitter_misc":{"Escrito por":"inclusivenews2024","Tempo estimado de leitura":"3 minutos"},"schema":{"@context":"https:\/\/schema.org","@graph":[{"@type":"Article","@id":"https:\/\/inclusivenews.com.br\/?p=29668#article","isPartOf":{"@id":"https:\/\/inclusivenews.com.br\/?p=29668"},"author":{"name":"inclusivenews2024","@id":"https:\/\/inclusivenews.com.br\/#\/schema\/person\/ae4ec7087559b8692fb33b6fffd2273b"},"headline":"Aplicativo ajuda a encontrar vagas de estacionamento em SP","datePublished":"2016-08-31T20:50:19+00:00","mainEntityOfPage":{"@id":"https:\/\/inclusivenews.com.br\/?p=29668"},"wordCount":521,"commentCount":0,"publisher":{"@id":"https:\/\/inclusivenews.com.br\/#organization"},"articleSection":["ACESSIBILIDADE","Defici\u00eancia","INCLUS\u00c3O SOCIAL"],"inLanguage":"pt-PT","potentialAction":[{"@type":"CommentAction","name":"Comment","target":["https:\/\/inclusivenews.com.br\/?p=29668#respond"]}]},{"@type":"WebPage","@id":"https:\/\/inclusivenews.com.br\/?p=29668","url":"https:\/\/inclusivenews.com.br\/?p=29668","name":"Aplicativo ajuda a encontrar vagas de estacionamento em SP -","isPartOf":{"@id":"https:\/\/inclusivenews.com.br\/#website"},"datePublished":"2016-08-31T20:50:19+00:00","breadcrumb":{"@id":"https:\/\/inclusivenews.com.br\/?p=29668#breadcrumb"},"inLanguage":"pt-PT","potentialAction":[{"@type":"ReadAction","target":["https:\/\/inclusivenews.com.br\/?p=29668"]}]},{"@type":"BreadcrumbList","@id":"https:\/\/inclusivenews.com.br\/?p=29668#breadcrumb","itemListElement":[{"@type":"ListItem","position":1,"name":"In\u00edcio","item":"https:\/\/inclusivenews.com.br\/"},{"@type":"ListItem","position":2,"name":"Aplicativo ajuda a encontrar vagas de estacionamento em SP"}]},{"@type":"WebSite","@id":"https:\/\/inclusivenews.com.br\/#website","url":"https:\/\/inclusivenews.com.br\/","name":"Inclusive News","description":"Inclusive News","publisher":{"@id":"https:\/\/inclusivenews.com.br\/#organization"},"potentialAction":[{"@type":"SearchAction","target":{"@type":"EntryPoint","urlTemplate":"https:\/\/inclusivenews.com.br\/?s={search_term_string}"},"query-input":{"@type":"PropertyValueSpecification","valueRequired":true,"valueName":"search_term_string"}}],"inLanguage":"pt-PT"},{"@type":"Organization","@id":"https:\/\/inclusivenews.com.br\/#organization","name":"Inclusive - inclus\u00e3o e cidadania","url":"https:\/\/inclusivenews.com.br\/","logo":{"@type":"ImageObject","inLanguage":"pt-PT","@id":"https:\/\/inclusivenews.com.br\/#\/schema\/logo\/image\/","url":"https:\/\/inclusivenews.com.br\/wp-content\/uploads\/2024\/03\/@grandesite.png","contentUrl":"https:\/\/inclusivenews.com.br\/wp-content\/uploads\/2024\/03\/@grandesite.png","width":1080,"height":1080,"caption":"Inclusive - inclus\u00e3o e cidadania"},"image":{"@id":"https:\/\/inclusivenews.com.br\/#\/schema\/logo\/image\/"},"sameAs":["https:\/\/www.facebook.com\/agenciainclusive\/","https:\/\/www.instagram.com\/newsinclusive\/"]},{"@type":"Person","@id":"https:\/\/inclusivenews.com.br\/#\/schema\/person\/ae4ec7087559b8692fb33b6fffd2273b","name":"inclusivenews2024","image":{"@type":"ImageObject","inLanguage":"pt-PT","@id":"https:\/\/secure.gravatar.com\/avatar\/c5a7ef84c66fa914f55bc4f7ce26cfa275a3b9a1c5568b907bd184fb4dde7b40?s=96&d=mm&r=g","url":"https:\/\/secure.gravatar.com\/avatar\/c5a7ef84c66fa914f55bc4f7ce26cfa275a3b9a1c5568b907bd184fb4dde7b40?s=96&d=mm&r=g","contentUrl":"https:\/\/secure.gravatar.com\/avatar\/c5a7ef84c66fa914f55bc4f7ce26cfa275a3b9a1c5568b907bd184fb4dde7b40?s=96&d=mm&r=g","caption":"inclusivenews2024"},"sameAs":["https:\/\/inclusivenews.com.br"],"url":"https:\/\/inclusivenews.com.br\/?author=1"}]}},"_links":{"self":[{"href":"https:\/\/inclusivenews.com.br\/index.php?rest_route=\/wp\/v2\/posts\/29668","targetHints":{"allow":["GET"]}}],"collection":[{"href":"https:\/\/inclusivenews.com.br\/index.php?rest_route=\/wp\/v2\/posts"}],"about":[{"href":"https:\/\/inclusivenews.com.br\/index.php?rest_route=\/wp\/v2\/types\/post"}],"author":[{"embeddable":true,"href":"https:\/\/inclusivenews.com.br\/index.php?rest_route=\/wp\/v2\/users\/1"}],"replies":[{"embeddable":true,"href":"https:\/\/inclusivenews.com.br\/index.php?rest_route=%2Fwp%2Fv2%2Fcomments&post=29668"}],"version-history":[{"count":0,"href":"https:\/\/inclusivenews.com.br\/index.php?rest_route=\/wp\/v2\/posts\/29668\/revisions"}],"wp:attachment":[{"href":"https:\/\/inclusivenews.com.br\/index.php?rest_route=%2Fwp%2Fv2%2Fmedia&parent=29668"}],"wp:term":[{"taxonomy":"category","embeddable":true,"href":"https:\/\/inclusivenews.com.br\/index.php?rest_route=%2Fwp%2Fv2%2Fcategories&post=29668"},{"taxonomy":"post_tag","embeddable":true,"href":"https:\/\/inclusivenews.com.br\/index.php?rest_route=%2Fwp%2Fv2%2Ftags&post=29668"}],"curies":[{"name":"wp","href":"https:\/\/api.w.org\/{rel}","templated":true}]}}