{"id":29675,"date":"2016-09-03T08:17:27","date_gmt":"2016-09-03T11:17:27","guid":{"rendered":"http:\/\/www.inclusive.org.br\/?p=29675"},"modified":"2016-09-03T08:17:27","modified_gmt":"2016-09-03T11:17:27","slug":"ii-congresso-online-internacional-de-deficiencia-visual","status":"publish","type":"post","link":"https:\/\/inclusivenews.com.br\/?p=29675","title":{"rendered":"II Congresso Online Internacional de Defici\u00eancia Visual"},"content":{"rendered":"<p><span style=\"font-family: Helvetica,Arial,sans-serif; font-size: medium;\"><em>Inscreva-se para participar do II Congresso Online Internacional de Defici\u00eancia Visual. O evento\u00a0 ser\u00e1 realizado entre os dias 12 e 18 de Dezembro de 2016 via internet com tradu\u00e7\u00e3o para os idiomas portugu\u00eas, ingl\u00eas e espanhol.<\/em><\/span><\/p>\n<p><img loading=\"lazy\" decoding=\"async\" class=\"alignnone wp-image-13303 size-full\" title=\"Dedo lendo braile\" src=\"http:\/\/inclusivenews.com.br\/wp-content\/uploads\/2010\/01\/braille.jpg\" alt=\"Dedo lendo braile.\" width=\"300\" height=\"199\" \/><\/p>\n<p><span style=\"font-family: Helvetica,Arial,sans-serif; font-size: medium;\">Se voc\u00ea desenvolve um trabalho, produto, servi\u00e7o ou pesquisa na \u00e1rea da defici\u00eancia visual, e gostaria de compartilhar isto com o restante do mundo, envie sua palestra em v\u00eddeo acompanhado do artigo escrito, e esteja entre os maiores nomes da inclus\u00e3o e reabilita\u00e7\u00e3o de pessoas com defici\u00eancia visual em \u00e2mbito internacional.<\/p>\n<p>A primeira edi\u00e7\u00e3o do evento contou com a participa\u00e7\u00e3o de 800 pessoas, oriundas de 49 pa\u00edses, e nesta segunda edi\u00e7\u00e3o, estes n\u00fameros ser\u00e3o ainda mais expressivos.<\/p>\n<p>Os palestrantes ter\u00e3o seus projetos, produtos, empresas e servi\u00e7os divulgados como apoiadores durante toda a fase de prepara\u00e7\u00e3o e realiza\u00e7\u00e3o do evento, ganhando visibilidade e proje\u00e7\u00e3o internacional, e estabelecendo e ampliando sua rede de contato com pessoas de outras partes do Brasil e do mundo que estejam buscando ou desenvolvendo projetos inovadores na \u00e1rea da defici\u00eancia visual.<\/p>\n<p>Aproveite o final de semana para preparar e enviar sua palestra, pois o per\u00edodo de submiss\u00e3o de propostas termina no dia 31 de Agosto. Para maiores informa\u00e7\u00f5es sobre as inscri\u00e7\u00f5es gratuitas no congresso e sobre as normas para submiss\u00e3o de propostas, acesse o site do evento atrav\u00e9s do link <a href=\"http:\/\/WWW.deficienciavisual.com.br\" target=\"_blank\" data-saferedirecturl=\"https:\/\/www.google.com\/url?hl=pt-BR&amp;q=http:\/\/WWW.deficienciavisual.com.br&amp;source=gmail&amp;ust=1472987110479000&amp;usg=AFQjCNHWKRJAdJAI5xXGc79eDAa-W804qA\" rel=\"noopener\">www.deficienciavisual.com.br<\/a><\/p>\n<p>Instru\u00e7\u00f5es sobre como efetuar sua inscri\u00e7\u00e3o gratuitamente:<\/p>\n<p>Ap\u00f3s criar sua conta de acesso no Ambiente Virtual de Aprendizagem, aguarde um prazo de 24 horas para que sua conta seja liberada. Depois, acesse novamente o ambiente virtual de aprendizagem, escolha a op\u00e7\u00e3o cursos em portugu\u00eas, depois entre no link do congresso, e por fim, clique no link auto-inscri\u00e7\u00e3o.<\/p>\n<p>Para saber se a sua inscri\u00e7\u00e3o foi confirmada, consulte a lista de participantes que \u00e9 atualizada automaticamente. Caso seu nome n\u00e3o tenha sido adicionado, possivelmente voc\u00ea clicou em auto-inscri\u00e7\u00e3o antes de entrar na p\u00e1gina do congresso, e precisar\u00e1 entrar novamente no link do congresso, para s\u00f3 depois clicar em auto-inscri\u00e7\u00e3o.<\/p>\n<p>Por fim, sugerimos que voc\u00ea compartilhe esta mensagem com seus colegas de trabalho e familiares de pessoas com defici\u00eancia visual, para que todos possam aproveitar esta oportunidade gratuita de participar de um congresso internacional via internet, sem ter que gastar com viagens nem pedir libera\u00e7\u00e3o do trabalho.<\/p>\n<p>Para maiores informa\u00e7\u00f5es, escreva um e-mail para <a href=\"mailto:contato.deficienciavisual@gmail.com\" target=\"_blank\" rel=\"noopener\">contato.deficienciavisual@<wbr \/>gmail.com<\/a><br \/>\nAtenciosamente,<br \/>\nProf. Wagner Maia<br \/>\nPedagogo respons\u00e1vel pela coordena\u00e7\u00e3o geral do congresso<\/span><\/p>\n","protected":false},"excerpt":{"rendered":"<p>Inscreva-se para participar do II Congresso Online Internacional de Defici\u00eancia Visual. O evento  ser\u00e1 realizado entre os dias 12 e 18 de Dezembro de 2016 via internet com tradu\u00e7\u00e3o para os idiomas portugu\u00eas, ingl\u00eas e espanhol.<\/p>\n","protected":false},"author":1,"featured_media":0,"comment_status":"open","ping_status":"open","sticky":false,"template":"","format":"standard","meta":{"site-container-style":"default","site-container-layout":"default","site-sidebar-layout":"default","disable-article-header":"default","disable-site-header":"default","disable-site-footer":"default","disable-content-area-spacing":"default","footnotes":""},"categories":[12,4],"tags":[212],"class_list":["post-29675","post","type-post","status-publish","format-standard","hentry","category-cursos-e-eventos","category-noticias","tag-deficiencia-visual"],"yoast_head":"<!-- This site is optimized with the Yoast SEO plugin v27.4 - https:\/\/yoast.com\/product\/yoast-seo-wordpress\/ -->\n<title>II Congresso Online Internacional de Defici\u00eancia Visual -<\/title>\n<meta name=\"robots\" content=\"index, follow, max-snippet:-1, max-image-preview:large, max-video-preview:-1\" \/>\n<link rel=\"canonical\" href=\"https:\/\/inclusivenews.com.br\/?p=29675\" \/>\n<meta property=\"og:locale\" content=\"pt_PT\" \/>\n<meta property=\"og:type\" content=\"article\" \/>\n<meta property=\"og:title\" content=\"II Congresso Online Internacional de Defici\u00eancia Visual -\" \/>\n<meta property=\"og:description\" content=\"Inscreva-se para participar do II Congresso Online Internacional de Defici\u00eancia Visual. O evento ser\u00e1 realizado entre os dias 12 e 18 de Dezembro de 2016 via internet com tradu\u00e7\u00e3o para os idiomas portugu\u00eas, ingl\u00eas e espanhol.\" \/>\n<meta property=\"og:url\" content=\"https:\/\/inclusivenews.com.br\/?p=29675\" \/>\n<meta property=\"article:publisher\" content=\"https:\/\/www.facebook.com\/agenciainclusive\/\" \/>\n<meta property=\"article:published_time\" content=\"2016-09-03T11:17:27+00:00\" \/>\n<meta property=\"og:image\" content=\"http:\/\/inclusivenews.com.br\/wp-content\/uploads\/2010\/01\/braille.jpg\" \/>\n<meta name=\"author\" content=\"inclusivenews2024\" \/>\n<meta name=\"twitter:card\" content=\"summary_large_image\" \/>\n<meta name=\"twitter:label1\" content=\"Escrito por\" \/>\n\t<meta name=\"twitter:data1\" content=\"inclusivenews2024\" \/>\n\t<meta name=\"twitter:label2\" content=\"Tempo estimado de leitura\" \/>\n\t<meta name=\"twitter:data2\" content=\"2 minutos\" \/>\n<script type=\"application\/ld+json\" class=\"yoast-schema-graph\">{\"@context\":\"https:\\\/\\\/schema.org\",\"@graph\":[{\"@type\":\"Article\",\"@id\":\"https:\\\/\\\/inclusivenews.com.br\\\/?p=29675#article\",\"isPartOf\":{\"@id\":\"https:\\\/\\\/inclusivenews.com.br\\\/?p=29675\"},\"author\":{\"name\":\"inclusivenews2024\",\"@id\":\"https:\\\/\\\/inclusivenews.com.br\\\/#\\\/schema\\\/person\\\/ae4ec7087559b8692fb33b6fffd2273b\"},\"headline\":\"II Congresso Online Internacional de Defici\u00eancia Visual\",\"datePublished\":\"2016-09-03T11:17:27+00:00\",\"mainEntityOfPage\":{\"@id\":\"https:\\\/\\\/inclusivenews.com.br\\\/?p=29675\"},\"wordCount\":443,\"commentCount\":2,\"publisher\":{\"@id\":\"https:\\\/\\\/inclusivenews.com.br\\\/#organization\"},\"image\":{\"@id\":\"https:\\\/\\\/inclusivenews.com.br\\\/?p=29675#primaryimage\"},\"thumbnailUrl\":\"http:\\\/\\\/inclusivenews.com.br\\\/wp-content\\\/uploads\\\/2010\\\/01\\\/braille.jpg\",\"keywords\":[\"defici\u00eancia visual\"],\"articleSection\":[\"Cursos e eventos\",\"NOT\u00cdCIAS\"],\"inLanguage\":\"pt-PT\",\"potentialAction\":[{\"@type\":\"CommentAction\",\"name\":\"Comment\",\"target\":[\"https:\\\/\\\/inclusivenews.com.br\\\/?p=29675#respond\"]}]},{\"@type\":\"WebPage\",\"@id\":\"https:\\\/\\\/inclusivenews.com.br\\\/?p=29675\",\"url\":\"https:\\\/\\\/inclusivenews.com.br\\\/?p=29675\",\"name\":\"II Congresso Online Internacional de Defici\u00eancia Visual -\",\"isPartOf\":{\"@id\":\"https:\\\/\\\/inclusivenews.com.br\\\/#website\"},\"primaryImageOfPage\":{\"@id\":\"https:\\\/\\\/inclusivenews.com.br\\\/?p=29675#primaryimage\"},\"image\":{\"@id\":\"https:\\\/\\\/inclusivenews.com.br\\\/?p=29675#primaryimage\"},\"thumbnailUrl\":\"http:\\\/\\\/inclusivenews.com.br\\\/wp-content\\\/uploads\\\/2010\\\/01\\\/braille.jpg\",\"datePublished\":\"2016-09-03T11:17:27+00:00\",\"breadcrumb\":{\"@id\":\"https:\\\/\\\/inclusivenews.com.br\\\/?p=29675#breadcrumb\"},\"inLanguage\":\"pt-PT\",\"potentialAction\":[{\"@type\":\"ReadAction\",\"target\":[\"https:\\\/\\\/inclusivenews.com.br\\\/?p=29675\"]}]},{\"@type\":\"ImageObject\",\"inLanguage\":\"pt-PT\",\"@id\":\"https:\\\/\\\/inclusivenews.com.br\\\/?p=29675#primaryimage\",\"url\":\"\",\"contentUrl\":\"\"},{\"@type\":\"BreadcrumbList\",\"@id\":\"https:\\\/\\\/inclusivenews.com.br\\\/?p=29675#breadcrumb\",\"itemListElement\":[{\"@type\":\"ListItem\",\"position\":1,\"name\":\"In\u00edcio\",\"item\":\"https:\\\/\\\/inclusivenews.com.br\\\/\"},{\"@type\":\"ListItem\",\"position\":2,\"name\":\"II Congresso Online Internacional de Defici\u00eancia Visual\"}]},{\"@type\":\"WebSite\",\"@id\":\"https:\\\/\\\/inclusivenews.com.br\\\/#website\",\"url\":\"https:\\\/\\\/inclusivenews.com.br\\\/\",\"name\":\"Inclusive News\",\"description\":\"Inclusive News\",\"publisher\":{\"@id\":\"https:\\\/\\\/inclusivenews.com.br\\\/#organization\"},\"potentialAction\":[{\"@type\":\"SearchAction\",\"target\":{\"@type\":\"EntryPoint\",\"urlTemplate\":\"https:\\\/\\\/inclusivenews.com.br\\\/?s={search_term_string}\"},\"query-input\":{\"@type\":\"PropertyValueSpecification\",\"valueRequired\":true,\"valueName\":\"search_term_string\"}}],\"inLanguage\":\"pt-PT\"},{\"@type\":\"Organization\",\"@id\":\"https:\\\/\\\/inclusivenews.com.br\\\/#organization\",\"name\":\"Inclusive - inclus\u00e3o e cidadania\",\"url\":\"https:\\\/\\\/inclusivenews.com.br\\\/\",\"logo\":{\"@type\":\"ImageObject\",\"inLanguage\":\"pt-PT\",\"@id\":\"https:\\\/\\\/inclusivenews.com.br\\\/#\\\/schema\\\/logo\\\/image\\\/\",\"url\":\"https:\\\/\\\/inclusivenews.com.br\\\/wp-content\\\/uploads\\\/2024\\\/03\\\/@grandesite.png\",\"contentUrl\":\"https:\\\/\\\/inclusivenews.com.br\\\/wp-content\\\/uploads\\\/2024\\\/03\\\/@grandesite.png\",\"width\":1080,\"height\":1080,\"caption\":\"Inclusive - inclus\u00e3o e cidadania\"},\"image\":{\"@id\":\"https:\\\/\\\/inclusivenews.com.br\\\/#\\\/schema\\\/logo\\\/image\\\/\"},\"sameAs\":[\"https:\\\/\\\/www.facebook.com\\\/agenciainclusive\\\/\",\"https:\\\/\\\/www.instagram.com\\\/newsinclusive\\\/\"]},{\"@type\":\"Person\",\"@id\":\"https:\\\/\\\/inclusivenews.com.br\\\/#\\\/schema\\\/person\\\/ae4ec7087559b8692fb33b6fffd2273b\",\"name\":\"inclusivenews2024\",\"image\":{\"@type\":\"ImageObject\",\"inLanguage\":\"pt-PT\",\"@id\":\"https:\\\/\\\/secure.gravatar.com\\\/avatar\\\/c5a7ef84c66fa914f55bc4f7ce26cfa275a3b9a1c5568b907bd184fb4dde7b40?s=96&d=mm&r=g\",\"url\":\"https:\\\/\\\/secure.gravatar.com\\\/avatar\\\/c5a7ef84c66fa914f55bc4f7ce26cfa275a3b9a1c5568b907bd184fb4dde7b40?s=96&d=mm&r=g\",\"contentUrl\":\"https:\\\/\\\/secure.gravatar.com\\\/avatar\\\/c5a7ef84c66fa914f55bc4f7ce26cfa275a3b9a1c5568b907bd184fb4dde7b40?s=96&d=mm&r=g\",\"caption\":\"inclusivenews2024\"},\"sameAs\":[\"https:\\\/\\\/inclusivenews.com.br\"],\"url\":\"https:\\\/\\\/inclusivenews.com.br\\\/?author=1\"}]}<\/script>\n<!-- \/ Yoast SEO plugin. -->","yoast_head_json":{"title":"II Congresso Online Internacional de Defici\u00eancia Visual -","robots":{"index":"index","follow":"follow","max-snippet":"max-snippet:-1","max-image-preview":"max-image-preview:large","max-video-preview":"max-video-preview:-1"},"canonical":"https:\/\/inclusivenews.com.br\/?p=29675","og_locale":"pt_PT","og_type":"article","og_title":"II Congresso Online Internacional de Defici\u00eancia Visual -","og_description":"Inscreva-se para participar do II Congresso Online Internacional de Defici\u00eancia Visual. O evento ser\u00e1 realizado entre os dias 12 e 18 de Dezembro de 2016 via internet com tradu\u00e7\u00e3o para os idiomas portugu\u00eas, ingl\u00eas e espanhol.","og_url":"https:\/\/inclusivenews.com.br\/?p=29675","article_publisher":"https:\/\/www.facebook.com\/agenciainclusive\/","article_published_time":"2016-09-03T11:17:27+00:00","og_image":[{"url":"http:\/\/inclusivenews.com.br\/wp-content\/uploads\/2010\/01\/braille.jpg","type":"","width":"","height":""}],"author":"inclusivenews2024","twitter_card":"summary_large_image","twitter_misc":{"Escrito por":"inclusivenews2024","Tempo estimado de leitura":"2 minutos"},"schema":{"@context":"https:\/\/schema.org","@graph":[{"@type":"Article","@id":"https:\/\/inclusivenews.com.br\/?p=29675#article","isPartOf":{"@id":"https:\/\/inclusivenews.com.br\/?p=29675"},"author":{"name":"inclusivenews2024","@id":"https:\/\/inclusivenews.com.br\/#\/schema\/person\/ae4ec7087559b8692fb33b6fffd2273b"},"headline":"II Congresso Online Internacional de Defici\u00eancia Visual","datePublished":"2016-09-03T11:17:27+00:00","mainEntityOfPage":{"@id":"https:\/\/inclusivenews.com.br\/?p=29675"},"wordCount":443,"commentCount":2,"publisher":{"@id":"https:\/\/inclusivenews.com.br\/#organization"},"image":{"@id":"https:\/\/inclusivenews.com.br\/?p=29675#primaryimage"},"thumbnailUrl":"http:\/\/inclusivenews.com.br\/wp-content\/uploads\/2010\/01\/braille.jpg","keywords":["defici\u00eancia visual"],"articleSection":["Cursos e eventos","NOT\u00cdCIAS"],"inLanguage":"pt-PT","potentialAction":[{"@type":"CommentAction","name":"Comment","target":["https:\/\/inclusivenews.com.br\/?p=29675#respond"]}]},{"@type":"WebPage","@id":"https:\/\/inclusivenews.com.br\/?p=29675","url":"https:\/\/inclusivenews.com.br\/?p=29675","name":"II Congresso Online Internacional de Defici\u00eancia Visual -","isPartOf":{"@id":"https:\/\/inclusivenews.com.br\/#website"},"primaryImageOfPage":{"@id":"https:\/\/inclusivenews.com.br\/?p=29675#primaryimage"},"image":{"@id":"https:\/\/inclusivenews.com.br\/?p=29675#primaryimage"},"thumbnailUrl":"http:\/\/inclusivenews.com.br\/wp-content\/uploads\/2010\/01\/braille.jpg","datePublished":"2016-09-03T11:17:27+00:00","breadcrumb":{"@id":"https:\/\/inclusivenews.com.br\/?p=29675#breadcrumb"},"inLanguage":"pt-PT","potentialAction":[{"@type":"ReadAction","target":["https:\/\/inclusivenews.com.br\/?p=29675"]}]},{"@type":"ImageObject","inLanguage":"pt-PT","@id":"https:\/\/inclusivenews.com.br\/?p=29675#primaryimage","url":"","contentUrl":""},{"@type":"BreadcrumbList","@id":"https:\/\/inclusivenews.com.br\/?p=29675#breadcrumb","itemListElement":[{"@type":"ListItem","position":1,"name":"In\u00edcio","item":"https:\/\/inclusivenews.com.br\/"},{"@type":"ListItem","position":2,"name":"II Congresso Online Internacional de Defici\u00eancia Visual"}]},{"@type":"WebSite","@id":"https:\/\/inclusivenews.com.br\/#website","url":"https:\/\/inclusivenews.com.br\/","name":"Inclusive News","description":"Inclusive News","publisher":{"@id":"https:\/\/inclusivenews.com.br\/#organization"},"potentialAction":[{"@type":"SearchAction","target":{"@type":"EntryPoint","urlTemplate":"https:\/\/inclusivenews.com.br\/?s={search_term_string}"},"query-input":{"@type":"PropertyValueSpecification","valueRequired":true,"valueName":"search_term_string"}}],"inLanguage":"pt-PT"},{"@type":"Organization","@id":"https:\/\/inclusivenews.com.br\/#organization","name":"Inclusive - inclus\u00e3o e cidadania","url":"https:\/\/inclusivenews.com.br\/","logo":{"@type":"ImageObject","inLanguage":"pt-PT","@id":"https:\/\/inclusivenews.com.br\/#\/schema\/logo\/image\/","url":"https:\/\/inclusivenews.com.br\/wp-content\/uploads\/2024\/03\/@grandesite.png","contentUrl":"https:\/\/inclusivenews.com.br\/wp-content\/uploads\/2024\/03\/@grandesite.png","width":1080,"height":1080,"caption":"Inclusive - inclus\u00e3o e cidadania"},"image":{"@id":"https:\/\/inclusivenews.com.br\/#\/schema\/logo\/image\/"},"sameAs":["https:\/\/www.facebook.com\/agenciainclusive\/","https:\/\/www.instagram.com\/newsinclusive\/"]},{"@type":"Person","@id":"https:\/\/inclusivenews.com.br\/#\/schema\/person\/ae4ec7087559b8692fb33b6fffd2273b","name":"inclusivenews2024","image":{"@type":"ImageObject","inLanguage":"pt-PT","@id":"https:\/\/secure.gravatar.com\/avatar\/c5a7ef84c66fa914f55bc4f7ce26cfa275a3b9a1c5568b907bd184fb4dde7b40?s=96&d=mm&r=g","url":"https:\/\/secure.gravatar.com\/avatar\/c5a7ef84c66fa914f55bc4f7ce26cfa275a3b9a1c5568b907bd184fb4dde7b40?s=96&d=mm&r=g","contentUrl":"https:\/\/secure.gravatar.com\/avatar\/c5a7ef84c66fa914f55bc4f7ce26cfa275a3b9a1c5568b907bd184fb4dde7b40?s=96&d=mm&r=g","caption":"inclusivenews2024"},"sameAs":["https:\/\/inclusivenews.com.br"],"url":"https:\/\/inclusivenews.com.br\/?author=1"}]}},"_links":{"self":[{"href":"https:\/\/inclusivenews.com.br\/index.php?rest_route=\/wp\/v2\/posts\/29675","targetHints":{"allow":["GET"]}}],"collection":[{"href":"https:\/\/inclusivenews.com.br\/index.php?rest_route=\/wp\/v2\/posts"}],"about":[{"href":"https:\/\/inclusivenews.com.br\/index.php?rest_route=\/wp\/v2\/types\/post"}],"author":[{"embeddable":true,"href":"https:\/\/inclusivenews.com.br\/index.php?rest_route=\/wp\/v2\/users\/1"}],"replies":[{"embeddable":true,"href":"https:\/\/inclusivenews.com.br\/index.php?rest_route=%2Fwp%2Fv2%2Fcomments&post=29675"}],"version-history":[{"count":0,"href":"https:\/\/inclusivenews.com.br\/index.php?rest_route=\/wp\/v2\/posts\/29675\/revisions"}],"wp:attachment":[{"href":"https:\/\/inclusivenews.com.br\/index.php?rest_route=%2Fwp%2Fv2%2Fmedia&parent=29675"}],"wp:term":[{"taxonomy":"category","embeddable":true,"href":"https:\/\/inclusivenews.com.br\/index.php?rest_route=%2Fwp%2Fv2%2Fcategories&post=29675"},{"taxonomy":"post_tag","embeddable":true,"href":"https:\/\/inclusivenews.com.br\/index.php?rest_route=%2Fwp%2Fv2%2Ftags&post=29675"}],"curies":[{"name":"wp","href":"https:\/\/api.w.org\/{rel}","templated":true}]}}