{"id":29686,"date":"2016-09-06T10:36:15","date_gmt":"2016-09-06T13:36:15","guid":{"rendered":"http:\/\/www.inclusive.org.br\/?p=29686"},"modified":"2016-09-06T10:36:15","modified_gmt":"2016-09-06T13:36:15","slug":"o-esporte-adaptado-e-a-pessoa-com-deficiencia-fisica-uma-possibilidade-de-socializacao","status":"publish","type":"post","link":"https:\/\/inclusivenews.com.br\/?p=29686","title":{"rendered":"O esporte adaptado e a pessoa com defici\u00eancia f\u00edsica: uma possibilidade de socializa\u00e7\u00e3o"},"content":{"rendered":"<p><img loading=\"lazy\" decoding=\"async\" class=\"alignnone  wp-image-17604\" src=\"http:\/\/inclusivenews.com.br\/wp-content\/uploads\/2010\/10\/esporte_deficiencia.jpg\" alt=\"esporte_deficiencia\" width=\"285\" height=\"214\" \/><\/p>\n<p><em>Por<\/em>\u00a0<em>Rob\u00e9rio Honorato dos Santos<\/em><\/p>\n<p><strong>Introdu\u00e7\u00e3o<\/strong><\/p>\n<p>Esse artigo faz um recorte do trabalho final elaborado para a disciplina <em>Pol\u00edticas sociais e educa\u00e7\u00e3o especial: a constru\u00e7\u00e3o de pr\u00e1ticas intersetoriais<\/em> do curso de Pedagogia da Faculdade de Educa\u00e7\u00e3o da Universidade de S\u00e3o Paulo (FE\/USP), cursado como aluno ouvinte na modalidade de Curso de Extens\u00e3o durante o segundo semestre de 2015.<\/p>\n<p>Para tanto, dentre as pol\u00edticas sociais para an\u00e1lise, foi selecionada a pol\u00edtica de esportes para a pessoa com defici\u00eancia f\u00edsica, tendo como recorte a socializa\u00e7\u00e3o da pessoa com defici\u00eancia f\u00edsica atrav\u00e9s dos esportes adaptados. Foi levantada uma quest\u00e3o de fundo, suscitada atrav\u00e9s do filme <em>Meu pai, meu h\u00e9roi<\/em>, de Nils Tavernier (2013), posta dessa forma: qual \u00e9 a contribui\u00e7\u00e3o dos esportes adaptados para a socializa\u00e7\u00e3o da pessoa com defici\u00eancia f\u00edsica, tanto no contexto familiar quanto na sociedade?<\/p>\n<p>Desse modo, o presente artigo tem por objetivo analisar de que maneira o esporte adaptado pode promover a socializa\u00e7\u00e3o interpessoal e social, tomando como ponto de refer\u00eancia a pessoa com defici\u00eancia f\u00edsica no contexto social.<\/p>\n<p><strong>Entrecruzamento do filme com o tema.<\/strong><\/p>\n<p>Inspirado na vida real dos norte-americanos Dick Hoyte e seu filho Rick, interpretado pelos atores Jacques Gamblin, que d\u00e1 vida a personagem Paul Amblard (pai) e Fabien H\u00e9raud, que vive a personagem Julien (filho), o filme <em>Meu pai, meu h\u00e9roi<\/em>, dirigido por Nils Tavernier (2013), traz \u00e0 tona duas quest\u00f5es: primeiro, a dificuldade das fam\u00edlias e, no caso espec\u00edfico, do pai de Julien em aceitar seu filho com paralisia cerebral. Segundo, a expressa ang\u00fastia vivida por Julien, em fun\u00e7\u00e3o da rejei\u00e7\u00e3o de seu pai, num primeiro momento, o que, por vezes, se observa na sociedade. Rejei\u00e7\u00e3o agravada pela aus\u00eancia f\u00edsica do pai, assim como afetiva, pela n\u00e3o aceita\u00e7\u00e3o e conviv\u00eancia com o filho.<\/p>\n<p>Julien, ao tomar conhecimento de um artigo sobre a hist\u00f3ria de Dick e Rick, prop\u00f5e ao seu pai participarem do Ironman, uma competi\u00e7\u00e3o que re\u00fane as seguintes modalidades de esportes: 3.800 metros de nata\u00e7\u00e3o, 180 km de ciclismo, 42 km de caminhada e mais de 195 metros de corrida, o que se configura, certamente, como uma das competi\u00e7\u00f5es mais exigentes dentre as v\u00e1rias modalidades esportivas.<\/p>\n<p>Tendo aceitado o desafio do filho, Paul e Julien passam a se preparar atrav\u00e9s de um intenso treinamento f\u00edsico e psicol\u00f3gico, imbu\u00eddo de conv\u00edvio e aprendizagem interpessoal pela via do esporte. \u00c9 nesse contexto que o filme conversa com a presente discuss\u00e3o.<\/p>\n<p>Segundo, Slonski et al. (2013), \u201ca supera\u00e7\u00e3o dos limites \u00e9 a for\u00e7a inspiradora dos atletas\u201d. Movido por essa for\u00e7a, constantemente Julien motivou seu pai a n\u00e3o desistir da ideia de participarem do ironman, tampouco durante a competi\u00e7\u00e3o.<\/p>\n<p>Durante a competi\u00e7\u00e3o, pai e filho viveram juntos sentimentos que n\u00e3o tinham experimentado anteriormente, como por exemplo, o medo de n\u00e3o conseguir realizar a prova, mas tamb\u00e9m a alegria pela vit\u00f3ria de supera\u00e7\u00e3o dos pr\u00f3prios limites f\u00edsicos. De acordo com Souza (2007), apud Slonski et al. (2013), o esporte pode servir de fonte de libera\u00e7\u00e3o de sentimentos como nervosismo, estresse, raiva, medo, frustra\u00e7\u00e3o e agressividade, assim como autorrealiza\u00e7\u00e3o, satisfa\u00e7\u00e3o, alegria e autoconfian\u00e7a, de modo que influenciar\u00e3o a vis\u00e3o da pessoa com defici\u00eancia tanto de si quanto dos outros.<\/p>\n<p>Tanto Paul quanto Julien mudaram a forma de se ver e de ver um ao outro. O esporte propiciou o estreitamento da rela\u00e7\u00e3o entre ambos. Uma das maiores contribui\u00e7\u00f5es para essa aproxima\u00e7\u00e3o entre pai e filho foi \u00e0 mudan\u00e7a da auto-percep\u00e7\u00e3o de Julien sobre si mesmo, assim como de Paul sobre as capacidades e habilidades de seu filho. A \u00eanfase dada, sobretudo por Paul \u00e0 defici\u00eancia de Julien foi minimizada atrav\u00e9s da pr\u00e1tica de esportes, na medida em que Julien teve as adapta\u00e7\u00f5es de que necessitava atendidas para a pr\u00e1tica de esporte, possibilitando-o a supera\u00e7\u00e3o das v\u00e1rias barreiras que o contexto social lhe impunha, tornando-se cada vez mais aut\u00f4nomo.<\/p>\n<p>Para Slonski et al. (2013), \u201c[&#8230;] a quebra da imagem de \u201cpessoa deficiente\u201d, [&#8230;]\u201d, configura-se como um dos benef\u00edcios mais significativos para a pessoa com defici\u00eancia f\u00edsica. Ainda, segundo os autores, o esporte \u00e9 muito importante para muitos atletas, pois minimiza fragilidades do corpo ou da ideia de corpo perfeito e eficiente, possibilitando que sejam vistos, como por exemplo, campe\u00f5es da modalidade e medalhistas, propiciando alto-estima e inclus\u00e3o social.<\/p>\n<p><strong>Conclus\u00e3o<\/strong><\/p>\n<p>Infelizmente as condi\u00e7\u00f5es que Julien teve n\u00e3o se observam para todos os atletas com algum tipo de defici\u00eancia, tampouco para aqueles que, nunca havendo praticado esportes, desejam faz\u00ea-lo. Mais agravante ainda \u00e9 que muitas pessoas com defici\u00eancia n\u00e3o contam com as m\u00ednimas condi\u00e7\u00f5es de adapta\u00e7\u00e3o e outros de que necessitam que lhes garantam vida digna e autonomia.<\/p>\n<p><strong>Refer\u00eancia bibliogr\u00e1fica.<\/strong><\/p>\n<p>SLONSKI, E.C.;SOUZA, W. C. de; SOUZA, W. B. de; GRZELCZAK, M. T.; MASCARENHAS, L. P. G. <strong>O esporte adaptado como instrumento na sociabilidade da pessoa com defici\u00eancia.<\/strong> EFDeportes.com, Revista Digital, Buenos Aires, A\u00f1o 18, n. 180, may. 2013. Dispon\u00edvel em: <a href=\"http:\/\/www.efdeportes.com\/\">http:\/\/www.efdeportes.com<\/a>. Acesso em: 20 de nov. 2016.<\/p>\n<p>____________________<\/p>\n<ul>\n<li>Rob\u00e9rio Honorato dos Santos, especialista em Filosofia para Professores do Ensino Fundamental e M\u00e9dio e em Educa\u00e7\u00e3o Especial na Perspectiva da Educa\u00e7\u00e3o Inclusiva (REDEFOR\/UNESP). Professor de Filosofia na rede p\u00fablica estadual paulista no Ensino M\u00e9dio e de Filosofia e Hist\u00f3ria na rede privada paulista no Ensino Fundamental II e M\u00e9dio.\u00a0E-mail: roberio_rh@yahoo.com.br<\/li>\n<\/ul>\n","protected":false},"excerpt":{"rendered":"<p>O artigo tem por objetivo analisar de que maneira o esporte adaptado pode promover a socializa\u00e7\u00e3o interpessoal e social, tomando como ponto de refer\u00eancia a pessoa com defici\u00eancia f\u00edsica no contexto social. Por Rob\u00e9rio Honorato dos Santos.<\/p>\n","protected":false},"author":1,"featured_media":0,"comment_status":"open","ping_status":"open","sticky":false,"template":"","format":"standard","meta":{"site-container-style":"default","site-container-layout":"default","site-sidebar-layout":"default","disable-article-header":"default","disable-site-header":"default","disable-site-footer":"default","disable-content-area-spacing":"default","footnotes":""},"categories":[27,48,8],"tags":[390],"class_list":["post-29686","post","type-post","status-publish","format-standard","hentry","category-esporte","category-inclusao","category-textos-e-artigos","tag-esporte-adaptado"],"yoast_head":"<!-- This site is optimized with the Yoast SEO plugin v27.4 - https:\/\/yoast.com\/product\/yoast-seo-wordpress\/ -->\n<title>O esporte adaptado e a pessoa com defici\u00eancia f\u00edsica: uma possibilidade de socializa\u00e7\u00e3o -<\/title>\n<meta name=\"robots\" content=\"index, follow, max-snippet:-1, max-image-preview:large, max-video-preview:-1\" \/>\n<link rel=\"canonical\" href=\"https:\/\/inclusivenews.com.br\/?p=29686\" \/>\n<meta property=\"og:locale\" content=\"pt_PT\" \/>\n<meta property=\"og:type\" content=\"article\" \/>\n<meta property=\"og:title\" content=\"O esporte adaptado e a pessoa com defici\u00eancia f\u00edsica: uma possibilidade de socializa\u00e7\u00e3o -\" \/>\n<meta property=\"og:description\" content=\"O artigo tem por objetivo analisar de que maneira o esporte adaptado pode promover a socializa\u00e7\u00e3o interpessoal e social, tomando como ponto de refer\u00eancia a pessoa com defici\u00eancia f\u00edsica no contexto social. Por Rob\u00e9rio Honorato dos Santos.\" \/>\n<meta property=\"og:url\" content=\"https:\/\/inclusivenews.com.br\/?p=29686\" \/>\n<meta property=\"article:publisher\" content=\"https:\/\/www.facebook.com\/agenciainclusive\/\" \/>\n<meta property=\"article:published_time\" content=\"2016-09-06T13:36:15+00:00\" \/>\n<meta property=\"og:image\" content=\"http:\/\/inclusivenews.com.br\/wp-content\/uploads\/2010\/10\/esporte_deficiencia.jpg\" \/>\n<meta name=\"author\" content=\"inclusivenews2024\" \/>\n<meta name=\"twitter:card\" content=\"summary_large_image\" \/>\n<meta name=\"twitter:label1\" content=\"Escrito por\" \/>\n\t<meta name=\"twitter:data1\" content=\"inclusivenews2024\" \/>\n\t<meta name=\"twitter:label2\" content=\"Tempo estimado de leitura\" \/>\n\t<meta name=\"twitter:data2\" content=\"5 minutos\" \/>\n<script type=\"application\/ld+json\" class=\"yoast-schema-graph\">{\"@context\":\"https:\\\/\\\/schema.org\",\"@graph\":[{\"@type\":\"Article\",\"@id\":\"https:\\\/\\\/inclusivenews.com.br\\\/?p=29686#article\",\"isPartOf\":{\"@id\":\"https:\\\/\\\/inclusivenews.com.br\\\/?p=29686\"},\"author\":{\"name\":\"inclusivenews2024\",\"@id\":\"https:\\\/\\\/inclusivenews.com.br\\\/#\\\/schema\\\/person\\\/ae4ec7087559b8692fb33b6fffd2273b\"},\"headline\":\"O esporte adaptado e a pessoa com defici\u00eancia f\u00edsica: uma possibilidade de socializa\u00e7\u00e3o\",\"datePublished\":\"2016-09-06T13:36:15+00:00\",\"mainEntityOfPage\":{\"@id\":\"https:\\\/\\\/inclusivenews.com.br\\\/?p=29686\"},\"wordCount\":978,\"commentCount\":0,\"publisher\":{\"@id\":\"https:\\\/\\\/inclusivenews.com.br\\\/#organization\"},\"image\":{\"@id\":\"https:\\\/\\\/inclusivenews.com.br\\\/?p=29686#primaryimage\"},\"thumbnailUrl\":\"http:\\\/\\\/inclusivenews.com.br\\\/wp-content\\\/uploads\\\/2010\\\/10\\\/esporte_deficiencia.jpg\",\"keywords\":[\"esporte adaptado\"],\"articleSection\":[\"Esporte\",\"INCLUS\u00c3O SOCIAL\",\"OPINI\u00c3O\"],\"inLanguage\":\"pt-PT\",\"potentialAction\":[{\"@type\":\"CommentAction\",\"name\":\"Comment\",\"target\":[\"https:\\\/\\\/inclusivenews.com.br\\\/?p=29686#respond\"]}]},{\"@type\":\"WebPage\",\"@id\":\"https:\\\/\\\/inclusivenews.com.br\\\/?p=29686\",\"url\":\"https:\\\/\\\/inclusivenews.com.br\\\/?p=29686\",\"name\":\"O esporte adaptado e a pessoa com defici\u00eancia f\u00edsica: uma possibilidade de socializa\u00e7\u00e3o -\",\"isPartOf\":{\"@id\":\"https:\\\/\\\/inclusivenews.com.br\\\/#website\"},\"primaryImageOfPage\":{\"@id\":\"https:\\\/\\\/inclusivenews.com.br\\\/?p=29686#primaryimage\"},\"image\":{\"@id\":\"https:\\\/\\\/inclusivenews.com.br\\\/?p=29686#primaryimage\"},\"thumbnailUrl\":\"http:\\\/\\\/inclusivenews.com.br\\\/wp-content\\\/uploads\\\/2010\\\/10\\\/esporte_deficiencia.jpg\",\"datePublished\":\"2016-09-06T13:36:15+00:00\",\"breadcrumb\":{\"@id\":\"https:\\\/\\\/inclusivenews.com.br\\\/?p=29686#breadcrumb\"},\"inLanguage\":\"pt-PT\",\"potentialAction\":[{\"@type\":\"ReadAction\",\"target\":[\"https:\\\/\\\/inclusivenews.com.br\\\/?p=29686\"]}]},{\"@type\":\"ImageObject\",\"inLanguage\":\"pt-PT\",\"@id\":\"https:\\\/\\\/inclusivenews.com.br\\\/?p=29686#primaryimage\",\"url\":\"\",\"contentUrl\":\"\"},{\"@type\":\"BreadcrumbList\",\"@id\":\"https:\\\/\\\/inclusivenews.com.br\\\/?p=29686#breadcrumb\",\"itemListElement\":[{\"@type\":\"ListItem\",\"position\":1,\"name\":\"In\u00edcio\",\"item\":\"https:\\\/\\\/inclusivenews.com.br\\\/\"},{\"@type\":\"ListItem\",\"position\":2,\"name\":\"O esporte adaptado e a pessoa com defici\u00eancia f\u00edsica: uma possibilidade de socializa\u00e7\u00e3o\"}]},{\"@type\":\"WebSite\",\"@id\":\"https:\\\/\\\/inclusivenews.com.br\\\/#website\",\"url\":\"https:\\\/\\\/inclusivenews.com.br\\\/\",\"name\":\"Inclusive News\",\"description\":\"Inclusive News\",\"publisher\":{\"@id\":\"https:\\\/\\\/inclusivenews.com.br\\\/#organization\"},\"potentialAction\":[{\"@type\":\"SearchAction\",\"target\":{\"@type\":\"EntryPoint\",\"urlTemplate\":\"https:\\\/\\\/inclusivenews.com.br\\\/?s={search_term_string}\"},\"query-input\":{\"@type\":\"PropertyValueSpecification\",\"valueRequired\":true,\"valueName\":\"search_term_string\"}}],\"inLanguage\":\"pt-PT\"},{\"@type\":\"Organization\",\"@id\":\"https:\\\/\\\/inclusivenews.com.br\\\/#organization\",\"name\":\"Inclusive - inclus\u00e3o e cidadania\",\"url\":\"https:\\\/\\\/inclusivenews.com.br\\\/\",\"logo\":{\"@type\":\"ImageObject\",\"inLanguage\":\"pt-PT\",\"@id\":\"https:\\\/\\\/inclusivenews.com.br\\\/#\\\/schema\\\/logo\\\/image\\\/\",\"url\":\"https:\\\/\\\/inclusivenews.com.br\\\/wp-content\\\/uploads\\\/2024\\\/03\\\/@grandesite.png\",\"contentUrl\":\"https:\\\/\\\/inclusivenews.com.br\\\/wp-content\\\/uploads\\\/2024\\\/03\\\/@grandesite.png\",\"width\":1080,\"height\":1080,\"caption\":\"Inclusive - inclus\u00e3o e cidadania\"},\"image\":{\"@id\":\"https:\\\/\\\/inclusivenews.com.br\\\/#\\\/schema\\\/logo\\\/image\\\/\"},\"sameAs\":[\"https:\\\/\\\/www.facebook.com\\\/agenciainclusive\\\/\",\"https:\\\/\\\/www.instagram.com\\\/newsinclusive\\\/\"]},{\"@type\":\"Person\",\"@id\":\"https:\\\/\\\/inclusivenews.com.br\\\/#\\\/schema\\\/person\\\/ae4ec7087559b8692fb33b6fffd2273b\",\"name\":\"inclusivenews2024\",\"image\":{\"@type\":\"ImageObject\",\"inLanguage\":\"pt-PT\",\"@id\":\"https:\\\/\\\/secure.gravatar.com\\\/avatar\\\/c5a7ef84c66fa914f55bc4f7ce26cfa275a3b9a1c5568b907bd184fb4dde7b40?s=96&d=mm&r=g\",\"url\":\"https:\\\/\\\/secure.gravatar.com\\\/avatar\\\/c5a7ef84c66fa914f55bc4f7ce26cfa275a3b9a1c5568b907bd184fb4dde7b40?s=96&d=mm&r=g\",\"contentUrl\":\"https:\\\/\\\/secure.gravatar.com\\\/avatar\\\/c5a7ef84c66fa914f55bc4f7ce26cfa275a3b9a1c5568b907bd184fb4dde7b40?s=96&d=mm&r=g\",\"caption\":\"inclusivenews2024\"},\"sameAs\":[\"https:\\\/\\\/inclusivenews.com.br\"],\"url\":\"https:\\\/\\\/inclusivenews.com.br\\\/?author=1\"}]}<\/script>\n<!-- \/ Yoast SEO plugin. -->","yoast_head_json":{"title":"O esporte adaptado e a pessoa com defici\u00eancia f\u00edsica: uma possibilidade de socializa\u00e7\u00e3o -","robots":{"index":"index","follow":"follow","max-snippet":"max-snippet:-1","max-image-preview":"max-image-preview:large","max-video-preview":"max-video-preview:-1"},"canonical":"https:\/\/inclusivenews.com.br\/?p=29686","og_locale":"pt_PT","og_type":"article","og_title":"O esporte adaptado e a pessoa com defici\u00eancia f\u00edsica: uma possibilidade de socializa\u00e7\u00e3o -","og_description":"O artigo tem por objetivo analisar de que maneira o esporte adaptado pode promover a socializa\u00e7\u00e3o interpessoal e social, tomando como ponto de refer\u00eancia a pessoa com defici\u00eancia f\u00edsica no contexto social. Por Rob\u00e9rio Honorato dos Santos.","og_url":"https:\/\/inclusivenews.com.br\/?p=29686","article_publisher":"https:\/\/www.facebook.com\/agenciainclusive\/","article_published_time":"2016-09-06T13:36:15+00:00","og_image":[{"url":"http:\/\/inclusivenews.com.br\/wp-content\/uploads\/2010\/10\/esporte_deficiencia.jpg","type":"","width":"","height":""}],"author":"inclusivenews2024","twitter_card":"summary_large_image","twitter_misc":{"Escrito por":"inclusivenews2024","Tempo estimado de leitura":"5 minutos"},"schema":{"@context":"https:\/\/schema.org","@graph":[{"@type":"Article","@id":"https:\/\/inclusivenews.com.br\/?p=29686#article","isPartOf":{"@id":"https:\/\/inclusivenews.com.br\/?p=29686"},"author":{"name":"inclusivenews2024","@id":"https:\/\/inclusivenews.com.br\/#\/schema\/person\/ae4ec7087559b8692fb33b6fffd2273b"},"headline":"O esporte adaptado e a pessoa com defici\u00eancia f\u00edsica: uma possibilidade de socializa\u00e7\u00e3o","datePublished":"2016-09-06T13:36:15+00:00","mainEntityOfPage":{"@id":"https:\/\/inclusivenews.com.br\/?p=29686"},"wordCount":978,"commentCount":0,"publisher":{"@id":"https:\/\/inclusivenews.com.br\/#organization"},"image":{"@id":"https:\/\/inclusivenews.com.br\/?p=29686#primaryimage"},"thumbnailUrl":"http:\/\/inclusivenews.com.br\/wp-content\/uploads\/2010\/10\/esporte_deficiencia.jpg","keywords":["esporte adaptado"],"articleSection":["Esporte","INCLUS\u00c3O SOCIAL","OPINI\u00c3O"],"inLanguage":"pt-PT","potentialAction":[{"@type":"CommentAction","name":"Comment","target":["https:\/\/inclusivenews.com.br\/?p=29686#respond"]}]},{"@type":"WebPage","@id":"https:\/\/inclusivenews.com.br\/?p=29686","url":"https:\/\/inclusivenews.com.br\/?p=29686","name":"O esporte adaptado e a pessoa com defici\u00eancia f\u00edsica: uma possibilidade de socializa\u00e7\u00e3o -","isPartOf":{"@id":"https:\/\/inclusivenews.com.br\/#website"},"primaryImageOfPage":{"@id":"https:\/\/inclusivenews.com.br\/?p=29686#primaryimage"},"image":{"@id":"https:\/\/inclusivenews.com.br\/?p=29686#primaryimage"},"thumbnailUrl":"http:\/\/inclusivenews.com.br\/wp-content\/uploads\/2010\/10\/esporte_deficiencia.jpg","datePublished":"2016-09-06T13:36:15+00:00","breadcrumb":{"@id":"https:\/\/inclusivenews.com.br\/?p=29686#breadcrumb"},"inLanguage":"pt-PT","potentialAction":[{"@type":"ReadAction","target":["https:\/\/inclusivenews.com.br\/?p=29686"]}]},{"@type":"ImageObject","inLanguage":"pt-PT","@id":"https:\/\/inclusivenews.com.br\/?p=29686#primaryimage","url":"","contentUrl":""},{"@type":"BreadcrumbList","@id":"https:\/\/inclusivenews.com.br\/?p=29686#breadcrumb","itemListElement":[{"@type":"ListItem","position":1,"name":"In\u00edcio","item":"https:\/\/inclusivenews.com.br\/"},{"@type":"ListItem","position":2,"name":"O esporte adaptado e a pessoa com defici\u00eancia f\u00edsica: uma possibilidade de socializa\u00e7\u00e3o"}]},{"@type":"WebSite","@id":"https:\/\/inclusivenews.com.br\/#website","url":"https:\/\/inclusivenews.com.br\/","name":"Inclusive News","description":"Inclusive News","publisher":{"@id":"https:\/\/inclusivenews.com.br\/#organization"},"potentialAction":[{"@type":"SearchAction","target":{"@type":"EntryPoint","urlTemplate":"https:\/\/inclusivenews.com.br\/?s={search_term_string}"},"query-input":{"@type":"PropertyValueSpecification","valueRequired":true,"valueName":"search_term_string"}}],"inLanguage":"pt-PT"},{"@type":"Organization","@id":"https:\/\/inclusivenews.com.br\/#organization","name":"Inclusive - inclus\u00e3o e cidadania","url":"https:\/\/inclusivenews.com.br\/","logo":{"@type":"ImageObject","inLanguage":"pt-PT","@id":"https:\/\/inclusivenews.com.br\/#\/schema\/logo\/image\/","url":"https:\/\/inclusivenews.com.br\/wp-content\/uploads\/2024\/03\/@grandesite.png","contentUrl":"https:\/\/inclusivenews.com.br\/wp-content\/uploads\/2024\/03\/@grandesite.png","width":1080,"height":1080,"caption":"Inclusive - inclus\u00e3o e cidadania"},"image":{"@id":"https:\/\/inclusivenews.com.br\/#\/schema\/logo\/image\/"},"sameAs":["https:\/\/www.facebook.com\/agenciainclusive\/","https:\/\/www.instagram.com\/newsinclusive\/"]},{"@type":"Person","@id":"https:\/\/inclusivenews.com.br\/#\/schema\/person\/ae4ec7087559b8692fb33b6fffd2273b","name":"inclusivenews2024","image":{"@type":"ImageObject","inLanguage":"pt-PT","@id":"https:\/\/secure.gravatar.com\/avatar\/c5a7ef84c66fa914f55bc4f7ce26cfa275a3b9a1c5568b907bd184fb4dde7b40?s=96&d=mm&r=g","url":"https:\/\/secure.gravatar.com\/avatar\/c5a7ef84c66fa914f55bc4f7ce26cfa275a3b9a1c5568b907bd184fb4dde7b40?s=96&d=mm&r=g","contentUrl":"https:\/\/secure.gravatar.com\/avatar\/c5a7ef84c66fa914f55bc4f7ce26cfa275a3b9a1c5568b907bd184fb4dde7b40?s=96&d=mm&r=g","caption":"inclusivenews2024"},"sameAs":["https:\/\/inclusivenews.com.br"],"url":"https:\/\/inclusivenews.com.br\/?author=1"}]}},"_links":{"self":[{"href":"https:\/\/inclusivenews.com.br\/index.php?rest_route=\/wp\/v2\/posts\/29686","targetHints":{"allow":["GET"]}}],"collection":[{"href":"https:\/\/inclusivenews.com.br\/index.php?rest_route=\/wp\/v2\/posts"}],"about":[{"href":"https:\/\/inclusivenews.com.br\/index.php?rest_route=\/wp\/v2\/types\/post"}],"author":[{"embeddable":true,"href":"https:\/\/inclusivenews.com.br\/index.php?rest_route=\/wp\/v2\/users\/1"}],"replies":[{"embeddable":true,"href":"https:\/\/inclusivenews.com.br\/index.php?rest_route=%2Fwp%2Fv2%2Fcomments&post=29686"}],"version-history":[{"count":0,"href":"https:\/\/inclusivenews.com.br\/index.php?rest_route=\/wp\/v2\/posts\/29686\/revisions"}],"wp:attachment":[{"href":"https:\/\/inclusivenews.com.br\/index.php?rest_route=%2Fwp%2Fv2%2Fmedia&parent=29686"}],"wp:term":[{"taxonomy":"category","embeddable":true,"href":"https:\/\/inclusivenews.com.br\/index.php?rest_route=%2Fwp%2Fv2%2Fcategories&post=29686"},{"taxonomy":"post_tag","embeddable":true,"href":"https:\/\/inclusivenews.com.br\/index.php?rest_route=%2Fwp%2Fv2%2Ftags&post=29686"}],"curies":[{"name":"wp","href":"https:\/\/api.w.org\/{rel}","templated":true}]}}