{"id":29691,"date":"2016-09-06T10:47:10","date_gmt":"2016-09-06T13:47:10","guid":{"rendered":"http:\/\/www.inclusive.org.br\/?p=29691"},"modified":"2016-09-06T10:47:10","modified_gmt":"2016-09-06T13:47:10","slug":"a-emocao-na-narrativa-paralimpica","status":"publish","type":"post","link":"https:\/\/inclusivenews.com.br\/?p=29691","title":{"rendered":"A emo\u00e7\u00e3o na narrativa paral\u00edmpica"},"content":{"rendered":"<p><img loading=\"lazy\" decoding=\"async\" class=\"wp-image-29692 size-full alignleft\" title=\"Seis m\u00e3os segurando microfones em entrevista coletiva\" src=\"http:\/\/inclusivenews.com.br\/wp-content\/uploads\/microfones.jpg\" alt=\"Seis m\u00e3os segurando microfones em entrevista coletiva\" width=\"299\" height=\"168\" \/><\/p>\n<p><em>Por Lucio Carvalho<br \/>\n<\/em><em>da Inclusive<\/em><\/p>\n<p>Chega enfim a paralimp\u00edada (ou paraolimp\u00edada, como querem alguns) e algo como uma lei de cotas midi\u00e1tica se estabelece nos meios de comunica\u00e7\u00e3o do pa\u00eds inteiro, seja nos tradicionais como nos nov\u00edssimos. Compreende-se. N\u00e3o \u00e9 mesmo sempre que estas quase 13 milh\u00f5es de pessoas com defici\u00eancia surgem nas manchetes e reportagens Brasil afora, como se repentinamente sa\u00eddas do avi\u00e3o invis\u00edvel da mulher-maravilha.<\/p>\n<p>Pessoas com defici\u00eancia via de regra s\u00e3o muito pouco notadas na m\u00eddia por possu\u00edrem uma vida corriqueira como a de qualquer outra pessoa e t\u00eam sido bem mais notabilizadas por encarar s\u00e9rias e reais dificuldades ao tentar levar suas vidas do que por dedicar-se a atividades em tudo normais, como as atividades esportivas. A partir de amanh\u00e3 (07\/09), entretanto, o Brasil sediar\u00e1 pela primeira vez &#8211; assim como foi com os Jogos Ol\u00edmpicos &#8211; um evento esportivo da maior grandeza e qualidade, envolvendo pessoas que v\u00eam elevando a pr\u00e1tica esportiva a patamares insuspeitados, isso tamb\u00e9m da mesma forma que os jogos ol\u00edmpicos regulares.<\/p>\n<p>\u00c9 bem poss\u00edvel que o espet\u00e1culo real, no qual os esportistas realizam o melhor que podem para competir, seja fotografado, filmado ou reportado aqui ou ali como uma esp\u00e9cie de proje\u00e7\u00e3o enviesada. A isso deve compreender-se tamb\u00e9m. \u00c9 muito natural que quando pessoas normalmente invisibilizadas ou retratadas permanentemente atrav\u00e9s de muitos estere\u00f3tipos surjam publicamente isso venha a acontecer, tanto por uma quest\u00e3o de autoimagem quanto de identidade social. \u00c9 como se fosse uma imagem distorcida a qual \u00e9 muito dif\u00edcil colocar em foco justamente porque essa tem sido uma das principais formas de identifica\u00e7\u00e3o das pessoas com defici\u00eancia ao longo da hist\u00f3ria, mesmo na hist\u00f3ria recente.<\/p>\n<p>Possivelmente trata-se de uma forma de atalhar os caminhos, especialmente porque nenhuma trajet\u00f3ria de vida \u00e9 inteiramente contada sem um olhar demorado e, na maioria das vezes, busca-se na m\u00eddia o flash instant\u00e2neo, a conquista e, quase obsessivamente, o p\u00f3dio e a medalha. Informa\u00e7\u00f5es sobre quem a pessoa \u00e9, sua forma\u00e7\u00e3o e sua trajet\u00f3ria individual muitas vezes s\u00e3o substitu\u00eddas por um resultado redentor e, pelas pr\u00f3prias caracter\u00edsticas do esporte competitivo, cola-se nos esportistas o maior de todos os estigmas positivos com que uma pessoa com defici\u00eancia pode contar: o da supera\u00e7\u00e3o.<\/p>\n<p>Acontece que a supera\u00e7\u00e3o \u00e9, sim, muitas vezes real, mas, em se tratando do esporte, \u00e9 exatamente a mesma supera\u00e7\u00e3o que buscam quaisquer atletas. A supera\u00e7\u00e3o de aperfei\u00e7oar-se, de partir de condi\u00e7\u00f5es dif\u00edceis, de melhorar e de conquistar. Afinal, seja paralimp\u00eddada ou paraolimp\u00edada, \u00e9 olimp\u00edada e ali n\u00e3o h\u00e1 ningu\u00e9m entrando para perder, mesmo que uns estejam melhor preparados que outros.<\/p>\n<p>Ainda assim dificilmente n\u00e3o haver\u00e1 sobreposi\u00e7\u00e3o desses conceitos ou dessas imagens. Embora isso se deva mais \u00e0 narrativa que se quer imprimir do que \u00e0 realidade, ser\u00e1 sem d\u00favida uma cole\u00e7\u00e3o de momentos por si s\u00f3 emocionantes. E isso \u00e9 assim porque o esporte tem essa caracter\u00edstica de &#8220;lavar a alma&#8221;, como se diz. Qualquer esporte \u00e9 assim. Isso, entretanto, n\u00e3o \u00e9 o bastante para reconfigurar o status humano de nenhum esportista. Eles continuar\u00e3o humanos durante e ao fim dos jogos, obviamente. \u00c9 justo que, em respeito ao seu esfor\u00e7o, n\u00e3o sejam convertidos e sacramentados em exemplo de coisa nenhuma. Nem de supera\u00e7\u00e3o e muito menos de compaix\u00e3o.<\/p>\n<p>\u00c9 importante dizer isso porque o sentimento de compaix\u00e3o e a empatia muitas vezes operam tamb\u00e9m essa distor\u00e7\u00e3o, a revelia do que a pessoa deseja. Encontrar uma narrativa menos lacrimosa ou que deixe ver a pessoa al\u00e9m dos estere\u00f3tipos que facilmente nela se projetam n\u00e3o \u00e9 uma tarefa f\u00e1cil principalmente porque a emo\u00e7\u00e3o costuma se impor durante as competi\u00e7\u00f5es. Mas n\u00e3o h\u00e1 hierarquia na emo\u00e7\u00e3o e certamente a emo\u00e7\u00e3o dos competidores que desfilar\u00e3o m\u00eddia e internet afora a partir de amanh\u00e3 \u00e9 exatamente a mesma de qualquer outra pessoa, especialmente se de algu\u00e9m que gosta de esporte e suas diversas modalidades.<\/p>\n<p>A partir de amanh\u00e3 ser\u00e1 poss\u00edvel conhecer um pouco mais desses esportistas todos, suas trajet\u00f3rias, dificuldades e suas conquistas. N\u00e3o ser\u00e1 mais emocionante por causa da defici\u00eancia de nenhum deles e n\u00e3o ser\u00e1 menos emocionante que outros esportes, mas tamb\u00e9m n\u00e3o ser\u00e1 esporte ol\u00edmpico se n\u00e3o tiver emo\u00e7\u00e3o e n\u00e3o existe, felizmente, uma categoria que se pudesse chamar de &#8220;emo\u00e7\u00e3o com defici\u00eancia&#8221;. Portanto n\u00e3o h\u00e1 raz\u00e3o para suprimir a emo\u00e7\u00e3o da cobertura dos jogos, basta ajustar o foco e tentar o m\u00e1ximo poss\u00edvel remover as distor\u00e7\u00f5es e preconceitos e perceber a pessoa antes e al\u00e9m de qualquer outra coisa. N\u00e3o vai funcionar sempre, mas, quando funcionar, ser\u00e1 como uma medalha de ouro.<\/p>\n","protected":false},"excerpt":{"rendered":"<p>Acontece que a supera\u00e7\u00e3o \u00e9, sim, muitas vezes real, mas, em se tratando do esporte, \u00e9 exatamente a mesma supera\u00e7\u00e3o que buscam quaisquer atletas. Por Lucio Carvalho, da Inclusive.<\/p>\n","protected":false},"author":1,"featured_media":0,"comment_status":"open","ping_status":"open","sticky":false,"template":"","format":"standard","meta":{"site-container-style":"default","site-container-layout":"default","site-sidebar-layout":"default","disable-article-header":"default","disable-site-header":"default","disable-site-footer":"default","disable-content-area-spacing":"default","footnotes":""},"categories":[35,27,48,8,376],"tags":[391,392],"class_list":["post-29691","post","type-post","status-publish","format-standard","hentry","category-de-nossa-parte","category-esporte","category-inclusao","category-textos-e-artigos","category-showz","tag-esporte-2","tag-paralimpiada"],"yoast_head":"<!-- This site is optimized with the Yoast SEO plugin v27.4 - https:\/\/yoast.com\/product\/yoast-seo-wordpress\/ -->\n<title>A emo\u00e7\u00e3o na narrativa paral\u00edmpica -<\/title>\n<meta name=\"robots\" content=\"index, follow, max-snippet:-1, max-image-preview:large, max-video-preview:-1\" \/>\n<link rel=\"canonical\" href=\"https:\/\/inclusivenews.com.br\/?p=29691\" \/>\n<meta property=\"og:locale\" content=\"pt_PT\" \/>\n<meta property=\"og:type\" content=\"article\" \/>\n<meta property=\"og:title\" content=\"A emo\u00e7\u00e3o na narrativa paral\u00edmpica -\" \/>\n<meta property=\"og:description\" content=\"Acontece que a supera\u00e7\u00e3o \u00e9, sim, muitas vezes real, mas, em se tratando do esporte, \u00e9 exatamente a mesma supera\u00e7\u00e3o que buscam quaisquer atletas. Por Lucio Carvalho, da Inclusive.\" \/>\n<meta property=\"og:url\" content=\"https:\/\/inclusivenews.com.br\/?p=29691\" \/>\n<meta property=\"article:publisher\" content=\"https:\/\/www.facebook.com\/agenciainclusive\/\" \/>\n<meta property=\"article:published_time\" content=\"2016-09-06T13:47:10+00:00\" \/>\n<meta property=\"og:image\" content=\"http:\/\/inclusivenews.com.br\/wp-content\/uploads\/microfones.jpg\" \/>\n<meta name=\"author\" content=\"inclusivenews2024\" \/>\n<meta name=\"twitter:card\" content=\"summary_large_image\" \/>\n<meta name=\"twitter:label1\" content=\"Escrito por\" \/>\n\t<meta name=\"twitter:data1\" content=\"inclusivenews2024\" \/>\n\t<meta name=\"twitter:label2\" content=\"Tempo estimado de leitura\" \/>\n\t<meta name=\"twitter:data2\" content=\"4 minutos\" \/>\n<script type=\"application\/ld+json\" class=\"yoast-schema-graph\">{\"@context\":\"https:\\\/\\\/schema.org\",\"@graph\":[{\"@type\":\"Article\",\"@id\":\"https:\\\/\\\/inclusivenews.com.br\\\/?p=29691#article\",\"isPartOf\":{\"@id\":\"https:\\\/\\\/inclusivenews.com.br\\\/?p=29691\"},\"author\":{\"name\":\"inclusivenews2024\",\"@id\":\"https:\\\/\\\/inclusivenews.com.br\\\/#\\\/schema\\\/person\\\/ae4ec7087559b8692fb33b6fffd2273b\"},\"headline\":\"A emo\u00e7\u00e3o na narrativa paral\u00edmpica\",\"datePublished\":\"2016-09-06T13:47:10+00:00\",\"mainEntityOfPage\":{\"@id\":\"https:\\\/\\\/inclusivenews.com.br\\\/?p=29691\"},\"wordCount\":842,\"commentCount\":0,\"publisher\":{\"@id\":\"https:\\\/\\\/inclusivenews.com.br\\\/#organization\"},\"image\":{\"@id\":\"https:\\\/\\\/inclusivenews.com.br\\\/?p=29691#primaryimage\"},\"thumbnailUrl\":\"http:\\\/\\\/inclusivenews.com.br\\\/wp-content\\\/uploads\\\/microfones.jpg\",\"keywords\":[\"esporte\",\"Paralimp\u00edada\"],\"articleSection\":[\"+ De nossa parte\",\"Esporte\",\"INCLUS\u00c3O SOCIAL\",\"OPINI\u00c3O\",\"SHOWZ\"],\"inLanguage\":\"pt-PT\",\"potentialAction\":[{\"@type\":\"CommentAction\",\"name\":\"Comment\",\"target\":[\"https:\\\/\\\/inclusivenews.com.br\\\/?p=29691#respond\"]}]},{\"@type\":\"WebPage\",\"@id\":\"https:\\\/\\\/inclusivenews.com.br\\\/?p=29691\",\"url\":\"https:\\\/\\\/inclusivenews.com.br\\\/?p=29691\",\"name\":\"A emo\u00e7\u00e3o na narrativa paral\u00edmpica -\",\"isPartOf\":{\"@id\":\"https:\\\/\\\/inclusivenews.com.br\\\/#website\"},\"primaryImageOfPage\":{\"@id\":\"https:\\\/\\\/inclusivenews.com.br\\\/?p=29691#primaryimage\"},\"image\":{\"@id\":\"https:\\\/\\\/inclusivenews.com.br\\\/?p=29691#primaryimage\"},\"thumbnailUrl\":\"http:\\\/\\\/inclusivenews.com.br\\\/wp-content\\\/uploads\\\/microfones.jpg\",\"datePublished\":\"2016-09-06T13:47:10+00:00\",\"breadcrumb\":{\"@id\":\"https:\\\/\\\/inclusivenews.com.br\\\/?p=29691#breadcrumb\"},\"inLanguage\":\"pt-PT\",\"potentialAction\":[{\"@type\":\"ReadAction\",\"target\":[\"https:\\\/\\\/inclusivenews.com.br\\\/?p=29691\"]}]},{\"@type\":\"ImageObject\",\"inLanguage\":\"pt-PT\",\"@id\":\"https:\\\/\\\/inclusivenews.com.br\\\/?p=29691#primaryimage\",\"url\":\"\",\"contentUrl\":\"\"},{\"@type\":\"BreadcrumbList\",\"@id\":\"https:\\\/\\\/inclusivenews.com.br\\\/?p=29691#breadcrumb\",\"itemListElement\":[{\"@type\":\"ListItem\",\"position\":1,\"name\":\"In\u00edcio\",\"item\":\"https:\\\/\\\/inclusivenews.com.br\\\/\"},{\"@type\":\"ListItem\",\"position\":2,\"name\":\"A emo\u00e7\u00e3o na narrativa paral\u00edmpica\"}]},{\"@type\":\"WebSite\",\"@id\":\"https:\\\/\\\/inclusivenews.com.br\\\/#website\",\"url\":\"https:\\\/\\\/inclusivenews.com.br\\\/\",\"name\":\"Inclusive News\",\"description\":\"Inclusive News\",\"publisher\":{\"@id\":\"https:\\\/\\\/inclusivenews.com.br\\\/#organization\"},\"potentialAction\":[{\"@type\":\"SearchAction\",\"target\":{\"@type\":\"EntryPoint\",\"urlTemplate\":\"https:\\\/\\\/inclusivenews.com.br\\\/?s={search_term_string}\"},\"query-input\":{\"@type\":\"PropertyValueSpecification\",\"valueRequired\":true,\"valueName\":\"search_term_string\"}}],\"inLanguage\":\"pt-PT\"},{\"@type\":\"Organization\",\"@id\":\"https:\\\/\\\/inclusivenews.com.br\\\/#organization\",\"name\":\"Inclusive - inclus\u00e3o e cidadania\",\"url\":\"https:\\\/\\\/inclusivenews.com.br\\\/\",\"logo\":{\"@type\":\"ImageObject\",\"inLanguage\":\"pt-PT\",\"@id\":\"https:\\\/\\\/inclusivenews.com.br\\\/#\\\/schema\\\/logo\\\/image\\\/\",\"url\":\"https:\\\/\\\/inclusivenews.com.br\\\/wp-content\\\/uploads\\\/2024\\\/03\\\/@grandesite.png\",\"contentUrl\":\"https:\\\/\\\/inclusivenews.com.br\\\/wp-content\\\/uploads\\\/2024\\\/03\\\/@grandesite.png\",\"width\":1080,\"height\":1080,\"caption\":\"Inclusive - inclus\u00e3o e cidadania\"},\"image\":{\"@id\":\"https:\\\/\\\/inclusivenews.com.br\\\/#\\\/schema\\\/logo\\\/image\\\/\"},\"sameAs\":[\"https:\\\/\\\/www.facebook.com\\\/agenciainclusive\\\/\",\"https:\\\/\\\/www.instagram.com\\\/newsinclusive\\\/\"]},{\"@type\":\"Person\",\"@id\":\"https:\\\/\\\/inclusivenews.com.br\\\/#\\\/schema\\\/person\\\/ae4ec7087559b8692fb33b6fffd2273b\",\"name\":\"inclusivenews2024\",\"image\":{\"@type\":\"ImageObject\",\"inLanguage\":\"pt-PT\",\"@id\":\"https:\\\/\\\/secure.gravatar.com\\\/avatar\\\/c5a7ef84c66fa914f55bc4f7ce26cfa275a3b9a1c5568b907bd184fb4dde7b40?s=96&d=mm&r=g\",\"url\":\"https:\\\/\\\/secure.gravatar.com\\\/avatar\\\/c5a7ef84c66fa914f55bc4f7ce26cfa275a3b9a1c5568b907bd184fb4dde7b40?s=96&d=mm&r=g\",\"contentUrl\":\"https:\\\/\\\/secure.gravatar.com\\\/avatar\\\/c5a7ef84c66fa914f55bc4f7ce26cfa275a3b9a1c5568b907bd184fb4dde7b40?s=96&d=mm&r=g\",\"caption\":\"inclusivenews2024\"},\"sameAs\":[\"https:\\\/\\\/inclusivenews.com.br\"],\"url\":\"https:\\\/\\\/inclusivenews.com.br\\\/?author=1\"}]}<\/script>\n<!-- \/ Yoast SEO plugin. -->","yoast_head_json":{"title":"A emo\u00e7\u00e3o na narrativa paral\u00edmpica -","robots":{"index":"index","follow":"follow","max-snippet":"max-snippet:-1","max-image-preview":"max-image-preview:large","max-video-preview":"max-video-preview:-1"},"canonical":"https:\/\/inclusivenews.com.br\/?p=29691","og_locale":"pt_PT","og_type":"article","og_title":"A emo\u00e7\u00e3o na narrativa paral\u00edmpica -","og_description":"Acontece que a supera\u00e7\u00e3o \u00e9, sim, muitas vezes real, mas, em se tratando do esporte, \u00e9 exatamente a mesma supera\u00e7\u00e3o que buscam quaisquer atletas. Por Lucio Carvalho, da Inclusive.","og_url":"https:\/\/inclusivenews.com.br\/?p=29691","article_publisher":"https:\/\/www.facebook.com\/agenciainclusive\/","article_published_time":"2016-09-06T13:47:10+00:00","og_image":[{"url":"http:\/\/inclusivenews.com.br\/wp-content\/uploads\/microfones.jpg","type":"","width":"","height":""}],"author":"inclusivenews2024","twitter_card":"summary_large_image","twitter_misc":{"Escrito por":"inclusivenews2024","Tempo estimado de leitura":"4 minutos"},"schema":{"@context":"https:\/\/schema.org","@graph":[{"@type":"Article","@id":"https:\/\/inclusivenews.com.br\/?p=29691#article","isPartOf":{"@id":"https:\/\/inclusivenews.com.br\/?p=29691"},"author":{"name":"inclusivenews2024","@id":"https:\/\/inclusivenews.com.br\/#\/schema\/person\/ae4ec7087559b8692fb33b6fffd2273b"},"headline":"A emo\u00e7\u00e3o na narrativa paral\u00edmpica","datePublished":"2016-09-06T13:47:10+00:00","mainEntityOfPage":{"@id":"https:\/\/inclusivenews.com.br\/?p=29691"},"wordCount":842,"commentCount":0,"publisher":{"@id":"https:\/\/inclusivenews.com.br\/#organization"},"image":{"@id":"https:\/\/inclusivenews.com.br\/?p=29691#primaryimage"},"thumbnailUrl":"http:\/\/inclusivenews.com.br\/wp-content\/uploads\/microfones.jpg","keywords":["esporte","Paralimp\u00edada"],"articleSection":["+ De nossa parte","Esporte","INCLUS\u00c3O SOCIAL","OPINI\u00c3O","SHOWZ"],"inLanguage":"pt-PT","potentialAction":[{"@type":"CommentAction","name":"Comment","target":["https:\/\/inclusivenews.com.br\/?p=29691#respond"]}]},{"@type":"WebPage","@id":"https:\/\/inclusivenews.com.br\/?p=29691","url":"https:\/\/inclusivenews.com.br\/?p=29691","name":"A emo\u00e7\u00e3o na narrativa paral\u00edmpica -","isPartOf":{"@id":"https:\/\/inclusivenews.com.br\/#website"},"primaryImageOfPage":{"@id":"https:\/\/inclusivenews.com.br\/?p=29691#primaryimage"},"image":{"@id":"https:\/\/inclusivenews.com.br\/?p=29691#primaryimage"},"thumbnailUrl":"http:\/\/inclusivenews.com.br\/wp-content\/uploads\/microfones.jpg","datePublished":"2016-09-06T13:47:10+00:00","breadcrumb":{"@id":"https:\/\/inclusivenews.com.br\/?p=29691#breadcrumb"},"inLanguage":"pt-PT","potentialAction":[{"@type":"ReadAction","target":["https:\/\/inclusivenews.com.br\/?p=29691"]}]},{"@type":"ImageObject","inLanguage":"pt-PT","@id":"https:\/\/inclusivenews.com.br\/?p=29691#primaryimage","url":"","contentUrl":""},{"@type":"BreadcrumbList","@id":"https:\/\/inclusivenews.com.br\/?p=29691#breadcrumb","itemListElement":[{"@type":"ListItem","position":1,"name":"In\u00edcio","item":"https:\/\/inclusivenews.com.br\/"},{"@type":"ListItem","position":2,"name":"A emo\u00e7\u00e3o na narrativa paral\u00edmpica"}]},{"@type":"WebSite","@id":"https:\/\/inclusivenews.com.br\/#website","url":"https:\/\/inclusivenews.com.br\/","name":"Inclusive News","description":"Inclusive News","publisher":{"@id":"https:\/\/inclusivenews.com.br\/#organization"},"potentialAction":[{"@type":"SearchAction","target":{"@type":"EntryPoint","urlTemplate":"https:\/\/inclusivenews.com.br\/?s={search_term_string}"},"query-input":{"@type":"PropertyValueSpecification","valueRequired":true,"valueName":"search_term_string"}}],"inLanguage":"pt-PT"},{"@type":"Organization","@id":"https:\/\/inclusivenews.com.br\/#organization","name":"Inclusive - inclus\u00e3o e cidadania","url":"https:\/\/inclusivenews.com.br\/","logo":{"@type":"ImageObject","inLanguage":"pt-PT","@id":"https:\/\/inclusivenews.com.br\/#\/schema\/logo\/image\/","url":"https:\/\/inclusivenews.com.br\/wp-content\/uploads\/2024\/03\/@grandesite.png","contentUrl":"https:\/\/inclusivenews.com.br\/wp-content\/uploads\/2024\/03\/@grandesite.png","width":1080,"height":1080,"caption":"Inclusive - inclus\u00e3o e cidadania"},"image":{"@id":"https:\/\/inclusivenews.com.br\/#\/schema\/logo\/image\/"},"sameAs":["https:\/\/www.facebook.com\/agenciainclusive\/","https:\/\/www.instagram.com\/newsinclusive\/"]},{"@type":"Person","@id":"https:\/\/inclusivenews.com.br\/#\/schema\/person\/ae4ec7087559b8692fb33b6fffd2273b","name":"inclusivenews2024","image":{"@type":"ImageObject","inLanguage":"pt-PT","@id":"https:\/\/secure.gravatar.com\/avatar\/c5a7ef84c66fa914f55bc4f7ce26cfa275a3b9a1c5568b907bd184fb4dde7b40?s=96&d=mm&r=g","url":"https:\/\/secure.gravatar.com\/avatar\/c5a7ef84c66fa914f55bc4f7ce26cfa275a3b9a1c5568b907bd184fb4dde7b40?s=96&d=mm&r=g","contentUrl":"https:\/\/secure.gravatar.com\/avatar\/c5a7ef84c66fa914f55bc4f7ce26cfa275a3b9a1c5568b907bd184fb4dde7b40?s=96&d=mm&r=g","caption":"inclusivenews2024"},"sameAs":["https:\/\/inclusivenews.com.br"],"url":"https:\/\/inclusivenews.com.br\/?author=1"}]}},"_links":{"self":[{"href":"https:\/\/inclusivenews.com.br\/index.php?rest_route=\/wp\/v2\/posts\/29691","targetHints":{"allow":["GET"]}}],"collection":[{"href":"https:\/\/inclusivenews.com.br\/index.php?rest_route=\/wp\/v2\/posts"}],"about":[{"href":"https:\/\/inclusivenews.com.br\/index.php?rest_route=\/wp\/v2\/types\/post"}],"author":[{"embeddable":true,"href":"https:\/\/inclusivenews.com.br\/index.php?rest_route=\/wp\/v2\/users\/1"}],"replies":[{"embeddable":true,"href":"https:\/\/inclusivenews.com.br\/index.php?rest_route=%2Fwp%2Fv2%2Fcomments&post=29691"}],"version-history":[{"count":0,"href":"https:\/\/inclusivenews.com.br\/index.php?rest_route=\/wp\/v2\/posts\/29691\/revisions"}],"wp:attachment":[{"href":"https:\/\/inclusivenews.com.br\/index.php?rest_route=%2Fwp%2Fv2%2Fmedia&parent=29691"}],"wp:term":[{"taxonomy":"category","embeddable":true,"href":"https:\/\/inclusivenews.com.br\/index.php?rest_route=%2Fwp%2Fv2%2Fcategories&post=29691"},{"taxonomy":"post_tag","embeddable":true,"href":"https:\/\/inclusivenews.com.br\/index.php?rest_route=%2Fwp%2Fv2%2Ftags&post=29691"}],"curies":[{"name":"wp","href":"https:\/\/api.w.org\/{rel}","templated":true}]}}