{"id":29705,"date":"2016-09-08T10:56:38","date_gmt":"2016-09-08T13:56:38","guid":{"rendered":"http:\/\/www.inclusive.org.br\/?p=29705"},"modified":"2016-09-08T10:56:38","modified_gmt":"2016-09-08T13:56:38","slug":"inclusao-e-o-roberto-carlos-cantando-de-bermuda-nas-paralimpiadas","status":"publish","type":"post","link":"https:\/\/inclusivenews.com.br\/?p=29705","title":{"rendered":"Inclus\u00e3o \u00e9 o Roberto Carlos cantando de bermuda"},"content":{"rendered":"<blockquote><p><img loading=\"lazy\" decoding=\"async\" class=\"alignnone wp-image-29706\" src=\"http:\/\/inclusivenews.com.br\/wp-content\/uploads\/IMG_5183.jpg\" alt=\"no estadio do maracana escuro, o simbolo dos jogos paralimpicos acesos nas cores verde, azul e vermelho.\" width=\"467\" height=\"350\" \/><\/p>\n<p><em>O espet\u00e1culo foi bonito, mas pecou pela falta de acessibilidade na comunica\u00e7\u00e3o e representatividade. A\u00a0falta de patroc\u00ednio e exclus\u00e3o na transmiss\u00e3o dos principais canais da TV aberta j\u00e1 s\u00e3o costumeiros &#8211; em Londres tamb\u00e9m foi assim, e aponta para\u00a0o j\u00e1 usual\u00a0desinteresse pelas pessoas com defici\u00eancia. Mas n\u00e3o podemos nos conformar. N\u00e3o somos todos paral\u00edmpicos? Unifica\u00e7\u00e3o, Acessibilidade e Inclus\u00e3o J\u00e1!<\/em><\/p><\/blockquote>\n<p>Fiquei muito feliz\u00a0por, gra\u00e7as \u00e0s cambalhotas da vida, poder estar no Rio para assistir \u00e0 abertura das Paralimp\u00edadas Rio 2016 no Maracan\u00e3. Milito na \u00e1rea dos direitos das pessoas com defici\u00eancia h\u00e1 mais de 10 anos e obviamente o assunto me interessa. As Paralimp\u00edadas s\u00e3o o maior evento do mundo a envolver pessoas com defici\u00eancia. N\u00e3o \u00e9 pouca coisa.<\/p>\n<p>Nem preciso dizer que nenhum pa\u00eds\u00a0valoriza tanto as Paralimp\u00edadas quanto as Olimp\u00edadas. Nos\u00a0Estados Unidos, primeira pot\u00eancia Ol\u00edmpica e onde os Special Olympics, que s\u00e3o jogos exclusivos para pessoas com defici\u00eancia intelectual (que por sua vez s\u00e3o exclu\u00eddas das Paralimp\u00edadas &#8211; cad\u00ea a inclus\u00e3o?) s\u00e3o mais conhecidos pelos americanos do que as Paralimp\u00edadas. Devido \u00e0 falta de investimento por l\u00e1, os atletas alcan\u00e7aram um t\u00edmido sexto lugar em Londres. O Brasil, ao contr\u00e1rio, teve um desempenho muito melhor nas Paralimp\u00edadas de Londres do que nas Olimp\u00edadas, ficando um posto apenas abaixo dos Estados Unidos. Esper\u00e1vamos que esse fosse um fator importante para trazer mais aten\u00e7\u00e3o do p\u00fablico e dos patrocinadores para a Rio 2016, mas, infelizmente, isso n\u00e3o aconteceu e precisamos, ao inv\u00e9s de aceitar passivamente o fato, refletir sobre o por qu\u00ea e trabalhar para reduzir essas diferen\u00e7as.<\/p>\n<p>Mas voltando \u00e0 cerim\u00f4nia de abertura. A chegada ao Maracan\u00e3 foi feita sem sobressaltos. Acessibilidade funcionando, fila e entrada preferencial em ordem &#8211; aproveitando pra lembrar que muitos pa\u00edses n\u00e3o t\u00eam prioridade na fila para pessoas com mobilidade reduzida e a nossa \u00e9 garantida por lei &#8211; essa pegou!<\/p>\n<p>A expectativa estava grande. Marcelo Rubens Paiva, um dos coordenadores da abertura, entra no Maracan\u00e3 em sua cadeira motorizada, acompanhado pelo mascote paral\u00edmpico Tom &#8211; que desde sempre achei muito mais simp\u00e1tico que o colega Vinicius. Como bom mestre de cerim\u00f4nias, fala sobre a cerim\u00f4nia, enquanto evolui pra frente, pra tr\u00e1s, pros lados, em sua cadeira. A modelo Fernanda Lima se junta a ele e s\u00e3o dadas algumas instru\u00e7\u00f5es para participa\u00e7\u00e3o do p\u00fablico no espet\u00e1culo. O som \u00e9 dif\u00edcil de entender l\u00e1 da arquibancada e n\u00e3o h\u00e1 legendagem nos tel\u00f5es.<\/p>\n<p><img loading=\"lazy\" decoding=\"async\" class=\"alignnone wp-image-29707\" src=\"http:\/\/inclusivenews.com.br\/wp-content\/uploads\/IMG_5115.jpg\" alt=\"no estadio, telao mostra fundo laranja e o rosto da atriz cleo pires em primeiro plano.\" width=\"476\" height=\"357\" \/><\/p>\n<p>A abertura de fato se d\u00e1 com uma contagem regressiva no tel\u00e3o e depois em enormes n\u00fameros feitos em tecido presos no alto do est\u00e1dio &#8211; alguns deles n\u00e3o desenrolam completamente. Tanto faz, o clima era \u00f3timo. Um v\u00eddeo mostra o ex-atleta e atual presidente do comit\u00ea paral\u00edmpico internacional, Sir Francis Drake, perambulando em sua cadeira por paisagens brasileiras. Provavelmente quem viu de casa o evento televisionado teve uma perspectiva melhor. O tel\u00e3o n\u00e3o era grande o suficiente para ser vis\u00edvel. J\u00e1 a tela onde Cleo Pires apareceu falando sobre as Paralimp\u00edadas era bem clara. Sob o fundo laranja, a &#8220;Embaixadora&#8221; do Comit\u00ea Paral\u00edmpico, aquela que ficou conhecida por ter tido a ideia brilhante de ter seu bra\u00e7o amputado graficamente para &#8220;representar&#8221; uma atleta paral\u00edmpica, falou em portugu\u00eas e em ingl\u00eas sobre\u00a0inclus\u00e3o&#8230; mas e a janela de Libras? E as legendas? Como pode o texto inicial e mais importante da cerim\u00f4nia n\u00e3o ter acessibilidade? Em qualquer propaganda pol\u00edtica de vereador tem legenda e janela de Libras. \u00a0Como n\u00e3o mostrar ao mundo que estava acompanhando esse momento, que o Brasil, mesmo que parcialmente, segue as normas de acessibilidade? A deputada Mara Gabrilli, cadeirante e relatora da nossa Lei Brasileira de Inclus\u00e3o estava l\u00e1 na tribuna das autoridades assistindo tudo, o senador Rom\u00e1rio, relator da lei no Senado participou ativamente da organiza\u00e7\u00e3o.\u00a0Que contradi\u00e7\u00e3o!\u00a0Que enorme oportunidade perdida e que falta de respeito para com as pessoas a que o evento se dedica!<\/p>\n<p>Em seguida, Aaron Wheelz desce uma enorme rampa em sua cadeira, em meio a fogos, e d\u00e1 um salto mortal. A galera vai ao del\u00edrio! Uma roda de samba e uma coreografia que envolveu rodas, trazidas por bailarinos com e sem defici\u00eancia, tomou o centro da arena.\u00a0A tela branca no meio do est\u00e1dio vira um a piscina e o medalhista Daniel Dias \u00e9 projetado nadando. Lindo! O cen\u00e1rio se trasforma numa praia inclusiva, onde cabem todos: o pessoal simulando o nado e o surfe em skates, vendedores de mate e biscoito Globo! Vejo as cadeiras adaptadas da ONG Adaptsurfe, e me alegro da minha filha fazer parte do projeto. O sol \u00e9 um enorme bal\u00e3o infl\u00e1vel.<\/p>\n<p><img loading=\"lazy\" decoding=\"async\" class=\"alignnone wp-image-29708\" src=\"http:\/\/inclusivenews.com.br\/wp-content\/uploads\/IMG_5143.jpg\" alt=\"imagem de longe mostra varias pessoas com guarda-sois, vendedores de mate, cadeiras de rodas adaptadas, simulando uma praia.\" width=\"559\" height=\"419\" \/><\/p>\n<p>O Hino nacional estilizado tocado linda e lentamente por Jo\u00e3o Carlos Martins, enquanto a bandeira brasileira subia e o pessoal da praia levantava paineis formando a bandeira brasileira foi um momento bel\u00edssimo.<\/p>\n<p>Em seguida, o desfile dos atletas paral\u00edmpicos que, conforme explicado do Rubens Paiva, entraram no meio da festa, ao inv\u00e9s do final, pra poderem ver o espet\u00e1culo. Ponto para os organizadores. Cada nome de pa\u00eds era estampado numa pe\u00e7a de quebra-cabe\u00e7a &#8211; o s\u00edmbolo do autismo &#8211; e no meio do palco ia se formando um enorme cora\u00e7\u00e3o, formado pelos rostos dos atletas, montado por dezenas de pessoas lideradas pelo artista pl\u00e1stico Vik Muniz. As estrelas do evento chegaram em todas as formas e de todos os jeitos, cadeira, burka, bengala, chap\u00e9u&#8230; Foram recebidas calorosamente pelo Maracan\u00e3 lotado, que veio abaixo com a entrada da enorme e animad\u00edssima delega\u00e7\u00e3o brasileira, encabe\u00e7ada pela porta-bandeira Shirlene Coelho.<\/p>\n<p>Terminado o desfile, um dos momentos mais criativos &#8211; figuras vestindo preto com bengalas iluminadas nas m\u00e3os fazem desenhos no palco no escuro. O p\u00fablico acende seus celulares enfeitando a cena. Em outra super sacada, os pictogramas que representam esportes paral\u00edmpicos ganham movimento entrando por uma arma\u00e7\u00e3o simulando um cinemat\u00f3grafo. Muitos aplausos. Mas o que ser\u00e1 que os cegos que est\u00e3o assistindo a cerim\u00f4nia no est\u00e1dio ou em casa est\u00e3o achando disso tudo? Ser\u00e1 que teve audiodescri\u00e7\u00e3o?, penso com meus bot\u00f5es.<\/p>\n<p>A atleta dos jogos de inverno Amy Purdy, surge, graciosa, orgulhosa e empoderada, evoluindo ao lado de um rob\u00f4 e sambando do alto de seus ganchos. Uma bela imagem. Met\u00e1fora para a tecnologia a servi\u00e7o da acessibilidade?<\/p>\n<p>O momento considerado o mais emocionante da cerim\u00f4nia, foi na verdade o que mais me incomodou. Um v\u00eddeo &#8211; sem acessibilidade &#8211; mostrava crian\u00e7as com defici\u00eancia usando botas que permitiam que elas ficassem de p\u00e9 junto com os pais e jogassem bola. Mas essas crian\u00e7as v\u00e3o depender dos pais a vida toda? N\u00e3o v\u00e3o jogar bola com outras crian\u00e7as? Que mensagem passou esse video? O Brasil \u00e9 campe\u00e3o em inclus\u00e3o escolar, com esse direito\u00a0referendado pelo Supremo Tribunal Federal! O \u00fanico pa\u00eds do mundo que fez isso! Por que n\u00e3o mostramos?\u00a0Adoraria ter visto um v\u00eddeo em que crian\u00e7as usando cadeiras de roda motorizadas ou andadores, ou mesmo apoiadas por seus pares, jogassem bola junto com os colegas da escola. \u00a0Pra mim, a imagem foi apelativa e a musiquinha condescendente, totalmente &#8220;inspiracional&#8221;, transmitia tudo o que queremos evitar &#8211; a pena daquelas criancinhas. Como se n\u00e3o fosse suficiente, elas apareceram\u00a0em seguida ao vivo, ao lado dos pais carregando a bandeira Paral\u00edmpica. Pausa para o choro. Grrrr&#8230;&#8230;<\/p>\n<p>Video mostrado:<\/p>\n<p><a href=\"http:\/\/globotv.globo.com\/sportv\/paralimpiadas-2016\/v\/bandeira-paralimpica-e-conduzida-por-criancas-com-ajuda-dos-pais\/5289770\/\">http:\/\/globotv.globo.com\/sportv\/paralimpiadas-2016\/v\/bandeira-paralimpica-e-conduzida-por-criancas-com-ajuda-dos-pais\/5289770\/<\/a><\/p>\n<p>O discurso de Carlos Nuzman do Comit\u00ea Ol\u00edmpico e Drake do Paral\u00edmpico, teve legendas em portugu\u00eas e ingl\u00eas projetadas nos tel\u00f5es.\u00a0Falavam de acessibilidade e inclus\u00e3o. Pois \u00e9, muito discurso e pouca pr\u00e1tica.<\/p>\n<p><img loading=\"lazy\" decoding=\"async\" class=\"alignnone wp-image-29709\" src=\"http:\/\/inclusivenews.com.br\/wp-content\/uploads\/IMG_5164.jpg\" alt=\"telao no estadio mostra legendas sobre fundo preto, em ingles e portugues - bem-vindo ao Rio de Janeiro.\" width=\"555\" height=\"416\" \/><\/p>\n<p>A tocha chegou, empunhada por atletas, inclusive a medalhista Marcia Malsar que, sob forte chuva e usando bengala, escorregou, caiu, levantou, sacudiu as gotas de chuva e voltou a empunhar a tocha, sob aplausos. Este sim, um momento emocionante e empoderador. Clodoaldo Silva rolou rampa acima e acendeu a pira. Linda cena.<\/p>\n<p>Na sequ\u00eancia, chega Seu Jorge para cantar as m\u00fasicas de despedida: &#8220;E vamos \u00e0 Luta&#8221;, lembrando que \u00e9 preciso ainda muita luta pra alcan\u00e7armos a acessibilidade, a equipara\u00e7\u00e3o de oportunidades e a inclus\u00e3o de todos. O que foi refor\u00e7ado pela segunda can\u00e7\u00e3o entoada pelo Seu Jorge, &#8220;\u00c9 preciso saber viver&#8221;, cl\u00e1ssico do Rei Roberto Carlos. Pode ser que o dia que o pr\u00f3prio Roberto cantar de bermuda, assumindo sua pr\u00f3tese na perna, a gente chegue l\u00e1.<\/p>\n<p>Unifica\u00e7\u00e3o dos Jogos, Acessibilidade e Inclus\u00e3o J\u00e1!<\/p>\n<p>http:\/\/www.inclusive.org.br\/arquivos\/29661<\/p>\n<p>Por Patricia Almeida<\/p>\n<p>Gadim Brasil &#8211; Alian\u00e7a Global para Inclus\u00e3o das Pessoas com Defici\u00eancia na M\u00eddia e Entretenimento<\/p>\n<p><a href=\"http:\/\/www.gadimbrasil.org.br\">www.gadimbrasil.org.br<\/a><\/p>\n<p>Inclusive &#8211; Inclus\u00e3o e Cidadania<\/p>\n<p><a href=\"http:\/\/www.inclusive.org.br\">www.inclusive.org.br<\/a><\/p>\n<p>&nbsp;<\/p>\n<p>&nbsp;<\/p>\n<p>&nbsp;<\/p>\n","protected":false},"excerpt":{"rendered":"<p>O espet\u00e1culo foi bonito, mas pecou pela falta de acessibilidade na comunica\u00e7\u00e3o e representatividade. A\u00a0falta de patroc\u00ednio e exclus\u00e3o na transmiss\u00e3o dos principais canais da TV aberta j\u00e1 s\u00e3o costumeiros &#8211; em Londres tamb\u00e9m foi assim, e aponta para\u00a0o j\u00e1 usual\u00a0desinteresse pelas pessoas com defici\u00eancia. Mas n\u00e3o podemos nos conformar. N\u00e3o somos todos paral\u00edmpicos? Unifica\u00e7\u00e3o, [&hellip;]<\/p>\n","protected":false},"author":1,"featured_media":0,"comment_status":"open","ping_status":"open","sticky":false,"template":"","format":"standard","meta":{"site-container-style":"default","site-container-layout":"default","site-sidebar-layout":"default","disable-article-header":"default","disable-site-header":"default","disable-site-footer":"default","disable-content-area-spacing":"default","footnotes":""},"categories":[44,38,11,6,388,48,4,8,376],"tags":[],"class_list":["post-29705","post","type-post","status-publish","format-standard","hentry","category-acessibilidade","category-deficiencia","category-direitos-humanos","category-educacao","category-gadim","category-inclusao","category-noticias","category-textos-e-artigos","category-showz"],"yoast_head":"<!-- This site is optimized with the Yoast SEO plugin v27.4 - https:\/\/yoast.com\/product\/yoast-seo-wordpress\/ -->\n<title>Inclus\u00e3o \u00e9 o Roberto Carlos cantando de bermuda -<\/title>\n<meta name=\"robots\" content=\"index, follow, max-snippet:-1, max-image-preview:large, max-video-preview:-1\" \/>\n<link rel=\"canonical\" href=\"https:\/\/inclusivenews.com.br\/?p=29705\" \/>\n<meta property=\"og:locale\" content=\"pt_PT\" \/>\n<meta property=\"og:type\" content=\"article\" \/>\n<meta property=\"og:title\" content=\"Inclus\u00e3o \u00e9 o Roberto Carlos cantando de bermuda -\" \/>\n<meta property=\"og:description\" content=\"O espet\u00e1culo foi bonito, mas pecou pela falta de acessibilidade na comunica\u00e7\u00e3o e representatividade. A\u00a0falta de patroc\u00ednio e exclus\u00e3o na transmiss\u00e3o dos principais canais da TV aberta j\u00e1 s\u00e3o costumeiros &#8211; em Londres tamb\u00e9m foi assim, e aponta para\u00a0o j\u00e1 usual\u00a0desinteresse pelas pessoas com defici\u00eancia. Mas n\u00e3o podemos nos conformar. N\u00e3o somos todos paral\u00edmpicos? Unifica\u00e7\u00e3o, [&hellip;]\" \/>\n<meta property=\"og:url\" content=\"https:\/\/inclusivenews.com.br\/?p=29705\" \/>\n<meta property=\"article:publisher\" content=\"https:\/\/www.facebook.com\/agenciainclusive\/\" \/>\n<meta property=\"article:published_time\" content=\"2016-09-08T13:56:38+00:00\" \/>\n<meta property=\"og:image\" content=\"http:\/\/inclusivenews.com.br\/wp-content\/uploads\/IMG_5183.jpg\" \/>\n<meta name=\"author\" content=\"inclusivenews2024\" \/>\n<meta name=\"twitter:card\" content=\"summary_large_image\" \/>\n<meta name=\"twitter:label1\" content=\"Escrito por\" \/>\n\t<meta name=\"twitter:data1\" content=\"inclusivenews2024\" \/>\n\t<meta name=\"twitter:label2\" content=\"Tempo estimado de leitura\" \/>\n\t<meta name=\"twitter:data2\" content=\"8 minutos\" \/>\n<script type=\"application\/ld+json\" class=\"yoast-schema-graph\">{\"@context\":\"https:\\\/\\\/schema.org\",\"@graph\":[{\"@type\":\"Article\",\"@id\":\"https:\\\/\\\/inclusivenews.com.br\\\/?p=29705#article\",\"isPartOf\":{\"@id\":\"https:\\\/\\\/inclusivenews.com.br\\\/?p=29705\"},\"author\":{\"name\":\"inclusivenews2024\",\"@id\":\"https:\\\/\\\/inclusivenews.com.br\\\/#\\\/schema\\\/person\\\/ae4ec7087559b8692fb33b6fffd2273b\"},\"headline\":\"Inclus\u00e3o \u00e9 o Roberto Carlos cantando de bermuda\",\"datePublished\":\"2016-09-08T13:56:38+00:00\",\"mainEntityOfPage\":{\"@id\":\"https:\\\/\\\/inclusivenews.com.br\\\/?p=29705\"},\"wordCount\":1562,\"commentCount\":0,\"publisher\":{\"@id\":\"https:\\\/\\\/inclusivenews.com.br\\\/#organization\"},\"image\":{\"@id\":\"https:\\\/\\\/inclusivenews.com.br\\\/?p=29705#primaryimage\"},\"thumbnailUrl\":\"http:\\\/\\\/inclusivenews.com.br\\\/wp-content\\\/uploads\\\/IMG_5183.jpg\",\"articleSection\":[\"ACESSIBILIDADE\",\"Defici\u00eancia\",\"DIREITOS HUMANOS\",\"EDUCA\u00c7\u00c3O\",\"GADIM\",\"INCLUS\u00c3O SOCIAL\",\"NOT\u00cdCIAS\",\"OPINI\u00c3O\",\"SHOWZ\"],\"inLanguage\":\"pt-PT\",\"potentialAction\":[{\"@type\":\"CommentAction\",\"name\":\"Comment\",\"target\":[\"https:\\\/\\\/inclusivenews.com.br\\\/?p=29705#respond\"]}]},{\"@type\":\"WebPage\",\"@id\":\"https:\\\/\\\/inclusivenews.com.br\\\/?p=29705\",\"url\":\"https:\\\/\\\/inclusivenews.com.br\\\/?p=29705\",\"name\":\"Inclus\u00e3o \u00e9 o Roberto Carlos cantando de bermuda -\",\"isPartOf\":{\"@id\":\"https:\\\/\\\/inclusivenews.com.br\\\/#website\"},\"primaryImageOfPage\":{\"@id\":\"https:\\\/\\\/inclusivenews.com.br\\\/?p=29705#primaryimage\"},\"image\":{\"@id\":\"https:\\\/\\\/inclusivenews.com.br\\\/?p=29705#primaryimage\"},\"thumbnailUrl\":\"http:\\\/\\\/inclusivenews.com.br\\\/wp-content\\\/uploads\\\/IMG_5183.jpg\",\"datePublished\":\"2016-09-08T13:56:38+00:00\",\"breadcrumb\":{\"@id\":\"https:\\\/\\\/inclusivenews.com.br\\\/?p=29705#breadcrumb\"},\"inLanguage\":\"pt-PT\",\"potentialAction\":[{\"@type\":\"ReadAction\",\"target\":[\"https:\\\/\\\/inclusivenews.com.br\\\/?p=29705\"]}]},{\"@type\":\"ImageObject\",\"inLanguage\":\"pt-PT\",\"@id\":\"https:\\\/\\\/inclusivenews.com.br\\\/?p=29705#primaryimage\",\"url\":\"\",\"contentUrl\":\"\"},{\"@type\":\"BreadcrumbList\",\"@id\":\"https:\\\/\\\/inclusivenews.com.br\\\/?p=29705#breadcrumb\",\"itemListElement\":[{\"@type\":\"ListItem\",\"position\":1,\"name\":\"In\u00edcio\",\"item\":\"https:\\\/\\\/inclusivenews.com.br\\\/\"},{\"@type\":\"ListItem\",\"position\":2,\"name\":\"Inclus\u00e3o \u00e9 o Roberto Carlos cantando de bermuda\"}]},{\"@type\":\"WebSite\",\"@id\":\"https:\\\/\\\/inclusivenews.com.br\\\/#website\",\"url\":\"https:\\\/\\\/inclusivenews.com.br\\\/\",\"name\":\"Inclusive News\",\"description\":\"Inclusive News\",\"publisher\":{\"@id\":\"https:\\\/\\\/inclusivenews.com.br\\\/#organization\"},\"potentialAction\":[{\"@type\":\"SearchAction\",\"target\":{\"@type\":\"EntryPoint\",\"urlTemplate\":\"https:\\\/\\\/inclusivenews.com.br\\\/?s={search_term_string}\"},\"query-input\":{\"@type\":\"PropertyValueSpecification\",\"valueRequired\":true,\"valueName\":\"search_term_string\"}}],\"inLanguage\":\"pt-PT\"},{\"@type\":\"Organization\",\"@id\":\"https:\\\/\\\/inclusivenews.com.br\\\/#organization\",\"name\":\"Inclusive - inclus\u00e3o e cidadania\",\"url\":\"https:\\\/\\\/inclusivenews.com.br\\\/\",\"logo\":{\"@type\":\"ImageObject\",\"inLanguage\":\"pt-PT\",\"@id\":\"https:\\\/\\\/inclusivenews.com.br\\\/#\\\/schema\\\/logo\\\/image\\\/\",\"url\":\"https:\\\/\\\/inclusivenews.com.br\\\/wp-content\\\/uploads\\\/2024\\\/03\\\/@grandesite.png\",\"contentUrl\":\"https:\\\/\\\/inclusivenews.com.br\\\/wp-content\\\/uploads\\\/2024\\\/03\\\/@grandesite.png\",\"width\":1080,\"height\":1080,\"caption\":\"Inclusive - inclus\u00e3o e cidadania\"},\"image\":{\"@id\":\"https:\\\/\\\/inclusivenews.com.br\\\/#\\\/schema\\\/logo\\\/image\\\/\"},\"sameAs\":[\"https:\\\/\\\/www.facebook.com\\\/agenciainclusive\\\/\",\"https:\\\/\\\/www.instagram.com\\\/newsinclusive\\\/\"]},{\"@type\":\"Person\",\"@id\":\"https:\\\/\\\/inclusivenews.com.br\\\/#\\\/schema\\\/person\\\/ae4ec7087559b8692fb33b6fffd2273b\",\"name\":\"inclusivenews2024\",\"image\":{\"@type\":\"ImageObject\",\"inLanguage\":\"pt-PT\",\"@id\":\"https:\\\/\\\/secure.gravatar.com\\\/avatar\\\/c5a7ef84c66fa914f55bc4f7ce26cfa275a3b9a1c5568b907bd184fb4dde7b40?s=96&d=mm&r=g\",\"url\":\"https:\\\/\\\/secure.gravatar.com\\\/avatar\\\/c5a7ef84c66fa914f55bc4f7ce26cfa275a3b9a1c5568b907bd184fb4dde7b40?s=96&d=mm&r=g\",\"contentUrl\":\"https:\\\/\\\/secure.gravatar.com\\\/avatar\\\/c5a7ef84c66fa914f55bc4f7ce26cfa275a3b9a1c5568b907bd184fb4dde7b40?s=96&d=mm&r=g\",\"caption\":\"inclusivenews2024\"},\"sameAs\":[\"https:\\\/\\\/inclusivenews.com.br\"],\"url\":\"https:\\\/\\\/inclusivenews.com.br\\\/?author=1\"}]}<\/script>\n<!-- \/ Yoast SEO plugin. -->","yoast_head_json":{"title":"Inclus\u00e3o \u00e9 o Roberto Carlos cantando de bermuda -","robots":{"index":"index","follow":"follow","max-snippet":"max-snippet:-1","max-image-preview":"max-image-preview:large","max-video-preview":"max-video-preview:-1"},"canonical":"https:\/\/inclusivenews.com.br\/?p=29705","og_locale":"pt_PT","og_type":"article","og_title":"Inclus\u00e3o \u00e9 o Roberto Carlos cantando de bermuda -","og_description":"O espet\u00e1culo foi bonito, mas pecou pela falta de acessibilidade na comunica\u00e7\u00e3o e representatividade. A\u00a0falta de patroc\u00ednio e exclus\u00e3o na transmiss\u00e3o dos principais canais da TV aberta j\u00e1 s\u00e3o costumeiros &#8211; em Londres tamb\u00e9m foi assim, e aponta para\u00a0o j\u00e1 usual\u00a0desinteresse pelas pessoas com defici\u00eancia. Mas n\u00e3o podemos nos conformar. N\u00e3o somos todos paral\u00edmpicos? Unifica\u00e7\u00e3o, [&hellip;]","og_url":"https:\/\/inclusivenews.com.br\/?p=29705","article_publisher":"https:\/\/www.facebook.com\/agenciainclusive\/","article_published_time":"2016-09-08T13:56:38+00:00","og_image":[{"url":"http:\/\/inclusivenews.com.br\/wp-content\/uploads\/IMG_5183.jpg","type":"","width":"","height":""}],"author":"inclusivenews2024","twitter_card":"summary_large_image","twitter_misc":{"Escrito por":"inclusivenews2024","Tempo estimado de leitura":"8 minutos"},"schema":{"@context":"https:\/\/schema.org","@graph":[{"@type":"Article","@id":"https:\/\/inclusivenews.com.br\/?p=29705#article","isPartOf":{"@id":"https:\/\/inclusivenews.com.br\/?p=29705"},"author":{"name":"inclusivenews2024","@id":"https:\/\/inclusivenews.com.br\/#\/schema\/person\/ae4ec7087559b8692fb33b6fffd2273b"},"headline":"Inclus\u00e3o \u00e9 o Roberto Carlos cantando de bermuda","datePublished":"2016-09-08T13:56:38+00:00","mainEntityOfPage":{"@id":"https:\/\/inclusivenews.com.br\/?p=29705"},"wordCount":1562,"commentCount":0,"publisher":{"@id":"https:\/\/inclusivenews.com.br\/#organization"},"image":{"@id":"https:\/\/inclusivenews.com.br\/?p=29705#primaryimage"},"thumbnailUrl":"http:\/\/inclusivenews.com.br\/wp-content\/uploads\/IMG_5183.jpg","articleSection":["ACESSIBILIDADE","Defici\u00eancia","DIREITOS HUMANOS","EDUCA\u00c7\u00c3O","GADIM","INCLUS\u00c3O SOCIAL","NOT\u00cdCIAS","OPINI\u00c3O","SHOWZ"],"inLanguage":"pt-PT","potentialAction":[{"@type":"CommentAction","name":"Comment","target":["https:\/\/inclusivenews.com.br\/?p=29705#respond"]}]},{"@type":"WebPage","@id":"https:\/\/inclusivenews.com.br\/?p=29705","url":"https:\/\/inclusivenews.com.br\/?p=29705","name":"Inclus\u00e3o \u00e9 o Roberto Carlos cantando de bermuda -","isPartOf":{"@id":"https:\/\/inclusivenews.com.br\/#website"},"primaryImageOfPage":{"@id":"https:\/\/inclusivenews.com.br\/?p=29705#primaryimage"},"image":{"@id":"https:\/\/inclusivenews.com.br\/?p=29705#primaryimage"},"thumbnailUrl":"http:\/\/inclusivenews.com.br\/wp-content\/uploads\/IMG_5183.jpg","datePublished":"2016-09-08T13:56:38+00:00","breadcrumb":{"@id":"https:\/\/inclusivenews.com.br\/?p=29705#breadcrumb"},"inLanguage":"pt-PT","potentialAction":[{"@type":"ReadAction","target":["https:\/\/inclusivenews.com.br\/?p=29705"]}]},{"@type":"ImageObject","inLanguage":"pt-PT","@id":"https:\/\/inclusivenews.com.br\/?p=29705#primaryimage","url":"","contentUrl":""},{"@type":"BreadcrumbList","@id":"https:\/\/inclusivenews.com.br\/?p=29705#breadcrumb","itemListElement":[{"@type":"ListItem","position":1,"name":"In\u00edcio","item":"https:\/\/inclusivenews.com.br\/"},{"@type":"ListItem","position":2,"name":"Inclus\u00e3o \u00e9 o Roberto Carlos cantando de bermuda"}]},{"@type":"WebSite","@id":"https:\/\/inclusivenews.com.br\/#website","url":"https:\/\/inclusivenews.com.br\/","name":"Inclusive News","description":"Inclusive News","publisher":{"@id":"https:\/\/inclusivenews.com.br\/#organization"},"potentialAction":[{"@type":"SearchAction","target":{"@type":"EntryPoint","urlTemplate":"https:\/\/inclusivenews.com.br\/?s={search_term_string}"},"query-input":{"@type":"PropertyValueSpecification","valueRequired":true,"valueName":"search_term_string"}}],"inLanguage":"pt-PT"},{"@type":"Organization","@id":"https:\/\/inclusivenews.com.br\/#organization","name":"Inclusive - inclus\u00e3o e cidadania","url":"https:\/\/inclusivenews.com.br\/","logo":{"@type":"ImageObject","inLanguage":"pt-PT","@id":"https:\/\/inclusivenews.com.br\/#\/schema\/logo\/image\/","url":"https:\/\/inclusivenews.com.br\/wp-content\/uploads\/2024\/03\/@grandesite.png","contentUrl":"https:\/\/inclusivenews.com.br\/wp-content\/uploads\/2024\/03\/@grandesite.png","width":1080,"height":1080,"caption":"Inclusive - inclus\u00e3o e cidadania"},"image":{"@id":"https:\/\/inclusivenews.com.br\/#\/schema\/logo\/image\/"},"sameAs":["https:\/\/www.facebook.com\/agenciainclusive\/","https:\/\/www.instagram.com\/newsinclusive\/"]},{"@type":"Person","@id":"https:\/\/inclusivenews.com.br\/#\/schema\/person\/ae4ec7087559b8692fb33b6fffd2273b","name":"inclusivenews2024","image":{"@type":"ImageObject","inLanguage":"pt-PT","@id":"https:\/\/secure.gravatar.com\/avatar\/c5a7ef84c66fa914f55bc4f7ce26cfa275a3b9a1c5568b907bd184fb4dde7b40?s=96&d=mm&r=g","url":"https:\/\/secure.gravatar.com\/avatar\/c5a7ef84c66fa914f55bc4f7ce26cfa275a3b9a1c5568b907bd184fb4dde7b40?s=96&d=mm&r=g","contentUrl":"https:\/\/secure.gravatar.com\/avatar\/c5a7ef84c66fa914f55bc4f7ce26cfa275a3b9a1c5568b907bd184fb4dde7b40?s=96&d=mm&r=g","caption":"inclusivenews2024"},"sameAs":["https:\/\/inclusivenews.com.br"],"url":"https:\/\/inclusivenews.com.br\/?author=1"}]}},"_links":{"self":[{"href":"https:\/\/inclusivenews.com.br\/index.php?rest_route=\/wp\/v2\/posts\/29705","targetHints":{"allow":["GET"]}}],"collection":[{"href":"https:\/\/inclusivenews.com.br\/index.php?rest_route=\/wp\/v2\/posts"}],"about":[{"href":"https:\/\/inclusivenews.com.br\/index.php?rest_route=\/wp\/v2\/types\/post"}],"author":[{"embeddable":true,"href":"https:\/\/inclusivenews.com.br\/index.php?rest_route=\/wp\/v2\/users\/1"}],"replies":[{"embeddable":true,"href":"https:\/\/inclusivenews.com.br\/index.php?rest_route=%2Fwp%2Fv2%2Fcomments&post=29705"}],"version-history":[{"count":0,"href":"https:\/\/inclusivenews.com.br\/index.php?rest_route=\/wp\/v2\/posts\/29705\/revisions"}],"wp:attachment":[{"href":"https:\/\/inclusivenews.com.br\/index.php?rest_route=%2Fwp%2Fv2%2Fmedia&parent=29705"}],"wp:term":[{"taxonomy":"category","embeddable":true,"href":"https:\/\/inclusivenews.com.br\/index.php?rest_route=%2Fwp%2Fv2%2Fcategories&post=29705"},{"taxonomy":"post_tag","embeddable":true,"href":"https:\/\/inclusivenews.com.br\/index.php?rest_route=%2Fwp%2Fv2%2Ftags&post=29705"}],"curies":[{"name":"wp","href":"https:\/\/api.w.org\/{rel}","templated":true}]}}