{"id":29718,"date":"2016-09-09T23:48:48","date_gmt":"2016-09-10T02:48:48","guid":{"rendered":"http:\/\/www.inclusive.org.br\/?p=29718"},"modified":"2016-09-09T23:48:48","modified_gmt":"2016-09-10T02:48:48","slug":"e-hora-de-tirar-a-deficiencia-do-armario-quem-tem-roberto-carlos-nao-precisa-de-cleo-pires","status":"publish","type":"post","link":"https:\/\/inclusivenews.com.br\/?p=29718","title":{"rendered":"\u00c9 hora de tirar a defici\u00eancia do arm\u00e1rio: quem tem Roberto Carlos, n\u00e3o precisa de Cleo Pires"},"content":{"rendered":"<p class=\"font_7\"><img loading=\"lazy\" decoding=\"async\" class=\"alignnone wp-image-24681\" src=\"http:\/\/inclusivenews.com.br\/wp-content\/uploads\/armario.jpg\" alt=\"Ilustra\u00e7\u00e3o de arm\u00e1rio com a porta entreaberta, dentro do qual se v\u00eaem apenas dois olhos, observando.\" width=\"247\" height=\"315\" \/><\/p>\n<p class=\"font_7\">As Paralimp\u00edadas s\u00e3o a melhor oportunidade que j\u00e1 tivemos na vida de falarmos sobre o estigma que a defici\u00eancia carrega no Brasil. Ningu\u00e9m fala sobre isso. Pessoas com defici\u00eancia s\u00f3 alcan\u00e7am alguma notoriedade ou exposi\u00e7\u00e3o na m\u00eddia, por exemplo, quando \u201cderrubam\u201d alguma \u201cbarreira\u201d e se transformam em \u201cexemplos de supera\u00e7\u00e3o\u201d ou \u201cinspira\u00e7\u00e3o\u201d, como nossos \u201cher\u00f3is paral\u00edmpicos\u201d, os \u201csuperhumanos\u201d.<\/p>\n<p>Que tal falarmos apenas de humanos?<\/p>\n<p>Aproveitando a onda empoderadora dos movimentos negro, feminista, LGBT, entre outros, t\u00e1 mais do que na hora de tirar a defici\u00eancia do arm\u00e1rio e trat\u00e1-la de forma natural, como parte da identidade e da vida das pessoas, sem vergonhas ou receio de despertar \u201cpena\u201d. Ter uma defici\u00eancia n\u00e3o \u00e9 ser menos que ningu\u00e9m. O mesmo vale para doen\u00e7as como o c\u00e2ncer, AIDS, Parkinson, Alzheimer, problemas card\u00edacos e transtornos mentais como depress\u00e3o, esquizofrenia, bipolaridade e por a\u00ed vai.<\/p>\n<p>Na nossa cultura, esses assuntos s\u00e3o considerados, delicados, \u00edntimos e, por n\u00e3o serem discutidos abertamente, s\u00e3o tratados como tabu h\u00e1 s\u00e9culos pela nossa sociedade. Sua av\u00f3 sussurra ou faz uma express\u00e3o tr\u00e1gica pra falar a palavra c\u00e2ncer? Ou pior, nem d\u00e1 nome aos bois, referindo-se \u201c\u00e0quela doen\u00e7a\u201d? Pois bem, \u00e9 chegada a hora de, ao inv\u00e9s de baixar a voz, aceitar. E, mais do que isso, assumir essas condi\u00e7\u00f5es como parte de n\u00f3s mesmos. Ningu\u00e9m precisa se tornar ativista da noite pro dia, basta parar de tentar esconder o que \u00e9, ou o que tem.<\/p>\n<p>Mas por que isso \u00e9 t\u00e3o importante?<\/p>\n<p>Esconder uma defici\u00eancia ou doen\u00e7a contribui para o que chamamos de ciclo da invisibilidade &#8211; a pessoa com defici\u00eancia n\u00e3o sai de casa. Sem sair de casa, ela n\u00e3o \u00e9 vista e medidas que garantam sua inclus\u00e3o n\u00e3o s\u00e3o providenciadas. Elas continuam sendo ignoradas e permanecem invis\u00edveis.<\/p>\n<p>Em geral, algu\u00e9m s\u00f3 tem contato com pessoas com defici\u00eancia se recebe algu\u00e9m na fam\u00edlia ou se adquire alguma limita\u00e7\u00e3o por obra do destino. Ali\u00e1s, vale lembrar que, se voc\u00ea n\u00e3o morrer cedo, \u00e9 quase certo que ter\u00e1 um ou mais tipos de defici\u00eancia at\u00e9 o fim da vida. \u00c9 bom pensar nisso antes de reclamar do custo de alguma obra de acessibilidade.<\/p>\n<p>Voc\u00ea sabia que as pessoas com defici\u00eancia formam a maior das minorias? Existe 1 bilh\u00e3o de pessoas no mundo, 80% delas em pa\u00edses em desenvolvimento. No Brasil, correspondem a 23,9% da popula\u00e7\u00e3o, segundo o Censo 2010. Isso \u00e9 quase um em cada quatro brasileiros. Mas ser\u00e1 que 1 em cada 4 de seus amigos, colegas de escola ou trabalho tem uma defici\u00eancia?<\/p>\n<p>Onde ser\u00e1 que est\u00e3o essas pessoas? Algumas habitam o tal ciclo da invisibilidade. Outras est\u00e3o inclu\u00eddas por a\u00ed, mas preferem esconder suas defici\u00eancias.<\/p>\n<p>E isso me leva ao Roberto Carlos.<\/p>\n<p>Doeu no cora\u00e7\u00e3o, ao assistir ao espet\u00e1culo de abertura dos Jogos Paral\u00edmpicos, ouvir a can\u00e7\u00e3o\u00a0 ic\u00f4nica do rei, \u201c\u00c9 Preciso saber Viver\u201d, entoada pelo Seu Jorge. Nada contra o Seu Jorge. Mas imaginem o impacto na m\u00eddia nacional e internacional, se Roberto aparecesse no palco assumindo sua pr\u00f3tese na perna como a linda modelo e atleta Amy Purdy, ou os milhares de atletas paral\u00edmpicos do mundo inteiro que desfilaram com orgulho e alegria por serem quem s\u00e3o no Maracan\u00e3! Isso sim seria uma mensagem digna do mote #SomosTodosParal\u00edmpicos, e n\u00e3o a amputa\u00e7\u00e3o Photoshopada da Cleo Pires. Temos celebridades aut\u00eanticas para chamar aten\u00e7\u00e3o para os Jogos, n\u00e3o precisamos de fake.<\/p>\n<p>Pra continuar na realeza, outro que fez falta foi Pel\u00e9. Mas nossa sociedade prefere n\u00e3o ver a imagem do maior atleta de todos os tempos numa cadeira de rodas ou usando um andador. Preferimos guardar na mem\u00f3ria o momento do seu mil\u00e9simo gol e tapar o sol com a peneira. Que tal encarar o fato de que esse de hoje \u00e9 o mesmo Pel\u00e9? Faz parte da vida. Simples assim. \u00c9 tabu falar de defici\u00eancias e doen\u00e7as. Ningu\u00e9m comenta. Ningu\u00e9m faz perguntas em entrevistas por considerar constrangedor ou invasivo. Funciona como uma regra n\u00e3o escrita.<\/p>\n<p>Na abertura das Olimp\u00edadas, ao ler seu discurso o Presidente do Comit\u00ea Ol\u00edmpico, Carlos Alberto Nuzman, exibiu os sintomas de Parkinson. Na abertura das Paralimp\u00edadas usaram um p\u00f3dio para reduzir o movimento involunt\u00e1rio de suas m\u00e3os. Algu\u00e9m comentou isso? N\u00e3o, preferimos olhar para o lado, indiferentes, ignorar, mudar de assunto. Desacostumadas a tratar de defici\u00eancia com naturalidade, no m\u00e1ximo as pessoas lamentam: \u201cVoc\u00ea viu? Coitado\u2026\u201d Coitado nada, Parkinson ou n\u00e3o Parkinson, Nuzman \u00e9 um realizador impressionante! Bola pra frente!<\/p>\n<p>Saindo do arm\u00e1rio.<\/p>\n<p class=\"font_7\">Quando uma personalidade resolve falar sobre alguma condic\u00e3o, as manchetes pululam: \u201cExclusivo\u201d, fulano corajosamente \u201crevela\u201d! Esse sensacionalismo s\u00f3 contribui pra piorar o tabu. N\u00e3o \u00e9 de admirar a resist\u00eancia em se expor. H\u00e1 pessoas p\u00fablicas que preferem preservar sua vida privada e devemos respeitar isso.<\/p>\n<p>Recentemente, a cantora Olivia Byington lan\u00e7ou o livro \u201cO que \u00e9 que ele tem?\u201d, em que conta a hist\u00f3ria do filho, Jo\u00e3o, que nasceu com a s\u00edndrome de Apert, h\u00e1 30 anos. Nunca escondeu o fato, mas agora sentiu que era a hora de escrever sobre isso, com verdade, mostrando a vida como ela \u00e9. Em \u00e9poca de Paralimp\u00edadas, a obra tem repercutido positivamente. Numa passagem do livro, a autora escreve \u201cCoisas que acontecem, s\u00e3o da vida e provam que a gente n\u00e3o pode escolher tudo. Lutar contra, querer saber o que foi roubado de voc\u00ea \u00e9 sin\u00f4nimo de frustra\u00e7\u00e3o. N\u00e3o bota ningu\u00e9m para a frente.\u201d<\/p>\n<p>Os primeiros abrir\u00e3o as portas para os pr\u00f3ximos, at\u00e9 que a defici\u00eancia e a doen\u00e7a sejam encaradas de forma natural, apenas como parte da diversidade humana. Pode acreditar que sair do arm\u00e1rio deixa mais leve, al\u00e9m de contribuir para que seu entorno tamb\u00e9m se contamine pela verdade e pela solidariedade.<\/p>\n<p class=\"font_7\">\n<p class=\"font_8\">Por Patricia Almeida &#8211; Jornalista, ativista pelos direitos das pessoas com defici\u00eancia e Mestranda em Estudos da Defici\u00eancia na City University of New York &#8211; CUNY.<\/p>\n<p class=\"font_8\">Fonte: <a href=\"http:\/\/www.gadimbrasil.org\/deficiencia-no-armario\">Gadim Brasil<\/a><\/p>\n","protected":false},"excerpt":{"rendered":"<p>As Paralimp\u00edadas s\u00e3o a melhor oportunidade que j\u00e1 tivemos na vida de falarmos sobre o estigma que a defici\u00eancia carrega no Brasil. Ningu\u00e9m fala sobre isso. Pessoas com defici\u00eancia s\u00f3 alcan\u00e7am alguma notoriedade ou exposi\u00e7\u00e3o na m\u00eddia, por exemplo, quando \u201cderrubam\u201d alguma \u201cbarreira\u201d e se transformam em \u201cexemplos de supera\u00e7\u00e3o\u201d ou \u201cinspira\u00e7\u00e3o\u201d, como nossos \u201cher\u00f3is [&hellip;]<\/p>\n","protected":false},"author":1,"featured_media":0,"comment_status":"open","ping_status":"open","sticky":false,"template":"","format":"standard","meta":{"site-container-style":"default","site-container-layout":"default","site-sidebar-layout":"default","disable-article-header":"default","disable-site-header":"default","disable-site-footer":"default","disable-content-area-spacing":"default","footnotes":""},"categories":[29,38,39,388,48,41,376],"tags":[],"class_list":["post-29718","post","type-post","status-publish","format-standard","hentry","category-cultura","category-deficiencia","category-discriminacao","category-gadim","category-inclusao","category-preconceito","category-showz"],"yoast_head":"<!-- This site is optimized with the Yoast SEO plugin v27.4 - https:\/\/yoast.com\/product\/yoast-seo-wordpress\/ -->\n<title>\u00c9 hora de tirar a defici\u00eancia do arm\u00e1rio: quem tem Roberto Carlos, n\u00e3o precisa de Cleo Pires -<\/title>\n<meta name=\"robots\" content=\"index, follow, max-snippet:-1, max-image-preview:large, max-video-preview:-1\" \/>\n<link rel=\"canonical\" href=\"https:\/\/inclusivenews.com.br\/?p=29718\" \/>\n<meta property=\"og:locale\" content=\"pt_PT\" \/>\n<meta property=\"og:type\" content=\"article\" \/>\n<meta property=\"og:title\" content=\"\u00c9 hora de tirar a defici\u00eancia do arm\u00e1rio: quem tem Roberto Carlos, n\u00e3o precisa de Cleo Pires -\" \/>\n<meta property=\"og:description\" content=\"As Paralimp\u00edadas s\u00e3o a melhor oportunidade que j\u00e1 tivemos na vida de falarmos sobre o estigma que a defici\u00eancia carrega no Brasil. Ningu\u00e9m fala sobre isso. Pessoas com defici\u00eancia s\u00f3 alcan\u00e7am alguma notoriedade ou exposi\u00e7\u00e3o na m\u00eddia, por exemplo, quando \u201cderrubam\u201d alguma \u201cbarreira\u201d e se transformam em \u201cexemplos de supera\u00e7\u00e3o\u201d ou \u201cinspira\u00e7\u00e3o\u201d, como nossos \u201cher\u00f3is [&hellip;]\" \/>\n<meta property=\"og:url\" content=\"https:\/\/inclusivenews.com.br\/?p=29718\" \/>\n<meta property=\"article:publisher\" content=\"https:\/\/www.facebook.com\/agenciainclusive\/\" \/>\n<meta property=\"article:published_time\" content=\"2016-09-10T02:48:48+00:00\" \/>\n<meta property=\"og:image\" content=\"http:\/\/inclusivenews.com.br\/wp-content\/uploads\/armario.jpg\" \/>\n<meta name=\"author\" content=\"inclusivenews2024\" \/>\n<meta name=\"twitter:card\" content=\"summary_large_image\" \/>\n<meta name=\"twitter:label1\" content=\"Escrito por\" \/>\n\t<meta name=\"twitter:data1\" content=\"inclusivenews2024\" \/>\n\t<meta name=\"twitter:label2\" content=\"Tempo estimado de leitura\" \/>\n\t<meta name=\"twitter:data2\" content=\"5 minutos\" \/>\n<script type=\"application\/ld+json\" class=\"yoast-schema-graph\">{\"@context\":\"https:\\\/\\\/schema.org\",\"@graph\":[{\"@type\":\"Article\",\"@id\":\"https:\\\/\\\/inclusivenews.com.br\\\/?p=29718#article\",\"isPartOf\":{\"@id\":\"https:\\\/\\\/inclusivenews.com.br\\\/?p=29718\"},\"author\":{\"name\":\"inclusivenews2024\",\"@id\":\"https:\\\/\\\/inclusivenews.com.br\\\/#\\\/schema\\\/person\\\/ae4ec7087559b8692fb33b6fffd2273b\"},\"headline\":\"\u00c9 hora de tirar a defici\u00eancia do arm\u00e1rio: quem tem Roberto Carlos, n\u00e3o precisa de Cleo Pires\",\"datePublished\":\"2016-09-10T02:48:48+00:00\",\"mainEntityOfPage\":{\"@id\":\"https:\\\/\\\/inclusivenews.com.br\\\/?p=29718\"},\"wordCount\":1077,\"commentCount\":3,\"publisher\":{\"@id\":\"https:\\\/\\\/inclusivenews.com.br\\\/#organization\"},\"image\":{\"@id\":\"https:\\\/\\\/inclusivenews.com.br\\\/?p=29718#primaryimage\"},\"thumbnailUrl\":\"http:\\\/\\\/inclusivenews.com.br\\\/wp-content\\\/uploads\\\/armario.jpg\",\"articleSection\":[\"Cultura\",\"Defici\u00eancia\",\"Discrimina\u00e7\u00e3o\",\"GADIM\",\"INCLUS\u00c3O SOCIAL\",\"Preconceito\",\"SHOWZ\"],\"inLanguage\":\"pt-PT\",\"potentialAction\":[{\"@type\":\"CommentAction\",\"name\":\"Comment\",\"target\":[\"https:\\\/\\\/inclusivenews.com.br\\\/?p=29718#respond\"]}]},{\"@type\":\"WebPage\",\"@id\":\"https:\\\/\\\/inclusivenews.com.br\\\/?p=29718\",\"url\":\"https:\\\/\\\/inclusivenews.com.br\\\/?p=29718\",\"name\":\"\u00c9 hora de tirar a defici\u00eancia do arm\u00e1rio: quem tem Roberto Carlos, n\u00e3o precisa de Cleo Pires -\",\"isPartOf\":{\"@id\":\"https:\\\/\\\/inclusivenews.com.br\\\/#website\"},\"primaryImageOfPage\":{\"@id\":\"https:\\\/\\\/inclusivenews.com.br\\\/?p=29718#primaryimage\"},\"image\":{\"@id\":\"https:\\\/\\\/inclusivenews.com.br\\\/?p=29718#primaryimage\"},\"thumbnailUrl\":\"http:\\\/\\\/inclusivenews.com.br\\\/wp-content\\\/uploads\\\/armario.jpg\",\"datePublished\":\"2016-09-10T02:48:48+00:00\",\"breadcrumb\":{\"@id\":\"https:\\\/\\\/inclusivenews.com.br\\\/?p=29718#breadcrumb\"},\"inLanguage\":\"pt-PT\",\"potentialAction\":[{\"@type\":\"ReadAction\",\"target\":[\"https:\\\/\\\/inclusivenews.com.br\\\/?p=29718\"]}]},{\"@type\":\"ImageObject\",\"inLanguage\":\"pt-PT\",\"@id\":\"https:\\\/\\\/inclusivenews.com.br\\\/?p=29718#primaryimage\",\"url\":\"\",\"contentUrl\":\"\"},{\"@type\":\"BreadcrumbList\",\"@id\":\"https:\\\/\\\/inclusivenews.com.br\\\/?p=29718#breadcrumb\",\"itemListElement\":[{\"@type\":\"ListItem\",\"position\":1,\"name\":\"In\u00edcio\",\"item\":\"https:\\\/\\\/inclusivenews.com.br\\\/\"},{\"@type\":\"ListItem\",\"position\":2,\"name\":\"\u00c9 hora de tirar a defici\u00eancia do arm\u00e1rio: quem tem Roberto Carlos, n\u00e3o precisa de Cleo Pires\"}]},{\"@type\":\"WebSite\",\"@id\":\"https:\\\/\\\/inclusivenews.com.br\\\/#website\",\"url\":\"https:\\\/\\\/inclusivenews.com.br\\\/\",\"name\":\"Inclusive News\",\"description\":\"Inclusive News\",\"publisher\":{\"@id\":\"https:\\\/\\\/inclusivenews.com.br\\\/#organization\"},\"potentialAction\":[{\"@type\":\"SearchAction\",\"target\":{\"@type\":\"EntryPoint\",\"urlTemplate\":\"https:\\\/\\\/inclusivenews.com.br\\\/?s={search_term_string}\"},\"query-input\":{\"@type\":\"PropertyValueSpecification\",\"valueRequired\":true,\"valueName\":\"search_term_string\"}}],\"inLanguage\":\"pt-PT\"},{\"@type\":\"Organization\",\"@id\":\"https:\\\/\\\/inclusivenews.com.br\\\/#organization\",\"name\":\"Inclusive - inclus\u00e3o e cidadania\",\"url\":\"https:\\\/\\\/inclusivenews.com.br\\\/\",\"logo\":{\"@type\":\"ImageObject\",\"inLanguage\":\"pt-PT\",\"@id\":\"https:\\\/\\\/inclusivenews.com.br\\\/#\\\/schema\\\/logo\\\/image\\\/\",\"url\":\"https:\\\/\\\/inclusivenews.com.br\\\/wp-content\\\/uploads\\\/2024\\\/03\\\/@grandesite.png\",\"contentUrl\":\"https:\\\/\\\/inclusivenews.com.br\\\/wp-content\\\/uploads\\\/2024\\\/03\\\/@grandesite.png\",\"width\":1080,\"height\":1080,\"caption\":\"Inclusive - inclus\u00e3o e cidadania\"},\"image\":{\"@id\":\"https:\\\/\\\/inclusivenews.com.br\\\/#\\\/schema\\\/logo\\\/image\\\/\"},\"sameAs\":[\"https:\\\/\\\/www.facebook.com\\\/agenciainclusive\\\/\",\"https:\\\/\\\/www.instagram.com\\\/newsinclusive\\\/\"]},{\"@type\":\"Person\",\"@id\":\"https:\\\/\\\/inclusivenews.com.br\\\/#\\\/schema\\\/person\\\/ae4ec7087559b8692fb33b6fffd2273b\",\"name\":\"inclusivenews2024\",\"image\":{\"@type\":\"ImageObject\",\"inLanguage\":\"pt-PT\",\"@id\":\"https:\\\/\\\/secure.gravatar.com\\\/avatar\\\/c5a7ef84c66fa914f55bc4f7ce26cfa275a3b9a1c5568b907bd184fb4dde7b40?s=96&d=mm&r=g\",\"url\":\"https:\\\/\\\/secure.gravatar.com\\\/avatar\\\/c5a7ef84c66fa914f55bc4f7ce26cfa275a3b9a1c5568b907bd184fb4dde7b40?s=96&d=mm&r=g\",\"contentUrl\":\"https:\\\/\\\/secure.gravatar.com\\\/avatar\\\/c5a7ef84c66fa914f55bc4f7ce26cfa275a3b9a1c5568b907bd184fb4dde7b40?s=96&d=mm&r=g\",\"caption\":\"inclusivenews2024\"},\"sameAs\":[\"https:\\\/\\\/inclusivenews.com.br\"],\"url\":\"https:\\\/\\\/inclusivenews.com.br\\\/?author=1\"}]}<\/script>\n<!-- \/ Yoast SEO plugin. -->","yoast_head_json":{"title":"\u00c9 hora de tirar a defici\u00eancia do arm\u00e1rio: quem tem Roberto Carlos, n\u00e3o precisa de Cleo Pires -","robots":{"index":"index","follow":"follow","max-snippet":"max-snippet:-1","max-image-preview":"max-image-preview:large","max-video-preview":"max-video-preview:-1"},"canonical":"https:\/\/inclusivenews.com.br\/?p=29718","og_locale":"pt_PT","og_type":"article","og_title":"\u00c9 hora de tirar a defici\u00eancia do arm\u00e1rio: quem tem Roberto Carlos, n\u00e3o precisa de Cleo Pires -","og_description":"As Paralimp\u00edadas s\u00e3o a melhor oportunidade que j\u00e1 tivemos na vida de falarmos sobre o estigma que a defici\u00eancia carrega no Brasil. Ningu\u00e9m fala sobre isso. Pessoas com defici\u00eancia s\u00f3 alcan\u00e7am alguma notoriedade ou exposi\u00e7\u00e3o na m\u00eddia, por exemplo, quando \u201cderrubam\u201d alguma \u201cbarreira\u201d e se transformam em \u201cexemplos de supera\u00e7\u00e3o\u201d ou \u201cinspira\u00e7\u00e3o\u201d, como nossos \u201cher\u00f3is [&hellip;]","og_url":"https:\/\/inclusivenews.com.br\/?p=29718","article_publisher":"https:\/\/www.facebook.com\/agenciainclusive\/","article_published_time":"2016-09-10T02:48:48+00:00","og_image":[{"url":"http:\/\/inclusivenews.com.br\/wp-content\/uploads\/armario.jpg","type":"","width":"","height":""}],"author":"inclusivenews2024","twitter_card":"summary_large_image","twitter_misc":{"Escrito por":"inclusivenews2024","Tempo estimado de leitura":"5 minutos"},"schema":{"@context":"https:\/\/schema.org","@graph":[{"@type":"Article","@id":"https:\/\/inclusivenews.com.br\/?p=29718#article","isPartOf":{"@id":"https:\/\/inclusivenews.com.br\/?p=29718"},"author":{"name":"inclusivenews2024","@id":"https:\/\/inclusivenews.com.br\/#\/schema\/person\/ae4ec7087559b8692fb33b6fffd2273b"},"headline":"\u00c9 hora de tirar a defici\u00eancia do arm\u00e1rio: quem tem Roberto Carlos, n\u00e3o precisa de Cleo Pires","datePublished":"2016-09-10T02:48:48+00:00","mainEntityOfPage":{"@id":"https:\/\/inclusivenews.com.br\/?p=29718"},"wordCount":1077,"commentCount":3,"publisher":{"@id":"https:\/\/inclusivenews.com.br\/#organization"},"image":{"@id":"https:\/\/inclusivenews.com.br\/?p=29718#primaryimage"},"thumbnailUrl":"http:\/\/inclusivenews.com.br\/wp-content\/uploads\/armario.jpg","articleSection":["Cultura","Defici\u00eancia","Discrimina\u00e7\u00e3o","GADIM","INCLUS\u00c3O SOCIAL","Preconceito","SHOWZ"],"inLanguage":"pt-PT","potentialAction":[{"@type":"CommentAction","name":"Comment","target":["https:\/\/inclusivenews.com.br\/?p=29718#respond"]}]},{"@type":"WebPage","@id":"https:\/\/inclusivenews.com.br\/?p=29718","url":"https:\/\/inclusivenews.com.br\/?p=29718","name":"\u00c9 hora de tirar a defici\u00eancia do arm\u00e1rio: quem tem Roberto Carlos, n\u00e3o precisa de Cleo Pires -","isPartOf":{"@id":"https:\/\/inclusivenews.com.br\/#website"},"primaryImageOfPage":{"@id":"https:\/\/inclusivenews.com.br\/?p=29718#primaryimage"},"image":{"@id":"https:\/\/inclusivenews.com.br\/?p=29718#primaryimage"},"thumbnailUrl":"http:\/\/inclusivenews.com.br\/wp-content\/uploads\/armario.jpg","datePublished":"2016-09-10T02:48:48+00:00","breadcrumb":{"@id":"https:\/\/inclusivenews.com.br\/?p=29718#breadcrumb"},"inLanguage":"pt-PT","potentialAction":[{"@type":"ReadAction","target":["https:\/\/inclusivenews.com.br\/?p=29718"]}]},{"@type":"ImageObject","inLanguage":"pt-PT","@id":"https:\/\/inclusivenews.com.br\/?p=29718#primaryimage","url":"","contentUrl":""},{"@type":"BreadcrumbList","@id":"https:\/\/inclusivenews.com.br\/?p=29718#breadcrumb","itemListElement":[{"@type":"ListItem","position":1,"name":"In\u00edcio","item":"https:\/\/inclusivenews.com.br\/"},{"@type":"ListItem","position":2,"name":"\u00c9 hora de tirar a defici\u00eancia do arm\u00e1rio: quem tem Roberto Carlos, n\u00e3o precisa de Cleo Pires"}]},{"@type":"WebSite","@id":"https:\/\/inclusivenews.com.br\/#website","url":"https:\/\/inclusivenews.com.br\/","name":"Inclusive News","description":"Inclusive News","publisher":{"@id":"https:\/\/inclusivenews.com.br\/#organization"},"potentialAction":[{"@type":"SearchAction","target":{"@type":"EntryPoint","urlTemplate":"https:\/\/inclusivenews.com.br\/?s={search_term_string}"},"query-input":{"@type":"PropertyValueSpecification","valueRequired":true,"valueName":"search_term_string"}}],"inLanguage":"pt-PT"},{"@type":"Organization","@id":"https:\/\/inclusivenews.com.br\/#organization","name":"Inclusive - inclus\u00e3o e cidadania","url":"https:\/\/inclusivenews.com.br\/","logo":{"@type":"ImageObject","inLanguage":"pt-PT","@id":"https:\/\/inclusivenews.com.br\/#\/schema\/logo\/image\/","url":"https:\/\/inclusivenews.com.br\/wp-content\/uploads\/2024\/03\/@grandesite.png","contentUrl":"https:\/\/inclusivenews.com.br\/wp-content\/uploads\/2024\/03\/@grandesite.png","width":1080,"height":1080,"caption":"Inclusive - inclus\u00e3o e cidadania"},"image":{"@id":"https:\/\/inclusivenews.com.br\/#\/schema\/logo\/image\/"},"sameAs":["https:\/\/www.facebook.com\/agenciainclusive\/","https:\/\/www.instagram.com\/newsinclusive\/"]},{"@type":"Person","@id":"https:\/\/inclusivenews.com.br\/#\/schema\/person\/ae4ec7087559b8692fb33b6fffd2273b","name":"inclusivenews2024","image":{"@type":"ImageObject","inLanguage":"pt-PT","@id":"https:\/\/secure.gravatar.com\/avatar\/c5a7ef84c66fa914f55bc4f7ce26cfa275a3b9a1c5568b907bd184fb4dde7b40?s=96&d=mm&r=g","url":"https:\/\/secure.gravatar.com\/avatar\/c5a7ef84c66fa914f55bc4f7ce26cfa275a3b9a1c5568b907bd184fb4dde7b40?s=96&d=mm&r=g","contentUrl":"https:\/\/secure.gravatar.com\/avatar\/c5a7ef84c66fa914f55bc4f7ce26cfa275a3b9a1c5568b907bd184fb4dde7b40?s=96&d=mm&r=g","caption":"inclusivenews2024"},"sameAs":["https:\/\/inclusivenews.com.br"],"url":"https:\/\/inclusivenews.com.br\/?author=1"}]}},"_links":{"self":[{"href":"https:\/\/inclusivenews.com.br\/index.php?rest_route=\/wp\/v2\/posts\/29718","targetHints":{"allow":["GET"]}}],"collection":[{"href":"https:\/\/inclusivenews.com.br\/index.php?rest_route=\/wp\/v2\/posts"}],"about":[{"href":"https:\/\/inclusivenews.com.br\/index.php?rest_route=\/wp\/v2\/types\/post"}],"author":[{"embeddable":true,"href":"https:\/\/inclusivenews.com.br\/index.php?rest_route=\/wp\/v2\/users\/1"}],"replies":[{"embeddable":true,"href":"https:\/\/inclusivenews.com.br\/index.php?rest_route=%2Fwp%2Fv2%2Fcomments&post=29718"}],"version-history":[{"count":0,"href":"https:\/\/inclusivenews.com.br\/index.php?rest_route=\/wp\/v2\/posts\/29718\/revisions"}],"wp:attachment":[{"href":"https:\/\/inclusivenews.com.br\/index.php?rest_route=%2Fwp%2Fv2%2Fmedia&parent=29718"}],"wp:term":[{"taxonomy":"category","embeddable":true,"href":"https:\/\/inclusivenews.com.br\/index.php?rest_route=%2Fwp%2Fv2%2Fcategories&post=29718"},{"taxonomy":"post_tag","embeddable":true,"href":"https:\/\/inclusivenews.com.br\/index.php?rest_route=%2Fwp%2Fv2%2Ftags&post=29718"}],"curies":[{"name":"wp","href":"https:\/\/api.w.org\/{rel}","templated":true}]}}