{"id":29733,"date":"2016-09-15T11:47:56","date_gmt":"2016-09-15T14:47:56","guid":{"rendered":"http:\/\/www.inclusive.org.br\/?p=29733"},"modified":"2016-09-15T11:47:56","modified_gmt":"2016-09-15T14:47:56","slug":"legado-paralimpico-a-imagem-que-fica","status":"publish","type":"post","link":"https:\/\/inclusivenews.com.br\/?p=29733","title":{"rendered":"Legado Paral\u00edmpico &#8211; A imagem que fica"},"content":{"rendered":"<div id=\"g6h4zinlineContent\" class=\"s11inlineContent\" data-reactid=\".0.$SITE_ROOT.$desktop_siteRoot.$PAGES_CONTAINER.1.1.$SITE_PAGES.$g6h4z.1\">\n<div id=\"comp-it4e16fn\" class=\"s2\" data-reactid=\".0.$SITE_ROOT.$desktop_siteRoot.$PAGES_CONTAINER.1.1.$SITE_PAGES.$g6h4z.1.$comp-it4e16fn\">\n<p class=\"font_7\"><span class=\"wixGuard\"><img loading=\"lazy\" decoding=\"async\" class=\"alignnone wp-image-29734\" src=\"http:\/\/inclusivenews.com.br\/wp-content\/uploads\/comite.jpg\" alt=\"comite\" width=\"530\" height=\"363\" \/><\/span><\/p>\n<h6 class=\"font_7\">Foto vista de cima, dos 286 atletas paral\u00edmpicos brasileiros reunidos formando um cora\u00e7\u00e3o, sob a cal\u00e7ada de pedras portuguesas do Boulevard Ol\u00edmpico, quando de sua apresenta\u00e7\u00e3o \u00e0 cidade para as Paralimp\u00edadas. Eles vestem todos o uniforme verde da delega\u00e7\u00e3o brasileira.<\/h6>\n<p class=\"font_7\">Por Patr\u00edcia Almeida<\/p>\n<p class=\"font_7\">O Rio de Janeiro est\u00e1 em festa! A alegria de receber os 4331 atletas paral\u00edmpicos representantes de 164 pa\u00edses nas Paralimp\u00edadas Rio 2016, que ocorrem na cidade at\u00e9 18 de setembro \u00e9 contagiante. Com quase 2 milh\u00f5es de bilhetes vendidos, lota\u00e7\u00e3o praticamente esgotada, os Jogos surpreenderam e ca\u00edram no gosto do p\u00fablico. Nada mal para um evento tratado desde in\u00edcio como o primo pobre das Olimp\u00edadas, que teve grande dificuldade de conseguir patroc\u00ednio, esteve sob amea\u00e7a de n\u00e3o acontecer por falta de recursos a algumas semanas do in\u00edcio, n\u00e3o despertou muito interesse da grande imprensa, nem emplacou transmiss\u00e3o em nenhuma das principais TVs abertas, e, logo antes do come\u00e7o das competi\u00e7\u00f5es, estava sendo considerado um fracasso de venda de ingressos. O que ser\u00e1 que aconteceu?<\/p>\n<p class=\"font_7\">H\u00e1 muitas explica\u00e7\u00f5es poss\u00edveis. Levantarei alguma delas e convido os leitores a exporem as suas no <a href=\"https:\/\/www.facebook.com\/GadimBrasil.org\/photos\/a.289832861384998.1073741828.289284698106481\/302054170162867\/?type=3&amp;theater\" target=\"_blank\" data-content=\"https:\/\/www.facebook.com\/GadimBrasil.org\/photos\/a.289832861384998.1073741828.289284698106481\/302054170162867\/?type=3&amp;theater\" data-type=\"external\" rel=\"noopener\">Facebook da Gadim Brasil<\/a>. Nunca tivemos e, no futuro pr\u00f3ximo, n\u00e3o iremos ter um evento desta magnitude envolvendo pessoas com defici\u00eancia no Brasil. Por isso, a hora de refletir \u00e9 essa!<\/p>\n<p class=\"font_7\">Clima Ol\u00edmpico &#8211; As Olimp\u00edadas ca\u00edram no gosto do povo, excederam as expectativas e foram um sucesso retumbante muito al\u00e9m do esperado. Acabaram servindo como um &#8220;esquenta&#8221; para as Paralimp\u00edadas. O p\u00fablico n\u00e3o queria que o &#8220;clima ol\u00edmpico&#8221; acabasse e aproveitou as Paralimp\u00edadas para reviver a festa.<\/p>\n<p class=\"font_7\">Coitadinhos &#8211; A alguns dias da abertura dos Jogos Paral\u00edmpicos, os organizadores vieram a p\u00fablico dizendo que, apesar de custarem apenas uma fra\u00e7\u00e3o dos caros bilhetes das Olimp\u00edadas, pouco mais de 10% dos ingressos paral\u00edmpicos tinham sido vendidos. Foi o suficiente para uma &#8220;corrente do bem&#8221; percorrer as redes, pedindo pelo amor de Deus para as pessoas prestigiarem &#8220;nossos paratletas (sic)&#8221;. Fora isso, aqueles que n\u00e3o conheceram o Parque Ol\u00edmpico por conta dos pre\u00e7os extorsivos, aproveitaram pra ir nas Paralimp\u00edadas, e de quebra fazer uma &#8220;boa a\u00e7\u00e3o&#8221; que n\u00e3o custou caro.<\/p>\n<p class=\"font_7\">Efeito Cleo Pires &#8211; Logo em seguida foi divulgada uma foto da atriz Cleo Pires e do ator Paulo Vilhena manipulada para que parecesse que eles tinham seus membros amputados. A pol\u00eamica estava instalada e a foto suscitou at\u00e9 artigos em publica\u00e7\u00f5es internacionais. Ativistas reclamaram da falta de representa\u00e7\u00e3o, o p\u00fablico em geral dizia que era de &#8220;mau gosto&#8221; &#8220;decepar o bra\u00e7o&#8221; de uma atriz linda como a Cleo. De uma maneira ou de outra, o fato \u00e9 que a campanha acabou trazendo interesse para os Jogos.<\/p>\n<p class=\"font_7\">Abertura &#8211; A abertura foi um sucesso, com um show dos atletas &#8211; Aaron Wheelz dando salto mortal na cadeira, Amy Purdy mostrando &#8220;samba no gancho&#8221;, M\u00e1rcia Malsar debaixo de chuva, caindo, para em seguida se erguer sob aplausos e gritos de uma multid\u00e3o, e a escada m\u00e1gica que se transforma em rampa para Clodoaldo Silva subir com a Tocha. Como quer\u00edamos que todas as escadas fossem assim!<\/p>\n<p class=\"font_7\">Tom &#8211; O mascote-\u00e1rvore Tom, das Paralimp\u00edadas provou-se muito mais popular do que o felino, Vinicius, das Olimp\u00edadas. E Tom aparece em todas as premia\u00e7\u00f5es com cabelos combinando com as medalhas (que tem som e textura!).<\/p>\n<p class=\"font_7\">Curiosidade &#8211; Depois de se acostumar com uma falta de bra\u00e7o aqui, um movimento involunt\u00e1rio acol\u00e1, o p\u00fablico ficou curioso pra conhecer os esportes Paral\u00edmpicos. Goalball caiu no gosto do povo, o futebol de 5, o v\u00f4lei sentado, rugby e corrida em cadeira, tudo era novidade.<\/p>\n<p class=\"font_7\">Atletas &#8211; Mas os grandes respons\u00e1veis pelo sucesso dos Jogos at\u00e9 aqui foram, sem d\u00favida, os atletas, que para surpresa do p\u00fablico, n\u00e3o s\u00e3o ETs. S\u00e3o pessoas de carne e osso e, al\u00e9m de simp\u00e1ticos n\u00e3o s\u00e3o estrelas, alguns com incr\u00edveis hist\u00f3rias de vida pra contar. De quebra, essa gente bacana vem ganhando um monte de medalhas, nos dando v\u00e1rias oportunidades de torcer, ficar orgulhosos e cantar o hino, nos permitindo ser o quinto melhor pa\u00eds do mundo nesse momento conturbado da vida nacional.<\/p>\n<p class=\"font_7\">Unifica\u00e7\u00e3o dos Jogos &#8211; Com tudo isso, fica mesmo dif\u00edcil entender por que as Olimp\u00edadas ainda s\u00e3o um evento separado das Paralimp\u00edadas, que por sua vez n\u00e3o inclui os atletas das Olimp\u00edadas Especiais, competi\u00e7\u00e3o para quem tem defici\u00eancia intelectual, ou seja, exclus\u00e3o dentro da exclus\u00e3o. Esse ano, por exemplo, alguns poucos esportes foram abertos para pessoas com defici\u00eancia intelectual, como o t\u00eanis de mesa, o atletismo e a nata\u00e7\u00e3o. Mas pessoas com s\u00edndrome de Down, por exemplo, ficam de fora pois n\u00e3o se enquadram nesta categoria, j\u00e1 que al\u00e9m de quest\u00f5es intelectuais tamb\u00e9m t\u00eam diferen\u00e7as f\u00edsicas, como a hipotonia (m\u00fasculos mais frouxos) e membros mais curtos. Para que pudessem competir em igualdade de condi\u00e7\u00f5es, uma outra categoria teria que ser criada. E isso s\u00f3 requer boa vontade, assim como h\u00e1 pesos diferentes e provas classificat\u00f3rias para quase todos os esportes. Essa discuss\u00e3o sobre <a href=\"http:\/\/www.gadimbrasil.org\/jogos-unificados\" target=\"_blank\" data-content=\"http:\/\/www.gadimbrasil.org\/jogos-unificados\" data-type=\"external\" rel=\"noopener\">Jogos Unificados<\/a> foi levantada em v\u00e1rios foruns ultimamente e deve ser levada adiante, se quisermos de fato uma sociedade inclusiva.<\/p>\n<p class=\"font_7\">S\u00f3 que&#8230;<\/p>\n<p class=\"font_7\">Daqui a alguns dias a magia vai se acabar. A rampa vai se transformar em escada. A palavra inclus\u00e3o vai ser esquecida. Se voc\u00ea acha que os jogos continuar\u00e3o a ter audiodescri\u00e7\u00e3o, pode esquecer. Vida que segue.<\/p>\n<p class=\"font_7\">Mas qual ser\u00e1 o legado de fato dessas Paralimp\u00edadas?<\/p>\n<p class=\"font_7\">Algumas obras de acessibilidade v\u00e3o ficar. O VLT no centro do Rio \u00e9 muito bom. BRT e metr\u00f4 ainda n\u00e3o s\u00e3o o que se esperava deles. As obras nos aeroportos ficaram boas. Tem at\u00e9 video em Libras informando o embarque nos port\u00f5es do Santos Dumont &#8211; algo dif\u00edcil de ver por a\u00ed.<br \/>\nOutra coisa que vai ficar \u00e9 o exemplo que os atletas est\u00e3o dando para quem tem defici\u00eancia e reluta em sair de casa ou fazer alguma atividade f\u00edsica. Do encontro e troca de experi\u00eancias dos atletas de todo mundo e da maior conviv\u00eancia dos brasileiros presentes nos Jogos podem surgir novas lideran\u00e7as que oxigenem o movimento social, trazendo renova\u00e7\u00e3o. E essa nova gera\u00e7\u00e3o vai se juntar a n\u00f3s na press\u00e3o para lembrar que acessibilidade \u00e9 lei, e \u00e9 poss\u00edvel em todo Brasil, n\u00e3o apenas no Rio, n\u00e3o s\u00f3 durante as Paralimp\u00edadas.<\/p>\n<p class=\"font_7\">Al\u00e9m disso, ficam as imagens. Essas n\u00e3o v\u00e3o se apagar da mem\u00f3ria de uma crian\u00e7a que v\u00ea pela primeira vez uma pessoa com defici\u00eancia competindo. E \u00e9 de imagens positivas que precisamos, porque as negativas j\u00e1 est\u00e3o tatuadas na mente da maior parte da popula\u00e7\u00e3o e custam a ser desfeitas.<\/p>\n<p class=\"font_7\">Precisamos encontrar formas de perpetuar essas imagens, agora que as Paralimp\u00edadas est\u00e3o terminando. Quem \u00e9 visto, existe, logo \u00e9 inclu\u00eddo, saindo do ciclo da invisibilidade. A Gadim Brasil &#8211; Alian\u00e7a Global para Inclus\u00e3o das Pessoas com Defici\u00eancia na M\u00eddia e Entretenimento, nasceu com o prop\u00f3sito de n\u00e3o deixar essa peteca cair. Convidamos a todos que tenham interesse em acelerar o processo de inclus\u00e3o usando os meios de comunica\u00e7\u00e3o, a publicidade, novelas, as redes sociais, enfim, todas as m\u00eddias, a conhecer nosso trabalho e colaborar para que a imagem do incapaz coitadinho, ou da supera\u00e7\u00e3o do super her\u00f3i n\u00e3o prevale\u00e7am. E as imagens que ficar\u00e3o ser\u00e3o de gente de verdade, n\u00e3o fabricadas por Photoshop.<\/p>\n<p class=\"font_7\"><a href=\"http:\/\/www.gadimbrasil.org.br\" target=\"_blank\" data-content=\"http:\/\/www.gadimbrasil.org.br\" data-type=\"external\" rel=\"noopener\">www.gadimbrasil.org.br<\/a><\/p>\n<p class=\"font_7\"><em>Por Patricia Almeida &#8211; Jornalista, ativista pelos direitos das pessoas com defici\u00eancia e mestranda em Estudos da Defici\u00eancia na City University of New York &#8211; CUNY. Coordenadora Estrat\u00e9gica do Instituto MetaSocial. Criadora e Editora da Inclusive &#8211; Inclus\u00e3o e Cidadania e da Gadim Brasil &#8211; Alian\u00e7a Global para Inclus\u00e3o das Pessoas com Defici\u00eancia na M\u00eddia e no Entretenimento. Cofundadora do Movimento Down e Membro do Conselho da Down Syndrome International e da Federa\u00e7\u00e3o Brasileira de Associa\u00e7\u00f5es S\u00edndrome de Down.<\/em><\/p>\n<p class=\"font_7\">\n<p class=\"font_7\">* Publicado originalmente na <a href=\"https:\/\/www.facebook.com\/GadimBrasil.org\/photos\/a.289832861384998.1073741828.289284698106481\/302054170162867\/?type=3&amp;theater\" target=\"_blank\" data-content=\"https:\/\/www.facebook.com\/GadimBrasil.org\/photos\/a.289832861384998.1073741828.289284698106481\/302054170162867\/?type=3&amp;theater\" data-type=\"external\" rel=\"noopener\">p\u00e1gina do Facebook do CONADE <\/a>&#8211; Conselho Nacional dos Direitos das Pessoas com Defici\u00eancia.<\/p>\n<\/div>\n<\/div>\n","protected":false},"excerpt":{"rendered":"<p>Foto vista de cima, dos 286 atletas paral\u00edmpicos brasileiros reunidos formando um cora\u00e7\u00e3o, sob a cal\u00e7ada de pedras portuguesas do Boulevard Ol\u00edmpico, quando de sua apresenta\u00e7\u00e3o \u00e0 cidade para as Paralimp\u00edadas. Eles vestem todos o uniforme verde da delega\u00e7\u00e3o brasileira. Por Patr\u00edcia Almeida O Rio de Janeiro est\u00e1 em festa! A alegria de receber os [&hellip;]<\/p>\n","protected":false},"author":1,"featured_media":0,"comment_status":"open","ping_status":"open","sticky":false,"template":"","format":"standard","meta":{"site-container-style":"default","site-container-layout":"default","site-sidebar-layout":"default","disable-article-header":"default","disable-site-header":"default","disable-site-footer":"default","disable-content-area-spacing":"default","footnotes":""},"categories":[44,38,27,388],"tags":[],"class_list":["post-29733","post","type-post","status-publish","format-standard","hentry","category-acessibilidade","category-deficiencia","category-esporte","category-gadim"],"yoast_head":"<!-- This site is optimized with the Yoast SEO plugin v27.4 - https:\/\/yoast.com\/product\/yoast-seo-wordpress\/ -->\n<title>Legado Paral\u00edmpico - A imagem que fica -<\/title>\n<meta name=\"robots\" content=\"index, follow, max-snippet:-1, max-image-preview:large, max-video-preview:-1\" \/>\n<link rel=\"canonical\" href=\"https:\/\/inclusivenews.com.br\/?p=29733\" \/>\n<meta property=\"og:locale\" content=\"pt_PT\" \/>\n<meta property=\"og:type\" content=\"article\" \/>\n<meta property=\"og:title\" content=\"Legado Paral\u00edmpico - A imagem que fica -\" \/>\n<meta property=\"og:description\" content=\"Foto vista de cima, dos 286 atletas paral\u00edmpicos brasileiros reunidos formando um cora\u00e7\u00e3o, sob a cal\u00e7ada de pedras portuguesas do Boulevard Ol\u00edmpico, quando de sua apresenta\u00e7\u00e3o \u00e0 cidade para as Paralimp\u00edadas. Eles vestem todos o uniforme verde da delega\u00e7\u00e3o brasileira. Por Patr\u00edcia Almeida O Rio de Janeiro est\u00e1 em festa! A alegria de receber os [&hellip;]\" \/>\n<meta property=\"og:url\" content=\"https:\/\/inclusivenews.com.br\/?p=29733\" \/>\n<meta property=\"article:publisher\" content=\"https:\/\/www.facebook.com\/agenciainclusive\/\" \/>\n<meta property=\"article:published_time\" content=\"2016-09-15T14:47:56+00:00\" \/>\n<meta property=\"og:image\" content=\"http:\/\/inclusivenews.com.br\/wp-content\/uploads\/comite.jpg\" \/>\n<meta name=\"author\" content=\"inclusivenews2024\" \/>\n<meta name=\"twitter:card\" content=\"summary_large_image\" \/>\n<meta name=\"twitter:label1\" content=\"Escrito por\" \/>\n\t<meta name=\"twitter:data1\" content=\"inclusivenews2024\" \/>\n\t<meta name=\"twitter:label2\" content=\"Tempo estimado de leitura\" \/>\n\t<meta name=\"twitter:data2\" content=\"7 minutos\" \/>\n<script type=\"application\/ld+json\" class=\"yoast-schema-graph\">{\"@context\":\"https:\\\/\\\/schema.org\",\"@graph\":[{\"@type\":\"Article\",\"@id\":\"https:\\\/\\\/inclusivenews.com.br\\\/?p=29733#article\",\"isPartOf\":{\"@id\":\"https:\\\/\\\/inclusivenews.com.br\\\/?p=29733\"},\"author\":{\"name\":\"inclusivenews2024\",\"@id\":\"https:\\\/\\\/inclusivenews.com.br\\\/#\\\/schema\\\/person\\\/ae4ec7087559b8692fb33b6fffd2273b\"},\"headline\":\"Legado Paral\u00edmpico &#8211; A imagem que fica\",\"datePublished\":\"2016-09-15T14:47:56+00:00\",\"mainEntityOfPage\":{\"@id\":\"https:\\\/\\\/inclusivenews.com.br\\\/?p=29733\"},\"wordCount\":1452,\"commentCount\":0,\"publisher\":{\"@id\":\"https:\\\/\\\/inclusivenews.com.br\\\/#organization\"},\"image\":{\"@id\":\"https:\\\/\\\/inclusivenews.com.br\\\/?p=29733#primaryimage\"},\"thumbnailUrl\":\"http:\\\/\\\/inclusivenews.com.br\\\/wp-content\\\/uploads\\\/comite.jpg\",\"articleSection\":[\"ACESSIBILIDADE\",\"Defici\u00eancia\",\"Esporte\",\"GADIM\"],\"inLanguage\":\"pt-PT\",\"potentialAction\":[{\"@type\":\"CommentAction\",\"name\":\"Comment\",\"target\":[\"https:\\\/\\\/inclusivenews.com.br\\\/?p=29733#respond\"]}]},{\"@type\":\"WebPage\",\"@id\":\"https:\\\/\\\/inclusivenews.com.br\\\/?p=29733\",\"url\":\"https:\\\/\\\/inclusivenews.com.br\\\/?p=29733\",\"name\":\"Legado Paral\u00edmpico - A imagem que fica -\",\"isPartOf\":{\"@id\":\"https:\\\/\\\/inclusivenews.com.br\\\/#website\"},\"primaryImageOfPage\":{\"@id\":\"https:\\\/\\\/inclusivenews.com.br\\\/?p=29733#primaryimage\"},\"image\":{\"@id\":\"https:\\\/\\\/inclusivenews.com.br\\\/?p=29733#primaryimage\"},\"thumbnailUrl\":\"http:\\\/\\\/inclusivenews.com.br\\\/wp-content\\\/uploads\\\/comite.jpg\",\"datePublished\":\"2016-09-15T14:47:56+00:00\",\"breadcrumb\":{\"@id\":\"https:\\\/\\\/inclusivenews.com.br\\\/?p=29733#breadcrumb\"},\"inLanguage\":\"pt-PT\",\"potentialAction\":[{\"@type\":\"ReadAction\",\"target\":[\"https:\\\/\\\/inclusivenews.com.br\\\/?p=29733\"]}]},{\"@type\":\"ImageObject\",\"inLanguage\":\"pt-PT\",\"@id\":\"https:\\\/\\\/inclusivenews.com.br\\\/?p=29733#primaryimage\",\"url\":\"\",\"contentUrl\":\"\"},{\"@type\":\"BreadcrumbList\",\"@id\":\"https:\\\/\\\/inclusivenews.com.br\\\/?p=29733#breadcrumb\",\"itemListElement\":[{\"@type\":\"ListItem\",\"position\":1,\"name\":\"In\u00edcio\",\"item\":\"https:\\\/\\\/inclusivenews.com.br\\\/\"},{\"@type\":\"ListItem\",\"position\":2,\"name\":\"Legado Paral\u00edmpico &#8211; A imagem que fica\"}]},{\"@type\":\"WebSite\",\"@id\":\"https:\\\/\\\/inclusivenews.com.br\\\/#website\",\"url\":\"https:\\\/\\\/inclusivenews.com.br\\\/\",\"name\":\"Inclusive News\",\"description\":\"Inclusive News\",\"publisher\":{\"@id\":\"https:\\\/\\\/inclusivenews.com.br\\\/#organization\"},\"potentialAction\":[{\"@type\":\"SearchAction\",\"target\":{\"@type\":\"EntryPoint\",\"urlTemplate\":\"https:\\\/\\\/inclusivenews.com.br\\\/?s={search_term_string}\"},\"query-input\":{\"@type\":\"PropertyValueSpecification\",\"valueRequired\":true,\"valueName\":\"search_term_string\"}}],\"inLanguage\":\"pt-PT\"},{\"@type\":\"Organization\",\"@id\":\"https:\\\/\\\/inclusivenews.com.br\\\/#organization\",\"name\":\"Inclusive - inclus\u00e3o e cidadania\",\"url\":\"https:\\\/\\\/inclusivenews.com.br\\\/\",\"logo\":{\"@type\":\"ImageObject\",\"inLanguage\":\"pt-PT\",\"@id\":\"https:\\\/\\\/inclusivenews.com.br\\\/#\\\/schema\\\/logo\\\/image\\\/\",\"url\":\"https:\\\/\\\/inclusivenews.com.br\\\/wp-content\\\/uploads\\\/2024\\\/03\\\/@grandesite.png\",\"contentUrl\":\"https:\\\/\\\/inclusivenews.com.br\\\/wp-content\\\/uploads\\\/2024\\\/03\\\/@grandesite.png\",\"width\":1080,\"height\":1080,\"caption\":\"Inclusive - inclus\u00e3o e cidadania\"},\"image\":{\"@id\":\"https:\\\/\\\/inclusivenews.com.br\\\/#\\\/schema\\\/logo\\\/image\\\/\"},\"sameAs\":[\"https:\\\/\\\/www.facebook.com\\\/agenciainclusive\\\/\",\"https:\\\/\\\/www.instagram.com\\\/newsinclusive\\\/\"]},{\"@type\":\"Person\",\"@id\":\"https:\\\/\\\/inclusivenews.com.br\\\/#\\\/schema\\\/person\\\/ae4ec7087559b8692fb33b6fffd2273b\",\"name\":\"inclusivenews2024\",\"image\":{\"@type\":\"ImageObject\",\"inLanguage\":\"pt-PT\",\"@id\":\"https:\\\/\\\/secure.gravatar.com\\\/avatar\\\/c5a7ef84c66fa914f55bc4f7ce26cfa275a3b9a1c5568b907bd184fb4dde7b40?s=96&d=mm&r=g\",\"url\":\"https:\\\/\\\/secure.gravatar.com\\\/avatar\\\/c5a7ef84c66fa914f55bc4f7ce26cfa275a3b9a1c5568b907bd184fb4dde7b40?s=96&d=mm&r=g\",\"contentUrl\":\"https:\\\/\\\/secure.gravatar.com\\\/avatar\\\/c5a7ef84c66fa914f55bc4f7ce26cfa275a3b9a1c5568b907bd184fb4dde7b40?s=96&d=mm&r=g\",\"caption\":\"inclusivenews2024\"},\"sameAs\":[\"https:\\\/\\\/inclusivenews.com.br\"],\"url\":\"https:\\\/\\\/inclusivenews.com.br\\\/?author=1\"}]}<\/script>\n<!-- \/ Yoast SEO plugin. -->","yoast_head_json":{"title":"Legado Paral\u00edmpico - A imagem que fica -","robots":{"index":"index","follow":"follow","max-snippet":"max-snippet:-1","max-image-preview":"max-image-preview:large","max-video-preview":"max-video-preview:-1"},"canonical":"https:\/\/inclusivenews.com.br\/?p=29733","og_locale":"pt_PT","og_type":"article","og_title":"Legado Paral\u00edmpico - A imagem que fica -","og_description":"Foto vista de cima, dos 286 atletas paral\u00edmpicos brasileiros reunidos formando um cora\u00e7\u00e3o, sob a cal\u00e7ada de pedras portuguesas do Boulevard Ol\u00edmpico, quando de sua apresenta\u00e7\u00e3o \u00e0 cidade para as Paralimp\u00edadas. Eles vestem todos o uniforme verde da delega\u00e7\u00e3o brasileira. Por Patr\u00edcia Almeida O Rio de Janeiro est\u00e1 em festa! A alegria de receber os [&hellip;]","og_url":"https:\/\/inclusivenews.com.br\/?p=29733","article_publisher":"https:\/\/www.facebook.com\/agenciainclusive\/","article_published_time":"2016-09-15T14:47:56+00:00","og_image":[{"url":"http:\/\/inclusivenews.com.br\/wp-content\/uploads\/comite.jpg","type":"","width":"","height":""}],"author":"inclusivenews2024","twitter_card":"summary_large_image","twitter_misc":{"Escrito por":"inclusivenews2024","Tempo estimado de leitura":"7 minutos"},"schema":{"@context":"https:\/\/schema.org","@graph":[{"@type":"Article","@id":"https:\/\/inclusivenews.com.br\/?p=29733#article","isPartOf":{"@id":"https:\/\/inclusivenews.com.br\/?p=29733"},"author":{"name":"inclusivenews2024","@id":"https:\/\/inclusivenews.com.br\/#\/schema\/person\/ae4ec7087559b8692fb33b6fffd2273b"},"headline":"Legado Paral\u00edmpico &#8211; A imagem que fica","datePublished":"2016-09-15T14:47:56+00:00","mainEntityOfPage":{"@id":"https:\/\/inclusivenews.com.br\/?p=29733"},"wordCount":1452,"commentCount":0,"publisher":{"@id":"https:\/\/inclusivenews.com.br\/#organization"},"image":{"@id":"https:\/\/inclusivenews.com.br\/?p=29733#primaryimage"},"thumbnailUrl":"http:\/\/inclusivenews.com.br\/wp-content\/uploads\/comite.jpg","articleSection":["ACESSIBILIDADE","Defici\u00eancia","Esporte","GADIM"],"inLanguage":"pt-PT","potentialAction":[{"@type":"CommentAction","name":"Comment","target":["https:\/\/inclusivenews.com.br\/?p=29733#respond"]}]},{"@type":"WebPage","@id":"https:\/\/inclusivenews.com.br\/?p=29733","url":"https:\/\/inclusivenews.com.br\/?p=29733","name":"Legado Paral\u00edmpico - A imagem que fica -","isPartOf":{"@id":"https:\/\/inclusivenews.com.br\/#website"},"primaryImageOfPage":{"@id":"https:\/\/inclusivenews.com.br\/?p=29733#primaryimage"},"image":{"@id":"https:\/\/inclusivenews.com.br\/?p=29733#primaryimage"},"thumbnailUrl":"http:\/\/inclusivenews.com.br\/wp-content\/uploads\/comite.jpg","datePublished":"2016-09-15T14:47:56+00:00","breadcrumb":{"@id":"https:\/\/inclusivenews.com.br\/?p=29733#breadcrumb"},"inLanguage":"pt-PT","potentialAction":[{"@type":"ReadAction","target":["https:\/\/inclusivenews.com.br\/?p=29733"]}]},{"@type":"ImageObject","inLanguage":"pt-PT","@id":"https:\/\/inclusivenews.com.br\/?p=29733#primaryimage","url":"","contentUrl":""},{"@type":"BreadcrumbList","@id":"https:\/\/inclusivenews.com.br\/?p=29733#breadcrumb","itemListElement":[{"@type":"ListItem","position":1,"name":"In\u00edcio","item":"https:\/\/inclusivenews.com.br\/"},{"@type":"ListItem","position":2,"name":"Legado Paral\u00edmpico &#8211; A imagem que fica"}]},{"@type":"WebSite","@id":"https:\/\/inclusivenews.com.br\/#website","url":"https:\/\/inclusivenews.com.br\/","name":"Inclusive News","description":"Inclusive News","publisher":{"@id":"https:\/\/inclusivenews.com.br\/#organization"},"potentialAction":[{"@type":"SearchAction","target":{"@type":"EntryPoint","urlTemplate":"https:\/\/inclusivenews.com.br\/?s={search_term_string}"},"query-input":{"@type":"PropertyValueSpecification","valueRequired":true,"valueName":"search_term_string"}}],"inLanguage":"pt-PT"},{"@type":"Organization","@id":"https:\/\/inclusivenews.com.br\/#organization","name":"Inclusive - inclus\u00e3o e cidadania","url":"https:\/\/inclusivenews.com.br\/","logo":{"@type":"ImageObject","inLanguage":"pt-PT","@id":"https:\/\/inclusivenews.com.br\/#\/schema\/logo\/image\/","url":"https:\/\/inclusivenews.com.br\/wp-content\/uploads\/2024\/03\/@grandesite.png","contentUrl":"https:\/\/inclusivenews.com.br\/wp-content\/uploads\/2024\/03\/@grandesite.png","width":1080,"height":1080,"caption":"Inclusive - inclus\u00e3o e cidadania"},"image":{"@id":"https:\/\/inclusivenews.com.br\/#\/schema\/logo\/image\/"},"sameAs":["https:\/\/www.facebook.com\/agenciainclusive\/","https:\/\/www.instagram.com\/newsinclusive\/"]},{"@type":"Person","@id":"https:\/\/inclusivenews.com.br\/#\/schema\/person\/ae4ec7087559b8692fb33b6fffd2273b","name":"inclusivenews2024","image":{"@type":"ImageObject","inLanguage":"pt-PT","@id":"https:\/\/secure.gravatar.com\/avatar\/c5a7ef84c66fa914f55bc4f7ce26cfa275a3b9a1c5568b907bd184fb4dde7b40?s=96&d=mm&r=g","url":"https:\/\/secure.gravatar.com\/avatar\/c5a7ef84c66fa914f55bc4f7ce26cfa275a3b9a1c5568b907bd184fb4dde7b40?s=96&d=mm&r=g","contentUrl":"https:\/\/secure.gravatar.com\/avatar\/c5a7ef84c66fa914f55bc4f7ce26cfa275a3b9a1c5568b907bd184fb4dde7b40?s=96&d=mm&r=g","caption":"inclusivenews2024"},"sameAs":["https:\/\/inclusivenews.com.br"],"url":"https:\/\/inclusivenews.com.br\/?author=1"}]}},"_links":{"self":[{"href":"https:\/\/inclusivenews.com.br\/index.php?rest_route=\/wp\/v2\/posts\/29733","targetHints":{"allow":["GET"]}}],"collection":[{"href":"https:\/\/inclusivenews.com.br\/index.php?rest_route=\/wp\/v2\/posts"}],"about":[{"href":"https:\/\/inclusivenews.com.br\/index.php?rest_route=\/wp\/v2\/types\/post"}],"author":[{"embeddable":true,"href":"https:\/\/inclusivenews.com.br\/index.php?rest_route=\/wp\/v2\/users\/1"}],"replies":[{"embeddable":true,"href":"https:\/\/inclusivenews.com.br\/index.php?rest_route=%2Fwp%2Fv2%2Fcomments&post=29733"}],"version-history":[{"count":0,"href":"https:\/\/inclusivenews.com.br\/index.php?rest_route=\/wp\/v2\/posts\/29733\/revisions"}],"wp:attachment":[{"href":"https:\/\/inclusivenews.com.br\/index.php?rest_route=%2Fwp%2Fv2%2Fmedia&parent=29733"}],"wp:term":[{"taxonomy":"category","embeddable":true,"href":"https:\/\/inclusivenews.com.br\/index.php?rest_route=%2Fwp%2Fv2%2Fcategories&post=29733"},{"taxonomy":"post_tag","embeddable":true,"href":"https:\/\/inclusivenews.com.br\/index.php?rest_route=%2Fwp%2Fv2%2Ftags&post=29733"}],"curies":[{"name":"wp","href":"https:\/\/api.w.org\/{rel}","templated":true}]}}