{"id":29739,"date":"2016-09-24T15:17:12","date_gmt":"2016-09-24T18:17:12","guid":{"rendered":"http:\/\/www.inclusive.org.br\/?p=29739"},"modified":"2016-09-24T15:17:12","modified_gmt":"2016-09-24T18:17:12","slug":"4o-forum-pessoa-com-deficiencia-alem-da-lei-de-cotas-289-barueri-sp","status":"publish","type":"post","link":"https:\/\/inclusivenews.com.br\/?p=29739","title":{"rendered":"4\u00ba F\u00f3rum Pessoa com Defici\u00eancia &#8211; Al\u00e9m da Lei de Cotas &#8211; 28\/9 &#8211; Barueri, SP"},"content":{"rendered":"<p>&nbsp;<\/p>\n<figure id=\"attachment_18417\" aria-describedby=\"caption-attachment-18417\" style=\"width: 378px\" class=\"wp-caption alignnone\"><img loading=\"lazy\" decoding=\"async\" class=\" wp-image-18417\" src=\"http:\/\/inclusivenews.com.br\/wp-content\/uploads\/2011\/02\/seguranca-trabalho.jpg\" alt=\"Capacete de seguran\u00e7a amarelo\" width=\"378\" height=\"249\" \/><figcaption id=\"caption-attachment-18417\" class=\"wp-caption-text\">Capacete de seguran\u00e7a amarelo<\/figcaption><\/figure>\n<p>Evento gratuito<\/p>\n<div class=\"text_exposed_show\">\n<p>Programa\u00e7\u00e3o:<br \/>\n08:00 \u00e0 08:30 &#8211; Credenciamento<br \/>\n08:30 \u00e0s 09:00 &#8211; Abertura &#8211; Theunis Marinho \u2013 Presidente da ABRHSP. Mario Faccioni Junior &#8211; Diretor Regional Metropolinta Oeste<br \/>\n09:00 \u00e0s 10:00 &#8211; Bloco I: Gest\u00e3o da Legisla\u00e7\u00e3o Lei de Cotas: Aplica\u00e7\u00e3o e Fiscaliza\u00e7\u00e3o &#8211;<br \/>\nRonaldo Freixeda \u2013 (MTE)<br \/>\nLBI &#8211; Lei Brasileira de Inclus\u00e3o &#8211; Rafael P\u00fablio &#8211; Santa Causa.<br \/>\nPCD S\/A &#8211; Primeiro estudo sobre engajamento das pessoas com defici\u00eancia no mercado de trabalho &#8211; Guilherme Fran\u00e7olin &#8211; Santo Caos.<br \/>\nModerador: Maria de\u00a0<a class=\"profileLink\" href=\"https:\/\/www.facebook.com\/fatimae.silva.96\" data-hovercard=\"\/ajax\/hovercard\/user.php?id=100001749656117\">F\u00e1tima E Silva<\/a><\/p>\n<p>10:00 \u00e0s 11h00 &#8211; Bloco II: Gest\u00e3o da Inclus\u00e3o sob o olhar da funcionalidade , acessibilidade e sa\u00fade do trabalhador &#8211;<br \/>\nMarta Gil, Dra Marcia Bandini, Dra Daniela Bortman.<br \/>\nModerador: Guilherme Cavalieri<\/p>\n<p>11:00 \u00e0s 11:30 &#8211; Intervalo &#8211; Exposi\u00e7\u00e3o de Patrocinadores<\/p>\n<p>11:30 \u00e0s 12:30 &#8211; Bloco III: Gest\u00e3o do Dia a Dia da Inclus\u00e3o &#8211; A\u00e7\u00f5es que v\u00e3o Al\u00e9m da Lei de Cotas .<br \/>\nMarcelo de Freitas N\u00f3brega &#8211; Mc Donalds .<br \/>\nErly Freddi-Specialisterne.<br \/>\nElza Aparecida Luglio &#8211; Meritor<br \/>\nModerador: Marinalva Cruz<br \/>\n12:30 \u00e0s 13:00 Encerramento &#8211; B\u00e1rbara Gianetti &#8211; Diretora Sustentabilidade Social &#8211; RMO<\/p>\n<p>Local Centro de Eventos:<br \/>\nEndere\u00e7o: Av. Pastor Sebasti\u00e3o Divino dos Reis, 672, Vila Porto, Barueri, SP.<\/p>\n<p>Inscri\u00e7\u00e3o: envie nome completo, empresa ou institui\u00e7\u00e3o, email e telefone para o e-mail rmo@abrhsp.org.br com o t\u00edtulo: inscri\u00e7\u00e3o para o 4\u00ba F\u00f3rum \u2013 Pessoa com Defici\u00eancia \u2013 Al\u00e9m da Lei de Cotas \u2013 Barueri .<\/p>\n<p>Realiza\u00e7\u00e3o ABRH SP &#8211; Associa\u00e7\u00e3o Brasileira de Recursos Humanos Regional Metropolitana Oeste.<br \/>\nPatrocinador Ouro: Mc Donalds. Patrocinador Prata: Living Brasil. Patrocinador da Regional: Metadados. Apoio Revista Rea\u00e7\u00e3o, ReS Caf\u00e9, Outback, Instituto Rumo Inclus\u00e3o, CTO &#8211; Ag\u00eancia de Publicidade, CIEE &#8211; Centro de Integra\u00e7\u00e3o Empresa e Escola, Governo do Estado de S\u00e3o Paulo e John Richard.<\/p>\n<\/div>\n<p>&nbsp;<\/p>\n","protected":false},"excerpt":{"rendered":"<p>&nbsp; Evento gratuito Programa\u00e7\u00e3o: 08:00 \u00e0 08:30 &#8211; Credenciamento 08:30 \u00e0s 09:00 &#8211; Abertura &#8211; Theunis Marinho \u2013 Presidente da ABRHSP. Mario Faccioni Junior &#8211; Diretor Regional Metropolinta Oeste 09:00 \u00e0s 10:00 &#8211; Bloco I: Gest\u00e3o da Legisla\u00e7\u00e3o Lei de Cotas: Aplica\u00e7\u00e3o e Fiscaliza\u00e7\u00e3o &#8211; Ronaldo Freixeda \u2013 (MTE) LBI &#8211; Lei Brasileira de Inclus\u00e3o [&hellip;]<\/p>\n","protected":false},"author":1,"featured_media":0,"comment_status":"open","ping_status":"open","sticky":false,"template":"","format":"standard","meta":{"site-container-style":"default","site-container-layout":"default","site-sidebar-layout":"default","disable-article-header":"default","disable-site-header":"default","disable-site-footer":"default","disable-content-area-spacing":"default","footnotes":""},"categories":[56,5,48,358,26,46,49],"tags":[],"class_list":["post-29739","post","type-post","status-publish","format-standard","hentry","category-acoes-afirmativas","category-convencao","category-inclusao","category-lei-brasileira-de-inclusao","category-legislacao","category-mercado-de-trabalho","category-politicas-publicas"],"yoast_head":"<!-- This site is optimized with the Yoast SEO plugin v27.4 - https:\/\/yoast.com\/product\/yoast-seo-wordpress\/ -->\n<title>4\u00ba F\u00f3rum Pessoa com Defici\u00eancia - Al\u00e9m da Lei de Cotas - 28\/9 - Barueri, SP -<\/title>\n<meta name=\"robots\" content=\"index, follow, max-snippet:-1, max-image-preview:large, max-video-preview:-1\" \/>\n<link rel=\"canonical\" href=\"https:\/\/inclusivenews.com.br\/?p=29739\" \/>\n<meta property=\"og:locale\" content=\"pt_PT\" \/>\n<meta property=\"og:type\" content=\"article\" \/>\n<meta property=\"og:title\" content=\"4\u00ba F\u00f3rum Pessoa com Defici\u00eancia - Al\u00e9m da Lei de Cotas - 28\/9 - Barueri, SP -\" \/>\n<meta property=\"og:description\" content=\"&nbsp; Evento gratuito Programa\u00e7\u00e3o: 08:00 \u00e0 08:30 &#8211; Credenciamento 08:30 \u00e0s 09:00 &#8211; Abertura &#8211; Theunis Marinho \u2013 Presidente da ABRHSP. Mario Faccioni Junior &#8211; Diretor Regional Metropolinta Oeste 09:00 \u00e0s 10:00 &#8211; Bloco I: Gest\u00e3o da Legisla\u00e7\u00e3o Lei de Cotas: Aplica\u00e7\u00e3o e Fiscaliza\u00e7\u00e3o &#8211; Ronaldo Freixeda \u2013 (MTE) LBI &#8211; Lei Brasileira de Inclus\u00e3o [&hellip;]\" \/>\n<meta property=\"og:url\" content=\"https:\/\/inclusivenews.com.br\/?p=29739\" \/>\n<meta property=\"article:publisher\" content=\"https:\/\/www.facebook.com\/agenciainclusive\/\" \/>\n<meta property=\"article:published_time\" content=\"2016-09-24T18:17:12+00:00\" \/>\n<meta property=\"og:image\" content=\"http:\/\/inclusivenews.com.br\/wp-content\/uploads\/2011\/02\/seguranca-trabalho.jpg\" \/>\n<meta name=\"author\" content=\"inclusivenews2024\" \/>\n<meta name=\"twitter:card\" content=\"summary_large_image\" \/>\n<meta name=\"twitter:label1\" content=\"Escrito por\" \/>\n\t<meta name=\"twitter:data1\" content=\"inclusivenews2024\" \/>\n\t<meta name=\"twitter:label2\" content=\"Tempo estimado de leitura\" \/>\n\t<meta name=\"twitter:data2\" content=\"2 minutos\" \/>\n<script type=\"application\/ld+json\" class=\"yoast-schema-graph\">{\"@context\":\"https:\\\/\\\/schema.org\",\"@graph\":[{\"@type\":\"Article\",\"@id\":\"https:\\\/\\\/inclusivenews.com.br\\\/?p=29739#article\",\"isPartOf\":{\"@id\":\"https:\\\/\\\/inclusivenews.com.br\\\/?p=29739\"},\"author\":{\"name\":\"inclusivenews2024\",\"@id\":\"https:\\\/\\\/inclusivenews.com.br\\\/#\\\/schema\\\/person\\\/ae4ec7087559b8692fb33b6fffd2273b\"},\"headline\":\"4\u00ba F\u00f3rum Pessoa com Defici\u00eancia &#8211; Al\u00e9m da Lei de Cotas &#8211; 28\\\/9 &#8211; Barueri, SP\",\"datePublished\":\"2016-09-24T18:17:12+00:00\",\"mainEntityOfPage\":{\"@id\":\"https:\\\/\\\/inclusivenews.com.br\\\/?p=29739\"},\"wordCount\":335,\"commentCount\":0,\"publisher\":{\"@id\":\"https:\\\/\\\/inclusivenews.com.br\\\/#organization\"},\"image\":{\"@id\":\"https:\\\/\\\/inclusivenews.com.br\\\/?p=29739#primaryimage\"},\"thumbnailUrl\":\"http:\\\/\\\/inclusivenews.com.br\\\/wp-content\\\/uploads\\\/2011\\\/02\\\/seguranca-trabalho.jpg\",\"articleSection\":[\"A\u00e7\u00f5es afirmativas\",\"Conven\u00e7\u00e3o\",\"INCLUS\u00c3O SOCIAL\",\"LBI\",\"Legisla\u00e7\u00e3o ...\",\"Mercado de Trabalho\",\"Pol\u00edticas p\u00fablicas\"],\"inLanguage\":\"pt-PT\",\"potentialAction\":[{\"@type\":\"CommentAction\",\"name\":\"Comment\",\"target\":[\"https:\\\/\\\/inclusivenews.com.br\\\/?p=29739#respond\"]}]},{\"@type\":\"WebPage\",\"@id\":\"https:\\\/\\\/inclusivenews.com.br\\\/?p=29739\",\"url\":\"https:\\\/\\\/inclusivenews.com.br\\\/?p=29739\",\"name\":\"4\u00ba F\u00f3rum Pessoa com Defici\u00eancia - Al\u00e9m da Lei de Cotas - 28\\\/9 - Barueri, SP -\",\"isPartOf\":{\"@id\":\"https:\\\/\\\/inclusivenews.com.br\\\/#website\"},\"primaryImageOfPage\":{\"@id\":\"https:\\\/\\\/inclusivenews.com.br\\\/?p=29739#primaryimage\"},\"image\":{\"@id\":\"https:\\\/\\\/inclusivenews.com.br\\\/?p=29739#primaryimage\"},\"thumbnailUrl\":\"http:\\\/\\\/inclusivenews.com.br\\\/wp-content\\\/uploads\\\/2011\\\/02\\\/seguranca-trabalho.jpg\",\"datePublished\":\"2016-09-24T18:17:12+00:00\",\"breadcrumb\":{\"@id\":\"https:\\\/\\\/inclusivenews.com.br\\\/?p=29739#breadcrumb\"},\"inLanguage\":\"pt-PT\",\"potentialAction\":[{\"@type\":\"ReadAction\",\"target\":[\"https:\\\/\\\/inclusivenews.com.br\\\/?p=29739\"]}]},{\"@type\":\"ImageObject\",\"inLanguage\":\"pt-PT\",\"@id\":\"https:\\\/\\\/inclusivenews.com.br\\\/?p=29739#primaryimage\",\"url\":\"\",\"contentUrl\":\"\"},{\"@type\":\"BreadcrumbList\",\"@id\":\"https:\\\/\\\/inclusivenews.com.br\\\/?p=29739#breadcrumb\",\"itemListElement\":[{\"@type\":\"ListItem\",\"position\":1,\"name\":\"In\u00edcio\",\"item\":\"https:\\\/\\\/inclusivenews.com.br\\\/\"},{\"@type\":\"ListItem\",\"position\":2,\"name\":\"4\u00ba F\u00f3rum Pessoa com Defici\u00eancia &#8211; Al\u00e9m da Lei de Cotas &#8211; 28\\\/9 &#8211; Barueri, SP\"}]},{\"@type\":\"WebSite\",\"@id\":\"https:\\\/\\\/inclusivenews.com.br\\\/#website\",\"url\":\"https:\\\/\\\/inclusivenews.com.br\\\/\",\"name\":\"Inclusive News\",\"description\":\"Inclusive News\",\"publisher\":{\"@id\":\"https:\\\/\\\/inclusivenews.com.br\\\/#organization\"},\"potentialAction\":[{\"@type\":\"SearchAction\",\"target\":{\"@type\":\"EntryPoint\",\"urlTemplate\":\"https:\\\/\\\/inclusivenews.com.br\\\/?s={search_term_string}\"},\"query-input\":{\"@type\":\"PropertyValueSpecification\",\"valueRequired\":true,\"valueName\":\"search_term_string\"}}],\"inLanguage\":\"pt-PT\"},{\"@type\":\"Organization\",\"@id\":\"https:\\\/\\\/inclusivenews.com.br\\\/#organization\",\"name\":\"Inclusive - inclus\u00e3o e cidadania\",\"url\":\"https:\\\/\\\/inclusivenews.com.br\\\/\",\"logo\":{\"@type\":\"ImageObject\",\"inLanguage\":\"pt-PT\",\"@id\":\"https:\\\/\\\/inclusivenews.com.br\\\/#\\\/schema\\\/logo\\\/image\\\/\",\"url\":\"https:\\\/\\\/inclusivenews.com.br\\\/wp-content\\\/uploads\\\/2024\\\/03\\\/@grandesite.png\",\"contentUrl\":\"https:\\\/\\\/inclusivenews.com.br\\\/wp-content\\\/uploads\\\/2024\\\/03\\\/@grandesite.png\",\"width\":1080,\"height\":1080,\"caption\":\"Inclusive - inclus\u00e3o e cidadania\"},\"image\":{\"@id\":\"https:\\\/\\\/inclusivenews.com.br\\\/#\\\/schema\\\/logo\\\/image\\\/\"},\"sameAs\":[\"https:\\\/\\\/www.facebook.com\\\/agenciainclusive\\\/\",\"https:\\\/\\\/www.instagram.com\\\/newsinclusive\\\/\"]},{\"@type\":\"Person\",\"@id\":\"https:\\\/\\\/inclusivenews.com.br\\\/#\\\/schema\\\/person\\\/ae4ec7087559b8692fb33b6fffd2273b\",\"name\":\"inclusivenews2024\",\"image\":{\"@type\":\"ImageObject\",\"inLanguage\":\"pt-PT\",\"@id\":\"https:\\\/\\\/secure.gravatar.com\\\/avatar\\\/c5a7ef84c66fa914f55bc4f7ce26cfa275a3b9a1c5568b907bd184fb4dde7b40?s=96&d=mm&r=g\",\"url\":\"https:\\\/\\\/secure.gravatar.com\\\/avatar\\\/c5a7ef84c66fa914f55bc4f7ce26cfa275a3b9a1c5568b907bd184fb4dde7b40?s=96&d=mm&r=g\",\"contentUrl\":\"https:\\\/\\\/secure.gravatar.com\\\/avatar\\\/c5a7ef84c66fa914f55bc4f7ce26cfa275a3b9a1c5568b907bd184fb4dde7b40?s=96&d=mm&r=g\",\"caption\":\"inclusivenews2024\"},\"sameAs\":[\"https:\\\/\\\/inclusivenews.com.br\"],\"url\":\"https:\\\/\\\/inclusivenews.com.br\\\/?author=1\"}]}<\/script>\n<!-- \/ Yoast SEO plugin. -->","yoast_head_json":{"title":"4\u00ba F\u00f3rum Pessoa com Defici\u00eancia - Al\u00e9m da Lei de Cotas - 28\/9 - Barueri, SP -","robots":{"index":"index","follow":"follow","max-snippet":"max-snippet:-1","max-image-preview":"max-image-preview:large","max-video-preview":"max-video-preview:-1"},"canonical":"https:\/\/inclusivenews.com.br\/?p=29739","og_locale":"pt_PT","og_type":"article","og_title":"4\u00ba F\u00f3rum Pessoa com Defici\u00eancia - Al\u00e9m da Lei de Cotas - 28\/9 - Barueri, SP -","og_description":"&nbsp; Evento gratuito Programa\u00e7\u00e3o: 08:00 \u00e0 08:30 &#8211; Credenciamento 08:30 \u00e0s 09:00 &#8211; Abertura &#8211; Theunis Marinho \u2013 Presidente da ABRHSP. Mario Faccioni Junior &#8211; Diretor Regional Metropolinta Oeste 09:00 \u00e0s 10:00 &#8211; Bloco I: Gest\u00e3o da Legisla\u00e7\u00e3o Lei de Cotas: Aplica\u00e7\u00e3o e Fiscaliza\u00e7\u00e3o &#8211; Ronaldo Freixeda \u2013 (MTE) LBI &#8211; Lei Brasileira de Inclus\u00e3o [&hellip;]","og_url":"https:\/\/inclusivenews.com.br\/?p=29739","article_publisher":"https:\/\/www.facebook.com\/agenciainclusive\/","article_published_time":"2016-09-24T18:17:12+00:00","og_image":[{"url":"http:\/\/inclusivenews.com.br\/wp-content\/uploads\/2011\/02\/seguranca-trabalho.jpg","type":"","width":"","height":""}],"author":"inclusivenews2024","twitter_card":"summary_large_image","twitter_misc":{"Escrito por":"inclusivenews2024","Tempo estimado de leitura":"2 minutos"},"schema":{"@context":"https:\/\/schema.org","@graph":[{"@type":"Article","@id":"https:\/\/inclusivenews.com.br\/?p=29739#article","isPartOf":{"@id":"https:\/\/inclusivenews.com.br\/?p=29739"},"author":{"name":"inclusivenews2024","@id":"https:\/\/inclusivenews.com.br\/#\/schema\/person\/ae4ec7087559b8692fb33b6fffd2273b"},"headline":"4\u00ba F\u00f3rum Pessoa com Defici\u00eancia &#8211; Al\u00e9m da Lei de Cotas &#8211; 28\/9 &#8211; Barueri, SP","datePublished":"2016-09-24T18:17:12+00:00","mainEntityOfPage":{"@id":"https:\/\/inclusivenews.com.br\/?p=29739"},"wordCount":335,"commentCount":0,"publisher":{"@id":"https:\/\/inclusivenews.com.br\/#organization"},"image":{"@id":"https:\/\/inclusivenews.com.br\/?p=29739#primaryimage"},"thumbnailUrl":"http:\/\/inclusivenews.com.br\/wp-content\/uploads\/2011\/02\/seguranca-trabalho.jpg","articleSection":["A\u00e7\u00f5es afirmativas","Conven\u00e7\u00e3o","INCLUS\u00c3O SOCIAL","LBI","Legisla\u00e7\u00e3o ...","Mercado de Trabalho","Pol\u00edticas p\u00fablicas"],"inLanguage":"pt-PT","potentialAction":[{"@type":"CommentAction","name":"Comment","target":["https:\/\/inclusivenews.com.br\/?p=29739#respond"]}]},{"@type":"WebPage","@id":"https:\/\/inclusivenews.com.br\/?p=29739","url":"https:\/\/inclusivenews.com.br\/?p=29739","name":"4\u00ba F\u00f3rum Pessoa com Defici\u00eancia - Al\u00e9m da Lei de Cotas - 28\/9 - Barueri, SP -","isPartOf":{"@id":"https:\/\/inclusivenews.com.br\/#website"},"primaryImageOfPage":{"@id":"https:\/\/inclusivenews.com.br\/?p=29739#primaryimage"},"image":{"@id":"https:\/\/inclusivenews.com.br\/?p=29739#primaryimage"},"thumbnailUrl":"http:\/\/inclusivenews.com.br\/wp-content\/uploads\/2011\/02\/seguranca-trabalho.jpg","datePublished":"2016-09-24T18:17:12+00:00","breadcrumb":{"@id":"https:\/\/inclusivenews.com.br\/?p=29739#breadcrumb"},"inLanguage":"pt-PT","potentialAction":[{"@type":"ReadAction","target":["https:\/\/inclusivenews.com.br\/?p=29739"]}]},{"@type":"ImageObject","inLanguage":"pt-PT","@id":"https:\/\/inclusivenews.com.br\/?p=29739#primaryimage","url":"","contentUrl":""},{"@type":"BreadcrumbList","@id":"https:\/\/inclusivenews.com.br\/?p=29739#breadcrumb","itemListElement":[{"@type":"ListItem","position":1,"name":"In\u00edcio","item":"https:\/\/inclusivenews.com.br\/"},{"@type":"ListItem","position":2,"name":"4\u00ba F\u00f3rum Pessoa com Defici\u00eancia &#8211; Al\u00e9m da Lei de Cotas &#8211; 28\/9 &#8211; Barueri, SP"}]},{"@type":"WebSite","@id":"https:\/\/inclusivenews.com.br\/#website","url":"https:\/\/inclusivenews.com.br\/","name":"Inclusive News","description":"Inclusive News","publisher":{"@id":"https:\/\/inclusivenews.com.br\/#organization"},"potentialAction":[{"@type":"SearchAction","target":{"@type":"EntryPoint","urlTemplate":"https:\/\/inclusivenews.com.br\/?s={search_term_string}"},"query-input":{"@type":"PropertyValueSpecification","valueRequired":true,"valueName":"search_term_string"}}],"inLanguage":"pt-PT"},{"@type":"Organization","@id":"https:\/\/inclusivenews.com.br\/#organization","name":"Inclusive - inclus\u00e3o e cidadania","url":"https:\/\/inclusivenews.com.br\/","logo":{"@type":"ImageObject","inLanguage":"pt-PT","@id":"https:\/\/inclusivenews.com.br\/#\/schema\/logo\/image\/","url":"https:\/\/inclusivenews.com.br\/wp-content\/uploads\/2024\/03\/@grandesite.png","contentUrl":"https:\/\/inclusivenews.com.br\/wp-content\/uploads\/2024\/03\/@grandesite.png","width":1080,"height":1080,"caption":"Inclusive - inclus\u00e3o e cidadania"},"image":{"@id":"https:\/\/inclusivenews.com.br\/#\/schema\/logo\/image\/"},"sameAs":["https:\/\/www.facebook.com\/agenciainclusive\/","https:\/\/www.instagram.com\/newsinclusive\/"]},{"@type":"Person","@id":"https:\/\/inclusivenews.com.br\/#\/schema\/person\/ae4ec7087559b8692fb33b6fffd2273b","name":"inclusivenews2024","image":{"@type":"ImageObject","inLanguage":"pt-PT","@id":"https:\/\/secure.gravatar.com\/avatar\/c5a7ef84c66fa914f55bc4f7ce26cfa275a3b9a1c5568b907bd184fb4dde7b40?s=96&d=mm&r=g","url":"https:\/\/secure.gravatar.com\/avatar\/c5a7ef84c66fa914f55bc4f7ce26cfa275a3b9a1c5568b907bd184fb4dde7b40?s=96&d=mm&r=g","contentUrl":"https:\/\/secure.gravatar.com\/avatar\/c5a7ef84c66fa914f55bc4f7ce26cfa275a3b9a1c5568b907bd184fb4dde7b40?s=96&d=mm&r=g","caption":"inclusivenews2024"},"sameAs":["https:\/\/inclusivenews.com.br"],"url":"https:\/\/inclusivenews.com.br\/?author=1"}]}},"_links":{"self":[{"href":"https:\/\/inclusivenews.com.br\/index.php?rest_route=\/wp\/v2\/posts\/29739","targetHints":{"allow":["GET"]}}],"collection":[{"href":"https:\/\/inclusivenews.com.br\/index.php?rest_route=\/wp\/v2\/posts"}],"about":[{"href":"https:\/\/inclusivenews.com.br\/index.php?rest_route=\/wp\/v2\/types\/post"}],"author":[{"embeddable":true,"href":"https:\/\/inclusivenews.com.br\/index.php?rest_route=\/wp\/v2\/users\/1"}],"replies":[{"embeddable":true,"href":"https:\/\/inclusivenews.com.br\/index.php?rest_route=%2Fwp%2Fv2%2Fcomments&post=29739"}],"version-history":[{"count":0,"href":"https:\/\/inclusivenews.com.br\/index.php?rest_route=\/wp\/v2\/posts\/29739\/revisions"}],"wp:attachment":[{"href":"https:\/\/inclusivenews.com.br\/index.php?rest_route=%2Fwp%2Fv2%2Fmedia&parent=29739"}],"wp:term":[{"taxonomy":"category","embeddable":true,"href":"https:\/\/inclusivenews.com.br\/index.php?rest_route=%2Fwp%2Fv2%2Fcategories&post=29739"},{"taxonomy":"post_tag","embeddable":true,"href":"https:\/\/inclusivenews.com.br\/index.php?rest_route=%2Fwp%2Fv2%2Ftags&post=29739"}],"curies":[{"name":"wp","href":"https:\/\/api.w.org\/{rel}","templated":true}]}}