{"id":29742,"date":"2016-09-25T06:18:37","date_gmt":"2016-09-25T09:18:37","guid":{"rendered":"http:\/\/www.inclusive.org.br\/?p=29742"},"modified":"2016-09-25T06:18:37","modified_gmt":"2016-09-25T09:18:37","slug":"iniciativa-global-de-inclusao-atraves-da-midia-sera-lancada-na-onu-em-genebra","status":"publish","type":"post","link":"https:\/\/inclusivenews.com.br\/?p=29742","title":{"rendered":"Iniciativa global de inclus\u00e3o atrav\u00e9s da m\u00eddia ser\u00e1 lan\u00e7ada na ONU em Genebra"},"content":{"rendered":"<p class=\"font_8\"><img loading=\"lazy\" decoding=\"async\" class=\"alignnone wp-image-29743\" src=\"http:\/\/inclusivenews.com.br\/wp-content\/uploads\/Gadim-base-1.png\" alt=\"balaozinho rosa, em letras verdes gadim - media and disability - global alliance for disability in media and entertainment.\" width=\"359\" height=\"170\" \/><\/p>\n<p class=\"font_8\">Ser\u00e1 lan\u00e7ada durante o Forum Social organizado pelo Alto Comissariado para os Direitos Humanos das Na\u00e7\u00f5es Unidas, de 3 a 5 de outubro, em Genebra, uma iniciativa que pretende alavancar a inclus\u00e3o das pessoas com defici\u00eancia na sociedade, atrav\u00e9s da m\u00eddia.<\/p>\n<p class=\"font_8\">Criada por uma brasileira, uma americana e uma australiana, todas ativistas\u00a0pelos direitos\u00a0pessoas com defici\u00eancia, a <a href=\"http:\/\/www.gadim.org\">GADIM<\/a> (Alian\u00e7a Global para Inclus\u00e3o das Pessoas com Defici\u00eancia na M\u00eddia e\u00a0Entretenimento ) pretende promover uma cultura inclusiva. &#8220;Assim como temos o racismo e o machismo arraigado em nossa cultura, temos tamb\u00e9m o capacitismo, ou seja, gente\u00a0que acha que pessoas com defici\u00eancia s\u00e3o menos por terem uma defici\u00eancia. Essa \u00e9 a imagem do senso comum vigente, que queremos mudar&#8221;, diz Patricia Almeida, criadora da GADIM. Ela acha que as Paralimp\u00edadas serviram para mostrar que essa mudan\u00e7a\u00a0\u00e9 poss\u00edvel, e que \u00e9 preciso aproveitar a onda de conscientiza\u00e7\u00e3o. &#8220;Agora j\u00e1 temos no Brasil crian\u00e7as com defici\u00eancia em escolas regulares que v\u00e3o criando o ambiente inclusivo naturalmente, mas \u00e9 preciso refor\u00e7ar essa imagem. Al\u00e9m disso, \u00e9 uma quest\u00e3o de representa\u00e7\u00e3o. Ora, temos quase 1 em cada 4 pessoas com defici\u00eancia no Brasil. Onde elas est\u00e3o no cinema, no jornal, nas revistas, nos brinquedos, nos livros, nas novelas, nos gibis, na publicidade? A m\u00e1xima de outros grupos\u00a0oprimidos\u00a0serve tamb\u00e9m para as pessoas com defici\u00eancia &#8211; O lugar das pessoas com defici\u00eancia \u00e9 em todos os lugares.&#8221;<\/p>\n<p class=\"font_8\">Segundo a ativista, muitas iniciativas\u00a0que existem\u00a0no Brasil poderiam ser replicadas em outros pa\u00edses, e citou\u00a0os\u00a0personagens com defici\u00eancia em novelas, como a menina com s\u00edndrome de Down, Clarinha, em P\u00e1ginas da Vida e a modelo tetrapl\u00e9gica Luciana, em Viver a Vida, de Manoel Carlos. As experi\u00eancias com novelas na TV\u00a0Globo, v\u00eam desde 1986, com a novela Roda de Fogo, de Lauro C\u00e9sar Muniz e Marc\u00edlio Moraes, onde o ator Jayme Periard viveu\u00a0o personagem Roberto Labanca, que era parapl\u00e9gico. &#8220;Mas essa inclus\u00e3o deve ser feita sempre em estreita consulta com o movimento das pessoas com defici\u00eancia, para que o tiro n\u00e3o saia pela culatra&#8221;, ressalva a criadora da <a href=\"http:\/\/www.gadim.org\">GADIM<\/a>. Por seu trabalho na \u00e1rea de merchandising social, a TV Globo foi convidada para participar do evento de M\u00eddia e Pessoas com Defici\u00eancia que marcar\u00e1 o lan\u00e7amento internacional da <a href=\"http:\/\/www.gadim.org\">GADIM<\/a>.<\/p>\n<p class=\"font_8\">&#8220;H\u00e1 muito que pode ser feito com pouco ou nenhum custo extra. Basta iniciativa. Os criadores precisam ser mais inclusivos.&#8221;, afirma Patricia.<\/p>\n<p class=\"font_8\">Da mesma maneira, h\u00e1 organiza\u00e7\u00f5es como a &#8220;Starting with Julius&#8221;, da Austr\u00e1lia, dirigida pela co-fundadora da <a href=\"http:\/\/www.gadim.org\">GADIM<\/a>, Catia Malaquias, que promove a inser\u00e7\u00e3o de modelos com defici\u00eancia na publicidade. &#8220;Tudo isso ajuda a mudar a imagem da pessoa com defici\u00eancia. Ela passa a ser vista como consumidora, cidad\u00e3 comum&#8221;, afirma Malaquias.<\/p>\n<p class=\"font_8\">A terceira co-fundadora da <a href=\"http:\/\/www.gadim.org\">GADIM<\/a>, a americana Beth Haller, \u00e9 pesquisadora e professora de Comunica\u00e7\u00e3o e Estudos da Defici\u00eancia, uma especialidade que ainda n\u00e3o existe no Brasil, em universidades dos Estados Unidos e Canad\u00e1, com diversas publica\u00e7\u00f5es na \u00e1rea.<\/p>\n<p class=\"font_8\">A <a href=\"http:\/\/www.gadim.org\">GADIM<\/a> \u00e9 a m\u00e3e da <a href=\"http:\/\/www.gadimbrasil.org\">GADIM Brasil<\/a>, que foi lan\u00e7ada durante as Paralimp\u00edadas, onde procurou influenciar a cobertura da imprensa nos Jogos. &#8220;Acho que fomos bem-sucedidos&#8221;, conclui Patricia.<\/p>\n<p class=\"font_8\">GADIM &#8211; <a href=\"http:\/\/www.gadim.org\">www.gadim.org<\/a><\/p>\n<p class=\"font_8\">GADIM Brasil &#8211; <a href=\"http:\/\/www.gadimbrasil.org\">www.gadimbrasil.org<\/a><\/p>\n<p class=\"font_8\"><strong>GADIM PRE-LAUNCH<\/strong><\/p>\n<p class=\"font_8\"><strong>INVITATION<\/strong><\/p>\n<p class=\"font_8\">Dear friend,<\/p>\n<p>We would like to invite you to participate in the side event on Media and Disability, during the 2016 Social Forum of the Human Rights Council, which will take place from\u00a03 to 5 October\u00a0at the Palais des Nations in Geneva, Switzerland, given your work for the promotion of the human rights and fundamental freedoms of persons with disabilities through the media.<\/p>\n<p>The event is organized by the Global Alliance for Disability in Media and Entertainment (GADIM), the International Disability Alliance (IDA), the Office of the United Nations High Commissioner for Human Rights (OHCHR), the United Nations Children&#8217;s Fund (UNICEF), with support of the Permanent Mission of Brazil to the UN in Geneva.<\/p>\n<p>In its resolution 29\/19 the Council decided that the 2016 Social Forum should focus on \u201cthe promotion and full and equal enjoyment of all human rights and fundamental freedoms by all persons with disabilities in the context of the tenth anniversary of the adoption of the Convention on the Rights of Persons with Disabilities (CRPD).\u201d<\/p>\n<p>Detailed information about the Social Forum can be found at:<\/p>\n<p><a href=\"http:\/\/www.ohchr.org\/EN\/Issues\/Poverty\/SForum\/Pages\/SForumIndex.aspx\" target=\"_blank\" data-content=\"http:\/\/www.ohchr.org\/EN\/Issues\/Poverty\/SForum\/Pages\/SForumIndex.aspx\" data-type=\"external\" rel=\"noopener\">http:\/\/www.ohchr.org\/EN\/Issues\/Poverty\/SForum\/Pages\/SForumIndex.aspx<\/a><\/p>\n<p>GADIM is a new collaborative platform, developed voluntary by activists on media and disability, which will be pre-launched at the Social Forum and aims to bring together likeminded initiatives to speed up the promotion of the representation of persons with disabilities in an inclusive way in the media.<\/p>\n<p>We invite you to have a look at our website, that is under construction, make any comments and suggestions. It would be great to work collaboratively with you in this initiative.<\/p>\n<p>Please do not hesitate to us should you need any additional information.<\/p>\n<p>Best regards,<\/p>\n<p>Patricia Almeida<br \/>\nGADIM<\/p>\n<p class=\"font_8\"><strong>Media and persons with disabilities\u00a0<\/strong><\/p>\n<p class=\"font_8\"><strong>Co-organised by IDA, OHCHR, UNICEF, GADIM &amp; sponsored by the Brazilian Mission\u00a0<\/strong><\/p>\n<p class=\"font_8\"><strong>Side Event at the Social Forum 2016<\/strong><\/p>\n<p class=\"font_8\"><strong>3 October 2016 &#8211; 1.15 to 2.45 pm, Room 24<\/strong><\/p>\n<p class=\"font_8\">Draft Concept Note<\/p>\n<p class=\"font_8\">Focus and objectives: Based on Article 8 of CRPD on Awareness Raising, the side event seeks to discuss strategies that can be led at local, national, regional and international levels to encourage the media outlets to increase the participation of persons with disabilities in press coverage, advertising and entertainment productions in a manner consistent with the purposes of CRPD, in order to raise visibility and promote rights as well as to discuss media role in the promotion of positive perceptions and greater social awareness towards persons with disabilities.<\/p>\n<p class=\"font_8\">Abstract:<\/p>\n<p class=\"font_8\">The media can be an important and cost effective ally when it comes to promoting inclusion and addressing some of the vital issues that dominate the lives of persons with disabilities around the world. However, people with disabilities are still almost invisible in media, advertising, cultural and entertainment productions. According to GLADD\u2019s \u201cWhere we are on TV\u201d report, that monitors the content in US TV, in 2015 characters with disabilities were represented in less than 1% of entertainment productions.\u00a0Recently, the Ruderman Foundation published a report, which found that 95% of characters with disabilities on American TV are played by non-disabled actors. There is still no specific data about the numbers of people with disabilities present in news stories in any country, but research has found that, when they appear, people with disabilities are shown with an ableist look, perpetuating a long lasting stigma.<\/p>\n<p class=\"font_8\">Attracting media\u2019s attention to the rights of persons with disabilities beyond the superficial label of objects of charity or care or sporting Paralympian superheroes can be a challenge.<\/p>\n<p class=\"font_8\">In recent years, further initiatives are being taken in various countries to foster the participation of persons with disabilities in the media in an inclusive way in the press, advertising, and entertainment industries, increasing visibility: fashion shows, ads, soap operas, films, books and others. Many of these initiatives are not spontaneous. They are provoked by advocates that are actively searching for companies, agencies and newsrooms to foster the inclusion of persons with disabilities in the general media content.<\/p>\n<p class=\"font_8\">Concrete actions vary &#8211; a journalist with disability that receives a grant to be in a newsroom; a parent with a child with disability working in the advertising industry or model agency; a public employee with an inclusive vision in the communication area of a government. At the same time, internet and social media became extraordinary and accessible tools for self-advocates to reach out and be reached, starting online campaigns, writing articles, suggesting stories and becoming direct sources. UNICEF, for instance, just developed the\u00a0<a href=\"http:\/\/www.unicef.org\/disabilities\/index_90418.html\" target=\"_blank\" data-content=\"http:\/\/www.unicef.org\/disabilities\/index_90418.html\" data-type=\"external\" rel=\"noopener\">Inclusive Communication Module<\/a>, which presents experiences from over 30 country officers and tools on how to communicate about and confidently interact with children with disabilities, and to develop materials and organize meetings that are inclusive of and accessible to people with disabilities.<\/p>\n<p class=\"font_8\">Drawing on the inspiration and experience of two other UN organisations,\u00a0<a href=\"http:\/\/www.unwomen.org\/en\/get-involved\/step-it-up\/media-compact\" target=\"_blank\" data-content=\"http:\/\/www.unwomen.org\/en\/get-involved\/step-it-up\/media-compact\" data-type=\"external\" rel=\"noopener\">UN Women\u2019s Global Media<\/a>\u00a0and UNESCO\u2019s\u00a0<a href=\"http:\/\/www.unesco.org\/new\/en\/communication-and-information\/resources\/news-and-in-focus-articles\/in-focus-articles\/2013\/unesco-and-partners-launch-global-alliance-on-media-and-gender\/\" target=\"_blank\" data-content=\"http:\/\/www.unesco.org\/new\/en\/communication-and-information\/resources\/news-and-in-focus-articles\/in-focus-articles\/2013\/unesco-and-partners-launch-global-alliance-on-media-and-gender\/\" data-type=\"external\" rel=\"noopener\">Global Alliance on Media &amp; Gender<\/a>, a Global Alliance for Disability in Media and Entertainment (GADIM) is being formed, with the support of the Special Rapporteur on the Rights of Persons with Disabilities and the International Disability Alliance (IDA) to share best practices and encourage persons with disabilities to partner with the media to speed up inclusion.<\/p>\n<p class=\"font_8\">Some of the questions to be raised:<\/p>\n<ul class=\"font_8\">\n<li>\n<p class=\"font_8\">How can the media become an integral partner in achieving progress in the rights of persons with disabilities, as set out in the work of the Committee and the Special Rapporteur, including SDGs for persons with disabilities by 2030?<\/p>\n<\/li>\n<li>\n<p class=\"font_8\">How to better brief the media on their work and impact, and also provide a nuanced understanding of existing or emerging issues on the rights of persons with disabilities?<\/p>\n<\/li>\n<li>\n<p class=\"font_8\">How to increase dialogue and collaboration with the media, with the goal of setting persons with disabilities high on the news and public agenda?<\/p>\n<\/li>\n<\/ul>\n<p class=\"font_8\">Expected Outcomes<\/p>\n<ul class=\"font_8\">\n<li>\n<p class=\"font_8\">A crucial goal of the Social Forum is to deliver key messages and action plans to ensure SDG implementation under the Convention. In that framework, the media and disability rights session would adopt a key message on the important role of media in promoting disability rights to be part of the Forum\u2019s key messages on The Future We Want!<\/p>\n<\/li>\n<li>\n<p class=\"font_8\">Working collaboratively with the invited journalists prior to, during and after the Social Forum, to develop clear positions on covering the disability rights issues that matter to people with disabilities in their daily lives. The aim is to encourage and help journalists to produce stories that will resonate with readers, viewers and listeners, eg. on advertising, media, education, sexual health and reproductive rights, religion, sport, and fashion.<\/p>\n<\/li>\n<\/ul>\n<ul class=\"font_8\">\n<li>\n<p class=\"font_8\">Commitment from participants to involve and invite media to all major events on disability rights as an integral player and not an afterthought, so key messages can reach beyond the confines of the usual echo chamber of stakeholders to reach the general public.<\/p>\n<\/li>\n<\/ul>\n<p class=\"font_8\">Moderator: Penny Hartin, Chief Executive Officer of the World Blind Union<\/p>\n<p class=\"font_8\">Opening remarks: H.E. Ms. Roseane Cavalcante de Freitas Estrela, National Secretary for the Promotion of the Rights of Persons with Disabilities of Brazil<\/p>\n<p class=\"font_8\">Speakers:<\/p>\n<ul class=\"font_8\">\n<li>\n<p class=\"font_8\">Facundo Ch\u00e1vez, OHCHR Human Rights and Disability Advisor<\/p>\n<\/li>\n<li>\n<p class=\"font_8\">Ruth Warick, International Federation of Hard of Hearing People<\/p>\n<\/li>\n<li>\n<p class=\"font_8\">Rosangela Berman-Bieler, Unicef<\/p>\n<\/li>\n<li>\n<p class=\"font_8\">Patricia Almeida, GADIM, MetaSocial Institute and Inclusive &#8211; Inclusion and Citizenship, Brazil<\/p>\n<\/li>\n<li>\n<p class=\"font_8\">Veronica Carolina Gonzalez, journalist, Argentina<\/p>\n<\/li>\n<li>\n<p class=\"font_8\">Beatriz Azeredo, Director of Social Responsibility and Public Relations, TV Globo, Brazil<\/p>\n<\/li>\n<li>\n<p class=\"font_8\">Catia Malaquias, GADIM, Starting with Julius and Attitude Foundation, Australia<\/p>\n<\/li>\n<\/ul>\n<p class=\"font_8\">Format of the discussion<\/p>\n<p class=\"font_8\">The panel discussion will be opened by the Moderator, followed by five-minute statements by each panellist. The ensuing interactive discussion will comprise interventions, comments and questions from the floor, followed by replies from panellists. At the end, panellists will make their concluding remarks, followed by final remarks by the Moderator.<\/p>\n<p class=\"font_8\">Live webcast and captioning will be provided.<\/p>\n<p class=\"font_8\">Contact the Brazilian Mission (<a href=\"mailto:rafael.soares@itamaraty.gov.br\" target=\"_self\" data-content=\"rafael.soares@itamaraty.gov.br\" data-type=\"mail\" rel=\"noopener\">rafael.soares@itamaraty.gov.br<\/a>), by<\/p>\n<p class=\"font_8\">Tuesday 27 September may you require a UN badge<\/p>\n<p class=\"font_8\">GADIM<\/p>\n<div id=\"comp-iqk5d3cn\" class=\"s22\" data-reactid=\".0.$SITE_ROOT.$desktop_siteRoot.$PAGES_CONTAINER.1.1.$SITE_PAGES.$y5r4r.1.$comp-iqk5d3cn\">\n<div id=\"comp-iqk5d3cnbg\" class=\"s22bg\" data-reactid=\".0.$SITE_ROOT.$desktop_siteRoot.$PAGES_CONTAINER.1.1.$SITE_PAGES.$y5r4r.1.$comp-iqk5d3cn.0\"><\/div>\n<div id=\"comp-iqk5d3cninlineContent\" class=\"s22inlineContent\" data-reactid=\".0.$SITE_ROOT.$desktop_siteRoot.$PAGES_CONTAINER.1.1.$SITE_PAGES.$y5r4r.1.$comp-iqk5d3cn.1\">\n<div id=\"comp-iqy02z60\" class=\"s11\" data-reactid=\".0.$SITE_ROOT.$desktop_siteRoot.$PAGES_CONTAINER.1.1.$SITE_PAGES.$y5r4r.1.$comp-iqk5d3cn.1.$comp-iqy02z60\">\n<h1 class=\"font_0\"><span class=\"color_11\">MISSION<\/span><\/h1>\n<\/div>\n<\/div>\n<\/div>\n<div id=\"comp-ipo6v6rd\" class=\"s11\" data-reactid=\".0.$SITE_ROOT.$desktop_siteRoot.$PAGES_CONTAINER.1.1.$SITE_PAGES.$y5r4r.1.$comp-ipo6v6rd\">\n<p class=\"font_8\"><span class=\"color_15\">COUNSELLING BOARD<\/span><\/p>\n<p class=\"font_8\"><span class=\"color_15\">Anita Ghai (India)<\/span><\/p>\n<p class=\"font_8\">&#8211;\u00a0Professor of Psychology at Jesus and Mary College, University of Delhi, with an\u00a0interest\u00a0in the intersection of disability, Psychology and gender.\u00a0Anita has researched issues of care for disabled women and providers of care. Author of Re thinking disability in India (Routledge, New Delhi (2015), (Dis)Embodied Form: Issues of Disabled Women (2003) and co-authored The Mentally Handicapped \u2013 Prediction of the Work Performance with Anima Sen. Anita is also a renowned advocate and campaigner for disabled women\u2019s rights in India.<\/p>\n<p class=\"font_8\"><span class=\"color_15\">Dominick Evans (USA)<\/span><\/p>\n<p class=\"font_8\">\u2013\u00a0Film Director, Writer, Activist,\u00a0Media &amp; Entertainment Advocate \u2013\u00a0Center for Disability Rights, Inc<\/p>\n<p class=\"font_8\"><span class=\"color_15\">Izabel Maior (Brazil)<\/span><\/p>\n<p class=\"font_8\">\u2013\u00a0Professor of Medicine at UFRJ, was the first person with disability to lead the National\u00a0Secretariat for the\u00a0Promotion of the Rights of Persons with Disabilities in Brazil, and has been a leader for more than thirty years in the Disability Movement. She received\u00a0an award for her \u201ccontribution to the development of a more inclusive continent\u201d in 2010,\u00a0from the Organization of American States (OAS). She launched a book and documentary about the History of the Political Movement of Persons with Disabilities in Brazil, in partnership with the Organization of Ibero-American States (OEI). She was actively involved in the process to create the Convention on the Rights of Persons with Disabilities at the UN and numerous other legislation in Brazil.<\/p>\n<p class=\"font_8\"><span class=\"color_15\">Flavia Cintra (Brazil)<\/span><\/p>\n<p class=\"font_8\">&#8211; Reporter at TV Globo, Brazil&#8217;s largest channel, Cintra worked as a consultant for the soap opera &#8220;Live Life&#8221;, in 2009\/2010, that told the story of a model who becomes quadriplegic. Cintra was vice-president of Paradigm Institute, created to promote inclusion, through education, valuing diversity.<\/p>\n<p class=\"font_8\"><span class=\"color_15\">Katie Ellis (Australia)<\/span><\/p>\n<p class=\"font_8\">\u2013\u00a0Senior Research Fellow in the Department of Internet Studies at Curtin University. Six years after acquiring disability her sceptical interest in social constructions of disability was confirmed as a very real issue when she discovered the disability studies books on the top shelf at the library. Katie\u2019s books include Disability, Obesity and Ageing: Popular Media Identifications (2013; with Debbie Rodan &amp; Pia Lebeck), Disability and the Media (2014; with Gerard Goggin), Disability and New Media (2011; with Mike Kent) and Disabling Diversity (2008).<\/p>\n<p class=\"font_8\"><span class=\"color_15\">Milica Mima Ruzicic-Novkovic (Serbia)<\/span><\/p>\n<p class=\"font_8\">\u2013 Coordinator of the Programme for Equality of Persons with Disabilities in Public Speech, President and PR manager of the Centre \u2018Living Upright\u2019. Member of CIL Serbia, she has \u00a0been its representative in the Board of European Network on Independent Living and also acts as a disability peer counsellor. M.A. thesis was published with the title PORTRAYING DISABLED PEOPLE IN MEDIA DISCOURSE. Now at the PhD \u00a0gender studies at the University of Novi Sad. Published a glossary of disability and several papers in the area of equality of persons with disabilities in public speech. Participates in events on these topics, and is editing a book of research papers on (dis)ablism.<\/p>\n<p class=\"font_8\"><span class=\"color_15\">Monica Vasconcelos (Brazil\/UK)<\/span><\/p>\n<p class=\"font_8\">&#8211; Part of the team of BBC Brazil, for radio and internet,\u00a0since 1993 she specialized in covering issues related to culture and the arts. Also a composer and singer, Vasconcelos\u00a0produced the series &#8220;A Century of Jazz&#8221;, in which\u00a0she interviewed great names such as Wynton Marsalis, Chic Corea and George Russell. In 2014, she won the international prize at New York Festivals, for the world&#8217;s best radio programs, with her documentary &#8221;\u00a0The Secret History of Bossa Nova&#8221;, about the political background of the Brazilian rhytm,\u00a0broadcast by BBC Radio 4.<\/p>\n<p class=\"font_8\"><span class=\"color_15\">Veronica Carolina Gonzalez (Argentina)<\/span><\/p>\n<p class=\"font_8\">\u2013 Journalist, has a column on disabilities at TV Vhannel Visi\u00f3n 7, in Argentina. Press Representative of REDI (Network for the Rights of Persons with Disabilities).<\/p>\n<p class=\"font_8\"><span class=\"color_15\">Olusola Ogundola (Nigeria)<\/span><\/p>\n<p class=\"font_8\">\u2013 Executive Director of Project Restoration International (PRI), a<br \/>\ndisability rights organization he founded in 2009. Bachelor\u2019s degree in Library and Information Studies (BLIS) from the University of Ibadan, Nigeria and then proceeded to Syracuse University, USA for a Master degree in Media studies. With a grant from the Alumni Award of the International Fellowship Program (IFP) of the Ford Foundation, and collaboration with the Nigeria Union of Journalists (Oyo State Council), recently held a training workshop for journalists on \u201cguideline for reporting disability in the news media.\u201d Current research interest centers on \u201chow identities of diverse groups are shaped by media contents that are replete with opinions of dominant groups.\u201d Ford Foundation International Fellow.<\/p>\n<p class=\"font_8\">======================================<\/p>\n<p class=\"font_8\">Contact GADIM if you want to join our efforts and be part of this inclusive network.<\/p>\n<p class=\"font_8\"><span style=\"background-color: #d5d5d5;\">info@gadim.org<\/span><\/p>\n<\/div>\n","protected":false},"excerpt":{"rendered":"<p>Ser\u00e1 lan\u00e7ada durante o Forum Social organizado pelo Alto Comissariado para os Direitos Humanos das Na\u00e7\u00f5es Unidas, de 3 a 5 de outubro, em Genebra, uma iniciativa que pretende alavancar a inclus\u00e3o das pessoas com defici\u00eancia na sociedade, atrav\u00e9s da m\u00eddia. Criada por uma brasileira, uma americana e uma australiana, todas ativistas\u00a0pelos direitos\u00a0pessoas com defici\u00eancia, [&hellip;]<\/p>\n","protected":false},"author":1,"featured_media":0,"comment_status":"open","ping_status":"open","sticky":false,"template":"","format":"standard","meta":{"site-container-style":"default","site-container-layout":"default","site-sidebar-layout":"default","disable-article-header":"default","disable-site-header":"default","disable-site-footer":"default","disable-content-area-spacing":"default","footnotes":""},"categories":[38,388,48,76],"tags":[],"class_list":["post-29742","post","type-post","status-publish","format-standard","hentry","category-deficiencia","category-gadim","category-inclusao","category-midia-e-deficiencia"],"yoast_head":"<!-- This site is optimized with the Yoast SEO plugin v27.4 - https:\/\/yoast.com\/product\/yoast-seo-wordpress\/ -->\n<title>Iniciativa global de inclus\u00e3o atrav\u00e9s da m\u00eddia ser\u00e1 lan\u00e7ada na ONU em Genebra -<\/title>\n<meta name=\"robots\" content=\"index, follow, max-snippet:-1, max-image-preview:large, max-video-preview:-1\" \/>\n<link rel=\"canonical\" href=\"https:\/\/inclusivenews.com.br\/?p=29742\" \/>\n<meta property=\"og:locale\" content=\"pt_PT\" \/>\n<meta property=\"og:type\" content=\"article\" \/>\n<meta property=\"og:title\" content=\"Iniciativa global de inclus\u00e3o atrav\u00e9s da m\u00eddia ser\u00e1 lan\u00e7ada na ONU em Genebra -\" \/>\n<meta property=\"og:description\" content=\"Ser\u00e1 lan\u00e7ada durante o Forum Social organizado pelo Alto Comissariado para os Direitos Humanos das Na\u00e7\u00f5es Unidas, de 3 a 5 de outubro, em Genebra, uma iniciativa que pretende alavancar a inclus\u00e3o das pessoas com defici\u00eancia na sociedade, atrav\u00e9s da m\u00eddia. Criada por uma brasileira, uma americana e uma australiana, todas ativistas\u00a0pelos direitos\u00a0pessoas com defici\u00eancia, [&hellip;]\" \/>\n<meta property=\"og:url\" content=\"https:\/\/inclusivenews.com.br\/?p=29742\" \/>\n<meta property=\"article:publisher\" content=\"https:\/\/www.facebook.com\/agenciainclusive\/\" \/>\n<meta property=\"article:published_time\" content=\"2016-09-25T09:18:37+00:00\" \/>\n<meta property=\"og:image\" content=\"http:\/\/inclusivenews.com.br\/wp-content\/uploads\/Gadim-base-1.png\" \/>\n<meta name=\"author\" content=\"inclusivenews2024\" \/>\n<meta name=\"twitter:card\" content=\"summary_large_image\" \/>\n<meta name=\"twitter:label1\" content=\"Escrito por\" \/>\n\t<meta name=\"twitter:data1\" content=\"inclusivenews2024\" \/>\n\t<meta name=\"twitter:label2\" content=\"Tempo estimado de leitura\" \/>\n\t<meta name=\"twitter:data2\" content=\"13 minutos\" \/>\n<script type=\"application\/ld+json\" class=\"yoast-schema-graph\">{\"@context\":\"https:\\\/\\\/schema.org\",\"@graph\":[{\"@type\":\"Article\",\"@id\":\"https:\\\/\\\/inclusivenews.com.br\\\/?p=29742#article\",\"isPartOf\":{\"@id\":\"https:\\\/\\\/inclusivenews.com.br\\\/?p=29742\"},\"author\":{\"name\":\"inclusivenews2024\",\"@id\":\"https:\\\/\\\/inclusivenews.com.br\\\/#\\\/schema\\\/person\\\/ae4ec7087559b8692fb33b6fffd2273b\"},\"headline\":\"Iniciativa global de inclus\u00e3o atrav\u00e9s da m\u00eddia ser\u00e1 lan\u00e7ada na ONU em Genebra\",\"datePublished\":\"2016-09-25T09:18:37+00:00\",\"mainEntityOfPage\":{\"@id\":\"https:\\\/\\\/inclusivenews.com.br\\\/?p=29742\"},\"wordCount\":2625,\"commentCount\":1,\"publisher\":{\"@id\":\"https:\\\/\\\/inclusivenews.com.br\\\/#organization\"},\"image\":{\"@id\":\"https:\\\/\\\/inclusivenews.com.br\\\/?p=29742#primaryimage\"},\"thumbnailUrl\":\"http:\\\/\\\/inclusivenews.com.br\\\/wp-content\\\/uploads\\\/Gadim-base-1.png\",\"articleSection\":[\"Defici\u00eancia\",\"GADIM\",\"INCLUS\u00c3O SOCIAL\",\"M\u00eddia e Defici\u00eancia\"],\"inLanguage\":\"pt-PT\",\"potentialAction\":[{\"@type\":\"CommentAction\",\"name\":\"Comment\",\"target\":[\"https:\\\/\\\/inclusivenews.com.br\\\/?p=29742#respond\"]}]},{\"@type\":\"WebPage\",\"@id\":\"https:\\\/\\\/inclusivenews.com.br\\\/?p=29742\",\"url\":\"https:\\\/\\\/inclusivenews.com.br\\\/?p=29742\",\"name\":\"Iniciativa global de inclus\u00e3o atrav\u00e9s da m\u00eddia ser\u00e1 lan\u00e7ada na ONU em Genebra -\",\"isPartOf\":{\"@id\":\"https:\\\/\\\/inclusivenews.com.br\\\/#website\"},\"primaryImageOfPage\":{\"@id\":\"https:\\\/\\\/inclusivenews.com.br\\\/?p=29742#primaryimage\"},\"image\":{\"@id\":\"https:\\\/\\\/inclusivenews.com.br\\\/?p=29742#primaryimage\"},\"thumbnailUrl\":\"http:\\\/\\\/inclusivenews.com.br\\\/wp-content\\\/uploads\\\/Gadim-base-1.png\",\"datePublished\":\"2016-09-25T09:18:37+00:00\",\"breadcrumb\":{\"@id\":\"https:\\\/\\\/inclusivenews.com.br\\\/?p=29742#breadcrumb\"},\"inLanguage\":\"pt-PT\",\"potentialAction\":[{\"@type\":\"ReadAction\",\"target\":[\"https:\\\/\\\/inclusivenews.com.br\\\/?p=29742\"]}]},{\"@type\":\"ImageObject\",\"inLanguage\":\"pt-PT\",\"@id\":\"https:\\\/\\\/inclusivenews.com.br\\\/?p=29742#primaryimage\",\"url\":\"\",\"contentUrl\":\"\"},{\"@type\":\"BreadcrumbList\",\"@id\":\"https:\\\/\\\/inclusivenews.com.br\\\/?p=29742#breadcrumb\",\"itemListElement\":[{\"@type\":\"ListItem\",\"position\":1,\"name\":\"In\u00edcio\",\"item\":\"https:\\\/\\\/inclusivenews.com.br\\\/\"},{\"@type\":\"ListItem\",\"position\":2,\"name\":\"Iniciativa global de inclus\u00e3o atrav\u00e9s da m\u00eddia ser\u00e1 lan\u00e7ada na ONU em Genebra\"}]},{\"@type\":\"WebSite\",\"@id\":\"https:\\\/\\\/inclusivenews.com.br\\\/#website\",\"url\":\"https:\\\/\\\/inclusivenews.com.br\\\/\",\"name\":\"Inclusive News\",\"description\":\"Inclusive News\",\"publisher\":{\"@id\":\"https:\\\/\\\/inclusivenews.com.br\\\/#organization\"},\"potentialAction\":[{\"@type\":\"SearchAction\",\"target\":{\"@type\":\"EntryPoint\",\"urlTemplate\":\"https:\\\/\\\/inclusivenews.com.br\\\/?s={search_term_string}\"},\"query-input\":{\"@type\":\"PropertyValueSpecification\",\"valueRequired\":true,\"valueName\":\"search_term_string\"}}],\"inLanguage\":\"pt-PT\"},{\"@type\":\"Organization\",\"@id\":\"https:\\\/\\\/inclusivenews.com.br\\\/#organization\",\"name\":\"Inclusive - inclus\u00e3o e cidadania\",\"url\":\"https:\\\/\\\/inclusivenews.com.br\\\/\",\"logo\":{\"@type\":\"ImageObject\",\"inLanguage\":\"pt-PT\",\"@id\":\"https:\\\/\\\/inclusivenews.com.br\\\/#\\\/schema\\\/logo\\\/image\\\/\",\"url\":\"https:\\\/\\\/inclusivenews.com.br\\\/wp-content\\\/uploads\\\/2024\\\/03\\\/@grandesite.png\",\"contentUrl\":\"https:\\\/\\\/inclusivenews.com.br\\\/wp-content\\\/uploads\\\/2024\\\/03\\\/@grandesite.png\",\"width\":1080,\"height\":1080,\"caption\":\"Inclusive - inclus\u00e3o e cidadania\"},\"image\":{\"@id\":\"https:\\\/\\\/inclusivenews.com.br\\\/#\\\/schema\\\/logo\\\/image\\\/\"},\"sameAs\":[\"https:\\\/\\\/www.facebook.com\\\/agenciainclusive\\\/\",\"https:\\\/\\\/www.instagram.com\\\/newsinclusive\\\/\"]},{\"@type\":\"Person\",\"@id\":\"https:\\\/\\\/inclusivenews.com.br\\\/#\\\/schema\\\/person\\\/ae4ec7087559b8692fb33b6fffd2273b\",\"name\":\"inclusivenews2024\",\"image\":{\"@type\":\"ImageObject\",\"inLanguage\":\"pt-PT\",\"@id\":\"https:\\\/\\\/secure.gravatar.com\\\/avatar\\\/c5a7ef84c66fa914f55bc4f7ce26cfa275a3b9a1c5568b907bd184fb4dde7b40?s=96&d=mm&r=g\",\"url\":\"https:\\\/\\\/secure.gravatar.com\\\/avatar\\\/c5a7ef84c66fa914f55bc4f7ce26cfa275a3b9a1c5568b907bd184fb4dde7b40?s=96&d=mm&r=g\",\"contentUrl\":\"https:\\\/\\\/secure.gravatar.com\\\/avatar\\\/c5a7ef84c66fa914f55bc4f7ce26cfa275a3b9a1c5568b907bd184fb4dde7b40?s=96&d=mm&r=g\",\"caption\":\"inclusivenews2024\"},\"sameAs\":[\"https:\\\/\\\/inclusivenews.com.br\"],\"url\":\"https:\\\/\\\/inclusivenews.com.br\\\/?author=1\"}]}<\/script>\n<!-- \/ Yoast SEO plugin. -->","yoast_head_json":{"title":"Iniciativa global de inclus\u00e3o atrav\u00e9s da m\u00eddia ser\u00e1 lan\u00e7ada na ONU em Genebra -","robots":{"index":"index","follow":"follow","max-snippet":"max-snippet:-1","max-image-preview":"max-image-preview:large","max-video-preview":"max-video-preview:-1"},"canonical":"https:\/\/inclusivenews.com.br\/?p=29742","og_locale":"pt_PT","og_type":"article","og_title":"Iniciativa global de inclus\u00e3o atrav\u00e9s da m\u00eddia ser\u00e1 lan\u00e7ada na ONU em Genebra -","og_description":"Ser\u00e1 lan\u00e7ada durante o Forum Social organizado pelo Alto Comissariado para os Direitos Humanos das Na\u00e7\u00f5es Unidas, de 3 a 5 de outubro, em Genebra, uma iniciativa que pretende alavancar a inclus\u00e3o das pessoas com defici\u00eancia na sociedade, atrav\u00e9s da m\u00eddia. Criada por uma brasileira, uma americana e uma australiana, todas ativistas\u00a0pelos direitos\u00a0pessoas com defici\u00eancia, [&hellip;]","og_url":"https:\/\/inclusivenews.com.br\/?p=29742","article_publisher":"https:\/\/www.facebook.com\/agenciainclusive\/","article_published_time":"2016-09-25T09:18:37+00:00","og_image":[{"url":"http:\/\/inclusivenews.com.br\/wp-content\/uploads\/Gadim-base-1.png","type":"","width":"","height":""}],"author":"inclusivenews2024","twitter_card":"summary_large_image","twitter_misc":{"Escrito por":"inclusivenews2024","Tempo estimado de leitura":"13 minutos"},"schema":{"@context":"https:\/\/schema.org","@graph":[{"@type":"Article","@id":"https:\/\/inclusivenews.com.br\/?p=29742#article","isPartOf":{"@id":"https:\/\/inclusivenews.com.br\/?p=29742"},"author":{"name":"inclusivenews2024","@id":"https:\/\/inclusivenews.com.br\/#\/schema\/person\/ae4ec7087559b8692fb33b6fffd2273b"},"headline":"Iniciativa global de inclus\u00e3o atrav\u00e9s da m\u00eddia ser\u00e1 lan\u00e7ada na ONU em Genebra","datePublished":"2016-09-25T09:18:37+00:00","mainEntityOfPage":{"@id":"https:\/\/inclusivenews.com.br\/?p=29742"},"wordCount":2625,"commentCount":1,"publisher":{"@id":"https:\/\/inclusivenews.com.br\/#organization"},"image":{"@id":"https:\/\/inclusivenews.com.br\/?p=29742#primaryimage"},"thumbnailUrl":"http:\/\/inclusivenews.com.br\/wp-content\/uploads\/Gadim-base-1.png","articleSection":["Defici\u00eancia","GADIM","INCLUS\u00c3O SOCIAL","M\u00eddia e Defici\u00eancia"],"inLanguage":"pt-PT","potentialAction":[{"@type":"CommentAction","name":"Comment","target":["https:\/\/inclusivenews.com.br\/?p=29742#respond"]}]},{"@type":"WebPage","@id":"https:\/\/inclusivenews.com.br\/?p=29742","url":"https:\/\/inclusivenews.com.br\/?p=29742","name":"Iniciativa global de inclus\u00e3o atrav\u00e9s da m\u00eddia ser\u00e1 lan\u00e7ada na ONU em Genebra -","isPartOf":{"@id":"https:\/\/inclusivenews.com.br\/#website"},"primaryImageOfPage":{"@id":"https:\/\/inclusivenews.com.br\/?p=29742#primaryimage"},"image":{"@id":"https:\/\/inclusivenews.com.br\/?p=29742#primaryimage"},"thumbnailUrl":"http:\/\/inclusivenews.com.br\/wp-content\/uploads\/Gadim-base-1.png","datePublished":"2016-09-25T09:18:37+00:00","breadcrumb":{"@id":"https:\/\/inclusivenews.com.br\/?p=29742#breadcrumb"},"inLanguage":"pt-PT","potentialAction":[{"@type":"ReadAction","target":["https:\/\/inclusivenews.com.br\/?p=29742"]}]},{"@type":"ImageObject","inLanguage":"pt-PT","@id":"https:\/\/inclusivenews.com.br\/?p=29742#primaryimage","url":"","contentUrl":""},{"@type":"BreadcrumbList","@id":"https:\/\/inclusivenews.com.br\/?p=29742#breadcrumb","itemListElement":[{"@type":"ListItem","position":1,"name":"In\u00edcio","item":"https:\/\/inclusivenews.com.br\/"},{"@type":"ListItem","position":2,"name":"Iniciativa global de inclus\u00e3o atrav\u00e9s da m\u00eddia ser\u00e1 lan\u00e7ada na ONU em Genebra"}]},{"@type":"WebSite","@id":"https:\/\/inclusivenews.com.br\/#website","url":"https:\/\/inclusivenews.com.br\/","name":"Inclusive News","description":"Inclusive News","publisher":{"@id":"https:\/\/inclusivenews.com.br\/#organization"},"potentialAction":[{"@type":"SearchAction","target":{"@type":"EntryPoint","urlTemplate":"https:\/\/inclusivenews.com.br\/?s={search_term_string}"},"query-input":{"@type":"PropertyValueSpecification","valueRequired":true,"valueName":"search_term_string"}}],"inLanguage":"pt-PT"},{"@type":"Organization","@id":"https:\/\/inclusivenews.com.br\/#organization","name":"Inclusive - inclus\u00e3o e cidadania","url":"https:\/\/inclusivenews.com.br\/","logo":{"@type":"ImageObject","inLanguage":"pt-PT","@id":"https:\/\/inclusivenews.com.br\/#\/schema\/logo\/image\/","url":"https:\/\/inclusivenews.com.br\/wp-content\/uploads\/2024\/03\/@grandesite.png","contentUrl":"https:\/\/inclusivenews.com.br\/wp-content\/uploads\/2024\/03\/@grandesite.png","width":1080,"height":1080,"caption":"Inclusive - inclus\u00e3o e cidadania"},"image":{"@id":"https:\/\/inclusivenews.com.br\/#\/schema\/logo\/image\/"},"sameAs":["https:\/\/www.facebook.com\/agenciainclusive\/","https:\/\/www.instagram.com\/newsinclusive\/"]},{"@type":"Person","@id":"https:\/\/inclusivenews.com.br\/#\/schema\/person\/ae4ec7087559b8692fb33b6fffd2273b","name":"inclusivenews2024","image":{"@type":"ImageObject","inLanguage":"pt-PT","@id":"https:\/\/secure.gravatar.com\/avatar\/c5a7ef84c66fa914f55bc4f7ce26cfa275a3b9a1c5568b907bd184fb4dde7b40?s=96&d=mm&r=g","url":"https:\/\/secure.gravatar.com\/avatar\/c5a7ef84c66fa914f55bc4f7ce26cfa275a3b9a1c5568b907bd184fb4dde7b40?s=96&d=mm&r=g","contentUrl":"https:\/\/secure.gravatar.com\/avatar\/c5a7ef84c66fa914f55bc4f7ce26cfa275a3b9a1c5568b907bd184fb4dde7b40?s=96&d=mm&r=g","caption":"inclusivenews2024"},"sameAs":["https:\/\/inclusivenews.com.br"],"url":"https:\/\/inclusivenews.com.br\/?author=1"}]}},"_links":{"self":[{"href":"https:\/\/inclusivenews.com.br\/index.php?rest_route=\/wp\/v2\/posts\/29742","targetHints":{"allow":["GET"]}}],"collection":[{"href":"https:\/\/inclusivenews.com.br\/index.php?rest_route=\/wp\/v2\/posts"}],"about":[{"href":"https:\/\/inclusivenews.com.br\/index.php?rest_route=\/wp\/v2\/types\/post"}],"author":[{"embeddable":true,"href":"https:\/\/inclusivenews.com.br\/index.php?rest_route=\/wp\/v2\/users\/1"}],"replies":[{"embeddable":true,"href":"https:\/\/inclusivenews.com.br\/index.php?rest_route=%2Fwp%2Fv2%2Fcomments&post=29742"}],"version-history":[{"count":0,"href":"https:\/\/inclusivenews.com.br\/index.php?rest_route=\/wp\/v2\/posts\/29742\/revisions"}],"wp:attachment":[{"href":"https:\/\/inclusivenews.com.br\/index.php?rest_route=%2Fwp%2Fv2%2Fmedia&parent=29742"}],"wp:term":[{"taxonomy":"category","embeddable":true,"href":"https:\/\/inclusivenews.com.br\/index.php?rest_route=%2Fwp%2Fv2%2Fcategories&post=29742"},{"taxonomy":"post_tag","embeddable":true,"href":"https:\/\/inclusivenews.com.br\/index.php?rest_route=%2Fwp%2Fv2%2Ftags&post=29742"}],"curies":[{"name":"wp","href":"https:\/\/api.w.org\/{rel}","templated":true}]}}