{"id":29761,"date":"2016-09-28T17:39:31","date_gmt":"2016-09-28T20:39:31","guid":{"rendered":"http:\/\/www.inclusive.org.br\/?p=29761"},"modified":"2016-09-28T17:39:31","modified_gmt":"2016-09-28T20:39:31","slug":"brasil-participa-do-forum-social-2016-da-onu-em-genebra","status":"publish","type":"post","link":"https:\/\/inclusivenews.com.br\/?p=29761","title":{"rendered":"Brasil participa do Forum Social 2016 sobre direitos das pessoas com defici\u00eancia na ONU, em Genebra"},"content":{"rendered":"<p><img loading=\"lazy\" decoding=\"async\" class=\"alignnone wp-image-29762\" src=\"http:\/\/inclusivenews.com.br\/wp-content\/uploads\/hr.jpg\" alt=\"sala do conselho dos direitos humanos da ONU, com pessoas sentadas em circulo e o teto colorido.\" width=\"431\" height=\"323\" \/><\/p>\n<p>O Brasil vai participar do Forum Social organizado pelo Alto Comissariado de Direitos Humanos da ONU, de 3 a 5 de outubro em Genebra,\u00a0que este ano tem como tema a promo\u00e7\u00e3o e o exerc\u00edcio dos direitos humanos e liberdades fundamentais das\u00a0pessoas com defici\u00eancia em igualdade de condi\u00e7\u00f5es. Mais de 200 pessoas de 80 pa\u00edses participar\u00e3o do evento, que comemora\u00a0os 10 anos da Conven\u00e7\u00e3o sobre os Direitos das Pessoas com Defici\u00eancia.<\/p>\n<p>A comitiva ser\u00e1 chefiada pela Secret\u00e1ria Nacional\u00a0de Promo\u00e7\u00e3o dos Direitos das Pessoas com Defici\u00eancia, Roseane Cavalcante de Freitas Estrela. A Secret\u00e1ria participar\u00e1 do programa principal, num painel\u00a0sobre a Concretiza\u00e7\u00e3o dos Direitos das Pessoas com Defici\u00eancia. Patricia Almeida,\u00a0da Global Alliance for Disability in Media and Entertainment &#8211; GADIM, far\u00e1 parte do\u00a0painel &#8211; Implementando a Agenda 2030, \u00e0 luz da Conven\u00e7\u00e3o &#8211; O Futuro que queremos.\u00a0As duas tamb\u00e9m ser\u00e3o\u00a0palestrantes no evento paralelo sobre <a href=\"http:\/\/www.inclusive.org.br\/arquivos\/29742\">&#8220;M\u00eddia e Defici\u00eancia&#8221;<\/a>, junto com a brasileira Beatriz Azeredo, da TV Globo.<\/p>\n<p>As sess\u00f5es oficiais ser\u00e3o transmitidas pela TV da ONU\u00a0<a href=\"http:\/\/webtv.un.org\/\">http:\/\/webtv.un.org\/<\/a><\/p>\n<p>Os eventos paralelos poder\u00e3o ser\u00e3o transmitidos pela\u00a0IDA &#8211; International Disability Alliance. Acompanhe:<\/p>\n<p><a href=\"https:\/\/www.facebook.com\/hashtag\/sforum16\">https:\/\/www.facebook.com\/hashtag\/sforum16<\/a><\/p>\n<p><a href=\"https:\/\/twitter.com\/search?q=%23sforum16\">https:\/\/twitter.com\/search?q=%23sforum16<\/a><\/p>\n<p>V\u00eddeo promocional:<\/p>\n<p><a href=\"https:\/\/www.facebook.com\/InternationalDisabilityAllianceIDA\/videos\/1111552862256631\/?hc_ref=SEARCH\">https:\/\/www.facebook.com\/InternationalDisabilityAllianceIDA\/videos\/1111552862256631\/?hc_ref=SEARCH<\/a><\/p>\n<p>&nbsp;<\/p>\n<p><strong>Programa oficial (em ingl\u00eas)<\/strong><\/p>\n<p>Human Rights Council<\/p>\n<p><b>Social Forum<\/b><\/p>\n<p><b>3 \u2013 5 October 2016<\/b><\/p>\n<p><b>Room XX, <i>Palais des Nations<\/i>, Geneva<\/b><\/p>\n<p>PROGRAMME OF WORK<\/p>\n<p><b>3 October 2016<\/b><\/p>\n<p>10h00-10h35 <b>Opening of the Social Forum<\/b><\/p>\n<ul>\n<li>H.E. Mr. Jorge Lom\u00f3naco, Permanent Representative of Mexico, Co-Chairperson-Rapporteur of the Social Forum<\/li>\n<li>Mr. Carl Allan Reaich, Deputy Permanent Representative and Charg\u00e9 d\u2019affaires a.i of New Zealand, Co-Chairperson-Rapporteur of the Social Forum<\/li>\n<li>Mr. Choi Kyong-Lim, President of the Human Rights Council<\/li>\n<li>Mr. Zeid Ra\u2019ad Al Hussein, United Nations High Commissioner for Human Rights<\/li>\n<li>Mr. Colin Allen, Chairperson of the International Disability Alliance (IDA)<\/li>\n<\/ul>\n<p>10h35-10h45Video: \u201cPersons with disabilities: 10 years after the CRPD\u201d<\/p>\n<p>10h45-11h30<b> Setting the Scene: From Needs to Rights &#8211; Advances and Challenges<\/b><\/p>\n<p><b>Moderator:<\/b> Ms. Saowalak Thongkuay, Member of the Steering Committee of ASEAN Disability Forum<\/p>\n<ul>\n<li>H.E. Mr. Georgi Panayotov, Ambassador, Permanent Representative of Bulgaria to the United Nations in New York, President of the Conference of States Parties to the CRPD (video message)<\/li>\n<li>Ms. Catalina Devandas Aguilar, Special Rapporteur on the rights of persons with disabilities<\/li>\n<li>Ms. Mar\u00eda Soledad Cisternas, Chairperson of the Committee on the Rights of Persons with Disabilities<\/li>\n<li>Ms. Zhang Haidi, Chairperson of China Disabled Persons\u2019 Federation<\/li>\n<\/ul>\n<p>11h30-13h00 <b>General Statements &amp; Questions<\/b><\/p>\n<p>13h00-15h00 LUNCH BREAK<\/p>\n<p>15h00-15h45 <b>Persons with Disabilities and Human Diversity: Embracing Diversity and Awareness Raising<\/b><\/p>\n<p><b>Moderator:<\/b> Ms. Catalina Devandas Aguilar, Special Rapporteur on the rights of persons with disabilities<\/p>\n<ul>\n<li>Mr. Peter Ochieng, Chair of Global Partnership on Children with Disabilities Youth Council<\/li>\n<li>Ms. Heisoo Shin, Member of the Committee on Economic, Social and Cultural Rights<\/li>\n<li>Ms. Anna Lawson, Director of the Centre for Disability Studies, University of Leeds<\/li>\n<li>Ms. Ver\u00f3nica Carolina Gonz\u00e1lez, Journalist specialized in gender and disability, Public Television of Argentina<\/li>\n<\/ul>\n<p>15h45-16h30<b> Interactive Dialogue<\/b><\/p>\n<p>16h30-17h15 <b>Accessibility and Non-discrimination: \u2018Leaving No One Behind\u2019<\/b><\/p>\n<p><b>Moderator:<\/b> Ms. Anna Lawson, Director of the Centre for Disability Studies, University of Leeds<\/p>\n<ul>\n<li>Ms. Pratima Gurung, Indigenous Persons with Disabilities Global Network, Asia Chapter<\/li>\n<li>Mr. Alejandro Marzo Pena, Director of the Cuban Association of the Deaf\n<ul>\n<li>Ms. Silvia Perel-Levin, International Longevity Centre Global Alliance<\/li>\n<\/ul>\n<\/li>\n<li>Ms. Dena Ahmed Saif Al-Thani, Assistant Professor, Hamad Bin Khalifa University<\/li>\n<\/ul>\n<p>17h15-18h00<b> Interactive Dialogue<\/b><\/p>\n<p><b>4 October 2016<\/b><br \/>\n10h00-10h45 <b>Strengthening Equality and Specific Measures<\/b><\/p>\n<p><b>Moderator:<\/b> Mr. Jose Mar\u00eda D\u00edaz Batanero, Strategy and Policy Coordinator, International Telecommunications Union<\/p>\n<ul>\n<li>Ms. Lidia Pretorius, Chief Director, Rights of Persons with Disabilities, Department of Social Development of South Africa<\/li>\n<li>Ms. Ana Luc\u00eda Arellano, Chair, Latin American Network of Non-Governmental Organizations of Persons with Disabilities and their Families<\/li>\n<li>Ms. Esther Kyozira, National Union of Disabled Persons of Uganda<\/li>\n<\/ul>\n<p>10h45-11h30 <b>Interactive Dialogue<\/b><\/p>\n<p>11h30-12h15 <b>Meaningful Participation and Empowerment<\/b><\/p>\n<p><b>Moderator: <\/b>Ms. Rosangela Berman-Bieler, Senior Advisor on Children with Disability of the United Nations Children&#8217;s Emergency Fund (UNICEF)<\/p>\n<ul>\n<li>Mr. Robert Martin, People First New Zealand \u2013 Nga Tangata Tuatahi<\/li>\n<li>Ms. Gerel Dondovdorj, CEO of the Mongolian National Federation of the Blind<\/li>\n<li>Mr. Pascal Benga Tonangoye, Magistrate at the Court of Auditors of Gabon<\/li>\n<li>Mr. Khalid Al Nuaimi, President of the Arab Union for the Blind<\/li>\n<\/ul>\n<p>12h15-13h00 <b>Interactive Dialogue<\/b><\/p>\n<p>13h00-15h00 LUNCH BREAK<\/p>\n<p>15h00-15h45 <b>Making Development Inclusive\u00a0<\/b><\/p>\n<p><b>Moderator: <\/b>Ms. Lidia Pretorius, Chief Director, Rights of Persons with Disabilities, Department of Social Development of South Africa<\/p>\n<ul>\n<li>Ms. Judith E. Heumann, Special Advisor for International Disability Rights of the U.S. Department of State (video message)<\/li>\n<li>Mr. Michael Njenga, Board Member, Pan African Network of Persons with Psychosocial Disabilities<\/li>\n<li>Ms. Priscile Geiser, Chair of the International Disability and Development Consortium<\/li>\n<li>Ms. Rosangela Berman-Bieler, Senior Advisor on Children with Disability, UNICEF<\/li>\n<\/ul>\n<p>15h45-16h30 <b>Interactive Dialogue<\/b><br \/>\n16h30-17h15 \u00a0 \u00a0 \u00a0 <b>Strengthening Accountability<\/b><\/p>\n<p><b>Moderator:<\/b> Mr. Stefan Tr\u00f6mel, Senior Disability Specialist, International Labor Organization (ILO)<\/p>\n<ul>\n<li>Ms. Malena Pineda \u00c1ngeles, Chief of program persons with disabilities, National Human Rights Institution of Peru<\/li>\n<li>Mr. Alastair McEwin, Disability Discrimination Commissioner, Australian Human Rights Commission<\/li>\n<li>Ms. Godliver Omondi, Senator of the State of Kenya<\/li>\n<li>Mr. Geir Jensen, President of the World Federation of the DeafBlind<\/li>\n<\/ul>\n<p>17h15-18h00 <b>Interactive Dialogue<\/b><\/p>\n<p><b>5 October 2016<\/b><\/p>\n<p>10h00-10h45 \u00a0 \u00a0 <b>Roundtable: Informing Policy<\/b><\/p>\n<p><b>Moderator:<\/b> Ms. Mar\u00eda Soledad Cisternas, Chairperson of the Committee on the Rights of Persons with Disabilities<\/p>\n<ul>\n<li>Ms. Bhargavi Davar, Transforming communities for Inclusion, Asia<\/li>\n<li>Mr. Alberto V\u00e1zquez Encalada, Research coordinator, Office of the Special Rapporteur on the rights of persons with disabilities<\/li>\n<li>Ms. Yvette Maker, Disability Research Initiative, Melbourne Law School, University of Melbourne<\/li>\n<\/ul>\n<p>10h45-11h30\u00a0 \u00a0 \u00a0 \u00a0 \u00a0 \u00a0 <b>Interactive Dialogue<\/b><\/p>\n<p>11h30-12h15 <b>Realizing the Human Rights of Persons with Disabilities\u00a0<\/b><\/p>\n<p><b>Moderator:<\/b> Mr. Vladimir Cuk, Executive Director, IDA<\/p>\n<ul>\n<li>Ms. Theresia Degener, Member of the CRPD Committee<\/li>\n<li>H.E. Ms. Roseane Cavalcante de Freitas Estrela, National Secretary for the Promotion of the Rights of Persons with Disabilities of Brazil<\/li>\n<li>Ms. Yeni Rosa Damayanti, Chairperson, Indonesia Mental Health Association<\/li>\n<\/ul>\n<p>12h15-13h00 <b>Interactive Dialogue<\/b><\/p>\n<p>13h00-15h00 LUNCH BREAK<\/p>\n<p>15h00-15h40 <b>Implementation of Agenda 2030 under the CRPD: The Future We Want<\/b><\/p>\n<p><b>Moderator: <\/b>Mr. Facundo Ch\u00e1vez Penillas, Human Rights and Disability Advisor, OHCHR<\/p>\n<ul>\n<li>NHRI perspective: Ms. Nomasonto Mazibuko, Commissioner, Commission for Gender Equality of South Africa<\/li>\n<li>Media perspective: Ms. Patricia Almeida, Founder of the Global Alliance for Disability in Media and Entertainment<\/li>\n<li>International Organization perspective: Ms. Kirstin Lange, Chair of the Inter-Agency Support Group to the Convention on the Rights of Persons with Disabilities<\/li>\n<li>Private sector perspective: Mr. Stefan Tr\u00f6mel, Senior Disability Specialist, ILO<\/li>\n<\/ul>\n<p>15h40-16h10 <b>Interactive Dialogue<\/b><\/p>\n<p>16h10-16h50 <b>Implementation of Agenda 2030 under the CRPD: The Future We Want<\/b> (<i>continued<\/i>)<\/p>\n<p><b>Moderator: <\/b>Mr.\u00a0Bat-Erdene Ayush, Chief, Right to Development Section, OHCHR<\/p>\n<ul>\n<li>Academia perspective: Ms. Abia Akram, Chief Executive Officer, National Forum of Women with Disabilities of Pakistan<\/li>\n<li>State perspective: H.E. Ms. Mar\u00eda Fernanda Espinosa Garc\u00e9s, Ambassador Extraordinary and Plenipotentiary, Permanent Representative of Ecuador to the United Nations in Geneva<\/li>\n<li>Donor institution perspective: Ms. Eppu Mikkonen-Jeanneret, Senior Adviser for Global Social Policy, Ministry for Foreign Affairs of Finland<\/li>\n<li>Organization of Persons with Disability\u2019s perspective: Mr. Alzouma Maiga Idriss, President of the West African Federation of Organisations of Persons with Disabilities<\/li>\n<\/ul>\n<p>16h50-17h25 <b>Interactive Dialogue<\/b><\/p>\n<p>17h25-18h00 <b>Summing Up, Conclusions and Closure of the Social Forum<\/b><\/p>\n<ul>\n<li>Ms. Kate Gilmore, Deputy High Commissioner for Human Rights<\/li>\n<li>H.E. Mr. Jorge Lom\u00f3naco, Permanent Representative of Mexico, Co-Chairperson-Rapporteur of the Social Forum <i>and\/or<\/i><\/li>\n<li>Mr. Carl Allan Reaich, Deputy Permanent Representative and Charg\u00e9 d\u2019affaires a.i of New Zealand, Co-Chairperson-Rapporteur of the Social Forum<\/li>\n<\/ul>\n<p>&nbsp;<\/p>\n<p><strong>Lista de eventos paralelos (em ingl\u00eas)<\/strong><\/p>\n<p>Human Rights Council<\/p>\n<p>8th Session of the Social Forum<\/p>\n<p><b>3-5 October 2016<\/b><\/p>\n<table>\n<tbody>\n<tr>\n<td>Date of meeting<\/td>\n<td>Start time<\/p>\n<p>End time<\/td>\n<td>Room<\/td>\n<td>Title of meeting (please choose one)<\/td>\n<td>Full name and acronym, if any, of the organization responsible for the meeting (as in ECOSOC database)<\/td>\n<td>Public\u00a0 private<\/td>\n<td>No. of people<\/td>\n<td>Equipment\u00a0 &amp; other requirements<\/td>\n<\/tr>\n<tr>\n<td>3\/10<\/td>\n<td>13:15 &#8211; 14:45<\/td>\n<td>XXIV<\/td>\n<td>Media and persons with disabilities<\/td>\n<td>International Disability Alliance (IDA), Global Alliance for Disability in Media and Entertainment (GADIM), and PM of Brazil (TBC) and OHCHR<\/td>\n<td>Public<\/td>\n<td>\u00a0130<\/td>\n<td>On display board, PC, screens, projector, country nameplates, access to interpretation booths, ramps to access podiums for panellists using wheelchairs, phone lines for closed caption<\/td>\n<\/tr>\n<tr>\n<td>3\/10<\/td>\n<td>13:15 &#8211; 14:45<\/td>\n<td>XXV<\/td>\n<td>CRPD: A Global Call to Universal Ratification<\/td>\n<td>UN Committee on the rights of persons with disabilities, PM TBC, OHCHR and International Disability Alliance (IDA)<\/td>\n<td>Public<\/td>\n<td>130<\/td>\n<td>On display board, PC, screens, projector, country nameplates, access to interpretation booths, ramps to access podiums for panellists using wheelchairs, phone lines for closed caption<\/td>\n<\/tr>\n<tr>\n<td>4\/10<\/td>\n<td>08:15 &#8211; 9:45<\/td>\n<td>XXIV<\/td>\n<td>HR and Access to Palliative Care for Persons with Disability<\/td>\n<td>International Association for Hospice and Palliative Care (IAHPC)<\/td>\n<td>Public<\/td>\n<td>130<\/td>\n<td>On display board, PC, screens, projector, country nameplates, access to interpretation booths, ramps to access podiums for panellists using wheelchairs, phone lines for closed caption<\/td>\n<\/tr>\n<tr>\n<td>4\/10<\/td>\n<td>08:15 &#8211; 9:45<\/td>\n<td>XXV<\/td>\n<td>Persons with Psychosocial Disabilities and HR under CRPD<\/td>\n<td>World Network of Users and Survivors of Psychiatry (WNUSP), International Disability Alliance (IDA), PM of Brazil (TBC) and PM of Portugal (TBC)<\/td>\n<td>Public<\/td>\n<td>130<\/td>\n<td>On display board, PC, screens, projector, country nameplates, access to interpretation booths, ramps to access podiums for panellists using wheelchairs, phone lines for closed caption<\/td>\n<\/tr>\n<tr>\n<td>4\/10<\/td>\n<td>13:15 &#8211; 14:45<\/td>\n<td>XXIV<\/td>\n<td>Right to Live Independently and be Included in the Community<\/td>\n<td>European Network on Independent Living (ENIL) and International Disability Alliance (IDA) (TBC)<\/td>\n<td>Public<\/td>\n<td>130<\/td>\n<td>On display board, PC, screens, projector, country nameplates, access to interpretation booths, ramps to access podiums for panellists using wheelchairs, phone lines for closed caption<\/td>\n<\/tr>\n<tr>\n<td>4\/10<\/td>\n<td>13:15 &#8211; 14:45<\/td>\n<td>XXV<\/td>\n<td>Underrepresented Groups of Persons with Disabilities<\/td>\n<td>International Disability Alliance (IDA), Special Rapporteur on the rights of persons with disabilities (TBC), OHCHR and PM TBC<\/td>\n<td>Public<\/td>\n<td>130<\/td>\n<td>On display board, PC, screens, projector, country nameplates, access to interpretation booths, ramps to access podiums for panellists using wheelchairs, phone lines for closed caption<\/td>\n<\/tr>\n<tr>\n<td><\/td>\n<td><\/td>\n<\/tr>\n<tr>\n<td>5\/10<\/td>\n<td>08:15 &#8211; 9:45<\/td>\n<td>XXIV<\/td>\n<td>CRPD: Technical Cooperation, Capacity-Building &amp; Monitoring<\/td>\n<td>European Disability Forum (EDF), African Disability Forum (ADF), Pacific Disability Forum (TBC &amp; others) and PM TBC<\/td>\n<td>Public<\/td>\n<td>130<\/td>\n<td>On display board, PC, screens, projector, country nameplates, access to interpretation booths, ramps to access podiums for panellists using wheelchairs, phone lines for closed caption<\/td>\n<\/tr>\n<tr>\n<td>5\/10<\/td>\n<td>08:15 &#8211; 9:45<\/td>\n<td>XXV<\/td>\n<td>Toward Inclusive Education for Children with Disabilities<\/td>\n<td>International Disability Alliance (IDA), United Nations Children&#8217;s Fund (UNICEF), PM TBC and OHCHR<\/td>\n<td>Public<\/td>\n<td>130<\/td>\n<td>On display board, PC, screens, projector, country nameplates, access to interpretation booths, ramps to access podiums for panellists using wheelchairs, phone lines for closed caption<\/td>\n<\/tr>\n<tr>\n<td>5\/10<\/td>\n<td>13:15 &#8211; 14:45<\/td>\n<td>XXIV<\/td>\n<td>Human Rights and SDGs: Monitoring and Mutual Reinforcement<\/td>\n<td>International Disability Alliance (IDA) and International Disability and Development Consortium (IDDC), in partnership with PM TBC and OHCHR<\/td>\n<td>Public<\/td>\n<td>130<\/td>\n<td>On display board, PC, screens, projector, country nameplates, access to interpretation booths, ramps to access podiums for panellists using wheelchairs, phone lines for closed caption<\/td>\n<\/tr>\n<tr>\n<td>5\/10<\/td>\n<td>13:15 &#8211; 14:45<\/td>\n<td>XXV<\/td>\n<td>Women with disabilities in decision making processes<\/td>\n<td>International Disability Alliance (IDA), International Disability and Development Consortium, PM TBC\u00a0and World YWCA<\/td>\n<td>Public<\/td>\n<td>130<\/td>\n<td>On display board, PC, screens, projector, country nameplates, access to interpretation booths, ramps to access podiums for panellists using wheelchairs, phone lines for closed caption<\/td>\n<\/tr>\n<\/tbody>\n<\/table>\n<p>Link relacionado:<\/p>\n<h5 class=\"post-title entry-title\"><a href=\"http:\/\/www.inclusive.org.br\/arquivos\/29742\">Iniciativa global de inclus\u00e3o atrav\u00e9s da m\u00eddia ser\u00e1 lan\u00e7ada na ONU em Genebra<\/a><\/h5>\n<p>Fonte:\u00a0<a href=\"http:\/\/www.ohchr.org\/EN\/Issues\/Poverty\/SForum\/Pages\/SForum2016.aspx\">http:\/\/www.ohchr.org\/EN\/Issues\/Poverty\/SForum\/Pages\/SForum2016.aspx<\/a><\/p>\n","protected":false},"excerpt":{"rendered":"<p>O Brasil vai participar do Forum Social organizado pelo Alto Comissariado de Direitos Humanos da ONU, de 3 a 5 de outubro em Genebra,\u00a0que este ano tem como tema a promo\u00e7\u00e3o e o exerc\u00edcio dos direitos humanos e liberdades fundamentais das\u00a0pessoas com defici\u00eancia em igualdade de condi\u00e7\u00f5es. Mais de 200 pessoas de 80 pa\u00edses participar\u00e3o [&hellip;]<\/p>\n","protected":false},"author":1,"featured_media":0,"comment_status":"open","ping_status":"open","sticky":false,"template":"","format":"standard","meta":{"site-container-style":"default","site-container-layout":"default","site-sidebar-layout":"default","disable-article-header":"default","disable-site-header":"default","disable-site-footer":"default","disable-content-area-spacing":"default","footnotes":""},"categories":[44,5,38,11,48,342,376],"tags":[],"class_list":["post-29761","post","type-post","status-publish","format-standard","hentry","category-acessibilidade","category-convencao","category-deficiencia","category-direitos-humanos","category-inclusao","category-onu","category-showz"],"yoast_head":"<!-- This site is optimized with the Yoast SEO plugin v27.4 - https:\/\/yoast.com\/product\/yoast-seo-wordpress\/ -->\n<title>Brasil participa do Forum Social 2016 sobre direitos das pessoas com defici\u00eancia na ONU, em Genebra -<\/title>\n<meta name=\"robots\" content=\"index, follow, max-snippet:-1, max-image-preview:large, max-video-preview:-1\" \/>\n<link rel=\"canonical\" href=\"https:\/\/inclusivenews.com.br\/?p=29761\" \/>\n<meta property=\"og:locale\" content=\"pt_PT\" \/>\n<meta property=\"og:type\" content=\"article\" \/>\n<meta property=\"og:title\" content=\"Brasil participa do Forum Social 2016 sobre direitos das pessoas com defici\u00eancia na ONU, em Genebra -\" \/>\n<meta property=\"og:description\" content=\"O Brasil vai participar do Forum Social organizado pelo Alto Comissariado de Direitos Humanos da ONU, de 3 a 5 de outubro em Genebra,\u00a0que este ano tem como tema a promo\u00e7\u00e3o e o exerc\u00edcio dos direitos humanos e liberdades fundamentais das\u00a0pessoas com defici\u00eancia em igualdade de condi\u00e7\u00f5es. Mais de 200 pessoas de 80 pa\u00edses participar\u00e3o [&hellip;]\" \/>\n<meta property=\"og:url\" content=\"https:\/\/inclusivenews.com.br\/?p=29761\" \/>\n<meta property=\"article:publisher\" content=\"https:\/\/www.facebook.com\/agenciainclusive\/\" \/>\n<meta property=\"article:published_time\" content=\"2016-09-28T20:39:31+00:00\" \/>\n<meta property=\"og:image\" content=\"http:\/\/inclusivenews.com.br\/wp-content\/uploads\/hr.jpg\" \/>\n<meta name=\"author\" content=\"inclusivenews2024\" \/>\n<meta name=\"twitter:card\" content=\"summary_large_image\" \/>\n<meta name=\"twitter:label1\" content=\"Escrito por\" \/>\n\t<meta name=\"twitter:data1\" content=\"inclusivenews2024\" \/>\n\t<meta name=\"twitter:label2\" content=\"Tempo estimado de leitura\" \/>\n\t<meta name=\"twitter:data2\" content=\"10 minutos\" \/>\n<script type=\"application\/ld+json\" class=\"yoast-schema-graph\">{\"@context\":\"https:\\\/\\\/schema.org\",\"@graph\":[{\"@type\":\"Article\",\"@id\":\"https:\\\/\\\/inclusivenews.com.br\\\/?p=29761#article\",\"isPartOf\":{\"@id\":\"https:\\\/\\\/inclusivenews.com.br\\\/?p=29761\"},\"author\":{\"name\":\"inclusivenews2024\",\"@id\":\"https:\\\/\\\/inclusivenews.com.br\\\/#\\\/schema\\\/person\\\/ae4ec7087559b8692fb33b6fffd2273b\"},\"headline\":\"Brasil participa do Forum Social 2016 sobre direitos das pessoas com defici\u00eancia na ONU, em Genebra\",\"datePublished\":\"2016-09-28T20:39:31+00:00\",\"mainEntityOfPage\":{\"@id\":\"https:\\\/\\\/inclusivenews.com.br\\\/?p=29761\"},\"wordCount\":1926,\"commentCount\":0,\"publisher\":{\"@id\":\"https:\\\/\\\/inclusivenews.com.br\\\/#organization\"},\"image\":{\"@id\":\"https:\\\/\\\/inclusivenews.com.br\\\/?p=29761#primaryimage\"},\"thumbnailUrl\":\"http:\\\/\\\/inclusivenews.com.br\\\/wp-content\\\/uploads\\\/hr.jpg\",\"articleSection\":[\"ACESSIBILIDADE\",\"Conven\u00e7\u00e3o\",\"Defici\u00eancia\",\"DIREITOS HUMANOS\",\"INCLUS\u00c3O SOCIAL\",\"ONU\",\"SHOWZ\"],\"inLanguage\":\"pt-PT\",\"potentialAction\":[{\"@type\":\"CommentAction\",\"name\":\"Comment\",\"target\":[\"https:\\\/\\\/inclusivenews.com.br\\\/?p=29761#respond\"]}]},{\"@type\":\"WebPage\",\"@id\":\"https:\\\/\\\/inclusivenews.com.br\\\/?p=29761\",\"url\":\"https:\\\/\\\/inclusivenews.com.br\\\/?p=29761\",\"name\":\"Brasil participa do Forum Social 2016 sobre direitos das pessoas com defici\u00eancia na ONU, em Genebra -\",\"isPartOf\":{\"@id\":\"https:\\\/\\\/inclusivenews.com.br\\\/#website\"},\"primaryImageOfPage\":{\"@id\":\"https:\\\/\\\/inclusivenews.com.br\\\/?p=29761#primaryimage\"},\"image\":{\"@id\":\"https:\\\/\\\/inclusivenews.com.br\\\/?p=29761#primaryimage\"},\"thumbnailUrl\":\"http:\\\/\\\/inclusivenews.com.br\\\/wp-content\\\/uploads\\\/hr.jpg\",\"datePublished\":\"2016-09-28T20:39:31+00:00\",\"breadcrumb\":{\"@id\":\"https:\\\/\\\/inclusivenews.com.br\\\/?p=29761#breadcrumb\"},\"inLanguage\":\"pt-PT\",\"potentialAction\":[{\"@type\":\"ReadAction\",\"target\":[\"https:\\\/\\\/inclusivenews.com.br\\\/?p=29761\"]}]},{\"@type\":\"ImageObject\",\"inLanguage\":\"pt-PT\",\"@id\":\"https:\\\/\\\/inclusivenews.com.br\\\/?p=29761#primaryimage\",\"url\":\"\",\"contentUrl\":\"\"},{\"@type\":\"BreadcrumbList\",\"@id\":\"https:\\\/\\\/inclusivenews.com.br\\\/?p=29761#breadcrumb\",\"itemListElement\":[{\"@type\":\"ListItem\",\"position\":1,\"name\":\"In\u00edcio\",\"item\":\"https:\\\/\\\/inclusivenews.com.br\\\/\"},{\"@type\":\"ListItem\",\"position\":2,\"name\":\"Brasil participa do Forum Social 2016 sobre direitos das pessoas com defici\u00eancia na ONU, em Genebra\"}]},{\"@type\":\"WebSite\",\"@id\":\"https:\\\/\\\/inclusivenews.com.br\\\/#website\",\"url\":\"https:\\\/\\\/inclusivenews.com.br\\\/\",\"name\":\"Inclusive News\",\"description\":\"Inclusive News\",\"publisher\":{\"@id\":\"https:\\\/\\\/inclusivenews.com.br\\\/#organization\"},\"potentialAction\":[{\"@type\":\"SearchAction\",\"target\":{\"@type\":\"EntryPoint\",\"urlTemplate\":\"https:\\\/\\\/inclusivenews.com.br\\\/?s={search_term_string}\"},\"query-input\":{\"@type\":\"PropertyValueSpecification\",\"valueRequired\":true,\"valueName\":\"search_term_string\"}}],\"inLanguage\":\"pt-PT\"},{\"@type\":\"Organization\",\"@id\":\"https:\\\/\\\/inclusivenews.com.br\\\/#organization\",\"name\":\"Inclusive - inclus\u00e3o e cidadania\",\"url\":\"https:\\\/\\\/inclusivenews.com.br\\\/\",\"logo\":{\"@type\":\"ImageObject\",\"inLanguage\":\"pt-PT\",\"@id\":\"https:\\\/\\\/inclusivenews.com.br\\\/#\\\/schema\\\/logo\\\/image\\\/\",\"url\":\"https:\\\/\\\/inclusivenews.com.br\\\/wp-content\\\/uploads\\\/2024\\\/03\\\/@grandesite.png\",\"contentUrl\":\"https:\\\/\\\/inclusivenews.com.br\\\/wp-content\\\/uploads\\\/2024\\\/03\\\/@grandesite.png\",\"width\":1080,\"height\":1080,\"caption\":\"Inclusive - inclus\u00e3o e cidadania\"},\"image\":{\"@id\":\"https:\\\/\\\/inclusivenews.com.br\\\/#\\\/schema\\\/logo\\\/image\\\/\"},\"sameAs\":[\"https:\\\/\\\/www.facebook.com\\\/agenciainclusive\\\/\",\"https:\\\/\\\/www.instagram.com\\\/newsinclusive\\\/\"]},{\"@type\":\"Person\",\"@id\":\"https:\\\/\\\/inclusivenews.com.br\\\/#\\\/schema\\\/person\\\/ae4ec7087559b8692fb33b6fffd2273b\",\"name\":\"inclusivenews2024\",\"image\":{\"@type\":\"ImageObject\",\"inLanguage\":\"pt-PT\",\"@id\":\"https:\\\/\\\/secure.gravatar.com\\\/avatar\\\/c5a7ef84c66fa914f55bc4f7ce26cfa275a3b9a1c5568b907bd184fb4dde7b40?s=96&d=mm&r=g\",\"url\":\"https:\\\/\\\/secure.gravatar.com\\\/avatar\\\/c5a7ef84c66fa914f55bc4f7ce26cfa275a3b9a1c5568b907bd184fb4dde7b40?s=96&d=mm&r=g\",\"contentUrl\":\"https:\\\/\\\/secure.gravatar.com\\\/avatar\\\/c5a7ef84c66fa914f55bc4f7ce26cfa275a3b9a1c5568b907bd184fb4dde7b40?s=96&d=mm&r=g\",\"caption\":\"inclusivenews2024\"},\"sameAs\":[\"https:\\\/\\\/inclusivenews.com.br\"],\"url\":\"https:\\\/\\\/inclusivenews.com.br\\\/?author=1\"}]}<\/script>\n<!-- \/ Yoast SEO plugin. -->","yoast_head_json":{"title":"Brasil participa do Forum Social 2016 sobre direitos das pessoas com defici\u00eancia na ONU, em Genebra -","robots":{"index":"index","follow":"follow","max-snippet":"max-snippet:-1","max-image-preview":"max-image-preview:large","max-video-preview":"max-video-preview:-1"},"canonical":"https:\/\/inclusivenews.com.br\/?p=29761","og_locale":"pt_PT","og_type":"article","og_title":"Brasil participa do Forum Social 2016 sobre direitos das pessoas com defici\u00eancia na ONU, em Genebra -","og_description":"O Brasil vai participar do Forum Social organizado pelo Alto Comissariado de Direitos Humanos da ONU, de 3 a 5 de outubro em Genebra,\u00a0que este ano tem como tema a promo\u00e7\u00e3o e o exerc\u00edcio dos direitos humanos e liberdades fundamentais das\u00a0pessoas com defici\u00eancia em igualdade de condi\u00e7\u00f5es. Mais de 200 pessoas de 80 pa\u00edses participar\u00e3o [&hellip;]","og_url":"https:\/\/inclusivenews.com.br\/?p=29761","article_publisher":"https:\/\/www.facebook.com\/agenciainclusive\/","article_published_time":"2016-09-28T20:39:31+00:00","og_image":[{"url":"http:\/\/inclusivenews.com.br\/wp-content\/uploads\/hr.jpg","type":"","width":"","height":""}],"author":"inclusivenews2024","twitter_card":"summary_large_image","twitter_misc":{"Escrito por":"inclusivenews2024","Tempo estimado de leitura":"10 minutos"},"schema":{"@context":"https:\/\/schema.org","@graph":[{"@type":"Article","@id":"https:\/\/inclusivenews.com.br\/?p=29761#article","isPartOf":{"@id":"https:\/\/inclusivenews.com.br\/?p=29761"},"author":{"name":"inclusivenews2024","@id":"https:\/\/inclusivenews.com.br\/#\/schema\/person\/ae4ec7087559b8692fb33b6fffd2273b"},"headline":"Brasil participa do Forum Social 2016 sobre direitos das pessoas com defici\u00eancia na ONU, em Genebra","datePublished":"2016-09-28T20:39:31+00:00","mainEntityOfPage":{"@id":"https:\/\/inclusivenews.com.br\/?p=29761"},"wordCount":1926,"commentCount":0,"publisher":{"@id":"https:\/\/inclusivenews.com.br\/#organization"},"image":{"@id":"https:\/\/inclusivenews.com.br\/?p=29761#primaryimage"},"thumbnailUrl":"http:\/\/inclusivenews.com.br\/wp-content\/uploads\/hr.jpg","articleSection":["ACESSIBILIDADE","Conven\u00e7\u00e3o","Defici\u00eancia","DIREITOS HUMANOS","INCLUS\u00c3O SOCIAL","ONU","SHOWZ"],"inLanguage":"pt-PT","potentialAction":[{"@type":"CommentAction","name":"Comment","target":["https:\/\/inclusivenews.com.br\/?p=29761#respond"]}]},{"@type":"WebPage","@id":"https:\/\/inclusivenews.com.br\/?p=29761","url":"https:\/\/inclusivenews.com.br\/?p=29761","name":"Brasil participa do Forum Social 2016 sobre direitos das pessoas com defici\u00eancia na ONU, em Genebra -","isPartOf":{"@id":"https:\/\/inclusivenews.com.br\/#website"},"primaryImageOfPage":{"@id":"https:\/\/inclusivenews.com.br\/?p=29761#primaryimage"},"image":{"@id":"https:\/\/inclusivenews.com.br\/?p=29761#primaryimage"},"thumbnailUrl":"http:\/\/inclusivenews.com.br\/wp-content\/uploads\/hr.jpg","datePublished":"2016-09-28T20:39:31+00:00","breadcrumb":{"@id":"https:\/\/inclusivenews.com.br\/?p=29761#breadcrumb"},"inLanguage":"pt-PT","potentialAction":[{"@type":"ReadAction","target":["https:\/\/inclusivenews.com.br\/?p=29761"]}]},{"@type":"ImageObject","inLanguage":"pt-PT","@id":"https:\/\/inclusivenews.com.br\/?p=29761#primaryimage","url":"","contentUrl":""},{"@type":"BreadcrumbList","@id":"https:\/\/inclusivenews.com.br\/?p=29761#breadcrumb","itemListElement":[{"@type":"ListItem","position":1,"name":"In\u00edcio","item":"https:\/\/inclusivenews.com.br\/"},{"@type":"ListItem","position":2,"name":"Brasil participa do Forum Social 2016 sobre direitos das pessoas com defici\u00eancia na ONU, em Genebra"}]},{"@type":"WebSite","@id":"https:\/\/inclusivenews.com.br\/#website","url":"https:\/\/inclusivenews.com.br\/","name":"Inclusive News","description":"Inclusive News","publisher":{"@id":"https:\/\/inclusivenews.com.br\/#organization"},"potentialAction":[{"@type":"SearchAction","target":{"@type":"EntryPoint","urlTemplate":"https:\/\/inclusivenews.com.br\/?s={search_term_string}"},"query-input":{"@type":"PropertyValueSpecification","valueRequired":true,"valueName":"search_term_string"}}],"inLanguage":"pt-PT"},{"@type":"Organization","@id":"https:\/\/inclusivenews.com.br\/#organization","name":"Inclusive - inclus\u00e3o e cidadania","url":"https:\/\/inclusivenews.com.br\/","logo":{"@type":"ImageObject","inLanguage":"pt-PT","@id":"https:\/\/inclusivenews.com.br\/#\/schema\/logo\/image\/","url":"https:\/\/inclusivenews.com.br\/wp-content\/uploads\/2024\/03\/@grandesite.png","contentUrl":"https:\/\/inclusivenews.com.br\/wp-content\/uploads\/2024\/03\/@grandesite.png","width":1080,"height":1080,"caption":"Inclusive - inclus\u00e3o e cidadania"},"image":{"@id":"https:\/\/inclusivenews.com.br\/#\/schema\/logo\/image\/"},"sameAs":["https:\/\/www.facebook.com\/agenciainclusive\/","https:\/\/www.instagram.com\/newsinclusive\/"]},{"@type":"Person","@id":"https:\/\/inclusivenews.com.br\/#\/schema\/person\/ae4ec7087559b8692fb33b6fffd2273b","name":"inclusivenews2024","image":{"@type":"ImageObject","inLanguage":"pt-PT","@id":"https:\/\/secure.gravatar.com\/avatar\/c5a7ef84c66fa914f55bc4f7ce26cfa275a3b9a1c5568b907bd184fb4dde7b40?s=96&d=mm&r=g","url":"https:\/\/secure.gravatar.com\/avatar\/c5a7ef84c66fa914f55bc4f7ce26cfa275a3b9a1c5568b907bd184fb4dde7b40?s=96&d=mm&r=g","contentUrl":"https:\/\/secure.gravatar.com\/avatar\/c5a7ef84c66fa914f55bc4f7ce26cfa275a3b9a1c5568b907bd184fb4dde7b40?s=96&d=mm&r=g","caption":"inclusivenews2024"},"sameAs":["https:\/\/inclusivenews.com.br"],"url":"https:\/\/inclusivenews.com.br\/?author=1"}]}},"_links":{"self":[{"href":"https:\/\/inclusivenews.com.br\/index.php?rest_route=\/wp\/v2\/posts\/29761","targetHints":{"allow":["GET"]}}],"collection":[{"href":"https:\/\/inclusivenews.com.br\/index.php?rest_route=\/wp\/v2\/posts"}],"about":[{"href":"https:\/\/inclusivenews.com.br\/index.php?rest_route=\/wp\/v2\/types\/post"}],"author":[{"embeddable":true,"href":"https:\/\/inclusivenews.com.br\/index.php?rest_route=\/wp\/v2\/users\/1"}],"replies":[{"embeddable":true,"href":"https:\/\/inclusivenews.com.br\/index.php?rest_route=%2Fwp%2Fv2%2Fcomments&post=29761"}],"version-history":[{"count":0,"href":"https:\/\/inclusivenews.com.br\/index.php?rest_route=\/wp\/v2\/posts\/29761\/revisions"}],"wp:attachment":[{"href":"https:\/\/inclusivenews.com.br\/index.php?rest_route=%2Fwp%2Fv2%2Fmedia&parent=29761"}],"wp:term":[{"taxonomy":"category","embeddable":true,"href":"https:\/\/inclusivenews.com.br\/index.php?rest_route=%2Fwp%2Fv2%2Fcategories&post=29761"},{"taxonomy":"post_tag","embeddable":true,"href":"https:\/\/inclusivenews.com.br\/index.php?rest_route=%2Fwp%2Fv2%2Ftags&post=29761"}],"curies":[{"name":"wp","href":"https:\/\/api.w.org\/{rel}","templated":true}]}}