{"id":29912,"date":"2016-11-08T02:57:53","date_gmt":"2016-11-08T05:57:53","guid":{"rendered":"http:\/\/www.inclusive.org.br\/?p=29912"},"modified":"2016-11-08T02:57:53","modified_gmt":"2016-11-08T05:57:53","slug":"o-contador-autismo-entre-tiros-e-explosoes","status":"publish","type":"post","link":"https:\/\/inclusivenews.com.br\/?p=29912","title":{"rendered":"\u201cO Contador\u201d: autismo entre tiros e explos\u00f5es\u00a0"},"content":{"rendered":"<p><img loading=\"lazy\" decoding=\"async\" class=\"alignnone size-full wp-image-29913\" src=\"http:\/\/inclusivenews.com.br\/wp-content\/uploads\/contador.jpg\" alt=\"cartaz do filme o contador. em foto preto e branca, homem com rosto coberto pelo nome do filme empunha fuzil.\" width=\"185\" height=\"272\" \/><\/p>\n<p><em>Por Marcos Weiss Bliacheris<\/em><\/p>\n<p>Movido pela curiosidade de quem tinha visto o trailer e sabedor que o protagonista estava no espectro autista, assisti o filme \u201cO Contador\u201d. Neste momento, pausa para avisar que l\u00e1 vem muitos spoilers. Ent\u00e3o, se voc\u00ea quiser ver o filme, leia o artigo s\u00f3 depois de o assistir.<\/p>\n<p>O filme, estrelado por Ben Affleck, \u00e9 um filme de a\u00e7\u00e3o, com muito tiro, porrada e bomba. O contador \u00e9 um <i>aspie<\/i>, uma pessoa com a s\u00edndrome de asperger, uma forma de trasntorno do espectro autista. Talentoso com n\u00fameros, serve a mafiosos ao redor do globo. Mas logo descobrimos que ele tamb\u00e9m \u00e9 um ex\u00edmio atirador, um excepcional matador e leva uma vida que faz o filme ser um misto de Rain Man com Batman.<\/p>\n<p>Seria um filme esquec\u00edvel e descart\u00e1vel como outros de tiros e explos\u00f5es se n\u00e3o pretendesse ser um manifesto em favor da neurodiversidade e da valoriza\u00e7\u00e3o das diferen\u00e7as. E se o super poder do her\u00f3i n\u00e3o fosse sua caracter\u00edstica de autista.<\/p>\n<p>Foi por conta disso que eu disse para minha mulher enquanto rolavam os cr\u00e9ditos na tela: vamos esperar todos sa\u00edrem porque eu n\u00e3o quero encontrar ou falar com nenhum dos conhecidos que est\u00e3o na sala. N\u00e3o queria ter que falar sobre o filme naquele momento, pois quem vive o autismo n\u00e3o tem como sair impass\u00edvel da sala de proje\u00e7\u00e3o, havia um enorme inc\u00f4modo junto de n\u00f3s.<\/p>\n<p>O enredo defende a diversidade, fala todo tempo de \u201cser diferente\u201d. No entanto, \u00e9 um filme igual a tantos outros, um desfile quase ininterrupto de clich\u00eas. Foram tantos que eu agradeci a Deus por n\u00e3o terem dito que o autismo foi causado por alguma vacina. Nem foi o g\u00eanio que escreve em vidros o clich\u00ea mais surrado a desfilar. Isso para resolver sozinho em uma noite o que uma equipe chegaria perto em um m\u00eas de trabalho.<\/p>\n<p>O grande clich\u00ea \u00e9 o protagonista, o contador, personagem vivido por Bem Affleck. Um \u201crain man\u201d sarado. A mesma inabilidade social, o mesmo talento com n\u00fameros mas com um corpo musculoso, perito nas lutas e na arte de matar aprendidas em 34 casas em 17 anos, da Indon\u00e9sia a Israel. Tudo recheado a tortura sensorial.<\/p>\n<p>A cr\u00edtica do The Guardian chama aten\u00e7\u00e3o para a hipocrisia sem no\u00e7\u00e3o do filme o que levou a sua rejei\u00e7\u00e3o pela comunidade autista. Ainda que se proclame como um grito pelo respeito \u00e0 diferen\u00e7a, o que temos \u00e9 um personagem apresentado \u00e0 luz de um capacitismo atroz cujo valor se justifica pela sua capacidade quase sobrenatural de decifrar fraudes cont\u00e1beis.<\/p>\n<p>\u00c9 mais um filme que trata a pessoa com autismo como o detentor de um super poder que iluminados conseguem desenvolver. O fato da grande maioria dos autistas n\u00e3o apresentar habilidade especiais n\u00e3o tira a for\u00e7a do clich\u00ea e nem daqueles que esperam, na vida real, uma demonstra\u00e7\u00e3o ao vivo do super poder da pessoa com autismo.<\/p>\n<p>Mas o que me fez colar \u00e0 cadeira e minha mulher chorar foi a viol\u00eancia desmedida vinculada ao autismo. O contador n\u00e3o \u00e9 s\u00f3 um matador impiedoso, ele executa suas v\u00edtimas. Tiro na cabe\u00e7a e mais um abatido.<\/p>\n<p>Quando temos o que Andrew Solomon chama do \u201cmito do atirador autista\u201d sendo discutido com ares de verdade na grande imprensa, quando o autismo senta no banco de r\u00e9us da imprensa sensacionalista como chave para viol\u00eancia e assassinatos, o filme traz um autista matando em quantidades industriais. Solomon\u00a0 faz refer\u00eancia a uma p\u00e1gina de \u00f3dio criada no Facebook chamada \u201cFamilies Against Autistic Shooters\u201d. A p\u00e1gina fala nos \u201colhos sem alma, sem vida das crian\u00e7as autistas\u201d que s\u00e3o definidas como \u201cfrias, m\u00e1quinas de matar calculistas sem nenhum respeito pela vida humana\u201d.<\/p>\n<p>Dif\u00edcil achar melhor descri\u00e7\u00e3o para o personagem interpretado por Ben Affleck do que a produzida por esta p\u00e1gina de \u00f3dio que felizmente foi banida. O espectador \u00e9 confrontado minuto a minuto, durante mais de uma hora com este personagem tirado de um libelo anti-autistas.<\/p>\n<p>Por\u00e9m, nos \u00faltimos minutos, as trajet\u00f3rias cruzadas, os enigmas da trama s\u00e3o solucionados um a um e percebe-se que o autismo n\u00e3o \u00e9 a causa da sanha homicida dos dois irm\u00e3os (um autista e outro neurot\u00edpico) mas sim a cria\u00e7\u00e3o desalmada de seu pai.<\/p>\n<p>Durante cerca de 110 minutos, a maior parte da a\u00e7\u00e3o \u00e9 um autista de arma na m\u00e3o atirando em tudo que se move. Mas temos dez minutos que nos mostra que o autismo n\u00e3o \u00e9 a causa disso e que o filme tem prop\u00f3sitos nobres de promo\u00e7\u00e3o da diversidade.<\/p>\n<p>O bolo que \u00e9 servido \u00e9 uma mistura de clich\u00eas e preconceitos da pior esp\u00e9cie, que somente poderiam resultar em uma massa desastrosa. Por mais doce que seja a cobertura que o diretor pretende colocar sobre essa mistura, o gosto final \u00e9 intrag\u00e1vel.<\/p>\n<p><em>Marcos Weiss Bliacheris \u00e9 advogado e autor dos livros \u201cSustentabilidade na Administra\u00e7\u00e3o P\u00fablica\u201d e \u201cPanorama de Licita\u00e7\u00f5es Sustent\u00e1veis \u00a0\u2013 Direito e Gestao P\u00fablica\u201d<\/em><\/p>\n","protected":false},"excerpt":{"rendered":"<p>Por Marcos Weiss Bliacheris Movido pela curiosidade de quem tinha visto o trailer e sabedor que o protagonista estava no espectro autista, assisti o filme \u201cO Contador\u201d. Neste momento, pausa para avisar que l\u00e1 vem muitos spoilers. Ent\u00e3o, se voc\u00ea quiser ver o filme, leia o artigo s\u00f3 depois de o assistir. O filme, estrelado [&hellip;]<\/p>\n","protected":false},"author":1,"featured_media":0,"comment_status":"open","ping_status":"open","sticky":false,"template":"","format":"standard","meta":{"site-container-style":"default","site-container-layout":"default","site-sidebar-layout":"default","disable-article-header":"default","disable-site-header":"default","disable-site-footer":"default","disable-content-area-spacing":"default","footnotes":""},"categories":[323,38,76,8,376],"tags":[],"class_list":["post-29912","post","type-post","status-publish","format-standard","hentry","category-autismo","category-deficiencia","category-midia-e-deficiencia","category-textos-e-artigos","category-showz"],"yoast_head":"<!-- This site is optimized with the Yoast SEO plugin v27.4 - https:\/\/yoast.com\/product\/yoast-seo-wordpress\/ -->\n<title>\u201cO Contador\u201d: autismo entre tiros e explos\u00f5es\u00a0 -<\/title>\n<meta name=\"robots\" content=\"index, follow, max-snippet:-1, max-image-preview:large, max-video-preview:-1\" \/>\n<link rel=\"canonical\" href=\"https:\/\/inclusivenews.com.br\/?p=29912\" \/>\n<meta property=\"og:locale\" content=\"pt_PT\" \/>\n<meta property=\"og:type\" content=\"article\" \/>\n<meta property=\"og:title\" content=\"\u201cO Contador\u201d: autismo entre tiros e explos\u00f5es\u00a0 -\" \/>\n<meta property=\"og:description\" content=\"Por Marcos Weiss Bliacheris Movido pela curiosidade de quem tinha visto o trailer e sabedor que o protagonista estava no espectro autista, assisti o filme \u201cO Contador\u201d. Neste momento, pausa para avisar que l\u00e1 vem muitos spoilers. Ent\u00e3o, se voc\u00ea quiser ver o filme, leia o artigo s\u00f3 depois de o assistir. O filme, estrelado [&hellip;]\" \/>\n<meta property=\"og:url\" content=\"https:\/\/inclusivenews.com.br\/?p=29912\" \/>\n<meta property=\"article:publisher\" content=\"https:\/\/www.facebook.com\/agenciainclusive\/\" \/>\n<meta property=\"article:published_time\" content=\"2016-11-08T05:57:53+00:00\" \/>\n<meta property=\"og:image\" content=\"http:\/\/inclusivenews.com.br\/wp-content\/uploads\/contador.jpg\" \/>\n<meta name=\"author\" content=\"inclusivenews2024\" \/>\n<meta name=\"twitter:card\" content=\"summary_large_image\" \/>\n<meta name=\"twitter:label1\" content=\"Escrito por\" \/>\n\t<meta name=\"twitter:data1\" content=\"inclusivenews2024\" \/>\n\t<meta name=\"twitter:label2\" content=\"Tempo estimado de leitura\" \/>\n\t<meta name=\"twitter:data2\" content=\"4 minutos\" \/>\n<script type=\"application\/ld+json\" class=\"yoast-schema-graph\">{\"@context\":\"https:\\\/\\\/schema.org\",\"@graph\":[{\"@type\":\"Article\",\"@id\":\"https:\\\/\\\/inclusivenews.com.br\\\/?p=29912#article\",\"isPartOf\":{\"@id\":\"https:\\\/\\\/inclusivenews.com.br\\\/?p=29912\"},\"author\":{\"name\":\"inclusivenews2024\",\"@id\":\"https:\\\/\\\/inclusivenews.com.br\\\/#\\\/schema\\\/person\\\/ae4ec7087559b8692fb33b6fffd2273b\"},\"headline\":\"\u201cO Contador\u201d: autismo entre tiros e explos\u00f5es\u00a0\",\"datePublished\":\"2016-11-08T05:57:53+00:00\",\"mainEntityOfPage\":{\"@id\":\"https:\\\/\\\/inclusivenews.com.br\\\/?p=29912\"},\"wordCount\":874,\"commentCount\":0,\"publisher\":{\"@id\":\"https:\\\/\\\/inclusivenews.com.br\\\/#organization\"},\"image\":{\"@id\":\"https:\\\/\\\/inclusivenews.com.br\\\/?p=29912#primaryimage\"},\"thumbnailUrl\":\"http:\\\/\\\/inclusivenews.com.br\\\/wp-content\\\/uploads\\\/contador.jpg\",\"articleSection\":[\"Autismo\",\"Defici\u00eancia\",\"M\u00eddia e Defici\u00eancia\",\"OPINI\u00c3O\",\"SHOWZ\"],\"inLanguage\":\"pt-PT\",\"potentialAction\":[{\"@type\":\"CommentAction\",\"name\":\"Comment\",\"target\":[\"https:\\\/\\\/inclusivenews.com.br\\\/?p=29912#respond\"]}]},{\"@type\":\"WebPage\",\"@id\":\"https:\\\/\\\/inclusivenews.com.br\\\/?p=29912\",\"url\":\"https:\\\/\\\/inclusivenews.com.br\\\/?p=29912\",\"name\":\"\u201cO Contador\u201d: autismo entre tiros e explos\u00f5es\u00a0 -\",\"isPartOf\":{\"@id\":\"https:\\\/\\\/inclusivenews.com.br\\\/#website\"},\"primaryImageOfPage\":{\"@id\":\"https:\\\/\\\/inclusivenews.com.br\\\/?p=29912#primaryimage\"},\"image\":{\"@id\":\"https:\\\/\\\/inclusivenews.com.br\\\/?p=29912#primaryimage\"},\"thumbnailUrl\":\"http:\\\/\\\/inclusivenews.com.br\\\/wp-content\\\/uploads\\\/contador.jpg\",\"datePublished\":\"2016-11-08T05:57:53+00:00\",\"breadcrumb\":{\"@id\":\"https:\\\/\\\/inclusivenews.com.br\\\/?p=29912#breadcrumb\"},\"inLanguage\":\"pt-PT\",\"potentialAction\":[{\"@type\":\"ReadAction\",\"target\":[\"https:\\\/\\\/inclusivenews.com.br\\\/?p=29912\"]}]},{\"@type\":\"ImageObject\",\"inLanguage\":\"pt-PT\",\"@id\":\"https:\\\/\\\/inclusivenews.com.br\\\/?p=29912#primaryimage\",\"url\":\"\",\"contentUrl\":\"\"},{\"@type\":\"BreadcrumbList\",\"@id\":\"https:\\\/\\\/inclusivenews.com.br\\\/?p=29912#breadcrumb\",\"itemListElement\":[{\"@type\":\"ListItem\",\"position\":1,\"name\":\"In\u00edcio\",\"item\":\"https:\\\/\\\/inclusivenews.com.br\\\/\"},{\"@type\":\"ListItem\",\"position\":2,\"name\":\"\u201cO Contador\u201d: autismo entre tiros e explos\u00f5es\u00a0\"}]},{\"@type\":\"WebSite\",\"@id\":\"https:\\\/\\\/inclusivenews.com.br\\\/#website\",\"url\":\"https:\\\/\\\/inclusivenews.com.br\\\/\",\"name\":\"Inclusive News\",\"description\":\"Inclusive News\",\"publisher\":{\"@id\":\"https:\\\/\\\/inclusivenews.com.br\\\/#organization\"},\"potentialAction\":[{\"@type\":\"SearchAction\",\"target\":{\"@type\":\"EntryPoint\",\"urlTemplate\":\"https:\\\/\\\/inclusivenews.com.br\\\/?s={search_term_string}\"},\"query-input\":{\"@type\":\"PropertyValueSpecification\",\"valueRequired\":true,\"valueName\":\"search_term_string\"}}],\"inLanguage\":\"pt-PT\"},{\"@type\":\"Organization\",\"@id\":\"https:\\\/\\\/inclusivenews.com.br\\\/#organization\",\"name\":\"Inclusive - inclus\u00e3o e cidadania\",\"url\":\"https:\\\/\\\/inclusivenews.com.br\\\/\",\"logo\":{\"@type\":\"ImageObject\",\"inLanguage\":\"pt-PT\",\"@id\":\"https:\\\/\\\/inclusivenews.com.br\\\/#\\\/schema\\\/logo\\\/image\\\/\",\"url\":\"https:\\\/\\\/inclusivenews.com.br\\\/wp-content\\\/uploads\\\/2024\\\/03\\\/@grandesite.png\",\"contentUrl\":\"https:\\\/\\\/inclusivenews.com.br\\\/wp-content\\\/uploads\\\/2024\\\/03\\\/@grandesite.png\",\"width\":1080,\"height\":1080,\"caption\":\"Inclusive - inclus\u00e3o e cidadania\"},\"image\":{\"@id\":\"https:\\\/\\\/inclusivenews.com.br\\\/#\\\/schema\\\/logo\\\/image\\\/\"},\"sameAs\":[\"https:\\\/\\\/www.facebook.com\\\/agenciainclusive\\\/\",\"https:\\\/\\\/www.instagram.com\\\/newsinclusive\\\/\"]},{\"@type\":\"Person\",\"@id\":\"https:\\\/\\\/inclusivenews.com.br\\\/#\\\/schema\\\/person\\\/ae4ec7087559b8692fb33b6fffd2273b\",\"name\":\"inclusivenews2024\",\"image\":{\"@type\":\"ImageObject\",\"inLanguage\":\"pt-PT\",\"@id\":\"https:\\\/\\\/secure.gravatar.com\\\/avatar\\\/c5a7ef84c66fa914f55bc4f7ce26cfa275a3b9a1c5568b907bd184fb4dde7b40?s=96&d=mm&r=g\",\"url\":\"https:\\\/\\\/secure.gravatar.com\\\/avatar\\\/c5a7ef84c66fa914f55bc4f7ce26cfa275a3b9a1c5568b907bd184fb4dde7b40?s=96&d=mm&r=g\",\"contentUrl\":\"https:\\\/\\\/secure.gravatar.com\\\/avatar\\\/c5a7ef84c66fa914f55bc4f7ce26cfa275a3b9a1c5568b907bd184fb4dde7b40?s=96&d=mm&r=g\",\"caption\":\"inclusivenews2024\"},\"sameAs\":[\"https:\\\/\\\/inclusivenews.com.br\"],\"url\":\"https:\\\/\\\/inclusivenews.com.br\\\/?author=1\"}]}<\/script>\n<!-- \/ Yoast SEO plugin. -->","yoast_head_json":{"title":"\u201cO Contador\u201d: autismo entre tiros e explos\u00f5es\u00a0 -","robots":{"index":"index","follow":"follow","max-snippet":"max-snippet:-1","max-image-preview":"max-image-preview:large","max-video-preview":"max-video-preview:-1"},"canonical":"https:\/\/inclusivenews.com.br\/?p=29912","og_locale":"pt_PT","og_type":"article","og_title":"\u201cO Contador\u201d: autismo entre tiros e explos\u00f5es\u00a0 -","og_description":"Por Marcos Weiss Bliacheris Movido pela curiosidade de quem tinha visto o trailer e sabedor que o protagonista estava no espectro autista, assisti o filme \u201cO Contador\u201d. Neste momento, pausa para avisar que l\u00e1 vem muitos spoilers. Ent\u00e3o, se voc\u00ea quiser ver o filme, leia o artigo s\u00f3 depois de o assistir. O filme, estrelado [&hellip;]","og_url":"https:\/\/inclusivenews.com.br\/?p=29912","article_publisher":"https:\/\/www.facebook.com\/agenciainclusive\/","article_published_time":"2016-11-08T05:57:53+00:00","og_image":[{"url":"http:\/\/inclusivenews.com.br\/wp-content\/uploads\/contador.jpg","type":"","width":"","height":""}],"author":"inclusivenews2024","twitter_card":"summary_large_image","twitter_misc":{"Escrito por":"inclusivenews2024","Tempo estimado de leitura":"4 minutos"},"schema":{"@context":"https:\/\/schema.org","@graph":[{"@type":"Article","@id":"https:\/\/inclusivenews.com.br\/?p=29912#article","isPartOf":{"@id":"https:\/\/inclusivenews.com.br\/?p=29912"},"author":{"name":"inclusivenews2024","@id":"https:\/\/inclusivenews.com.br\/#\/schema\/person\/ae4ec7087559b8692fb33b6fffd2273b"},"headline":"\u201cO Contador\u201d: autismo entre tiros e explos\u00f5es\u00a0","datePublished":"2016-11-08T05:57:53+00:00","mainEntityOfPage":{"@id":"https:\/\/inclusivenews.com.br\/?p=29912"},"wordCount":874,"commentCount":0,"publisher":{"@id":"https:\/\/inclusivenews.com.br\/#organization"},"image":{"@id":"https:\/\/inclusivenews.com.br\/?p=29912#primaryimage"},"thumbnailUrl":"http:\/\/inclusivenews.com.br\/wp-content\/uploads\/contador.jpg","articleSection":["Autismo","Defici\u00eancia","M\u00eddia e Defici\u00eancia","OPINI\u00c3O","SHOWZ"],"inLanguage":"pt-PT","potentialAction":[{"@type":"CommentAction","name":"Comment","target":["https:\/\/inclusivenews.com.br\/?p=29912#respond"]}]},{"@type":"WebPage","@id":"https:\/\/inclusivenews.com.br\/?p=29912","url":"https:\/\/inclusivenews.com.br\/?p=29912","name":"\u201cO Contador\u201d: autismo entre tiros e explos\u00f5es\u00a0 -","isPartOf":{"@id":"https:\/\/inclusivenews.com.br\/#website"},"primaryImageOfPage":{"@id":"https:\/\/inclusivenews.com.br\/?p=29912#primaryimage"},"image":{"@id":"https:\/\/inclusivenews.com.br\/?p=29912#primaryimage"},"thumbnailUrl":"http:\/\/inclusivenews.com.br\/wp-content\/uploads\/contador.jpg","datePublished":"2016-11-08T05:57:53+00:00","breadcrumb":{"@id":"https:\/\/inclusivenews.com.br\/?p=29912#breadcrumb"},"inLanguage":"pt-PT","potentialAction":[{"@type":"ReadAction","target":["https:\/\/inclusivenews.com.br\/?p=29912"]}]},{"@type":"ImageObject","inLanguage":"pt-PT","@id":"https:\/\/inclusivenews.com.br\/?p=29912#primaryimage","url":"","contentUrl":""},{"@type":"BreadcrumbList","@id":"https:\/\/inclusivenews.com.br\/?p=29912#breadcrumb","itemListElement":[{"@type":"ListItem","position":1,"name":"In\u00edcio","item":"https:\/\/inclusivenews.com.br\/"},{"@type":"ListItem","position":2,"name":"\u201cO Contador\u201d: autismo entre tiros e explos\u00f5es\u00a0"}]},{"@type":"WebSite","@id":"https:\/\/inclusivenews.com.br\/#website","url":"https:\/\/inclusivenews.com.br\/","name":"Inclusive News","description":"Inclusive News","publisher":{"@id":"https:\/\/inclusivenews.com.br\/#organization"},"potentialAction":[{"@type":"SearchAction","target":{"@type":"EntryPoint","urlTemplate":"https:\/\/inclusivenews.com.br\/?s={search_term_string}"},"query-input":{"@type":"PropertyValueSpecification","valueRequired":true,"valueName":"search_term_string"}}],"inLanguage":"pt-PT"},{"@type":"Organization","@id":"https:\/\/inclusivenews.com.br\/#organization","name":"Inclusive - inclus\u00e3o e cidadania","url":"https:\/\/inclusivenews.com.br\/","logo":{"@type":"ImageObject","inLanguage":"pt-PT","@id":"https:\/\/inclusivenews.com.br\/#\/schema\/logo\/image\/","url":"https:\/\/inclusivenews.com.br\/wp-content\/uploads\/2024\/03\/@grandesite.png","contentUrl":"https:\/\/inclusivenews.com.br\/wp-content\/uploads\/2024\/03\/@grandesite.png","width":1080,"height":1080,"caption":"Inclusive - inclus\u00e3o e cidadania"},"image":{"@id":"https:\/\/inclusivenews.com.br\/#\/schema\/logo\/image\/"},"sameAs":["https:\/\/www.facebook.com\/agenciainclusive\/","https:\/\/www.instagram.com\/newsinclusive\/"]},{"@type":"Person","@id":"https:\/\/inclusivenews.com.br\/#\/schema\/person\/ae4ec7087559b8692fb33b6fffd2273b","name":"inclusivenews2024","image":{"@type":"ImageObject","inLanguage":"pt-PT","@id":"https:\/\/secure.gravatar.com\/avatar\/c5a7ef84c66fa914f55bc4f7ce26cfa275a3b9a1c5568b907bd184fb4dde7b40?s=96&d=mm&r=g","url":"https:\/\/secure.gravatar.com\/avatar\/c5a7ef84c66fa914f55bc4f7ce26cfa275a3b9a1c5568b907bd184fb4dde7b40?s=96&d=mm&r=g","contentUrl":"https:\/\/secure.gravatar.com\/avatar\/c5a7ef84c66fa914f55bc4f7ce26cfa275a3b9a1c5568b907bd184fb4dde7b40?s=96&d=mm&r=g","caption":"inclusivenews2024"},"sameAs":["https:\/\/inclusivenews.com.br"],"url":"https:\/\/inclusivenews.com.br\/?author=1"}]}},"_links":{"self":[{"href":"https:\/\/inclusivenews.com.br\/index.php?rest_route=\/wp\/v2\/posts\/29912","targetHints":{"allow":["GET"]}}],"collection":[{"href":"https:\/\/inclusivenews.com.br\/index.php?rest_route=\/wp\/v2\/posts"}],"about":[{"href":"https:\/\/inclusivenews.com.br\/index.php?rest_route=\/wp\/v2\/types\/post"}],"author":[{"embeddable":true,"href":"https:\/\/inclusivenews.com.br\/index.php?rest_route=\/wp\/v2\/users\/1"}],"replies":[{"embeddable":true,"href":"https:\/\/inclusivenews.com.br\/index.php?rest_route=%2Fwp%2Fv2%2Fcomments&post=29912"}],"version-history":[{"count":0,"href":"https:\/\/inclusivenews.com.br\/index.php?rest_route=\/wp\/v2\/posts\/29912\/revisions"}],"wp:attachment":[{"href":"https:\/\/inclusivenews.com.br\/index.php?rest_route=%2Fwp%2Fv2%2Fmedia&parent=29912"}],"wp:term":[{"taxonomy":"category","embeddable":true,"href":"https:\/\/inclusivenews.com.br\/index.php?rest_route=%2Fwp%2Fv2%2Fcategories&post=29912"},{"taxonomy":"post_tag","embeddable":true,"href":"https:\/\/inclusivenews.com.br\/index.php?rest_route=%2Fwp%2Fv2%2Ftags&post=29912"}],"curies":[{"name":"wp","href":"https:\/\/api.w.org\/{rel}","templated":true}]}}