{"id":29915,"date":"2016-11-12T18:23:03","date_gmt":"2016-11-12T21:23:03","guid":{"rendered":"http:\/\/www.inclusive.org.br\/?p=29915"},"modified":"2016-11-12T18:23:03","modified_gmt":"2016-11-12T21:23:03","slug":"todas-as-criancas-contam-mas-nem-todas-as-criancas-sao-contadas","status":"publish","type":"post","link":"https:\/\/inclusivenews.com.br\/?p=29915","title":{"rendered":"Todas as Crian\u00e7as Contam &#8211; Mas nem Todas as Crian\u00e7as s\u00e3o Contadas"},"content":{"rendered":"<p><img loading=\"lazy\" decoding=\"async\" class=\"alignnone wp-image-29917\" src=\"http:\/\/inclusivenews.com.br\/wp-content\/uploads\/count.jpg\" alt=\"menino negro, com mochila nas costas, de costas para a camera, andando em um campo.\" width=\"573\" height=\"382\" \/><\/p>\n<p><em>Ningu\u00e9m sabe ao certo quantas crian\u00e7as vivem em institui\u00e7\u00f5es, nas ruas, sem os pais ou respons\u00e1veis.<\/em><\/p>\n<p><em>\u00c9 hora de contar todas as crian\u00e7as.<\/em><\/p>\n<p>#CountAllChildren<\/p>\n<p>A quarta reuni\u00e3o do Grupo de Peritos Interinstitucional sobre Indicadores de Objetivos de Desenvolvimento Sustent\u00e1vel (IAEG-SDG) ser\u00e1 realizada de 15 a 18 de Novembro de 2016 em Genebra, na Su\u00ed\u00e7a. Os GAES-IAEG discutir\u00e3o o quadro de indicadores e um plano de trabalho sobre a desagrega\u00e7\u00e3o de dados para o acompanhamento dos objetivos\u00a0e metas da Agenda para o Desenvolvimento Sustent\u00e1vel de 2030 em n\u00edvel global e para apoiar a sua implementa\u00e7\u00e3o. A sociedade civil precisa do IAEG-SDGs para garantir que todas as crian\u00e7as sejam contadas na implementa\u00e7\u00e3o e monitoramento do progresso do SDG, incluindo crian\u00e7as que vivem fora dos domic\u00edlios e \/ ou sem cuidados parentais.<\/p>\n<p>A fim de espalhar a mensagem e chamar a a\u00e7\u00e3o dos tomadores de decis\u00e3o neste momento crucial, n\u00f3s reunimos um conjunto de ferramentas de m\u00eddia social. Sinta-se \u00e0 vontade para usar e compartilhar as mensagens de m\u00eddia social que ele cont\u00e9m atrav\u00e9s de seus canais de m\u00eddia social entre 14-18 de novembro de 2016.<\/p>\n<p><strong>Carta\u00a0aberta \u00e0 Comiss\u00e3o Estat\u00edstica das Na\u00e7\u00f5es Unidas e ao Grupo de Peritos Interinstitucional sobre Indicadores SDG &#8211; Objetivos Sustent\u00e1veis do Desenvolvimento<\/strong><\/p>\n<p>Os signat\u00e1rios deste documento celebram a agenda &#8220;Transformando Nosso Mundo: A Agenda 2030 para A\u00e7\u00e3o Global,\u00a0por incluir muitas das necessidades hol\u00edsticas das crian\u00e7as, inclusive cuidados de sa\u00fade, educa\u00e7\u00e3o e prote\u00e7\u00e3o contra a viol\u00eancia, explora\u00e7\u00e3o e abuso. Apoiamos de todo o cora\u00e7\u00e3o a inten\u00e7\u00e3o de &#8220;n\u00e3o deixar ningu\u00e9m para tr\u00e1s&#8221; na agenda p\u00f3s-2015 de desenvolvimento global. Para garantir que isso aconte\u00e7a, \u00e9 importante que o quadro de monitoramento global inclua mecanismos para avaliar as popula\u00e7\u00f5es mais vulner\u00e1veis e de dif\u00edcil acesso.<\/p>\n<p>Na verdade, todas as crian\u00e7as contam, mas nem todas as crian\u00e7as s\u00e3o contadas. Como resultado, algumas das crian\u00e7as mais vulner\u00e1veis do mundo &#8211; aquelas sem cuidados parentais ou em risco de o ser; Institucionalizada ou moradoras de\u00a0rua; Traficadas; Separadas de suas fam\u00edlias como resultado de conflitos, desastres ou defici\u00eancias; Ou recrutadas por\u00a0grupos armados &#8211; praticamente\u00a0n\u00e3o fazem\u00a0parte do mapa estat\u00edstico da ONU. Existem apenas dados limitados sobre quantas crian\u00e7as vivem em tais circunst\u00e2ncias prec\u00e1rias, exceto por algumas fr\u00e1geis estat\u00edsticas\u00a0de alguns pa\u00edses espec\u00edficos.<\/p>\n<p>De acordo com o relat\u00f3rio da UNICEF sobre o Progresso\u00a0das\u00a0Crian\u00e7as, de 2015:<br \/>\n&#8220;\u00c0 medida que o mundo se prepara para uma nova agenda de desenvolvimento, dados e evid\u00eancias s\u00f3 aumentar\u00e3o em import\u00e2ncia e os sistemas nacionais devem ser fortalecidos para atender a novas demandas. A nova agenda de estat\u00edsticas\u00a0precisar\u00e1 aproveitar o potencial de novas tecnologias para coletar, sintetizar e acelerar o uso de dados, al\u00e9m de revigorar os sistemas para assegurar registros completos e funcionais nos sistemas. A nova agenda de dados precisar\u00e1 fornecer informa\u00e7\u00f5es sobre as crian\u00e7as mais vulner\u00e1veis, baseando-se em pesquisas domiciliares que fornecem dados independentemente de uma crian\u00e7a terminar ou de ser levada a uma institui\u00e7\u00e3o de sa\u00fade, bem como desenvolver novas abordagens para coletar informa\u00e7\u00f5es Sobre as crian\u00e7as sem abrigo, internas ou deslocadas internamente &#8220;.<\/p>\n<p>Com isso em mente, n\u00f3s, abaixo assinados, recomendamos o seguinte:<br \/>\n1. Assegurar que as crian\u00e7as que vivem fora de casa\u00a0e \/ ou sem cuidados parentais sejam representadas em dados desagregados.<br \/>\nAo avaliar os progressos dos Estados na melhoria da vida das crian\u00e7as, as condi\u00e7\u00f5es de vida e os ambientes de presta\u00e7\u00e3o de cuidados s\u00e3o marcadores fundamentais para a vulnerabilidade, o risco e as desvantagens. Crian\u00e7as sem cuidados parentais t\u00eam experi\u00eancia de abuso, neglig\u00eancia, falta de est\u00edmulos\u00a0e estresse extremo e t\u00f3xico, que t\u00eam um profundo efeito negativo sobre a sa\u00fade, a educa\u00e7\u00e3o, o desenvolvimento e a prote\u00e7\u00e3o das crian\u00e7as.<br \/>\nPara\u00a0a agenda p\u00f3s-2015 n\u00e3o deixar ningu\u00e9m para tr\u00e1s, \u00e9 essencial que o quadro de monitoramento global inclua metodologias para garantir que as crian\u00e7as que vivem fora de casa\u00a0e \/ ou sem cuidados parentais estejam representadas e que os dados sejam usados para informar e que interven\u00e7\u00f5es acess\u00edveis.<\/p>\n<p>A desagrega\u00e7\u00e3o dos dados por n\u00facleo de cuidados\/arranjo de viv\u00eancia \u00e9 essencial para acompanhar o progresso de todas as crian\u00e7as, em especial no que diz respeito aos Objetivos 1, 3, 4, 8, 10 e 16. Isso \u00e9 cr\u00edtico para a) Crian\u00e7as que vivem fora de casa\u00a0e \/ ou sem cuidados parentais e a popula\u00e7\u00e3o infantil em geral; e b) assegurar que programas e pol\u00edticas priorizem as crian\u00e7as mais vulner\u00e1veis. A coleta de dados deve refletir os objetivos e as defini\u00e7\u00f5es da Conven\u00e7\u00e3o das Na\u00e7\u00f5es Unidas sobre os Direitos da Crian\u00e7a, as Diretrizes das Na\u00e7\u00f5es Unidas para o Cuidado Alternativo das Crian\u00e7as e a Conven\u00e7\u00e3o das Na\u00e7\u00f5es Unidas sobre os Direitos das Pessoas com Defici\u00eancia.<\/p>\n<p>2. Melhorar e ampliar a coleta de dados sobre metodologias para assegurar que todas as crian\u00e7as estejam representadas.<br \/>\nO Comit\u00ea sobre os Direitos da Crian\u00e7a pediu a todos os Estados que desenvolvam indicadores e dados coletados em sistemas compat\u00edveis com a Conven\u00e7\u00e3o sobre os Direitos da Crian\u00e7a. No entanto, as crian\u00e7as que vivem fora\u00a0de casa\u00a0e \/ ou sem o cuidado parental n\u00e3o s\u00e3o abrangidas pela atual corrente de coleta\u00a0de dados nos processos que dependem de inqu\u00e9ritos baseados em casas, tais como os Inqu\u00e9ritos Demogr\u00e1ficos e de Sa\u00fade (USAID) ). Devem ser desenvolvidas abordagens inovadoras para avaliar as condi\u00e7\u00f5es das crian\u00e7as mais vulner\u00e1veis do mundo. O quadro global de monitoramento deve incluir mecanismos para acompanhar o progresso de todas as crian\u00e7as, inclusive aquelas que atualmente s\u00e3o invis\u00edveis como resultado de indicadores inadequados e de coleta de dados em sistemas.<\/p>\n<p>O quadro de monitoramento global p\u00f3s-2015 deve estabelecer mecanismos para integrar os dados baseados\u00a0nas casas\u00a0com informa\u00e7\u00f5es adicionais sobre as crian\u00e7as que vivem temporariamente ou permanentemente fora de casa. Em alguns pa\u00edses, esses dados j\u00e1 existem, embora, at\u00e9 hoje, tais dados n\u00e3o tenham sido reunidos ou analisados. O quadro de monitoramento global p\u00f3s-2015 oferece uma oportunidade para fazer mais em nome das crian\u00e7as mais vulner\u00e1veis do mundo &#8211; assegurando, acima de tudo, que elas j\u00e1 n\u00e3o sejam\u00a0invis\u00edveis.<\/p>\n<p>Participe da campanha:<\/p>\n<p>&nbsp;<\/p>\n<p>Fonte:\u00a0<a href=\"https:\/\/www.dropbox.com\/sh\/062580h25g9nxxx\/AADo-DrClHkF-Go0z_gaC7x5a?dl=0&amp;preview=Toolkit_Count_Children.pdf\">https:\/\/www.dropbox.com\/sh\/062580h25g9nxxx\/AADo-DrClHkF-Go0z_gaC7x5a?dl=0&amp;preview=Toolkit_Count_Children.pdf<\/a><\/p>\n<p>Organiza\u00e7\u00f5es que assinam a carta:<\/p>\n<div data-canvas-width=\"292.8583354119896\"><\/div>\n<div class=\"page\" title=\"Page 5\"><a href=\"https:\/\/www.scribblemaps.com\/maps\/view\/SDG_map\/SDG\">https:\/\/www.scribblemaps.com\/maps\/view\/SDG_map\/SDG<\/a><\/div>\n","protected":false},"excerpt":{"rendered":"<p>Ningu\u00e9m sabe ao certo quantas crian\u00e7as vivem em institui\u00e7\u00f5es, nas ruas, sem os pais ou respons\u00e1veis. \u00c9 hora de contar todas as crian\u00e7as. #CountAllChildren A quarta reuni\u00e3o do Grupo de Peritos Interinstitucional sobre Indicadores de Objetivos de Desenvolvimento Sustent\u00e1vel (IAEG-SDG) ser\u00e1 realizada de 15 a 18 de Novembro de 2016 em Genebra, na Su\u00ed\u00e7a. Os [&hellip;]<\/p>\n","protected":false},"author":1,"featured_media":0,"comment_status":"open","ping_status":"open","sticky":false,"template":"","format":"standard","meta":{"site-container-style":"default","site-container-layout":"default","site-sidebar-layout":"default","disable-article-header":"default","disable-site-header":"default","disable-site-footer":"default","disable-content-area-spacing":"default","footnotes":""},"categories":[3,38,48,4,49,376],"tags":[],"class_list":["post-29915","post","type-post","status-publish","format-standard","hentry","category-campanhas","category-deficiencia","category-inclusao","category-noticias","category-politicas-publicas","category-showz"],"yoast_head":"<!-- This site is optimized with the Yoast SEO plugin v27.4 - https:\/\/yoast.com\/product\/yoast-seo-wordpress\/ -->\n<title>Todas as Crian\u00e7as Contam - Mas nem Todas as Crian\u00e7as s\u00e3o Contadas -<\/title>\n<meta name=\"robots\" content=\"index, follow, max-snippet:-1, max-image-preview:large, max-video-preview:-1\" \/>\n<link rel=\"canonical\" href=\"https:\/\/inclusivenews.com.br\/?p=29915\" \/>\n<meta property=\"og:locale\" content=\"pt_PT\" \/>\n<meta property=\"og:type\" content=\"article\" \/>\n<meta property=\"og:title\" content=\"Todas as Crian\u00e7as Contam - Mas nem Todas as Crian\u00e7as s\u00e3o Contadas -\" \/>\n<meta property=\"og:description\" content=\"Ningu\u00e9m sabe ao certo quantas crian\u00e7as vivem em institui\u00e7\u00f5es, nas ruas, sem os pais ou respons\u00e1veis. \u00c9 hora de contar todas as crian\u00e7as. #CountAllChildren A quarta reuni\u00e3o do Grupo de Peritos Interinstitucional sobre Indicadores de Objetivos de Desenvolvimento Sustent\u00e1vel (IAEG-SDG) ser\u00e1 realizada de 15 a 18 de Novembro de 2016 em Genebra, na Su\u00ed\u00e7a. Os [&hellip;]\" \/>\n<meta property=\"og:url\" content=\"https:\/\/inclusivenews.com.br\/?p=29915\" \/>\n<meta property=\"article:publisher\" content=\"https:\/\/www.facebook.com\/agenciainclusive\/\" \/>\n<meta property=\"article:published_time\" content=\"2016-11-12T21:23:03+00:00\" \/>\n<meta property=\"og:image\" content=\"http:\/\/inclusivenews.com.br\/wp-content\/uploads\/count.jpg\" \/>\n<meta name=\"author\" content=\"inclusivenews2024\" \/>\n<meta name=\"twitter:card\" content=\"summary_large_image\" \/>\n<meta name=\"twitter:label1\" content=\"Escrito por\" \/>\n\t<meta name=\"twitter:data1\" content=\"inclusivenews2024\" \/>\n\t<meta name=\"twitter:label2\" content=\"Tempo estimado de leitura\" \/>\n\t<meta name=\"twitter:data2\" content=\"6 minutos\" \/>\n<script type=\"application\/ld+json\" class=\"yoast-schema-graph\">{\"@context\":\"https:\\\/\\\/schema.org\",\"@graph\":[{\"@type\":\"Article\",\"@id\":\"https:\\\/\\\/inclusivenews.com.br\\\/?p=29915#article\",\"isPartOf\":{\"@id\":\"https:\\\/\\\/inclusivenews.com.br\\\/?p=29915\"},\"author\":{\"name\":\"inclusivenews2024\",\"@id\":\"https:\\\/\\\/inclusivenews.com.br\\\/#\\\/schema\\\/person\\\/ae4ec7087559b8692fb33b6fffd2273b\"},\"headline\":\"Todas as Crian\u00e7as Contam &#8211; Mas nem Todas as Crian\u00e7as s\u00e3o Contadas\",\"datePublished\":\"2016-11-12T21:23:03+00:00\",\"mainEntityOfPage\":{\"@id\":\"https:\\\/\\\/inclusivenews.com.br\\\/?p=29915\"},\"wordCount\":1165,\"commentCount\":0,\"publisher\":{\"@id\":\"https:\\\/\\\/inclusivenews.com.br\\\/#organization\"},\"image\":{\"@id\":\"https:\\\/\\\/inclusivenews.com.br\\\/?p=29915#primaryimage\"},\"thumbnailUrl\":\"http:\\\/\\\/inclusivenews.com.br\\\/wp-content\\\/uploads\\\/count.jpg\",\"articleSection\":[\"CAMPANHAS\",\"Defici\u00eancia\",\"INCLUS\u00c3O SOCIAL\",\"NOT\u00cdCIAS\",\"Pol\u00edticas p\u00fablicas\",\"SHOWZ\"],\"inLanguage\":\"pt-PT\",\"potentialAction\":[{\"@type\":\"CommentAction\",\"name\":\"Comment\",\"target\":[\"https:\\\/\\\/inclusivenews.com.br\\\/?p=29915#respond\"]}]},{\"@type\":\"WebPage\",\"@id\":\"https:\\\/\\\/inclusivenews.com.br\\\/?p=29915\",\"url\":\"https:\\\/\\\/inclusivenews.com.br\\\/?p=29915\",\"name\":\"Todas as Crian\u00e7as Contam - Mas nem Todas as Crian\u00e7as s\u00e3o Contadas -\",\"isPartOf\":{\"@id\":\"https:\\\/\\\/inclusivenews.com.br\\\/#website\"},\"primaryImageOfPage\":{\"@id\":\"https:\\\/\\\/inclusivenews.com.br\\\/?p=29915#primaryimage\"},\"image\":{\"@id\":\"https:\\\/\\\/inclusivenews.com.br\\\/?p=29915#primaryimage\"},\"thumbnailUrl\":\"http:\\\/\\\/inclusivenews.com.br\\\/wp-content\\\/uploads\\\/count.jpg\",\"datePublished\":\"2016-11-12T21:23:03+00:00\",\"breadcrumb\":{\"@id\":\"https:\\\/\\\/inclusivenews.com.br\\\/?p=29915#breadcrumb\"},\"inLanguage\":\"pt-PT\",\"potentialAction\":[{\"@type\":\"ReadAction\",\"target\":[\"https:\\\/\\\/inclusivenews.com.br\\\/?p=29915\"]}]},{\"@type\":\"ImageObject\",\"inLanguage\":\"pt-PT\",\"@id\":\"https:\\\/\\\/inclusivenews.com.br\\\/?p=29915#primaryimage\",\"url\":\"\",\"contentUrl\":\"\"},{\"@type\":\"BreadcrumbList\",\"@id\":\"https:\\\/\\\/inclusivenews.com.br\\\/?p=29915#breadcrumb\",\"itemListElement\":[{\"@type\":\"ListItem\",\"position\":1,\"name\":\"In\u00edcio\",\"item\":\"https:\\\/\\\/inclusivenews.com.br\\\/\"},{\"@type\":\"ListItem\",\"position\":2,\"name\":\"Todas as Crian\u00e7as Contam &#8211; Mas nem Todas as Crian\u00e7as s\u00e3o Contadas\"}]},{\"@type\":\"WebSite\",\"@id\":\"https:\\\/\\\/inclusivenews.com.br\\\/#website\",\"url\":\"https:\\\/\\\/inclusivenews.com.br\\\/\",\"name\":\"Inclusive News\",\"description\":\"Inclusive News\",\"publisher\":{\"@id\":\"https:\\\/\\\/inclusivenews.com.br\\\/#organization\"},\"potentialAction\":[{\"@type\":\"SearchAction\",\"target\":{\"@type\":\"EntryPoint\",\"urlTemplate\":\"https:\\\/\\\/inclusivenews.com.br\\\/?s={search_term_string}\"},\"query-input\":{\"@type\":\"PropertyValueSpecification\",\"valueRequired\":true,\"valueName\":\"search_term_string\"}}],\"inLanguage\":\"pt-PT\"},{\"@type\":\"Organization\",\"@id\":\"https:\\\/\\\/inclusivenews.com.br\\\/#organization\",\"name\":\"Inclusive - inclus\u00e3o e cidadania\",\"url\":\"https:\\\/\\\/inclusivenews.com.br\\\/\",\"logo\":{\"@type\":\"ImageObject\",\"inLanguage\":\"pt-PT\",\"@id\":\"https:\\\/\\\/inclusivenews.com.br\\\/#\\\/schema\\\/logo\\\/image\\\/\",\"url\":\"https:\\\/\\\/inclusivenews.com.br\\\/wp-content\\\/uploads\\\/2024\\\/03\\\/@grandesite.png\",\"contentUrl\":\"https:\\\/\\\/inclusivenews.com.br\\\/wp-content\\\/uploads\\\/2024\\\/03\\\/@grandesite.png\",\"width\":1080,\"height\":1080,\"caption\":\"Inclusive - inclus\u00e3o e cidadania\"},\"image\":{\"@id\":\"https:\\\/\\\/inclusivenews.com.br\\\/#\\\/schema\\\/logo\\\/image\\\/\"},\"sameAs\":[\"https:\\\/\\\/www.facebook.com\\\/agenciainclusive\\\/\",\"https:\\\/\\\/www.instagram.com\\\/newsinclusive\\\/\"]},{\"@type\":\"Person\",\"@id\":\"https:\\\/\\\/inclusivenews.com.br\\\/#\\\/schema\\\/person\\\/ae4ec7087559b8692fb33b6fffd2273b\",\"name\":\"inclusivenews2024\",\"image\":{\"@type\":\"ImageObject\",\"inLanguage\":\"pt-PT\",\"@id\":\"https:\\\/\\\/secure.gravatar.com\\\/avatar\\\/c5a7ef84c66fa914f55bc4f7ce26cfa275a3b9a1c5568b907bd184fb4dde7b40?s=96&d=mm&r=g\",\"url\":\"https:\\\/\\\/secure.gravatar.com\\\/avatar\\\/c5a7ef84c66fa914f55bc4f7ce26cfa275a3b9a1c5568b907bd184fb4dde7b40?s=96&d=mm&r=g\",\"contentUrl\":\"https:\\\/\\\/secure.gravatar.com\\\/avatar\\\/c5a7ef84c66fa914f55bc4f7ce26cfa275a3b9a1c5568b907bd184fb4dde7b40?s=96&d=mm&r=g\",\"caption\":\"inclusivenews2024\"},\"sameAs\":[\"https:\\\/\\\/inclusivenews.com.br\"],\"url\":\"https:\\\/\\\/inclusivenews.com.br\\\/?author=1\"}]}<\/script>\n<!-- \/ Yoast SEO plugin. -->","yoast_head_json":{"title":"Todas as Crian\u00e7as Contam - Mas nem Todas as Crian\u00e7as s\u00e3o Contadas -","robots":{"index":"index","follow":"follow","max-snippet":"max-snippet:-1","max-image-preview":"max-image-preview:large","max-video-preview":"max-video-preview:-1"},"canonical":"https:\/\/inclusivenews.com.br\/?p=29915","og_locale":"pt_PT","og_type":"article","og_title":"Todas as Crian\u00e7as Contam - Mas nem Todas as Crian\u00e7as s\u00e3o Contadas -","og_description":"Ningu\u00e9m sabe ao certo quantas crian\u00e7as vivem em institui\u00e7\u00f5es, nas ruas, sem os pais ou respons\u00e1veis. \u00c9 hora de contar todas as crian\u00e7as. #CountAllChildren A quarta reuni\u00e3o do Grupo de Peritos Interinstitucional sobre Indicadores de Objetivos de Desenvolvimento Sustent\u00e1vel (IAEG-SDG) ser\u00e1 realizada de 15 a 18 de Novembro de 2016 em Genebra, na Su\u00ed\u00e7a. Os [&hellip;]","og_url":"https:\/\/inclusivenews.com.br\/?p=29915","article_publisher":"https:\/\/www.facebook.com\/agenciainclusive\/","article_published_time":"2016-11-12T21:23:03+00:00","og_image":[{"url":"http:\/\/inclusivenews.com.br\/wp-content\/uploads\/count.jpg","type":"","width":"","height":""}],"author":"inclusivenews2024","twitter_card":"summary_large_image","twitter_misc":{"Escrito por":"inclusivenews2024","Tempo estimado de leitura":"6 minutos"},"schema":{"@context":"https:\/\/schema.org","@graph":[{"@type":"Article","@id":"https:\/\/inclusivenews.com.br\/?p=29915#article","isPartOf":{"@id":"https:\/\/inclusivenews.com.br\/?p=29915"},"author":{"name":"inclusivenews2024","@id":"https:\/\/inclusivenews.com.br\/#\/schema\/person\/ae4ec7087559b8692fb33b6fffd2273b"},"headline":"Todas as Crian\u00e7as Contam &#8211; Mas nem Todas as Crian\u00e7as s\u00e3o Contadas","datePublished":"2016-11-12T21:23:03+00:00","mainEntityOfPage":{"@id":"https:\/\/inclusivenews.com.br\/?p=29915"},"wordCount":1165,"commentCount":0,"publisher":{"@id":"https:\/\/inclusivenews.com.br\/#organization"},"image":{"@id":"https:\/\/inclusivenews.com.br\/?p=29915#primaryimage"},"thumbnailUrl":"http:\/\/inclusivenews.com.br\/wp-content\/uploads\/count.jpg","articleSection":["CAMPANHAS","Defici\u00eancia","INCLUS\u00c3O SOCIAL","NOT\u00cdCIAS","Pol\u00edticas p\u00fablicas","SHOWZ"],"inLanguage":"pt-PT","potentialAction":[{"@type":"CommentAction","name":"Comment","target":["https:\/\/inclusivenews.com.br\/?p=29915#respond"]}]},{"@type":"WebPage","@id":"https:\/\/inclusivenews.com.br\/?p=29915","url":"https:\/\/inclusivenews.com.br\/?p=29915","name":"Todas as Crian\u00e7as Contam - Mas nem Todas as Crian\u00e7as s\u00e3o Contadas -","isPartOf":{"@id":"https:\/\/inclusivenews.com.br\/#website"},"primaryImageOfPage":{"@id":"https:\/\/inclusivenews.com.br\/?p=29915#primaryimage"},"image":{"@id":"https:\/\/inclusivenews.com.br\/?p=29915#primaryimage"},"thumbnailUrl":"http:\/\/inclusivenews.com.br\/wp-content\/uploads\/count.jpg","datePublished":"2016-11-12T21:23:03+00:00","breadcrumb":{"@id":"https:\/\/inclusivenews.com.br\/?p=29915#breadcrumb"},"inLanguage":"pt-PT","potentialAction":[{"@type":"ReadAction","target":["https:\/\/inclusivenews.com.br\/?p=29915"]}]},{"@type":"ImageObject","inLanguage":"pt-PT","@id":"https:\/\/inclusivenews.com.br\/?p=29915#primaryimage","url":"","contentUrl":""},{"@type":"BreadcrumbList","@id":"https:\/\/inclusivenews.com.br\/?p=29915#breadcrumb","itemListElement":[{"@type":"ListItem","position":1,"name":"In\u00edcio","item":"https:\/\/inclusivenews.com.br\/"},{"@type":"ListItem","position":2,"name":"Todas as Crian\u00e7as Contam &#8211; Mas nem Todas as Crian\u00e7as s\u00e3o Contadas"}]},{"@type":"WebSite","@id":"https:\/\/inclusivenews.com.br\/#website","url":"https:\/\/inclusivenews.com.br\/","name":"Inclusive News","description":"Inclusive News","publisher":{"@id":"https:\/\/inclusivenews.com.br\/#organization"},"potentialAction":[{"@type":"SearchAction","target":{"@type":"EntryPoint","urlTemplate":"https:\/\/inclusivenews.com.br\/?s={search_term_string}"},"query-input":{"@type":"PropertyValueSpecification","valueRequired":true,"valueName":"search_term_string"}}],"inLanguage":"pt-PT"},{"@type":"Organization","@id":"https:\/\/inclusivenews.com.br\/#organization","name":"Inclusive - inclus\u00e3o e cidadania","url":"https:\/\/inclusivenews.com.br\/","logo":{"@type":"ImageObject","inLanguage":"pt-PT","@id":"https:\/\/inclusivenews.com.br\/#\/schema\/logo\/image\/","url":"https:\/\/inclusivenews.com.br\/wp-content\/uploads\/2024\/03\/@grandesite.png","contentUrl":"https:\/\/inclusivenews.com.br\/wp-content\/uploads\/2024\/03\/@grandesite.png","width":1080,"height":1080,"caption":"Inclusive - inclus\u00e3o e cidadania"},"image":{"@id":"https:\/\/inclusivenews.com.br\/#\/schema\/logo\/image\/"},"sameAs":["https:\/\/www.facebook.com\/agenciainclusive\/","https:\/\/www.instagram.com\/newsinclusive\/"]},{"@type":"Person","@id":"https:\/\/inclusivenews.com.br\/#\/schema\/person\/ae4ec7087559b8692fb33b6fffd2273b","name":"inclusivenews2024","image":{"@type":"ImageObject","inLanguage":"pt-PT","@id":"https:\/\/secure.gravatar.com\/avatar\/c5a7ef84c66fa914f55bc4f7ce26cfa275a3b9a1c5568b907bd184fb4dde7b40?s=96&d=mm&r=g","url":"https:\/\/secure.gravatar.com\/avatar\/c5a7ef84c66fa914f55bc4f7ce26cfa275a3b9a1c5568b907bd184fb4dde7b40?s=96&d=mm&r=g","contentUrl":"https:\/\/secure.gravatar.com\/avatar\/c5a7ef84c66fa914f55bc4f7ce26cfa275a3b9a1c5568b907bd184fb4dde7b40?s=96&d=mm&r=g","caption":"inclusivenews2024"},"sameAs":["https:\/\/inclusivenews.com.br"],"url":"https:\/\/inclusivenews.com.br\/?author=1"}]}},"_links":{"self":[{"href":"https:\/\/inclusivenews.com.br\/index.php?rest_route=\/wp\/v2\/posts\/29915","targetHints":{"allow":["GET"]}}],"collection":[{"href":"https:\/\/inclusivenews.com.br\/index.php?rest_route=\/wp\/v2\/posts"}],"about":[{"href":"https:\/\/inclusivenews.com.br\/index.php?rest_route=\/wp\/v2\/types\/post"}],"author":[{"embeddable":true,"href":"https:\/\/inclusivenews.com.br\/index.php?rest_route=\/wp\/v2\/users\/1"}],"replies":[{"embeddable":true,"href":"https:\/\/inclusivenews.com.br\/index.php?rest_route=%2Fwp%2Fv2%2Fcomments&post=29915"}],"version-history":[{"count":0,"href":"https:\/\/inclusivenews.com.br\/index.php?rest_route=\/wp\/v2\/posts\/29915\/revisions"}],"wp:attachment":[{"href":"https:\/\/inclusivenews.com.br\/index.php?rest_route=%2Fwp%2Fv2%2Fmedia&parent=29915"}],"wp:term":[{"taxonomy":"category","embeddable":true,"href":"https:\/\/inclusivenews.com.br\/index.php?rest_route=%2Fwp%2Fv2%2Fcategories&post=29915"},{"taxonomy":"post_tag","embeddable":true,"href":"https:\/\/inclusivenews.com.br\/index.php?rest_route=%2Fwp%2Fv2%2Ftags&post=29915"}],"curies":[{"name":"wp","href":"https:\/\/api.w.org\/{rel}","templated":true}]}}