{"id":29946,"date":"2016-11-30T11:24:47","date_gmt":"2016-11-30T14:24:47","guid":{"rendered":"http:\/\/www.inclusive.org.br\/?p=29946"},"modified":"2016-11-30T11:24:47","modified_gmt":"2016-11-30T14:24:47","slug":"autonomia-e-direitos-para-todos-brasilia-112","status":"publish","type":"post","link":"https:\/\/inclusivenews.com.br\/?p=29946","title":{"rendered":"Autonomia e Direitos para todos &#8211; Bras\u00edlia, 1\/12"},"content":{"rendered":"<p><img loading=\"lazy\" decoding=\"async\" class=\"alignnone wp-image-29947\" src=\"http:\/\/inclusivenews.com.br\/wp-content\/uploads\/camara.jpg\" alt=\"Informa\u00e7\u00f5es impressas no cartaz: Semin\u00e1rio Dia Internacional da Pessoa com Defici\u00eancia: Autonomia e direitos para todos. Inscri\u00e7\u00f5es no site www.pessoacomdeficiencia.gov.br Data: 1\u00ba de dezembro Hor\u00e1rio: 9h \u00e0s 17h30 Local: Audit\u00f3rio Nereu Ramos, C\u00e2mara dos Deputados. Banner em formato quadrado com fundo branco composto por diversos pictogramas de pessoas com defici\u00eancia em marca d\u2019\u00e1gua cinza claro. Textos nas cores preto, azul e verde. Rodap\u00e9 composto pelas seguintes logos da esquerda para a direita: Comiss\u00e3o de Defesa dos Direitos das Pessoas com Defici\u00eancia da C\u00e2mara dos Deputados, Minist\u00e9rio da Educa\u00e7\u00e3o, Minist\u00e9rio da Cultura, Secretaria da Pessoa com Defici\u00eancia do Minist\u00e9rio da Justi\u00e7a e Cidadania e Governo Federal.\" width=\"254\" height=\"254\" \/><\/p>\n<p>A\u00a0C\u00e2mara dos Deputados, em parceria com a Secretaria Especial dos Direitos da Pessoa com Defici\u00eancia do Minist\u00e9rio da Justi\u00e7a, realizar\u00e1 dia primeiro de dezembro o semin\u00e1rio \u201cAutonomia e Direitos para Todos\u201d, em comemora\u00e7\u00e3o ao Dia Internacional da Pessoa com Defici\u00eancia.<\/p>\n<p>O evento\u00a0 debater\u00e1 os dez anos da Conven\u00e7\u00e3o das Na\u00e7\u00f5es Unidas sobre os Direitos das Pessoas com Defici\u00eancia e a regulamenta\u00e7\u00e3o da Lei Brasileira de Inclus\u00e3o, tamb\u00e9m conhecida como Estatuto da Pessoa com Defici\u00eancia.<\/p>\n<p>Para participar das atividades basta se inscrever at\u00e9 30 de novembro, atrav\u00e9s do site: <a href=\"http:\/\/www.pessoacomdeficiencia.gov.br\/\" target=\"_blank\" rel=\"noreferrer noopener\" data-saferedirecturl=\"https:\/\/www.google.com\/url?hl=en&amp;q=http:\/\/www.pessoacomdeficiencia.gov.br&amp;source=gmail&amp;ust=1480601849102000&amp;usg=AFQjCNFxirIGU3Wl7VcsaGBWqQ3uc53kFw\">www.pessoacomdeficiencia.gov.<wbr \/>br<\/a>.<\/p>\n<p>#Pracegoler:<br \/>\nInforma\u00e7\u00f5es impressas no cartaz:<br \/>\nSemin\u00e1rio<br \/>\nDia Internacional da Pessoa com Defici\u00eancia: Autonomia e direitos para todos.<br \/>\nInscri\u00e7\u00f5es no site<br \/>\n<a href=\"http:\/\/www.pessoacomdeficiencia.gov.br\/\" target=\"_blank\" rel=\"noreferrer noopener\" data-saferedirecturl=\"https:\/\/www.google.com\/url?hl=en&amp;q=http:\/\/www.pessoacomdeficiencia.gov.br&amp;source=gmail&amp;ust=1480601849102000&amp;usg=AFQjCNFxirIGU3Wl7VcsaGBWqQ3uc53kFw\">www.pessoacomdeficiencia.gov.<wbr \/>br<\/a><br \/>\nData: 1\u00ba de dezembro<br \/>\nHor\u00e1rio: 9h \u00e0s 17h30<br \/>\nLocal: Audit\u00f3rio Nereu Ramos, C\u00e2mara dos Deputados.<br \/>\nBanner em formato quadrado com fundo branco composto por diversos pictogramas de pessoas com defici\u00eancia em marca d\u2019\u00e1gua cinza claro.<br \/>\nTextos nas cores preto, azul e verde. Rodap\u00e9 composto pelas seguintes logos da esquerda para a direita: Comiss\u00e3o de Defesa dos Direitos das Pessoas com Defici\u00eancia da C\u00e2mara dos Deputados, Minist\u00e9rio da Educa\u00e7\u00e3o, Minist\u00e9rio da Cultura, Secretaria da Pessoa com Defici\u00eancia do Minist\u00e9rio da Justi\u00e7a e Cidadania e Governo Federal.<\/p>\n","protected":false},"excerpt":{"rendered":"<p>A\u00a0C\u00e2mara dos Deputados, em parceria com a Secretaria Especial dos Direitos da Pessoa com Defici\u00eancia do Minist\u00e9rio da Justi\u00e7a, realizar\u00e1 dia primeiro de dezembro o semin\u00e1rio \u201cAutonomia e Direitos para Todos\u201d, em comemora\u00e7\u00e3o ao Dia Internacional da Pessoa com Defici\u00eancia. O evento\u00a0 debater\u00e1 os dez anos da Conven\u00e7\u00e3o das Na\u00e7\u00f5es Unidas sobre os Direitos das [&hellip;]<\/p>\n","protected":false},"author":1,"featured_media":0,"comment_status":"open","ping_status":"open","sticky":false,"template":"","format":"standard","meta":{"site-container-style":"default","site-container-layout":"default","site-sidebar-layout":"default","disable-article-header":"default","disable-site-header":"default","disable-site-footer":"default","disable-content-area-spacing":"default","footnotes":""},"categories":[44,5,12,38,48,358,26,4],"tags":[],"class_list":["post-29946","post","type-post","status-publish","format-standard","hentry","category-acessibilidade","category-convencao","category-cursos-e-eventos","category-deficiencia","category-inclusao","category-lei-brasileira-de-inclusao","category-legislacao","category-noticias"],"yoast_head":"<!-- This site is optimized with the Yoast SEO plugin v27.4 - https:\/\/yoast.com\/product\/yoast-seo-wordpress\/ -->\n<title>Autonomia e Direitos para todos - Bras\u00edlia, 1\/12 -<\/title>\n<meta name=\"robots\" content=\"index, follow, max-snippet:-1, max-image-preview:large, max-video-preview:-1\" \/>\n<link rel=\"canonical\" href=\"https:\/\/inclusivenews.com.br\/?p=29946\" \/>\n<meta property=\"og:locale\" content=\"pt_PT\" \/>\n<meta property=\"og:type\" content=\"article\" \/>\n<meta property=\"og:title\" content=\"Autonomia e Direitos para todos - Bras\u00edlia, 1\/12 -\" \/>\n<meta property=\"og:description\" content=\"A\u00a0C\u00e2mara dos Deputados, em parceria com a Secretaria Especial dos Direitos da Pessoa com Defici\u00eancia do Minist\u00e9rio da Justi\u00e7a, realizar\u00e1 dia primeiro de dezembro o semin\u00e1rio \u201cAutonomia e Direitos para Todos\u201d, em comemora\u00e7\u00e3o ao Dia Internacional da Pessoa com Defici\u00eancia. O evento\u00a0 debater\u00e1 os dez anos da Conven\u00e7\u00e3o das Na\u00e7\u00f5es Unidas sobre os Direitos das [&hellip;]\" \/>\n<meta property=\"og:url\" content=\"https:\/\/inclusivenews.com.br\/?p=29946\" \/>\n<meta property=\"article:publisher\" content=\"https:\/\/www.facebook.com\/agenciainclusive\/\" \/>\n<meta property=\"article:published_time\" content=\"2016-11-30T14:24:47+00:00\" \/>\n<meta property=\"og:image\" content=\"http:\/\/inclusivenews.com.br\/wp-content\/uploads\/camara.jpg\" \/>\n<meta name=\"author\" content=\"inclusivenews2024\" \/>\n<meta name=\"twitter:card\" content=\"summary_large_image\" \/>\n<meta name=\"twitter:label1\" content=\"Escrito por\" \/>\n\t<meta name=\"twitter:data1\" content=\"inclusivenews2024\" \/>\n\t<meta name=\"twitter:label2\" content=\"Tempo estimado de leitura\" \/>\n\t<meta name=\"twitter:data2\" content=\"1 minuto\" \/>\n<script type=\"application\/ld+json\" class=\"yoast-schema-graph\">{\"@context\":\"https:\\\/\\\/schema.org\",\"@graph\":[{\"@type\":\"Article\",\"@id\":\"https:\\\/\\\/inclusivenews.com.br\\\/?p=29946#article\",\"isPartOf\":{\"@id\":\"https:\\\/\\\/inclusivenews.com.br\\\/?p=29946\"},\"author\":{\"name\":\"inclusivenews2024\",\"@id\":\"https:\\\/\\\/inclusivenews.com.br\\\/#\\\/schema\\\/person\\\/ae4ec7087559b8692fb33b6fffd2273b\"},\"headline\":\"Autonomia e Direitos para todos &#8211; Bras\u00edlia, 1\\\/12\",\"datePublished\":\"2016-11-30T14:24:47+00:00\",\"mainEntityOfPage\":{\"@id\":\"https:\\\/\\\/inclusivenews.com.br\\\/?p=29946\"},\"wordCount\":241,\"commentCount\":2,\"publisher\":{\"@id\":\"https:\\\/\\\/inclusivenews.com.br\\\/#organization\"},\"image\":{\"@id\":\"https:\\\/\\\/inclusivenews.com.br\\\/?p=29946#primaryimage\"},\"thumbnailUrl\":\"http:\\\/\\\/inclusivenews.com.br\\\/wp-content\\\/uploads\\\/camara.jpg\",\"articleSection\":[\"ACESSIBILIDADE\",\"Conven\u00e7\u00e3o\",\"Cursos e eventos\",\"Defici\u00eancia\",\"INCLUS\u00c3O SOCIAL\",\"LBI\",\"Legisla\u00e7\u00e3o ...\",\"NOT\u00cdCIAS\"],\"inLanguage\":\"pt-PT\",\"potentialAction\":[{\"@type\":\"CommentAction\",\"name\":\"Comment\",\"target\":[\"https:\\\/\\\/inclusivenews.com.br\\\/?p=29946#respond\"]}]},{\"@type\":\"WebPage\",\"@id\":\"https:\\\/\\\/inclusivenews.com.br\\\/?p=29946\",\"url\":\"https:\\\/\\\/inclusivenews.com.br\\\/?p=29946\",\"name\":\"Autonomia e Direitos para todos - Bras\u00edlia, 1\\\/12 -\",\"isPartOf\":{\"@id\":\"https:\\\/\\\/inclusivenews.com.br\\\/#website\"},\"primaryImageOfPage\":{\"@id\":\"https:\\\/\\\/inclusivenews.com.br\\\/?p=29946#primaryimage\"},\"image\":{\"@id\":\"https:\\\/\\\/inclusivenews.com.br\\\/?p=29946#primaryimage\"},\"thumbnailUrl\":\"http:\\\/\\\/inclusivenews.com.br\\\/wp-content\\\/uploads\\\/camara.jpg\",\"datePublished\":\"2016-11-30T14:24:47+00:00\",\"breadcrumb\":{\"@id\":\"https:\\\/\\\/inclusivenews.com.br\\\/?p=29946#breadcrumb\"},\"inLanguage\":\"pt-PT\",\"potentialAction\":[{\"@type\":\"ReadAction\",\"target\":[\"https:\\\/\\\/inclusivenews.com.br\\\/?p=29946\"]}]},{\"@type\":\"ImageObject\",\"inLanguage\":\"pt-PT\",\"@id\":\"https:\\\/\\\/inclusivenews.com.br\\\/?p=29946#primaryimage\",\"url\":\"\",\"contentUrl\":\"\"},{\"@type\":\"BreadcrumbList\",\"@id\":\"https:\\\/\\\/inclusivenews.com.br\\\/?p=29946#breadcrumb\",\"itemListElement\":[{\"@type\":\"ListItem\",\"position\":1,\"name\":\"In\u00edcio\",\"item\":\"https:\\\/\\\/inclusivenews.com.br\\\/\"},{\"@type\":\"ListItem\",\"position\":2,\"name\":\"Autonomia e Direitos para todos &#8211; Bras\u00edlia, 1\\\/12\"}]},{\"@type\":\"WebSite\",\"@id\":\"https:\\\/\\\/inclusivenews.com.br\\\/#website\",\"url\":\"https:\\\/\\\/inclusivenews.com.br\\\/\",\"name\":\"Inclusive News\",\"description\":\"Inclusive News\",\"publisher\":{\"@id\":\"https:\\\/\\\/inclusivenews.com.br\\\/#organization\"},\"potentialAction\":[{\"@type\":\"SearchAction\",\"target\":{\"@type\":\"EntryPoint\",\"urlTemplate\":\"https:\\\/\\\/inclusivenews.com.br\\\/?s={search_term_string}\"},\"query-input\":{\"@type\":\"PropertyValueSpecification\",\"valueRequired\":true,\"valueName\":\"search_term_string\"}}],\"inLanguage\":\"pt-PT\"},{\"@type\":\"Organization\",\"@id\":\"https:\\\/\\\/inclusivenews.com.br\\\/#organization\",\"name\":\"Inclusive - inclus\u00e3o e cidadania\",\"url\":\"https:\\\/\\\/inclusivenews.com.br\\\/\",\"logo\":{\"@type\":\"ImageObject\",\"inLanguage\":\"pt-PT\",\"@id\":\"https:\\\/\\\/inclusivenews.com.br\\\/#\\\/schema\\\/logo\\\/image\\\/\",\"url\":\"https:\\\/\\\/inclusivenews.com.br\\\/wp-content\\\/uploads\\\/2024\\\/03\\\/@grandesite.png\",\"contentUrl\":\"https:\\\/\\\/inclusivenews.com.br\\\/wp-content\\\/uploads\\\/2024\\\/03\\\/@grandesite.png\",\"width\":1080,\"height\":1080,\"caption\":\"Inclusive - inclus\u00e3o e cidadania\"},\"image\":{\"@id\":\"https:\\\/\\\/inclusivenews.com.br\\\/#\\\/schema\\\/logo\\\/image\\\/\"},\"sameAs\":[\"https:\\\/\\\/www.facebook.com\\\/agenciainclusive\\\/\",\"https:\\\/\\\/www.instagram.com\\\/newsinclusive\\\/\"]},{\"@type\":\"Person\",\"@id\":\"https:\\\/\\\/inclusivenews.com.br\\\/#\\\/schema\\\/person\\\/ae4ec7087559b8692fb33b6fffd2273b\",\"name\":\"inclusivenews2024\",\"image\":{\"@type\":\"ImageObject\",\"inLanguage\":\"pt-PT\",\"@id\":\"https:\\\/\\\/secure.gravatar.com\\\/avatar\\\/c5a7ef84c66fa914f55bc4f7ce26cfa275a3b9a1c5568b907bd184fb4dde7b40?s=96&d=mm&r=g\",\"url\":\"https:\\\/\\\/secure.gravatar.com\\\/avatar\\\/c5a7ef84c66fa914f55bc4f7ce26cfa275a3b9a1c5568b907bd184fb4dde7b40?s=96&d=mm&r=g\",\"contentUrl\":\"https:\\\/\\\/secure.gravatar.com\\\/avatar\\\/c5a7ef84c66fa914f55bc4f7ce26cfa275a3b9a1c5568b907bd184fb4dde7b40?s=96&d=mm&r=g\",\"caption\":\"inclusivenews2024\"},\"sameAs\":[\"https:\\\/\\\/inclusivenews.com.br\"],\"url\":\"https:\\\/\\\/inclusivenews.com.br\\\/?author=1\"}]}<\/script>\n<!-- \/ Yoast SEO plugin. -->","yoast_head_json":{"title":"Autonomia e Direitos para todos - Bras\u00edlia, 1\/12 -","robots":{"index":"index","follow":"follow","max-snippet":"max-snippet:-1","max-image-preview":"max-image-preview:large","max-video-preview":"max-video-preview:-1"},"canonical":"https:\/\/inclusivenews.com.br\/?p=29946","og_locale":"pt_PT","og_type":"article","og_title":"Autonomia e Direitos para todos - Bras\u00edlia, 1\/12 -","og_description":"A\u00a0C\u00e2mara dos Deputados, em parceria com a Secretaria Especial dos Direitos da Pessoa com Defici\u00eancia do Minist\u00e9rio da Justi\u00e7a, realizar\u00e1 dia primeiro de dezembro o semin\u00e1rio \u201cAutonomia e Direitos para Todos\u201d, em comemora\u00e7\u00e3o ao Dia Internacional da Pessoa com Defici\u00eancia. O evento\u00a0 debater\u00e1 os dez anos da Conven\u00e7\u00e3o das Na\u00e7\u00f5es Unidas sobre os Direitos das [&hellip;]","og_url":"https:\/\/inclusivenews.com.br\/?p=29946","article_publisher":"https:\/\/www.facebook.com\/agenciainclusive\/","article_published_time":"2016-11-30T14:24:47+00:00","og_image":[{"url":"http:\/\/inclusivenews.com.br\/wp-content\/uploads\/camara.jpg","type":"","width":"","height":""}],"author":"inclusivenews2024","twitter_card":"summary_large_image","twitter_misc":{"Escrito por":"inclusivenews2024","Tempo estimado de leitura":"1 minuto"},"schema":{"@context":"https:\/\/schema.org","@graph":[{"@type":"Article","@id":"https:\/\/inclusivenews.com.br\/?p=29946#article","isPartOf":{"@id":"https:\/\/inclusivenews.com.br\/?p=29946"},"author":{"name":"inclusivenews2024","@id":"https:\/\/inclusivenews.com.br\/#\/schema\/person\/ae4ec7087559b8692fb33b6fffd2273b"},"headline":"Autonomia e Direitos para todos &#8211; Bras\u00edlia, 1\/12","datePublished":"2016-11-30T14:24:47+00:00","mainEntityOfPage":{"@id":"https:\/\/inclusivenews.com.br\/?p=29946"},"wordCount":241,"commentCount":2,"publisher":{"@id":"https:\/\/inclusivenews.com.br\/#organization"},"image":{"@id":"https:\/\/inclusivenews.com.br\/?p=29946#primaryimage"},"thumbnailUrl":"http:\/\/inclusivenews.com.br\/wp-content\/uploads\/camara.jpg","articleSection":["ACESSIBILIDADE","Conven\u00e7\u00e3o","Cursos e eventos","Defici\u00eancia","INCLUS\u00c3O SOCIAL","LBI","Legisla\u00e7\u00e3o ...","NOT\u00cdCIAS"],"inLanguage":"pt-PT","potentialAction":[{"@type":"CommentAction","name":"Comment","target":["https:\/\/inclusivenews.com.br\/?p=29946#respond"]}]},{"@type":"WebPage","@id":"https:\/\/inclusivenews.com.br\/?p=29946","url":"https:\/\/inclusivenews.com.br\/?p=29946","name":"Autonomia e Direitos para todos - Bras\u00edlia, 1\/12 -","isPartOf":{"@id":"https:\/\/inclusivenews.com.br\/#website"},"primaryImageOfPage":{"@id":"https:\/\/inclusivenews.com.br\/?p=29946#primaryimage"},"image":{"@id":"https:\/\/inclusivenews.com.br\/?p=29946#primaryimage"},"thumbnailUrl":"http:\/\/inclusivenews.com.br\/wp-content\/uploads\/camara.jpg","datePublished":"2016-11-30T14:24:47+00:00","breadcrumb":{"@id":"https:\/\/inclusivenews.com.br\/?p=29946#breadcrumb"},"inLanguage":"pt-PT","potentialAction":[{"@type":"ReadAction","target":["https:\/\/inclusivenews.com.br\/?p=29946"]}]},{"@type":"ImageObject","inLanguage":"pt-PT","@id":"https:\/\/inclusivenews.com.br\/?p=29946#primaryimage","url":"","contentUrl":""},{"@type":"BreadcrumbList","@id":"https:\/\/inclusivenews.com.br\/?p=29946#breadcrumb","itemListElement":[{"@type":"ListItem","position":1,"name":"In\u00edcio","item":"https:\/\/inclusivenews.com.br\/"},{"@type":"ListItem","position":2,"name":"Autonomia e Direitos para todos &#8211; Bras\u00edlia, 1\/12"}]},{"@type":"WebSite","@id":"https:\/\/inclusivenews.com.br\/#website","url":"https:\/\/inclusivenews.com.br\/","name":"Inclusive News","description":"Inclusive News","publisher":{"@id":"https:\/\/inclusivenews.com.br\/#organization"},"potentialAction":[{"@type":"SearchAction","target":{"@type":"EntryPoint","urlTemplate":"https:\/\/inclusivenews.com.br\/?s={search_term_string}"},"query-input":{"@type":"PropertyValueSpecification","valueRequired":true,"valueName":"search_term_string"}}],"inLanguage":"pt-PT"},{"@type":"Organization","@id":"https:\/\/inclusivenews.com.br\/#organization","name":"Inclusive - inclus\u00e3o e cidadania","url":"https:\/\/inclusivenews.com.br\/","logo":{"@type":"ImageObject","inLanguage":"pt-PT","@id":"https:\/\/inclusivenews.com.br\/#\/schema\/logo\/image\/","url":"https:\/\/inclusivenews.com.br\/wp-content\/uploads\/2024\/03\/@grandesite.png","contentUrl":"https:\/\/inclusivenews.com.br\/wp-content\/uploads\/2024\/03\/@grandesite.png","width":1080,"height":1080,"caption":"Inclusive - inclus\u00e3o e cidadania"},"image":{"@id":"https:\/\/inclusivenews.com.br\/#\/schema\/logo\/image\/"},"sameAs":["https:\/\/www.facebook.com\/agenciainclusive\/","https:\/\/www.instagram.com\/newsinclusive\/"]},{"@type":"Person","@id":"https:\/\/inclusivenews.com.br\/#\/schema\/person\/ae4ec7087559b8692fb33b6fffd2273b","name":"inclusivenews2024","image":{"@type":"ImageObject","inLanguage":"pt-PT","@id":"https:\/\/secure.gravatar.com\/avatar\/c5a7ef84c66fa914f55bc4f7ce26cfa275a3b9a1c5568b907bd184fb4dde7b40?s=96&d=mm&r=g","url":"https:\/\/secure.gravatar.com\/avatar\/c5a7ef84c66fa914f55bc4f7ce26cfa275a3b9a1c5568b907bd184fb4dde7b40?s=96&d=mm&r=g","contentUrl":"https:\/\/secure.gravatar.com\/avatar\/c5a7ef84c66fa914f55bc4f7ce26cfa275a3b9a1c5568b907bd184fb4dde7b40?s=96&d=mm&r=g","caption":"inclusivenews2024"},"sameAs":["https:\/\/inclusivenews.com.br"],"url":"https:\/\/inclusivenews.com.br\/?author=1"}]}},"_links":{"self":[{"href":"https:\/\/inclusivenews.com.br\/index.php?rest_route=\/wp\/v2\/posts\/29946","targetHints":{"allow":["GET"]}}],"collection":[{"href":"https:\/\/inclusivenews.com.br\/index.php?rest_route=\/wp\/v2\/posts"}],"about":[{"href":"https:\/\/inclusivenews.com.br\/index.php?rest_route=\/wp\/v2\/types\/post"}],"author":[{"embeddable":true,"href":"https:\/\/inclusivenews.com.br\/index.php?rest_route=\/wp\/v2\/users\/1"}],"replies":[{"embeddable":true,"href":"https:\/\/inclusivenews.com.br\/index.php?rest_route=%2Fwp%2Fv2%2Fcomments&post=29946"}],"version-history":[{"count":0,"href":"https:\/\/inclusivenews.com.br\/index.php?rest_route=\/wp\/v2\/posts\/29946\/revisions"}],"wp:attachment":[{"href":"https:\/\/inclusivenews.com.br\/index.php?rest_route=%2Fwp%2Fv2%2Fmedia&parent=29946"}],"wp:term":[{"taxonomy":"category","embeddable":true,"href":"https:\/\/inclusivenews.com.br\/index.php?rest_route=%2Fwp%2Fv2%2Fcategories&post=29946"},{"taxonomy":"post_tag","embeddable":true,"href":"https:\/\/inclusivenews.com.br\/index.php?rest_route=%2Fwp%2Fv2%2Ftags&post=29946"}],"curies":[{"name":"wp","href":"https:\/\/api.w.org\/{rel}","templated":true}]}}