{"id":29958,"date":"2016-12-02T16:07:56","date_gmt":"2016-12-02T19:07:56","guid":{"rendered":"http:\/\/www.inclusive.org.br\/?p=29958"},"modified":"2016-12-02T16:07:56","modified_gmt":"2016-12-02T19:07:56","slug":"o-que-e-capacitismo","status":"publish","type":"post","link":"https:\/\/inclusivenews.com.br\/?p=29958","title":{"rendered":"O que \u00e9 capacitismo?"},"content":{"rendered":"<p><img loading=\"lazy\" decoding=\"async\" class=\"alignnone wp-image-29959 size-full\" src=\"http:\/\/inclusivenews.com.br\/wp-content\/uploads\/ecapacitismo.jpg\" alt=\"Descri\u00e7\u00e3o da imagem: gravura do Batman esbofeteando o Robin. Robin diz: ''Tenho que mostrar que sou um exemplo pras pessoas mostrando sempre o quanto sou feliz e...'' Batman o responde com um tapa no seu rosto e dizendo: ''As pessoas com defici\u00eancia n\u00e3o devem prestar contas da sua vida pra ningu\u00e9m!'\" width=\"408\" height=\"395\" \/><\/p>\n<p>Descri\u00e7\u00e3o da imagem:\u00a0Ilustra\u00e7\u00e3o de Batman dando um tapa no rosto de Robin. Bal\u00e3o de conversa. Robin: tenho que mostrar que sou um exemplo para as pessoas mostrando sempre como sou feliz e&#8230;&#8221; Batman: &#8220;As pessoas com defici\u00eancia n\u00e3o devem prestar conta de suas vidas para ningu\u00e9m!&#8221;\u00a0 #\u00c9capacitismoquando<\/p>\n<p>Por Anahi Guedes de Mello<\/p>\n<p>Capacitismo \u00e9 a discrimina\u00e7\u00e3o ou viol\u00eancias praticadas contra as pessoas com defici\u00eancia. \u00c9 a atitude preconceituosa que hierarquiza as pessoas em fun\u00e7\u00e3o da adequa\u00e7\u00e3o de seus corpos a um ideal de beleza e capacidade funcional. Com base no capacitismo, discriminam-se pessoas com defici\u00eancia. Trata-se de uma categoria que define a forma como pessoas com defici\u00eancia s\u00e3o tratadas como incapazes (incapazes de trabalhar, de frequentar uma escola de ensino regular, de cursar uma universidade, de amar, de sentir desejo, de ter rela\u00e7\u00f5es sexuais etc.), aproximando as demandas dos movimentos de pessoas com defici\u00eancia a outras discrimina\u00e7\u00f5es sociais como o sexismo, o racismo e a homofobia.<\/p>\n<p>O que se chama de concep\u00e7\u00e3o capacitista est\u00e1 intimamente ligada \u00e0 corponormatividade que considera determinados corpos como inferiores, incompletos ou pass\u00edveis de repara\u00e7\u00e3o\/reabilita\u00e7\u00e3o quando situados em rela\u00e7\u00e3o aos padr\u00f5es corporais\/funcionais hegem\u00f4nicos. Atitudes capacitistas contra pessoas com defici\u00eancia refletem a falta de conscientiza\u00e7\u00e3o sobre a import\u00e2ncia da inclus\u00e3o e da acessibilidade para as pessoas com defici\u00eancia.<\/p>\n<p><b>A campanha \u201c\u00c9 capacitismo quando&#8230;\u201d<\/b><\/p>\n<p>Em 03 de dezembro \u00e9 comemorado o Dia Internacional das Pessoas com Defici\u00eancia no mundo. Nesse sentido, as pessoas com defici\u00eancia do Brasil resolveram se organizar e discutir sobre a invisibilidade e seu impacto em seu dia-a-dia. Convidamos voc\u00eas a chamarem seus amigos e amigas para se juntar \u00e0 campanha: escreva um texto, fa\u00e7a um v\u00eddeo, compartilhe a hashtag\u00a0<a href=\"https:\/\/www.facebook.com\/hashtag\/%C3%A9capacitismoquando?source=feed_text&amp;__mref=message_bubble\">#\u00c9CapacitismoQuando<\/a>\u00a0e conte-nos sobre suas experi\u00eancias. Alguns exemplos ds posts com a hastag da campanha:<\/p>\n<p><a href=\"https:\/\/www.facebook.com\/hashtag\/%C3%A9capacitismoquando?source=feed_text&amp;__mref=message_bubble\"><b>#\u00c9CapacitismoQuando<\/b><\/a>\u00a0percebemos que o termo se refere \u00e0 naturaliza\u00e7\u00e3o e hierarquiza\u00e7\u00e3o das capacidades corporais humanas. Ouvir, enxergar, falar, pensar e andar,\u00a0por exemplo, s\u00e3o consideradas coisas naturais que n\u00e3o exigem uma s\u00e9rie de aprendizados individuais e condi\u00e7\u00f5es sociais ao longo da vida. Dessa forma, quando uma pessoa n\u00e3o enxerga com os olhos ela \u00e9 considerada naturalmente deficiente e passa a ser percebida como um todo &#8216;incapaz&#8217;. O capacitismo \u00e9 essa forma hierarquizada e naturalizada de conceber o corpo humano como algo que deva funcionar e agir sobre regras muito bem definidas biologicamente. O capacitismo impede a considera\u00e7\u00e3o de que \u00e9 poss\u00edvel andar sem ter pernas, ouvir com os l\u00e1bios, enxergar com os ouvidos e pensar com cada cent\u00edmetro de pele que possu\u00edmos. (Marco Antonio Gav\u00e9rio)<\/p>\n<p><a href=\"https:\/\/www.facebook.com\/hashtag\/%C3%A9capacitismoquando?source=feed_text&amp;__mref=message_bubble\"><b>#\u00c9capacitismoquando<\/b><\/a>\u00a0a pessoa tenta minimizar o fato de eu ter defici\u00eancia dizendo &#8220;mas todo mundo tem uma defici\u00eancia, n\u00e9?&#8221;. N\u00e3o. Defici\u00eancia \u00e9 uma condi\u00e7\u00e3o espec\u00edfica para al\u00e9m da les\u00e3o do corpo, que se d\u00e1 no enfrentamento das barreiras social e historicamente constru\u00eddas. (Karla Garcia Luiz)<\/p>\n<p><a href=\"https:\/\/www.facebook.com\/hashtag\/%C3%A9capacitismoquando?source=feed_text&amp;__mref=message_bubble\"><b>#\u00c9capacitismoquando<\/b><\/a>\u00a0voc\u00ea quer xingar algu\u00e9m ou algo e chama ela de autista. (Amanda Paschoal)<\/p>\n<p><a href=\"https:\/\/www.facebook.com\/hashtag\/%C3%A9capacitismoquando?source=feed_text&amp;__mref=message_bubble\"><b>#\u00c9capacitismoquando<\/b><\/a>\u00a0voc\u00ea exclui a pessoa com s\u00edndrome de down da participa\u00e7\u00e3o em todos os espa\u00e7os da vida cotidiana, mesmo dentro dos movimentos sociais da defici\u00eancia, simplesmente porque voc\u00ea acha que ela n\u00e3o tem autonomia para fazer escolhas por possuir uma defici\u00eancia pior (sic) que a sua. (Anahi Guedes de Mello)<\/p>\n<p><b>Para saber mais sobre capacitismo, sugiro dois textos:<\/b><\/p>\n<p>\u221a <b>\u201cCapacitismo: o que \u00e9, onde vive, como se reproduz?\u201d<\/b>, de Sidney Andrade, \u00e9 um texto mais acess\u00edvel a um p\u00fablico leigo, dispon\u00edvel em:<\/p>\n<p>&lt;<a href=\"https:\/\/medium.com\/@sidneyandrade23\/capacitismo-o-que-%C3%A9-onde-vive-como-se-reproduz-5f68c5fdf73e#.jev4c1kru\"><b>https:\/\/medium.com\/@sidneyandrade23\/capacitismo-o-que-%C3%A9-onde-vive-como-se-reproduz-5f68c5fdf73e#.jev4c1kru<\/b><\/a>&gt;.<\/p>\n<p>\u221a <b>\u201cDefici\u00eancia, incapacidade e vulnerabilidade: do capacitismo ou a preemin\u00eancia capacitista e biom\u00e9dica do Comit\u00ea de \u00c9tica em Pesquisa da UFSC\u201d<\/b>, de Anahi Guedes de Mello, publicado no<i> Ci\u00eanc. sa\u00fade coletiva<\/i>\u00a0[online]. 2016, vol.21, n.10, pp.3265-3276. Dispon\u00edvel em: &lt;<a href=\"http:\/\/www.scielo.br\/pdf\/csc\/v21n10\/1413-8123-csc-21-10-3265.pdf\">http:\/\/www.scielo.br\/pdf\/csc\/v21n10\/1413-8123-csc-21-10-3265.pdf<\/a>&gt;. Esse \u00e9 um texto acad\u00eamico, para quem tiver interesse em aprofundar melhor no tema e ir um pouco al\u00e9m.<\/p>\n<p><em>Anahi Guedes de Mello \u00e9 antrop\u00f3loga, doutoranda do Programa de P\u00f3s-Gradua\u00e7\u00e3o em Antropologia Social da Universidade Federal de Santa Catarina (UFSC), em Florian\u00f3polis\/SC. Pesquisadora vinculada ao N\u00facleo de Identidades de G\u00eanero e Subjetividades (NIGS) e ao N\u00facleo de Estudos sobre Defici\u00eancia (NED), ambos na mesma universidade. Desenvolve pesquisas\u00a0nos campos dos\u00a0Estudos sobre Defici\u00eancia (Disability Studies)\u00a0e Estudos Feministas.\u00a0Atua nos movimentos sociais de pessoas com defici\u00eancia e LGBT, respectivamente desde 1998 e 2008. Foi fundadora e presidenta do Centro de Vida Independente de Florian\u00f3polis (CVI-Floripa) entre os anos 2004 a 2008.<\/em><\/p>\n","protected":false},"excerpt":{"rendered":"<p>Descri\u00e7\u00e3o da imagem:\u00a0Ilustra\u00e7\u00e3o de Batman dando um tapa no rosto de Robin. Bal\u00e3o de conversa. Robin: tenho que mostrar que sou um exemplo para as pessoas mostrando sempre como sou feliz e&#8230;&#8221; Batman: &#8220;As pessoas com defici\u00eancia n\u00e3o devem prestar conta de suas vidas para ningu\u00e9m!&#8221;\u00a0 #\u00c9capacitismoquando Por Anahi Guedes de Mello Capacitismo \u00e9 a [&hellip;]<\/p>\n","protected":false},"author":1,"featured_media":0,"comment_status":"open","ping_status":"open","sticky":false,"template":"","format":"standard","meta":{"site-container-style":"default","site-container-layout":"default","site-sidebar-layout":"default","disable-article-header":"default","disable-site-header":"default","disable-site-footer":"default","disable-content-area-spacing":"default","footnotes":""},"categories":[44,3,5,29,38,48,358,26],"tags":[],"class_list":["post-29958","post","type-post","status-publish","format-standard","hentry","category-acessibilidade","category-campanhas","category-convencao","category-cultura","category-deficiencia","category-inclusao","category-lei-brasileira-de-inclusao","category-legislacao"],"yoast_head":"<!-- This site is optimized with the Yoast SEO plugin v27.4 - https:\/\/yoast.com\/product\/yoast-seo-wordpress\/ -->\n<title>O que \u00e9 capacitismo? -<\/title>\n<meta name=\"robots\" content=\"index, follow, max-snippet:-1, max-image-preview:large, max-video-preview:-1\" \/>\n<link rel=\"canonical\" href=\"https:\/\/inclusivenews.com.br\/?p=29958\" \/>\n<meta property=\"og:locale\" content=\"pt_PT\" \/>\n<meta property=\"og:type\" content=\"article\" \/>\n<meta property=\"og:title\" content=\"O que \u00e9 capacitismo? -\" \/>\n<meta property=\"og:description\" content=\"Descri\u00e7\u00e3o da imagem:\u00a0Ilustra\u00e7\u00e3o de Batman dando um tapa no rosto de Robin. Bal\u00e3o de conversa. Robin: tenho que mostrar que sou um exemplo para as pessoas mostrando sempre como sou feliz e&#8230;&#8221; Batman: &#8220;As pessoas com defici\u00eancia n\u00e3o devem prestar conta de suas vidas para ningu\u00e9m!&#8221;\u00a0 #\u00c9capacitismoquando Por Anahi Guedes de Mello Capacitismo \u00e9 a [&hellip;]\" \/>\n<meta property=\"og:url\" content=\"https:\/\/inclusivenews.com.br\/?p=29958\" \/>\n<meta property=\"article:publisher\" content=\"https:\/\/www.facebook.com\/agenciainclusive\/\" \/>\n<meta property=\"article:published_time\" content=\"2016-12-02T19:07:56+00:00\" \/>\n<meta property=\"og:image\" content=\"http:\/\/inclusivenews.com.br\/wp-content\/uploads\/ecapacitismo.jpg\" \/>\n<meta name=\"author\" content=\"inclusivenews2024\" \/>\n<meta name=\"twitter:card\" content=\"summary_large_image\" \/>\n<meta name=\"twitter:label1\" content=\"Escrito por\" \/>\n\t<meta name=\"twitter:data1\" content=\"inclusivenews2024\" \/>\n\t<meta name=\"twitter:label2\" content=\"Tempo estimado de leitura\" \/>\n\t<meta name=\"twitter:data2\" content=\"4 minutos\" \/>\n<script type=\"application\/ld+json\" class=\"yoast-schema-graph\">{\"@context\":\"https:\\\/\\\/schema.org\",\"@graph\":[{\"@type\":\"Article\",\"@id\":\"https:\\\/\\\/inclusivenews.com.br\\\/?p=29958#article\",\"isPartOf\":{\"@id\":\"https:\\\/\\\/inclusivenews.com.br\\\/?p=29958\"},\"author\":{\"name\":\"inclusivenews2024\",\"@id\":\"https:\\\/\\\/inclusivenews.com.br\\\/#\\\/schema\\\/person\\\/ae4ec7087559b8692fb33b6fffd2273b\"},\"headline\":\"O que \u00e9 capacitismo?\",\"datePublished\":\"2016-12-02T19:07:56+00:00\",\"mainEntityOfPage\":{\"@id\":\"https:\\\/\\\/inclusivenews.com.br\\\/?p=29958\"},\"wordCount\":808,\"commentCount\":9,\"publisher\":{\"@id\":\"https:\\\/\\\/inclusivenews.com.br\\\/#organization\"},\"image\":{\"@id\":\"https:\\\/\\\/inclusivenews.com.br\\\/?p=29958#primaryimage\"},\"thumbnailUrl\":\"http:\\\/\\\/inclusivenews.com.br\\\/wp-content\\\/uploads\\\/ecapacitismo.jpg\",\"articleSection\":[\"ACESSIBILIDADE\",\"CAMPANHAS\",\"Conven\u00e7\u00e3o\",\"Cultura\",\"Defici\u00eancia\",\"INCLUS\u00c3O SOCIAL\",\"LBI\",\"Legisla\u00e7\u00e3o ...\"],\"inLanguage\":\"pt-PT\",\"potentialAction\":[{\"@type\":\"CommentAction\",\"name\":\"Comment\",\"target\":[\"https:\\\/\\\/inclusivenews.com.br\\\/?p=29958#respond\"]}]},{\"@type\":\"WebPage\",\"@id\":\"https:\\\/\\\/inclusivenews.com.br\\\/?p=29958\",\"url\":\"https:\\\/\\\/inclusivenews.com.br\\\/?p=29958\",\"name\":\"O que \u00e9 capacitismo? -\",\"isPartOf\":{\"@id\":\"https:\\\/\\\/inclusivenews.com.br\\\/#website\"},\"primaryImageOfPage\":{\"@id\":\"https:\\\/\\\/inclusivenews.com.br\\\/?p=29958#primaryimage\"},\"image\":{\"@id\":\"https:\\\/\\\/inclusivenews.com.br\\\/?p=29958#primaryimage\"},\"thumbnailUrl\":\"http:\\\/\\\/inclusivenews.com.br\\\/wp-content\\\/uploads\\\/ecapacitismo.jpg\",\"datePublished\":\"2016-12-02T19:07:56+00:00\",\"breadcrumb\":{\"@id\":\"https:\\\/\\\/inclusivenews.com.br\\\/?p=29958#breadcrumb\"},\"inLanguage\":\"pt-PT\",\"potentialAction\":[{\"@type\":\"ReadAction\",\"target\":[\"https:\\\/\\\/inclusivenews.com.br\\\/?p=29958\"]}]},{\"@type\":\"ImageObject\",\"inLanguage\":\"pt-PT\",\"@id\":\"https:\\\/\\\/inclusivenews.com.br\\\/?p=29958#primaryimage\",\"url\":\"\",\"contentUrl\":\"\"},{\"@type\":\"BreadcrumbList\",\"@id\":\"https:\\\/\\\/inclusivenews.com.br\\\/?p=29958#breadcrumb\",\"itemListElement\":[{\"@type\":\"ListItem\",\"position\":1,\"name\":\"In\u00edcio\",\"item\":\"https:\\\/\\\/inclusivenews.com.br\\\/\"},{\"@type\":\"ListItem\",\"position\":2,\"name\":\"O que \u00e9 capacitismo?\"}]},{\"@type\":\"WebSite\",\"@id\":\"https:\\\/\\\/inclusivenews.com.br\\\/#website\",\"url\":\"https:\\\/\\\/inclusivenews.com.br\\\/\",\"name\":\"Inclusive News\",\"description\":\"Inclusive News\",\"publisher\":{\"@id\":\"https:\\\/\\\/inclusivenews.com.br\\\/#organization\"},\"potentialAction\":[{\"@type\":\"SearchAction\",\"target\":{\"@type\":\"EntryPoint\",\"urlTemplate\":\"https:\\\/\\\/inclusivenews.com.br\\\/?s={search_term_string}\"},\"query-input\":{\"@type\":\"PropertyValueSpecification\",\"valueRequired\":true,\"valueName\":\"search_term_string\"}}],\"inLanguage\":\"pt-PT\"},{\"@type\":\"Organization\",\"@id\":\"https:\\\/\\\/inclusivenews.com.br\\\/#organization\",\"name\":\"Inclusive - inclus\u00e3o e cidadania\",\"url\":\"https:\\\/\\\/inclusivenews.com.br\\\/\",\"logo\":{\"@type\":\"ImageObject\",\"inLanguage\":\"pt-PT\",\"@id\":\"https:\\\/\\\/inclusivenews.com.br\\\/#\\\/schema\\\/logo\\\/image\\\/\",\"url\":\"https:\\\/\\\/inclusivenews.com.br\\\/wp-content\\\/uploads\\\/2024\\\/03\\\/@grandesite.png\",\"contentUrl\":\"https:\\\/\\\/inclusivenews.com.br\\\/wp-content\\\/uploads\\\/2024\\\/03\\\/@grandesite.png\",\"width\":1080,\"height\":1080,\"caption\":\"Inclusive - inclus\u00e3o e cidadania\"},\"image\":{\"@id\":\"https:\\\/\\\/inclusivenews.com.br\\\/#\\\/schema\\\/logo\\\/image\\\/\"},\"sameAs\":[\"https:\\\/\\\/www.facebook.com\\\/agenciainclusive\\\/\",\"https:\\\/\\\/www.instagram.com\\\/newsinclusive\\\/\"]},{\"@type\":\"Person\",\"@id\":\"https:\\\/\\\/inclusivenews.com.br\\\/#\\\/schema\\\/person\\\/ae4ec7087559b8692fb33b6fffd2273b\",\"name\":\"inclusivenews2024\",\"image\":{\"@type\":\"ImageObject\",\"inLanguage\":\"pt-PT\",\"@id\":\"https:\\\/\\\/secure.gravatar.com\\\/avatar\\\/c5a7ef84c66fa914f55bc4f7ce26cfa275a3b9a1c5568b907bd184fb4dde7b40?s=96&d=mm&r=g\",\"url\":\"https:\\\/\\\/secure.gravatar.com\\\/avatar\\\/c5a7ef84c66fa914f55bc4f7ce26cfa275a3b9a1c5568b907bd184fb4dde7b40?s=96&d=mm&r=g\",\"contentUrl\":\"https:\\\/\\\/secure.gravatar.com\\\/avatar\\\/c5a7ef84c66fa914f55bc4f7ce26cfa275a3b9a1c5568b907bd184fb4dde7b40?s=96&d=mm&r=g\",\"caption\":\"inclusivenews2024\"},\"sameAs\":[\"https:\\\/\\\/inclusivenews.com.br\"],\"url\":\"https:\\\/\\\/inclusivenews.com.br\\\/?author=1\"}]}<\/script>\n<!-- \/ Yoast SEO plugin. -->","yoast_head_json":{"title":"O que \u00e9 capacitismo? -","robots":{"index":"index","follow":"follow","max-snippet":"max-snippet:-1","max-image-preview":"max-image-preview:large","max-video-preview":"max-video-preview:-1"},"canonical":"https:\/\/inclusivenews.com.br\/?p=29958","og_locale":"pt_PT","og_type":"article","og_title":"O que \u00e9 capacitismo? -","og_description":"Descri\u00e7\u00e3o da imagem:\u00a0Ilustra\u00e7\u00e3o de Batman dando um tapa no rosto de Robin. Bal\u00e3o de conversa. Robin: tenho que mostrar que sou um exemplo para as pessoas mostrando sempre como sou feliz e&#8230;&#8221; Batman: &#8220;As pessoas com defici\u00eancia n\u00e3o devem prestar conta de suas vidas para ningu\u00e9m!&#8221;\u00a0 #\u00c9capacitismoquando Por Anahi Guedes de Mello Capacitismo \u00e9 a [&hellip;]","og_url":"https:\/\/inclusivenews.com.br\/?p=29958","article_publisher":"https:\/\/www.facebook.com\/agenciainclusive\/","article_published_time":"2016-12-02T19:07:56+00:00","og_image":[{"url":"http:\/\/inclusivenews.com.br\/wp-content\/uploads\/ecapacitismo.jpg","type":"","width":"","height":""}],"author":"inclusivenews2024","twitter_card":"summary_large_image","twitter_misc":{"Escrito por":"inclusivenews2024","Tempo estimado de leitura":"4 minutos"},"schema":{"@context":"https:\/\/schema.org","@graph":[{"@type":"Article","@id":"https:\/\/inclusivenews.com.br\/?p=29958#article","isPartOf":{"@id":"https:\/\/inclusivenews.com.br\/?p=29958"},"author":{"name":"inclusivenews2024","@id":"https:\/\/inclusivenews.com.br\/#\/schema\/person\/ae4ec7087559b8692fb33b6fffd2273b"},"headline":"O que \u00e9 capacitismo?","datePublished":"2016-12-02T19:07:56+00:00","mainEntityOfPage":{"@id":"https:\/\/inclusivenews.com.br\/?p=29958"},"wordCount":808,"commentCount":9,"publisher":{"@id":"https:\/\/inclusivenews.com.br\/#organization"},"image":{"@id":"https:\/\/inclusivenews.com.br\/?p=29958#primaryimage"},"thumbnailUrl":"http:\/\/inclusivenews.com.br\/wp-content\/uploads\/ecapacitismo.jpg","articleSection":["ACESSIBILIDADE","CAMPANHAS","Conven\u00e7\u00e3o","Cultura","Defici\u00eancia","INCLUS\u00c3O SOCIAL","LBI","Legisla\u00e7\u00e3o ..."],"inLanguage":"pt-PT","potentialAction":[{"@type":"CommentAction","name":"Comment","target":["https:\/\/inclusivenews.com.br\/?p=29958#respond"]}]},{"@type":"WebPage","@id":"https:\/\/inclusivenews.com.br\/?p=29958","url":"https:\/\/inclusivenews.com.br\/?p=29958","name":"O que \u00e9 capacitismo? -","isPartOf":{"@id":"https:\/\/inclusivenews.com.br\/#website"},"primaryImageOfPage":{"@id":"https:\/\/inclusivenews.com.br\/?p=29958#primaryimage"},"image":{"@id":"https:\/\/inclusivenews.com.br\/?p=29958#primaryimage"},"thumbnailUrl":"http:\/\/inclusivenews.com.br\/wp-content\/uploads\/ecapacitismo.jpg","datePublished":"2016-12-02T19:07:56+00:00","breadcrumb":{"@id":"https:\/\/inclusivenews.com.br\/?p=29958#breadcrumb"},"inLanguage":"pt-PT","potentialAction":[{"@type":"ReadAction","target":["https:\/\/inclusivenews.com.br\/?p=29958"]}]},{"@type":"ImageObject","inLanguage":"pt-PT","@id":"https:\/\/inclusivenews.com.br\/?p=29958#primaryimage","url":"","contentUrl":""},{"@type":"BreadcrumbList","@id":"https:\/\/inclusivenews.com.br\/?p=29958#breadcrumb","itemListElement":[{"@type":"ListItem","position":1,"name":"In\u00edcio","item":"https:\/\/inclusivenews.com.br\/"},{"@type":"ListItem","position":2,"name":"O que \u00e9 capacitismo?"}]},{"@type":"WebSite","@id":"https:\/\/inclusivenews.com.br\/#website","url":"https:\/\/inclusivenews.com.br\/","name":"Inclusive News","description":"Inclusive News","publisher":{"@id":"https:\/\/inclusivenews.com.br\/#organization"},"potentialAction":[{"@type":"SearchAction","target":{"@type":"EntryPoint","urlTemplate":"https:\/\/inclusivenews.com.br\/?s={search_term_string}"},"query-input":{"@type":"PropertyValueSpecification","valueRequired":true,"valueName":"search_term_string"}}],"inLanguage":"pt-PT"},{"@type":"Organization","@id":"https:\/\/inclusivenews.com.br\/#organization","name":"Inclusive - inclus\u00e3o e cidadania","url":"https:\/\/inclusivenews.com.br\/","logo":{"@type":"ImageObject","inLanguage":"pt-PT","@id":"https:\/\/inclusivenews.com.br\/#\/schema\/logo\/image\/","url":"https:\/\/inclusivenews.com.br\/wp-content\/uploads\/2024\/03\/@grandesite.png","contentUrl":"https:\/\/inclusivenews.com.br\/wp-content\/uploads\/2024\/03\/@grandesite.png","width":1080,"height":1080,"caption":"Inclusive - inclus\u00e3o e cidadania"},"image":{"@id":"https:\/\/inclusivenews.com.br\/#\/schema\/logo\/image\/"},"sameAs":["https:\/\/www.facebook.com\/agenciainclusive\/","https:\/\/www.instagram.com\/newsinclusive\/"]},{"@type":"Person","@id":"https:\/\/inclusivenews.com.br\/#\/schema\/person\/ae4ec7087559b8692fb33b6fffd2273b","name":"inclusivenews2024","image":{"@type":"ImageObject","inLanguage":"pt-PT","@id":"https:\/\/secure.gravatar.com\/avatar\/c5a7ef84c66fa914f55bc4f7ce26cfa275a3b9a1c5568b907bd184fb4dde7b40?s=96&d=mm&r=g","url":"https:\/\/secure.gravatar.com\/avatar\/c5a7ef84c66fa914f55bc4f7ce26cfa275a3b9a1c5568b907bd184fb4dde7b40?s=96&d=mm&r=g","contentUrl":"https:\/\/secure.gravatar.com\/avatar\/c5a7ef84c66fa914f55bc4f7ce26cfa275a3b9a1c5568b907bd184fb4dde7b40?s=96&d=mm&r=g","caption":"inclusivenews2024"},"sameAs":["https:\/\/inclusivenews.com.br"],"url":"https:\/\/inclusivenews.com.br\/?author=1"}]}},"_links":{"self":[{"href":"https:\/\/inclusivenews.com.br\/index.php?rest_route=\/wp\/v2\/posts\/29958","targetHints":{"allow":["GET"]}}],"collection":[{"href":"https:\/\/inclusivenews.com.br\/index.php?rest_route=\/wp\/v2\/posts"}],"about":[{"href":"https:\/\/inclusivenews.com.br\/index.php?rest_route=\/wp\/v2\/types\/post"}],"author":[{"embeddable":true,"href":"https:\/\/inclusivenews.com.br\/index.php?rest_route=\/wp\/v2\/users\/1"}],"replies":[{"embeddable":true,"href":"https:\/\/inclusivenews.com.br\/index.php?rest_route=%2Fwp%2Fv2%2Fcomments&post=29958"}],"version-history":[{"count":0,"href":"https:\/\/inclusivenews.com.br\/index.php?rest_route=\/wp\/v2\/posts\/29958\/revisions"}],"wp:attachment":[{"href":"https:\/\/inclusivenews.com.br\/index.php?rest_route=%2Fwp%2Fv2%2Fmedia&parent=29958"}],"wp:term":[{"taxonomy":"category","embeddable":true,"href":"https:\/\/inclusivenews.com.br\/index.php?rest_route=%2Fwp%2Fv2%2Fcategories&post=29958"},{"taxonomy":"post_tag","embeddable":true,"href":"https:\/\/inclusivenews.com.br\/index.php?rest_route=%2Fwp%2Fv2%2Ftags&post=29958"}],"curies":[{"name":"wp","href":"https:\/\/api.w.org\/{rel}","templated":true}]}}