{"id":29988,"date":"2016-12-08T17:33:31","date_gmt":"2016-12-08T20:33:31","guid":{"rendered":"http:\/\/www.inclusive.org.br\/?p=29988"},"modified":"2016-12-08T17:33:31","modified_gmt":"2016-12-08T20:33:31","slug":"pessoas-com-deficiencia-sao-duramente-atingidas-pela-pec-da-previdencia","status":"publish","type":"post","link":"https:\/\/inclusivenews.com.br\/?p=29988","title":{"rendered":"Pessoas com defici\u00eancia s\u00e3o duramente atingidas pela PEC da Previd\u00eancia"},"content":{"rendered":"<p><img loading=\"lazy\" decoding=\"async\" class=\"alignnone size-full wp-image-19518\" src=\"http:\/\/inclusivenews.com.br\/wp-content\/uploads\/2011\/05\/congresso_nacional.jpg\" alt=\"Os pr\u00e9dios do Congresso Nacional\" width=\"320\" height=\"205\" \/><\/p>\n<p>ASSINE A PETI\u00c7\u00c3O EM FAVOR DO BPC ATRELADO AO SAL\u00c1RIO M\u00cdNIMO<\/p>\n<p><a href=\"https:\/\/www.change.org\/p\/deputados-contra-a-reforma-na-previd\u00eancia-que-prejudica-as-pessoas-com-defici\u00eancia-mais-pobres\">https:\/\/www.change.org\/p\/deputados-contra-a-reforma-na-previd\u00eancia-que-prejudica-as-pessoas-com-defici\u00eancia-mais-pobres<\/a><\/p>\n<p>A PEC 287\u00a0que est\u00e1 tramitando na C\u00e2mara, traz grandes preju\u00edzos \u00e0s pessoas com defici\u00eancia, especialmente as mais pobres. O texto\u00a0desvincula o valor do BPC \u00a0&#8211; Benef\u00edcio de Presta\u00e7\u00e3o Continuada, recebido por idosos e pessoas com defici\u00eancia em situa\u00e7\u00e3o de pobreza do sal\u00e1rio m\u00ednimo.<\/p>\n<p>PROPOSTA DE EMENDA \u00c0 CONSTITUI\u00c7\u00c3O 287\/2016<\/p>\n<p>Altera os arts. 37, 40, 109, 149, 167, 195, 201 e 203 da Constitui\u00e7\u00e3o, para dispor sobre a seguridade social, estabelece regras de transi\u00e7\u00e3o e d\u00e1 outras provid\u00eancias.<\/p>\n<p>Art. 1\u00ba A Constitui\u00e7\u00e3o passa a vigorar com as seguintes altera\u00e7\u00f5es:<\/p>\n<p>\u201cArt. 203. &#8230;&#8230;&#8230;&#8230;&#8230;&#8230;&#8230;&#8230;&#8230;&#8230;&#8230;&#8230;&#8230;&#8230;&#8230;&#8230;&#8230;&#8230;&#8230;&#8230;&#8230;&#8230;&#8230;&#8230;&#8230;&#8230;&#8230;&#8230;&#8230;&#8230;&#8230;&#8230;&#8230;. &#8230;&#8230;&#8230;&#8230;&#8230;&#8230;&#8230;&#8230;&#8230;&#8230;&#8230;&#8230;&#8230;&#8230;&#8230;&#8230;&#8230;&#8230;&#8230;&#8230;&#8230;&#8230;&#8230;&#8230;&#8230;&#8230;&#8230;&#8230;&#8230;&#8230;&#8230;&#8230;&#8230;&#8230;&#8230;&#8230;&#8230;&#8230;&#8230;.<\/p>\n<p>V &#8211; a concess\u00e3o de benef\u00edcio assistencial mensal, a t\u00edtulo de transfer\u00eancia de renda, \u00e0 pessoa com defici\u00eancia ou \u00e0quela com setenta anos ou mais de idade, que possua renda mensal familiar integral per capita inferior ao valor previsto em lei.<\/p>\n<ul>\n<li>1\u00ba Em rela\u00e7\u00e3o ao benef\u00edcio de que trata o inciso V, a lei dispor\u00e1 ainda sobre:<\/li>\n<\/ul>\n<p>I &#8211; o valor e os requisitos de concess\u00e3o e manuten\u00e7\u00e3o;<\/p>\n<p>II &#8211; a defini\u00e7\u00e3o do grupo familiar; e<\/p>\n<p>III &#8211; o grau de defici\u00eancia para fins de defini\u00e7\u00e3o do acesso ao benef\u00edcio e do seu valor.<\/p>\n<ul>\n<li>2\u00ba Para defini\u00e7\u00e3o da renda mensal familiar integral per capita prevista no inciso V ser\u00e1 considerada a renda integral de cada membro do grupo familiar.<\/li>\n<li>3\u00ba A idade referida no inciso V dever\u00e1 observar a forma de revis\u00e3o prevista no \u00a7 15 do art. 201.\u201d (NR)<\/li>\n<\/ul>\n<p>&nbsp;<\/p>\n<p>===========================<\/p>\n<p>Al\u00e9m disso,\u00a0a PEC\u00a0287\/2016 altera tamb\u00e9m o art. 40 da CF onde est\u00e1 a aposentadoria especial do segurado com defici\u00eancia<\/p>\n<p>\u00a7 4\u00ba &#8230;&#8230;&#8230;&#8230;&#8230;&#8230;&#8230;&#8230;&#8230;&#8230;&#8230;&#8230;&#8230;&#8230;&#8230;&#8230;&#8230;&#8230;&#8230;&#8230;&#8230;&#8230;&#8230;&#8230;&#8230;&#8230;&#8230;&#8230;&#8230;&#8230;&#8230;&#8230;&#8230;&#8230;&#8230;&#8230;.. I &#8211; com defici\u00eancia; &#8230;&#8230;&#8230;&#8230;&#8230;&#8230;&#8230;&#8230;&#8230;&#8230;&#8230;&#8230;&#8230;&#8230;&#8230;&#8230;&#8230;&#8230;&#8230;&#8230;&#8230;&#8230;&#8230;&#8230;&#8230;&#8230;&#8230;&#8230;&#8230;&#8230;&#8230;&#8230;&#8230;&#8230;&#8230;&#8230;&#8230;&#8230;&#8230;. III &#8211; cujas atividades sejam exercidas sob condi\u00e7\u00f5es especiais que efetivamente prejudique<span class=\"text_exposed_show\">m a sa\u00fade, vedada a caracteriza\u00e7\u00e3o por categoria profissional ou ocupa\u00e7\u00e3o.\u00a0<\/span><\/p>\n<div class=\"text_exposed_show\">\n<p>\u00a7 4\u00ba-A. Para os segurados de que trata o \u00a7 4\u00ba, a redu\u00e7\u00e3o do tempo exigido para fins de aposentadoria, nos termos do inciso III do \u00a7 1\u00ba, ser\u00e1 de, no m\u00e1ximo, dez anos no requisito de idade e de, no m\u00e1ximo, cinco anos para o tempo de contribui\u00e7\u00e3o, observadas as regras de c\u00e1lculo e reajustamento estabelecidas neste artigo.<\/p>\n<p>PRECISAMOS DE MOBILIZA\u00c7\u00c3O SOCIAL PARA QUE ESTAS CONQUISTAS N\u00c3O SEJAM PERDIDAS!<\/p>\n<p>Link para o texto integral<\/p>\n<p><a href=\"http:\/\/www.camara.gov.br\/proposicoesWeb\/prop_mostrarintegra;jsessionid=B51228257BCBC8EAD65809720CC69702.proposicoesWebExterno1?codteor=1514975&amp;filename=PEC+287\/2016\" data-saferedirecturl=\"https:\/\/www.google.com\/url?hl=en&amp;q=http:\/\/www.camara.gov.br\/proposicoesWeb\/prop_mostrarintegra;jsessionid%3DB51228257BCBC8EAD65809720CC69702.proposicoesWebExterno1?codteor%3D1514975%26filename%3DPEC%2B287\/2016&amp;source=gmail&amp;ust=1481312524131000&amp;usg=AFQjCNENQOaax2p_iS45BUid_vy0V7uolw\">http:\/\/www.camara.gov.br\/proposicoesWeb\/prop_mostrarintegra;jsessionid=B51228257BCBC8EAD65809720CC69702.proposicoesWebExterno1?codteor=1514975&amp;filename=PEC+287\/2016<\/a><\/p>\n<\/div>\n","protected":false},"excerpt":{"rendered":"<p>ASSINE A PETI\u00c7\u00c3O EM FAVOR DO BPC ATRELADO AO SAL\u00c1RIO M\u00cdNIMO https:\/\/www.change.org\/p\/deputados-contra-a-reforma-na-previd\u00eancia-que-prejudica-as-pessoas-com-defici\u00eancia-mais-pobres A PEC 287\u00a0que est\u00e1 tramitando na C\u00e2mara, traz grandes preju\u00edzos \u00e0s pessoas com defici\u00eancia, especialmente as mais pobres. O texto\u00a0desvincula o valor do BPC \u00a0&#8211; Benef\u00edcio de Presta\u00e7\u00e3o Continuada, recebido por idosos e pessoas com defici\u00eancia em situa\u00e7\u00e3o de pobreza do sal\u00e1rio m\u00ednimo. [&hellip;]<\/p>\n","protected":false},"author":1,"featured_media":0,"comment_status":"open","ping_status":"open","sticky":false,"template":"","format":"standard","meta":{"site-container-style":"default","site-container-layout":"default","site-sidebar-layout":"default","disable-article-header":"default","disable-site-header":"default","disable-site-footer":"default","disable-content-area-spacing":"default","footnotes":""},"categories":[4],"tags":[],"class_list":["post-29988","post","type-post","status-publish","format-standard","hentry","category-noticias"],"yoast_head":"<!-- This site is optimized with the Yoast SEO plugin v27.4 - https:\/\/yoast.com\/product\/yoast-seo-wordpress\/ -->\n<title>Pessoas com defici\u00eancia s\u00e3o duramente atingidas pela PEC da Previd\u00eancia -<\/title>\n<meta name=\"robots\" content=\"index, follow, max-snippet:-1, max-image-preview:large, max-video-preview:-1\" \/>\n<link rel=\"canonical\" href=\"https:\/\/inclusivenews.com.br\/?p=29988\" \/>\n<meta property=\"og:locale\" content=\"pt_PT\" \/>\n<meta property=\"og:type\" content=\"article\" \/>\n<meta property=\"og:title\" content=\"Pessoas com defici\u00eancia s\u00e3o duramente atingidas pela PEC da Previd\u00eancia -\" \/>\n<meta property=\"og:description\" content=\"ASSINE A PETI\u00c7\u00c3O EM FAVOR DO BPC ATRELADO AO SAL\u00c1RIO M\u00cdNIMO https:\/\/www.change.org\/p\/deputados-contra-a-reforma-na-previd\u00eancia-que-prejudica-as-pessoas-com-defici\u00eancia-mais-pobres A PEC 287\u00a0que est\u00e1 tramitando na C\u00e2mara, traz grandes preju\u00edzos \u00e0s pessoas com defici\u00eancia, especialmente as mais pobres. O texto\u00a0desvincula o valor do BPC \u00a0&#8211; Benef\u00edcio de Presta\u00e7\u00e3o Continuada, recebido por idosos e pessoas com defici\u00eancia em situa\u00e7\u00e3o de pobreza do sal\u00e1rio m\u00ednimo. [&hellip;]\" \/>\n<meta property=\"og:url\" content=\"https:\/\/inclusivenews.com.br\/?p=29988\" \/>\n<meta property=\"article:publisher\" content=\"https:\/\/www.facebook.com\/agenciainclusive\/\" \/>\n<meta property=\"article:published_time\" content=\"2016-12-08T20:33:31+00:00\" \/>\n<meta property=\"og:image\" content=\"http:\/\/inclusivenews.com.br\/wp-content\/uploads\/2011\/05\/congresso_nacional.jpg\" \/>\n<meta name=\"author\" content=\"inclusivenews2024\" \/>\n<meta name=\"twitter:card\" content=\"summary_large_image\" \/>\n<meta name=\"twitter:label1\" content=\"Escrito por\" \/>\n\t<meta name=\"twitter:data1\" content=\"inclusivenews2024\" \/>\n\t<meta name=\"twitter:label2\" content=\"Tempo estimado de leitura\" \/>\n\t<meta name=\"twitter:data2\" content=\"2 minutos\" \/>\n<script type=\"application\/ld+json\" class=\"yoast-schema-graph\">{\"@context\":\"https:\\\/\\\/schema.org\",\"@graph\":[{\"@type\":\"Article\",\"@id\":\"https:\\\/\\\/inclusivenews.com.br\\\/?p=29988#article\",\"isPartOf\":{\"@id\":\"https:\\\/\\\/inclusivenews.com.br\\\/?p=29988\"},\"author\":{\"name\":\"inclusivenews2024\",\"@id\":\"https:\\\/\\\/inclusivenews.com.br\\\/#\\\/schema\\\/person\\\/ae4ec7087559b8692fb33b6fffd2273b\"},\"headline\":\"Pessoas com defici\u00eancia s\u00e3o duramente atingidas pela PEC da Previd\u00eancia\",\"datePublished\":\"2016-12-08T20:33:31+00:00\",\"mainEntityOfPage\":{\"@id\":\"https:\\\/\\\/inclusivenews.com.br\\\/?p=29988\"},\"wordCount\":426,\"commentCount\":0,\"publisher\":{\"@id\":\"https:\\\/\\\/inclusivenews.com.br\\\/#organization\"},\"image\":{\"@id\":\"https:\\\/\\\/inclusivenews.com.br\\\/?p=29988#primaryimage\"},\"thumbnailUrl\":\"http:\\\/\\\/inclusivenews.com.br\\\/wp-content\\\/uploads\\\/2011\\\/05\\\/congresso_nacional.jpg\",\"articleSection\":[\"NOT\u00cdCIAS\"],\"inLanguage\":\"pt-PT\",\"potentialAction\":[{\"@type\":\"CommentAction\",\"name\":\"Comment\",\"target\":[\"https:\\\/\\\/inclusivenews.com.br\\\/?p=29988#respond\"]}]},{\"@type\":\"WebPage\",\"@id\":\"https:\\\/\\\/inclusivenews.com.br\\\/?p=29988\",\"url\":\"https:\\\/\\\/inclusivenews.com.br\\\/?p=29988\",\"name\":\"Pessoas com defici\u00eancia s\u00e3o duramente atingidas pela PEC da Previd\u00eancia -\",\"isPartOf\":{\"@id\":\"https:\\\/\\\/inclusivenews.com.br\\\/#website\"},\"primaryImageOfPage\":{\"@id\":\"https:\\\/\\\/inclusivenews.com.br\\\/?p=29988#primaryimage\"},\"image\":{\"@id\":\"https:\\\/\\\/inclusivenews.com.br\\\/?p=29988#primaryimage\"},\"thumbnailUrl\":\"http:\\\/\\\/inclusivenews.com.br\\\/wp-content\\\/uploads\\\/2011\\\/05\\\/congresso_nacional.jpg\",\"datePublished\":\"2016-12-08T20:33:31+00:00\",\"breadcrumb\":{\"@id\":\"https:\\\/\\\/inclusivenews.com.br\\\/?p=29988#breadcrumb\"},\"inLanguage\":\"pt-PT\",\"potentialAction\":[{\"@type\":\"ReadAction\",\"target\":[\"https:\\\/\\\/inclusivenews.com.br\\\/?p=29988\"]}]},{\"@type\":\"ImageObject\",\"inLanguage\":\"pt-PT\",\"@id\":\"https:\\\/\\\/inclusivenews.com.br\\\/?p=29988#primaryimage\",\"url\":\"\",\"contentUrl\":\"\"},{\"@type\":\"BreadcrumbList\",\"@id\":\"https:\\\/\\\/inclusivenews.com.br\\\/?p=29988#breadcrumb\",\"itemListElement\":[{\"@type\":\"ListItem\",\"position\":1,\"name\":\"In\u00edcio\",\"item\":\"https:\\\/\\\/inclusivenews.com.br\\\/\"},{\"@type\":\"ListItem\",\"position\":2,\"name\":\"Pessoas com defici\u00eancia s\u00e3o duramente atingidas pela PEC da Previd\u00eancia\"}]},{\"@type\":\"WebSite\",\"@id\":\"https:\\\/\\\/inclusivenews.com.br\\\/#website\",\"url\":\"https:\\\/\\\/inclusivenews.com.br\\\/\",\"name\":\"Inclusive News\",\"description\":\"Inclusive News\",\"publisher\":{\"@id\":\"https:\\\/\\\/inclusivenews.com.br\\\/#organization\"},\"potentialAction\":[{\"@type\":\"SearchAction\",\"target\":{\"@type\":\"EntryPoint\",\"urlTemplate\":\"https:\\\/\\\/inclusivenews.com.br\\\/?s={search_term_string}\"},\"query-input\":{\"@type\":\"PropertyValueSpecification\",\"valueRequired\":true,\"valueName\":\"search_term_string\"}}],\"inLanguage\":\"pt-PT\"},{\"@type\":\"Organization\",\"@id\":\"https:\\\/\\\/inclusivenews.com.br\\\/#organization\",\"name\":\"Inclusive - inclus\u00e3o e cidadania\",\"url\":\"https:\\\/\\\/inclusivenews.com.br\\\/\",\"logo\":{\"@type\":\"ImageObject\",\"inLanguage\":\"pt-PT\",\"@id\":\"https:\\\/\\\/inclusivenews.com.br\\\/#\\\/schema\\\/logo\\\/image\\\/\",\"url\":\"https:\\\/\\\/inclusivenews.com.br\\\/wp-content\\\/uploads\\\/2024\\\/03\\\/@grandesite.png\",\"contentUrl\":\"https:\\\/\\\/inclusivenews.com.br\\\/wp-content\\\/uploads\\\/2024\\\/03\\\/@grandesite.png\",\"width\":1080,\"height\":1080,\"caption\":\"Inclusive - inclus\u00e3o e cidadania\"},\"image\":{\"@id\":\"https:\\\/\\\/inclusivenews.com.br\\\/#\\\/schema\\\/logo\\\/image\\\/\"},\"sameAs\":[\"https:\\\/\\\/www.facebook.com\\\/agenciainclusive\\\/\",\"https:\\\/\\\/www.instagram.com\\\/newsinclusive\\\/\"]},{\"@type\":\"Person\",\"@id\":\"https:\\\/\\\/inclusivenews.com.br\\\/#\\\/schema\\\/person\\\/ae4ec7087559b8692fb33b6fffd2273b\",\"name\":\"inclusivenews2024\",\"image\":{\"@type\":\"ImageObject\",\"inLanguage\":\"pt-PT\",\"@id\":\"https:\\\/\\\/secure.gravatar.com\\\/avatar\\\/c5a7ef84c66fa914f55bc4f7ce26cfa275a3b9a1c5568b907bd184fb4dde7b40?s=96&d=mm&r=g\",\"url\":\"https:\\\/\\\/secure.gravatar.com\\\/avatar\\\/c5a7ef84c66fa914f55bc4f7ce26cfa275a3b9a1c5568b907bd184fb4dde7b40?s=96&d=mm&r=g\",\"contentUrl\":\"https:\\\/\\\/secure.gravatar.com\\\/avatar\\\/c5a7ef84c66fa914f55bc4f7ce26cfa275a3b9a1c5568b907bd184fb4dde7b40?s=96&d=mm&r=g\",\"caption\":\"inclusivenews2024\"},\"sameAs\":[\"https:\\\/\\\/inclusivenews.com.br\"],\"url\":\"https:\\\/\\\/inclusivenews.com.br\\\/?author=1\"}]}<\/script>\n<!-- \/ Yoast SEO plugin. -->","yoast_head_json":{"title":"Pessoas com defici\u00eancia s\u00e3o duramente atingidas pela PEC da Previd\u00eancia -","robots":{"index":"index","follow":"follow","max-snippet":"max-snippet:-1","max-image-preview":"max-image-preview:large","max-video-preview":"max-video-preview:-1"},"canonical":"https:\/\/inclusivenews.com.br\/?p=29988","og_locale":"pt_PT","og_type":"article","og_title":"Pessoas com defici\u00eancia s\u00e3o duramente atingidas pela PEC da Previd\u00eancia -","og_description":"ASSINE A PETI\u00c7\u00c3O EM FAVOR DO BPC ATRELADO AO SAL\u00c1RIO M\u00cdNIMO https:\/\/www.change.org\/p\/deputados-contra-a-reforma-na-previd\u00eancia-que-prejudica-as-pessoas-com-defici\u00eancia-mais-pobres A PEC 287\u00a0que est\u00e1 tramitando na C\u00e2mara, traz grandes preju\u00edzos \u00e0s pessoas com defici\u00eancia, especialmente as mais pobres. O texto\u00a0desvincula o valor do BPC \u00a0&#8211; Benef\u00edcio de Presta\u00e7\u00e3o Continuada, recebido por idosos e pessoas com defici\u00eancia em situa\u00e7\u00e3o de pobreza do sal\u00e1rio m\u00ednimo. [&hellip;]","og_url":"https:\/\/inclusivenews.com.br\/?p=29988","article_publisher":"https:\/\/www.facebook.com\/agenciainclusive\/","article_published_time":"2016-12-08T20:33:31+00:00","og_image":[{"url":"http:\/\/inclusivenews.com.br\/wp-content\/uploads\/2011\/05\/congresso_nacional.jpg","type":"","width":"","height":""}],"author":"inclusivenews2024","twitter_card":"summary_large_image","twitter_misc":{"Escrito por":"inclusivenews2024","Tempo estimado de leitura":"2 minutos"},"schema":{"@context":"https:\/\/schema.org","@graph":[{"@type":"Article","@id":"https:\/\/inclusivenews.com.br\/?p=29988#article","isPartOf":{"@id":"https:\/\/inclusivenews.com.br\/?p=29988"},"author":{"name":"inclusivenews2024","@id":"https:\/\/inclusivenews.com.br\/#\/schema\/person\/ae4ec7087559b8692fb33b6fffd2273b"},"headline":"Pessoas com defici\u00eancia s\u00e3o duramente atingidas pela PEC da Previd\u00eancia","datePublished":"2016-12-08T20:33:31+00:00","mainEntityOfPage":{"@id":"https:\/\/inclusivenews.com.br\/?p=29988"},"wordCount":426,"commentCount":0,"publisher":{"@id":"https:\/\/inclusivenews.com.br\/#organization"},"image":{"@id":"https:\/\/inclusivenews.com.br\/?p=29988#primaryimage"},"thumbnailUrl":"http:\/\/inclusivenews.com.br\/wp-content\/uploads\/2011\/05\/congresso_nacional.jpg","articleSection":["NOT\u00cdCIAS"],"inLanguage":"pt-PT","potentialAction":[{"@type":"CommentAction","name":"Comment","target":["https:\/\/inclusivenews.com.br\/?p=29988#respond"]}]},{"@type":"WebPage","@id":"https:\/\/inclusivenews.com.br\/?p=29988","url":"https:\/\/inclusivenews.com.br\/?p=29988","name":"Pessoas com defici\u00eancia s\u00e3o duramente atingidas pela PEC da Previd\u00eancia -","isPartOf":{"@id":"https:\/\/inclusivenews.com.br\/#website"},"primaryImageOfPage":{"@id":"https:\/\/inclusivenews.com.br\/?p=29988#primaryimage"},"image":{"@id":"https:\/\/inclusivenews.com.br\/?p=29988#primaryimage"},"thumbnailUrl":"http:\/\/inclusivenews.com.br\/wp-content\/uploads\/2011\/05\/congresso_nacional.jpg","datePublished":"2016-12-08T20:33:31+00:00","breadcrumb":{"@id":"https:\/\/inclusivenews.com.br\/?p=29988#breadcrumb"},"inLanguage":"pt-PT","potentialAction":[{"@type":"ReadAction","target":["https:\/\/inclusivenews.com.br\/?p=29988"]}]},{"@type":"ImageObject","inLanguage":"pt-PT","@id":"https:\/\/inclusivenews.com.br\/?p=29988#primaryimage","url":"","contentUrl":""},{"@type":"BreadcrumbList","@id":"https:\/\/inclusivenews.com.br\/?p=29988#breadcrumb","itemListElement":[{"@type":"ListItem","position":1,"name":"In\u00edcio","item":"https:\/\/inclusivenews.com.br\/"},{"@type":"ListItem","position":2,"name":"Pessoas com defici\u00eancia s\u00e3o duramente atingidas pela PEC da Previd\u00eancia"}]},{"@type":"WebSite","@id":"https:\/\/inclusivenews.com.br\/#website","url":"https:\/\/inclusivenews.com.br\/","name":"Inclusive News","description":"Inclusive News","publisher":{"@id":"https:\/\/inclusivenews.com.br\/#organization"},"potentialAction":[{"@type":"SearchAction","target":{"@type":"EntryPoint","urlTemplate":"https:\/\/inclusivenews.com.br\/?s={search_term_string}"},"query-input":{"@type":"PropertyValueSpecification","valueRequired":true,"valueName":"search_term_string"}}],"inLanguage":"pt-PT"},{"@type":"Organization","@id":"https:\/\/inclusivenews.com.br\/#organization","name":"Inclusive - inclus\u00e3o e cidadania","url":"https:\/\/inclusivenews.com.br\/","logo":{"@type":"ImageObject","inLanguage":"pt-PT","@id":"https:\/\/inclusivenews.com.br\/#\/schema\/logo\/image\/","url":"https:\/\/inclusivenews.com.br\/wp-content\/uploads\/2024\/03\/@grandesite.png","contentUrl":"https:\/\/inclusivenews.com.br\/wp-content\/uploads\/2024\/03\/@grandesite.png","width":1080,"height":1080,"caption":"Inclusive - inclus\u00e3o e cidadania"},"image":{"@id":"https:\/\/inclusivenews.com.br\/#\/schema\/logo\/image\/"},"sameAs":["https:\/\/www.facebook.com\/agenciainclusive\/","https:\/\/www.instagram.com\/newsinclusive\/"]},{"@type":"Person","@id":"https:\/\/inclusivenews.com.br\/#\/schema\/person\/ae4ec7087559b8692fb33b6fffd2273b","name":"inclusivenews2024","image":{"@type":"ImageObject","inLanguage":"pt-PT","@id":"https:\/\/secure.gravatar.com\/avatar\/c5a7ef84c66fa914f55bc4f7ce26cfa275a3b9a1c5568b907bd184fb4dde7b40?s=96&d=mm&r=g","url":"https:\/\/secure.gravatar.com\/avatar\/c5a7ef84c66fa914f55bc4f7ce26cfa275a3b9a1c5568b907bd184fb4dde7b40?s=96&d=mm&r=g","contentUrl":"https:\/\/secure.gravatar.com\/avatar\/c5a7ef84c66fa914f55bc4f7ce26cfa275a3b9a1c5568b907bd184fb4dde7b40?s=96&d=mm&r=g","caption":"inclusivenews2024"},"sameAs":["https:\/\/inclusivenews.com.br"],"url":"https:\/\/inclusivenews.com.br\/?author=1"}]}},"_links":{"self":[{"href":"https:\/\/inclusivenews.com.br\/index.php?rest_route=\/wp\/v2\/posts\/29988","targetHints":{"allow":["GET"]}}],"collection":[{"href":"https:\/\/inclusivenews.com.br\/index.php?rest_route=\/wp\/v2\/posts"}],"about":[{"href":"https:\/\/inclusivenews.com.br\/index.php?rest_route=\/wp\/v2\/types\/post"}],"author":[{"embeddable":true,"href":"https:\/\/inclusivenews.com.br\/index.php?rest_route=\/wp\/v2\/users\/1"}],"replies":[{"embeddable":true,"href":"https:\/\/inclusivenews.com.br\/index.php?rest_route=%2Fwp%2Fv2%2Fcomments&post=29988"}],"version-history":[{"count":0,"href":"https:\/\/inclusivenews.com.br\/index.php?rest_route=\/wp\/v2\/posts\/29988\/revisions"}],"wp:attachment":[{"href":"https:\/\/inclusivenews.com.br\/index.php?rest_route=%2Fwp%2Fv2%2Fmedia&parent=29988"}],"wp:term":[{"taxonomy":"category","embeddable":true,"href":"https:\/\/inclusivenews.com.br\/index.php?rest_route=%2Fwp%2Fv2%2Fcategories&post=29988"},{"taxonomy":"post_tag","embeddable":true,"href":"https:\/\/inclusivenews.com.br\/index.php?rest_route=%2Fwp%2Fv2%2Ftags&post=29988"}],"curies":[{"name":"wp","href":"https:\/\/api.w.org\/{rel}","templated":true}]}}