{"id":29995,"date":"2016-12-10T06:48:35","date_gmt":"2016-12-10T09:48:35","guid":{"rendered":"http:\/\/www.inclusive.org.br\/?p=29995"},"modified":"2016-12-10T06:48:35","modified_gmt":"2016-12-10T09:48:35","slug":"audiencia-publica-sobre-violencia-contra-mulheres-com-deficiencia","status":"publish","type":"post","link":"https:\/\/inclusivenews.com.br\/?p=29995","title":{"rendered":"Audi\u00eancia P\u00fablica sobre viol\u00eancia contra mulheres com defici\u00eancia"},"content":{"rendered":"<p><img loading=\"lazy\" decoding=\"async\" class=\"alignnone wp-image-29998\" src=\"http:\/\/inclusivenews.com.br\/wp-content\/uploads\/mulher2.jpg\" alt=\"mesa de debatedores da audiencia publica.\" width=\"396\" height=\"259\" \/><\/p>\n<p><img loading=\"lazy\" decoding=\"async\" class=\"alignnone wp-image-29997\" src=\"http:\/\/inclusivenews.com.br\/wp-content\/uploads\/mulher.jpg\" alt=\"mulheres em cadeiras de rodas na sala da comissao.\" width=\"395\" height=\"259\" \/><\/p>\n<p>A deputada federal Rosinha da Adefal (PTdoB\/AL) presidiu nesta quinta-feira (8) audi\u00eancia p\u00fablica realizada pela Comiss\u00e3o de Defesa dos Direitos da Pessoa com Defici\u00eancia da C\u00e2mara dos Deputados. A reuni\u00e3o tratou sobre a m\u00faltipla vulnerabilidade da Mulher com Defici\u00eancia diante de situa\u00e7\u00f5es de abuso e viol\u00eancia dom\u00e9stica. O encontro foi um dos debates propostos pela parlamentar para celebrar as comemora\u00e7\u00f5es do dia Internacional das Pessoas com Defici\u00eancia, comemorado em 3 de dezembro, com o objetivo de promover uma maior compreens\u00e3o dos assuntos concernentes \u00e0 defici\u00eancia e para mobilizar a defesa da dignidade, dos direitos e o bem-estar das pessoas.<\/p>\n<p>\u201cNo Brasil, cinco mulheres s\u00e3o violentadas a cada hora. Por\u00e9m, n\u00e3o existe dado oficial sobre quantas delas s\u00e3o mulheres com defici\u00eancia. Estima-se que a taxa de abuso sexual e f\u00edsico entre mulheres com defici\u00eancia chega a ser duas vezes maior que entre as mulheres sem defici\u00eancia\u201d, elucidou a deputada Rosinha.<\/p>\n<p>\u201cEssas mulheres enfrentam a grande dificuldade de notificar o abuso sofrido, primeiramente, por, muitas vezes, depender do aux\u00edlio e do cuidado de seus agressores. Depois, por enfrentar barreiras f\u00edsicas, de acessibilidade, financeiras ou at\u00e9 de comunica\u00e7\u00e3o\u201d.<\/p>\n<p>Para combater essa realidade, \u00e9 necess\u00e1rio modificar a vis\u00e3o do poder p\u00fablico e retirar essas mulheres da invisibilidade. Foi essa s\u00edntese da fala das participantes da audi\u00eancia, que contou com a presen\u00e7a da Coordenadora Geral do Sistema de Informa\u00e7\u00e3o da Pessoa com Defici\u00eancia, Carolina Gomes; das dirigentes e fundadoras da ONG Essas Mulheres, Marcia Gori e Adriana Dias; e da secret\u00e1ria adjunta da Secretaria de enfrentamento \u00e0 viol\u00eancia contra a mulher, Bet\u00e2nia de Assis. \u201c\u00c9 preciso reconhecer a exist\u00eancia e a recorr\u00eancia desse tipo de abuso e construir pol\u00edticas p\u00fablicas para evit\u00e1-los e cess\u00e1-los\u201d, defendeu Rosinha da Adefal.<\/p>\n<p>Segundo as palestrantes, diferentemente do que ocorre na viol\u00eancia dom\u00e9stica e nas agress\u00f5es \u00e0s mulheres sem defici\u00eancia &#8211; em que a depend\u00eancia financeira e emocional s\u00e3o os principais motivos pelos quais as mulheres desistem de denunciar seus agressores &#8211; nas viol\u00eancias contra mulheres com defici\u00eancia, a quest\u00e3o da depend\u00eancia f\u00edsica e do cuidado \u00e9 o principal motivo da desist\u00eancia.<\/p>\n<p>\u201cComo a pessoa vai denunciar o pr\u00f3prio cuidador? Se fizer isso, quem vai medic\u00e1-la, banh\u00e1-la, cuidar dessa mulher depois da den\u00fancia? E para onde ela vai, se for retirada da situa\u00e7\u00e3o de abuso? Para um abrigo sem acessibilidade, sem um cuidador dispon\u00edvel? \u201d, indagou a ativista Adriana Dias. Segundo Adriana \u00e9 necess\u00e1ria uma modifica\u00e7\u00e3o das pol\u00edticas p\u00fablicas, e a cria\u00e7\u00e3o de uma pol\u00edtica nacional de cuidadores, que preveja o atendimento p\u00fablico \u00e0s mulheres com defici\u00eancia em situa\u00e7\u00e3o de viol\u00eancia.<\/p>\n<p>Para Marcia Gori, a mulher com defici\u00eancia, que sofre viol\u00eancia, n\u00e3o possui a rede de cuidados dispon\u00edveis que a mulher sem defici\u00eancia possui. \u201cQuase a totalidade das mulheres com defici\u00eancia intelectual sofrem ou j\u00e1 sofreram abusos em suas vidas, e a sociedade nem sabe desse fato. Precisamos enxergar essas mulheres\u201d, defendeu.<\/p>\n<p>Assista a audi\u00eancia p\u00fablica convocada pela Deputada Rosinha da Adefal na Comiss\u00e3o da Defesa dos Direitos das Mulheres da C\u00e2mara dos Deputados, para discutir o tema da viol\u00eancia contra as mulheres com defici\u00eancia, no dia 8\/12\/2016 .<\/p>\n<p>&nbsp;<\/p>\n<p><iframe loading=\"lazy\" title=\"DEFESA DOS DIREITOS DA MULHER - Audi\u00eancia P\u00fablica - 08\/12\/2016 - 11:04\" width=\"500\" height=\"281\" src=\"https:\/\/www.youtube.com\/embed\/wc_ey5OwgPc?list=PLitz1J-q25kOxTqKfDb9vCs_5VNmw2Jkl\" frameborder=\"0\" allow=\"accelerometer; autoplay; clipboard-write; encrypted-media; gyroscope; picture-in-picture; web-share\" referrerpolicy=\"strict-origin-when-cross-origin\" allowfullscreen><\/iframe><\/p>\n<p>Fonte: C\u00e2mara dos Deputados<\/p>\n","protected":false},"excerpt":{"rendered":"<p>A deputada federal Rosinha da Adefal (PTdoB\/AL) presidiu nesta quinta-feira (8) audi\u00eancia p\u00fablica realizada pela Comiss\u00e3o de Defesa dos Direitos da Pessoa com Defici\u00eancia da C\u00e2mara dos Deputados. A reuni\u00e3o tratou sobre a m\u00faltipla vulnerabilidade da Mulher com Defici\u00eancia diante de situa\u00e7\u00f5es de abuso e viol\u00eancia dom\u00e9stica. O encontro foi um dos debates propostos pela [&hellip;]<\/p>\n","protected":false},"author":1,"featured_media":0,"comment_status":"open","ping_status":"open","sticky":false,"template":"","format":"standard","meta":{"site-container-style":"default","site-container-layout":"default","site-sidebar-layout":"default","disable-article-header":"default","disable-site-header":"default","disable-site-footer":"default","disable-content-area-spacing":"default","footnotes":""},"categories":[38,11,48,49],"tags":[],"class_list":["post-29995","post","type-post","status-publish","format-standard","hentry","category-deficiencia","category-direitos-humanos","category-inclusao","category-politicas-publicas"],"yoast_head":"<!-- This site is optimized with the Yoast SEO plugin v27.4 - https:\/\/yoast.com\/product\/yoast-seo-wordpress\/ -->\n<title>Audi\u00eancia P\u00fablica sobre viol\u00eancia contra mulheres com defici\u00eancia -<\/title>\n<meta name=\"robots\" content=\"index, follow, max-snippet:-1, max-image-preview:large, max-video-preview:-1\" \/>\n<link rel=\"canonical\" href=\"https:\/\/inclusivenews.com.br\/?p=29995\" \/>\n<meta property=\"og:locale\" content=\"pt_PT\" \/>\n<meta property=\"og:type\" content=\"article\" \/>\n<meta property=\"og:title\" content=\"Audi\u00eancia P\u00fablica sobre viol\u00eancia contra mulheres com defici\u00eancia -\" \/>\n<meta property=\"og:description\" content=\"A deputada federal Rosinha da Adefal (PTdoB\/AL) presidiu nesta quinta-feira (8) audi\u00eancia p\u00fablica realizada pela Comiss\u00e3o de Defesa dos Direitos da Pessoa com Defici\u00eancia da C\u00e2mara dos Deputados. A reuni\u00e3o tratou sobre a m\u00faltipla vulnerabilidade da Mulher com Defici\u00eancia diante de situa\u00e7\u00f5es de abuso e viol\u00eancia dom\u00e9stica. O encontro foi um dos debates propostos pela [&hellip;]\" \/>\n<meta property=\"og:url\" content=\"https:\/\/inclusivenews.com.br\/?p=29995\" \/>\n<meta property=\"article:publisher\" content=\"https:\/\/www.facebook.com\/agenciainclusive\/\" \/>\n<meta property=\"article:published_time\" content=\"2016-12-10T09:48:35+00:00\" \/>\n<meta property=\"og:image\" content=\"http:\/\/inclusivenews.com.br\/wp-content\/uploads\/mulher2.jpg\" \/>\n<meta name=\"author\" content=\"inclusivenews2024\" \/>\n<meta name=\"twitter:card\" content=\"summary_large_image\" \/>\n<meta name=\"twitter:label1\" content=\"Escrito por\" \/>\n\t<meta name=\"twitter:data1\" content=\"inclusivenews2024\" \/>\n\t<meta name=\"twitter:label2\" content=\"Tempo estimado de leitura\" \/>\n\t<meta name=\"twitter:data2\" content=\"3 minutos\" \/>\n<script type=\"application\/ld+json\" class=\"yoast-schema-graph\">{\"@context\":\"https:\\\/\\\/schema.org\",\"@graph\":[{\"@type\":\"Article\",\"@id\":\"https:\\\/\\\/inclusivenews.com.br\\\/?p=29995#article\",\"isPartOf\":{\"@id\":\"https:\\\/\\\/inclusivenews.com.br\\\/?p=29995\"},\"author\":{\"name\":\"inclusivenews2024\",\"@id\":\"https:\\\/\\\/inclusivenews.com.br\\\/#\\\/schema\\\/person\\\/ae4ec7087559b8692fb33b6fffd2273b\"},\"headline\":\"Audi\u00eancia P\u00fablica sobre viol\u00eancia contra mulheres com defici\u00eancia\",\"datePublished\":\"2016-12-10T09:48:35+00:00\",\"mainEntityOfPage\":{\"@id\":\"https:\\\/\\\/inclusivenews.com.br\\\/?p=29995\"},\"wordCount\":617,\"commentCount\":0,\"publisher\":{\"@id\":\"https:\\\/\\\/inclusivenews.com.br\\\/#organization\"},\"image\":{\"@id\":\"https:\\\/\\\/inclusivenews.com.br\\\/?p=29995#primaryimage\"},\"thumbnailUrl\":\"http:\\\/\\\/inclusivenews.com.br\\\/wp-content\\\/uploads\\\/mulher2.jpg\",\"articleSection\":[\"Defici\u00eancia\",\"DIREITOS HUMANOS\",\"INCLUS\u00c3O SOCIAL\",\"Pol\u00edticas p\u00fablicas\"],\"inLanguage\":\"pt-PT\",\"potentialAction\":[{\"@type\":\"CommentAction\",\"name\":\"Comment\",\"target\":[\"https:\\\/\\\/inclusivenews.com.br\\\/?p=29995#respond\"]}]},{\"@type\":\"WebPage\",\"@id\":\"https:\\\/\\\/inclusivenews.com.br\\\/?p=29995\",\"url\":\"https:\\\/\\\/inclusivenews.com.br\\\/?p=29995\",\"name\":\"Audi\u00eancia P\u00fablica sobre viol\u00eancia contra mulheres com defici\u00eancia -\",\"isPartOf\":{\"@id\":\"https:\\\/\\\/inclusivenews.com.br\\\/#website\"},\"primaryImageOfPage\":{\"@id\":\"https:\\\/\\\/inclusivenews.com.br\\\/?p=29995#primaryimage\"},\"image\":{\"@id\":\"https:\\\/\\\/inclusivenews.com.br\\\/?p=29995#primaryimage\"},\"thumbnailUrl\":\"http:\\\/\\\/inclusivenews.com.br\\\/wp-content\\\/uploads\\\/mulher2.jpg\",\"datePublished\":\"2016-12-10T09:48:35+00:00\",\"breadcrumb\":{\"@id\":\"https:\\\/\\\/inclusivenews.com.br\\\/?p=29995#breadcrumb\"},\"inLanguage\":\"pt-PT\",\"potentialAction\":[{\"@type\":\"ReadAction\",\"target\":[\"https:\\\/\\\/inclusivenews.com.br\\\/?p=29995\"]}]},{\"@type\":\"ImageObject\",\"inLanguage\":\"pt-PT\",\"@id\":\"https:\\\/\\\/inclusivenews.com.br\\\/?p=29995#primaryimage\",\"url\":\"\",\"contentUrl\":\"\"},{\"@type\":\"BreadcrumbList\",\"@id\":\"https:\\\/\\\/inclusivenews.com.br\\\/?p=29995#breadcrumb\",\"itemListElement\":[{\"@type\":\"ListItem\",\"position\":1,\"name\":\"In\u00edcio\",\"item\":\"https:\\\/\\\/inclusivenews.com.br\\\/\"},{\"@type\":\"ListItem\",\"position\":2,\"name\":\"Audi\u00eancia P\u00fablica sobre viol\u00eancia contra mulheres com defici\u00eancia\"}]},{\"@type\":\"WebSite\",\"@id\":\"https:\\\/\\\/inclusivenews.com.br\\\/#website\",\"url\":\"https:\\\/\\\/inclusivenews.com.br\\\/\",\"name\":\"Inclusive News\",\"description\":\"Inclusive News\",\"publisher\":{\"@id\":\"https:\\\/\\\/inclusivenews.com.br\\\/#organization\"},\"potentialAction\":[{\"@type\":\"SearchAction\",\"target\":{\"@type\":\"EntryPoint\",\"urlTemplate\":\"https:\\\/\\\/inclusivenews.com.br\\\/?s={search_term_string}\"},\"query-input\":{\"@type\":\"PropertyValueSpecification\",\"valueRequired\":true,\"valueName\":\"search_term_string\"}}],\"inLanguage\":\"pt-PT\"},{\"@type\":\"Organization\",\"@id\":\"https:\\\/\\\/inclusivenews.com.br\\\/#organization\",\"name\":\"Inclusive - inclus\u00e3o e cidadania\",\"url\":\"https:\\\/\\\/inclusivenews.com.br\\\/\",\"logo\":{\"@type\":\"ImageObject\",\"inLanguage\":\"pt-PT\",\"@id\":\"https:\\\/\\\/inclusivenews.com.br\\\/#\\\/schema\\\/logo\\\/image\\\/\",\"url\":\"https:\\\/\\\/inclusivenews.com.br\\\/wp-content\\\/uploads\\\/2024\\\/03\\\/@grandesite.png\",\"contentUrl\":\"https:\\\/\\\/inclusivenews.com.br\\\/wp-content\\\/uploads\\\/2024\\\/03\\\/@grandesite.png\",\"width\":1080,\"height\":1080,\"caption\":\"Inclusive - inclus\u00e3o e cidadania\"},\"image\":{\"@id\":\"https:\\\/\\\/inclusivenews.com.br\\\/#\\\/schema\\\/logo\\\/image\\\/\"},\"sameAs\":[\"https:\\\/\\\/www.facebook.com\\\/agenciainclusive\\\/\",\"https:\\\/\\\/www.instagram.com\\\/newsinclusive\\\/\"]},{\"@type\":\"Person\",\"@id\":\"https:\\\/\\\/inclusivenews.com.br\\\/#\\\/schema\\\/person\\\/ae4ec7087559b8692fb33b6fffd2273b\",\"name\":\"inclusivenews2024\",\"image\":{\"@type\":\"ImageObject\",\"inLanguage\":\"pt-PT\",\"@id\":\"https:\\\/\\\/secure.gravatar.com\\\/avatar\\\/c5a7ef84c66fa914f55bc4f7ce26cfa275a3b9a1c5568b907bd184fb4dde7b40?s=96&d=mm&r=g\",\"url\":\"https:\\\/\\\/secure.gravatar.com\\\/avatar\\\/c5a7ef84c66fa914f55bc4f7ce26cfa275a3b9a1c5568b907bd184fb4dde7b40?s=96&d=mm&r=g\",\"contentUrl\":\"https:\\\/\\\/secure.gravatar.com\\\/avatar\\\/c5a7ef84c66fa914f55bc4f7ce26cfa275a3b9a1c5568b907bd184fb4dde7b40?s=96&d=mm&r=g\",\"caption\":\"inclusivenews2024\"},\"sameAs\":[\"https:\\\/\\\/inclusivenews.com.br\"],\"url\":\"https:\\\/\\\/inclusivenews.com.br\\\/?author=1\"}]}<\/script>\n<!-- \/ Yoast SEO plugin. -->","yoast_head_json":{"title":"Audi\u00eancia P\u00fablica sobre viol\u00eancia contra mulheres com defici\u00eancia -","robots":{"index":"index","follow":"follow","max-snippet":"max-snippet:-1","max-image-preview":"max-image-preview:large","max-video-preview":"max-video-preview:-1"},"canonical":"https:\/\/inclusivenews.com.br\/?p=29995","og_locale":"pt_PT","og_type":"article","og_title":"Audi\u00eancia P\u00fablica sobre viol\u00eancia contra mulheres com defici\u00eancia -","og_description":"A deputada federal Rosinha da Adefal (PTdoB\/AL) presidiu nesta quinta-feira (8) audi\u00eancia p\u00fablica realizada pela Comiss\u00e3o de Defesa dos Direitos da Pessoa com Defici\u00eancia da C\u00e2mara dos Deputados. A reuni\u00e3o tratou sobre a m\u00faltipla vulnerabilidade da Mulher com Defici\u00eancia diante de situa\u00e7\u00f5es de abuso e viol\u00eancia dom\u00e9stica. O encontro foi um dos debates propostos pela [&hellip;]","og_url":"https:\/\/inclusivenews.com.br\/?p=29995","article_publisher":"https:\/\/www.facebook.com\/agenciainclusive\/","article_published_time":"2016-12-10T09:48:35+00:00","og_image":[{"url":"http:\/\/inclusivenews.com.br\/wp-content\/uploads\/mulher2.jpg","type":"","width":"","height":""}],"author":"inclusivenews2024","twitter_card":"summary_large_image","twitter_misc":{"Escrito por":"inclusivenews2024","Tempo estimado de leitura":"3 minutos"},"schema":{"@context":"https:\/\/schema.org","@graph":[{"@type":"Article","@id":"https:\/\/inclusivenews.com.br\/?p=29995#article","isPartOf":{"@id":"https:\/\/inclusivenews.com.br\/?p=29995"},"author":{"name":"inclusivenews2024","@id":"https:\/\/inclusivenews.com.br\/#\/schema\/person\/ae4ec7087559b8692fb33b6fffd2273b"},"headline":"Audi\u00eancia P\u00fablica sobre viol\u00eancia contra mulheres com defici\u00eancia","datePublished":"2016-12-10T09:48:35+00:00","mainEntityOfPage":{"@id":"https:\/\/inclusivenews.com.br\/?p=29995"},"wordCount":617,"commentCount":0,"publisher":{"@id":"https:\/\/inclusivenews.com.br\/#organization"},"image":{"@id":"https:\/\/inclusivenews.com.br\/?p=29995#primaryimage"},"thumbnailUrl":"http:\/\/inclusivenews.com.br\/wp-content\/uploads\/mulher2.jpg","articleSection":["Defici\u00eancia","DIREITOS HUMANOS","INCLUS\u00c3O SOCIAL","Pol\u00edticas p\u00fablicas"],"inLanguage":"pt-PT","potentialAction":[{"@type":"CommentAction","name":"Comment","target":["https:\/\/inclusivenews.com.br\/?p=29995#respond"]}]},{"@type":"WebPage","@id":"https:\/\/inclusivenews.com.br\/?p=29995","url":"https:\/\/inclusivenews.com.br\/?p=29995","name":"Audi\u00eancia P\u00fablica sobre viol\u00eancia contra mulheres com defici\u00eancia -","isPartOf":{"@id":"https:\/\/inclusivenews.com.br\/#website"},"primaryImageOfPage":{"@id":"https:\/\/inclusivenews.com.br\/?p=29995#primaryimage"},"image":{"@id":"https:\/\/inclusivenews.com.br\/?p=29995#primaryimage"},"thumbnailUrl":"http:\/\/inclusivenews.com.br\/wp-content\/uploads\/mulher2.jpg","datePublished":"2016-12-10T09:48:35+00:00","breadcrumb":{"@id":"https:\/\/inclusivenews.com.br\/?p=29995#breadcrumb"},"inLanguage":"pt-PT","potentialAction":[{"@type":"ReadAction","target":["https:\/\/inclusivenews.com.br\/?p=29995"]}]},{"@type":"ImageObject","inLanguage":"pt-PT","@id":"https:\/\/inclusivenews.com.br\/?p=29995#primaryimage","url":"","contentUrl":""},{"@type":"BreadcrumbList","@id":"https:\/\/inclusivenews.com.br\/?p=29995#breadcrumb","itemListElement":[{"@type":"ListItem","position":1,"name":"In\u00edcio","item":"https:\/\/inclusivenews.com.br\/"},{"@type":"ListItem","position":2,"name":"Audi\u00eancia P\u00fablica sobre viol\u00eancia contra mulheres com defici\u00eancia"}]},{"@type":"WebSite","@id":"https:\/\/inclusivenews.com.br\/#website","url":"https:\/\/inclusivenews.com.br\/","name":"Inclusive News","description":"Inclusive News","publisher":{"@id":"https:\/\/inclusivenews.com.br\/#organization"},"potentialAction":[{"@type":"SearchAction","target":{"@type":"EntryPoint","urlTemplate":"https:\/\/inclusivenews.com.br\/?s={search_term_string}"},"query-input":{"@type":"PropertyValueSpecification","valueRequired":true,"valueName":"search_term_string"}}],"inLanguage":"pt-PT"},{"@type":"Organization","@id":"https:\/\/inclusivenews.com.br\/#organization","name":"Inclusive - inclus\u00e3o e cidadania","url":"https:\/\/inclusivenews.com.br\/","logo":{"@type":"ImageObject","inLanguage":"pt-PT","@id":"https:\/\/inclusivenews.com.br\/#\/schema\/logo\/image\/","url":"https:\/\/inclusivenews.com.br\/wp-content\/uploads\/2024\/03\/@grandesite.png","contentUrl":"https:\/\/inclusivenews.com.br\/wp-content\/uploads\/2024\/03\/@grandesite.png","width":1080,"height":1080,"caption":"Inclusive - inclus\u00e3o e cidadania"},"image":{"@id":"https:\/\/inclusivenews.com.br\/#\/schema\/logo\/image\/"},"sameAs":["https:\/\/www.facebook.com\/agenciainclusive\/","https:\/\/www.instagram.com\/newsinclusive\/"]},{"@type":"Person","@id":"https:\/\/inclusivenews.com.br\/#\/schema\/person\/ae4ec7087559b8692fb33b6fffd2273b","name":"inclusivenews2024","image":{"@type":"ImageObject","inLanguage":"pt-PT","@id":"https:\/\/secure.gravatar.com\/avatar\/c5a7ef84c66fa914f55bc4f7ce26cfa275a3b9a1c5568b907bd184fb4dde7b40?s=96&d=mm&r=g","url":"https:\/\/secure.gravatar.com\/avatar\/c5a7ef84c66fa914f55bc4f7ce26cfa275a3b9a1c5568b907bd184fb4dde7b40?s=96&d=mm&r=g","contentUrl":"https:\/\/secure.gravatar.com\/avatar\/c5a7ef84c66fa914f55bc4f7ce26cfa275a3b9a1c5568b907bd184fb4dde7b40?s=96&d=mm&r=g","caption":"inclusivenews2024"},"sameAs":["https:\/\/inclusivenews.com.br"],"url":"https:\/\/inclusivenews.com.br\/?author=1"}]}},"_links":{"self":[{"href":"https:\/\/inclusivenews.com.br\/index.php?rest_route=\/wp\/v2\/posts\/29995","targetHints":{"allow":["GET"]}}],"collection":[{"href":"https:\/\/inclusivenews.com.br\/index.php?rest_route=\/wp\/v2\/posts"}],"about":[{"href":"https:\/\/inclusivenews.com.br\/index.php?rest_route=\/wp\/v2\/types\/post"}],"author":[{"embeddable":true,"href":"https:\/\/inclusivenews.com.br\/index.php?rest_route=\/wp\/v2\/users\/1"}],"replies":[{"embeddable":true,"href":"https:\/\/inclusivenews.com.br\/index.php?rest_route=%2Fwp%2Fv2%2Fcomments&post=29995"}],"version-history":[{"count":0,"href":"https:\/\/inclusivenews.com.br\/index.php?rest_route=\/wp\/v2\/posts\/29995\/revisions"}],"wp:attachment":[{"href":"https:\/\/inclusivenews.com.br\/index.php?rest_route=%2Fwp%2Fv2%2Fmedia&parent=29995"}],"wp:term":[{"taxonomy":"category","embeddable":true,"href":"https:\/\/inclusivenews.com.br\/index.php?rest_route=%2Fwp%2Fv2%2Fcategories&post=29995"},{"taxonomy":"post_tag","embeddable":true,"href":"https:\/\/inclusivenews.com.br\/index.php?rest_route=%2Fwp%2Fv2%2Ftags&post=29995"}],"curies":[{"name":"wp","href":"https:\/\/api.w.org\/{rel}","templated":true}]}}