{"id":30056,"date":"2017-01-08T21:44:52","date_gmt":"2017-01-09T00:44:52","guid":{"rendered":"http:\/\/www.inclusive.org.br\/?p=30056"},"modified":"2017-01-08T21:44:52","modified_gmt":"2017-01-09T00:44:52","slug":"curso-de-capacitacao-em-sexualidade-e-diversidade-funcionalpessoas-com-deficiencia","status":"publish","type":"post","link":"https:\/\/inclusivenews.com.br\/?p=30056","title":{"rendered":"Curso de Capacita\u00e7\u00e3o em Sexualidade e Diversidade Funcional\/Pessoas com Defici\u00eancia"},"content":{"rendered":"<p><strong><img loading=\"lazy\" decoding=\"async\" class=\"alignnone wp-image-30057\" src=\"http:\/\/inclusivenews.com.br\/wp-content\/uploads\/curso.jpg\" alt=\"varias pessoas deitadas no chao, umas sobre as outras - detalhes do crurso, em espanhol.\" width=\"507\" height=\"380\" \/><\/strong><\/p>\n<p><strong>Curso de Capacita\u00e7\u00e3o em Sexualidade e Diversidade Funcional\/Pessoas com Defici\u00eancia<\/strong>\u00a0que acontecer\u00e1 nos dias 6, 7 e 8 de abril, e 16, 17 e 18 de novembro de 2017 em Buenos Aires.<\/p>\n<p>\u00c9 um tema pouco trabalhado, pois pessoas com defici\u00eancia\u00a0s\u00e3o tratadas como se assexuadas fossem e, na maioria das vezes, por profissionais que desconhecem o assunto.<\/p>\n<p>Maria Elena Villa Abrille, uma das professoras, \u00e9 Embaixadora da Paz pela UNESCO pelo trabalho com Sexualidade que faz nesta \u00e1rea h\u00e1 mais de 30 anos.<\/p>\n<p>Silvina Peirano, tamb\u00e9m professora do curso, \u00e9 refer\u00eancia internacional no assunto.<\/p>\n<p>&nbsp;<\/p>\n<p>Nota: grupos tem desconto.<\/p>\n<p>Mais informa\u00e7\u00f5es:<\/p>\n<p><a href=\"https:\/\/docs.google.com\/document\/d\/1x7hzy6Umt5n45zN4I4HaCPlXK4dzimXl88BHzfuJJcw\/edit?usp=sharing\" data-saferedirecturl=\"https:\/\/www.google.com\/url?hl=pt-BR&amp;q=https:\/\/docs.google.com\/document\/d\/1x7hzy6Umt5n45zN4I4HaCPlXK4dzimXl88BHzfuJJcw\/edit?usp%3Dsharing&amp;source=gmail&amp;ust=1484003966457000&amp;usg=AFQjCNHE0eNbVqMah0YI0DvdCwZNSQbULw\">https:\/\/docs.google.com\/document\/d\/1x7hzy6Umt5n45zN4I4HaCPlXK4dzimXl88BHzfuJJcw\/edit?usp=sharing<\/a><\/p>\n","protected":false},"excerpt":{"rendered":"<p>Curso de Capacita\u00e7\u00e3o em Sexualidade e Diversidade Funcional\/Pessoas com Defici\u00eancia\u00a0que acontecer\u00e1 nos dias 6, 7 e 8 de abril, e 16, 17 e 18 de novembro de 2017 em Buenos Aires. \u00c9 um tema pouco trabalhado, pois pessoas com defici\u00eancia\u00a0s\u00e3o tratadas como se assexuadas fossem e, na maioria das vezes, por profissionais que desconhecem o [&hellip;]<\/p>\n","protected":false},"author":1,"featured_media":0,"comment_status":"open","ping_status":"open","sticky":false,"template":"","format":"standard","meta":{"site-container-style":"default","site-container-layout":"default","site-sidebar-layout":"default","disable-article-header":"default","disable-site-header":"default","disable-site-footer":"default","disable-content-area-spacing":"default","footnotes":""},"categories":[38,11,40,48],"tags":[],"class_list":["post-30056","post","type-post","status-publish","format-standard","hentry","category-deficiencia","category-direitos-humanos","category-diversidade","category-inclusao"],"yoast_head":"<!-- This site is optimized with the Yoast SEO plugin v27.4 - https:\/\/yoast.com\/product\/yoast-seo-wordpress\/ -->\n<title>Curso de Capacita\u00e7\u00e3o em Sexualidade e Diversidade Funcional\/Pessoas com Defici\u00eancia -<\/title>\n<meta name=\"robots\" content=\"index, follow, max-snippet:-1, max-image-preview:large, max-video-preview:-1\" \/>\n<link rel=\"canonical\" href=\"https:\/\/inclusivenews.com.br\/?p=30056\" \/>\n<meta property=\"og:locale\" content=\"pt_PT\" \/>\n<meta property=\"og:type\" content=\"article\" \/>\n<meta property=\"og:title\" content=\"Curso de Capacita\u00e7\u00e3o em Sexualidade e Diversidade Funcional\/Pessoas com Defici\u00eancia -\" \/>\n<meta property=\"og:description\" content=\"Curso de Capacita\u00e7\u00e3o em Sexualidade e Diversidade Funcional\/Pessoas com Defici\u00eancia\u00a0que acontecer\u00e1 nos dias 6, 7 e 8 de abril, e 16, 17 e 18 de novembro de 2017 em Buenos Aires. \u00c9 um tema pouco trabalhado, pois pessoas com defici\u00eancia\u00a0s\u00e3o tratadas como se assexuadas fossem e, na maioria das vezes, por profissionais que desconhecem o [&hellip;]\" \/>\n<meta property=\"og:url\" content=\"https:\/\/inclusivenews.com.br\/?p=30056\" \/>\n<meta property=\"article:publisher\" content=\"https:\/\/www.facebook.com\/agenciainclusive\/\" \/>\n<meta property=\"article:published_time\" content=\"2017-01-09T00:44:52+00:00\" \/>\n<meta property=\"og:image\" content=\"http:\/\/inclusivenews.com.br\/wp-content\/uploads\/curso.jpg\" \/>\n<meta name=\"author\" content=\"inclusivenews2024\" \/>\n<meta name=\"twitter:card\" content=\"summary_large_image\" \/>\n<meta name=\"twitter:label1\" content=\"Escrito por\" \/>\n\t<meta name=\"twitter:data1\" content=\"inclusivenews2024\" \/>\n\t<meta name=\"twitter:label2\" content=\"Tempo estimado de leitura\" \/>\n\t<meta name=\"twitter:data2\" content=\"1 minuto\" \/>\n<script type=\"application\/ld+json\" class=\"yoast-schema-graph\">{\"@context\":\"https:\\\/\\\/schema.org\",\"@graph\":[{\"@type\":\"Article\",\"@id\":\"https:\\\/\\\/inclusivenews.com.br\\\/?p=30056#article\",\"isPartOf\":{\"@id\":\"https:\\\/\\\/inclusivenews.com.br\\\/?p=30056\"},\"author\":{\"name\":\"inclusivenews2024\",\"@id\":\"https:\\\/\\\/inclusivenews.com.br\\\/#\\\/schema\\\/person\\\/ae4ec7087559b8692fb33b6fffd2273b\"},\"headline\":\"Curso de Capacita\u00e7\u00e3o em Sexualidade e Diversidade Funcional\\\/Pessoas com Defici\u00eancia\",\"datePublished\":\"2017-01-09T00:44:52+00:00\",\"mainEntityOfPage\":{\"@id\":\"https:\\\/\\\/inclusivenews.com.br\\\/?p=30056\"},\"wordCount\":130,\"commentCount\":0,\"publisher\":{\"@id\":\"https:\\\/\\\/inclusivenews.com.br\\\/#organization\"},\"image\":{\"@id\":\"https:\\\/\\\/inclusivenews.com.br\\\/?p=30056#primaryimage\"},\"thumbnailUrl\":\"http:\\\/\\\/inclusivenews.com.br\\\/wp-content\\\/uploads\\\/curso.jpg\",\"articleSection\":[\"Defici\u00eancia\",\"DIREITOS HUMANOS\",\"Diversidade\",\"INCLUS\u00c3O SOCIAL\"],\"inLanguage\":\"pt-PT\",\"potentialAction\":[{\"@type\":\"CommentAction\",\"name\":\"Comment\",\"target\":[\"https:\\\/\\\/inclusivenews.com.br\\\/?p=30056#respond\"]}]},{\"@type\":\"WebPage\",\"@id\":\"https:\\\/\\\/inclusivenews.com.br\\\/?p=30056\",\"url\":\"https:\\\/\\\/inclusivenews.com.br\\\/?p=30056\",\"name\":\"Curso de Capacita\u00e7\u00e3o em Sexualidade e Diversidade Funcional\\\/Pessoas com Defici\u00eancia -\",\"isPartOf\":{\"@id\":\"https:\\\/\\\/inclusivenews.com.br\\\/#website\"},\"primaryImageOfPage\":{\"@id\":\"https:\\\/\\\/inclusivenews.com.br\\\/?p=30056#primaryimage\"},\"image\":{\"@id\":\"https:\\\/\\\/inclusivenews.com.br\\\/?p=30056#primaryimage\"},\"thumbnailUrl\":\"http:\\\/\\\/inclusivenews.com.br\\\/wp-content\\\/uploads\\\/curso.jpg\",\"datePublished\":\"2017-01-09T00:44:52+00:00\",\"breadcrumb\":{\"@id\":\"https:\\\/\\\/inclusivenews.com.br\\\/?p=30056#breadcrumb\"},\"inLanguage\":\"pt-PT\",\"potentialAction\":[{\"@type\":\"ReadAction\",\"target\":[\"https:\\\/\\\/inclusivenews.com.br\\\/?p=30056\"]}]},{\"@type\":\"ImageObject\",\"inLanguage\":\"pt-PT\",\"@id\":\"https:\\\/\\\/inclusivenews.com.br\\\/?p=30056#primaryimage\",\"url\":\"\",\"contentUrl\":\"\"},{\"@type\":\"BreadcrumbList\",\"@id\":\"https:\\\/\\\/inclusivenews.com.br\\\/?p=30056#breadcrumb\",\"itemListElement\":[{\"@type\":\"ListItem\",\"position\":1,\"name\":\"In\u00edcio\",\"item\":\"https:\\\/\\\/inclusivenews.com.br\\\/\"},{\"@type\":\"ListItem\",\"position\":2,\"name\":\"Curso de Capacita\u00e7\u00e3o em Sexualidade e Diversidade Funcional\\\/Pessoas com Defici\u00eancia\"}]},{\"@type\":\"WebSite\",\"@id\":\"https:\\\/\\\/inclusivenews.com.br\\\/#website\",\"url\":\"https:\\\/\\\/inclusivenews.com.br\\\/\",\"name\":\"Inclusive News\",\"description\":\"Inclusive News\",\"publisher\":{\"@id\":\"https:\\\/\\\/inclusivenews.com.br\\\/#organization\"},\"potentialAction\":[{\"@type\":\"SearchAction\",\"target\":{\"@type\":\"EntryPoint\",\"urlTemplate\":\"https:\\\/\\\/inclusivenews.com.br\\\/?s={search_term_string}\"},\"query-input\":{\"@type\":\"PropertyValueSpecification\",\"valueRequired\":true,\"valueName\":\"search_term_string\"}}],\"inLanguage\":\"pt-PT\"},{\"@type\":\"Organization\",\"@id\":\"https:\\\/\\\/inclusivenews.com.br\\\/#organization\",\"name\":\"Inclusive - inclus\u00e3o e cidadania\",\"url\":\"https:\\\/\\\/inclusivenews.com.br\\\/\",\"logo\":{\"@type\":\"ImageObject\",\"inLanguage\":\"pt-PT\",\"@id\":\"https:\\\/\\\/inclusivenews.com.br\\\/#\\\/schema\\\/logo\\\/image\\\/\",\"url\":\"https:\\\/\\\/inclusivenews.com.br\\\/wp-content\\\/uploads\\\/2024\\\/03\\\/@grandesite.png\",\"contentUrl\":\"https:\\\/\\\/inclusivenews.com.br\\\/wp-content\\\/uploads\\\/2024\\\/03\\\/@grandesite.png\",\"width\":1080,\"height\":1080,\"caption\":\"Inclusive - inclus\u00e3o e cidadania\"},\"image\":{\"@id\":\"https:\\\/\\\/inclusivenews.com.br\\\/#\\\/schema\\\/logo\\\/image\\\/\"},\"sameAs\":[\"https:\\\/\\\/www.facebook.com\\\/agenciainclusive\\\/\",\"https:\\\/\\\/www.instagram.com\\\/newsinclusive\\\/\"]},{\"@type\":\"Person\",\"@id\":\"https:\\\/\\\/inclusivenews.com.br\\\/#\\\/schema\\\/person\\\/ae4ec7087559b8692fb33b6fffd2273b\",\"name\":\"inclusivenews2024\",\"image\":{\"@type\":\"ImageObject\",\"inLanguage\":\"pt-PT\",\"@id\":\"https:\\\/\\\/secure.gravatar.com\\\/avatar\\\/c5a7ef84c66fa914f55bc4f7ce26cfa275a3b9a1c5568b907bd184fb4dde7b40?s=96&d=mm&r=g\",\"url\":\"https:\\\/\\\/secure.gravatar.com\\\/avatar\\\/c5a7ef84c66fa914f55bc4f7ce26cfa275a3b9a1c5568b907bd184fb4dde7b40?s=96&d=mm&r=g\",\"contentUrl\":\"https:\\\/\\\/secure.gravatar.com\\\/avatar\\\/c5a7ef84c66fa914f55bc4f7ce26cfa275a3b9a1c5568b907bd184fb4dde7b40?s=96&d=mm&r=g\",\"caption\":\"inclusivenews2024\"},\"sameAs\":[\"https:\\\/\\\/inclusivenews.com.br\"],\"url\":\"https:\\\/\\\/inclusivenews.com.br\\\/?author=1\"}]}<\/script>\n<!-- \/ Yoast SEO plugin. -->","yoast_head_json":{"title":"Curso de Capacita\u00e7\u00e3o em Sexualidade e Diversidade Funcional\/Pessoas com Defici\u00eancia -","robots":{"index":"index","follow":"follow","max-snippet":"max-snippet:-1","max-image-preview":"max-image-preview:large","max-video-preview":"max-video-preview:-1"},"canonical":"https:\/\/inclusivenews.com.br\/?p=30056","og_locale":"pt_PT","og_type":"article","og_title":"Curso de Capacita\u00e7\u00e3o em Sexualidade e Diversidade Funcional\/Pessoas com Defici\u00eancia -","og_description":"Curso de Capacita\u00e7\u00e3o em Sexualidade e Diversidade Funcional\/Pessoas com Defici\u00eancia\u00a0que acontecer\u00e1 nos dias 6, 7 e 8 de abril, e 16, 17 e 18 de novembro de 2017 em Buenos Aires. \u00c9 um tema pouco trabalhado, pois pessoas com defici\u00eancia\u00a0s\u00e3o tratadas como se assexuadas fossem e, na maioria das vezes, por profissionais que desconhecem o [&hellip;]","og_url":"https:\/\/inclusivenews.com.br\/?p=30056","article_publisher":"https:\/\/www.facebook.com\/agenciainclusive\/","article_published_time":"2017-01-09T00:44:52+00:00","og_image":[{"url":"http:\/\/inclusivenews.com.br\/wp-content\/uploads\/curso.jpg","type":"","width":"","height":""}],"author":"inclusivenews2024","twitter_card":"summary_large_image","twitter_misc":{"Escrito por":"inclusivenews2024","Tempo estimado de leitura":"1 minuto"},"schema":{"@context":"https:\/\/schema.org","@graph":[{"@type":"Article","@id":"https:\/\/inclusivenews.com.br\/?p=30056#article","isPartOf":{"@id":"https:\/\/inclusivenews.com.br\/?p=30056"},"author":{"name":"inclusivenews2024","@id":"https:\/\/inclusivenews.com.br\/#\/schema\/person\/ae4ec7087559b8692fb33b6fffd2273b"},"headline":"Curso de Capacita\u00e7\u00e3o em Sexualidade e Diversidade Funcional\/Pessoas com Defici\u00eancia","datePublished":"2017-01-09T00:44:52+00:00","mainEntityOfPage":{"@id":"https:\/\/inclusivenews.com.br\/?p=30056"},"wordCount":130,"commentCount":0,"publisher":{"@id":"https:\/\/inclusivenews.com.br\/#organization"},"image":{"@id":"https:\/\/inclusivenews.com.br\/?p=30056#primaryimage"},"thumbnailUrl":"http:\/\/inclusivenews.com.br\/wp-content\/uploads\/curso.jpg","articleSection":["Defici\u00eancia","DIREITOS HUMANOS","Diversidade","INCLUS\u00c3O SOCIAL"],"inLanguage":"pt-PT","potentialAction":[{"@type":"CommentAction","name":"Comment","target":["https:\/\/inclusivenews.com.br\/?p=30056#respond"]}]},{"@type":"WebPage","@id":"https:\/\/inclusivenews.com.br\/?p=30056","url":"https:\/\/inclusivenews.com.br\/?p=30056","name":"Curso de Capacita\u00e7\u00e3o em Sexualidade e Diversidade Funcional\/Pessoas com Defici\u00eancia -","isPartOf":{"@id":"https:\/\/inclusivenews.com.br\/#website"},"primaryImageOfPage":{"@id":"https:\/\/inclusivenews.com.br\/?p=30056#primaryimage"},"image":{"@id":"https:\/\/inclusivenews.com.br\/?p=30056#primaryimage"},"thumbnailUrl":"http:\/\/inclusivenews.com.br\/wp-content\/uploads\/curso.jpg","datePublished":"2017-01-09T00:44:52+00:00","breadcrumb":{"@id":"https:\/\/inclusivenews.com.br\/?p=30056#breadcrumb"},"inLanguage":"pt-PT","potentialAction":[{"@type":"ReadAction","target":["https:\/\/inclusivenews.com.br\/?p=30056"]}]},{"@type":"ImageObject","inLanguage":"pt-PT","@id":"https:\/\/inclusivenews.com.br\/?p=30056#primaryimage","url":"","contentUrl":""},{"@type":"BreadcrumbList","@id":"https:\/\/inclusivenews.com.br\/?p=30056#breadcrumb","itemListElement":[{"@type":"ListItem","position":1,"name":"In\u00edcio","item":"https:\/\/inclusivenews.com.br\/"},{"@type":"ListItem","position":2,"name":"Curso de Capacita\u00e7\u00e3o em Sexualidade e Diversidade Funcional\/Pessoas com Defici\u00eancia"}]},{"@type":"WebSite","@id":"https:\/\/inclusivenews.com.br\/#website","url":"https:\/\/inclusivenews.com.br\/","name":"Inclusive News","description":"Inclusive News","publisher":{"@id":"https:\/\/inclusivenews.com.br\/#organization"},"potentialAction":[{"@type":"SearchAction","target":{"@type":"EntryPoint","urlTemplate":"https:\/\/inclusivenews.com.br\/?s={search_term_string}"},"query-input":{"@type":"PropertyValueSpecification","valueRequired":true,"valueName":"search_term_string"}}],"inLanguage":"pt-PT"},{"@type":"Organization","@id":"https:\/\/inclusivenews.com.br\/#organization","name":"Inclusive - inclus\u00e3o e cidadania","url":"https:\/\/inclusivenews.com.br\/","logo":{"@type":"ImageObject","inLanguage":"pt-PT","@id":"https:\/\/inclusivenews.com.br\/#\/schema\/logo\/image\/","url":"https:\/\/inclusivenews.com.br\/wp-content\/uploads\/2024\/03\/@grandesite.png","contentUrl":"https:\/\/inclusivenews.com.br\/wp-content\/uploads\/2024\/03\/@grandesite.png","width":1080,"height":1080,"caption":"Inclusive - inclus\u00e3o e cidadania"},"image":{"@id":"https:\/\/inclusivenews.com.br\/#\/schema\/logo\/image\/"},"sameAs":["https:\/\/www.facebook.com\/agenciainclusive\/","https:\/\/www.instagram.com\/newsinclusive\/"]},{"@type":"Person","@id":"https:\/\/inclusivenews.com.br\/#\/schema\/person\/ae4ec7087559b8692fb33b6fffd2273b","name":"inclusivenews2024","image":{"@type":"ImageObject","inLanguage":"pt-PT","@id":"https:\/\/secure.gravatar.com\/avatar\/c5a7ef84c66fa914f55bc4f7ce26cfa275a3b9a1c5568b907bd184fb4dde7b40?s=96&d=mm&r=g","url":"https:\/\/secure.gravatar.com\/avatar\/c5a7ef84c66fa914f55bc4f7ce26cfa275a3b9a1c5568b907bd184fb4dde7b40?s=96&d=mm&r=g","contentUrl":"https:\/\/secure.gravatar.com\/avatar\/c5a7ef84c66fa914f55bc4f7ce26cfa275a3b9a1c5568b907bd184fb4dde7b40?s=96&d=mm&r=g","caption":"inclusivenews2024"},"sameAs":["https:\/\/inclusivenews.com.br"],"url":"https:\/\/inclusivenews.com.br\/?author=1"}]}},"_links":{"self":[{"href":"https:\/\/inclusivenews.com.br\/index.php?rest_route=\/wp\/v2\/posts\/30056","targetHints":{"allow":["GET"]}}],"collection":[{"href":"https:\/\/inclusivenews.com.br\/index.php?rest_route=\/wp\/v2\/posts"}],"about":[{"href":"https:\/\/inclusivenews.com.br\/index.php?rest_route=\/wp\/v2\/types\/post"}],"author":[{"embeddable":true,"href":"https:\/\/inclusivenews.com.br\/index.php?rest_route=\/wp\/v2\/users\/1"}],"replies":[{"embeddable":true,"href":"https:\/\/inclusivenews.com.br\/index.php?rest_route=%2Fwp%2Fv2%2Fcomments&post=30056"}],"version-history":[{"count":0,"href":"https:\/\/inclusivenews.com.br\/index.php?rest_route=\/wp\/v2\/posts\/30056\/revisions"}],"wp:attachment":[{"href":"https:\/\/inclusivenews.com.br\/index.php?rest_route=%2Fwp%2Fv2%2Fmedia&parent=30056"}],"wp:term":[{"taxonomy":"category","embeddable":true,"href":"https:\/\/inclusivenews.com.br\/index.php?rest_route=%2Fwp%2Fv2%2Fcategories&post=30056"},{"taxonomy":"post_tag","embeddable":true,"href":"https:\/\/inclusivenews.com.br\/index.php?rest_route=%2Fwp%2Fv2%2Ftags&post=30056"}],"curies":[{"name":"wp","href":"https:\/\/api.w.org\/{rel}","templated":true}]}}