{"id":30077,"date":"2017-01-25T09:07:17","date_gmt":"2017-01-25T12:07:17","guid":{"rendered":"http:\/\/www.inclusive.org.br\/?p=30077"},"modified":"2017-01-25T09:07:17","modified_gmt":"2017-01-25T12:07:17","slug":"observatorio-da-diversidade-na-midia","status":"publish","type":"post","link":"https:\/\/inclusivenews.com.br\/?p=30077","title":{"rendered":"Observat\u00f3rio da Diversidade na M\u00eddia"},"content":{"rendered":"<p><img loading=\"lazy\" decoding=\"async\" class=\"alignnone size-full wp-image-30046\" src=\"http:\/\/inclusivenews.com.br\/wp-content\/uploads\/odimidia.jpg\" alt=\"odimidia\" width=\"138\" height=\"45\" \/><\/p>\n<p><img loading=\"lazy\" decoding=\"async\" class=\"alignnone wp-image-30073\" src=\"http:\/\/inclusivenews.com.br\/wp-content\/uploads\/odimidia-2.jpg\" alt=\"odimidia\" width=\"670\" height=\"947\" \/><\/p>\n<p>Sobre<br \/>\nO Odim\u00eddia \u2013 Observat\u00f3rio da Diversidade da M\u00eddia \u00e9 uma iniciativa de monitoramento das<br \/>\nnarrativas midi\u00e1ticas sobre grupos de diversidade (mulheres, popula\u00e7\u00e3o negra, ind\u00edgenas,<br \/>\npessoas com defici\u00eancia e LGBT) com o objetivo de fornecer instrumentos de respeito e de<br \/>\nrepresenta\u00e7\u00e3o de qualidade nos meios de comunica\u00e7\u00e3o do Brasil.<br \/>\nComo atuar\u00e1<br \/>\nO Odim\u00eddia realizar\u00e1 levantamentos anuais quantitativos e qualitativos sobre a representa\u00e7\u00e3o<br \/>\nda diversidade na m\u00eddia brasileira com a fun\u00e7\u00e3o de identificar personagens e sujeitos de grupos<br \/>\ncom sub-representa\u00e7\u00e3o considerando intersec\u00e7\u00f5es de diferentes marcadores sociais de<br \/>\ndiferen\u00e7a.<\/p>\n<p>Objetivos<br \/>\nSer uma importante fonte de pesquisa e retrato da diversidade na m\u00eddia. Com isso, mobilizar e<br \/>\ninfluenciar produtores de conte\u00fado, patrocinadores e meios de comunica\u00e7\u00e3o para a<br \/>\nimport\u00e2ncia de se melhorar a representa\u00e7\u00e3o, de forma mais realista e igualit\u00e1ria poss\u00edvel, de<br \/>\nforma que se reforce o debate social sobre desigualdades, combate \u00e0 discrimina\u00e7\u00f5es e<br \/>\nviol\u00eancias, bem como sobre o impacto da promo\u00e7\u00e3o de uma cultura de respeito e empatia na<br \/>\nsociedade.<br \/>\nParceiros<br \/>\nO Odim\u00eddia conta com uma rede de pesquisadores, profissionais da comunica\u00e7\u00e3o e volunt\u00e1rios<br \/>\nindependentes e interessados em promover uma representa\u00e7\u00e3o mais justa e uma aceita\u00e7\u00e3o<br \/>\nmidi\u00e1tica aos grupos de diversidade.<\/p>\n<p>Pr\u00f3ximos passos<br \/>\nO Odim\u00eddia est\u00e1 aberto a receber propostas de parcerias e de fomento \u00e0 pesquisa. A primeira tarefa<br \/>\ndo observat\u00f3rio ser\u00e1 uma avalia\u00e7\u00e3o da representa\u00e7\u00e3o da diversidade nas telenovelas e outras obras<br \/>\nde fic\u00e7\u00e3o seriada da TV aberta brasileira.<\/p>\n<p>Contato: <a href=\"mailto:inclusive@inclusive.org.br\">inclusive@inclusive.org.br<\/a><\/p>\n","protected":false},"excerpt":{"rendered":"<p>Sobre O Odim\u00eddia \u2013 Observat\u00f3rio da Diversidade da M\u00eddia \u00e9 uma iniciativa de monitoramento das narrativas midi\u00e1ticas sobre grupos de diversidade (mulheres, popula\u00e7\u00e3o negra, ind\u00edgenas, pessoas com defici\u00eancia e LGBT) com o objetivo de fornecer instrumentos de respeito e de representa\u00e7\u00e3o de qualidade nos meios de comunica\u00e7\u00e3o do Brasil. Como atuar\u00e1 O Odim\u00eddia realizar\u00e1 levantamentos [&hellip;]<\/p>\n","protected":false},"author":1,"featured_media":30073,"comment_status":"open","ping_status":"open","sticky":false,"template":"","format":"standard","meta":{"site-container-style":"default","site-container-layout":"default","site-sidebar-layout":"default","disable-article-header":"default","disable-site-header":"default","disable-site-footer":"default","disable-content-area-spacing":"default","footnotes":""},"categories":[4],"tags":[],"class_list":["post-30077","post","type-post","status-publish","format-standard","has-post-thumbnail","hentry","category-noticias"],"yoast_head":"<!-- This site is optimized with the Yoast SEO plugin v27.4 - https:\/\/yoast.com\/product\/yoast-seo-wordpress\/ -->\n<title>Observat\u00f3rio da Diversidade na M\u00eddia -<\/title>\n<meta name=\"robots\" content=\"index, follow, max-snippet:-1, max-image-preview:large, max-video-preview:-1\" \/>\n<link rel=\"canonical\" href=\"https:\/\/inclusivenews.com.br\/?p=30077\" \/>\n<meta property=\"og:locale\" content=\"pt_PT\" \/>\n<meta property=\"og:type\" content=\"article\" \/>\n<meta property=\"og:title\" content=\"Observat\u00f3rio da Diversidade na M\u00eddia -\" \/>\n<meta property=\"og:description\" content=\"Sobre O Odim\u00eddia \u2013 Observat\u00f3rio da Diversidade da M\u00eddia \u00e9 uma iniciativa de monitoramento das narrativas midi\u00e1ticas sobre grupos de diversidade (mulheres, popula\u00e7\u00e3o negra, ind\u00edgenas, pessoas com defici\u00eancia e LGBT) com o objetivo de fornecer instrumentos de respeito e de representa\u00e7\u00e3o de qualidade nos meios de comunica\u00e7\u00e3o do Brasil. Como atuar\u00e1 O Odim\u00eddia realizar\u00e1 levantamentos [&hellip;]\" \/>\n<meta property=\"og:url\" content=\"https:\/\/inclusivenews.com.br\/?p=30077\" \/>\n<meta property=\"article:publisher\" content=\"https:\/\/www.facebook.com\/agenciainclusive\/\" \/>\n<meta property=\"article:published_time\" content=\"2017-01-25T12:07:17+00:00\" \/>\n<meta name=\"author\" content=\"inclusivenews2024\" \/>\n<meta name=\"twitter:card\" content=\"summary_large_image\" \/>\n<meta name=\"twitter:label1\" content=\"Escrito por\" \/>\n\t<meta name=\"twitter:data1\" content=\"inclusivenews2024\" \/>\n\t<meta name=\"twitter:label2\" content=\"Tempo estimado de leitura\" \/>\n\t<meta name=\"twitter:data2\" content=\"1 minuto\" \/>\n<script type=\"application\/ld+json\" class=\"yoast-schema-graph\">{\"@context\":\"https:\\\/\\\/schema.org\",\"@graph\":[{\"@type\":\"Article\",\"@id\":\"https:\\\/\\\/inclusivenews.com.br\\\/?p=30077#article\",\"isPartOf\":{\"@id\":\"https:\\\/\\\/inclusivenews.com.br\\\/?p=30077\"},\"author\":{\"name\":\"inclusivenews2024\",\"@id\":\"https:\\\/\\\/inclusivenews.com.br\\\/#\\\/schema\\\/person\\\/ae4ec7087559b8692fb33b6fffd2273b\"},\"headline\":\"Observat\u00f3rio da Diversidade na M\u00eddia\",\"datePublished\":\"2017-01-25T12:07:17+00:00\",\"mainEntityOfPage\":{\"@id\":\"https:\\\/\\\/inclusivenews.com.br\\\/?p=30077\"},\"wordCount\":276,\"commentCount\":3,\"publisher\":{\"@id\":\"https:\\\/\\\/inclusivenews.com.br\\\/#organization\"},\"image\":{\"@id\":\"https:\\\/\\\/inclusivenews.com.br\\\/?p=30077#primaryimage\"},\"thumbnailUrl\":\"\",\"articleSection\":[\"NOT\u00cdCIAS\"],\"inLanguage\":\"pt-PT\",\"potentialAction\":[{\"@type\":\"CommentAction\",\"name\":\"Comment\",\"target\":[\"https:\\\/\\\/inclusivenews.com.br\\\/?p=30077#respond\"]}]},{\"@type\":\"WebPage\",\"@id\":\"https:\\\/\\\/inclusivenews.com.br\\\/?p=30077\",\"url\":\"https:\\\/\\\/inclusivenews.com.br\\\/?p=30077\",\"name\":\"Observat\u00f3rio da Diversidade na M\u00eddia -\",\"isPartOf\":{\"@id\":\"https:\\\/\\\/inclusivenews.com.br\\\/#website\"},\"primaryImageOfPage\":{\"@id\":\"https:\\\/\\\/inclusivenews.com.br\\\/?p=30077#primaryimage\"},\"image\":{\"@id\":\"https:\\\/\\\/inclusivenews.com.br\\\/?p=30077#primaryimage\"},\"thumbnailUrl\":\"\",\"datePublished\":\"2017-01-25T12:07:17+00:00\",\"breadcrumb\":{\"@id\":\"https:\\\/\\\/inclusivenews.com.br\\\/?p=30077#breadcrumb\"},\"inLanguage\":\"pt-PT\",\"potentialAction\":[{\"@type\":\"ReadAction\",\"target\":[\"https:\\\/\\\/inclusivenews.com.br\\\/?p=30077\"]}]},{\"@type\":\"ImageObject\",\"inLanguage\":\"pt-PT\",\"@id\":\"https:\\\/\\\/inclusivenews.com.br\\\/?p=30077#primaryimage\",\"url\":\"\",\"contentUrl\":\"\"},{\"@type\":\"BreadcrumbList\",\"@id\":\"https:\\\/\\\/inclusivenews.com.br\\\/?p=30077#breadcrumb\",\"itemListElement\":[{\"@type\":\"ListItem\",\"position\":1,\"name\":\"In\u00edcio\",\"item\":\"https:\\\/\\\/inclusivenews.com.br\\\/\"},{\"@type\":\"ListItem\",\"position\":2,\"name\":\"Observat\u00f3rio da Diversidade na M\u00eddia\"}]},{\"@type\":\"WebSite\",\"@id\":\"https:\\\/\\\/inclusivenews.com.br\\\/#website\",\"url\":\"https:\\\/\\\/inclusivenews.com.br\\\/\",\"name\":\"Inclusive News\",\"description\":\"Inclusive News\",\"publisher\":{\"@id\":\"https:\\\/\\\/inclusivenews.com.br\\\/#organization\"},\"potentialAction\":[{\"@type\":\"SearchAction\",\"target\":{\"@type\":\"EntryPoint\",\"urlTemplate\":\"https:\\\/\\\/inclusivenews.com.br\\\/?s={search_term_string}\"},\"query-input\":{\"@type\":\"PropertyValueSpecification\",\"valueRequired\":true,\"valueName\":\"search_term_string\"}}],\"inLanguage\":\"pt-PT\"},{\"@type\":\"Organization\",\"@id\":\"https:\\\/\\\/inclusivenews.com.br\\\/#organization\",\"name\":\"Inclusive - inclus\u00e3o e cidadania\",\"url\":\"https:\\\/\\\/inclusivenews.com.br\\\/\",\"logo\":{\"@type\":\"ImageObject\",\"inLanguage\":\"pt-PT\",\"@id\":\"https:\\\/\\\/inclusivenews.com.br\\\/#\\\/schema\\\/logo\\\/image\\\/\",\"url\":\"https:\\\/\\\/inclusivenews.com.br\\\/wp-content\\\/uploads\\\/2024\\\/03\\\/@grandesite.png\",\"contentUrl\":\"https:\\\/\\\/inclusivenews.com.br\\\/wp-content\\\/uploads\\\/2024\\\/03\\\/@grandesite.png\",\"width\":1080,\"height\":1080,\"caption\":\"Inclusive - inclus\u00e3o e cidadania\"},\"image\":{\"@id\":\"https:\\\/\\\/inclusivenews.com.br\\\/#\\\/schema\\\/logo\\\/image\\\/\"},\"sameAs\":[\"https:\\\/\\\/www.facebook.com\\\/agenciainclusive\\\/\",\"https:\\\/\\\/www.instagram.com\\\/newsinclusive\\\/\"]},{\"@type\":\"Person\",\"@id\":\"https:\\\/\\\/inclusivenews.com.br\\\/#\\\/schema\\\/person\\\/ae4ec7087559b8692fb33b6fffd2273b\",\"name\":\"inclusivenews2024\",\"image\":{\"@type\":\"ImageObject\",\"inLanguage\":\"pt-PT\",\"@id\":\"https:\\\/\\\/secure.gravatar.com\\\/avatar\\\/c5a7ef84c66fa914f55bc4f7ce26cfa275a3b9a1c5568b907bd184fb4dde7b40?s=96&d=mm&r=g\",\"url\":\"https:\\\/\\\/secure.gravatar.com\\\/avatar\\\/c5a7ef84c66fa914f55bc4f7ce26cfa275a3b9a1c5568b907bd184fb4dde7b40?s=96&d=mm&r=g\",\"contentUrl\":\"https:\\\/\\\/secure.gravatar.com\\\/avatar\\\/c5a7ef84c66fa914f55bc4f7ce26cfa275a3b9a1c5568b907bd184fb4dde7b40?s=96&d=mm&r=g\",\"caption\":\"inclusivenews2024\"},\"sameAs\":[\"https:\\\/\\\/inclusivenews.com.br\"],\"url\":\"https:\\\/\\\/inclusivenews.com.br\\\/?author=1\"}]}<\/script>\n<!-- \/ Yoast SEO plugin. -->","yoast_head_json":{"title":"Observat\u00f3rio da Diversidade na M\u00eddia -","robots":{"index":"index","follow":"follow","max-snippet":"max-snippet:-1","max-image-preview":"max-image-preview:large","max-video-preview":"max-video-preview:-1"},"canonical":"https:\/\/inclusivenews.com.br\/?p=30077","og_locale":"pt_PT","og_type":"article","og_title":"Observat\u00f3rio da Diversidade na M\u00eddia -","og_description":"Sobre O Odim\u00eddia \u2013 Observat\u00f3rio da Diversidade da M\u00eddia \u00e9 uma iniciativa de monitoramento das narrativas midi\u00e1ticas sobre grupos de diversidade (mulheres, popula\u00e7\u00e3o negra, ind\u00edgenas, pessoas com defici\u00eancia e LGBT) com o objetivo de fornecer instrumentos de respeito e de representa\u00e7\u00e3o de qualidade nos meios de comunica\u00e7\u00e3o do Brasil. Como atuar\u00e1 O Odim\u00eddia realizar\u00e1 levantamentos [&hellip;]","og_url":"https:\/\/inclusivenews.com.br\/?p=30077","article_publisher":"https:\/\/www.facebook.com\/agenciainclusive\/","article_published_time":"2017-01-25T12:07:17+00:00","author":"inclusivenews2024","twitter_card":"summary_large_image","twitter_misc":{"Escrito por":"inclusivenews2024","Tempo estimado de leitura":"1 minuto"},"schema":{"@context":"https:\/\/schema.org","@graph":[{"@type":"Article","@id":"https:\/\/inclusivenews.com.br\/?p=30077#article","isPartOf":{"@id":"https:\/\/inclusivenews.com.br\/?p=30077"},"author":{"name":"inclusivenews2024","@id":"https:\/\/inclusivenews.com.br\/#\/schema\/person\/ae4ec7087559b8692fb33b6fffd2273b"},"headline":"Observat\u00f3rio da Diversidade na M\u00eddia","datePublished":"2017-01-25T12:07:17+00:00","mainEntityOfPage":{"@id":"https:\/\/inclusivenews.com.br\/?p=30077"},"wordCount":276,"commentCount":3,"publisher":{"@id":"https:\/\/inclusivenews.com.br\/#organization"},"image":{"@id":"https:\/\/inclusivenews.com.br\/?p=30077#primaryimage"},"thumbnailUrl":"","articleSection":["NOT\u00cdCIAS"],"inLanguage":"pt-PT","potentialAction":[{"@type":"CommentAction","name":"Comment","target":["https:\/\/inclusivenews.com.br\/?p=30077#respond"]}]},{"@type":"WebPage","@id":"https:\/\/inclusivenews.com.br\/?p=30077","url":"https:\/\/inclusivenews.com.br\/?p=30077","name":"Observat\u00f3rio da Diversidade na M\u00eddia -","isPartOf":{"@id":"https:\/\/inclusivenews.com.br\/#website"},"primaryImageOfPage":{"@id":"https:\/\/inclusivenews.com.br\/?p=30077#primaryimage"},"image":{"@id":"https:\/\/inclusivenews.com.br\/?p=30077#primaryimage"},"thumbnailUrl":"","datePublished":"2017-01-25T12:07:17+00:00","breadcrumb":{"@id":"https:\/\/inclusivenews.com.br\/?p=30077#breadcrumb"},"inLanguage":"pt-PT","potentialAction":[{"@type":"ReadAction","target":["https:\/\/inclusivenews.com.br\/?p=30077"]}]},{"@type":"ImageObject","inLanguage":"pt-PT","@id":"https:\/\/inclusivenews.com.br\/?p=30077#primaryimage","url":"","contentUrl":""},{"@type":"BreadcrumbList","@id":"https:\/\/inclusivenews.com.br\/?p=30077#breadcrumb","itemListElement":[{"@type":"ListItem","position":1,"name":"In\u00edcio","item":"https:\/\/inclusivenews.com.br\/"},{"@type":"ListItem","position":2,"name":"Observat\u00f3rio da Diversidade na M\u00eddia"}]},{"@type":"WebSite","@id":"https:\/\/inclusivenews.com.br\/#website","url":"https:\/\/inclusivenews.com.br\/","name":"Inclusive News","description":"Inclusive News","publisher":{"@id":"https:\/\/inclusivenews.com.br\/#organization"},"potentialAction":[{"@type":"SearchAction","target":{"@type":"EntryPoint","urlTemplate":"https:\/\/inclusivenews.com.br\/?s={search_term_string}"},"query-input":{"@type":"PropertyValueSpecification","valueRequired":true,"valueName":"search_term_string"}}],"inLanguage":"pt-PT"},{"@type":"Organization","@id":"https:\/\/inclusivenews.com.br\/#organization","name":"Inclusive - inclus\u00e3o e cidadania","url":"https:\/\/inclusivenews.com.br\/","logo":{"@type":"ImageObject","inLanguage":"pt-PT","@id":"https:\/\/inclusivenews.com.br\/#\/schema\/logo\/image\/","url":"https:\/\/inclusivenews.com.br\/wp-content\/uploads\/2024\/03\/@grandesite.png","contentUrl":"https:\/\/inclusivenews.com.br\/wp-content\/uploads\/2024\/03\/@grandesite.png","width":1080,"height":1080,"caption":"Inclusive - inclus\u00e3o e cidadania"},"image":{"@id":"https:\/\/inclusivenews.com.br\/#\/schema\/logo\/image\/"},"sameAs":["https:\/\/www.facebook.com\/agenciainclusive\/","https:\/\/www.instagram.com\/newsinclusive\/"]},{"@type":"Person","@id":"https:\/\/inclusivenews.com.br\/#\/schema\/person\/ae4ec7087559b8692fb33b6fffd2273b","name":"inclusivenews2024","image":{"@type":"ImageObject","inLanguage":"pt-PT","@id":"https:\/\/secure.gravatar.com\/avatar\/c5a7ef84c66fa914f55bc4f7ce26cfa275a3b9a1c5568b907bd184fb4dde7b40?s=96&d=mm&r=g","url":"https:\/\/secure.gravatar.com\/avatar\/c5a7ef84c66fa914f55bc4f7ce26cfa275a3b9a1c5568b907bd184fb4dde7b40?s=96&d=mm&r=g","contentUrl":"https:\/\/secure.gravatar.com\/avatar\/c5a7ef84c66fa914f55bc4f7ce26cfa275a3b9a1c5568b907bd184fb4dde7b40?s=96&d=mm&r=g","caption":"inclusivenews2024"},"sameAs":["https:\/\/inclusivenews.com.br"],"url":"https:\/\/inclusivenews.com.br\/?author=1"}]}},"_links":{"self":[{"href":"https:\/\/inclusivenews.com.br\/index.php?rest_route=\/wp\/v2\/posts\/30077","targetHints":{"allow":["GET"]}}],"collection":[{"href":"https:\/\/inclusivenews.com.br\/index.php?rest_route=\/wp\/v2\/posts"}],"about":[{"href":"https:\/\/inclusivenews.com.br\/index.php?rest_route=\/wp\/v2\/types\/post"}],"author":[{"embeddable":true,"href":"https:\/\/inclusivenews.com.br\/index.php?rest_route=\/wp\/v2\/users\/1"}],"replies":[{"embeddable":true,"href":"https:\/\/inclusivenews.com.br\/index.php?rest_route=%2Fwp%2Fv2%2Fcomments&post=30077"}],"version-history":[{"count":0,"href":"https:\/\/inclusivenews.com.br\/index.php?rest_route=\/wp\/v2\/posts\/30077\/revisions"}],"wp:featuredmedia":[{"embeddable":true,"href":"https:\/\/inclusivenews.com.br\/index.php?rest_route=\/"}],"wp:attachment":[{"href":"https:\/\/inclusivenews.com.br\/index.php?rest_route=%2Fwp%2Fv2%2Fmedia&parent=30077"}],"wp:term":[{"taxonomy":"category","embeddable":true,"href":"https:\/\/inclusivenews.com.br\/index.php?rest_route=%2Fwp%2Fv2%2Fcategories&post=30077"},{"taxonomy":"post_tag","embeddable":true,"href":"https:\/\/inclusivenews.com.br\/index.php?rest_route=%2Fwp%2Fv2%2Ftags&post=30077"}],"curies":[{"name":"wp","href":"https:\/\/api.w.org\/{rel}","templated":true}]}}