{"id":30130,"date":"2017-03-10T11:42:17","date_gmt":"2017-03-10T14:42:17","guid":{"rendered":"http:\/\/www.inclusive.org.br\/?p=30130"},"modified":"2017-03-10T11:42:17","modified_gmt":"2017-03-10T14:42:17","slug":"curso-semi-integral-de-educacao-arte-e-musica-inclusiva-sp","status":"publish","type":"post","link":"https:\/\/inclusivenews.com.br\/?p=30130","title":{"rendered":"Curso semi integral de Educa\u00e7\u00e3o, Arte e M\u00fasica Inclusiva &#8211; SP"},"content":{"rendered":"<p><img loading=\"lazy\" decoding=\"async\" class=\"alignnone wp-image-30131\" src=\"http:\/\/inclusivenews.com.br\/wp-content\/uploads\/arte.jpg\" alt=\"duas maos coloridas de tinta. \" width=\"408\" height=\"273\" \/><\/p>\n<p>EAMC Centro de conviv\u00eancia Educa\u00e7\u00e3o &#8211; Arte &#8211; Sa\u00fade<br \/>\nInclus\u00e3o da pessoa com defici\u00eancia (Zona Norte SP)<\/p>\n<p>Abrimos as inscri\u00e7\u00f5es para VAGAS no Curso semi integral de Educa\u00e7\u00e3o, Arte e M\u00fasica Inclusiva, voltado para o p\u00fablico de pessoas defici\u00eancia, crian\u00e7as e adultos.<br \/>\nAs inscri\u00e7\u00f5es e entrevistas com os pais ocorrer\u00e3o no per\u00edodo de 10\/03 a 27\/03, agende seu hor\u00e1rio para visit\u00e1 e tirar d\u00favidas Whats 11-97683.6686<\/p>\n<div class=\"m_-3970191228745071377gmail-text_exposed_show\">\n<p><span class=\"m_-3970191228745071377gmail-_5mfr m_-3970191228745071377gmail-_47e3\"><img class=\"m_-3970191228745071377gmail-img\" alt=\"\" width=\"16\" height=\"16\" \/><span class=\"m_-3970191228745071377gmail-_7oe\"><img decoding=\"async\" class=\"CToWUd\" src=\"https:\/\/mail.google.com\/mail\/e\/1f449\" alt=\"\ud83d\udc49\" data-goomoji=\"1f449\" \/><\/span><\/span>Sobre o curso<br \/>\nDe 2af a 6af<br \/>\nPer\u00edodo da manh\u00e3 das 08:30 as 11:30\/12:30<br \/>\nPer\u00edodo da tarde das 14:30 as 17:30\/18:30<\/p>\n<p>Espa\u00e7o de conviv\u00eancia para Pessoas com Defici\u00eancia<br \/>\nIntegrando Educa\u00e7\u00e3o, Sa\u00fade e Artes<\/p>\n<p>De 01hora ao Semi integral\u00a0<span class=\"m_-3970191228745071377gmail-_5mfr m_-3970191228745071377gmail-_47e3\"><img class=\"m_-3970191228745071377gmail-img\" alt=\"\" width=\"16\" height=\"16\" \/><span class=\"m_-3970191228745071377gmail-_7oe\"><img decoding=\"async\" class=\"CToWUd\" src=\"https:\/\/mail.google.com\/mail\/e\/23f0\" alt=\"\u23f0\" data-goomoji=\"23f0\" \/><\/span><\/span><\/p>\n<p>Atividades:<\/p>\n<p>Apoio pedag\u00f3gico<br \/>\n<span class=\"m_-3970191228745071377gmail-_5mfr m_-3970191228745071377gmail-_47e3\"><img class=\"m_-3970191228745071377gmail-img\" alt=\"\" width=\"16\" height=\"16\" \/><span class=\"m_-3970191228745071377gmail-_7oe\"><img decoding=\"async\" class=\"CToWUd\" src=\"https:\/\/mail.google.com\/mail\/e\/1f4d2\" alt=\"\ud83d\udcd2\" data-goomoji=\"1f4d2\" \/><\/span><\/span>Alfabetizacao\/leitura\/<wbr \/>Matematica<\/p>\n<p><span class=\"m_-3970191228745071377gmail-_5mfr m_-3970191228745071377gmail-_47e3\"><img class=\"m_-3970191228745071377gmail-img\" alt=\"\" width=\"16\" height=\"16\" \/><span class=\"m_-3970191228745071377gmail-_7oe\"><img decoding=\"async\" class=\"CToWUd\" src=\"https:\/\/mail.google.com\/mail\/e\/1f4ad\" alt=\"\ud83d\udcad\" data-goomoji=\"1f4ad\" \/><\/span><\/span>Acompanhando Psicol\u00f3gico<\/p>\n<p><span class=\"m_-3970191228745071377gmail-_5mfr m_-3970191228745071377gmail-_47e3\"><img class=\"m_-3970191228745071377gmail-img\" alt=\"\" width=\"16\" height=\"16\" \/><span class=\"m_-3970191228745071377gmail-_7oe\"><img decoding=\"async\" class=\"CToWUd\" src=\"https:\/\/mail.google.com\/mail\/e\/1f3c3\" alt=\"\ud83c\udfc3\" data-goomoji=\"1f3c3\" \/><\/span><\/span>Acompanhanto fisioterap\u00eautico<br \/>\nIntegra\u00e7\u00e3o sensorial, Pilates kids, relaxamento, medita\u00e7\u00e3o, fitoterapiane acupuntura<\/p>\n<p><span class=\"m_-3970191228745071377gmail-_5mfr m_-3970191228745071377gmail-_47e3\"><img class=\"m_-3970191228745071377gmail-img\" alt=\"\" width=\"16\" height=\"16\" \/><span class=\"m_-3970191228745071377gmail-_7oe\"><img decoding=\"async\" class=\"CToWUd\" src=\"https:\/\/mail.google.com\/mail\/e\/1f488\" alt=\"\ud83d\udc88\" data-goomoji=\"1f488\" \/><\/span><\/span>Terapias expressivas &#8211; Arte inclusiva<br \/>\n<span class=\"m_-3970191228745071377gmail-_5mfr m_-3970191228745071377gmail-_47e3\"><img class=\"m_-3970191228745071377gmail-img\" alt=\"\" width=\"16\" height=\"16\" \/><span class=\"m_-3970191228745071377gmail-_7oe\"><img decoding=\"async\" class=\"CToWUd\" src=\"https:\/\/mail.google.com\/mail\/e\/1f3a8\" alt=\"\ud83c\udfa8\" data-goomoji=\"1f3a8\" \/><\/span><\/span>Arte Terapia &#8211;\u00a0<span class=\"m_-3970191228745071377gmail-_5mfr m_-3970191228745071377gmail-_47e3\"><img class=\"m_-3970191228745071377gmail-img\" alt=\"\" width=\"16\" height=\"16\" \/><span class=\"m_-3970191228745071377gmail-_7oe\"><img decoding=\"async\" class=\"CToWUd\" src=\"https:\/\/mail.google.com\/mail\/e\/1f3b6\" alt=\"\ud83c\udfb6\" data-goomoji=\"1f3b6\" \/><\/span><\/span>Musicoterapia<span class=\"m_-3970191228745071377gmail-_5mfr m_-3970191228745071377gmail-_47e3\"><img class=\"m_-3970191228745071377gmail-img\" alt=\"\" width=\"16\" height=\"16\" \/><span class=\"m_-3970191228745071377gmail-_7oe\"><img decoding=\"async\" class=\"CToWUd\" src=\"https:\/\/mail.google.com\/mail\/e\/1f3b9\" alt=\"\ud83c\udfb9\" data-goomoji=\"1f3b9\" \/><\/span><\/span>\u00a0&#8211;\u00a0<span class=\"m_-3970191228745071377gmail-_5mfr m_-3970191228745071377gmail-_47e3\"><img class=\"m_-3970191228745071377gmail-img\" alt=\"\" width=\"16\" height=\"16\" \/><span class=\"m_-3970191228745071377gmail-_7oe\"><img decoding=\"async\" class=\"CToWUd\" src=\"https:\/\/mail.google.com\/mail\/e\/1f3a4\" alt=\"\ud83c\udfa4\" data-goomoji=\"1f3a4\" \/><\/span><\/span>Canto terapia &#8211;\u00a0<span class=\"m_-3970191228745071377gmail-_5mfr m_-3970191228745071377gmail-_47e3\"><img class=\"m_-3970191228745071377gmail-img\" alt=\"\" width=\"16\" height=\"16\" \/><span class=\"m_-3970191228745071377gmail-_7oe\"><img decoding=\"async\" class=\"CToWUd\" src=\"https:\/\/mail.google.com\/mail\/e\/1f3ad\" alt=\"\ud83c\udfad\" data-goomoji=\"1f3ad\" \/><\/span><\/span>Teatro<span class=\"m_-3970191228745071377gmail-_5mfr m_-3970191228745071377gmail-_47e3\"><img class=\"m_-3970191228745071377gmail-img\" alt=\"\" width=\"16\" height=\"16\" \/><span class=\"m_-3970191228745071377gmail-_7oe\"><img decoding=\"async\" class=\"CToWUd\" src=\"https:\/\/mail.google.com\/mail\/e\/1f3aa\" alt=\"\ud83c\udfaa\" data-goomoji=\"1f3aa\" \/><\/span><\/span><\/p>\n<p>Passeios, encontros monitorados, integra\u00e7\u00e3o social.<br \/>\nApoio a integra\u00e7\u00e3o na escola, Acompanhamento terap\u00eautico no lar e escola<\/p>\n<p>Venha conversar com a gente!<br \/>\nAgende seu hor\u00e1rio para visita<br \/>\nWhats 11- 97683.6686<\/p>\n<p>Coordena\u00e7\u00e3o Elaine Palma<br \/>\nPsic\u00f3loga , pedagoga ,<br \/>\nEspecialista em Educa\u00e7\u00e3o Inclusiva e Pol\u00edticas P\u00fablicas e ARTEterapia<br \/>\nAtua com m\u00e9todo ABA , Teach, Integra\u00e7\u00e3o sensorial, Musicoterapia, Terapias expressivas, e Arte inclusiva.<\/p>\n<p>Katia Cilene Franco Fisioterapeuta, Fitoterapeuta, acupunturista, especialista em Pilates Kids.<br \/>\nCursando Pedagogia<\/p>\n<p>Chris Lago musicista, Musicoterapeuta, especialista em educa\u00e7\u00e3o inclusiva, experi\u00eancia com m\u00fasica e autismo<\/p>\n<\/div>\n","protected":false},"excerpt":{"rendered":"<p>EAMC Centro de conviv\u00eancia Educa\u00e7\u00e3o &#8211; Arte &#8211; Sa\u00fade Inclus\u00e3o da pessoa com defici\u00eancia (Zona Norte SP) Abrimos as inscri\u00e7\u00f5es para VAGAS no Curso semi integral de Educa\u00e7\u00e3o, Arte e M\u00fasica Inclusiva, voltado para o p\u00fablico de pessoas defici\u00eancia, crian\u00e7as e adultos. As inscri\u00e7\u00f5es e entrevistas com os pais ocorrer\u00e3o no per\u00edodo de 10\/03 a [&hellip;]<\/p>\n","protected":false},"author":1,"featured_media":0,"comment_status":"open","ping_status":"open","sticky":false,"template":"","format":"standard","meta":{"site-container-style":"default","site-container-layout":"default","site-sidebar-layout":"default","disable-article-header":"default","disable-site-header":"default","disable-site-footer":"default","disable-content-area-spacing":"default","footnotes":""},"categories":[29,12,38,6,48,4],"tags":[],"class_list":["post-30130","post","type-post","status-publish","format-standard","hentry","category-cultura","category-cursos-e-eventos","category-deficiencia","category-educacao","category-inclusao","category-noticias"],"yoast_head":"<!-- This site is optimized with the Yoast SEO plugin v27.4 - https:\/\/yoast.com\/product\/yoast-seo-wordpress\/ -->\n<title>Curso semi integral de Educa\u00e7\u00e3o, Arte e M\u00fasica Inclusiva - SP -<\/title>\n<meta name=\"robots\" content=\"index, follow, max-snippet:-1, max-image-preview:large, max-video-preview:-1\" \/>\n<link rel=\"canonical\" href=\"https:\/\/inclusivenews.com.br\/?p=30130\" \/>\n<meta property=\"og:locale\" content=\"pt_PT\" \/>\n<meta property=\"og:type\" content=\"article\" \/>\n<meta property=\"og:title\" content=\"Curso semi integral de Educa\u00e7\u00e3o, Arte e M\u00fasica Inclusiva - SP -\" \/>\n<meta property=\"og:description\" content=\"EAMC Centro de conviv\u00eancia Educa\u00e7\u00e3o &#8211; Arte &#8211; Sa\u00fade Inclus\u00e3o da pessoa com defici\u00eancia (Zona Norte SP) Abrimos as inscri\u00e7\u00f5es para VAGAS no Curso semi integral de Educa\u00e7\u00e3o, Arte e M\u00fasica Inclusiva, voltado para o p\u00fablico de pessoas defici\u00eancia, crian\u00e7as e adultos. As inscri\u00e7\u00f5es e entrevistas com os pais ocorrer\u00e3o no per\u00edodo de 10\/03 a [&hellip;]\" \/>\n<meta property=\"og:url\" content=\"https:\/\/inclusivenews.com.br\/?p=30130\" \/>\n<meta property=\"article:publisher\" content=\"https:\/\/www.facebook.com\/agenciainclusive\/\" \/>\n<meta property=\"article:published_time\" content=\"2017-03-10T14:42:17+00:00\" \/>\n<meta property=\"og:image\" content=\"http:\/\/inclusivenews.com.br\/wp-content\/uploads\/arte.jpg\" \/>\n<meta name=\"author\" content=\"inclusivenews2024\" \/>\n<meta name=\"twitter:card\" content=\"summary_large_image\" \/>\n<meta name=\"twitter:label1\" content=\"Escrito por\" \/>\n\t<meta name=\"twitter:data1\" content=\"inclusivenews2024\" \/>\n\t<meta name=\"twitter:label2\" content=\"Tempo estimado de leitura\" \/>\n\t<meta name=\"twitter:data2\" content=\"1 minuto\" \/>\n<script type=\"application\/ld+json\" class=\"yoast-schema-graph\">{\"@context\":\"https:\\\/\\\/schema.org\",\"@graph\":[{\"@type\":\"Article\",\"@id\":\"https:\\\/\\\/inclusivenews.com.br\\\/?p=30130#article\",\"isPartOf\":{\"@id\":\"https:\\\/\\\/inclusivenews.com.br\\\/?p=30130\"},\"author\":{\"name\":\"inclusivenews2024\",\"@id\":\"https:\\\/\\\/inclusivenews.com.br\\\/#\\\/schema\\\/person\\\/ae4ec7087559b8692fb33b6fffd2273b\"},\"headline\":\"Curso semi integral de Educa\u00e7\u00e3o, Arte e M\u00fasica Inclusiva &#8211; SP\",\"datePublished\":\"2017-03-10T14:42:17+00:00\",\"mainEntityOfPage\":{\"@id\":\"https:\\\/\\\/inclusivenews.com.br\\\/?p=30130\"},\"wordCount\":265,\"commentCount\":0,\"publisher\":{\"@id\":\"https:\\\/\\\/inclusivenews.com.br\\\/#organization\"},\"image\":{\"@id\":\"https:\\\/\\\/inclusivenews.com.br\\\/?p=30130#primaryimage\"},\"thumbnailUrl\":\"http:\\\/\\\/inclusivenews.com.br\\\/wp-content\\\/uploads\\\/arte.jpg\",\"articleSection\":[\"Cultura\",\"Cursos e eventos\",\"Defici\u00eancia\",\"EDUCA\u00c7\u00c3O\",\"INCLUS\u00c3O SOCIAL\",\"NOT\u00cdCIAS\"],\"inLanguage\":\"pt-PT\",\"potentialAction\":[{\"@type\":\"CommentAction\",\"name\":\"Comment\",\"target\":[\"https:\\\/\\\/inclusivenews.com.br\\\/?p=30130#respond\"]}]},{\"@type\":\"WebPage\",\"@id\":\"https:\\\/\\\/inclusivenews.com.br\\\/?p=30130\",\"url\":\"https:\\\/\\\/inclusivenews.com.br\\\/?p=30130\",\"name\":\"Curso semi integral de Educa\u00e7\u00e3o, Arte e M\u00fasica Inclusiva - SP -\",\"isPartOf\":{\"@id\":\"https:\\\/\\\/inclusivenews.com.br\\\/#website\"},\"primaryImageOfPage\":{\"@id\":\"https:\\\/\\\/inclusivenews.com.br\\\/?p=30130#primaryimage\"},\"image\":{\"@id\":\"https:\\\/\\\/inclusivenews.com.br\\\/?p=30130#primaryimage\"},\"thumbnailUrl\":\"http:\\\/\\\/inclusivenews.com.br\\\/wp-content\\\/uploads\\\/arte.jpg\",\"datePublished\":\"2017-03-10T14:42:17+00:00\",\"breadcrumb\":{\"@id\":\"https:\\\/\\\/inclusivenews.com.br\\\/?p=30130#breadcrumb\"},\"inLanguage\":\"pt-PT\",\"potentialAction\":[{\"@type\":\"ReadAction\",\"target\":[\"https:\\\/\\\/inclusivenews.com.br\\\/?p=30130\"]}]},{\"@type\":\"ImageObject\",\"inLanguage\":\"pt-PT\",\"@id\":\"https:\\\/\\\/inclusivenews.com.br\\\/?p=30130#primaryimage\",\"url\":\"\",\"contentUrl\":\"\"},{\"@type\":\"BreadcrumbList\",\"@id\":\"https:\\\/\\\/inclusivenews.com.br\\\/?p=30130#breadcrumb\",\"itemListElement\":[{\"@type\":\"ListItem\",\"position\":1,\"name\":\"In\u00edcio\",\"item\":\"https:\\\/\\\/inclusivenews.com.br\\\/\"},{\"@type\":\"ListItem\",\"position\":2,\"name\":\"Curso semi integral de Educa\u00e7\u00e3o, Arte e M\u00fasica Inclusiva &#8211; SP\"}]},{\"@type\":\"WebSite\",\"@id\":\"https:\\\/\\\/inclusivenews.com.br\\\/#website\",\"url\":\"https:\\\/\\\/inclusivenews.com.br\\\/\",\"name\":\"Inclusive News\",\"description\":\"Inclusive News\",\"publisher\":{\"@id\":\"https:\\\/\\\/inclusivenews.com.br\\\/#organization\"},\"potentialAction\":[{\"@type\":\"SearchAction\",\"target\":{\"@type\":\"EntryPoint\",\"urlTemplate\":\"https:\\\/\\\/inclusivenews.com.br\\\/?s={search_term_string}\"},\"query-input\":{\"@type\":\"PropertyValueSpecification\",\"valueRequired\":true,\"valueName\":\"search_term_string\"}}],\"inLanguage\":\"pt-PT\"},{\"@type\":\"Organization\",\"@id\":\"https:\\\/\\\/inclusivenews.com.br\\\/#organization\",\"name\":\"Inclusive - inclus\u00e3o e cidadania\",\"url\":\"https:\\\/\\\/inclusivenews.com.br\\\/\",\"logo\":{\"@type\":\"ImageObject\",\"inLanguage\":\"pt-PT\",\"@id\":\"https:\\\/\\\/inclusivenews.com.br\\\/#\\\/schema\\\/logo\\\/image\\\/\",\"url\":\"https:\\\/\\\/inclusivenews.com.br\\\/wp-content\\\/uploads\\\/2024\\\/03\\\/@grandesite.png\",\"contentUrl\":\"https:\\\/\\\/inclusivenews.com.br\\\/wp-content\\\/uploads\\\/2024\\\/03\\\/@grandesite.png\",\"width\":1080,\"height\":1080,\"caption\":\"Inclusive - inclus\u00e3o e cidadania\"},\"image\":{\"@id\":\"https:\\\/\\\/inclusivenews.com.br\\\/#\\\/schema\\\/logo\\\/image\\\/\"},\"sameAs\":[\"https:\\\/\\\/www.facebook.com\\\/agenciainclusive\\\/\",\"https:\\\/\\\/www.instagram.com\\\/newsinclusive\\\/\"]},{\"@type\":\"Person\",\"@id\":\"https:\\\/\\\/inclusivenews.com.br\\\/#\\\/schema\\\/person\\\/ae4ec7087559b8692fb33b6fffd2273b\",\"name\":\"inclusivenews2024\",\"image\":{\"@type\":\"ImageObject\",\"inLanguage\":\"pt-PT\",\"@id\":\"https:\\\/\\\/secure.gravatar.com\\\/avatar\\\/c5a7ef84c66fa914f55bc4f7ce26cfa275a3b9a1c5568b907bd184fb4dde7b40?s=96&d=mm&r=g\",\"url\":\"https:\\\/\\\/secure.gravatar.com\\\/avatar\\\/c5a7ef84c66fa914f55bc4f7ce26cfa275a3b9a1c5568b907bd184fb4dde7b40?s=96&d=mm&r=g\",\"contentUrl\":\"https:\\\/\\\/secure.gravatar.com\\\/avatar\\\/c5a7ef84c66fa914f55bc4f7ce26cfa275a3b9a1c5568b907bd184fb4dde7b40?s=96&d=mm&r=g\",\"caption\":\"inclusivenews2024\"},\"sameAs\":[\"https:\\\/\\\/inclusivenews.com.br\"],\"url\":\"https:\\\/\\\/inclusivenews.com.br\\\/?author=1\"}]}<\/script>\n<!-- \/ Yoast SEO plugin. -->","yoast_head_json":{"title":"Curso semi integral de Educa\u00e7\u00e3o, Arte e M\u00fasica Inclusiva - SP -","robots":{"index":"index","follow":"follow","max-snippet":"max-snippet:-1","max-image-preview":"max-image-preview:large","max-video-preview":"max-video-preview:-1"},"canonical":"https:\/\/inclusivenews.com.br\/?p=30130","og_locale":"pt_PT","og_type":"article","og_title":"Curso semi integral de Educa\u00e7\u00e3o, Arte e M\u00fasica Inclusiva - SP -","og_description":"EAMC Centro de conviv\u00eancia Educa\u00e7\u00e3o &#8211; Arte &#8211; Sa\u00fade Inclus\u00e3o da pessoa com defici\u00eancia (Zona Norte SP) Abrimos as inscri\u00e7\u00f5es para VAGAS no Curso semi integral de Educa\u00e7\u00e3o, Arte e M\u00fasica Inclusiva, voltado para o p\u00fablico de pessoas defici\u00eancia, crian\u00e7as e adultos. As inscri\u00e7\u00f5es e entrevistas com os pais ocorrer\u00e3o no per\u00edodo de 10\/03 a [&hellip;]","og_url":"https:\/\/inclusivenews.com.br\/?p=30130","article_publisher":"https:\/\/www.facebook.com\/agenciainclusive\/","article_published_time":"2017-03-10T14:42:17+00:00","og_image":[{"url":"http:\/\/inclusivenews.com.br\/wp-content\/uploads\/arte.jpg","type":"","width":"","height":""}],"author":"inclusivenews2024","twitter_card":"summary_large_image","twitter_misc":{"Escrito por":"inclusivenews2024","Tempo estimado de leitura":"1 minuto"},"schema":{"@context":"https:\/\/schema.org","@graph":[{"@type":"Article","@id":"https:\/\/inclusivenews.com.br\/?p=30130#article","isPartOf":{"@id":"https:\/\/inclusivenews.com.br\/?p=30130"},"author":{"name":"inclusivenews2024","@id":"https:\/\/inclusivenews.com.br\/#\/schema\/person\/ae4ec7087559b8692fb33b6fffd2273b"},"headline":"Curso semi integral de Educa\u00e7\u00e3o, Arte e M\u00fasica Inclusiva &#8211; SP","datePublished":"2017-03-10T14:42:17+00:00","mainEntityOfPage":{"@id":"https:\/\/inclusivenews.com.br\/?p=30130"},"wordCount":265,"commentCount":0,"publisher":{"@id":"https:\/\/inclusivenews.com.br\/#organization"},"image":{"@id":"https:\/\/inclusivenews.com.br\/?p=30130#primaryimage"},"thumbnailUrl":"http:\/\/inclusivenews.com.br\/wp-content\/uploads\/arte.jpg","articleSection":["Cultura","Cursos e eventos","Defici\u00eancia","EDUCA\u00c7\u00c3O","INCLUS\u00c3O SOCIAL","NOT\u00cdCIAS"],"inLanguage":"pt-PT","potentialAction":[{"@type":"CommentAction","name":"Comment","target":["https:\/\/inclusivenews.com.br\/?p=30130#respond"]}]},{"@type":"WebPage","@id":"https:\/\/inclusivenews.com.br\/?p=30130","url":"https:\/\/inclusivenews.com.br\/?p=30130","name":"Curso semi integral de Educa\u00e7\u00e3o, Arte e M\u00fasica Inclusiva - SP -","isPartOf":{"@id":"https:\/\/inclusivenews.com.br\/#website"},"primaryImageOfPage":{"@id":"https:\/\/inclusivenews.com.br\/?p=30130#primaryimage"},"image":{"@id":"https:\/\/inclusivenews.com.br\/?p=30130#primaryimage"},"thumbnailUrl":"http:\/\/inclusivenews.com.br\/wp-content\/uploads\/arte.jpg","datePublished":"2017-03-10T14:42:17+00:00","breadcrumb":{"@id":"https:\/\/inclusivenews.com.br\/?p=30130#breadcrumb"},"inLanguage":"pt-PT","potentialAction":[{"@type":"ReadAction","target":["https:\/\/inclusivenews.com.br\/?p=30130"]}]},{"@type":"ImageObject","inLanguage":"pt-PT","@id":"https:\/\/inclusivenews.com.br\/?p=30130#primaryimage","url":"","contentUrl":""},{"@type":"BreadcrumbList","@id":"https:\/\/inclusivenews.com.br\/?p=30130#breadcrumb","itemListElement":[{"@type":"ListItem","position":1,"name":"In\u00edcio","item":"https:\/\/inclusivenews.com.br\/"},{"@type":"ListItem","position":2,"name":"Curso semi integral de Educa\u00e7\u00e3o, Arte e M\u00fasica Inclusiva &#8211; SP"}]},{"@type":"WebSite","@id":"https:\/\/inclusivenews.com.br\/#website","url":"https:\/\/inclusivenews.com.br\/","name":"Inclusive News","description":"Inclusive News","publisher":{"@id":"https:\/\/inclusivenews.com.br\/#organization"},"potentialAction":[{"@type":"SearchAction","target":{"@type":"EntryPoint","urlTemplate":"https:\/\/inclusivenews.com.br\/?s={search_term_string}"},"query-input":{"@type":"PropertyValueSpecification","valueRequired":true,"valueName":"search_term_string"}}],"inLanguage":"pt-PT"},{"@type":"Organization","@id":"https:\/\/inclusivenews.com.br\/#organization","name":"Inclusive - inclus\u00e3o e cidadania","url":"https:\/\/inclusivenews.com.br\/","logo":{"@type":"ImageObject","inLanguage":"pt-PT","@id":"https:\/\/inclusivenews.com.br\/#\/schema\/logo\/image\/","url":"https:\/\/inclusivenews.com.br\/wp-content\/uploads\/2024\/03\/@grandesite.png","contentUrl":"https:\/\/inclusivenews.com.br\/wp-content\/uploads\/2024\/03\/@grandesite.png","width":1080,"height":1080,"caption":"Inclusive - inclus\u00e3o e cidadania"},"image":{"@id":"https:\/\/inclusivenews.com.br\/#\/schema\/logo\/image\/"},"sameAs":["https:\/\/www.facebook.com\/agenciainclusive\/","https:\/\/www.instagram.com\/newsinclusive\/"]},{"@type":"Person","@id":"https:\/\/inclusivenews.com.br\/#\/schema\/person\/ae4ec7087559b8692fb33b6fffd2273b","name":"inclusivenews2024","image":{"@type":"ImageObject","inLanguage":"pt-PT","@id":"https:\/\/secure.gravatar.com\/avatar\/c5a7ef84c66fa914f55bc4f7ce26cfa275a3b9a1c5568b907bd184fb4dde7b40?s=96&d=mm&r=g","url":"https:\/\/secure.gravatar.com\/avatar\/c5a7ef84c66fa914f55bc4f7ce26cfa275a3b9a1c5568b907bd184fb4dde7b40?s=96&d=mm&r=g","contentUrl":"https:\/\/secure.gravatar.com\/avatar\/c5a7ef84c66fa914f55bc4f7ce26cfa275a3b9a1c5568b907bd184fb4dde7b40?s=96&d=mm&r=g","caption":"inclusivenews2024"},"sameAs":["https:\/\/inclusivenews.com.br"],"url":"https:\/\/inclusivenews.com.br\/?author=1"}]}},"_links":{"self":[{"href":"https:\/\/inclusivenews.com.br\/index.php?rest_route=\/wp\/v2\/posts\/30130","targetHints":{"allow":["GET"]}}],"collection":[{"href":"https:\/\/inclusivenews.com.br\/index.php?rest_route=\/wp\/v2\/posts"}],"about":[{"href":"https:\/\/inclusivenews.com.br\/index.php?rest_route=\/wp\/v2\/types\/post"}],"author":[{"embeddable":true,"href":"https:\/\/inclusivenews.com.br\/index.php?rest_route=\/wp\/v2\/users\/1"}],"replies":[{"embeddable":true,"href":"https:\/\/inclusivenews.com.br\/index.php?rest_route=%2Fwp%2Fv2%2Fcomments&post=30130"}],"version-history":[{"count":0,"href":"https:\/\/inclusivenews.com.br\/index.php?rest_route=\/wp\/v2\/posts\/30130\/revisions"}],"wp:attachment":[{"href":"https:\/\/inclusivenews.com.br\/index.php?rest_route=%2Fwp%2Fv2%2Fmedia&parent=30130"}],"wp:term":[{"taxonomy":"category","embeddable":true,"href":"https:\/\/inclusivenews.com.br\/index.php?rest_route=%2Fwp%2Fv2%2Fcategories&post=30130"},{"taxonomy":"post_tag","embeddable":true,"href":"https:\/\/inclusivenews.com.br\/index.php?rest_route=%2Fwp%2Fv2%2Ftags&post=30130"}],"curies":[{"name":"wp","href":"https:\/\/api.w.org\/{rel}","templated":true}]}}