{"id":30133,"date":"2017-03-10T11:45:08","date_gmt":"2017-03-10T14:45:08","guid":{"rendered":"http:\/\/www.inclusive.org.br\/?p=30133"},"modified":"2017-03-10T11:45:08","modified_gmt":"2017-03-10T14:45:08","slug":"conscientizacao-sobre-doencas-raras-rs","status":"publish","type":"post","link":"https:\/\/inclusivenews.com.br\/?p=30133","title":{"rendered":"Conscientiza\u00e7\u00e3o sobre Doen\u00e7as Raras &#8211; RS"},"content":{"rendered":"<p><img loading=\"lazy\" decoding=\"async\" class=\"alignnone size-full wp-image-30134\" src=\"http:\/\/inclusivenews.com.br\/wp-content\/uploads\/logoFADERS.png\" alt=\"logo faders\" width=\"175\" height=\"91\" \/><\/p>\n<p><strong><u>SEMIN\u00c1RIO DA III SEMANA ESTADUAL DE CONSCIENTIZA\u00c7\u00c3O SOBRE DOEN\u00c7AS RARAS DO RIO GRANDE DO SUL<\/u><\/strong><\/p>\n<p>Dia:\u00a014\/03\/2017<br \/>\n<strong><u>Hor\u00e1rio<\/u>:\u00a0<\/strong>14 \u00e0s 17 horas<br \/>\n<strong><u>Local<\/u>:\u00a0<\/strong>Audit\u00f3rio do Pal\u00e1cio do Minist\u00e9rio P\u00fablico (Pra\u00e7a Marechal Deodoro n.\u00ba 110, 3\u00baandar, Centro, Porto Alegre\/RS)<\/p>\n<p><strong>Programa\u00e7\u00e3o:<\/strong><\/p>\n<p><strong>14 horas &#8211;<\/strong>\u00a0Credenciamento<\/p>\n<p><strong>14h15 &#8211;<\/strong>\u00a0Mesa de abertura<\/p>\n<p><strong>14h30 &#8211;<\/strong>\u00a0&#8220;Uma vis\u00e3o geral sobre as doen\u00e7as raras&#8221; com Fabiano Poswar (Sub-investigador do Grupo de Pesquisa Clinica em Gen\u00e9tica M\u00e9dica do HCPA; Doutorando em gen\u00e9tica e biologia molecular na UFRGS)<\/p>\n<p><strong>15h10 &#8211;<\/strong>\u00a0&#8220;Pesquisa no diagn\u00f3stico de doen\u00e7as raras&#8221; com Dra. \u00darsula da Silveira Matte (Professora de Gen\u00e9tica na UFRGS e Chefe do Centro de Pesquisa Experimental do HCPA)<\/p>\n<p><strong>15h50 &#8211;<\/strong>\u00a0&#8220;Desafios na pesquisa de novos tratamentos em doen\u00e7as raras&#8221; com Guilherme Baldo ( Professor Adjunto , Departamento de Fisiologia da UFRGS)<\/p>\n<p><strong>16h30 &#8211;<\/strong>\u00a0Considera\u00e7\u00f5es Finais<\/p>\n<p><strong>16h40 &#8211;<\/strong>\u00a0Coffee Break de Encerramento<\/p>\n<p><strong>Apoio:<\/strong>\u00a0Faders Acessibilidade e Inclus\u00e3o<\/p>\n","protected":false},"excerpt":{"rendered":"<p>SEMIN\u00c1RIO DA III SEMANA ESTADUAL DE CONSCIENTIZA\u00c7\u00c3O SOBRE DOEN\u00c7AS RARAS DO RIO GRANDE DO SUL Dia:\u00a014\/03\/2017 Hor\u00e1rio:\u00a014 \u00e0s 17 horas Local:\u00a0Audit\u00f3rio do Pal\u00e1cio do Minist\u00e9rio P\u00fablico (Pra\u00e7a Marechal Deodoro n.\u00ba 110, 3\u00baandar, Centro, Porto Alegre\/RS) Programa\u00e7\u00e3o: 14 horas &#8211;\u00a0Credenciamento 14h15 &#8211;\u00a0Mesa de abertura 14h30 &#8211;\u00a0&#8220;Uma vis\u00e3o geral sobre as doen\u00e7as raras&#8221; com Fabiano Poswar (Sub-investigador [&hellip;]<\/p>\n","protected":false},"author":1,"featured_media":0,"comment_status":"open","ping_status":"open","sticky":false,"template":"","format":"standard","meta":{"site-container-style":"default","site-container-layout":"default","site-sidebar-layout":"default","disable-article-header":"default","disable-site-header":"default","disable-site-footer":"default","disable-content-area-spacing":"default","footnotes":""},"categories":[38],"tags":[],"class_list":["post-30133","post","type-post","status-publish","format-standard","hentry","category-deficiencia"],"yoast_head":"<!-- This site is optimized with the Yoast SEO plugin v27.4 - https:\/\/yoast.com\/product\/yoast-seo-wordpress\/ -->\n<title>Conscientiza\u00e7\u00e3o sobre Doen\u00e7as Raras - RS -<\/title>\n<meta name=\"robots\" content=\"index, follow, max-snippet:-1, max-image-preview:large, max-video-preview:-1\" \/>\n<link rel=\"canonical\" href=\"https:\/\/inclusivenews.com.br\/?p=30133\" \/>\n<meta property=\"og:locale\" content=\"pt_PT\" \/>\n<meta property=\"og:type\" content=\"article\" \/>\n<meta property=\"og:title\" content=\"Conscientiza\u00e7\u00e3o sobre Doen\u00e7as Raras - RS -\" \/>\n<meta property=\"og:description\" content=\"SEMIN\u00c1RIO DA III SEMANA ESTADUAL DE CONSCIENTIZA\u00c7\u00c3O SOBRE DOEN\u00c7AS RARAS DO RIO GRANDE DO SUL Dia:\u00a014\/03\/2017 Hor\u00e1rio:\u00a014 \u00e0s 17 horas Local:\u00a0Audit\u00f3rio do Pal\u00e1cio do Minist\u00e9rio P\u00fablico (Pra\u00e7a Marechal Deodoro n.\u00ba 110, 3\u00baandar, Centro, Porto Alegre\/RS) Programa\u00e7\u00e3o: 14 horas &#8211;\u00a0Credenciamento 14h15 &#8211;\u00a0Mesa de abertura 14h30 &#8211;\u00a0&#8220;Uma vis\u00e3o geral sobre as doen\u00e7as raras&#8221; com Fabiano Poswar (Sub-investigador [&hellip;]\" \/>\n<meta property=\"og:url\" content=\"https:\/\/inclusivenews.com.br\/?p=30133\" \/>\n<meta property=\"article:publisher\" content=\"https:\/\/www.facebook.com\/agenciainclusive\/\" \/>\n<meta property=\"article:published_time\" content=\"2017-03-10T14:45:08+00:00\" \/>\n<meta property=\"og:image\" content=\"http:\/\/inclusivenews.com.br\/wp-content\/uploads\/logoFADERS.png\" \/>\n<meta name=\"author\" content=\"inclusivenews2024\" \/>\n<meta name=\"twitter:card\" content=\"summary_large_image\" \/>\n<meta name=\"twitter:label1\" content=\"Escrito por\" \/>\n\t<meta name=\"twitter:data1\" content=\"inclusivenews2024\" \/>\n\t<meta name=\"twitter:label2\" content=\"Tempo estimado de leitura\" \/>\n\t<meta name=\"twitter:data2\" content=\"1 minuto\" \/>\n<script type=\"application\/ld+json\" class=\"yoast-schema-graph\">{\"@context\":\"https:\\\/\\\/schema.org\",\"@graph\":[{\"@type\":\"Article\",\"@id\":\"https:\\\/\\\/inclusivenews.com.br\\\/?p=30133#article\",\"isPartOf\":{\"@id\":\"https:\\\/\\\/inclusivenews.com.br\\\/?p=30133\"},\"author\":{\"name\":\"inclusivenews2024\",\"@id\":\"https:\\\/\\\/inclusivenews.com.br\\\/#\\\/schema\\\/person\\\/ae4ec7087559b8692fb33b6fffd2273b\"},\"headline\":\"Conscientiza\u00e7\u00e3o sobre Doen\u00e7as Raras &#8211; RS\",\"datePublished\":\"2017-03-10T14:45:08+00:00\",\"mainEntityOfPage\":{\"@id\":\"https:\\\/\\\/inclusivenews.com.br\\\/?p=30133\"},\"wordCount\":168,\"commentCount\":0,\"publisher\":{\"@id\":\"https:\\\/\\\/inclusivenews.com.br\\\/#organization\"},\"image\":{\"@id\":\"https:\\\/\\\/inclusivenews.com.br\\\/?p=30133#primaryimage\"},\"thumbnailUrl\":\"http:\\\/\\\/inclusivenews.com.br\\\/wp-content\\\/uploads\\\/logoFADERS.png\",\"articleSection\":[\"Defici\u00eancia\"],\"inLanguage\":\"pt-PT\",\"potentialAction\":[{\"@type\":\"CommentAction\",\"name\":\"Comment\",\"target\":[\"https:\\\/\\\/inclusivenews.com.br\\\/?p=30133#respond\"]}]},{\"@type\":\"WebPage\",\"@id\":\"https:\\\/\\\/inclusivenews.com.br\\\/?p=30133\",\"url\":\"https:\\\/\\\/inclusivenews.com.br\\\/?p=30133\",\"name\":\"Conscientiza\u00e7\u00e3o sobre Doen\u00e7as Raras - RS -\",\"isPartOf\":{\"@id\":\"https:\\\/\\\/inclusivenews.com.br\\\/#website\"},\"primaryImageOfPage\":{\"@id\":\"https:\\\/\\\/inclusivenews.com.br\\\/?p=30133#primaryimage\"},\"image\":{\"@id\":\"https:\\\/\\\/inclusivenews.com.br\\\/?p=30133#primaryimage\"},\"thumbnailUrl\":\"http:\\\/\\\/inclusivenews.com.br\\\/wp-content\\\/uploads\\\/logoFADERS.png\",\"datePublished\":\"2017-03-10T14:45:08+00:00\",\"breadcrumb\":{\"@id\":\"https:\\\/\\\/inclusivenews.com.br\\\/?p=30133#breadcrumb\"},\"inLanguage\":\"pt-PT\",\"potentialAction\":[{\"@type\":\"ReadAction\",\"target\":[\"https:\\\/\\\/inclusivenews.com.br\\\/?p=30133\"]}]},{\"@type\":\"ImageObject\",\"inLanguage\":\"pt-PT\",\"@id\":\"https:\\\/\\\/inclusivenews.com.br\\\/?p=30133#primaryimage\",\"url\":\"\",\"contentUrl\":\"\"},{\"@type\":\"BreadcrumbList\",\"@id\":\"https:\\\/\\\/inclusivenews.com.br\\\/?p=30133#breadcrumb\",\"itemListElement\":[{\"@type\":\"ListItem\",\"position\":1,\"name\":\"In\u00edcio\",\"item\":\"https:\\\/\\\/inclusivenews.com.br\\\/\"},{\"@type\":\"ListItem\",\"position\":2,\"name\":\"Conscientiza\u00e7\u00e3o sobre Doen\u00e7as Raras &#8211; RS\"}]},{\"@type\":\"WebSite\",\"@id\":\"https:\\\/\\\/inclusivenews.com.br\\\/#website\",\"url\":\"https:\\\/\\\/inclusivenews.com.br\\\/\",\"name\":\"Inclusive News\",\"description\":\"Inclusive News\",\"publisher\":{\"@id\":\"https:\\\/\\\/inclusivenews.com.br\\\/#organization\"},\"potentialAction\":[{\"@type\":\"SearchAction\",\"target\":{\"@type\":\"EntryPoint\",\"urlTemplate\":\"https:\\\/\\\/inclusivenews.com.br\\\/?s={search_term_string}\"},\"query-input\":{\"@type\":\"PropertyValueSpecification\",\"valueRequired\":true,\"valueName\":\"search_term_string\"}}],\"inLanguage\":\"pt-PT\"},{\"@type\":\"Organization\",\"@id\":\"https:\\\/\\\/inclusivenews.com.br\\\/#organization\",\"name\":\"Inclusive - inclus\u00e3o e cidadania\",\"url\":\"https:\\\/\\\/inclusivenews.com.br\\\/\",\"logo\":{\"@type\":\"ImageObject\",\"inLanguage\":\"pt-PT\",\"@id\":\"https:\\\/\\\/inclusivenews.com.br\\\/#\\\/schema\\\/logo\\\/image\\\/\",\"url\":\"https:\\\/\\\/inclusivenews.com.br\\\/wp-content\\\/uploads\\\/2024\\\/03\\\/@grandesite.png\",\"contentUrl\":\"https:\\\/\\\/inclusivenews.com.br\\\/wp-content\\\/uploads\\\/2024\\\/03\\\/@grandesite.png\",\"width\":1080,\"height\":1080,\"caption\":\"Inclusive - inclus\u00e3o e cidadania\"},\"image\":{\"@id\":\"https:\\\/\\\/inclusivenews.com.br\\\/#\\\/schema\\\/logo\\\/image\\\/\"},\"sameAs\":[\"https:\\\/\\\/www.facebook.com\\\/agenciainclusive\\\/\",\"https:\\\/\\\/www.instagram.com\\\/newsinclusive\\\/\"]},{\"@type\":\"Person\",\"@id\":\"https:\\\/\\\/inclusivenews.com.br\\\/#\\\/schema\\\/person\\\/ae4ec7087559b8692fb33b6fffd2273b\",\"name\":\"inclusivenews2024\",\"image\":{\"@type\":\"ImageObject\",\"inLanguage\":\"pt-PT\",\"@id\":\"https:\\\/\\\/secure.gravatar.com\\\/avatar\\\/c5a7ef84c66fa914f55bc4f7ce26cfa275a3b9a1c5568b907bd184fb4dde7b40?s=96&d=mm&r=g\",\"url\":\"https:\\\/\\\/secure.gravatar.com\\\/avatar\\\/c5a7ef84c66fa914f55bc4f7ce26cfa275a3b9a1c5568b907bd184fb4dde7b40?s=96&d=mm&r=g\",\"contentUrl\":\"https:\\\/\\\/secure.gravatar.com\\\/avatar\\\/c5a7ef84c66fa914f55bc4f7ce26cfa275a3b9a1c5568b907bd184fb4dde7b40?s=96&d=mm&r=g\",\"caption\":\"inclusivenews2024\"},\"sameAs\":[\"https:\\\/\\\/inclusivenews.com.br\"],\"url\":\"https:\\\/\\\/inclusivenews.com.br\\\/?author=1\"}]}<\/script>\n<!-- \/ Yoast SEO plugin. -->","yoast_head_json":{"title":"Conscientiza\u00e7\u00e3o sobre Doen\u00e7as Raras - RS -","robots":{"index":"index","follow":"follow","max-snippet":"max-snippet:-1","max-image-preview":"max-image-preview:large","max-video-preview":"max-video-preview:-1"},"canonical":"https:\/\/inclusivenews.com.br\/?p=30133","og_locale":"pt_PT","og_type":"article","og_title":"Conscientiza\u00e7\u00e3o sobre Doen\u00e7as Raras - RS -","og_description":"SEMIN\u00c1RIO DA III SEMANA ESTADUAL DE CONSCIENTIZA\u00c7\u00c3O SOBRE DOEN\u00c7AS RARAS DO RIO GRANDE DO SUL Dia:\u00a014\/03\/2017 Hor\u00e1rio:\u00a014 \u00e0s 17 horas Local:\u00a0Audit\u00f3rio do Pal\u00e1cio do Minist\u00e9rio P\u00fablico (Pra\u00e7a Marechal Deodoro n.\u00ba 110, 3\u00baandar, Centro, Porto Alegre\/RS) Programa\u00e7\u00e3o: 14 horas &#8211;\u00a0Credenciamento 14h15 &#8211;\u00a0Mesa de abertura 14h30 &#8211;\u00a0&#8220;Uma vis\u00e3o geral sobre as doen\u00e7as raras&#8221; com Fabiano Poswar (Sub-investigador [&hellip;]","og_url":"https:\/\/inclusivenews.com.br\/?p=30133","article_publisher":"https:\/\/www.facebook.com\/agenciainclusive\/","article_published_time":"2017-03-10T14:45:08+00:00","og_image":[{"url":"http:\/\/inclusivenews.com.br\/wp-content\/uploads\/logoFADERS.png","type":"","width":"","height":""}],"author":"inclusivenews2024","twitter_card":"summary_large_image","twitter_misc":{"Escrito por":"inclusivenews2024","Tempo estimado de leitura":"1 minuto"},"schema":{"@context":"https:\/\/schema.org","@graph":[{"@type":"Article","@id":"https:\/\/inclusivenews.com.br\/?p=30133#article","isPartOf":{"@id":"https:\/\/inclusivenews.com.br\/?p=30133"},"author":{"name":"inclusivenews2024","@id":"https:\/\/inclusivenews.com.br\/#\/schema\/person\/ae4ec7087559b8692fb33b6fffd2273b"},"headline":"Conscientiza\u00e7\u00e3o sobre Doen\u00e7as Raras &#8211; RS","datePublished":"2017-03-10T14:45:08+00:00","mainEntityOfPage":{"@id":"https:\/\/inclusivenews.com.br\/?p=30133"},"wordCount":168,"commentCount":0,"publisher":{"@id":"https:\/\/inclusivenews.com.br\/#organization"},"image":{"@id":"https:\/\/inclusivenews.com.br\/?p=30133#primaryimage"},"thumbnailUrl":"http:\/\/inclusivenews.com.br\/wp-content\/uploads\/logoFADERS.png","articleSection":["Defici\u00eancia"],"inLanguage":"pt-PT","potentialAction":[{"@type":"CommentAction","name":"Comment","target":["https:\/\/inclusivenews.com.br\/?p=30133#respond"]}]},{"@type":"WebPage","@id":"https:\/\/inclusivenews.com.br\/?p=30133","url":"https:\/\/inclusivenews.com.br\/?p=30133","name":"Conscientiza\u00e7\u00e3o sobre Doen\u00e7as Raras - RS -","isPartOf":{"@id":"https:\/\/inclusivenews.com.br\/#website"},"primaryImageOfPage":{"@id":"https:\/\/inclusivenews.com.br\/?p=30133#primaryimage"},"image":{"@id":"https:\/\/inclusivenews.com.br\/?p=30133#primaryimage"},"thumbnailUrl":"http:\/\/inclusivenews.com.br\/wp-content\/uploads\/logoFADERS.png","datePublished":"2017-03-10T14:45:08+00:00","breadcrumb":{"@id":"https:\/\/inclusivenews.com.br\/?p=30133#breadcrumb"},"inLanguage":"pt-PT","potentialAction":[{"@type":"ReadAction","target":["https:\/\/inclusivenews.com.br\/?p=30133"]}]},{"@type":"ImageObject","inLanguage":"pt-PT","@id":"https:\/\/inclusivenews.com.br\/?p=30133#primaryimage","url":"","contentUrl":""},{"@type":"BreadcrumbList","@id":"https:\/\/inclusivenews.com.br\/?p=30133#breadcrumb","itemListElement":[{"@type":"ListItem","position":1,"name":"In\u00edcio","item":"https:\/\/inclusivenews.com.br\/"},{"@type":"ListItem","position":2,"name":"Conscientiza\u00e7\u00e3o sobre Doen\u00e7as Raras &#8211; RS"}]},{"@type":"WebSite","@id":"https:\/\/inclusivenews.com.br\/#website","url":"https:\/\/inclusivenews.com.br\/","name":"Inclusive News","description":"Inclusive News","publisher":{"@id":"https:\/\/inclusivenews.com.br\/#organization"},"potentialAction":[{"@type":"SearchAction","target":{"@type":"EntryPoint","urlTemplate":"https:\/\/inclusivenews.com.br\/?s={search_term_string}"},"query-input":{"@type":"PropertyValueSpecification","valueRequired":true,"valueName":"search_term_string"}}],"inLanguage":"pt-PT"},{"@type":"Organization","@id":"https:\/\/inclusivenews.com.br\/#organization","name":"Inclusive - inclus\u00e3o e cidadania","url":"https:\/\/inclusivenews.com.br\/","logo":{"@type":"ImageObject","inLanguage":"pt-PT","@id":"https:\/\/inclusivenews.com.br\/#\/schema\/logo\/image\/","url":"https:\/\/inclusivenews.com.br\/wp-content\/uploads\/2024\/03\/@grandesite.png","contentUrl":"https:\/\/inclusivenews.com.br\/wp-content\/uploads\/2024\/03\/@grandesite.png","width":1080,"height":1080,"caption":"Inclusive - inclus\u00e3o e cidadania"},"image":{"@id":"https:\/\/inclusivenews.com.br\/#\/schema\/logo\/image\/"},"sameAs":["https:\/\/www.facebook.com\/agenciainclusive\/","https:\/\/www.instagram.com\/newsinclusive\/"]},{"@type":"Person","@id":"https:\/\/inclusivenews.com.br\/#\/schema\/person\/ae4ec7087559b8692fb33b6fffd2273b","name":"inclusivenews2024","image":{"@type":"ImageObject","inLanguage":"pt-PT","@id":"https:\/\/secure.gravatar.com\/avatar\/c5a7ef84c66fa914f55bc4f7ce26cfa275a3b9a1c5568b907bd184fb4dde7b40?s=96&d=mm&r=g","url":"https:\/\/secure.gravatar.com\/avatar\/c5a7ef84c66fa914f55bc4f7ce26cfa275a3b9a1c5568b907bd184fb4dde7b40?s=96&d=mm&r=g","contentUrl":"https:\/\/secure.gravatar.com\/avatar\/c5a7ef84c66fa914f55bc4f7ce26cfa275a3b9a1c5568b907bd184fb4dde7b40?s=96&d=mm&r=g","caption":"inclusivenews2024"},"sameAs":["https:\/\/inclusivenews.com.br"],"url":"https:\/\/inclusivenews.com.br\/?author=1"}]}},"_links":{"self":[{"href":"https:\/\/inclusivenews.com.br\/index.php?rest_route=\/wp\/v2\/posts\/30133","targetHints":{"allow":["GET"]}}],"collection":[{"href":"https:\/\/inclusivenews.com.br\/index.php?rest_route=\/wp\/v2\/posts"}],"about":[{"href":"https:\/\/inclusivenews.com.br\/index.php?rest_route=\/wp\/v2\/types\/post"}],"author":[{"embeddable":true,"href":"https:\/\/inclusivenews.com.br\/index.php?rest_route=\/wp\/v2\/users\/1"}],"replies":[{"embeddable":true,"href":"https:\/\/inclusivenews.com.br\/index.php?rest_route=%2Fwp%2Fv2%2Fcomments&post=30133"}],"version-history":[{"count":0,"href":"https:\/\/inclusivenews.com.br\/index.php?rest_route=\/wp\/v2\/posts\/30133\/revisions"}],"wp:attachment":[{"href":"https:\/\/inclusivenews.com.br\/index.php?rest_route=%2Fwp%2Fv2%2Fmedia&parent=30133"}],"wp:term":[{"taxonomy":"category","embeddable":true,"href":"https:\/\/inclusivenews.com.br\/index.php?rest_route=%2Fwp%2Fv2%2Fcategories&post=30133"},{"taxonomy":"post_tag","embeddable":true,"href":"https:\/\/inclusivenews.com.br\/index.php?rest_route=%2Fwp%2Fv2%2Ftags&post=30133"}],"curies":[{"name":"wp","href":"https:\/\/api.w.org\/{rel}","templated":true}]}}