{"id":30145,"date":"2017-03-26T08:22:08","date_gmt":"2017-03-26T11:22:08","guid":{"rendered":"http:\/\/www.inclusive.org.br\/?p=30145"},"modified":"2017-03-26T08:22:08","modified_gmt":"2017-03-26T11:22:08","slug":"a-cara-da-sindrome-de-down-no-brasil-vem-da-ucrania","status":"publish","type":"post","link":"https:\/\/inclusivenews.com.br\/?p=30145","title":{"rendered":"A cara da s\u00edndrome de Down no Brasil&#8230; vem da Ucr\u00e2nia"},"content":{"rendered":"<p><img loading=\"lazy\" decoding=\"async\" class=\"alignnone size-full wp-image-30146\" src=\"http:\/\/inclusivenews.com.br\/wp-content\/uploads\/maria-fotos.001.jpeg\" alt=\"varias fotos da menina maria em publicidades.\" width=\"1024\" height=\"768\" \/><\/p>\n<p data-font=\"17\">A repercuss\u00e3o do Dia Internacional da S\u00edndrome de Down no notici\u00e1rio e na m\u00eddia em geral aumenta e cada ano e isso \u00e9 muito positivo. Cada vez mais vemos as pessoas que nasceram com a s\u00edndrome falando por si pr\u00f3prias e mostrando seu potencial. Essa exposi\u00e7\u00e3o ajuda a derrubar barreiras e promover a inclus\u00e3o em todos os ambientes.<\/p>\n<p data-font=\"17\">Entre um mar de fo<span class=\"m_2471560030918560854gmail-text_exposed_show\">tos vistas esta semana, um rosto foi o campe\u00e3o. Uma menina de tran\u00e7a, olhos puxados e um lindo sorriso. Quem navegasse pela internet desavisadamente certamente acreditaria que ela \u00e9 uma celebridade brasileira. Um levantamento informal localizou a garota em cerca de 80% de todos os panfletos de divulga\u00e7\u00e3o dos mais de 200 eventos organizados no pa\u00eds, posts em sites e nas rede sociais. Mas quem \u00e9 essa menina?<\/span><\/p>\n<div class=\"m_2471560030918560854gmail-text_exposed_show\">\n<p data-font=\"17\">Trata-se de Maria, filha do fot\u00f3grafo, artista e escritor ucraniano Denis Kuvaev. A modelo \u00e9 a ca\u00e7ula de 4 irm\u00e3os e completa 12 anos em abril. A fam\u00edlia mora atualmente em Paris.\u00a0<a href=\"https:\/\/l.facebook.com\/l.php?u=https%3A%2F%2Fwww.shutterstock.com%2Fg%2FDenis%2BKuvaev&amp;h=ATMwm1eE_ktKftZS_XUexOFCOwSJ0h8rgjBWHmrvDIrFVp2U2_x2OP_n-vmPZHspHICeKsGzEyen4DHdxeJqetnTRHQiHupio5mTvfERnPcanJ170ayy0s-ZyO1jJXd9oFVAc8brZgSk&amp;enc=AZNO1A9HbTrWO99-n3HMBLpJ8pilmmJenIzGwCoOgxY9_gj7al93jneq6qfgiocjTmf9dDfsdpt1SO010waC7G0xb1sccHpN0YV5x5NB5Eh4EW_qaxyPUcLLxu-2Cz0JL8OgxuCe-Uq-_t4PYOUbaEfzeqEXi4wByCsxAEnsZp-nTKEqsEGy1Qo8kPjOvYvVCMA&amp;s=1\" target=\"_blank\" rel=\"nofollow noopener\" data-saferedirecturl=\"https:\/\/www.google.com\/url?hl=en&amp;q=https:\/\/l.facebook.com\/l.php?u%3Dhttps%253A%252F%252Fwww.shutterstock.com%252Fg%252FDenis%252BKuvaev%26h%3DATMwm1eE_ktKftZS_XUexOFCOwSJ0h8rgjBWHmrvDIrFVp2U2_x2OP_n-vmPZHspHICeKsGzEyen4DHdxeJqetnTRHQiHupio5mTvfERnPcanJ170ayy0s-ZyO1jJXd9oFVAc8brZgSk%26enc%3DAZNO1A9HbTrWO99-n3HMBLpJ8pilmmJenIzGwCoOgxY9_gj7al93jneq6qfgiocjTmf9dDfsdpt1SO010waC7G0xb1sccHpN0YV5x5NB5Eh4EW_qaxyPUcLLxu-2Cz0JL8OgxuCe-Uq-_t4PYOUbaEfzeqEXi4wByCsxAEnsZp-nTKEqsEGy1Qo8kPjOvYvVCMA%26s%3D1&amp;source=gmail&amp;ust=1490612786398000&amp;usg=AFQjCNGoCgcwSGhDfpsxIgoOMZVYZ1NcPg\" data-font=\"17\">https:\/\/www.<wbr \/>shutterstock.com\/g\/Denis+<wbr \/>Kuvaev<\/a><\/p>\n<p data-font=\"17\">Maria faz parte de v\u00e1rios bancos de imagem que s\u00e3o usados para ilustra\u00e7\u00e3o de materiais gr\u00e1ficos e digitais.<\/p>\n<p data-font=\"17\">A modelo n\u00e3o bombou s\u00f3 no Brasil. Ela tomou conta do mundo todo nessa semana.<\/p>\n<p data-font=\"17\">A falta de representatividade de \u201cpessoas reais\u201d n\u00e3o afeta apenas as pessoas com defici\u00eancia. A ONG Desabafo Social, que utiliza a comunica\u00e7\u00e3o para promover educa\u00e7\u00e3o em direitos humanos, fez um levantamento nos bancos de imagem mais utilizados no Brasil para explicitar a desigualdade racial nas fotos.<\/p>\n<p data-font=\"17\">\u201cHoje, quando algu\u00e9m faz uma busca em bancos de imagem, para aparecer pessoas negras \u00e9 preciso digitar \u201cnegro\u201d. Fora isso, praticamente desaparecemos dos resultados\u201d, diz o post na p\u00e1gina da ONG no Facebook. A organiza\u00e7\u00e3o lan\u00e7ou uma campanha em prol da representatividade negra na sociedade e est\u00e1 convidando os bancos de imagem a reverem seus algoritmos de busca, corrigindo essa desigualdade.<\/p>\n<p data-font=\"17\">Ser\u00e1 que ainda precisamos de modelos estrangeiros para representar pessoas no Brasil? E, numa popula\u00e7\u00e3o em que mais da metade se declara negra, temos que digitar a cor da pele para chegar a uma imagem que represente realmente a nossa identidade?<\/p>\n<p data-font=\"17\">E a\u00ed, fot\u00f3grafos, bancos de imagem, ag\u00eancias de modelo e de publicidade. O que est\u00e1 faltando pra termos acesso a pessoas que representem a diversidade brasileira de verdade?<\/p>\n<p data-font=\"17\">Patricia Almeida, jornalista<br \/>\n<a href=\"http:\/\/www.inclusive.org.br\/arquivos\/30077\">ODIM\u00cdDIA \u2013 Observat\u00f3rio da Diversidade na M\u00eddia<\/a><\/p>\n<\/div>\n","protected":false},"excerpt":{"rendered":"<p>A repercuss\u00e3o do Dia Internacional da S\u00edndrome de Down no notici\u00e1rio e na m\u00eddia em geral aumenta e cada ano e isso \u00e9 muito positivo. Cada vez mais vemos as pessoas que nasceram com a s\u00edndrome falando por si pr\u00f3prias e mostrando seu potencial. Essa exposi\u00e7\u00e3o ajuda a derrubar barreiras e promover a inclus\u00e3o em [&hellip;]<\/p>\n","protected":false},"author":1,"featured_media":0,"comment_status":"open","ping_status":"open","sticky":false,"template":"","format":"standard","meta":{"site-container-style":"default","site-container-layout":"default","site-sidebar-layout":"default","disable-article-header":"default","disable-site-header":"default","disable-site-footer":"default","disable-content-area-spacing":"default","footnotes":""},"categories":[29,38,48,76,4,376,396],"tags":[],"class_list":["post-30145","post","type-post","status-publish","format-standard","hentry","category-cultura","category-deficiencia","category-inclusao","category-midia-e-deficiencia","category-noticias","category-showz","category-wdsd-2017"],"yoast_head":"<!-- This site is optimized with the Yoast SEO plugin v27.4 - https:\/\/yoast.com\/product\/yoast-seo-wordpress\/ -->\n<title>A cara da s\u00edndrome de Down no Brasil... vem da Ucr\u00e2nia -<\/title>\n<meta name=\"robots\" content=\"index, follow, max-snippet:-1, max-image-preview:large, max-video-preview:-1\" \/>\n<link rel=\"canonical\" href=\"https:\/\/inclusivenews.com.br\/?p=30145\" \/>\n<meta property=\"og:locale\" content=\"pt_PT\" \/>\n<meta property=\"og:type\" content=\"article\" \/>\n<meta property=\"og:title\" content=\"A cara da s\u00edndrome de Down no Brasil... vem da Ucr\u00e2nia -\" \/>\n<meta property=\"og:description\" content=\"A repercuss\u00e3o do Dia Internacional da S\u00edndrome de Down no notici\u00e1rio e na m\u00eddia em geral aumenta e cada ano e isso \u00e9 muito positivo. Cada vez mais vemos as pessoas que nasceram com a s\u00edndrome falando por si pr\u00f3prias e mostrando seu potencial. Essa exposi\u00e7\u00e3o ajuda a derrubar barreiras e promover a inclus\u00e3o em [&hellip;]\" \/>\n<meta property=\"og:url\" content=\"https:\/\/inclusivenews.com.br\/?p=30145\" \/>\n<meta property=\"article:publisher\" content=\"https:\/\/www.facebook.com\/agenciainclusive\/\" \/>\n<meta property=\"article:published_time\" content=\"2017-03-26T11:22:08+00:00\" \/>\n<meta property=\"og:image\" content=\"http:\/\/inclusivenews.com.br\/wp-content\/uploads\/maria-fotos.001.jpeg\" \/>\n<meta name=\"author\" content=\"inclusivenews2024\" \/>\n<meta name=\"twitter:card\" content=\"summary_large_image\" \/>\n<meta name=\"twitter:label1\" content=\"Escrito por\" \/>\n\t<meta name=\"twitter:data1\" content=\"inclusivenews2024\" \/>\n\t<meta name=\"twitter:label2\" content=\"Tempo estimado de leitura\" \/>\n\t<meta name=\"twitter:data2\" content=\"2 minutos\" \/>\n<script type=\"application\/ld+json\" class=\"yoast-schema-graph\">{\"@context\":\"https:\\\/\\\/schema.org\",\"@graph\":[{\"@type\":\"Article\",\"@id\":\"https:\\\/\\\/inclusivenews.com.br\\\/?p=30145#article\",\"isPartOf\":{\"@id\":\"https:\\\/\\\/inclusivenews.com.br\\\/?p=30145\"},\"author\":{\"name\":\"inclusivenews2024\",\"@id\":\"https:\\\/\\\/inclusivenews.com.br\\\/#\\\/schema\\\/person\\\/ae4ec7087559b8692fb33b6fffd2273b\"},\"headline\":\"A cara da s\u00edndrome de Down no Brasil&#8230; vem da Ucr\u00e2nia\",\"datePublished\":\"2017-03-26T11:22:08+00:00\",\"mainEntityOfPage\":{\"@id\":\"https:\\\/\\\/inclusivenews.com.br\\\/?p=30145\"},\"wordCount\":426,\"commentCount\":1,\"publisher\":{\"@id\":\"https:\\\/\\\/inclusivenews.com.br\\\/#organization\"},\"image\":{\"@id\":\"https:\\\/\\\/inclusivenews.com.br\\\/?p=30145#primaryimage\"},\"thumbnailUrl\":\"http:\\\/\\\/inclusivenews.com.br\\\/wp-content\\\/uploads\\\/maria-fotos.001.jpeg\",\"articleSection\":[\"Cultura\",\"Defici\u00eancia\",\"INCLUS\u00c3O SOCIAL\",\"M\u00eddia e Defici\u00eancia\",\"NOT\u00cdCIAS\",\"SHOWZ\",\"WDSD 2017\"],\"inLanguage\":\"pt-PT\",\"potentialAction\":[{\"@type\":\"CommentAction\",\"name\":\"Comment\",\"target\":[\"https:\\\/\\\/inclusivenews.com.br\\\/?p=30145#respond\"]}]},{\"@type\":\"WebPage\",\"@id\":\"https:\\\/\\\/inclusivenews.com.br\\\/?p=30145\",\"url\":\"https:\\\/\\\/inclusivenews.com.br\\\/?p=30145\",\"name\":\"A cara da s\u00edndrome de Down no Brasil... vem da Ucr\u00e2nia -\",\"isPartOf\":{\"@id\":\"https:\\\/\\\/inclusivenews.com.br\\\/#website\"},\"primaryImageOfPage\":{\"@id\":\"https:\\\/\\\/inclusivenews.com.br\\\/?p=30145#primaryimage\"},\"image\":{\"@id\":\"https:\\\/\\\/inclusivenews.com.br\\\/?p=30145#primaryimage\"},\"thumbnailUrl\":\"http:\\\/\\\/inclusivenews.com.br\\\/wp-content\\\/uploads\\\/maria-fotos.001.jpeg\",\"datePublished\":\"2017-03-26T11:22:08+00:00\",\"breadcrumb\":{\"@id\":\"https:\\\/\\\/inclusivenews.com.br\\\/?p=30145#breadcrumb\"},\"inLanguage\":\"pt-PT\",\"potentialAction\":[{\"@type\":\"ReadAction\",\"target\":[\"https:\\\/\\\/inclusivenews.com.br\\\/?p=30145\"]}]},{\"@type\":\"ImageObject\",\"inLanguage\":\"pt-PT\",\"@id\":\"https:\\\/\\\/inclusivenews.com.br\\\/?p=30145#primaryimage\",\"url\":\"\",\"contentUrl\":\"\"},{\"@type\":\"BreadcrumbList\",\"@id\":\"https:\\\/\\\/inclusivenews.com.br\\\/?p=30145#breadcrumb\",\"itemListElement\":[{\"@type\":\"ListItem\",\"position\":1,\"name\":\"In\u00edcio\",\"item\":\"https:\\\/\\\/inclusivenews.com.br\\\/\"},{\"@type\":\"ListItem\",\"position\":2,\"name\":\"A cara da s\u00edndrome de Down no Brasil&#8230; vem da Ucr\u00e2nia\"}]},{\"@type\":\"WebSite\",\"@id\":\"https:\\\/\\\/inclusivenews.com.br\\\/#website\",\"url\":\"https:\\\/\\\/inclusivenews.com.br\\\/\",\"name\":\"Inclusive News\",\"description\":\"Inclusive News\",\"publisher\":{\"@id\":\"https:\\\/\\\/inclusivenews.com.br\\\/#organization\"},\"potentialAction\":[{\"@type\":\"SearchAction\",\"target\":{\"@type\":\"EntryPoint\",\"urlTemplate\":\"https:\\\/\\\/inclusivenews.com.br\\\/?s={search_term_string}\"},\"query-input\":{\"@type\":\"PropertyValueSpecification\",\"valueRequired\":true,\"valueName\":\"search_term_string\"}}],\"inLanguage\":\"pt-PT\"},{\"@type\":\"Organization\",\"@id\":\"https:\\\/\\\/inclusivenews.com.br\\\/#organization\",\"name\":\"Inclusive - inclus\u00e3o e cidadania\",\"url\":\"https:\\\/\\\/inclusivenews.com.br\\\/\",\"logo\":{\"@type\":\"ImageObject\",\"inLanguage\":\"pt-PT\",\"@id\":\"https:\\\/\\\/inclusivenews.com.br\\\/#\\\/schema\\\/logo\\\/image\\\/\",\"url\":\"https:\\\/\\\/inclusivenews.com.br\\\/wp-content\\\/uploads\\\/2024\\\/03\\\/@grandesite.png\",\"contentUrl\":\"https:\\\/\\\/inclusivenews.com.br\\\/wp-content\\\/uploads\\\/2024\\\/03\\\/@grandesite.png\",\"width\":1080,\"height\":1080,\"caption\":\"Inclusive - inclus\u00e3o e cidadania\"},\"image\":{\"@id\":\"https:\\\/\\\/inclusivenews.com.br\\\/#\\\/schema\\\/logo\\\/image\\\/\"},\"sameAs\":[\"https:\\\/\\\/www.facebook.com\\\/agenciainclusive\\\/\",\"https:\\\/\\\/www.instagram.com\\\/newsinclusive\\\/\"]},{\"@type\":\"Person\",\"@id\":\"https:\\\/\\\/inclusivenews.com.br\\\/#\\\/schema\\\/person\\\/ae4ec7087559b8692fb33b6fffd2273b\",\"name\":\"inclusivenews2024\",\"image\":{\"@type\":\"ImageObject\",\"inLanguage\":\"pt-PT\",\"@id\":\"https:\\\/\\\/secure.gravatar.com\\\/avatar\\\/c5a7ef84c66fa914f55bc4f7ce26cfa275a3b9a1c5568b907bd184fb4dde7b40?s=96&d=mm&r=g\",\"url\":\"https:\\\/\\\/secure.gravatar.com\\\/avatar\\\/c5a7ef84c66fa914f55bc4f7ce26cfa275a3b9a1c5568b907bd184fb4dde7b40?s=96&d=mm&r=g\",\"contentUrl\":\"https:\\\/\\\/secure.gravatar.com\\\/avatar\\\/c5a7ef84c66fa914f55bc4f7ce26cfa275a3b9a1c5568b907bd184fb4dde7b40?s=96&d=mm&r=g\",\"caption\":\"inclusivenews2024\"},\"sameAs\":[\"https:\\\/\\\/inclusivenews.com.br\"],\"url\":\"https:\\\/\\\/inclusivenews.com.br\\\/?author=1\"}]}<\/script>\n<!-- \/ Yoast SEO plugin. -->","yoast_head_json":{"title":"A cara da s\u00edndrome de Down no Brasil... vem da Ucr\u00e2nia -","robots":{"index":"index","follow":"follow","max-snippet":"max-snippet:-1","max-image-preview":"max-image-preview:large","max-video-preview":"max-video-preview:-1"},"canonical":"https:\/\/inclusivenews.com.br\/?p=30145","og_locale":"pt_PT","og_type":"article","og_title":"A cara da s\u00edndrome de Down no Brasil... vem da Ucr\u00e2nia -","og_description":"A repercuss\u00e3o do Dia Internacional da S\u00edndrome de Down no notici\u00e1rio e na m\u00eddia em geral aumenta e cada ano e isso \u00e9 muito positivo. Cada vez mais vemos as pessoas que nasceram com a s\u00edndrome falando por si pr\u00f3prias e mostrando seu potencial. Essa exposi\u00e7\u00e3o ajuda a derrubar barreiras e promover a inclus\u00e3o em [&hellip;]","og_url":"https:\/\/inclusivenews.com.br\/?p=30145","article_publisher":"https:\/\/www.facebook.com\/agenciainclusive\/","article_published_time":"2017-03-26T11:22:08+00:00","og_image":[{"url":"http:\/\/inclusivenews.com.br\/wp-content\/uploads\/maria-fotos.001.jpeg","type":"","width":"","height":""}],"author":"inclusivenews2024","twitter_card":"summary_large_image","twitter_misc":{"Escrito por":"inclusivenews2024","Tempo estimado de leitura":"2 minutos"},"schema":{"@context":"https:\/\/schema.org","@graph":[{"@type":"Article","@id":"https:\/\/inclusivenews.com.br\/?p=30145#article","isPartOf":{"@id":"https:\/\/inclusivenews.com.br\/?p=30145"},"author":{"name":"inclusivenews2024","@id":"https:\/\/inclusivenews.com.br\/#\/schema\/person\/ae4ec7087559b8692fb33b6fffd2273b"},"headline":"A cara da s\u00edndrome de Down no Brasil&#8230; vem da Ucr\u00e2nia","datePublished":"2017-03-26T11:22:08+00:00","mainEntityOfPage":{"@id":"https:\/\/inclusivenews.com.br\/?p=30145"},"wordCount":426,"commentCount":1,"publisher":{"@id":"https:\/\/inclusivenews.com.br\/#organization"},"image":{"@id":"https:\/\/inclusivenews.com.br\/?p=30145#primaryimage"},"thumbnailUrl":"http:\/\/inclusivenews.com.br\/wp-content\/uploads\/maria-fotos.001.jpeg","articleSection":["Cultura","Defici\u00eancia","INCLUS\u00c3O SOCIAL","M\u00eddia e Defici\u00eancia","NOT\u00cdCIAS","SHOWZ","WDSD 2017"],"inLanguage":"pt-PT","potentialAction":[{"@type":"CommentAction","name":"Comment","target":["https:\/\/inclusivenews.com.br\/?p=30145#respond"]}]},{"@type":"WebPage","@id":"https:\/\/inclusivenews.com.br\/?p=30145","url":"https:\/\/inclusivenews.com.br\/?p=30145","name":"A cara da s\u00edndrome de Down no Brasil... vem da Ucr\u00e2nia -","isPartOf":{"@id":"https:\/\/inclusivenews.com.br\/#website"},"primaryImageOfPage":{"@id":"https:\/\/inclusivenews.com.br\/?p=30145#primaryimage"},"image":{"@id":"https:\/\/inclusivenews.com.br\/?p=30145#primaryimage"},"thumbnailUrl":"http:\/\/inclusivenews.com.br\/wp-content\/uploads\/maria-fotos.001.jpeg","datePublished":"2017-03-26T11:22:08+00:00","breadcrumb":{"@id":"https:\/\/inclusivenews.com.br\/?p=30145#breadcrumb"},"inLanguage":"pt-PT","potentialAction":[{"@type":"ReadAction","target":["https:\/\/inclusivenews.com.br\/?p=30145"]}]},{"@type":"ImageObject","inLanguage":"pt-PT","@id":"https:\/\/inclusivenews.com.br\/?p=30145#primaryimage","url":"","contentUrl":""},{"@type":"BreadcrumbList","@id":"https:\/\/inclusivenews.com.br\/?p=30145#breadcrumb","itemListElement":[{"@type":"ListItem","position":1,"name":"In\u00edcio","item":"https:\/\/inclusivenews.com.br\/"},{"@type":"ListItem","position":2,"name":"A cara da s\u00edndrome de Down no Brasil&#8230; vem da Ucr\u00e2nia"}]},{"@type":"WebSite","@id":"https:\/\/inclusivenews.com.br\/#website","url":"https:\/\/inclusivenews.com.br\/","name":"Inclusive News","description":"Inclusive News","publisher":{"@id":"https:\/\/inclusivenews.com.br\/#organization"},"potentialAction":[{"@type":"SearchAction","target":{"@type":"EntryPoint","urlTemplate":"https:\/\/inclusivenews.com.br\/?s={search_term_string}"},"query-input":{"@type":"PropertyValueSpecification","valueRequired":true,"valueName":"search_term_string"}}],"inLanguage":"pt-PT"},{"@type":"Organization","@id":"https:\/\/inclusivenews.com.br\/#organization","name":"Inclusive - inclus\u00e3o e cidadania","url":"https:\/\/inclusivenews.com.br\/","logo":{"@type":"ImageObject","inLanguage":"pt-PT","@id":"https:\/\/inclusivenews.com.br\/#\/schema\/logo\/image\/","url":"https:\/\/inclusivenews.com.br\/wp-content\/uploads\/2024\/03\/@grandesite.png","contentUrl":"https:\/\/inclusivenews.com.br\/wp-content\/uploads\/2024\/03\/@grandesite.png","width":1080,"height":1080,"caption":"Inclusive - inclus\u00e3o e cidadania"},"image":{"@id":"https:\/\/inclusivenews.com.br\/#\/schema\/logo\/image\/"},"sameAs":["https:\/\/www.facebook.com\/agenciainclusive\/","https:\/\/www.instagram.com\/newsinclusive\/"]},{"@type":"Person","@id":"https:\/\/inclusivenews.com.br\/#\/schema\/person\/ae4ec7087559b8692fb33b6fffd2273b","name":"inclusivenews2024","image":{"@type":"ImageObject","inLanguage":"pt-PT","@id":"https:\/\/secure.gravatar.com\/avatar\/c5a7ef84c66fa914f55bc4f7ce26cfa275a3b9a1c5568b907bd184fb4dde7b40?s=96&d=mm&r=g","url":"https:\/\/secure.gravatar.com\/avatar\/c5a7ef84c66fa914f55bc4f7ce26cfa275a3b9a1c5568b907bd184fb4dde7b40?s=96&d=mm&r=g","contentUrl":"https:\/\/secure.gravatar.com\/avatar\/c5a7ef84c66fa914f55bc4f7ce26cfa275a3b9a1c5568b907bd184fb4dde7b40?s=96&d=mm&r=g","caption":"inclusivenews2024"},"sameAs":["https:\/\/inclusivenews.com.br"],"url":"https:\/\/inclusivenews.com.br\/?author=1"}]}},"_links":{"self":[{"href":"https:\/\/inclusivenews.com.br\/index.php?rest_route=\/wp\/v2\/posts\/30145","targetHints":{"allow":["GET"]}}],"collection":[{"href":"https:\/\/inclusivenews.com.br\/index.php?rest_route=\/wp\/v2\/posts"}],"about":[{"href":"https:\/\/inclusivenews.com.br\/index.php?rest_route=\/wp\/v2\/types\/post"}],"author":[{"embeddable":true,"href":"https:\/\/inclusivenews.com.br\/index.php?rest_route=\/wp\/v2\/users\/1"}],"replies":[{"embeddable":true,"href":"https:\/\/inclusivenews.com.br\/index.php?rest_route=%2Fwp%2Fv2%2Fcomments&post=30145"}],"version-history":[{"count":0,"href":"https:\/\/inclusivenews.com.br\/index.php?rest_route=\/wp\/v2\/posts\/30145\/revisions"}],"wp:attachment":[{"href":"https:\/\/inclusivenews.com.br\/index.php?rest_route=%2Fwp%2Fv2%2Fmedia&parent=30145"}],"wp:term":[{"taxonomy":"category","embeddable":true,"href":"https:\/\/inclusivenews.com.br\/index.php?rest_route=%2Fwp%2Fv2%2Fcategories&post=30145"},{"taxonomy":"post_tag","embeddable":true,"href":"https:\/\/inclusivenews.com.br\/index.php?rest_route=%2Fwp%2Fv2%2Ftags&post=30145"}],"curies":[{"name":"wp","href":"https:\/\/api.w.org\/{rel}","templated":true}]}}