{"id":30153,"date":"2017-03-29T09:59:55","date_gmt":"2017-03-29T12:59:55","guid":{"rendered":"http:\/\/www.inclusive.org.br\/?p=30153"},"modified":"2017-03-29T09:59:55","modified_gmt":"2017-03-29T12:59:55","slug":"blogueira-que-ofendeu-crianca-com-sindrome-de-down-pode-ser-presa","status":"publish","type":"post","link":"https:\/\/inclusivenews.com.br\/?p=30153","title":{"rendered":"Blogueira que ofendeu crian\u00e7a com S\u00edndrome de Down pode ser presa"},"content":{"rendered":"<p><img loading=\"lazy\" decoding=\"async\" class=\"alignnone size-full wp-image-30155\" src=\"http:\/\/inclusivenews.com.br\/wp-content\/uploads\/blogueira-sindrome-down.jpg\" alt=\"blogueira e posts com injurias.\" width=\"720\" height=\"303\" \/><\/p>\n<p class=\"par_texto para_texto_1\">A blogueira de moda Julia Salgueiro pode ser presa a qualquer momento, segundo informa\u00e7\u00f5es do delegado Paulo Rameh, da Pol\u00edcia Civil de Pernambuco.<\/p>\n<p class=\"par_texto\">\u201cIndependente de qualquer coisa, vou pedir a pris\u00e3o preventiva dela\u201d, sentenciou Rameh, frisando que a pris\u00e3o s\u00f3 pode ser solicitada no fim do inqu\u00e9rito, que pode durar at\u00e9 30 dias.<\/p>\n<p class=\"par_texto\">Julia est\u00e1 sendo processada ap\u00f3s publicar coment\u00e1rios depreciativos contra um beb\u00ea de 11 meses portador de S\u00edndrome de Down no Facebook.<\/p>\n<p class=\"par_texto\">O delegado Paulo assumiu o caso na \u00faltima sexta-feira, quando a m\u00e3e da crian\u00e7a ofendida prestou queixa da blogueira. Ela apresentou os prints dos coment\u00e1rios deixados por Julia em uma foto postada pela tia do beb\u00ea.<\/p>\n<p class=\"par_texto\">Na imagem, Julia comparou a crian\u00e7a at\u00e9 a \u201cum filhote de cachorro\u201d e o delegado considerou essas imagens como provas suficientes para dar andamento ao processo.<\/p>\n<p class=\"par_texto\">Segundo Paulo Rameh, o caso ser\u00e1 tratado como \u201cinj\u00faria qualificada\u201d, em raz\u00e3o da condi\u00e7\u00e3o da v\u00edtima ser uma crian\u00e7a portadora de defici\u00eancia.<\/p>\n<p class=\"par_texto\">\u201cEla fez um coment\u00e1rio extremamente ofensivo aos portadores de S\u00edndrome de Down\u201d, classificou o delegado.<\/p>\n<h3>Arrependida<\/h3>\n<p class=\"par_texto\">Em depoimento \u00e0 Pol\u00edcia Civil na tarde desta segunda-feira (27), a blogueira afirmou estar arrependida dos coment\u00e1rios preconceituosos.<\/p>\n<p class=\"par_texto\">Segundo o advogado Humberto Cavalcante, respons\u00e1vel pela defesa da blogueira, ela enfrenta uma depress\u00e3o. \u201cEla est\u00e1 passando por problemas depressivos, tomando medica\u00e7\u00e3o e tudo isso influenciou no que foi dito. Ela est\u00e1 bastante arrependida, tudo isso foi feito sem ter no\u00e7\u00e3o do que estava falando\u201d, argumentou o defensor.<\/p>\n<p class=\"par_texto\">O delegado Paulo Rameh ressaltou que o arrependimento de Julia n\u00e3o altera o ocorrido. \u201cNo \u00e2mbito da Pol\u00edcia Civil, a quest\u00e3o de ela ter colocado o arrependimento, n\u00e3o modifica o fato que ela praticou o crime. Talvez, dentro do Poder Judici\u00e1rio, pode ser favor\u00e1vel a ela no momento de um julgamento. Ela alegou que enfrenta problemas particulares e trouxe documentos que mostram que ela est\u00e1 me tratamento psicol\u00f3gico, demonstrou estar bastante abalada, era vis\u00edvel que a situa\u00e7\u00e3o emocional dela era muito forte\u201d, contou o delegado.<\/p>\n<p class=\"par_texto\">\u201cEla teve oportunidade de falar, colocar a sua opini\u00e3o, a sua defesa. Vamos concluir o inqu\u00e9rito nesta semana e encaminhar para o Judici\u00e1rio. Como a pena do crime que ela praticou chega a 5 anos, vou representar pela pris\u00e3o preventiva. N\u00e3o estamos aqui para julg\u00e1-la, e sim para encaminhar para o juiz, esse sim vai julgar\u201d, finalizou o delegado.<\/p>\n<h3>Entenda o caso<\/h3>\n<p class=\"par_texto\">Uma crian\u00e7a de 11 meses teve uma foto publicada nas redes sociais por sua tia na ter\u00e7a-feira (21), Dia Internacional da S\u00edndrome de Down.<\/p>\n<p class=\"par_texto\">Atrav\u00e9s dos coment\u00e1rios na publica\u00e7\u00e3o, a blogueira Julia Salgueiro comparou o beb\u00ea da foto a um filhote de cachorro e classificou como \u201cnojento\u201d o sexo entre pessoas com defici\u00eancia.<\/p>\n<p class=\"par_texto\">Em um dos coment\u00e1rios, ela afirmou que quem tem S\u00edndrome s\u00e3o \u201clindos quando s\u00e3o pequenos, mas quando crescem s\u00f3 pensam em\u2026\u201d, referindo-se de forma pejorativa ao ato sexual.<\/p>\n<p class=\"par_texto\">Fonte:\u00a0<a href=\"http:\/\/www.pragmatismopolitico.com.br\/2017\/03\/blogueira-que-ofendeu-crianca-com-sindrome-de-pode-ser-presa.html\">http:\/\/www.pragmatismopolitico.com.br\/2017\/03\/blogueira-que-ofendeu-crianca-com-sindrome-de-pode-ser-presa.html<\/a><\/p>\n","protected":false},"excerpt":{"rendered":"<p>A blogueira de moda Julia Salgueiro pode ser presa a qualquer momento, segundo informa\u00e7\u00f5es do delegado Paulo Rameh, da Pol\u00edcia Civil de Pernambuco. \u201cIndependente de qualquer coisa, vou pedir a pris\u00e3o preventiva dela\u201d, sentenciou Rameh, frisando que a pris\u00e3o s\u00f3 pode ser solicitada no fim do inqu\u00e9rito, que pode durar at\u00e9 30 dias. Julia est\u00e1 [&hellip;]<\/p>\n","protected":false},"author":1,"featured_media":0,"comment_status":"open","ping_status":"open","sticky":false,"template":"","format":"standard","meta":{"site-container-style":"default","site-container-layout":"default","site-sidebar-layout":"default","disable-article-header":"default","disable-site-header":"default","disable-site-footer":"default","disable-content-area-spacing":"default","footnotes":""},"categories":[38,13,11,39,41],"tags":[],"class_list":["post-30153","post","type-post","status-publish","format-standard","hentry","category-deficiencia","category-denuncias","category-direitos-humanos","category-discriminacao","category-preconceito"],"yoast_head":"<!-- This site is optimized with the Yoast SEO plugin v27.4 - https:\/\/yoast.com\/product\/yoast-seo-wordpress\/ -->\n<title>Blogueira que ofendeu crian\u00e7a com S\u00edndrome de Down pode ser presa -<\/title>\n<meta name=\"robots\" content=\"index, follow, max-snippet:-1, max-image-preview:large, max-video-preview:-1\" \/>\n<link rel=\"canonical\" href=\"https:\/\/inclusivenews.com.br\/?p=30153\" \/>\n<meta property=\"og:locale\" content=\"pt_PT\" \/>\n<meta property=\"og:type\" content=\"article\" \/>\n<meta property=\"og:title\" content=\"Blogueira que ofendeu crian\u00e7a com S\u00edndrome de Down pode ser presa -\" \/>\n<meta property=\"og:description\" content=\"A blogueira de moda Julia Salgueiro pode ser presa a qualquer momento, segundo informa\u00e7\u00f5es do delegado Paulo Rameh, da Pol\u00edcia Civil de Pernambuco. \u201cIndependente de qualquer coisa, vou pedir a pris\u00e3o preventiva dela\u201d, sentenciou Rameh, frisando que a pris\u00e3o s\u00f3 pode ser solicitada no fim do inqu\u00e9rito, que pode durar at\u00e9 30 dias. Julia est\u00e1 [&hellip;]\" \/>\n<meta property=\"og:url\" content=\"https:\/\/inclusivenews.com.br\/?p=30153\" \/>\n<meta property=\"article:publisher\" content=\"https:\/\/www.facebook.com\/agenciainclusive\/\" \/>\n<meta property=\"article:published_time\" content=\"2017-03-29T12:59:55+00:00\" \/>\n<meta property=\"og:image\" content=\"http:\/\/inclusivenews.com.br\/wp-content\/uploads\/blogueira-sindrome-down.jpg\" \/>\n<meta name=\"author\" content=\"inclusivenews2024\" \/>\n<meta name=\"twitter:card\" content=\"summary_large_image\" \/>\n<meta name=\"twitter:label1\" content=\"Escrito por\" \/>\n\t<meta name=\"twitter:data1\" content=\"inclusivenews2024\" \/>\n\t<meta name=\"twitter:label2\" content=\"Tempo estimado de leitura\" \/>\n\t<meta name=\"twitter:data2\" content=\"3 minutos\" \/>\n<script type=\"application\/ld+json\" class=\"yoast-schema-graph\">{\"@context\":\"https:\\\/\\\/schema.org\",\"@graph\":[{\"@type\":\"Article\",\"@id\":\"https:\\\/\\\/inclusivenews.com.br\\\/?p=30153#article\",\"isPartOf\":{\"@id\":\"https:\\\/\\\/inclusivenews.com.br\\\/?p=30153\"},\"author\":{\"name\":\"inclusivenews2024\",\"@id\":\"https:\\\/\\\/inclusivenews.com.br\\\/#\\\/schema\\\/person\\\/ae4ec7087559b8692fb33b6fffd2273b\"},\"headline\":\"Blogueira que ofendeu crian\u00e7a com S\u00edndrome de Down pode ser presa\",\"datePublished\":\"2017-03-29T12:59:55+00:00\",\"mainEntityOfPage\":{\"@id\":\"https:\\\/\\\/inclusivenews.com.br\\\/?p=30153\"},\"wordCount\":534,\"commentCount\":2,\"publisher\":{\"@id\":\"https:\\\/\\\/inclusivenews.com.br\\\/#organization\"},\"image\":{\"@id\":\"https:\\\/\\\/inclusivenews.com.br\\\/?p=30153#primaryimage\"},\"thumbnailUrl\":\"http:\\\/\\\/inclusivenews.com.br\\\/wp-content\\\/uploads\\\/blogueira-sindrome-down.jpg\",\"articleSection\":[\"Defici\u00eancia\",\"Den\u00fancias\",\"DIREITOS HUMANOS\",\"Discrimina\u00e7\u00e3o\",\"Preconceito\"],\"inLanguage\":\"pt-PT\",\"potentialAction\":[{\"@type\":\"CommentAction\",\"name\":\"Comment\",\"target\":[\"https:\\\/\\\/inclusivenews.com.br\\\/?p=30153#respond\"]}]},{\"@type\":\"WebPage\",\"@id\":\"https:\\\/\\\/inclusivenews.com.br\\\/?p=30153\",\"url\":\"https:\\\/\\\/inclusivenews.com.br\\\/?p=30153\",\"name\":\"Blogueira que ofendeu crian\u00e7a com S\u00edndrome de Down pode ser presa -\",\"isPartOf\":{\"@id\":\"https:\\\/\\\/inclusivenews.com.br\\\/#website\"},\"primaryImageOfPage\":{\"@id\":\"https:\\\/\\\/inclusivenews.com.br\\\/?p=30153#primaryimage\"},\"image\":{\"@id\":\"https:\\\/\\\/inclusivenews.com.br\\\/?p=30153#primaryimage\"},\"thumbnailUrl\":\"http:\\\/\\\/inclusivenews.com.br\\\/wp-content\\\/uploads\\\/blogueira-sindrome-down.jpg\",\"datePublished\":\"2017-03-29T12:59:55+00:00\",\"breadcrumb\":{\"@id\":\"https:\\\/\\\/inclusivenews.com.br\\\/?p=30153#breadcrumb\"},\"inLanguage\":\"pt-PT\",\"potentialAction\":[{\"@type\":\"ReadAction\",\"target\":[\"https:\\\/\\\/inclusivenews.com.br\\\/?p=30153\"]}]},{\"@type\":\"ImageObject\",\"inLanguage\":\"pt-PT\",\"@id\":\"https:\\\/\\\/inclusivenews.com.br\\\/?p=30153#primaryimage\",\"url\":\"\",\"contentUrl\":\"\"},{\"@type\":\"BreadcrumbList\",\"@id\":\"https:\\\/\\\/inclusivenews.com.br\\\/?p=30153#breadcrumb\",\"itemListElement\":[{\"@type\":\"ListItem\",\"position\":1,\"name\":\"In\u00edcio\",\"item\":\"https:\\\/\\\/inclusivenews.com.br\\\/\"},{\"@type\":\"ListItem\",\"position\":2,\"name\":\"Blogueira que ofendeu crian\u00e7a com S\u00edndrome de Down pode ser presa\"}]},{\"@type\":\"WebSite\",\"@id\":\"https:\\\/\\\/inclusivenews.com.br\\\/#website\",\"url\":\"https:\\\/\\\/inclusivenews.com.br\\\/\",\"name\":\"Inclusive News\",\"description\":\"Inclusive News\",\"publisher\":{\"@id\":\"https:\\\/\\\/inclusivenews.com.br\\\/#organization\"},\"potentialAction\":[{\"@type\":\"SearchAction\",\"target\":{\"@type\":\"EntryPoint\",\"urlTemplate\":\"https:\\\/\\\/inclusivenews.com.br\\\/?s={search_term_string}\"},\"query-input\":{\"@type\":\"PropertyValueSpecification\",\"valueRequired\":true,\"valueName\":\"search_term_string\"}}],\"inLanguage\":\"pt-PT\"},{\"@type\":\"Organization\",\"@id\":\"https:\\\/\\\/inclusivenews.com.br\\\/#organization\",\"name\":\"Inclusive - inclus\u00e3o e cidadania\",\"url\":\"https:\\\/\\\/inclusivenews.com.br\\\/\",\"logo\":{\"@type\":\"ImageObject\",\"inLanguage\":\"pt-PT\",\"@id\":\"https:\\\/\\\/inclusivenews.com.br\\\/#\\\/schema\\\/logo\\\/image\\\/\",\"url\":\"https:\\\/\\\/inclusivenews.com.br\\\/wp-content\\\/uploads\\\/2024\\\/03\\\/@grandesite.png\",\"contentUrl\":\"https:\\\/\\\/inclusivenews.com.br\\\/wp-content\\\/uploads\\\/2024\\\/03\\\/@grandesite.png\",\"width\":1080,\"height\":1080,\"caption\":\"Inclusive - inclus\u00e3o e cidadania\"},\"image\":{\"@id\":\"https:\\\/\\\/inclusivenews.com.br\\\/#\\\/schema\\\/logo\\\/image\\\/\"},\"sameAs\":[\"https:\\\/\\\/www.facebook.com\\\/agenciainclusive\\\/\",\"https:\\\/\\\/www.instagram.com\\\/newsinclusive\\\/\"]},{\"@type\":\"Person\",\"@id\":\"https:\\\/\\\/inclusivenews.com.br\\\/#\\\/schema\\\/person\\\/ae4ec7087559b8692fb33b6fffd2273b\",\"name\":\"inclusivenews2024\",\"image\":{\"@type\":\"ImageObject\",\"inLanguage\":\"pt-PT\",\"@id\":\"https:\\\/\\\/secure.gravatar.com\\\/avatar\\\/c5a7ef84c66fa914f55bc4f7ce26cfa275a3b9a1c5568b907bd184fb4dde7b40?s=96&d=mm&r=g\",\"url\":\"https:\\\/\\\/secure.gravatar.com\\\/avatar\\\/c5a7ef84c66fa914f55bc4f7ce26cfa275a3b9a1c5568b907bd184fb4dde7b40?s=96&d=mm&r=g\",\"contentUrl\":\"https:\\\/\\\/secure.gravatar.com\\\/avatar\\\/c5a7ef84c66fa914f55bc4f7ce26cfa275a3b9a1c5568b907bd184fb4dde7b40?s=96&d=mm&r=g\",\"caption\":\"inclusivenews2024\"},\"sameAs\":[\"https:\\\/\\\/inclusivenews.com.br\"],\"url\":\"https:\\\/\\\/inclusivenews.com.br\\\/?author=1\"}]}<\/script>\n<!-- \/ Yoast SEO plugin. -->","yoast_head_json":{"title":"Blogueira que ofendeu crian\u00e7a com S\u00edndrome de Down pode ser presa -","robots":{"index":"index","follow":"follow","max-snippet":"max-snippet:-1","max-image-preview":"max-image-preview:large","max-video-preview":"max-video-preview:-1"},"canonical":"https:\/\/inclusivenews.com.br\/?p=30153","og_locale":"pt_PT","og_type":"article","og_title":"Blogueira que ofendeu crian\u00e7a com S\u00edndrome de Down pode ser presa -","og_description":"A blogueira de moda Julia Salgueiro pode ser presa a qualquer momento, segundo informa\u00e7\u00f5es do delegado Paulo Rameh, da Pol\u00edcia Civil de Pernambuco. \u201cIndependente de qualquer coisa, vou pedir a pris\u00e3o preventiva dela\u201d, sentenciou Rameh, frisando que a pris\u00e3o s\u00f3 pode ser solicitada no fim do inqu\u00e9rito, que pode durar at\u00e9 30 dias. Julia est\u00e1 [&hellip;]","og_url":"https:\/\/inclusivenews.com.br\/?p=30153","article_publisher":"https:\/\/www.facebook.com\/agenciainclusive\/","article_published_time":"2017-03-29T12:59:55+00:00","og_image":[{"url":"http:\/\/inclusivenews.com.br\/wp-content\/uploads\/blogueira-sindrome-down.jpg","type":"","width":"","height":""}],"author":"inclusivenews2024","twitter_card":"summary_large_image","twitter_misc":{"Escrito por":"inclusivenews2024","Tempo estimado de leitura":"3 minutos"},"schema":{"@context":"https:\/\/schema.org","@graph":[{"@type":"Article","@id":"https:\/\/inclusivenews.com.br\/?p=30153#article","isPartOf":{"@id":"https:\/\/inclusivenews.com.br\/?p=30153"},"author":{"name":"inclusivenews2024","@id":"https:\/\/inclusivenews.com.br\/#\/schema\/person\/ae4ec7087559b8692fb33b6fffd2273b"},"headline":"Blogueira que ofendeu crian\u00e7a com S\u00edndrome de Down pode ser presa","datePublished":"2017-03-29T12:59:55+00:00","mainEntityOfPage":{"@id":"https:\/\/inclusivenews.com.br\/?p=30153"},"wordCount":534,"commentCount":2,"publisher":{"@id":"https:\/\/inclusivenews.com.br\/#organization"},"image":{"@id":"https:\/\/inclusivenews.com.br\/?p=30153#primaryimage"},"thumbnailUrl":"http:\/\/inclusivenews.com.br\/wp-content\/uploads\/blogueira-sindrome-down.jpg","articleSection":["Defici\u00eancia","Den\u00fancias","DIREITOS HUMANOS","Discrimina\u00e7\u00e3o","Preconceito"],"inLanguage":"pt-PT","potentialAction":[{"@type":"CommentAction","name":"Comment","target":["https:\/\/inclusivenews.com.br\/?p=30153#respond"]}]},{"@type":"WebPage","@id":"https:\/\/inclusivenews.com.br\/?p=30153","url":"https:\/\/inclusivenews.com.br\/?p=30153","name":"Blogueira que ofendeu crian\u00e7a com S\u00edndrome de Down pode ser presa -","isPartOf":{"@id":"https:\/\/inclusivenews.com.br\/#website"},"primaryImageOfPage":{"@id":"https:\/\/inclusivenews.com.br\/?p=30153#primaryimage"},"image":{"@id":"https:\/\/inclusivenews.com.br\/?p=30153#primaryimage"},"thumbnailUrl":"http:\/\/inclusivenews.com.br\/wp-content\/uploads\/blogueira-sindrome-down.jpg","datePublished":"2017-03-29T12:59:55+00:00","breadcrumb":{"@id":"https:\/\/inclusivenews.com.br\/?p=30153#breadcrumb"},"inLanguage":"pt-PT","potentialAction":[{"@type":"ReadAction","target":["https:\/\/inclusivenews.com.br\/?p=30153"]}]},{"@type":"ImageObject","inLanguage":"pt-PT","@id":"https:\/\/inclusivenews.com.br\/?p=30153#primaryimage","url":"","contentUrl":""},{"@type":"BreadcrumbList","@id":"https:\/\/inclusivenews.com.br\/?p=30153#breadcrumb","itemListElement":[{"@type":"ListItem","position":1,"name":"In\u00edcio","item":"https:\/\/inclusivenews.com.br\/"},{"@type":"ListItem","position":2,"name":"Blogueira que ofendeu crian\u00e7a com S\u00edndrome de Down pode ser presa"}]},{"@type":"WebSite","@id":"https:\/\/inclusivenews.com.br\/#website","url":"https:\/\/inclusivenews.com.br\/","name":"Inclusive News","description":"Inclusive News","publisher":{"@id":"https:\/\/inclusivenews.com.br\/#organization"},"potentialAction":[{"@type":"SearchAction","target":{"@type":"EntryPoint","urlTemplate":"https:\/\/inclusivenews.com.br\/?s={search_term_string}"},"query-input":{"@type":"PropertyValueSpecification","valueRequired":true,"valueName":"search_term_string"}}],"inLanguage":"pt-PT"},{"@type":"Organization","@id":"https:\/\/inclusivenews.com.br\/#organization","name":"Inclusive - inclus\u00e3o e cidadania","url":"https:\/\/inclusivenews.com.br\/","logo":{"@type":"ImageObject","inLanguage":"pt-PT","@id":"https:\/\/inclusivenews.com.br\/#\/schema\/logo\/image\/","url":"https:\/\/inclusivenews.com.br\/wp-content\/uploads\/2024\/03\/@grandesite.png","contentUrl":"https:\/\/inclusivenews.com.br\/wp-content\/uploads\/2024\/03\/@grandesite.png","width":1080,"height":1080,"caption":"Inclusive - inclus\u00e3o e cidadania"},"image":{"@id":"https:\/\/inclusivenews.com.br\/#\/schema\/logo\/image\/"},"sameAs":["https:\/\/www.facebook.com\/agenciainclusive\/","https:\/\/www.instagram.com\/newsinclusive\/"]},{"@type":"Person","@id":"https:\/\/inclusivenews.com.br\/#\/schema\/person\/ae4ec7087559b8692fb33b6fffd2273b","name":"inclusivenews2024","image":{"@type":"ImageObject","inLanguage":"pt-PT","@id":"https:\/\/secure.gravatar.com\/avatar\/c5a7ef84c66fa914f55bc4f7ce26cfa275a3b9a1c5568b907bd184fb4dde7b40?s=96&d=mm&r=g","url":"https:\/\/secure.gravatar.com\/avatar\/c5a7ef84c66fa914f55bc4f7ce26cfa275a3b9a1c5568b907bd184fb4dde7b40?s=96&d=mm&r=g","contentUrl":"https:\/\/secure.gravatar.com\/avatar\/c5a7ef84c66fa914f55bc4f7ce26cfa275a3b9a1c5568b907bd184fb4dde7b40?s=96&d=mm&r=g","caption":"inclusivenews2024"},"sameAs":["https:\/\/inclusivenews.com.br"],"url":"https:\/\/inclusivenews.com.br\/?author=1"}]}},"_links":{"self":[{"href":"https:\/\/inclusivenews.com.br\/index.php?rest_route=\/wp\/v2\/posts\/30153","targetHints":{"allow":["GET"]}}],"collection":[{"href":"https:\/\/inclusivenews.com.br\/index.php?rest_route=\/wp\/v2\/posts"}],"about":[{"href":"https:\/\/inclusivenews.com.br\/index.php?rest_route=\/wp\/v2\/types\/post"}],"author":[{"embeddable":true,"href":"https:\/\/inclusivenews.com.br\/index.php?rest_route=\/wp\/v2\/users\/1"}],"replies":[{"embeddable":true,"href":"https:\/\/inclusivenews.com.br\/index.php?rest_route=%2Fwp%2Fv2%2Fcomments&post=30153"}],"version-history":[{"count":0,"href":"https:\/\/inclusivenews.com.br\/index.php?rest_route=\/wp\/v2\/posts\/30153\/revisions"}],"wp:attachment":[{"href":"https:\/\/inclusivenews.com.br\/index.php?rest_route=%2Fwp%2Fv2%2Fmedia&parent=30153"}],"wp:term":[{"taxonomy":"category","embeddable":true,"href":"https:\/\/inclusivenews.com.br\/index.php?rest_route=%2Fwp%2Fv2%2Fcategories&post=30153"},{"taxonomy":"post_tag","embeddable":true,"href":"https:\/\/inclusivenews.com.br\/index.php?rest_route=%2Fwp%2Fv2%2Ftags&post=30153"}],"curies":[{"name":"wp","href":"https:\/\/api.w.org\/{rel}","templated":true}]}}