{"id":30272,"date":"2017-04-18T09:28:30","date_gmt":"2017-04-18T12:28:30","guid":{"rendered":"http:\/\/www.inclusive.org.br\/?p=30272"},"modified":"2017-04-18T09:28:30","modified_gmt":"2017-04-18T12:28:30","slug":"fiscais-do-trabalho-se-posicionam-contra-mudancas-na-lei-de-cotas-para-pessoas-com-deficiencia","status":"publish","type":"post","link":"https:\/\/inclusivenews.com.br\/?p=30272","title":{"rendered":"Fiscais do trabalho se posicionam contra mudan\u00e7as na lei de cotas para pessoas com defici\u00eancia"},"content":{"rendered":"<figure id=\"attachment_18423\" aria-describedby=\"caption-attachment-18423\" style=\"width: 555px\" class=\"wp-caption alignnone\"><img loading=\"lazy\" decoding=\"async\" class=\"size-full wp-image-18423\" src=\"http:\/\/inclusivenews.com.br\/wp-content\/uploads\/2011\/02\/mulher-e-trabalho.jpg\" alt=\"M\u00e3o feminina segurando carteira de trabalho\" width=\"555\" height=\"420\" \/><figcaption id=\"caption-attachment-18423\" class=\"wp-caption-text\">M\u00e3o feminina segurando carteira de trabalho<\/figcaption><\/figure>\n<p>Supervisores da Lei de Cotas no Trabalho para pessoas com defici\u00eancia, auditores fiscais, coordenadores e integrantes do Projeto de Inser\u00e7\u00e3o das<\/p>\n<p>Pessoas com Defici\u00eancia e Reabilitadas Estaduais e Nacional\u00a0apresentaram esclarecimentos e motivos para barrar a continuidade da proposta de mini-reforma\u00a0reforma<\/p>\n<p>trabalhista (PL 6787\/16) que corre \u00e0 toque de caixa no Congresso Nacional. Segundo os \u00a0especialistas, caso seja aprovada, a reforma praticamente acabar\u00e1 a obriga\u00e7\u00e3o<\/p>\n<p>das empresas em contratar trabalhadores com defici\u00eancia.<\/p>\n<p>&nbsp;<\/p>\n<p>O texto foi assinado\u00a0eletronicamente e individualmente, e os organizadores convidam\u00a0demais colegas que quiserem a tamb\u00e9m assin\u00e1-lo e divulg\u00e1-lo.<\/p>\n<p>&nbsp;<\/p>\n<p><strong>Considera\u00e7\u00f5es sobre a Reforma Trabalhista e a Lei de Cotas<\/strong><\/p>\n<p>&nbsp;<\/p>\n<p>Na introdu\u00e7\u00e3o do Relat\u00f3rio sobre o projeto de reforma trabalhista (PL<\/p>\n<p>6787\/16), o Deputado Rog\u00e9rio Marinho afirma que \u201cna busca de um resultado o mais<\/p>\n<p>amplo e democr\u00e1tico poss\u00edvel, decidimos ouvir todas as partes envolvidas\u201d. No<\/p>\n<p>entanto, quando relaciona os eventos e seus participantes n\u00e3o se encontra qualquer<\/p>\n<p>men\u00e7\u00e3o a representa\u00e7\u00e3o do segmento das pessoas com defici\u00eancia. Desconsidera o<\/p>\n<p>principal e fundamental lema das pessoas com defici\u00eancia \u201cnada sobre n\u00f3s sem n\u00f3s\u201d.<\/p>\n<p>De fato, como mencionado expressamente pelo Relator ao tentar justificar as<\/p>\n<p>altera\u00e7\u00f5es da Lei Cotas, as modifica\u00e7\u00f5es propostas visam exclusivamente atender aos<\/p>\n<p>empregadores que teriam relatado \u201cdificuldades de determinados segmentos<\/p>\n<p>empresariais em cumprir a norma relativa \u00e0 contrata\u00e7\u00e3o de um percentual de pessoas<\/p>\n<p>com defici\u00eancia\u201d.<\/p>\n<p>N\u00f3s, Auditores-Fiscais do Trabalho, constatamos diuturnamente a<\/p>\n<p>contrariedade do empresariado com a Lei de Cotas e com a efetiva\u00e7\u00e3o dos dispositivos<\/p>\n<p>constitucionais que disp\u00f5em sobre a fun\u00e7\u00e3o social da propriedade na valoriza\u00e7\u00e3o do<\/p>\n<p>trabalho humano, na colabora\u00e7\u00e3o para a redu\u00e7\u00e3o das desigualdades sociais e busca do<\/p>\n<p>pleno emprego.<\/p>\n<p>A Lei de Cotas tem sido respons\u00e1vel pela presen\u00e7a crescente das pessoas com<\/p>\n<p>defici\u00eancia e reabilitadas no mercado de trabalho. Em 2010 havia 306.013 pessoas<\/p>\n<p>com defici\u00eancia e reabilitadas com v\u00ednculo formal de emprego em nosso Pa\u00eds e, em<\/p>\n<p>2015, esse contingente foi para 403.255.<\/p>\n<p>O crescimento do emprego de pessoas com defici\u00eancia tem se dado em<\/p>\n<p>percentuais significativamente maiores que o da popula\u00e7\u00e3o em geral, o que evidencia<\/p>\n<p>a import\u00e2ncia da Lei de Cotas.<\/p>\n<p>Dados do Minist\u00e9rio do Trabalho revelam que 92% do total de<\/p>\n<p>reabilitados\/pessoas com defici\u00eancia que est\u00e3o no mercado formal de trabalho est\u00e3o<\/p>\n<p>empregados em empresas obrigadas a cumprir a Lei de Cotas. Se essa pol\u00edtica<\/p>\n<p>afirmativa n\u00e3o existisse, certamente os n\u00fameros seriam significativamente menores.<\/p>\n<p>&nbsp;<\/p>\n<p><strong>Efetivamente o que o substitutivo prop\u00f5e \u00e9 tornar in\u00f3cua a Lei de Cotas<\/strong><\/p>\n<p>&nbsp;<\/p>\n<p><strong>Da Exclus\u00e3o da base de c\u00e1lculo das fun\u00e7\u00f5es \u201cincompat\u00edveis com os<\/strong><\/p>\n<p><strong>benefici\u00e1rios reabilitados ou pessoas com defici\u00eancia\u201d<\/strong><\/p>\n<p>&nbsp;<\/p>\n<p>A experi\u00eancia da Auditoria Fiscal na inclus\u00e3o de pessoas com defici\u00eancia e<\/p>\n<p>reabilitadas demonstra que n\u00e3o h\u00e1 fun\u00e7\u00f5es incompat\u00edveis com esse segmento. Os<\/p>\n<p>dados do Minist\u00e9rio do Trabalho, baseados em informa\u00e7\u00f5es dadas pelas empresas<\/p>\n<p>atrav\u00e9s da RAIS \u2013 Rela\u00e7\u00e3o Anual de Informa\u00e7\u00f5es Sociais \u2013 revelam a presen\u00e7a desses<\/p>\n<p>trabalhadores em todos os segmentos empresariais e ocupa\u00e7\u00f5es profissionais<\/p>\n<p>existentes.<\/p>\n<p>Se fossem oferecidas as adapta\u00e7\u00f5es necess\u00e1rias, com fornecimento de<\/p>\n<p>acessibilidade, as pessoas com defici\u00eancia, independentemente de seus<\/p>\n<p>impedimentos, comprovariam possuir as habilidades exigidas pelas empresas para o<\/p>\n<p>desempenho das atividades.<\/p>\n<p>Ali\u00e1s, as Paralimp\u00edadas Rio 2016 demonstraram que n\u00e3o \u00e9 a defici\u00eancia que<\/p>\n<p>incapacita, sim o ambiente e os estere\u00f3tipos. Durante o evento foi poss\u00edvel assistir<\/p>\n<p>atletas praticando o esporte de todas as maneiras poss\u00edveis e nunca imaginadas:<\/p>\n<p>usando as m\u00e3os, os cotovelos, o peito, o queixo, a cabe\u00e7a ou at\u00e9 mesmo os sentidos.<\/p>\n<p>Diante disso, cabe indagar quais os crit\u00e9rios a serem adotados nas negocia\u00e7\u00f5es<\/p>\n<p>ou acordos coletivos para definir quais seriam as fun\u00e7\u00f5es incompat\u00edveis.<\/p>\n<p>A prop\u00f3sito, cabe esclarecer que o Sindicato de Empregados tem sua<\/p>\n<p>representatividade restrita aos trabalhadores com defici\u00eancia e reabilitados que j\u00e1<\/p>\n<p>est\u00e3o inseridos no mercado de trabalho. N\u00e3o representam, contudo, aquelas pessoas<\/p>\n<p>que ainda est\u00e3o exclu\u00eddas do exerc\u00edcio do direito do trabalho. Ali\u00e1s, essa \u00e9 a raz\u00e3o de<\/p>\n<p>ser dessa A\u00e7\u00e3o Afirmativa, permitir o acesso ao trabalho daquelas pessoas que, em<\/p>\n<p>raz\u00e3o de seus impedimentos, estigmas e aus\u00eancia de acessibilidade tem imensas<\/p>\n<p>dificuldades de obter e se manter no emprego. Portanto, falta aos Sindicatos<\/p>\n<p>legitimidade por decidir sobre o conjunto das pessoas com defici\u00eancia. Nesse contexto,<\/p>\n<p>corre-se o risco de que a flexibiliza\u00e7\u00e3o da Lei de Cotas se transforme numa simples<\/p>\n<p>moeda de troca oferecida e pautada pela representa\u00e7\u00e3o empresarial.<\/p>\n<p>Igualmente n\u00e3o poder\u00e1 o Minist\u00e9rio do Trabalho decretar quais seriam as<\/p>\n<p>fun\u00e7\u00f5es incompat\u00edveis, j\u00e1 que as estat\u00edsticas do mundo do trabalho que det\u00e9m<\/p>\n<p>demonstram justamente o contr\u00e1rio. Ou seja, h\u00e1 milhares de trabalhadores com<\/p>\n<p>defici\u00eancia e reabilitados em todos os segmentos econ\u00f4micos e ocupa\u00e7\u00f5es<\/p>\n<p>profissionais existentes no mercado de trabalho.<\/p>\n<p>De outra sorte, nem as negocia\u00e7\u00f5es coletivas e, tampouco, o Minist\u00e9rio do<\/p>\n<p>Trabalho podem dispor contrariamente \u00e0 Constitui\u00e7\u00e3o e a Conven\u00e7\u00e3o sobre os Direitos<\/p>\n<p>das Pessoas com Defici\u00eancia da ONU, inserida no sistema jur\u00eddico brasileiro com status<\/p>\n<p>de emenda constitucional. <strong>Segundo os ditames constitucionais, a pessoa com<\/strong><\/p>\n<p><strong>defici\u00eancia tem direito ao trabalho, em igualdade de oportunidades com as demais<\/strong><\/p>\n<p><strong>pessoas. Esse direito abrange o direito \u00e0 oportunidade de se manter com um<\/strong><\/p>\n<p><strong>trabalho de sua livre escolha.<\/strong><\/p>\n<p><strong>Assim sendo, a proposta do substitutivo de exclus\u00e3o de fun\u00e7\u00f5es da incid\u00eancia<\/strong><\/p>\n<p><strong>da Lei de Cotas \u00e9 no nosso entender inconstitucional por ferir o direito da pessoa<\/strong><\/p>\n<p><strong>com defici\u00eancia em escolher seu trabalho.<\/strong><\/p>\n<p>A Organiza\u00e7\u00e3o Internacional do Trabalho, analisando o Sistema de Cotas em<\/p>\n<p>v\u00e1rios pa\u00edses, mostra que em alguns deles a inclus\u00e3o fracassou, justamente em raz\u00e3o<\/p>\n<p>de isen\u00e7\u00f5es concedidas pelos governos para a sua aplica\u00e7\u00e3o, muitas vezes sem<\/p>\n<p>justificativa de motivos relevantes 1 .<\/p>\n<p><strong>Cabe indagar, ainda, o que acontecer\u00e1 com os milhares de pessoas com<\/strong><\/p>\n<p><strong>defici\u00eancia e reabilitadas que hoje trabalham nos segmentos e fun\u00e7\u00f5es que vierem a<\/strong><\/p>\n<p><strong>ser considerados incompat\u00edveis. Ir\u00e3o certamente engrossar as fileiras dos<\/strong><\/p>\n<p><strong>desempregados, da assist\u00eancia social para encaminhamento de pedidos de<\/strong><\/p>\n<p><strong>Benef\u00edcios da Presta\u00e7\u00e3o Continuada, ou, aqueles em processo de reabilita\u00e7\u00e3o ser\u00e3o<\/strong><\/p>\n<p>&nbsp;<\/p>\n<p><strong>conduzidos, precocemente, para aposentadorias por invalidez em raz\u00e3o da aus\u00eancia<\/strong><\/p>\n<p><strong>de oportunidades de trabalho.<\/strong><\/p>\n<p>&nbsp;<\/p>\n<p><strong>ISEN\u00c7\u00c3O DO PAGAMENTO DE MULTA PELO PRAZO M\u00c1XIMO DE 3 ANOS<\/strong><\/p>\n<p>Outra medida que visa, de fato, tornar in\u00f3cua a Lei de Cotas \u00e9 a de isentar as<\/p>\n<p>empresas do pagamento de multas. Ora, essa Lei est\u00e1 prestes a completar 26 anos de<\/p>\n<p>vig\u00eancia em nosso pa\u00eds.<\/p>\n<p>As empresas tiveram in\u00fameras oportunidades, nesse largo per\u00edodo, para se<\/p>\n<p>adequar \u00e0 imposi\u00e7\u00e3o da lei. Observa-se, no entanto, que esperam a provoca\u00e7\u00e3o do<\/p>\n<p>Minist\u00e9rio do Trabalho e do Minist\u00e9rio P\u00fablico do Trabalho para iniciarem as<\/p>\n<p>contrata\u00e7\u00f5es de empregados com defici\u00eancia e reabilitados.<\/p>\n<p>&nbsp;<\/p>\n<p><strong>COMPROVA\u00c7\u00c3O DE TODOS OS MEIOS POSS\u00cdVEIS PARA CONTRATA\u00c7\u00c3O<\/strong><\/p>\n<p>As hip\u00f3teses elencadas no Substitutivo que justificariam a isen\u00e7\u00e3o de<\/p>\n<p>pagamento de multas s\u00e3o: comprovem ter utilizado todos os meios poss\u00edveis para<\/p>\n<p>contrata\u00e7\u00e3o, incluindo o contato com programas oficiais de coloca\u00e7\u00e3o de m\u00e3o de obra,<\/p>\n<p>sites e organiza\u00e7\u00f5es n\u00e3o governamentais que atuem na causa da pessoa com<\/p>\n<p>defici\u00eancia e a oferta da vaga por meio de publica\u00e7\u00f5es em ve\u00edculos de m\u00eddia local e<\/p>\n<p>regional de grande circula\u00e7\u00e3o.<\/p>\n<p>Em rela\u00e7\u00e3o a poss\u00edveis divulga\u00e7\u00f5es de vagas cabe ressaltar que os an\u00fancios<\/p>\n<p>provam apenas que as vagas foram divulgadas, n\u00e3o a aus\u00eancia de candidatos, j\u00e1 que<\/p>\n<p>n\u00e3o se pode aferir essa situa\u00e7\u00e3o e tampouco se os profissionais que se apresentaram<\/p>\n<p>n\u00e3o foram selecionados em raz\u00e3o de restri\u00e7\u00f5es e discrimina\u00e7\u00f5es impostas no<\/p>\n<p>processo seletivo.<\/p>\n<p>Na realidade o que se observa \u00e9 que as empresas n\u00e3o est\u00e3o dotadas de<\/p>\n<p>acessibilidade. Tal fato conduz a busca de candidatos com defici\u00eancia com limita\u00e7\u00f5es<\/p>\n<p>leves, justamente para n\u00e3o promoverem as adapta\u00e7\u00f5es de seus espa\u00e7os,<\/p>\n<p>procedimentos, metodologia e t\u00e9cnicas, bem como da pr\u00f3pria organiza\u00e7\u00e3o do<\/p>\n<p>trabalho. Grande parte das pessoas com defici\u00eancia e reabilitadas, no entanto, n\u00e3o se<\/p>\n<p>encaixa nos perfis comumente requeridos pelo universo corporativo e encontram-se \u00e0<\/p>\n<p>margem do mundo do trabalho.<\/p>\n<p>S\u00e3o comuns an\u00fancios de emprego e processos seletivos restringindo as vagas<\/p>\n<p>para um determinado grau e tipo de defici\u00eancia. J\u00e1 se tornou um bord\u00e3o entre as<\/p>\n<p>pessoas com defici\u00eancia de que na realidade as empresas buscam &amp;quot;cegos que<\/p>\n<p>enxergam, usu\u00e1rios de cadeiras de rodas que andam, surdos que ouvem, pessoas com<\/p>\n<p>defici\u00eancia intelectual e mental sem impedimentos de natureza cognitiva ou<\/p>\n<p>psicossocial&amp;quot;.<\/p>\n<p>A Auditoria Fiscal do Trabalho tem mostrado reiteradamente que o n\u00e3o<\/p>\n<p>preenchimento das vagas n\u00e3o se deve a falta de candidatos com defici\u00eancia e, sim, \u00e0s<\/p>\n<p>exig\u00eancias das empresas. O perfil das vagas disponibilizadas \u00e9 altamente excludente e<\/p>\n<p>focado apenas nas defici\u00eancias leves.<\/p>\n<p>&nbsp;<\/p>\n<p><strong>CONSIDERA\u00c7\u00d5ES FINAIS<\/strong><\/p>\n<p>As empresas, que sempre se rebelaram contra a imposi\u00e7\u00e3o da Lei Cotas e<\/p>\n<p>tentaram por diversos modos desconstitu\u00ed-la nos \u00faltimos anos, encontraram no<\/p>\n<p>substitutivo uma forma de inviabiliz\u00e1-la sem debates p\u00fablicos.<\/p>\n<p>A flexibiliza\u00e7\u00e3o proposta pelo Substitutivo esvaziar\u00e1 a Lei de Cotas, tanto em<\/p>\n<p>sua abrang\u00eancia como no seu poder impositivo. <strong>Al\u00e9m de aumentar o desemprego das<\/strong><\/p>\n<p><strong>pessoas com defici\u00eancia que se encontram hoje no mercado formal, impedir\u00e1 o<\/strong><\/p>\n<p><strong>acesso ao emprego de um n\u00famero expressivo de pessoas, especialmente as com<\/strong><\/p>\n<p><strong>defici\u00eancias mais severas, exclu\u00eddas do mercado de trabalho a espera de exercer um<\/strong><\/p>\n<p><strong>dos mais importantes direitos de cidadania: o do trabalho.<\/strong><\/p>\n<p><strong>Ressalte-se que o substitutivo tamb\u00e9m inviabilizar\u00e1 o tr\u00e2nsito daquelas<\/strong><\/p>\n<p><strong>pessoas com defici\u00eancia mais pobres, benefici\u00e1rias do BPC, para o mundo do<\/strong><\/p>\n<p><strong>trabalho e que, por consequ\u00eancia, deixam de receber o LOAS depois de se<\/strong><\/p>\n<p><strong>qualificarem, por meio da aprendizagem profissional.<span style=\"text-decoration: underline;\"> Ou seja, no lugar de diminuir<\/span><\/strong><\/p>\n<p><span style=\"text-decoration: underline;\"><strong>os custos com o pagamento do BPC, os cofres p\u00fablicos ter\u00e3o que arcar com o<\/strong><\/span><\/p>\n<p><span style=\"text-decoration: underline;\"><strong>ingresso de milhares de novos benefici\u00e1rios, que n\u00e3o ter\u00e3o outra estrat\u00e9gia de<\/strong><\/span><\/p>\n<p><span style=\"text-decoration: underline;\"><strong>sobreviv\u00eancia diante do aumento do desemprego.<\/strong><\/span><\/p>\n<p><strong>\u00c9 incompreens\u00edvel que, na mesma legislatura, o Congresso redator de uma<\/strong><\/p>\n<p><strong>das mais avan\u00e7adas legisla\u00e7\u00f5es como o Estatuto da Pessoa com Defici\u00eancia \u2013 Lei<\/strong><\/p>\n<p><strong>Brasileira de Inclus\u00e3o (Lei 13.146\/2015), em menos de dois anos possa acolher essa<\/strong><\/p>\n<p><strong>perversidade contra as pessoas com defici\u00eancia e reabilitadas.<\/strong><\/p>\n<p>&nbsp;<\/p>\n<p><strong>N\u00f3s Auditores Fiscais, coordenadores e integrantes do Projeto de Inser\u00e7\u00e3o das<\/strong><\/p>\n<p><strong>Pessoas com Defici\u00eancia e Reabilitadas Estaduais e Nacional, abaixo-assinados, n\u00e3o<\/strong><\/p>\n<p><strong>podemos nos calar nesse momento!<\/strong><\/p>\n<p>&nbsp;<\/p>\n<p>Fernanda Maria Pessoa di Cavalcanti\/ Respons\u00e1vel Nacional<\/p>\n<p>Ana Maria Machado da Costa\/ RS<\/p>\n<p>Fernando Sampaio Cabral \/ PE<\/p>\n<p>Jos\u00e9 Carlos do Carmo\/SP<\/p>\n<p>Lailah Vasconcelos de Oliveira Vilela\/ MG<\/p>\n<p>Leandro Andrade Carvalho\/AL<\/p>\n<p>Patricia Siqueira \/ MG<\/p>\n<p>Rafael Faria Giguer\/RS<\/p>\n<p>Tatiana da Motta Sales Barreto\/RJ<\/p>\n<p>Tais Arruti Lyrio Lisboa\/SIT<\/p>\n<p>Val\u00e9ria F\u00e9lix Campos\/MA<\/p>\n<p>&nbsp;<\/p>\n<p><em>1 Lograr la igualdad de oportunidades en el empleo para las personas con discapacidad a trav\u00e9s de la legislaci\u00f3n: Directrices. OIT, \u00a0<\/em><\/p>\n<p><em>25 de noviembre de 2014 <a href=\"http:\/\/www.ilo.org\/wcmsp5\/groups\/public\/-- -ed_emp\/- -- ifp_skills\/documents\/publication\/wcms_322694.pdf\">http:\/\/www.ilo.org\/wcmsp5\/groups\/public\/&#8211; -ed_emp\/- &#8212;<\/a><\/em><\/p>\n<p><em>ifp_skills\/documents\/publication\/wcms_322694.pdf<\/em><\/p>\n<p>&nbsp;<\/p>\n<p>&nbsp;<\/p>\n","protected":false},"excerpt":{"rendered":"<p>Supervisores da Lei de Cotas no Trabalho para pessoas com defici\u00eancia, auditores fiscais, coordenadores e integrantes do Projeto de Inser\u00e7\u00e3o das Pessoas com Defici\u00eancia e Reabilitadas Estaduais e Nacional\u00a0apresentaram esclarecimentos e motivos para barrar a continuidade da proposta de mini-reforma\u00a0reforma trabalhista (PL 6787\/16) que corre \u00e0 toque de caixa no Congresso Nacional. Segundo os \u00a0especialistas, [&hellip;]<\/p>\n","protected":false},"author":1,"featured_media":0,"comment_status":"open","ping_status":"open","sticky":false,"template":"","format":"standard","meta":{"site-container-style":"default","site-container-layout":"default","site-sidebar-layout":"default","disable-article-header":"default","disable-site-header":"default","disable-site-footer":"default","disable-content-area-spacing":"default","footnotes":""},"categories":[5,38,48,358,26,46,49],"tags":[],"class_list":["post-30272","post","type-post","status-publish","format-standard","hentry","category-convencao","category-deficiencia","category-inclusao","category-lei-brasileira-de-inclusao","category-legislacao","category-mercado-de-trabalho","category-politicas-publicas"],"yoast_head":"<!-- This site is optimized with the Yoast SEO plugin v27.4 - https:\/\/yoast.com\/product\/yoast-seo-wordpress\/ -->\n<title>Fiscais do trabalho se posicionam contra mudan\u00e7as na lei de cotas para pessoas com defici\u00eancia -<\/title>\n<meta name=\"robots\" content=\"index, follow, max-snippet:-1, max-image-preview:large, max-video-preview:-1\" \/>\n<link rel=\"canonical\" href=\"https:\/\/inclusivenews.com.br\/?p=30272\" \/>\n<meta property=\"og:locale\" content=\"pt_PT\" \/>\n<meta property=\"og:type\" content=\"article\" \/>\n<meta property=\"og:title\" content=\"Fiscais do trabalho se posicionam contra mudan\u00e7as na lei de cotas para pessoas com defici\u00eancia -\" \/>\n<meta property=\"og:description\" content=\"Supervisores da Lei de Cotas no Trabalho para pessoas com defici\u00eancia, auditores fiscais, coordenadores e integrantes do Projeto de Inser\u00e7\u00e3o das Pessoas com Defici\u00eancia e Reabilitadas Estaduais e Nacional\u00a0apresentaram esclarecimentos e motivos para barrar a continuidade da proposta de mini-reforma\u00a0reforma trabalhista (PL 6787\/16) que corre \u00e0 toque de caixa no Congresso Nacional. Segundo os \u00a0especialistas, [&hellip;]\" \/>\n<meta property=\"og:url\" content=\"https:\/\/inclusivenews.com.br\/?p=30272\" \/>\n<meta property=\"article:publisher\" content=\"https:\/\/www.facebook.com\/agenciainclusive\/\" \/>\n<meta property=\"article:published_time\" content=\"2017-04-18T12:28:30+00:00\" \/>\n<meta property=\"og:image\" content=\"http:\/\/inclusivenews.com.br\/wp-content\/uploads\/2011\/02\/mulher-e-trabalho.jpg\" \/>\n<meta name=\"author\" content=\"inclusivenews2024\" \/>\n<meta name=\"twitter:card\" content=\"summary_large_image\" \/>\n<meta name=\"twitter:label1\" content=\"Escrito por\" \/>\n\t<meta name=\"twitter:data1\" content=\"inclusivenews2024\" \/>\n\t<meta name=\"twitter:label2\" content=\"Tempo estimado de leitura\" \/>\n\t<meta name=\"twitter:data2\" content=\"10 minutos\" \/>\n<script type=\"application\/ld+json\" class=\"yoast-schema-graph\">{\"@context\":\"https:\\\/\\\/schema.org\",\"@graph\":[{\"@type\":\"Article\",\"@id\":\"https:\\\/\\\/inclusivenews.com.br\\\/?p=30272#article\",\"isPartOf\":{\"@id\":\"https:\\\/\\\/inclusivenews.com.br\\\/?p=30272\"},\"author\":{\"name\":\"inclusivenews2024\",\"@id\":\"https:\\\/\\\/inclusivenews.com.br\\\/#\\\/schema\\\/person\\\/ae4ec7087559b8692fb33b6fffd2273b\"},\"headline\":\"Fiscais do trabalho se posicionam contra mudan\u00e7as na lei de cotas para pessoas com defici\u00eancia\",\"datePublished\":\"2017-04-18T12:28:30+00:00\",\"mainEntityOfPage\":{\"@id\":\"https:\\\/\\\/inclusivenews.com.br\\\/?p=30272\"},\"wordCount\":1982,\"commentCount\":1,\"publisher\":{\"@id\":\"https:\\\/\\\/inclusivenews.com.br\\\/#organization\"},\"image\":{\"@id\":\"https:\\\/\\\/inclusivenews.com.br\\\/?p=30272#primaryimage\"},\"thumbnailUrl\":\"http:\\\/\\\/inclusivenews.com.br\\\/wp-content\\\/uploads\\\/2011\\\/02\\\/mulher-e-trabalho.jpg\",\"articleSection\":[\"Conven\u00e7\u00e3o\",\"Defici\u00eancia\",\"INCLUS\u00c3O SOCIAL\",\"LBI\",\"Legisla\u00e7\u00e3o ...\",\"Mercado de Trabalho\",\"Pol\u00edticas p\u00fablicas\"],\"inLanguage\":\"pt-PT\",\"potentialAction\":[{\"@type\":\"CommentAction\",\"name\":\"Comment\",\"target\":[\"https:\\\/\\\/inclusivenews.com.br\\\/?p=30272#respond\"]}]},{\"@type\":\"WebPage\",\"@id\":\"https:\\\/\\\/inclusivenews.com.br\\\/?p=30272\",\"url\":\"https:\\\/\\\/inclusivenews.com.br\\\/?p=30272\",\"name\":\"Fiscais do trabalho se posicionam contra mudan\u00e7as na lei de cotas para pessoas com defici\u00eancia -\",\"isPartOf\":{\"@id\":\"https:\\\/\\\/inclusivenews.com.br\\\/#website\"},\"primaryImageOfPage\":{\"@id\":\"https:\\\/\\\/inclusivenews.com.br\\\/?p=30272#primaryimage\"},\"image\":{\"@id\":\"https:\\\/\\\/inclusivenews.com.br\\\/?p=30272#primaryimage\"},\"thumbnailUrl\":\"http:\\\/\\\/inclusivenews.com.br\\\/wp-content\\\/uploads\\\/2011\\\/02\\\/mulher-e-trabalho.jpg\",\"datePublished\":\"2017-04-18T12:28:30+00:00\",\"breadcrumb\":{\"@id\":\"https:\\\/\\\/inclusivenews.com.br\\\/?p=30272#breadcrumb\"},\"inLanguage\":\"pt-PT\",\"potentialAction\":[{\"@type\":\"ReadAction\",\"target\":[\"https:\\\/\\\/inclusivenews.com.br\\\/?p=30272\"]}]},{\"@type\":\"ImageObject\",\"inLanguage\":\"pt-PT\",\"@id\":\"https:\\\/\\\/inclusivenews.com.br\\\/?p=30272#primaryimage\",\"url\":\"\",\"contentUrl\":\"\"},{\"@type\":\"BreadcrumbList\",\"@id\":\"https:\\\/\\\/inclusivenews.com.br\\\/?p=30272#breadcrumb\",\"itemListElement\":[{\"@type\":\"ListItem\",\"position\":1,\"name\":\"In\u00edcio\",\"item\":\"https:\\\/\\\/inclusivenews.com.br\\\/\"},{\"@type\":\"ListItem\",\"position\":2,\"name\":\"Fiscais do trabalho se posicionam contra mudan\u00e7as na lei de cotas para pessoas com defici\u00eancia\"}]},{\"@type\":\"WebSite\",\"@id\":\"https:\\\/\\\/inclusivenews.com.br\\\/#website\",\"url\":\"https:\\\/\\\/inclusivenews.com.br\\\/\",\"name\":\"Inclusive News\",\"description\":\"Inclusive News\",\"publisher\":{\"@id\":\"https:\\\/\\\/inclusivenews.com.br\\\/#organization\"},\"potentialAction\":[{\"@type\":\"SearchAction\",\"target\":{\"@type\":\"EntryPoint\",\"urlTemplate\":\"https:\\\/\\\/inclusivenews.com.br\\\/?s={search_term_string}\"},\"query-input\":{\"@type\":\"PropertyValueSpecification\",\"valueRequired\":true,\"valueName\":\"search_term_string\"}}],\"inLanguage\":\"pt-PT\"},{\"@type\":\"Organization\",\"@id\":\"https:\\\/\\\/inclusivenews.com.br\\\/#organization\",\"name\":\"Inclusive - inclus\u00e3o e cidadania\",\"url\":\"https:\\\/\\\/inclusivenews.com.br\\\/\",\"logo\":{\"@type\":\"ImageObject\",\"inLanguage\":\"pt-PT\",\"@id\":\"https:\\\/\\\/inclusivenews.com.br\\\/#\\\/schema\\\/logo\\\/image\\\/\",\"url\":\"https:\\\/\\\/inclusivenews.com.br\\\/wp-content\\\/uploads\\\/2024\\\/03\\\/@grandesite.png\",\"contentUrl\":\"https:\\\/\\\/inclusivenews.com.br\\\/wp-content\\\/uploads\\\/2024\\\/03\\\/@grandesite.png\",\"width\":1080,\"height\":1080,\"caption\":\"Inclusive - inclus\u00e3o e cidadania\"},\"image\":{\"@id\":\"https:\\\/\\\/inclusivenews.com.br\\\/#\\\/schema\\\/logo\\\/image\\\/\"},\"sameAs\":[\"https:\\\/\\\/www.facebook.com\\\/agenciainclusive\\\/\",\"https:\\\/\\\/www.instagram.com\\\/newsinclusive\\\/\"]},{\"@type\":\"Person\",\"@id\":\"https:\\\/\\\/inclusivenews.com.br\\\/#\\\/schema\\\/person\\\/ae4ec7087559b8692fb33b6fffd2273b\",\"name\":\"inclusivenews2024\",\"image\":{\"@type\":\"ImageObject\",\"inLanguage\":\"pt-PT\",\"@id\":\"https:\\\/\\\/secure.gravatar.com\\\/avatar\\\/c5a7ef84c66fa914f55bc4f7ce26cfa275a3b9a1c5568b907bd184fb4dde7b40?s=96&d=mm&r=g\",\"url\":\"https:\\\/\\\/secure.gravatar.com\\\/avatar\\\/c5a7ef84c66fa914f55bc4f7ce26cfa275a3b9a1c5568b907bd184fb4dde7b40?s=96&d=mm&r=g\",\"contentUrl\":\"https:\\\/\\\/secure.gravatar.com\\\/avatar\\\/c5a7ef84c66fa914f55bc4f7ce26cfa275a3b9a1c5568b907bd184fb4dde7b40?s=96&d=mm&r=g\",\"caption\":\"inclusivenews2024\"},\"sameAs\":[\"https:\\\/\\\/inclusivenews.com.br\"],\"url\":\"https:\\\/\\\/inclusivenews.com.br\\\/?author=1\"}]}<\/script>\n<!-- \/ Yoast SEO plugin. -->","yoast_head_json":{"title":"Fiscais do trabalho se posicionam contra mudan\u00e7as na lei de cotas para pessoas com defici\u00eancia -","robots":{"index":"index","follow":"follow","max-snippet":"max-snippet:-1","max-image-preview":"max-image-preview:large","max-video-preview":"max-video-preview:-1"},"canonical":"https:\/\/inclusivenews.com.br\/?p=30272","og_locale":"pt_PT","og_type":"article","og_title":"Fiscais do trabalho se posicionam contra mudan\u00e7as na lei de cotas para pessoas com defici\u00eancia -","og_description":"Supervisores da Lei de Cotas no Trabalho para pessoas com defici\u00eancia, auditores fiscais, coordenadores e integrantes do Projeto de Inser\u00e7\u00e3o das Pessoas com Defici\u00eancia e Reabilitadas Estaduais e Nacional\u00a0apresentaram esclarecimentos e motivos para barrar a continuidade da proposta de mini-reforma\u00a0reforma trabalhista (PL 6787\/16) que corre \u00e0 toque de caixa no Congresso Nacional. Segundo os \u00a0especialistas, [&hellip;]","og_url":"https:\/\/inclusivenews.com.br\/?p=30272","article_publisher":"https:\/\/www.facebook.com\/agenciainclusive\/","article_published_time":"2017-04-18T12:28:30+00:00","og_image":[{"url":"http:\/\/inclusivenews.com.br\/wp-content\/uploads\/2011\/02\/mulher-e-trabalho.jpg","type":"","width":"","height":""}],"author":"inclusivenews2024","twitter_card":"summary_large_image","twitter_misc":{"Escrito por":"inclusivenews2024","Tempo estimado de leitura":"10 minutos"},"schema":{"@context":"https:\/\/schema.org","@graph":[{"@type":"Article","@id":"https:\/\/inclusivenews.com.br\/?p=30272#article","isPartOf":{"@id":"https:\/\/inclusivenews.com.br\/?p=30272"},"author":{"name":"inclusivenews2024","@id":"https:\/\/inclusivenews.com.br\/#\/schema\/person\/ae4ec7087559b8692fb33b6fffd2273b"},"headline":"Fiscais do trabalho se posicionam contra mudan\u00e7as na lei de cotas para pessoas com defici\u00eancia","datePublished":"2017-04-18T12:28:30+00:00","mainEntityOfPage":{"@id":"https:\/\/inclusivenews.com.br\/?p=30272"},"wordCount":1982,"commentCount":1,"publisher":{"@id":"https:\/\/inclusivenews.com.br\/#organization"},"image":{"@id":"https:\/\/inclusivenews.com.br\/?p=30272#primaryimage"},"thumbnailUrl":"http:\/\/inclusivenews.com.br\/wp-content\/uploads\/2011\/02\/mulher-e-trabalho.jpg","articleSection":["Conven\u00e7\u00e3o","Defici\u00eancia","INCLUS\u00c3O SOCIAL","LBI","Legisla\u00e7\u00e3o ...","Mercado de Trabalho","Pol\u00edticas p\u00fablicas"],"inLanguage":"pt-PT","potentialAction":[{"@type":"CommentAction","name":"Comment","target":["https:\/\/inclusivenews.com.br\/?p=30272#respond"]}]},{"@type":"WebPage","@id":"https:\/\/inclusivenews.com.br\/?p=30272","url":"https:\/\/inclusivenews.com.br\/?p=30272","name":"Fiscais do trabalho se posicionam contra mudan\u00e7as na lei de cotas para pessoas com defici\u00eancia -","isPartOf":{"@id":"https:\/\/inclusivenews.com.br\/#website"},"primaryImageOfPage":{"@id":"https:\/\/inclusivenews.com.br\/?p=30272#primaryimage"},"image":{"@id":"https:\/\/inclusivenews.com.br\/?p=30272#primaryimage"},"thumbnailUrl":"http:\/\/inclusivenews.com.br\/wp-content\/uploads\/2011\/02\/mulher-e-trabalho.jpg","datePublished":"2017-04-18T12:28:30+00:00","breadcrumb":{"@id":"https:\/\/inclusivenews.com.br\/?p=30272#breadcrumb"},"inLanguage":"pt-PT","potentialAction":[{"@type":"ReadAction","target":["https:\/\/inclusivenews.com.br\/?p=30272"]}]},{"@type":"ImageObject","inLanguage":"pt-PT","@id":"https:\/\/inclusivenews.com.br\/?p=30272#primaryimage","url":"","contentUrl":""},{"@type":"BreadcrumbList","@id":"https:\/\/inclusivenews.com.br\/?p=30272#breadcrumb","itemListElement":[{"@type":"ListItem","position":1,"name":"In\u00edcio","item":"https:\/\/inclusivenews.com.br\/"},{"@type":"ListItem","position":2,"name":"Fiscais do trabalho se posicionam contra mudan\u00e7as na lei de cotas para pessoas com defici\u00eancia"}]},{"@type":"WebSite","@id":"https:\/\/inclusivenews.com.br\/#website","url":"https:\/\/inclusivenews.com.br\/","name":"Inclusive News","description":"Inclusive News","publisher":{"@id":"https:\/\/inclusivenews.com.br\/#organization"},"potentialAction":[{"@type":"SearchAction","target":{"@type":"EntryPoint","urlTemplate":"https:\/\/inclusivenews.com.br\/?s={search_term_string}"},"query-input":{"@type":"PropertyValueSpecification","valueRequired":true,"valueName":"search_term_string"}}],"inLanguage":"pt-PT"},{"@type":"Organization","@id":"https:\/\/inclusivenews.com.br\/#organization","name":"Inclusive - inclus\u00e3o e cidadania","url":"https:\/\/inclusivenews.com.br\/","logo":{"@type":"ImageObject","inLanguage":"pt-PT","@id":"https:\/\/inclusivenews.com.br\/#\/schema\/logo\/image\/","url":"https:\/\/inclusivenews.com.br\/wp-content\/uploads\/2024\/03\/@grandesite.png","contentUrl":"https:\/\/inclusivenews.com.br\/wp-content\/uploads\/2024\/03\/@grandesite.png","width":1080,"height":1080,"caption":"Inclusive - inclus\u00e3o e cidadania"},"image":{"@id":"https:\/\/inclusivenews.com.br\/#\/schema\/logo\/image\/"},"sameAs":["https:\/\/www.facebook.com\/agenciainclusive\/","https:\/\/www.instagram.com\/newsinclusive\/"]},{"@type":"Person","@id":"https:\/\/inclusivenews.com.br\/#\/schema\/person\/ae4ec7087559b8692fb33b6fffd2273b","name":"inclusivenews2024","image":{"@type":"ImageObject","inLanguage":"pt-PT","@id":"https:\/\/secure.gravatar.com\/avatar\/c5a7ef84c66fa914f55bc4f7ce26cfa275a3b9a1c5568b907bd184fb4dde7b40?s=96&d=mm&r=g","url":"https:\/\/secure.gravatar.com\/avatar\/c5a7ef84c66fa914f55bc4f7ce26cfa275a3b9a1c5568b907bd184fb4dde7b40?s=96&d=mm&r=g","contentUrl":"https:\/\/secure.gravatar.com\/avatar\/c5a7ef84c66fa914f55bc4f7ce26cfa275a3b9a1c5568b907bd184fb4dde7b40?s=96&d=mm&r=g","caption":"inclusivenews2024"},"sameAs":["https:\/\/inclusivenews.com.br"],"url":"https:\/\/inclusivenews.com.br\/?author=1"}]}},"_links":{"self":[{"href":"https:\/\/inclusivenews.com.br\/index.php?rest_route=\/wp\/v2\/posts\/30272","targetHints":{"allow":["GET"]}}],"collection":[{"href":"https:\/\/inclusivenews.com.br\/index.php?rest_route=\/wp\/v2\/posts"}],"about":[{"href":"https:\/\/inclusivenews.com.br\/index.php?rest_route=\/wp\/v2\/types\/post"}],"author":[{"embeddable":true,"href":"https:\/\/inclusivenews.com.br\/index.php?rest_route=\/wp\/v2\/users\/1"}],"replies":[{"embeddable":true,"href":"https:\/\/inclusivenews.com.br\/index.php?rest_route=%2Fwp%2Fv2%2Fcomments&post=30272"}],"version-history":[{"count":0,"href":"https:\/\/inclusivenews.com.br\/index.php?rest_route=\/wp\/v2\/posts\/30272\/revisions"}],"wp:attachment":[{"href":"https:\/\/inclusivenews.com.br\/index.php?rest_route=%2Fwp%2Fv2%2Fmedia&parent=30272"}],"wp:term":[{"taxonomy":"category","embeddable":true,"href":"https:\/\/inclusivenews.com.br\/index.php?rest_route=%2Fwp%2Fv2%2Fcategories&post=30272"},{"taxonomy":"post_tag","embeddable":true,"href":"https:\/\/inclusivenews.com.br\/index.php?rest_route=%2Fwp%2Fv2%2Ftags&post=30272"}],"curies":[{"name":"wp","href":"https:\/\/api.w.org\/{rel}","templated":true}]}}