{"id":30276,"date":"2017-04-21T10:12:43","date_gmt":"2017-04-21T13:12:43","guid":{"rendered":"http:\/\/www.inclusive.org.br\/?p=30276"},"modified":"2017-04-21T10:12:43","modified_gmt":"2017-04-21T13:12:43","slug":"nota-transcendente-de-todos-os-juizes-brasileiros-e-ministerio-publico-contra-a-reforma-trabalhista","status":"publish","type":"post","link":"https:\/\/inclusivenews.com.br\/?p=30276","title":{"rendered":"Nota transcendente de todos os ju\u00edzes brasileiros e Minist\u00e9rio P\u00fablico contra a Reforma Trabalhista"},"content":{"rendered":"<p><img loading=\"lazy\" decoding=\"async\" class=\"alignnone size-full wp-image-14137\" src=\"http:\/\/inclusivenews.com.br\/wp-content\/uploads\/2010\/02\/cart-trabalho.jpg\" alt=\"Carteira de trabalho\" width=\"154\" height=\"181\" \/><\/p>\n<p>A Frente Associativa da Magistratura e do Minist\u00e9rio P\u00fablico (FRENTAS), composta pela Associa\u00e7\u00e3o Nacional dos Membros do Minist\u00e9rio P\u00fablico (CONAMP), Associa\u00e7\u00e3o Nacional dos Magistrados da Justi\u00e7a do Trabalho (Anamatra), Associa\u00e7\u00e3o Nacional dos Procuradores do Trabalho(ANPT), Associa\u00e7\u00e3o dos Ju\u00edzes Federais do Brasil (AJUFE), Associa\u00e7\u00e3o Nacional dos Procuradores da Rep\u00fablica (ANPR), Associa\u00e7\u00e3o dos Magistrados Brasileiros (AMB), Associa\u00e7\u00e3o Nacional do Minist\u00e9rio P\u00fablico Militar (ANMPM), Associa\u00e7\u00e3o dos Membros do Minist\u00e9rio P\u00fablico do Distrito Federal e Territ\u00f3rios (AMPDFT) e Associa\u00e7\u00e3o dos Magistrados do Distrito Federal e Territ\u00f3rios (AMAGIS-DF), Entidades de classe de \u00e2mbito nacional que congregam mais de 40 mil ju\u00edzes e membros do Minist\u00e9rio P\u00fablico, considerando os termos do substitutivo apresentado pelo deputado Rog\u00e9rio Marinho (PSDB-RN) no Projeto de Lei n. 6787\/2016, conhecido de todos como a Reforma Trabalhista, v\u00eam a p\u00fablico afirmar:<br \/>\nO substitutivo apresentado no referido Projeto de Lei extrapola em muito o objeto da proposta encaminhada pelo Senhor Presidente da Rep\u00fablica, mas este detalhe formal est\u00e1 longe de ser o seu problema mais grave.<br \/>\nConhecidos os seus termos, n\u00e3o h\u00e1 d\u00favida em afirmar que se cuida do maior projeto de retirada de direitos trabalhistas j\u00e1 discutido no Congresso Nacional desde o advento da CLT.<br \/>\nTrata-se de um ataque que passa pela supress\u00e3o de direitos materiais e processuais hoje constantes de lei (CLT) e at\u00e9 mesmo no que deixa de ser aplicado do C\u00f3digo Civil na an\u00e1lise da responsabilidade acident\u00e1ria, optando-se pela tarifa\u00e7\u00e3o do valor da vida humana, em v\u00e1rios pontos passando tamb\u00e9m pela evidente agress\u00e3o \u00e0 jurisprud\u00eancia consolidada dos Tribunais Regionais e do Tribunal Superior do Trabalho.<br \/>\nDe outro modo, s\u00e3o criadas\/ampliadas novas formas de contratos de trabalho prec\u00e1rio, que diminuem, em muito, direitos e remunera\u00e7\u00e3o, permitindo, inclusive, pagamento abaixo do sal\u00e1rio m\u00ednimo mensal, o que concorreria para o aumento dos j\u00e1 elevados n\u00edveis de desemprego e de rotatividade no mercado de trabalho.<br \/>\nO substitutivo, al\u00e9m do mais, busca a cada momento criar dificuldades e travas para o reconhecimento de responsabilidades do empregador, como o faz nas novas limita\u00e7\u00f5es que imp\u00f4s aos artigos 2\u00ba e 3\u00ba da CLT, podendo esconder nesses novos termos as obriga\u00e7\u00f5es de grandes empresas que j\u00e1 tiraram ou venham a tirar proveito de m\u00e3o de obra escrava.<br \/>\nLonge das tradi\u00e7\u00f5es do Direito e do Processo do Trabalho, o substitutivo cria, a todo tempo, presun\u00e7\u00f5es de que o trabalhador age de forma il\u00edcita e censur\u00e1vel na rela\u00e7\u00e3o processual, colocando a empresa como ente sacrificado por essas a\u00e7\u00f5es. Tanto assim que, em pelo menos duas ocasi\u00f5es, nega aos trabalhadores a gratuidade processual plena, mesmo reconhecida a sua hipossufici\u00eancia: quando faltar \u00e0 primeira audi\u00eancia e quando as per\u00edcias tiverem resultado negativo, retirando dos ju\u00edzes a possibilidade de exame caso a caso.<br \/>\nS\u00e3o hip\u00f3teses que mais parecem amea\u00e7as veladas, para instrumentalizar passivos sancionat\u00f3rios que a grande parte dos trabalhadores n\u00e3o teria como pagar, o que resultaria no desest\u00edmulo ao acesso \u00e0 jurisdi\u00e7\u00e3o e na elitiza\u00e7\u00e3o de uma Justi\u00e7a reconhecidamente popular.<br \/>\nMesmo sem esgotar todos os pontos, \u00e9 necess\u00e1rio dizer ainda que outras modifica\u00e7\u00f5es indevidas, como o fim do impulso processual de of\u00edcio (que produz celeridade) e a inaceit\u00e1vel inclus\u00e3o da TRD no \u00a7 7\u00ba do art. 879 como fator de corre\u00e7\u00e3o dos d\u00e9bitos trabalhistas, quando o correto &#8211; e constitucional &#8211; seria o IPCA-E, evidenciam que a proposta balizou-se marcadamente pelos interesses de apenas um lado dessa complexa rela\u00e7\u00e3o.<br \/>\nN\u00e3o bastante, o projeto trata de terceiriza\u00e7\u00e3o nas atividades meio e fim e do trabalho intermitente, condi\u00e7\u00f5es altamente precarizantes de trabalho em todo o mundo e no Brasil especialmente.<br \/>\nPor tudo isso, a Frente Associativa da Magistratura e do Minist\u00e9rio P\u00fablico (FRENTAS) conclama os senhores Deputados e as senhoras Deputadas a rejeitarem a proposta.<br \/>\nBras\u00edlia, 19 de abril de 2017<br \/>\nNorma Ang\u00e9lica Cavalcanti<br \/>\nAssocia\u00e7\u00e3o Nacional dos Membros do Minist\u00e9rio P\u00fablico (CONAMP)<br \/>\nCoordenadora da Frente Associativa da Magistratura e do Minist\u00e9rio P\u00fablico \u2013 FRENTAS<br \/>\nGermano Silveira de Siqueira<br \/>\nAssocia\u00e7\u00e3o Nacional dos Magistrados da Justi\u00e7a do Trabalho (ANAMATRA)<br \/>\nAngelo Fabiano Farias da Costa<br \/>\nAssocia\u00e7\u00e3o Nacional dos Procuradores do Trabalho (ANPT)<br \/>\nRoberto Carvalho Veloso<br \/>\nAssocia\u00e7\u00e3o dos Ju\u00edzes Federais do Brasil (AJUFE)<br \/>\nJulianne Marques<br \/>\nPresidente interina da Associa\u00e7\u00e3o dos Magistrados Brasileiros (AMB)<br \/>\nEl\u00edsio Teixeira Lima Neto<br \/>\nAssocia\u00e7\u00e3o do Minist\u00e9rio P\u00fablico do Distrito Federal e Territ\u00f3rios (AMPDFT)<br \/>\nClauro Roberto de Bortolli<br \/>\nAssocia\u00e7\u00e3o Nacional do Minist\u00e9rio P\u00fablico Militar (ANMPM)<br \/>\nJos\u00e9 Robalinho Cavalcanti<br \/>\nAssocia\u00e7\u00e3o Nacional dos Procuradores da Rep\u00fablica (ANPR)<br \/>\nF\u00e1bio Francisco Esteves<br \/>\nAssocia\u00e7\u00e3o dos Magistrados do Distrito Federal e Territ\u00f3rios (AMAGIS DF)<\/p>\n","protected":false},"excerpt":{"rendered":"<p>A Frente Associativa da Magistratura e do Minist\u00e9rio P\u00fablico (FRENTAS), composta pela Associa\u00e7\u00e3o Nacional dos Membros do Minist\u00e9rio P\u00fablico (CONAMP), Associa\u00e7\u00e3o Nacional dos Magistrados da Justi\u00e7a do Trabalho (Anamatra), Associa\u00e7\u00e3o Nacional dos Procuradores do Trabalho(ANPT), Associa\u00e7\u00e3o dos Ju\u00edzes Federais do Brasil (AJUFE), Associa\u00e7\u00e3o Nacional dos Procuradores da Rep\u00fablica (ANPR), Associa\u00e7\u00e3o dos Magistrados Brasileiros (AMB), Associa\u00e7\u00e3o [&hellip;]<\/p>\n","protected":false},"author":1,"featured_media":14137,"comment_status":"open","ping_status":"open","sticky":false,"template":"","format":"standard","meta":{"site-container-style":"default","site-container-layout":"default","site-sidebar-layout":"default","disable-article-header":"default","disable-site-header":"default","disable-site-footer":"default","disable-content-area-spacing":"default","footnotes":""},"categories":[26,46],"tags":[],"class_list":["post-30276","post","type-post","status-publish","format-standard","has-post-thumbnail","hentry","category-legislacao","category-mercado-de-trabalho"],"yoast_head":"<!-- This site is optimized with the Yoast SEO plugin v27.4 - https:\/\/yoast.com\/product\/yoast-seo-wordpress\/ -->\n<title>Nota transcendente de todos os ju\u00edzes brasileiros e Minist\u00e9rio P\u00fablico contra a Reforma Trabalhista -<\/title>\n<meta name=\"robots\" content=\"index, follow, max-snippet:-1, max-image-preview:large, max-video-preview:-1\" \/>\n<link rel=\"canonical\" href=\"https:\/\/inclusivenews.com.br\/?p=30276\" \/>\n<meta property=\"og:locale\" content=\"pt_PT\" \/>\n<meta property=\"og:type\" content=\"article\" \/>\n<meta property=\"og:title\" content=\"Nota transcendente de todos os ju\u00edzes brasileiros e Minist\u00e9rio P\u00fablico contra a Reforma Trabalhista -\" \/>\n<meta property=\"og:description\" content=\"A Frente Associativa da Magistratura e do Minist\u00e9rio P\u00fablico (FRENTAS), composta pela Associa\u00e7\u00e3o Nacional dos Membros do Minist\u00e9rio P\u00fablico (CONAMP), Associa\u00e7\u00e3o Nacional dos Magistrados da Justi\u00e7a do Trabalho (Anamatra), Associa\u00e7\u00e3o Nacional dos Procuradores do Trabalho(ANPT), Associa\u00e7\u00e3o dos Ju\u00edzes Federais do Brasil (AJUFE), Associa\u00e7\u00e3o Nacional dos Procuradores da Rep\u00fablica (ANPR), Associa\u00e7\u00e3o dos Magistrados Brasileiros (AMB), Associa\u00e7\u00e3o [&hellip;]\" \/>\n<meta property=\"og:url\" content=\"https:\/\/inclusivenews.com.br\/?p=30276\" \/>\n<meta property=\"article:publisher\" content=\"https:\/\/www.facebook.com\/agenciainclusive\/\" \/>\n<meta property=\"article:published_time\" content=\"2017-04-21T13:12:43+00:00\" \/>\n<meta name=\"author\" content=\"inclusivenews2024\" \/>\n<meta name=\"twitter:card\" content=\"summary_large_image\" \/>\n<meta name=\"twitter:label1\" content=\"Escrito por\" \/>\n\t<meta name=\"twitter:data1\" content=\"inclusivenews2024\" \/>\n\t<meta name=\"twitter:label2\" content=\"Tempo estimado de leitura\" \/>\n\t<meta name=\"twitter:data2\" content=\"4 minutos\" \/>\n<script type=\"application\/ld+json\" class=\"yoast-schema-graph\">{\"@context\":\"https:\\\/\\\/schema.org\",\"@graph\":[{\"@type\":\"Article\",\"@id\":\"https:\\\/\\\/inclusivenews.com.br\\\/?p=30276#article\",\"isPartOf\":{\"@id\":\"https:\\\/\\\/inclusivenews.com.br\\\/?p=30276\"},\"author\":{\"name\":\"inclusivenews2024\",\"@id\":\"https:\\\/\\\/inclusivenews.com.br\\\/#\\\/schema\\\/person\\\/ae4ec7087559b8692fb33b6fffd2273b\"},\"headline\":\"Nota transcendente de todos os ju\u00edzes brasileiros e Minist\u00e9rio P\u00fablico contra a Reforma Trabalhista\",\"datePublished\":\"2017-04-21T13:12:43+00:00\",\"mainEntityOfPage\":{\"@id\":\"https:\\\/\\\/inclusivenews.com.br\\\/?p=30276\"},\"wordCount\":839,\"commentCount\":0,\"publisher\":{\"@id\":\"https:\\\/\\\/inclusivenews.com.br\\\/#organization\"},\"image\":{\"@id\":\"https:\\\/\\\/inclusivenews.com.br\\\/?p=30276#primaryimage\"},\"thumbnailUrl\":\"\",\"articleSection\":[\"Legisla\u00e7\u00e3o ...\",\"Mercado de Trabalho\"],\"inLanguage\":\"pt-PT\",\"potentialAction\":[{\"@type\":\"CommentAction\",\"name\":\"Comment\",\"target\":[\"https:\\\/\\\/inclusivenews.com.br\\\/?p=30276#respond\"]}]},{\"@type\":\"WebPage\",\"@id\":\"https:\\\/\\\/inclusivenews.com.br\\\/?p=30276\",\"url\":\"https:\\\/\\\/inclusivenews.com.br\\\/?p=30276\",\"name\":\"Nota transcendente de todos os ju\u00edzes brasileiros e Minist\u00e9rio P\u00fablico contra a Reforma Trabalhista -\",\"isPartOf\":{\"@id\":\"https:\\\/\\\/inclusivenews.com.br\\\/#website\"},\"primaryImageOfPage\":{\"@id\":\"https:\\\/\\\/inclusivenews.com.br\\\/?p=30276#primaryimage\"},\"image\":{\"@id\":\"https:\\\/\\\/inclusivenews.com.br\\\/?p=30276#primaryimage\"},\"thumbnailUrl\":\"\",\"datePublished\":\"2017-04-21T13:12:43+00:00\",\"breadcrumb\":{\"@id\":\"https:\\\/\\\/inclusivenews.com.br\\\/?p=30276#breadcrumb\"},\"inLanguage\":\"pt-PT\",\"potentialAction\":[{\"@type\":\"ReadAction\",\"target\":[\"https:\\\/\\\/inclusivenews.com.br\\\/?p=30276\"]}]},{\"@type\":\"ImageObject\",\"inLanguage\":\"pt-PT\",\"@id\":\"https:\\\/\\\/inclusivenews.com.br\\\/?p=30276#primaryimage\",\"url\":\"\",\"contentUrl\":\"\"},{\"@type\":\"BreadcrumbList\",\"@id\":\"https:\\\/\\\/inclusivenews.com.br\\\/?p=30276#breadcrumb\",\"itemListElement\":[{\"@type\":\"ListItem\",\"position\":1,\"name\":\"In\u00edcio\",\"item\":\"https:\\\/\\\/inclusivenews.com.br\\\/\"},{\"@type\":\"ListItem\",\"position\":2,\"name\":\"Nota transcendente de todos os ju\u00edzes brasileiros e Minist\u00e9rio P\u00fablico contra a Reforma Trabalhista\"}]},{\"@type\":\"WebSite\",\"@id\":\"https:\\\/\\\/inclusivenews.com.br\\\/#website\",\"url\":\"https:\\\/\\\/inclusivenews.com.br\\\/\",\"name\":\"Inclusive News\",\"description\":\"Inclusive News\",\"publisher\":{\"@id\":\"https:\\\/\\\/inclusivenews.com.br\\\/#organization\"},\"potentialAction\":[{\"@type\":\"SearchAction\",\"target\":{\"@type\":\"EntryPoint\",\"urlTemplate\":\"https:\\\/\\\/inclusivenews.com.br\\\/?s={search_term_string}\"},\"query-input\":{\"@type\":\"PropertyValueSpecification\",\"valueRequired\":true,\"valueName\":\"search_term_string\"}}],\"inLanguage\":\"pt-PT\"},{\"@type\":\"Organization\",\"@id\":\"https:\\\/\\\/inclusivenews.com.br\\\/#organization\",\"name\":\"Inclusive - inclus\u00e3o e cidadania\",\"url\":\"https:\\\/\\\/inclusivenews.com.br\\\/\",\"logo\":{\"@type\":\"ImageObject\",\"inLanguage\":\"pt-PT\",\"@id\":\"https:\\\/\\\/inclusivenews.com.br\\\/#\\\/schema\\\/logo\\\/image\\\/\",\"url\":\"https:\\\/\\\/inclusivenews.com.br\\\/wp-content\\\/uploads\\\/2024\\\/03\\\/@grandesite.png\",\"contentUrl\":\"https:\\\/\\\/inclusivenews.com.br\\\/wp-content\\\/uploads\\\/2024\\\/03\\\/@grandesite.png\",\"width\":1080,\"height\":1080,\"caption\":\"Inclusive - inclus\u00e3o e cidadania\"},\"image\":{\"@id\":\"https:\\\/\\\/inclusivenews.com.br\\\/#\\\/schema\\\/logo\\\/image\\\/\"},\"sameAs\":[\"https:\\\/\\\/www.facebook.com\\\/agenciainclusive\\\/\",\"https:\\\/\\\/www.instagram.com\\\/newsinclusive\\\/\"]},{\"@type\":\"Person\",\"@id\":\"https:\\\/\\\/inclusivenews.com.br\\\/#\\\/schema\\\/person\\\/ae4ec7087559b8692fb33b6fffd2273b\",\"name\":\"inclusivenews2024\",\"image\":{\"@type\":\"ImageObject\",\"inLanguage\":\"pt-PT\",\"@id\":\"https:\\\/\\\/secure.gravatar.com\\\/avatar\\\/c5a7ef84c66fa914f55bc4f7ce26cfa275a3b9a1c5568b907bd184fb4dde7b40?s=96&d=mm&r=g\",\"url\":\"https:\\\/\\\/secure.gravatar.com\\\/avatar\\\/c5a7ef84c66fa914f55bc4f7ce26cfa275a3b9a1c5568b907bd184fb4dde7b40?s=96&d=mm&r=g\",\"contentUrl\":\"https:\\\/\\\/secure.gravatar.com\\\/avatar\\\/c5a7ef84c66fa914f55bc4f7ce26cfa275a3b9a1c5568b907bd184fb4dde7b40?s=96&d=mm&r=g\",\"caption\":\"inclusivenews2024\"},\"sameAs\":[\"https:\\\/\\\/inclusivenews.com.br\"],\"url\":\"https:\\\/\\\/inclusivenews.com.br\\\/?author=1\"}]}<\/script>\n<!-- \/ Yoast SEO plugin. -->","yoast_head_json":{"title":"Nota transcendente de todos os ju\u00edzes brasileiros e Minist\u00e9rio P\u00fablico contra a Reforma Trabalhista -","robots":{"index":"index","follow":"follow","max-snippet":"max-snippet:-1","max-image-preview":"max-image-preview:large","max-video-preview":"max-video-preview:-1"},"canonical":"https:\/\/inclusivenews.com.br\/?p=30276","og_locale":"pt_PT","og_type":"article","og_title":"Nota transcendente de todos os ju\u00edzes brasileiros e Minist\u00e9rio P\u00fablico contra a Reforma Trabalhista -","og_description":"A Frente Associativa da Magistratura e do Minist\u00e9rio P\u00fablico (FRENTAS), composta pela Associa\u00e7\u00e3o Nacional dos Membros do Minist\u00e9rio P\u00fablico (CONAMP), Associa\u00e7\u00e3o Nacional dos Magistrados da Justi\u00e7a do Trabalho (Anamatra), Associa\u00e7\u00e3o Nacional dos Procuradores do Trabalho(ANPT), Associa\u00e7\u00e3o dos Ju\u00edzes Federais do Brasil (AJUFE), Associa\u00e7\u00e3o Nacional dos Procuradores da Rep\u00fablica (ANPR), Associa\u00e7\u00e3o dos Magistrados Brasileiros (AMB), Associa\u00e7\u00e3o [&hellip;]","og_url":"https:\/\/inclusivenews.com.br\/?p=30276","article_publisher":"https:\/\/www.facebook.com\/agenciainclusive\/","article_published_time":"2017-04-21T13:12:43+00:00","author":"inclusivenews2024","twitter_card":"summary_large_image","twitter_misc":{"Escrito por":"inclusivenews2024","Tempo estimado de leitura":"4 minutos"},"schema":{"@context":"https:\/\/schema.org","@graph":[{"@type":"Article","@id":"https:\/\/inclusivenews.com.br\/?p=30276#article","isPartOf":{"@id":"https:\/\/inclusivenews.com.br\/?p=30276"},"author":{"name":"inclusivenews2024","@id":"https:\/\/inclusivenews.com.br\/#\/schema\/person\/ae4ec7087559b8692fb33b6fffd2273b"},"headline":"Nota transcendente de todos os ju\u00edzes brasileiros e Minist\u00e9rio P\u00fablico contra a Reforma Trabalhista","datePublished":"2017-04-21T13:12:43+00:00","mainEntityOfPage":{"@id":"https:\/\/inclusivenews.com.br\/?p=30276"},"wordCount":839,"commentCount":0,"publisher":{"@id":"https:\/\/inclusivenews.com.br\/#organization"},"image":{"@id":"https:\/\/inclusivenews.com.br\/?p=30276#primaryimage"},"thumbnailUrl":"","articleSection":["Legisla\u00e7\u00e3o ...","Mercado de Trabalho"],"inLanguage":"pt-PT","potentialAction":[{"@type":"CommentAction","name":"Comment","target":["https:\/\/inclusivenews.com.br\/?p=30276#respond"]}]},{"@type":"WebPage","@id":"https:\/\/inclusivenews.com.br\/?p=30276","url":"https:\/\/inclusivenews.com.br\/?p=30276","name":"Nota transcendente de todos os ju\u00edzes brasileiros e Minist\u00e9rio P\u00fablico contra a Reforma Trabalhista -","isPartOf":{"@id":"https:\/\/inclusivenews.com.br\/#website"},"primaryImageOfPage":{"@id":"https:\/\/inclusivenews.com.br\/?p=30276#primaryimage"},"image":{"@id":"https:\/\/inclusivenews.com.br\/?p=30276#primaryimage"},"thumbnailUrl":"","datePublished":"2017-04-21T13:12:43+00:00","breadcrumb":{"@id":"https:\/\/inclusivenews.com.br\/?p=30276#breadcrumb"},"inLanguage":"pt-PT","potentialAction":[{"@type":"ReadAction","target":["https:\/\/inclusivenews.com.br\/?p=30276"]}]},{"@type":"ImageObject","inLanguage":"pt-PT","@id":"https:\/\/inclusivenews.com.br\/?p=30276#primaryimage","url":"","contentUrl":""},{"@type":"BreadcrumbList","@id":"https:\/\/inclusivenews.com.br\/?p=30276#breadcrumb","itemListElement":[{"@type":"ListItem","position":1,"name":"In\u00edcio","item":"https:\/\/inclusivenews.com.br\/"},{"@type":"ListItem","position":2,"name":"Nota transcendente de todos os ju\u00edzes brasileiros e Minist\u00e9rio P\u00fablico contra a Reforma Trabalhista"}]},{"@type":"WebSite","@id":"https:\/\/inclusivenews.com.br\/#website","url":"https:\/\/inclusivenews.com.br\/","name":"Inclusive News","description":"Inclusive News","publisher":{"@id":"https:\/\/inclusivenews.com.br\/#organization"},"potentialAction":[{"@type":"SearchAction","target":{"@type":"EntryPoint","urlTemplate":"https:\/\/inclusivenews.com.br\/?s={search_term_string}"},"query-input":{"@type":"PropertyValueSpecification","valueRequired":true,"valueName":"search_term_string"}}],"inLanguage":"pt-PT"},{"@type":"Organization","@id":"https:\/\/inclusivenews.com.br\/#organization","name":"Inclusive - inclus\u00e3o e cidadania","url":"https:\/\/inclusivenews.com.br\/","logo":{"@type":"ImageObject","inLanguage":"pt-PT","@id":"https:\/\/inclusivenews.com.br\/#\/schema\/logo\/image\/","url":"https:\/\/inclusivenews.com.br\/wp-content\/uploads\/2024\/03\/@grandesite.png","contentUrl":"https:\/\/inclusivenews.com.br\/wp-content\/uploads\/2024\/03\/@grandesite.png","width":1080,"height":1080,"caption":"Inclusive - inclus\u00e3o e cidadania"},"image":{"@id":"https:\/\/inclusivenews.com.br\/#\/schema\/logo\/image\/"},"sameAs":["https:\/\/www.facebook.com\/agenciainclusive\/","https:\/\/www.instagram.com\/newsinclusive\/"]},{"@type":"Person","@id":"https:\/\/inclusivenews.com.br\/#\/schema\/person\/ae4ec7087559b8692fb33b6fffd2273b","name":"inclusivenews2024","image":{"@type":"ImageObject","inLanguage":"pt-PT","@id":"https:\/\/secure.gravatar.com\/avatar\/c5a7ef84c66fa914f55bc4f7ce26cfa275a3b9a1c5568b907bd184fb4dde7b40?s=96&d=mm&r=g","url":"https:\/\/secure.gravatar.com\/avatar\/c5a7ef84c66fa914f55bc4f7ce26cfa275a3b9a1c5568b907bd184fb4dde7b40?s=96&d=mm&r=g","contentUrl":"https:\/\/secure.gravatar.com\/avatar\/c5a7ef84c66fa914f55bc4f7ce26cfa275a3b9a1c5568b907bd184fb4dde7b40?s=96&d=mm&r=g","caption":"inclusivenews2024"},"sameAs":["https:\/\/inclusivenews.com.br"],"url":"https:\/\/inclusivenews.com.br\/?author=1"}]}},"_links":{"self":[{"href":"https:\/\/inclusivenews.com.br\/index.php?rest_route=\/wp\/v2\/posts\/30276","targetHints":{"allow":["GET"]}}],"collection":[{"href":"https:\/\/inclusivenews.com.br\/index.php?rest_route=\/wp\/v2\/posts"}],"about":[{"href":"https:\/\/inclusivenews.com.br\/index.php?rest_route=\/wp\/v2\/types\/post"}],"author":[{"embeddable":true,"href":"https:\/\/inclusivenews.com.br\/index.php?rest_route=\/wp\/v2\/users\/1"}],"replies":[{"embeddable":true,"href":"https:\/\/inclusivenews.com.br\/index.php?rest_route=%2Fwp%2Fv2%2Fcomments&post=30276"}],"version-history":[{"count":0,"href":"https:\/\/inclusivenews.com.br\/index.php?rest_route=\/wp\/v2\/posts\/30276\/revisions"}],"wp:featuredmedia":[{"embeddable":true,"href":"https:\/\/inclusivenews.com.br\/index.php?rest_route=\/"}],"wp:attachment":[{"href":"https:\/\/inclusivenews.com.br\/index.php?rest_route=%2Fwp%2Fv2%2Fmedia&parent=30276"}],"wp:term":[{"taxonomy":"category","embeddable":true,"href":"https:\/\/inclusivenews.com.br\/index.php?rest_route=%2Fwp%2Fv2%2Fcategories&post=30276"},{"taxonomy":"post_tag","embeddable":true,"href":"https:\/\/inclusivenews.com.br\/index.php?rest_route=%2Fwp%2Fv2%2Ftags&post=30276"}],"curies":[{"name":"wp","href":"https:\/\/api.w.org\/{rel}","templated":true}]}}