{"id":30286,"date":"2017-05-05T12:14:50","date_gmt":"2017-05-05T15:14:50","guid":{"rendered":"http:\/\/www.inclusive.org.br\/?p=30286"},"modified":"2017-05-05T12:14:50","modified_gmt":"2017-05-05T15:14:50","slug":"premio-educador-nota-10-abre-inscricoes-para-sua-20a-edicao","status":"publish","type":"post","link":"https:\/\/inclusivenews.com.br\/?p=30286","title":{"rendered":"Pr\u00eamio Educador Nota 10 abre inscri\u00e7\u00f5es para sua 20\u00aa edi\u00e7\u00e3o"},"content":{"rendered":"<p class=\"m_-4459594659618060093wordsection1\" style=\"text-align: left;\" align=\"center\"><img decoding=\"async\" src=\"http:\/\/www.fvc.org.br\/educadornota10\/img\/layout\/logo-educadornota10.png\" alt=\"Image result for premio educador nota 10\" \/><\/p>\n<p class=\"m_-4459594659618060093wordsection1\" style=\"text-align: left;\" align=\"center\">Criado para valorizar e disseminar boas pr\u00e1ticas na \u00e1rea de Educa\u00e7\u00e3o pelo Brasil, o Pr\u00eamio Educador Nota 10 chega a sua 20\u00aa edi\u00e7\u00e3o em 2017. Iniciativa mais longeva na \u00e1rea, a premia\u00e7\u00e3o deste ano receber\u00e1 inscri\u00e7\u00f5es entre os dias 1\u00ba de maio e 12 de junho, atrav\u00e9s do site\u00a0<a href=\"http:\/\/www.educadornota10.org.br\/\" target=\"_blank\" data-saferedirecturl=\"https:\/\/www.google.com\/url?hl=en&amp;q=http:\/\/www.educadornota10.org.br&amp;source=gmail&amp;ust=1494082531978000&amp;usg=AFQjCNGbUrJidmje5k_vsFGGrpVLRUiPhA\" rel=\"noopener\">www.educadornota10.org.br<\/a>. Ao longo de sua hist\u00f3ria, o Educador Nota 10 j\u00e1 contemplou 211 profissionais, entre professores e gestores escolares, com pr\u00eamios que somam R$ 2,4 milh\u00f5es. O Pr\u00eamio \u00e9 uma iniciativa da Globo e do Grupo Abril, organizado pela Funda\u00e7\u00e3o Victor Civita em parceria com a Funda\u00e7\u00e3o Roberto Marinho, com apoio da Associa\u00e7\u00e3o Nova Escola e patroc\u00ednio da Funda\u00e7\u00e3o Lemann, Somos Educa\u00e7\u00e3o e Faber Castell.<\/p>\n<p class=\"m_-4459594659618060093wordsection1\">Podem se inscrever gestores educacionais e professores da Educa\u00e7\u00e3o Infantil, do 1\u00ba ao 9\u00ba ano do Ensino Fundamental (incluindo Educa\u00e7\u00e3o de Jovens e Adultos \u2013 EJA). A edi\u00e7\u00e3o deste ano estar\u00e1 aberta tamb\u00e9m a educadores do Ensino M\u00e9dio, do 1\u00ba ao 3\u00ba ano. Desde a cria\u00e7\u00e3o do Pr\u00eamio, em 1998, j\u00e1 foram inscritos mais de 56 mil projetos. Os trabalhos inscritos devem ter sido realizados no ano letivo de 2016 ou terminar at\u00e9 o final do primeiro semestre de 2017. Todos eles precisam ser comprovados, caso seja solicitado.\u00a0<u><\/u><u><\/u><\/p>\n<p class=\"m_-4459594659618060093wordsection1\">Uma comiss\u00e3o indicada pela organiza\u00e7\u00e3o do Pr\u00eamio selecionar\u00e1 50 projetos finalistas, de onde sair\u00e3o os 10 vencedores de 2017. Os 50 finalistas ganhar\u00e3o uma assinatura anual do site NOVA ESCOLA CLUBE, com acesso \u00e0s revistas NOVA ESCOLA e GEST\u00c3O ESCOLAR digitais. J\u00e1 os 10 vencedores receber\u00e3o R$ 15 mil cada um e um vale-presente de R$ 1 mil para a escola onde o projeto foi aplicado. O Educador do Ano ser\u00e1 premiado com mais R$ 15 mil e um vale-presente de R$ 5 mil para a escola onde trabalha.<u><\/u><u><\/u><\/p>\n<p class=\"m_-4459594659618060093wordsection1\">Ao longo dos 20 anos, S\u00e3o Paulo foi o estado que mais inscreveu professores (foram 15.311) na hist\u00f3ria do Pr\u00eamio Educador Nota 10, seguido por Minas Gerais (6.259), Paran\u00e1 (5.095), Rio Grande do Sul (4.059), Santa Catarina (3.976) e Rio de Janeiro (3.310). O principal perfil de inscritos \u00e9 de professoras de escolas p\u00fablicas do sexo feminino, com p\u00f3s-gradua\u00e7\u00e3o: s\u00e3o 19.865 contra 17.141 com ensino superior completo. O levantamento foi feito pela Funda\u00e7\u00e3o Victor Civita.<u><\/u><u><\/u><\/p>\n<p class=\"m_-4459594659618060093wordsection1\">O edital completo est\u00e1 dispon\u00edvel no site do Pr\u00eamio: <a href=\"http:\/\/www.educadornota10.org.br\/\" target=\"_blank\" data-saferedirecturl=\"https:\/\/www.google.com\/url?hl=en&amp;q=http:\/\/www.educadornota10.org.br&amp;source=gmail&amp;ust=1494082531978000&amp;usg=AFQjCNGbUrJidmje5k_vsFGGrpVLRUiPhA\" rel=\"noopener\">www.educadornota10.org.br<\/a>. O prazo de inscri\u00e7\u00f5es vai at\u00e9 12 de junho.<u><\/u><u><\/u><\/p>\n<p class=\"m_-4459594659618060093wordsection1\"><b>Trag\u00e9dia do Rio Doce inspirou Educador do Ano de 2016<\/b><u><\/u><u><\/u><\/p>\n<p class=\"m_-4459594659618060093wordsection1\">Um projeto pensado a partir de um acidente ambiental \u2013 a contamina\u00e7\u00e3o do Rio Doce ap\u00f3s o rompimento da barragem de Mariana \u2013 foi o grande vencedor da premia\u00e7\u00e3o de 2016. O professor capixaba Wemerson da Silva Nogueira, de 25 anos, desenvolveu uma metodologia para que seus alunos entendessem melhor a tabela peri\u00f3dica a partir da an\u00e1lise de mostras da \u00e1gua colhidas em diferentes pontos do rio. Ele e sua turma tamb\u00e9m desenvolveram um filtro para melhor a qualidade da \u00e1gua em comunidades que vivem em regi\u00f5es contaminadas.<u><\/u><u><\/u><\/p>\n<p class=\"m_-4459594659618060093wordsection1\">Este ano, Wemerson foi o \u00fanico brasileiro entre os 10 finalistas do Global Teacher Prize, uma esp\u00e9cie de Nobel da Educa\u00e7\u00e3o, entregue em mar\u00e7o, em Dubai.<u><\/u><u><\/u><\/p>\n<p class=\"m_-4459594659618060093wordsection1\">Em 2016, a 19\u00aa edi\u00e7\u00e3o do Educador Nota 10 registrou 4.221 inscri\u00e7\u00f5es, n\u00famero 16% maior que o de inscritos em 2015 e o maior desde 2008.\u00a0\u00a0<u><\/u><u><\/u><\/p>\n<p class=\"m_-4459594659618060093wordsection1\"><b><u><\/u>\u00a0<u><\/u><\/b><\/p>\n<p class=\"m_-4459594659618060093wordsection1\">\n","protected":false},"excerpt":{"rendered":"<p>Criado para valorizar e disseminar boas pr\u00e1ticas na \u00e1rea de Educa\u00e7\u00e3o pelo Brasil, o Pr\u00eamio Educador Nota 10 chega a sua 20\u00aa edi\u00e7\u00e3o em 2017. Iniciativa mais longeva na \u00e1rea, a premia\u00e7\u00e3o deste ano receber\u00e1 inscri\u00e7\u00f5es entre os dias 1\u00ba de maio e 12 de junho, atrav\u00e9s do site\u00a0www.educadornota10.org.br. Ao longo de sua hist\u00f3ria, o [&hellip;]<\/p>\n","protected":false},"author":1,"featured_media":0,"comment_status":"open","ping_status":"open","sticky":false,"template":"","format":"standard","meta":{"site-container-style":"default","site-container-layout":"default","site-sidebar-layout":"default","disable-article-header":"default","disable-site-header":"default","disable-site-footer":"default","disable-content-area-spacing":"default","footnotes":""},"categories":[6],"tags":[],"class_list":["post-30286","post","type-post","status-publish","format-standard","hentry","category-educacao"],"yoast_head":"<!-- This site is optimized with the Yoast SEO plugin v27.4 - https:\/\/yoast.com\/product\/yoast-seo-wordpress\/ -->\n<title>Pr\u00eamio Educador Nota 10 abre inscri\u00e7\u00f5es para sua 20\u00aa edi\u00e7\u00e3o -<\/title>\n<meta name=\"robots\" content=\"index, follow, max-snippet:-1, max-image-preview:large, max-video-preview:-1\" \/>\n<link rel=\"canonical\" href=\"https:\/\/inclusivenews.com.br\/?p=30286\" \/>\n<meta property=\"og:locale\" content=\"pt_PT\" \/>\n<meta property=\"og:type\" content=\"article\" \/>\n<meta property=\"og:title\" content=\"Pr\u00eamio Educador Nota 10 abre inscri\u00e7\u00f5es para sua 20\u00aa edi\u00e7\u00e3o -\" \/>\n<meta property=\"og:description\" content=\"Criado para valorizar e disseminar boas pr\u00e1ticas na \u00e1rea de Educa\u00e7\u00e3o pelo Brasil, o Pr\u00eamio Educador Nota 10 chega a sua 20\u00aa edi\u00e7\u00e3o em 2017. Iniciativa mais longeva na \u00e1rea, a premia\u00e7\u00e3o deste ano receber\u00e1 inscri\u00e7\u00f5es entre os dias 1\u00ba de maio e 12 de junho, atrav\u00e9s do site\u00a0www.educadornota10.org.br. Ao longo de sua hist\u00f3ria, o [&hellip;]\" \/>\n<meta property=\"og:url\" content=\"https:\/\/inclusivenews.com.br\/?p=30286\" \/>\n<meta property=\"article:publisher\" content=\"https:\/\/www.facebook.com\/agenciainclusive\/\" \/>\n<meta property=\"article:published_time\" content=\"2017-05-05T15:14:50+00:00\" \/>\n<meta property=\"og:image\" content=\"http:\/\/www.fvc.org.br\/educadornota10\/img\/layout\/logo-educadornota10.png\" \/>\n<meta name=\"author\" content=\"inclusivenews2024\" \/>\n<meta name=\"twitter:card\" content=\"summary_large_image\" \/>\n<meta name=\"twitter:label1\" content=\"Escrito por\" \/>\n\t<meta name=\"twitter:data1\" content=\"inclusivenews2024\" \/>\n\t<meta name=\"twitter:label2\" content=\"Tempo estimado de leitura\" \/>\n\t<meta name=\"twitter:data2\" content=\"3 minutos\" \/>\n<script type=\"application\/ld+json\" class=\"yoast-schema-graph\">{\"@context\":\"https:\\\/\\\/schema.org\",\"@graph\":[{\"@type\":\"Article\",\"@id\":\"https:\\\/\\\/inclusivenews.com.br\\\/?p=30286#article\",\"isPartOf\":{\"@id\":\"https:\\\/\\\/inclusivenews.com.br\\\/?p=30286\"},\"author\":{\"name\":\"inclusivenews2024\",\"@id\":\"https:\\\/\\\/inclusivenews.com.br\\\/#\\\/schema\\\/person\\\/ae4ec7087559b8692fb33b6fffd2273b\"},\"headline\":\"Pr\u00eamio Educador Nota 10 abre inscri\u00e7\u00f5es para sua 20\u00aa edi\u00e7\u00e3o\",\"datePublished\":\"2017-05-05T15:14:50+00:00\",\"mainEntityOfPage\":{\"@id\":\"https:\\\/\\\/inclusivenews.com.br\\\/?p=30286\"},\"wordCount\":556,\"commentCount\":1,\"publisher\":{\"@id\":\"https:\\\/\\\/inclusivenews.com.br\\\/#organization\"},\"image\":{\"@id\":\"https:\\\/\\\/inclusivenews.com.br\\\/?p=30286#primaryimage\"},\"thumbnailUrl\":\"http:\\\/\\\/www.fvc.org.br\\\/educadornota10\\\/img\\\/layout\\\/logo-educadornota10.png\",\"articleSection\":[\"EDUCA\u00c7\u00c3O\"],\"inLanguage\":\"pt-PT\",\"potentialAction\":[{\"@type\":\"CommentAction\",\"name\":\"Comment\",\"target\":[\"https:\\\/\\\/inclusivenews.com.br\\\/?p=30286#respond\"]}]},{\"@type\":\"WebPage\",\"@id\":\"https:\\\/\\\/inclusivenews.com.br\\\/?p=30286\",\"url\":\"https:\\\/\\\/inclusivenews.com.br\\\/?p=30286\",\"name\":\"Pr\u00eamio Educador Nota 10 abre inscri\u00e7\u00f5es para sua 20\u00aa edi\u00e7\u00e3o -\",\"isPartOf\":{\"@id\":\"https:\\\/\\\/inclusivenews.com.br\\\/#website\"},\"primaryImageOfPage\":{\"@id\":\"https:\\\/\\\/inclusivenews.com.br\\\/?p=30286#primaryimage\"},\"image\":{\"@id\":\"https:\\\/\\\/inclusivenews.com.br\\\/?p=30286#primaryimage\"},\"thumbnailUrl\":\"http:\\\/\\\/www.fvc.org.br\\\/educadornota10\\\/img\\\/layout\\\/logo-educadornota10.png\",\"datePublished\":\"2017-05-05T15:14:50+00:00\",\"breadcrumb\":{\"@id\":\"https:\\\/\\\/inclusivenews.com.br\\\/?p=30286#breadcrumb\"},\"inLanguage\":\"pt-PT\",\"potentialAction\":[{\"@type\":\"ReadAction\",\"target\":[\"https:\\\/\\\/inclusivenews.com.br\\\/?p=30286\"]}]},{\"@type\":\"ImageObject\",\"inLanguage\":\"pt-PT\",\"@id\":\"https:\\\/\\\/inclusivenews.com.br\\\/?p=30286#primaryimage\",\"url\":\"http:\\\/\\\/www.fvc.org.br\\\/educadornota10\\\/img\\\/layout\\\/logo-educadornota10.png\",\"contentUrl\":\"http:\\\/\\\/www.fvc.org.br\\\/educadornota10\\\/img\\\/layout\\\/logo-educadornota10.png\"},{\"@type\":\"BreadcrumbList\",\"@id\":\"https:\\\/\\\/inclusivenews.com.br\\\/?p=30286#breadcrumb\",\"itemListElement\":[{\"@type\":\"ListItem\",\"position\":1,\"name\":\"In\u00edcio\",\"item\":\"https:\\\/\\\/inclusivenews.com.br\\\/\"},{\"@type\":\"ListItem\",\"position\":2,\"name\":\"Pr\u00eamio Educador Nota 10 abre inscri\u00e7\u00f5es para sua 20\u00aa edi\u00e7\u00e3o\"}]},{\"@type\":\"WebSite\",\"@id\":\"https:\\\/\\\/inclusivenews.com.br\\\/#website\",\"url\":\"https:\\\/\\\/inclusivenews.com.br\\\/\",\"name\":\"Inclusive News\",\"description\":\"Inclusive News\",\"publisher\":{\"@id\":\"https:\\\/\\\/inclusivenews.com.br\\\/#organization\"},\"potentialAction\":[{\"@type\":\"SearchAction\",\"target\":{\"@type\":\"EntryPoint\",\"urlTemplate\":\"https:\\\/\\\/inclusivenews.com.br\\\/?s={search_term_string}\"},\"query-input\":{\"@type\":\"PropertyValueSpecification\",\"valueRequired\":true,\"valueName\":\"search_term_string\"}}],\"inLanguage\":\"pt-PT\"},{\"@type\":\"Organization\",\"@id\":\"https:\\\/\\\/inclusivenews.com.br\\\/#organization\",\"name\":\"Inclusive - inclus\u00e3o e cidadania\",\"url\":\"https:\\\/\\\/inclusivenews.com.br\\\/\",\"logo\":{\"@type\":\"ImageObject\",\"inLanguage\":\"pt-PT\",\"@id\":\"https:\\\/\\\/inclusivenews.com.br\\\/#\\\/schema\\\/logo\\\/image\\\/\",\"url\":\"https:\\\/\\\/inclusivenews.com.br\\\/wp-content\\\/uploads\\\/2024\\\/03\\\/@grandesite.png\",\"contentUrl\":\"https:\\\/\\\/inclusivenews.com.br\\\/wp-content\\\/uploads\\\/2024\\\/03\\\/@grandesite.png\",\"width\":1080,\"height\":1080,\"caption\":\"Inclusive - inclus\u00e3o e cidadania\"},\"image\":{\"@id\":\"https:\\\/\\\/inclusivenews.com.br\\\/#\\\/schema\\\/logo\\\/image\\\/\"},\"sameAs\":[\"https:\\\/\\\/www.facebook.com\\\/agenciainclusive\\\/\",\"https:\\\/\\\/www.instagram.com\\\/newsinclusive\\\/\"]},{\"@type\":\"Person\",\"@id\":\"https:\\\/\\\/inclusivenews.com.br\\\/#\\\/schema\\\/person\\\/ae4ec7087559b8692fb33b6fffd2273b\",\"name\":\"inclusivenews2024\",\"image\":{\"@type\":\"ImageObject\",\"inLanguage\":\"pt-PT\",\"@id\":\"https:\\\/\\\/secure.gravatar.com\\\/avatar\\\/c5a7ef84c66fa914f55bc4f7ce26cfa275a3b9a1c5568b907bd184fb4dde7b40?s=96&d=mm&r=g\",\"url\":\"https:\\\/\\\/secure.gravatar.com\\\/avatar\\\/c5a7ef84c66fa914f55bc4f7ce26cfa275a3b9a1c5568b907bd184fb4dde7b40?s=96&d=mm&r=g\",\"contentUrl\":\"https:\\\/\\\/secure.gravatar.com\\\/avatar\\\/c5a7ef84c66fa914f55bc4f7ce26cfa275a3b9a1c5568b907bd184fb4dde7b40?s=96&d=mm&r=g\",\"caption\":\"inclusivenews2024\"},\"sameAs\":[\"https:\\\/\\\/inclusivenews.com.br\"],\"url\":\"https:\\\/\\\/inclusivenews.com.br\\\/?author=1\"}]}<\/script>\n<!-- \/ Yoast SEO plugin. -->","yoast_head_json":{"title":"Pr\u00eamio Educador Nota 10 abre inscri\u00e7\u00f5es para sua 20\u00aa edi\u00e7\u00e3o -","robots":{"index":"index","follow":"follow","max-snippet":"max-snippet:-1","max-image-preview":"max-image-preview:large","max-video-preview":"max-video-preview:-1"},"canonical":"https:\/\/inclusivenews.com.br\/?p=30286","og_locale":"pt_PT","og_type":"article","og_title":"Pr\u00eamio Educador Nota 10 abre inscri\u00e7\u00f5es para sua 20\u00aa edi\u00e7\u00e3o -","og_description":"Criado para valorizar e disseminar boas pr\u00e1ticas na \u00e1rea de Educa\u00e7\u00e3o pelo Brasil, o Pr\u00eamio Educador Nota 10 chega a sua 20\u00aa edi\u00e7\u00e3o em 2017. Iniciativa mais longeva na \u00e1rea, a premia\u00e7\u00e3o deste ano receber\u00e1 inscri\u00e7\u00f5es entre os dias 1\u00ba de maio e 12 de junho, atrav\u00e9s do site\u00a0www.educadornota10.org.br. Ao longo de sua hist\u00f3ria, o [&hellip;]","og_url":"https:\/\/inclusivenews.com.br\/?p=30286","article_publisher":"https:\/\/www.facebook.com\/agenciainclusive\/","article_published_time":"2017-05-05T15:14:50+00:00","og_image":[{"url":"http:\/\/www.fvc.org.br\/educadornota10\/img\/layout\/logo-educadornota10.png","type":"","width":"","height":""}],"author":"inclusivenews2024","twitter_card":"summary_large_image","twitter_misc":{"Escrito por":"inclusivenews2024","Tempo estimado de leitura":"3 minutos"},"schema":{"@context":"https:\/\/schema.org","@graph":[{"@type":"Article","@id":"https:\/\/inclusivenews.com.br\/?p=30286#article","isPartOf":{"@id":"https:\/\/inclusivenews.com.br\/?p=30286"},"author":{"name":"inclusivenews2024","@id":"https:\/\/inclusivenews.com.br\/#\/schema\/person\/ae4ec7087559b8692fb33b6fffd2273b"},"headline":"Pr\u00eamio Educador Nota 10 abre inscri\u00e7\u00f5es para sua 20\u00aa edi\u00e7\u00e3o","datePublished":"2017-05-05T15:14:50+00:00","mainEntityOfPage":{"@id":"https:\/\/inclusivenews.com.br\/?p=30286"},"wordCount":556,"commentCount":1,"publisher":{"@id":"https:\/\/inclusivenews.com.br\/#organization"},"image":{"@id":"https:\/\/inclusivenews.com.br\/?p=30286#primaryimage"},"thumbnailUrl":"http:\/\/www.fvc.org.br\/educadornota10\/img\/layout\/logo-educadornota10.png","articleSection":["EDUCA\u00c7\u00c3O"],"inLanguage":"pt-PT","potentialAction":[{"@type":"CommentAction","name":"Comment","target":["https:\/\/inclusivenews.com.br\/?p=30286#respond"]}]},{"@type":"WebPage","@id":"https:\/\/inclusivenews.com.br\/?p=30286","url":"https:\/\/inclusivenews.com.br\/?p=30286","name":"Pr\u00eamio Educador Nota 10 abre inscri\u00e7\u00f5es para sua 20\u00aa edi\u00e7\u00e3o -","isPartOf":{"@id":"https:\/\/inclusivenews.com.br\/#website"},"primaryImageOfPage":{"@id":"https:\/\/inclusivenews.com.br\/?p=30286#primaryimage"},"image":{"@id":"https:\/\/inclusivenews.com.br\/?p=30286#primaryimage"},"thumbnailUrl":"http:\/\/www.fvc.org.br\/educadornota10\/img\/layout\/logo-educadornota10.png","datePublished":"2017-05-05T15:14:50+00:00","breadcrumb":{"@id":"https:\/\/inclusivenews.com.br\/?p=30286#breadcrumb"},"inLanguage":"pt-PT","potentialAction":[{"@type":"ReadAction","target":["https:\/\/inclusivenews.com.br\/?p=30286"]}]},{"@type":"ImageObject","inLanguage":"pt-PT","@id":"https:\/\/inclusivenews.com.br\/?p=30286#primaryimage","url":"http:\/\/www.fvc.org.br\/educadornota10\/img\/layout\/logo-educadornota10.png","contentUrl":"http:\/\/www.fvc.org.br\/educadornota10\/img\/layout\/logo-educadornota10.png"},{"@type":"BreadcrumbList","@id":"https:\/\/inclusivenews.com.br\/?p=30286#breadcrumb","itemListElement":[{"@type":"ListItem","position":1,"name":"In\u00edcio","item":"https:\/\/inclusivenews.com.br\/"},{"@type":"ListItem","position":2,"name":"Pr\u00eamio Educador Nota 10 abre inscri\u00e7\u00f5es para sua 20\u00aa edi\u00e7\u00e3o"}]},{"@type":"WebSite","@id":"https:\/\/inclusivenews.com.br\/#website","url":"https:\/\/inclusivenews.com.br\/","name":"Inclusive News","description":"Inclusive News","publisher":{"@id":"https:\/\/inclusivenews.com.br\/#organization"},"potentialAction":[{"@type":"SearchAction","target":{"@type":"EntryPoint","urlTemplate":"https:\/\/inclusivenews.com.br\/?s={search_term_string}"},"query-input":{"@type":"PropertyValueSpecification","valueRequired":true,"valueName":"search_term_string"}}],"inLanguage":"pt-PT"},{"@type":"Organization","@id":"https:\/\/inclusivenews.com.br\/#organization","name":"Inclusive - inclus\u00e3o e cidadania","url":"https:\/\/inclusivenews.com.br\/","logo":{"@type":"ImageObject","inLanguage":"pt-PT","@id":"https:\/\/inclusivenews.com.br\/#\/schema\/logo\/image\/","url":"https:\/\/inclusivenews.com.br\/wp-content\/uploads\/2024\/03\/@grandesite.png","contentUrl":"https:\/\/inclusivenews.com.br\/wp-content\/uploads\/2024\/03\/@grandesite.png","width":1080,"height":1080,"caption":"Inclusive - inclus\u00e3o e cidadania"},"image":{"@id":"https:\/\/inclusivenews.com.br\/#\/schema\/logo\/image\/"},"sameAs":["https:\/\/www.facebook.com\/agenciainclusive\/","https:\/\/www.instagram.com\/newsinclusive\/"]},{"@type":"Person","@id":"https:\/\/inclusivenews.com.br\/#\/schema\/person\/ae4ec7087559b8692fb33b6fffd2273b","name":"inclusivenews2024","image":{"@type":"ImageObject","inLanguage":"pt-PT","@id":"https:\/\/secure.gravatar.com\/avatar\/c5a7ef84c66fa914f55bc4f7ce26cfa275a3b9a1c5568b907bd184fb4dde7b40?s=96&d=mm&r=g","url":"https:\/\/secure.gravatar.com\/avatar\/c5a7ef84c66fa914f55bc4f7ce26cfa275a3b9a1c5568b907bd184fb4dde7b40?s=96&d=mm&r=g","contentUrl":"https:\/\/secure.gravatar.com\/avatar\/c5a7ef84c66fa914f55bc4f7ce26cfa275a3b9a1c5568b907bd184fb4dde7b40?s=96&d=mm&r=g","caption":"inclusivenews2024"},"sameAs":["https:\/\/inclusivenews.com.br"],"url":"https:\/\/inclusivenews.com.br\/?author=1"}]}},"_links":{"self":[{"href":"https:\/\/inclusivenews.com.br\/index.php?rest_route=\/wp\/v2\/posts\/30286","targetHints":{"allow":["GET"]}}],"collection":[{"href":"https:\/\/inclusivenews.com.br\/index.php?rest_route=\/wp\/v2\/posts"}],"about":[{"href":"https:\/\/inclusivenews.com.br\/index.php?rest_route=\/wp\/v2\/types\/post"}],"author":[{"embeddable":true,"href":"https:\/\/inclusivenews.com.br\/index.php?rest_route=\/wp\/v2\/users\/1"}],"replies":[{"embeddable":true,"href":"https:\/\/inclusivenews.com.br\/index.php?rest_route=%2Fwp%2Fv2%2Fcomments&post=30286"}],"version-history":[{"count":0,"href":"https:\/\/inclusivenews.com.br\/index.php?rest_route=\/wp\/v2\/posts\/30286\/revisions"}],"wp:attachment":[{"href":"https:\/\/inclusivenews.com.br\/index.php?rest_route=%2Fwp%2Fv2%2Fmedia&parent=30286"}],"wp:term":[{"taxonomy":"category","embeddable":true,"href":"https:\/\/inclusivenews.com.br\/index.php?rest_route=%2Fwp%2Fv2%2Fcategories&post=30286"},{"taxonomy":"post_tag","embeddable":true,"href":"https:\/\/inclusivenews.com.br\/index.php?rest_route=%2Fwp%2Fv2%2Ftags&post=30286"}],"curies":[{"name":"wp","href":"https:\/\/api.w.org\/{rel}","templated":true}]}}